{"id":68832,"date":"2024-08-20T11:50:33","date_gmt":"2024-08-20T14:50:33","guid":{"rendered":"https:\/\/jornalrol.com.br\/?p=68832"},"modified":"2024-08-20T11:51:53","modified_gmt":"2024-08-20T14:51:53","slug":"que-dia-comecamos-a-nos-tornar-neuroticos","status":"publish","type":"post","link":"http:\/\/jornalrol.com.br\/?p=68832","title":{"rendered":"Que dia come\u00e7amos a nos tornar neur\u00f3ticos?"},"content":{"rendered":"<div class=\"pdfprnt-buttons pdfprnt-buttons-post pdfprnt-top-right\"><a href=\"http:\/\/jornalrol.com.br\/index.php?rest_route=%2Fwp%2Fv2%2Fposts%2F68832&print=pdf\" class=\"pdfprnt-button pdfprnt-button-pdf\" target=\"_blank\" ><\/a><a href=\"http:\/\/jornalrol.com.br\/index.php?rest_route=%2Fwp%2Fv2%2Fposts%2F68832&print=print\" class=\"pdfprnt-button pdfprnt-button-print\" target=\"_blank\" ><img decoding=\"async\" src=\"https:\/\/jornalrol.com.br\/wp-content\/plugins\/pdf-print\/images\/print.png\" alt=\"image_print\" title=\"Conte\u00fado de impress\u00e3o\" \/><\/a><\/div>\n<h2 class=\"wp-block-heading has-text-align-center\">Lina Veira: &#8216;Que dia come\u00e7amos a nos tornar neur\u00f3ticos?&#8217;<br><br><\/h2>\n\n\n<div class=\"wp-block-image is-style-rounded\">\n<figure class=\"aligncenter size-full is-resized\"><img loading=\"lazy\" decoding=\"async\" width=\"1077\" height=\"1288\" data-attachment-id=\"68378\" data-permalink=\"http:\/\/jornalrol.com.br\/?attachment_id=68378\" data-orig-file=\"http:\/\/jornalrol.com.br\/wp-content\/uploads\/2024\/07\/86e1c88f-c57d-4885-b08b-a74037aad483.jpeg\" data-orig-size=\"1077,1288\" data-comments-opened=\"1\" data-image-meta=\"{&quot;aperture&quot;:&quot;0&quot;,&quot;credit&quot;:&quot;&quot;,&quot;camera&quot;:&quot;&quot;,&quot;caption&quot;:&quot;&quot;,&quot;created_timestamp&quot;:&quot;0&quot;,&quot;copyright&quot;:&quot;&quot;,&quot;focal_length&quot;:&quot;0&quot;,&quot;iso&quot;:&quot;0&quot;,&quot;shutter_speed&quot;:&quot;0&quot;,&quot;title&quot;:&quot;&quot;,&quot;orientation&quot;:&quot;0&quot;}\" data-image-title=\"86e1c88f-c57d-4885-b08b-a74037aad483\" data-image-description=\"&lt;p&gt;Lina Veira&lt;\/p&gt;\n\" data-image-caption=\"&lt;p&gt;Lina Veira&lt;\/p&gt;\n\" data-large-file=\"http:\/\/jornalrol.com.br\/wp-content\/uploads\/2024\/07\/86e1c88f-c57d-4885-b08b-a74037aad483.jpeg\" src=\"http:\/\/jornalrol.com.br\/wp-content\/uploads\/2024\/07\/86e1c88f-c57d-4885-b08b-a74037aad483.jpeg\" alt=\"Lina Veira\" class=\"wp-image-68378\" style=\"width:132px;height:auto\" srcset=\"http:\/\/jornalrol.com.br\/wp-content\/uploads\/2024\/07\/86e1c88f-c57d-4885-b08b-a74037aad483.jpeg 1077w, http:\/\/jornalrol.com.br\/wp-content\/uploads\/2024\/07\/86e1c88f-c57d-4885-b08b-a74037aad483-1003x1200.jpeg 1003w, http:\/\/jornalrol.com.br\/wp-content\/uploads\/2024\/07\/86e1c88f-c57d-4885-b08b-a74037aad483-768x918.jpeg 768w\" sizes=\"auto, (max-width: 1077px) 100vw, 1077px\" \/><figcaption class=\"wp-element-caption\">Lina Veira<\/figcaption><\/figure>\n<\/div>\n\n<div class=\"wp-block-image\">\n<figure class=\"aligncenter size-full is-resized\"><img loading=\"lazy\" decoding=\"async\" width=\"512\" height=\"512\" data-attachment-id=\"68838\" data-permalink=\"http:\/\/jornalrol.com.br\/?attachment_id=68838\" data-orig-file=\"http:\/\/jornalrol.com.br\/wp-content\/uploads\/2024\/08\/OIG4.VT566q.jpg\" data-orig-size=\"512,512\" data-comments-opened=\"1\" data-image-meta=\"{&quot;aperture&quot;:&quot;0&quot;,&quot;credit&quot;:&quot;&quot;,&quot;camera&quot;:&quot;&quot;,&quot;caption&quot;:&quot;&quot;,&quot;created_timestamp&quot;:&quot;0&quot;,&quot;copyright&quot;:&quot;&quot;,&quot;focal_length&quot;:&quot;0&quot;,&quot;iso&quot;:&quot;0&quot;,&quot;shutter_speed&quot;:&quot;0&quot;,&quot;title&quot;:&quot;&quot;,&quot;orientation&quot;:&quot;1&quot;}\" data-image-title=\"OIG4.VT566q\" data-image-description=\"\" data-image-caption=\"\" data-large-file=\"http:\/\/jornalrol.com.br\/wp-content\/uploads\/2024\/08\/OIG4.VT566q.jpg\" src=\"https:\/\/jornalrol.com.br\/wp-content\/uploads\/2024\/08\/OIG4.VT566q.jpg\" alt=\"&quot;Que dia come\u00e7amos a nos tornar neur\u00f3ticos?&quot;\" class=\"wp-image-68838\" style=\"width:362px;height:auto\"\/><figcaption class=\"wp-element-caption\">&#8220;Que dia come\u00e7amos a nos tornar neur\u00f3ticos?&#8221;<br>Imagem criada pela IA do Bing<\/figcaption><\/figure>\n<\/div>\n\n\n<p class=\"has-drop-cap has-text-align-left\">&#8220;Que dia come\u00e7amos a nos tornar neur\u00f3ticos?&#8221;, eu pensei. Olha ao seu redor, como as pessoas est\u00e3o? O seu olhar\u2026. comportamentos, atitudes com o outro\u2026 Est\u00e3o doentes. N\u00e3o precisa ser m\u00e9dico para perceber isso, basta ter sensibilidade. Observar detalhes. Sim, pois o ser neur\u00f3tico n\u00e3o vem de repente como uma barata voadora e pousa na gente. Come\u00e7amos a nos tornar neur\u00f3ticos aos poucos. E n\u00e3o combina com a desculpa de trabalho, da fam\u00edlia, da escola, do casamento, da cultura, do pa\u00eds, do governo, disso e daquilo. N\u00f3s somos frutos das escolhas que fazemos! <br><br>Podemos escolher ser gra\u00e7a ou desgra\u00e7a na vida de algu\u00e9m, na nossa vida\u2026 Somos n\u00f3s a cultura de nossa vida! E \u00e9 preciso ter uma autorresponsabilidade de tudo a nossa volta. Em algum momento fomos crian\u00e7as tranquilas e inocentes? Fomos. T\u00ednhamos paz e felicidade absoluta, que bom. Sem estarmos envolvidos com tanta tecnologia suicida que nos consome e adoece. Mas ao longo dos anos estamos optando por perder isso. \u00c9 mais f\u00e1cil clicar, n\u00e3o levantar, n\u00e3o fazer\u2026 excluir sem conversar\u2026 viver sozinho. <br><br>Ser\u00e1? Bem-vindo ao laborat\u00f3rio humanoide! Pois \u00e9, n\u00e3o tenho d\u00favida de que a ci\u00eancia, j\u00e1 de quinhentos anos em nossas vidas, tenha acelerado esse processo maquin\u00e1rio e neur\u00f3tico. E olha que n\u00e3o estamos no topo do mundo em tecnologias, mas hoje o Brasil \u00e9 o pa\u00eds n\u00famero um de pessoas com transtornos mentais. Isso \u00e9 preocupante para nossos filhos e o futuro. Com o avan\u00e7o da ci\u00eancia, passamos a organizar um novo comportamento e olhar &#8211; mas perdemos a sensibilidade, embora percebendo que somos mais fr\u00e1geis e inst\u00e1veis do que as m\u00e1quinas. E sem sensibilidade geramos um desconforto desconhecido de querer entender tudo e de nos aproximar da perfei\u00e7\u00e3o a qualquer custo. Paraaaa!<br><br>Nenhuma m\u00e1quina vai substituir uma acolhida, uma palavra de conforto, um encontro e sorriso nas horas angustiantes de sua vida. Nenhuma m\u00e1quina vai lhe dar o abra\u00e7o que suaviza toda dor. Preencher o vazio do seu cora\u00e7\u00e3o, ou faz\u00ea-lo sorrir quando tudo parecer desabar a sua frente. E sabem por qu\u00ea? Porque nenhuma m\u00e1quina ou tecnologia at\u00e9 agora foi programada para o AMOR, ou descobriu a melhor aplica\u00e7\u00e3o do verbo amar. Somos n\u00f3s, os \u00fanicos e exclusivos prontos para isso &#8211; para o outro, para o amor! <\/p>\n\n\n\n<p class=\"has-text-align-center\"><strong>Lina Veira<\/strong><\/p>\n\n\n\n<p class=\"has-text-align-center\">19 de agosto de 2024<\/p>\n\n\n\n<h3 class=\"wp-block-heading has-text-align-center\">Contatos com a autora<\/h3>\n\n\n\n<p class=\"has-text-align-center\"><\/p>\n\n\n\n<div class=\"wp-block-columns is-layout-flex wp-container-core-columns-is-layout-9d6595d7 wp-block-columns-is-layout-flex\">\n<div class=\"wp-block-column is-layout-flow wp-block-column-is-layout-flow\">\n<h4 class=\"wp-block-heading has-text-align-center has-pale-ocean-gradient-background has-background\"><a href=\"https:\/\/www.facebook.com\/linaveira09\" target=\"_blank\" rel=\"noopener\" title=\"\">Facebook<\/a><\/h4>\n<\/div>\n\n\n\n<div class=\"wp-block-column is-layout-flow wp-block-column-is-layout-flow\">\n<h4 class=\"wp-block-heading has-text-align-center has-pale-ocean-gradient-background has-background\"><a href=\"https:\/\/www.facebook.com\/profile.php?id=100013839554942&amp;mibextid=ZbWKwL\" target=\"_blank\" rel=\"noopener\" title=\"Instagram\">Instagram<\/a><\/h4>\n<\/div>\n<\/div>\n\n\n\n<p><a href=\"Voltar:\" title=\"Voltar:\">Voltar<\/a><\/p>\n\n\n\n<p><a href=\"https:\/\/www.facebook.com\/JCulturalrol\/\" title=\"Facebook\">Facebook<\/a> <\/p>\n","protected":false},"excerpt":{"rendered":"<p>Podemos escolher ser gra\u00e7a ou desgra\u00e7a na vida de algu\u00e9m, na nossa vida\u2026 Somos n\u00f3s a cultura de nossa vida! E \u00e9 preciso ter uma autorresponsabilidade&#8230; <\/p>\n","protected":false},"author":112,"featured_media":68838,"comment_status":"open","ping_status":"closed","sticky":false,"template":"","format":"standard","meta":{"_jetpack_newsletter_access":"","_jetpack_dont_email_post_to_subs":false,"_jetpack_newsletter_tier_id":0,"_jetpack_memberships_contains_paywalled_content":false,"_jetpack_memberships_contains_paid_content":false,"footnotes":""},"categories":[9398,9392,9285],"tags":[2456,3775,12669,12060,12667,12668],"class_list":["post-68832","post","type-post","status-publish","format-standard","has-post-thumbnail","hentry","category-artigos","category-cronicas","category-literatura","tag-cronica","tag-felicidade","tag-laboratorio-humanoide","tag-neurose","tag-sensibilidade","tag-tecnologia-suicida"],"aioseo_notices":[],"views":1263,"jetpack_featured_media_url":"http:\/\/jornalrol.com.br\/wp-content\/uploads\/2024\/08\/OIG4.VT566q.jpg","jetpack_sharing_enabled":true,"jetpack_likes_enabled":true,"jetpack-related-posts":[{"id":74489,"url":"http:\/\/jornalrol.com.br\/?p=74489","url_meta":{"origin":68832,"position":0},"title":"Tempo x vida","author":"Lina Veira","date":"22 de julho de 2025","format":false,"excerpt":"O tempo devora nosso corpo e nossa vida a cada dia, nos desgastando como se fossemos uma m\u00e1quina, e a m\u00e1quina parece ser nosso modelo ideal de vida como um...","rel":"","context":"Em &quot;Cr\u00f4nicas&quot;","block_context":{"text":"Cr\u00f4nicas","link":"http:\/\/jornalrol.com.br\/?cat=9392"},"img":{"alt_text":"Imagem do saite Canva. Texto por Lina Veira","src":"https:\/\/i0.wp.com\/jornalrol.com.br\/wp-content\/uploads\/2025\/07\/977448af-89ab-4665-838e-495c334fa5b0.jpg?resize=350%2C200","width":350,"height":200,"srcset":"https:\/\/i0.wp.com\/jornalrol.com.br\/wp-content\/uploads\/2025\/07\/977448af-89ab-4665-838e-495c334fa5b0.jpg?resize=350%2C200 1x, https:\/\/i0.wp.com\/jornalrol.com.br\/wp-content\/uploads\/2025\/07\/977448af-89ab-4665-838e-495c334fa5b0.jpg?resize=525%2C300 1.5x, https:\/\/i0.wp.com\/jornalrol.com.br\/wp-content\/uploads\/2025\/07\/977448af-89ab-4665-838e-495c334fa5b0.jpg?resize=700%2C400 2x, https:\/\/i0.wp.com\/jornalrol.com.br\/wp-content\/uploads\/2025\/07\/977448af-89ab-4665-838e-495c334fa5b0.jpg?resize=1050%2C600 3x"},"classes":[]},{"id":79077,"url":"http:\/\/jornalrol.com.br\/?p=79077","url_meta":{"origin":68832,"position":1},"title":"Superando pensamentos negativos","author":"Lina Veira","date":"11 de mar\u00e7o de 2026","format":false,"excerpt":"Estamos diante de uma sociedade onde, na maioria das vezes, responder e concordar \u00e9 positivo, mas reagir ou mostrar o contr\u00e1rio \u00e9 negativo. Onde, no geral...","rel":"","context":"Em &quot;Cr\u00f4nicas&quot;","block_context":{"text":"Cr\u00f4nicas","link":"http:\/\/jornalrol.com.br\/?cat=9392"},"img":{"alt_text":"Imagem gerada pela IA do Canva, com prompt de Lina Veira","src":"https:\/\/i0.wp.com\/jornalrol.com.br\/wp-content\/uploads\/2026\/03\/880436d6-8a5f-420e-bcc1-4548218a959e.jpg?resize=350%2C200","width":350,"height":200,"srcset":"https:\/\/i0.wp.com\/jornalrol.com.br\/wp-content\/uploads\/2026\/03\/880436d6-8a5f-420e-bcc1-4548218a959e.jpg?resize=350%2C200 1x, https:\/\/i0.wp.com\/jornalrol.com.br\/wp-content\/uploads\/2026\/03\/880436d6-8a5f-420e-bcc1-4548218a959e.jpg?resize=525%2C300 1.5x, https:\/\/i0.wp.com\/jornalrol.com.br\/wp-content\/uploads\/2026\/03\/880436d6-8a5f-420e-bcc1-4548218a959e.jpg?resize=700%2C400 2x"},"classes":[]},{"id":76469,"url":"http:\/\/jornalrol.com.br\/?p=76469","url_meta":{"origin":68832,"position":2},"title":"Sess\u00f5es de terapia nos dias da semana","author":"Lina Veira","date":"31 de outubro de 2025","format":false,"excerpt":"Outro dia constatei que nossa aventura existencial \u00e9 incrivelmente desumana. Silenciosamente tudo come\u00e7a no \u00fatero de nossa m\u00e3e; l\u00e1 passamos a ter muitas...","rel":"","context":"Em &quot;Cr\u00f4nicas&quot;","block_context":{"text":"Cr\u00f4nicas","link":"http:\/\/jornalrol.com.br\/?cat=9392"},"img":{"alt_text":"Imagem do Canva, com texto de Lina Veira","src":"https:\/\/i0.wp.com\/jornalrol.com.br\/wp-content\/uploads\/2025\/10\/138569b2-a067-4c3d-baf5-ffd50e134152.jpeg?resize=350%2C200","width":350,"height":200,"srcset":"https:\/\/i0.wp.com\/jornalrol.com.br\/wp-content\/uploads\/2025\/10\/138569b2-a067-4c3d-baf5-ffd50e134152.jpeg?resize=350%2C200 1x, https:\/\/i0.wp.com\/jornalrol.com.br\/wp-content\/uploads\/2025\/10\/138569b2-a067-4c3d-baf5-ffd50e134152.jpeg?resize=525%2C300 1.5x, https:\/\/i0.wp.com\/jornalrol.com.br\/wp-content\/uploads\/2025\/10\/138569b2-a067-4c3d-baf5-ffd50e134152.jpeg?resize=700%2C400 2x"},"classes":[]},{"id":73288,"url":"http:\/\/jornalrol.com.br\/?p=73288","url_meta":{"origin":68832,"position":3},"title":"Caro, estimado discernimento","author":"Lina Veira","date":"16 de maio de 2025","format":false,"excerpt":"Qual melhor vers\u00e3o da vida? 'Significar'! Um olhar atencioso e levemente breve, deixar seu melhor resumo. As pessoas n\u00e3o sabem resumir, nem significar.","rel":"","context":"Em &quot;Cr\u00f4nicas&quot;","block_context":{"text":"Cr\u00f4nicas","link":"http:\/\/jornalrol.com.br\/?cat=9392"},"img":{"alt_text":"","src":"https:\/\/i0.wp.com\/jornalrol.com.br\/wp-content\/uploads\/2025\/05\/ce2f478e-cb92-4893-b12e-22bd2655a85b.jpg?resize=350%2C200","width":350,"height":200,"srcset":"https:\/\/i0.wp.com\/jornalrol.com.br\/wp-content\/uploads\/2025\/05\/ce2f478e-cb92-4893-b12e-22bd2655a85b.jpg?resize=350%2C200 1x, https:\/\/i0.wp.com\/jornalrol.com.br\/wp-content\/uploads\/2025\/05\/ce2f478e-cb92-4893-b12e-22bd2655a85b.jpg?resize=525%2C300 1.5x, https:\/\/i0.wp.com\/jornalrol.com.br\/wp-content\/uploads\/2025\/05\/ce2f478e-cb92-4893-b12e-22bd2655a85b.jpg?resize=700%2C400 2x, https:\/\/i0.wp.com\/jornalrol.com.br\/wp-content\/uploads\/2025\/05\/ce2f478e-cb92-4893-b12e-22bd2655a85b.jpg?resize=1050%2C600 3x"},"classes":[]},{"id":68377,"url":"http:\/\/jornalrol.com.br\/?p=68377","url_meta":{"origin":68832,"position":4},"title":"No Quadro do ROL, as letras cearenses de Lina Veira!","author":"Sergio Diniz da Costa","date":"31 de julho de 2024","format":false,"excerpt":"Lina Veira, natural de Fortaleza (CE), \u00e9 formada em Engenharia Sanit\u00e1ria e Ambiental, escritora, cronista, contista e romancista. Autora de projetos...","rel":"","context":"Em &quot;Apresenta\u00e7\u00e3o de colunista&quot;","block_context":{"text":"Apresenta\u00e7\u00e3o de colunista","link":"http:\/\/jornalrol.com.br\/?cat=10981"},"img":{"alt_text":"Lina Veira","src":"https:\/\/i0.wp.com\/jornalrol.com.br\/wp-content\/uploads\/2024\/07\/86e1c88f-c57d-4885-b08b-a74037aad483.jpeg?resize=350%2C200","width":350,"height":200,"srcset":"https:\/\/i0.wp.com\/jornalrol.com.br\/wp-content\/uploads\/2024\/07\/86e1c88f-c57d-4885-b08b-a74037aad483.jpeg?resize=350%2C200 1x, https:\/\/i0.wp.com\/jornalrol.com.br\/wp-content\/uploads\/2024\/07\/86e1c88f-c57d-4885-b08b-a74037aad483.jpeg?resize=525%2C300 1.5x, https:\/\/i0.wp.com\/jornalrol.com.br\/wp-content\/uploads\/2024\/07\/86e1c88f-c57d-4885-b08b-a74037aad483.jpeg?resize=700%2C400 2x, https:\/\/i0.wp.com\/jornalrol.com.br\/wp-content\/uploads\/2024\/07\/86e1c88f-c57d-4885-b08b-a74037aad483.jpeg?resize=1050%2C600 3x"},"classes":[]},{"id":77342,"url":"http:\/\/jornalrol.com.br\/?p=77342","url_meta":{"origin":68832,"position":5},"title":"Fluxo e refluxo do mar","author":"Lina Veira","date":"15 de dezembro de 2025","format":false,"excerpt":"Saint-Exup\u00e9ry, escreveu: \"A verdadeira vida \u00e9 intermitente\". Logo, nossas emo\u00e7\u00f5es e relacionamentos tamb\u00e9m s\u00e3o. Sim, pois quando amamos uma pessoa...","rel":"","context":"Em &quot;Sem categoria&quot;","block_context":{"text":"Sem categoria","link":"http:\/\/jornalrol.com.br\/?cat=1"},"img":{"alt_text":"Foto tirada pela autora com a pr\u00f3pria c\u00e2mara","src":"https:\/\/i0.wp.com\/jornalrol.com.br\/wp-content\/uploads\/2025\/12\/41302724-4044-4f1b-8a09-c7e7a3f6335b.jpg?resize=350%2C200","width":350,"height":200,"srcset":"https:\/\/i0.wp.com\/jornalrol.com.br\/wp-content\/uploads\/2025\/12\/41302724-4044-4f1b-8a09-c7e7a3f6335b.jpg?resize=350%2C200 1x, https:\/\/i0.wp.com\/jornalrol.com.br\/wp-content\/uploads\/2025\/12\/41302724-4044-4f1b-8a09-c7e7a3f6335b.jpg?resize=525%2C300 1.5x, https:\/\/i0.wp.com\/jornalrol.com.br\/wp-content\/uploads\/2025\/12\/41302724-4044-4f1b-8a09-c7e7a3f6335b.jpg?resize=700%2C400 2x"},"classes":[]}],"_links":{"self":[{"href":"http:\/\/jornalrol.com.br\/index.php?rest_route=\/wp\/v2\/posts\/68832","targetHints":{"allow":["GET"]}}],"collection":[{"href":"http:\/\/jornalrol.com.br\/index.php?rest_route=\/wp\/v2\/posts"}],"about":[{"href":"http:\/\/jornalrol.com.br\/index.php?rest_route=\/wp\/v2\/types\/post"}],"author":[{"embeddable":true,"href":"http:\/\/jornalrol.com.br\/index.php?rest_route=\/wp\/v2\/users\/112"}],"replies":[{"embeddable":true,"href":"http:\/\/jornalrol.com.br\/index.php?rest_route=%2Fwp%2Fv2%2Fcomments&post=68832"}],"version-history":[{"count":6,"href":"http:\/\/jornalrol.com.br\/index.php?rest_route=\/wp\/v2\/posts\/68832\/revisions"}],"predecessor-version":[{"id":68842,"href":"http:\/\/jornalrol.com.br\/index.php?rest_route=\/wp\/v2\/posts\/68832\/revisions\/68842"}],"wp:featuredmedia":[{"embeddable":true,"href":"http:\/\/jornalrol.com.br\/index.php?rest_route=\/wp\/v2\/media\/68838"}],"wp:attachment":[{"href":"http:\/\/jornalrol.com.br\/index.php?rest_route=%2Fwp%2Fv2%2Fmedia&parent=68832"}],"wp:term":[{"taxonomy":"category","embeddable":true,"href":"http:\/\/jornalrol.com.br\/index.php?rest_route=%2Fwp%2Fv2%2Fcategories&post=68832"},{"taxonomy":"post_tag","embeddable":true,"href":"http:\/\/jornalrol.com.br\/index.php?rest_route=%2Fwp%2Fv2%2Ftags&post=68832"}],"curies":[{"name":"wp","href":"https:\/\/api.w.org\/{rel}","templated":true}]}}