{"id":70870,"date":"2024-11-19T07:55:00","date_gmt":"2024-11-19T10:55:00","guid":{"rendered":"https:\/\/jornalrol.com.br\/?p=70870"},"modified":"2024-11-18T19:56:45","modified_gmt":"2024-11-18T22:56:45","slug":"horizontes-literarios","status":"publish","type":"post","link":"http:\/\/jornalrol.com.br\/?p=70870","title":{"rendered":"Horizontes liter\u00e1rios"},"content":{"rendered":"<div class=\"pdfprnt-buttons pdfprnt-buttons-post pdfprnt-top-right\"><a href=\"http:\/\/jornalrol.com.br\/index.php?rest_route=%2Fwp%2Fv2%2Fposts%2F70870&print=pdf\" class=\"pdfprnt-button pdfprnt-button-pdf\" target=\"_blank\" ><\/a><a href=\"http:\/\/jornalrol.com.br\/index.php?rest_route=%2Fwp%2Fv2%2Fposts%2F70870&print=print\" class=\"pdfprnt-button pdfprnt-button-print\" target=\"_blank\" ><img decoding=\"async\" src=\"https:\/\/jornalrol.com.br\/wp-content\/plugins\/pdf-print\/images\/print.png\" alt=\"image_print\" title=\"Conte\u00fado de impress\u00e3o\" \/><\/a><\/div>\n<h2 class=\"wp-block-heading has-text-align-center\">Magna Asp\u00e1sia Fontenelle: &#8216;Horizontes liter\u00e1rios&#8217;<br><br><\/h2>\n\n\n<div class=\"wp-block-image is-style-rounded\">\n<figure class=\"aligncenter size-full is-resized\"><img loading=\"lazy\" decoding=\"async\" width=\"656\" height=\"990\" data-attachment-id=\"70871\" data-permalink=\"http:\/\/jornalrol.com.br\/?attachment_id=70871\" data-orig-file=\"http:\/\/jornalrol.com.br\/wp-content\/uploads\/2024\/11\/Screenshot_20241113_153851_Chrome-1.jpg\" data-orig-size=\"656,990\" data-comments-opened=\"1\" data-image-meta=\"{&quot;aperture&quot;:&quot;0&quot;,&quot;credit&quot;:&quot;&quot;,&quot;camera&quot;:&quot;&quot;,&quot;caption&quot;:&quot;&quot;,&quot;created_timestamp&quot;:&quot;0&quot;,&quot;copyright&quot;:&quot;&quot;,&quot;focal_length&quot;:&quot;0&quot;,&quot;iso&quot;:&quot;0&quot;,&quot;shutter_speed&quot;:&quot;0&quot;,&quot;title&quot;:&quot;&quot;,&quot;orientation&quot;:&quot;1&quot;}\" data-image-title=\"Screenshot_20241113_153851_Chrome (1)\" data-image-description=\"\" data-image-caption=\"\" data-large-file=\"http:\/\/jornalrol.com.br\/wp-content\/uploads\/2024\/11\/Screenshot_20241113_153851_Chrome-1.jpg\" src=\"https:\/\/jornalrol.com.br\/wp-content\/uploads\/2024\/11\/Screenshot_20241113_153851_Chrome-1.jpg\" alt=\"Card dos 25 anos da CPLP\" class=\"wp-image-70871\" style=\"width:304px;height:auto\"\/><figcaption class=\"wp-element-caption\"><em>Card dos 25 anos da CPLP<\/em><\/figcaption><\/figure>\n<\/div>\n\n\n<h3 class=\"wp-block-heading has-text-align-center\">No dia 19 de novembro de 2024, S\u00e3o Lu\u00eds, capital do Maranh\u00e3o e conhecida como a &#8216;Atenas Brasileira&#8217;, reafirma sua import\u00e2ncia como cen\u00e1rio de grandes eventos que celebram a l\u00edngua portuguesa<\/h3>\n\n\n\n<p class=\"has-drop-cap\">A <strong>Academia Maranhense de Letras<\/strong> e a <strong>Academia Mineira de Letras<\/strong> unem-se, em S\u00e3o Lu\u00eds, Maranh\u00e3o, para celebrar a riqueza da L\u00edngua Portuguesa. O evento homenageia personalidades ilustres e marca o lan\u00e7amento da obra &#8216;Nos Vinte e Cinco Anos da CPLP&#8217;, organizada pelo Embaixador Lauro Moreira e pelo escritor Dr. Rog\u00e9rio Faria Tavares, reafirmando o compromisso com a valoriza\u00e7\u00e3o cultural e lingu\u00edstica dos pa\u00edses lus\u00f3fonos.<\/p>\n\n\n\n<p>No dia 19 de novembro de 2024, S\u00e3o Lu\u00eds, capital do Maranh\u00e3o e conhecida como a &#8216;Atenas Brasileira&#8217;, reafirma sua import\u00e2ncia como cen\u00e1rio de grandes eventos que celebram a l\u00edngua portuguesa. Nesta ocasi\u00e3o hist\u00f3rica, a cidade presta tributos a figuras not\u00e1veis, como os presidentes Jos\u00e9 Sarney e M\u00e1rio Soares, al\u00e9m do diplomata mineiro Jos\u00e9 Aparecido de Oliveira, reconhecidos e celebrados por suas contribui\u00e7\u00f5es inestim\u00e1veis \u00e0 cultura e \u00e0 valoriza\u00e7\u00e3o da l\u00edngua lus\u00f3fona.<\/p>\n\n\n\n<p>A ocasi\u00e3o ser\u00e1 enriquecida pelo lan\u00e7amento do livro <strong><em>&#8216;Nos Vinte e Cinco Anos da CPLP<\/em><\/strong><em>&#8216;<\/em>, organizada &nbsp; pelo Embaixador<strong> Lauro Moreira<\/strong>, presidente do Observat\u00f3rio da L\u00edngua Portuguesa, pelo escritor <strong>Dr. Rog\u00e9rio Faria Tavares<\/strong>. A obra reflete a trajet\u00f3ria e o impacto da <strong>Comunidade dos Pa\u00edses de L\u00edngua Portuguesa (CPLP)<\/strong>, criada em 1996, destacando seu papel como elo cultural e lingu\u00edstico que une e fortalece as na\u00e7\u00f5es lus\u00f3fonas.<\/p>\n\n\n\n<p><strong>A Funda\u00e7\u00e3o da CPLP e o Primeiro Encontro Lus\u00f3fono<\/strong><\/p>\n\n\n\n<p>A jornada para a cria\u00e7\u00e3o da <strong>Comunidade dos Pa\u00edses de L\u00edngua Portuguesa (CPLP)<\/strong> teve in\u00edcio na d\u00e9cada de 1980 e alcan\u00e7ou um marco hist\u00f3rico em 1989, quando S\u00e3o Lu\u00eds, a &#8216;Atenas Brasileira&#8217;, recebeu <strong>o Primeiro Encontro de Chefes de Estado e de Governo dos Pa\u00edses de L\u00edngua Portuguesa.<\/strong> Inspirado pela grandiosidade dos versos de Gon\u00e7alves Dias: <strong><em>\u201cMinha terra tem palmeiras onde cantam os sabi\u00e1s; as aves que aqui gorjeiam n\u00e3o gorjeiam como l\u00e1<\/em><\/strong><em>\u201d<\/em>, o evento destacou a capital maranhense como s\u00edmbolo de uni\u00e3o lingu\u00edstica e cultural entre as na\u00e7\u00f5es lus\u00f3fonas.&nbsp;<\/p>\n\n\n\n<p>&nbsp;Nesse cen\u00e1rio, as palavras de Fernando Pessoa, <em>&#8220;Minha p\u00e1tria \u00e9 a l\u00edngua portuguesa,&#8221;<\/em> ecoaram como uma s\u00edntese perfeita do esp\u00edrito de unidade e identidade que permeou os di\u00e1logos fundamentais para a cria\u00e7\u00e3o da CPLP. Esses ideais se concretizaram em 17 de julho de 1996, com a oficializa\u00e7\u00e3o da Comunidade na cidade de Lisboa, Portugal, consolidando a l\u00edngua portuguesa como um poderoso elo cultural e lingu\u00edstico entre os povos lus\u00f3fonos.&nbsp;<\/p>\n\n\n\n<p><strong>A Academia Maranhense de Letras e a Academia Mineira de Letras<\/strong><\/p>\n\n\n\n<p>Fundada em 10 de agosto de 1908, a <strong>Academia Maranhense de Letras (AML)<\/strong> \u00e9 a institui\u00e7\u00e3o liter\u00e1ria mais antiga do Maranh\u00e3o. Com sede no imponente pr\u00e9dio inaugurado em 1874, a AML tem como miss\u00e3o preservar e difundir a riqueza da l\u00edngua portuguesa. Entre seus fundadores destacam-se Ant\u00f4nio Lobo, Alfredo de Assis Castro e Barbosa de God\u00f3is.<\/p>\n\n\n\n<p>J\u00e1 a <strong>Academia Mineira de Letras (AML-MG)<\/strong>, criada em 25 de dezembro de 1909, tamb\u00e9m se destaca por sua s\u00f3lida atua\u00e7\u00e3o em prol da cultura e da literatura. Fundada em Juiz de Fora, seus membros, como Guimar\u00e3es Rosa, consolidaram a institui\u00e7\u00e3o como um pilar do pensamento liter\u00e1rio brasileiro<\/p>\n\n\n\n<p><strong>Homenagens e Reflex\u00f5es<\/strong><\/p>\n\n\n\n<p>O evento em S\u00e3o Lu\u00eds ser\u00e1 um tributo \u00e0 contribui\u00e7\u00e3o de intelectuais e estadistas que elevaram a l\u00edngua portuguesa \u00e0 categoria de s\u00edmbolo universal de di\u00e1logo e integra\u00e7\u00e3o. Nas palavras de Lu\u00eds de Cam\u00f5es, \u201c<strong>Cantando espalharei por toda a parte, se a tanto me ajudar o engenho e a arte.\u201d<\/strong> Assim, a celebra\u00e7\u00e3o se torna a n\u00e3o apenas um marco hist\u00f3rico, mas uma reafirma\u00e7\u00e3o do compromisso com a preserva\u00e7\u00e3o e a expans\u00e3o do idioma e da cultura lus\u00f3fona.<\/p>\n\n\n\n<p><strong>Sobre os Autores<\/strong><\/p>\n\n\n\n<p><strong>Lauro Moreira<\/strong>, embaixador e escritor, \u00e9 reconhecido por sua contribui\u00e7\u00e3o \u00e0 diplomacia cultural e pela lideran\u00e7a no Observat\u00f3rio da L\u00edngua Portuguesa. Com uma vasta carreira, Moreira foi o primeiro embaixador do Brasil na CPLP e \u00e9 autor de obras que exploram as ra\u00edzes e conex\u00f5es da l\u00edngua portuguesa.<\/p>\n\n\n\n<p><strong>Rog\u00e9rio Faria Tavares<\/strong>, presidente da Academia Mineira de Letras, combina sua forma\u00e7\u00e3o jur\u00eddica e liter\u00e1ria em obras que dialogam entre o Direito e a Literatura. Com livros publicados e uma atua\u00e7\u00e3o cultural destacada, Tavares \u00e9 um defensor da preserva\u00e7\u00e3o da mem\u00f3ria e do pensamento cr\u00edtico.<\/p>\n\n\n\n<p>Eventos como este, S\u00e3o Lu\u00eds, o Maranh\u00e3o, Academia Maranhense de Letras e a Academia Mineira de Letras, reafirmam seus papeis como guardi\u00f5es do patrim\u00f4nio lingu\u00edstico e cultural, perpetuando a rica heran\u00e7a da l\u00edngua portuguesa como s\u00edmbolo de uni\u00e3o, identidade e progresso.<\/p>\n\n\n\n<p class=\"has-text-align-center\"><br><strong>Magna Asp\u00e1sia Fontenelle<\/strong><\/p>\n\n\n\n<div class=\"wp-block-columns is-layout-flex wp-container-core-columns-is-layout-9d6595d7 wp-block-columns-is-layout-flex\">\n<div class=\"wp-block-column is-layout-flow wp-block-column-is-layout-flow\">\n<h4 class=\"wp-block-heading has-text-align-center has-luminous-vivid-amber-to-luminous-vivid-orange-gradient-background has-background\"><a href=\"https:\/\/www.facebook.com\/magna.fontenelle?locale=pt_BR\" target=\"_blank\" rel=\"noopener\" title=\"FACEBOOK\">FACEBOOK<\/a><\/h4>\n<\/div>\n\n\n\n<div class=\"wp-block-column is-layout-flow wp-block-column-is-layout-flow\">\n<h4 class=\"wp-block-heading has-text-align-center has-luminous-vivid-amber-to-luminous-vivid-orange-gradient-background has-background\"><a href=\"https:\/\/www.instagram.com\/fontenellemagna\/?locale=pl\" title=\"INSTAGRAM\">INSTAGRAM<\/a><\/h4>\n<\/div>\n<\/div>\n\n\n\n<p><a href=\"https:\/\/jornalrol.com.br\/\" title=\"Voltar\">Voltar<\/a><\/p>\n\n\n\n<p><a href=\"https:\/\/www.facebook.com\/JCulturalrol\/\" title=\"Facebook\">Facebook<\/a><\/p>\n","protected":false},"excerpt":{"rendered":"<p>A Academia Maranhense de Letras e a Academia Mineira de Letras unem-se, em S\u00e3o Lu\u00eds, Maranh\u00e3o, para celebrar a riqueza da L\u00edngua Portuguesa. O evento&#8230; <\/p>\n","protected":false},"author":14,"featured_media":70871,"comment_status":"open","ping_status":"closed","sticky":false,"template":"","format":"standard","meta":{"_jetpack_newsletter_access":"","_jetpack_dont_email_post_to_subs":false,"_jetpack_newsletter_tier_id":0,"_jetpack_memberships_contains_paywalled_content":false,"_jetpack_memberships_contains_paid_content":false,"footnotes":""},"categories":[9391,9285],"tags":[13366,13367,13368,4412,12578],"class_list":["post-70870","post","type-post","status-publish","format-standard","has-post-thumbnail","hentry","category-academiasefederacoes","category-literatura","tag-academia-maranhense-de-letras","tag-academia-mineira-de-letras","tag-aniversario-da-cplp","tag-homenagem","tag-lingua-portuguesa-2"],"aioseo_notices":[],"views":1107,"jetpack_featured_media_url":"http:\/\/jornalrol.com.br\/wp-content\/uploads\/2024\/11\/Screenshot_20241113_153851_Chrome-1.jpg","jetpack_sharing_enabled":true,"jetpack_likes_enabled":true,"jetpack-related-posts":[{"id":59702,"url":"http:\/\/jornalrol.com.br\/?p=59702","url_meta":{"origin":70870,"position":0},"title":"FEBACLA comemora bicenten\u00e1rio de nascimento do poeta Gon\u00e7alves Dias","author":"Dom Alexandre da Silva Cam\u00ealo Rurikovich Carvalho","date":"4 de agosto de 2023","format":false,"excerpt":"Para celebrar esse momento hist\u00f3rico, a FEBACLA estar\u00e1 realizando alguns eventos com a outorga da MEDALHA COMEMORATIVA ALUSIVA AO BICENTEN\u00c1RIO DE GON\u00c7ALVES DIAS","rel":"","context":"Em &quot;Comunica\u00e7\u00e3o&quot;","block_context":{"text":"Comunica\u00e7\u00e3o","link":"http:\/\/jornalrol.com.br\/?cat=7"},"img":{"alt_text":"Logo da Federa\u00e7\u00e3o Brasileira dos Acad\u00eamicos das Ci\u00eancias, Letras e Artes - FEBACLA","src":"https:\/\/i0.wp.com\/jornalrol.com.br\/wp-content\/uploads\/2023\/08\/c4b3808b-c9e5-4b3e-806e-86b8ff1b543c.jpg?resize=350%2C200","width":350,"height":200,"srcset":"https:\/\/i0.wp.com\/jornalrol.com.br\/wp-content\/uploads\/2023\/08\/c4b3808b-c9e5-4b3e-806e-86b8ff1b543c.jpg?resize=350%2C200 1x, https:\/\/i0.wp.com\/jornalrol.com.br\/wp-content\/uploads\/2023\/08\/c4b3808b-c9e5-4b3e-806e-86b8ff1b543c.jpg?resize=525%2C300 1.5x, https:\/\/i0.wp.com\/jornalrol.com.br\/wp-content\/uploads\/2023\/08\/c4b3808b-c9e5-4b3e-806e-86b8ff1b543c.jpg?resize=700%2C400 2x, https:\/\/i0.wp.com\/jornalrol.com.br\/wp-content\/uploads\/2023\/08\/c4b3808b-c9e5-4b3e-806e-86b8ff1b543c.jpg?resize=1050%2C600 3x"},"classes":[]},{"id":45043,"url":"http:\/\/jornalrol.com.br\/?p=45043","url_meta":{"origin":70870,"position":1},"title":"FEBACLA e ALCABs promovem o III encontro das Academias de Ci\u00eancias, Letras e Artes do Brasil","author":"Dom Alexandre da Silva Cam\u00ealo Rurikovich Carvalho","date":"25 de setembro de 2021","format":false,"excerpt":"O III Encontro ocorrer\u00e1 nos dias 29 e 30 de outubro de 2021, no Pal\u00e1cio Cristo Rei, em S\u00e3o Lu\u00eds -MA As Academias de Letras, Ci\u00eancias e Artes do Brasil (ALCABs) e a Federa\u00e7\u00e3o Brasileira dos Acad\u00eamicos das Ci\u00eancias, Letras e Artes (FEBACLA) t\u00eam a honra de convidar acad\u00eamicos imortais,\u2026","rel":"","context":"Em &quot;Comunica\u00e7\u00e3o&quot;","block_context":{"text":"Comunica\u00e7\u00e3o","link":"http:\/\/jornalrol.com.br\/?cat=7"},"img":{"alt_text":"","src":"https:\/\/i0.wp.com\/jornalrol.com.br\/wp-content\/uploads\/2021\/09\/1ce3724c-83d7-424b-9ba8-55dfa219c8da-300x300.jpg?resize=350%2C200","width":350,"height":200},"classes":[]},{"id":44590,"url":"http:\/\/jornalrol.com.br\/?p=44590","url_meta":{"origin":70870,"position":2},"title":"S\u00e3o Lu\u00eds\/MA, a Cidade do Azulejos, completa 409 anos","author":"Marcus Periks Barbosa Krause","date":"8 de setembro de 2021","format":false,"excerpt":"Cidade dos Azulejos, Ilha do Amor, Capital Brasileira do Reggae, Atenas Brasileira, esses s\u00e3o alguns dos nomes os quais a capital do Maranh\u00e3o, S\u00e3o Lu\u00eds \u00e9 conhecida Cidade dos Azulejos, Ilha do Amor, Capital Brasileira do Reggae, Atenas Brasileira, esses s\u00e3o alguns dos nomes os quais a capital do Maranh\u00e3o,\u2026","rel":"","context":"Em &quot;Comunica\u00e7\u00e3o&quot;","block_context":{"text":"Comunica\u00e7\u00e3o","link":"http:\/\/jornalrol.com.br\/?cat=7"},"img":{"alt_text":"","src":"https:\/\/i0.wp.com\/www.jornalrol.com.br\/wp-content\/uploads\/2021\/09\/unnamed-300x173.jpg?resize=350%2C200","width":350,"height":200,"srcset":"https:\/\/i0.wp.com\/www.jornalrol.com.br\/wp-content\/uploads\/2021\/09\/unnamed-300x173.jpg?resize=350%2C200 1x, https:\/\/i0.wp.com\/www.jornalrol.com.br\/wp-content\/uploads\/2021\/09\/unnamed-300x173.jpg?resize=525%2C300 1.5x"},"classes":[]},{"id":34751,"url":"http:\/\/jornalrol.com.br\/?p=34751","url_meta":{"origin":70870,"position":3},"title":"Cel. Carlos Furtado lan\u00e7a o livro &#039;Pondera\u00e7\u00f5es de um Observador Privilegiado&#039;","author":"Sergio Diniz da Costa","date":"30 de outubro de 2020","format":false,"excerpt":"A obra re\u00fane artigos e cr\u00f4nicas escritas pelo autor no per\u00edodo de 2001 a 2009 quando se encontrava no servi\u00e7o ativo da Pol\u00edcia Militar do Maranh\u00e3o como Oficial Superior, fruto de seus estudos, pesquisas e experi\u00eancia 'Pondera\u00e7\u00f5es de um Observador\u00a0Privilegiado' \u00e9\u00a0o t\u00edtulo do livro do Cel Carlos Furtado, que ser\u00e1\u2026","rel":"","context":"Em &quot;Comunica\u00e7\u00e3o&quot;","block_context":{"text":"Comunica\u00e7\u00e3o","link":"http:\/\/jornalrol.com.br\/?cat=7"},"img":{"alt_text":"","src":"https:\/\/i0.wp.com\/www.jornalrol.com.br\/wp-content\/uploads\/2020\/10\/3A379ECC-A0D3-4540-9BD6-7104B7405885-300x300.jpeg?resize=350%2C200","width":350,"height":200},"classes":[]},{"id":40243,"url":"http:\/\/jornalrol.com.br\/?p=40243","url_meta":{"origin":70870,"position":4},"title":"O F\u00f3rum das Letras, O Cam\u00f5es &#8211; Centro Cultural Portugu\u00eas em Bras\u00edlia e a C\u00e2mara Brasileira do Livro convidam a celebrar a Semana da L\u00edngua Portuguesa","author":"Sergio Diniz da Costa","date":"30 de abril de 2021","format":false,"excerpt":"O\u00a0 principal objetivo do evento \u00e9 promover a valoriza\u00e7\u00e3o da identidade, da diversidade e da literatura produzida, principalmente, pelos pa\u00edses de l\u00edngua portuguesa O F\u00f3rum das Letras celebra, juntamente com o Cam\u00f5es \u2013 Centro Cultural Portugu\u00eas em Bras\u00edlia e a C\u00e2mara Brasileira do Livro (CBL), o Dia Mundial da L\u00edngua\u2026","rel":"","context":"Em &quot;Comunica\u00e7\u00e3o&quot;","block_context":{"text":"Comunica\u00e7\u00e3o","link":"http:\/\/jornalrol.com.br\/?cat=7"},"img":{"alt_text":"","src":"https:\/\/i0.wp.com\/www.jornalrol.com.br\/wp-content\/uploads\/2021\/04\/1-300x300.jpg?resize=350%2C200","width":350,"height":200},"classes":[]},{"id":48417,"url":"http:\/\/jornalrol.com.br\/?p=48417","url_meta":{"origin":70870,"position":5},"title":"Das orlas de Aracaju\/SE para o Quadro de Colunistas do ROL, o calor liter\u00e1rio de Virg\u00ednia Assun\u00e7\u00e3o!","author":"Sergio Diniz da Costa","date":"8 de fevereiro de 2022","format":false,"excerpt":"Da especialidade na educa\u00e7\u00e3o ao dom\u00ednio das letras, Virg\u00ednia Assun\u00e7\u00e3o faz dos textos uma arte! Maria Virg\u00ednia de Assun\u00e7\u00e3o Feitosa Gomes, natural de Aracaju\/SE, \u00e9 poetisa e professora p\u00f3s-graduada em L\u00edngua Portuguesa e Literatura e em Psicopedagogia Institucional e Cl\u00ednica, pela Faculdade S\u00e3o Lu\u00eds de Fran\u00e7a (FSLF). Graduada em Letras\u2026","rel":"","context":"Em &quot;Comunica\u00e7\u00e3o&quot;","block_context":{"text":"Comunica\u00e7\u00e3o","link":"http:\/\/jornalrol.com.br\/?cat=7"},"img":{"alt_text":"","src":"https:\/\/i0.wp.com\/jornalrol.com.br\/wp-content\/uploads\/2022\/02\/197f363b-ed31-4502-9b1f-c10c33748b1d.jpg?resize=350%2C200","width":350,"height":200,"srcset":"https:\/\/i0.wp.com\/jornalrol.com.br\/wp-content\/uploads\/2022\/02\/197f363b-ed31-4502-9b1f-c10c33748b1d.jpg?resize=350%2C200 1x, https:\/\/i0.wp.com\/jornalrol.com.br\/wp-content\/uploads\/2022\/02\/197f363b-ed31-4502-9b1f-c10c33748b1d.jpg?resize=525%2C300 1.5x"},"classes":[]}],"_links":{"self":[{"href":"http:\/\/jornalrol.com.br\/index.php?rest_route=\/wp\/v2\/posts\/70870","targetHints":{"allow":["GET"]}}],"collection":[{"href":"http:\/\/jornalrol.com.br\/index.php?rest_route=\/wp\/v2\/posts"}],"about":[{"href":"http:\/\/jornalrol.com.br\/index.php?rest_route=\/wp\/v2\/types\/post"}],"author":[{"embeddable":true,"href":"http:\/\/jornalrol.com.br\/index.php?rest_route=\/wp\/v2\/users\/14"}],"replies":[{"embeddable":true,"href":"http:\/\/jornalrol.com.br\/index.php?rest_route=%2Fwp%2Fv2%2Fcomments&post=70870"}],"version-history":[{"count":2,"href":"http:\/\/jornalrol.com.br\/index.php?rest_route=\/wp\/v2\/posts\/70870\/revisions"}],"predecessor-version":[{"id":70873,"href":"http:\/\/jornalrol.com.br\/index.php?rest_route=\/wp\/v2\/posts\/70870\/revisions\/70873"}],"wp:featuredmedia":[{"embeddable":true,"href":"http:\/\/jornalrol.com.br\/index.php?rest_route=\/wp\/v2\/media\/70871"}],"wp:attachment":[{"href":"http:\/\/jornalrol.com.br\/index.php?rest_route=%2Fwp%2Fv2%2Fmedia&parent=70870"}],"wp:term":[{"taxonomy":"category","embeddable":true,"href":"http:\/\/jornalrol.com.br\/index.php?rest_route=%2Fwp%2Fv2%2Fcategories&post=70870"},{"taxonomy":"post_tag","embeddable":true,"href":"http:\/\/jornalrol.com.br\/index.php?rest_route=%2Fwp%2Fv2%2Ftags&post=70870"}],"curies":[{"name":"wp","href":"https:\/\/api.w.org\/{rel}","templated":true}]}}