{"id":72752,"date":"2025-04-08T08:00:00","date_gmt":"2025-04-08T11:00:00","guid":{"rendered":"https:\/\/jornalrol.com.br\/?p=72752"},"modified":"2025-04-03T12:36:55","modified_gmt":"2025-04-03T15:36:55","slug":"poema-de-nos-dois","status":"publish","type":"post","link":"http:\/\/jornalrol.com.br\/?p=72752","title":{"rendered":"Poema de n\u00f3s dois"},"content":{"rendered":"<div class=\"pdfprnt-buttons pdfprnt-buttons-post pdfprnt-top-right\"><a href=\"http:\/\/jornalrol.com.br\/index.php?rest_route=%2Fwp%2Fv2%2Fposts%2F72752&print=pdf\" class=\"pdfprnt-button pdfprnt-button-pdf\" target=\"_blank\" ><\/a><a href=\"http:\/\/jornalrol.com.br\/index.php?rest_route=%2Fwp%2Fv2%2Fposts%2F72752&print=print\" class=\"pdfprnt-button pdfprnt-button-print\" target=\"_blank\" ><img decoding=\"async\" src=\"https:\/\/jornalrol.com.br\/wp-content\/plugins\/pdf-print\/images\/print.png\" alt=\"image_print\" title=\"Conte\u00fado de impress\u00e3o\" \/><\/a><\/div>\n<h2 class=\"wp-block-heading has-text-align-center\">Sandra Albuquerque: &#8216;Poema de n\u00f3s dois&#8217;<br><br><\/h2>\n\n\n<div class=\"wp-block-image\">\n<figure class=\"aligncenter size-full is-resized\"><img loading=\"lazy\" decoding=\"async\" width=\"832\" height=\"1216\" data-attachment-id=\"71651\" data-permalink=\"http:\/\/jornalrol.com.br\/?attachment_id=71651\" data-orig-file=\"http:\/\/jornalrol.com.br\/wp-content\/uploads\/2025\/01\/9cd8ed7f-1e5f-44bd-83b9-dc0faea57b7e.jpeg\" data-orig-size=\"832,1216\" data-comments-opened=\"1\" data-image-meta=\"{&quot;aperture&quot;:&quot;0&quot;,&quot;credit&quot;:&quot;&quot;,&quot;camera&quot;:&quot;&quot;,&quot;caption&quot;:&quot;&quot;,&quot;created_timestamp&quot;:&quot;0&quot;,&quot;copyright&quot;:&quot;&quot;,&quot;focal_length&quot;:&quot;0&quot;,&quot;iso&quot;:&quot;0&quot;,&quot;shutter_speed&quot;:&quot;0&quot;,&quot;title&quot;:&quot;&quot;,&quot;orientation&quot;:&quot;0&quot;}\" data-image-title=\"9cd8ed7f-1e5f-44bd-83b9-dc0faea57b7e\" data-image-description=\"&lt;p&gt;Sandra Albuquerque&lt;\/p&gt;\n\" data-image-caption=\"&lt;p&gt;Sandra Albuquerque&lt;\/p&gt;\n\" data-large-file=\"http:\/\/jornalrol.com.br\/wp-content\/uploads\/2025\/01\/9cd8ed7f-1e5f-44bd-83b9-dc0faea57b7e.jpeg\" src=\"http:\/\/jornalrol.com.br\/wp-content\/uploads\/2025\/01\/9cd8ed7f-1e5f-44bd-83b9-dc0faea57b7e.jpeg\" alt=\"Sandra Albuquerque\" class=\"wp-image-71651\" style=\"width:158px;height:auto\" srcset=\"http:\/\/jornalrol.com.br\/wp-content\/uploads\/2025\/01\/9cd8ed7f-1e5f-44bd-83b9-dc0faea57b7e.jpeg 832w, http:\/\/jornalrol.com.br\/wp-content\/uploads\/2025\/01\/9cd8ed7f-1e5f-44bd-83b9-dc0faea57b7e-821x1200.jpeg 821w, http:\/\/jornalrol.com.br\/wp-content\/uploads\/2025\/01\/9cd8ed7f-1e5f-44bd-83b9-dc0faea57b7e-768x1122.jpeg 768w\" sizes=\"auto, (max-width: 832px) 100vw, 832px\" \/><figcaption class=\"wp-element-caption\">Sandra Albuquerque<\/figcaption><\/figure>\n<\/div>\n\n<div class=\"wp-block-image\">\n<figure class=\"aligncenter size-full is-resized\"><img loading=\"lazy\" decoding=\"async\" width=\"484\" height=\"484\" data-attachment-id=\"72753\" data-permalink=\"http:\/\/jornalrol.com.br\/?attachment_id=72753\" data-orig-file=\"http:\/\/jornalrol.com.br\/wp-content\/uploads\/2025\/04\/9e38ee6d-d843-4ce0-a49c-a85664afbed8.jpg\" data-orig-size=\"484,484\" data-comments-opened=\"1\" data-image-meta=\"{&quot;aperture&quot;:&quot;0&quot;,&quot;credit&quot;:&quot;&quot;,&quot;camera&quot;:&quot;&quot;,&quot;caption&quot;:&quot;&quot;,&quot;created_timestamp&quot;:&quot;0&quot;,&quot;copyright&quot;:&quot;&quot;,&quot;focal_length&quot;:&quot;0&quot;,&quot;iso&quot;:&quot;0&quot;,&quot;shutter_speed&quot;:&quot;0&quot;,&quot;title&quot;:&quot;&quot;,&quot;orientation&quot;:&quot;0&quot;}\" data-image-title=\"9e38ee6d-d843-4ce0-a49c-a85664afbed8\" data-image-description=\"\" data-image-caption=\"\" data-large-file=\"http:\/\/jornalrol.com.br\/wp-content\/uploads\/2025\/04\/9e38ee6d-d843-4ce0-a49c-a85664afbed8.jpg\" src=\"https:\/\/jornalrol.com.br\/wp-content\/uploads\/2025\/04\/9e38ee6d-d843-4ce0-a49c-a85664afbed8.jpg\" alt=\"Imagem gerada por IA do Bing. 03 de mar\u00e7o de 2025,  \u00e0s 11:28 AM \" class=\"wp-image-72753\" style=\"width:342px;height:auto\"\/><figcaption class=\"wp-element-caption\"><em>Imagem gerada por IA do Bing<\/em>. 03 de mar\u00e7o de 2025,<br> \u00e0s 11:28 AM <\/figcaption><\/figure>\n<\/div>\n\n\n<p class=\"has-text-align-center\">Do alto da montanha<br>eu podia ver<br>toda a natureza indefesa<br>que estava ao meu alcance.<br>Ao longe, uma imensid\u00e3o enegrecida,<br>um infinito n\u00e3o mais vis\u00edvel aos olhos<br>Um encontro com o azul refletido na \u00e1gua.<br>Ao olhar para baixo,<br>o bailar das ondas que v\u00eam mansamente e se enroscam com a indefesa areia,<br>e quando voltam,<br>levam as pegadas deixadas pelo tempo que \u00e9 um milagre que jamais se repete ao natural.<br>Mas, do outro lado, eu vejo enormes ondas que espumam <br>e batem forte na rocha, respingando o meu corpo inerte.<br>De repente, o quadro come\u00e7a a mudar.<br>E o brilho do Sol que reflete nas \u00e1guas aumenta e, pouco a pouco, encanta o dia que se inicia.<br>E os p\u00e1ssaros gorjeiam anunciando o novo dia.<br>E eu me encanto.<br>Estou s\u00f3.<br>N\u00e3o saio dali.<br>N\u00e3o preciso ter pressa e, calmamente, pinto o quadro com tintas aparentes <br>sobre todo o espet\u00e1culo  que os meus olhos contemplam.<br>A brisa soa mansinho e refresca meu corpo.<br>Com o passar das horas a tarde chega e logo o crep\u00fasculo surge, <br>anunciando a noite que se aproxima de mansinho.<br>E com ela a paisagem muda.<br>E eu n\u00e3o consigo sair dali.<br>\u00c9 mais forte que eu.<br>Preciso ver partir o tom avermelhado que <br>\u00e9 aplaudido pelas folhas das \u00e1rvores que o vento balan\u00e7a<br>e renascer o brilho prateado do luar, refletido nas \u00e1guas que agora parecem turvas, <br>aconchegando os cora\u00e7\u00f5es enamorados.<br>Novos sonhos surgem.<br>Uma perfeita melodia.<br>E meu corpo em repouso sobre a pedra iluminada na esperan\u00e7a de que voc\u00ea, <br>em meio \u00e0 neblina que cai,<br> surja para me aquecer e que possamos nos amar at\u00e9 o novo amanhecer.<br><\/p>\n\n\n\n<p class=\"has-text-align-center\"><strong>Comendadora Poetisa Sandra Albuquerque<\/strong><br>Rio de Janeiro, 03\/04\/2024<\/p>\n\n\n\n<div class=\"wp-block-columns is-layout-flex wp-container-core-columns-is-layout-9d6595d7 wp-block-columns-is-layout-flex\">\n<div class=\"wp-block-column is-layout-flow wp-block-column-is-layout-flow\">\n<h4 class=\"wp-block-heading has-text-align-center has-luminous-vivid-amber-to-luminous-vivid-orange-gradient-background has-background\"><a href=\"https:\/\/www.tiktok.com\/@poetisasandraalbu\" target=\"_blank\" rel=\"noopener\" title=\"TIKTOK\">TIKTOK<\/a><\/h4>\n<\/div>\n\n\n\n<div class=\"wp-block-column is-layout-flow wp-block-column-is-layout-flow\">\n<h4 class=\"wp-block-heading has-text-align-center has-luminous-vivid-amber-to-luminous-vivid-orange-gradient-background has-background\"><a href=\"https:\/\/www.instagram.com\/comendadora_poetisa_sandra\/\" target=\"_blank\" rel=\"noopener\" title=\"INSTAGRAM\">INSTAGRAM<\/a><\/h4>\n<\/div>\n\n\n\n<div class=\"wp-block-column is-layout-flow wp-block-column-is-layout-flow\">\n<h4 class=\"wp-block-heading has-text-align-center has-luminous-vivid-amber-to-luminous-vivid-orange-gradient-background has-background\"><a href=\"https:\/\/www.youtube.com\/channel\/UCeOgzABWNUfAMlZ5Y-0Pnyw\/videos\" title=\"YOUTUBE\">YOUTUBE<\/a><\/h4>\n<\/div>\n<\/div>\n\n\n\n<p><a href=\"https:\/\/jornalrol.com.br\/\" title=\"Voltar\">Voltar<\/a><\/p>\n\n\n\n<p><a href=\"https:\/\/www.facebook.com\/JCulturalrol.com\/\" title=\"Facebook\">Facebook<\/a><\/p>\n","protected":false},"excerpt":{"rendered":"<p>Do alto da montanha eu podia ver toda a natureza indefesa que estava ao meu alcance. Ao longe, uma imensid\u00e3o enegrecida, um infinito n\u00e3o mais vis\u00edvel aos olhos<\/p>\n","protected":false},"author":11,"featured_media":72753,"comment_status":"open","ping_status":"closed","sticky":false,"template":"","format":"standard","meta":{"_jetpack_newsletter_access":"","_jetpack_dont_email_post_to_subs":false,"_jetpack_newsletter_tier_id":0,"_jetpack_memberships_contains_paywalled_content":false,"_jetpack_memberships_contains_paid_content":false,"footnotes":""},"categories":[9285,58],"tags":[688,10067,14089,11137,11255,5980],"class_list":["post-72752","post","type-post","status-publish","format-standard","has-post-thumbnail","hentry","category-literatura","category-poesias","tag-agua","tag-areia","tag-bailar-das-ondas","tag-infinito","tag-montanha","tag-natureza"],"aioseo_notices":[],"views":688,"jetpack_featured_media_url":"http:\/\/jornalrol.com.br\/wp-content\/uploads\/2025\/04\/9e38ee6d-d843-4ce0-a49c-a85664afbed8.jpg","jetpack_sharing_enabled":true,"jetpack_likes_enabled":true,"jetpack-related-posts":[{"id":56911,"url":"http:\/\/jornalrol.com.br\/?p=56911","url_meta":{"origin":72752,"position":0},"title":"Meio ambiente&#8217;","author":"Sandra Albuquerque","date":"6 de junho de 2023","format":false,"excerpt":"A M\u00e3e Natureza, desde o in\u00edcio dos tempos, deu tudo ao homem - a \u00e1gua, folhas e frutos, e at\u00e9 os animais -, mas ele n\u00e3o corresponde a essa d\u00e1diva. Por qu\u00ea?","rel":"","context":"Em &quot;Literatura&quot;","block_context":{"text":"Literatura","link":"http:\/\/jornalrol.com.br\/?cat=9285"},"img":{"alt_text":"","src":"https:\/\/i0.wp.com\/jornalrol.com.br\/wp-content\/uploads\/2023\/06\/sky-1392241_1280-1.jpg?resize=350%2C200","width":350,"height":200,"srcset":"https:\/\/i0.wp.com\/jornalrol.com.br\/wp-content\/uploads\/2023\/06\/sky-1392241_1280-1.jpg?resize=350%2C200 1x, https:\/\/i0.wp.com\/jornalrol.com.br\/wp-content\/uploads\/2023\/06\/sky-1392241_1280-1.jpg?resize=525%2C300 1.5x"},"classes":[]},{"id":57463,"url":"http:\/\/jornalrol.com.br\/?p=57463","url_meta":{"origin":72752,"position":1},"title":"Voando em pensamentos","author":"Sandra Albuquerque","date":"16 de junho de 2023","format":false,"excerpt":"\u00c0 beira do lago a poetisa senta-se ao cair da tarde e observa a natureza nela refletida. O vento come\u00e7ou a soar bem calmo e frio e, com o toque dele...","rel":"","context":"Em &quot;Literatura&quot;","block_context":{"text":"Literatura","link":"http:\/\/jornalrol.com.br\/?cat=9285"},"img":{"alt_text":"","src":"https:\/\/i0.wp.com\/jornalrol.com.br\/wp-content\/uploads\/2023\/06\/238a6370-568a-4a85-88fb-5210b8c3135e.jpg?resize=350%2C200","width":350,"height":200,"srcset":"https:\/\/i0.wp.com\/jornalrol.com.br\/wp-content\/uploads\/2023\/06\/238a6370-568a-4a85-88fb-5210b8c3135e.jpg?resize=350%2C200 1x, https:\/\/i0.wp.com\/jornalrol.com.br\/wp-content\/uploads\/2023\/06\/238a6370-568a-4a85-88fb-5210b8c3135e.jpg?resize=525%2C300 1.5x, https:\/\/i0.wp.com\/jornalrol.com.br\/wp-content\/uploads\/2023\/06\/238a6370-568a-4a85-88fb-5210b8c3135e.jpg?resize=700%2C400 2x, https:\/\/i0.wp.com\/jornalrol.com.br\/wp-content\/uploads\/2023\/06\/238a6370-568a-4a85-88fb-5210b8c3135e.jpg?resize=1050%2C600 3x"},"classes":[]},{"id":47331,"url":"http:\/\/jornalrol.com.br\/?p=47331","url_meta":{"origin":72752,"position":2},"title":"Sandra Albuquerque: &#039;Est\u00e1 em cima do muro&#039;","author":"Sandra Albuquerque","date":"17 de dezembro de 2021","format":false,"excerpt":"Est\u00e1 em cima do muro Estar em cima do muro \u00e9 voc\u00ea se aniquilar\u00a0e se tornar tal como a \u00e1gua de um lago que parece estar parado e, no entanto, h\u00e1 vida dentro dele. \u00c9 como um p\u00e1ssaro sem asas. Um mar sem ondas. Um tiro no espa\u00e7o. Um corpo\u2026","rel":"","context":"Em &quot;Comunica\u00e7\u00e3o&quot;","block_context":{"text":"Comunica\u00e7\u00e3o","link":"http:\/\/jornalrol.com.br\/?cat=7"},"img":{"alt_text":"","src":"https:\/\/i0.wp.com\/www.jornalrol.com.br\/wp-content\/uploads\/2020\/06\/9f6225c2-19e8-4a60-ba2c-0f4b619632d7-296x300.jpg?resize=350%2C200","width":350,"height":200},"classes":[]},{"id":41968,"url":"http:\/\/jornalrol.com.br\/?p=41968","url_meta":{"origin":72752,"position":3},"title":"Sandra Albuquerque: &#039;Vem&#039;","author":"Sandra Albuquerque","date":"18 de junho de 2021","format":false,"excerpt":"Vem Saudades de voc\u00ea Saudades de seu beijo Saudades de seus afagos Saudade de seus sussurros Saudade de seus toques Saudades de seu jeito sem jeito Quero voc\u00ea por inteiro Hoje e para todos os dias Quero voc\u00ea para sempre Vem. Meu amor por voc\u00ea \u00e9 puro tal como as\u2026","rel":"","context":"Em &quot;Comunica\u00e7\u00e3o&quot;","block_context":{"text":"Comunica\u00e7\u00e3o","link":"http:\/\/jornalrol.com.br\/?cat=7"},"img":{"alt_text":"","src":"https:\/\/i0.wp.com\/www.jornalrol.com.br\/wp-content\/uploads\/2020\/06\/9f6225c2-19e8-4a60-ba2c-0f4b619632d7-296x300.jpg?resize=350%2C200","width":350,"height":200},"classes":[]},{"id":44649,"url":"http:\/\/jornalrol.com.br\/?p=44649","url_meta":{"origin":72752,"position":4},"title":"Sandra Albuquerque: &#039;Extraterrestre&#039;","author":"Sandra Albuquerque","date":"10 de setembro de 2021","format":false,"excerpt":"Extraterrestre Poema em homenagem ao jornalista, escritor e um dos editores do Jornal Cultural Rol, Sergio Diniz, que acredita que somos seres de outros planetas \u00c9 bem desse modo Que eu espero voc\u00ea A cada manh\u00e3 E anoitecer Em dias nublados Ensolarados tamb\u00e9m Fico \u00e0 espera E voc\u00ea n\u00e3o vem.\u2026","rel":"","context":"Em &quot;Comunica\u00e7\u00e3o&quot;","block_context":{"text":"Comunica\u00e7\u00e3o","link":"http:\/\/jornalrol.com.br\/?cat=7"},"img":{"alt_text":"","src":"https:\/\/i0.wp.com\/www.jornalrol.com.br\/wp-content\/uploads\/2020\/06\/9f6225c2-19e8-4a60-ba2c-0f4b619632d7-296x300.jpg?resize=350%2C200","width":350,"height":200},"classes":[]},{"id":63479,"url":"http:\/\/jornalrol.com.br\/?p=63479","url_meta":{"origin":72752,"position":5},"title":"Uma viagem em segundos","author":"Sandra Albuquerque","date":"30 de novembro de 2023","format":false,"excerpt":"Em sonhos, com os olhos bem abertos, viajei, em segundos, pela estrada do tempo. Imaginei um mundo bem melhor: N\u00e3o um mundo como o nosso, em que h\u00e1...","rel":"","context":"Em &quot;Literatura&quot;","block_context":{"text":"Literatura","link":"http:\/\/jornalrol.com.br\/?cat=9285"},"img":{"alt_text":"\"Em sonhos, com os olhos bem abertos, viajei em segundos pela estrada do tempo\"","src":"https:\/\/i0.wp.com\/jornalrol.com.br\/wp-content\/uploads\/2023\/11\/OIG-5-1.jpg?resize=350%2C200","width":350,"height":200,"srcset":"https:\/\/i0.wp.com\/jornalrol.com.br\/wp-content\/uploads\/2023\/11\/OIG-5-1.jpg?resize=350%2C200 1x, https:\/\/i0.wp.com\/jornalrol.com.br\/wp-content\/uploads\/2023\/11\/OIG-5-1.jpg?resize=525%2C300 1.5x, https:\/\/i0.wp.com\/jornalrol.com.br\/wp-content\/uploads\/2023\/11\/OIG-5-1.jpg?resize=700%2C400 2x"},"classes":[]}],"_links":{"self":[{"href":"http:\/\/jornalrol.com.br\/index.php?rest_route=\/wp\/v2\/posts\/72752","targetHints":{"allow":["GET"]}}],"collection":[{"href":"http:\/\/jornalrol.com.br\/index.php?rest_route=\/wp\/v2\/posts"}],"about":[{"href":"http:\/\/jornalrol.com.br\/index.php?rest_route=\/wp\/v2\/types\/post"}],"author":[{"embeddable":true,"href":"http:\/\/jornalrol.com.br\/index.php?rest_route=\/wp\/v2\/users\/11"}],"replies":[{"embeddable":true,"href":"http:\/\/jornalrol.com.br\/index.php?rest_route=%2Fwp%2Fv2%2Fcomments&post=72752"}],"version-history":[{"count":2,"href":"http:\/\/jornalrol.com.br\/index.php?rest_route=\/wp\/v2\/posts\/72752\/revisions"}],"predecessor-version":[{"id":72755,"href":"http:\/\/jornalrol.com.br\/index.php?rest_route=\/wp\/v2\/posts\/72752\/revisions\/72755"}],"wp:featuredmedia":[{"embeddable":true,"href":"http:\/\/jornalrol.com.br\/index.php?rest_route=\/wp\/v2\/media\/72753"}],"wp:attachment":[{"href":"http:\/\/jornalrol.com.br\/index.php?rest_route=%2Fwp%2Fv2%2Fmedia&parent=72752"}],"wp:term":[{"taxonomy":"category","embeddable":true,"href":"http:\/\/jornalrol.com.br\/index.php?rest_route=%2Fwp%2Fv2%2Fcategories&post=72752"},{"taxonomy":"post_tag","embeddable":true,"href":"http:\/\/jornalrol.com.br\/index.php?rest_route=%2Fwp%2Fv2%2Ftags&post=72752"}],"curies":[{"name":"wp","href":"https:\/\/api.w.org\/{rel}","templated":true}]}}