{"id":74293,"date":"2025-07-15T17:23:27","date_gmt":"2025-07-15T20:23:27","guid":{"rendered":"https:\/\/jornalrol.com.br\/?p=74293"},"modified":"2025-07-16T15:17:13","modified_gmt":"2025-07-16T18:17:13","slug":"novo-genero-literario-nasce-no-brasil","status":"publish","type":"post","link":"http:\/\/jornalrol.com.br\/?p=74293","title":{"rendered":"Novo g\u00eanero liter\u00e1rio nasce no Brasil!"},"content":{"rendered":"<div class=\"pdfprnt-buttons pdfprnt-buttons-post pdfprnt-top-right\"><a href=\"http:\/\/jornalrol.com.br\/index.php?rest_route=%2Fwp%2Fv2%2Fposts%2F74293&print=pdf\" class=\"pdfprnt-button pdfprnt-button-pdf\" target=\"_blank\" ><\/a><a href=\"http:\/\/jornalrol.com.br\/index.php?rest_route=%2Fwp%2Fv2%2Fposts%2F74293&print=print\" class=\"pdfprnt-button pdfprnt-button-print\" target=\"_blank\" ><img decoding=\"async\" src=\"https:\/\/jornalrol.com.br\/wp-content\/plugins\/pdf-print\/images\/print.png\" alt=\"image_print\" title=\"Conte\u00fado de impress\u00e3o\" \/><\/a><\/div>\n<h2 class=\"wp-block-heading has-text-align-center\">A Ode Hist\u00f3rico-Patrimonial Brasileira \u00e9 um novo g\u00eanero liter\u00e1rio, criado pela poeta sul-mato-grossense Suziene Cavalcante<br><br><\/h2>\n\n\n<div class=\"wp-block-image\">\n<figure class=\"aligncenter size-full is-resized\"><img loading=\"lazy\" decoding=\"async\" width=\"848\" height=\"1264\" data-attachment-id=\"74290\" data-permalink=\"http:\/\/jornalrol.com.br\/?attachment_id=74290\" data-orig-file=\"http:\/\/jornalrol.com.br\/wp-content\/uploads\/2025\/07\/88d0377d-0f0c-477d-a277-57eda030fac2.jpg\" data-orig-size=\"848,1264\" data-comments-opened=\"1\" data-image-meta=\"{&quot;aperture&quot;:&quot;0&quot;,&quot;credit&quot;:&quot;&quot;,&quot;camera&quot;:&quot;&quot;,&quot;caption&quot;:&quot;&quot;,&quot;created_timestamp&quot;:&quot;0&quot;,&quot;copyright&quot;:&quot;&quot;,&quot;focal_length&quot;:&quot;0&quot;,&quot;iso&quot;:&quot;0&quot;,&quot;shutter_speed&quot;:&quot;0&quot;,&quot;title&quot;:&quot;&quot;,&quot;orientation&quot;:&quot;0&quot;}\" data-image-title=\"88d0377d-0f0c-477d-a277-57eda030fac2\" data-image-description=\"\" data-image-caption=\"\" data-large-file=\"http:\/\/jornalrol.com.br\/wp-content\/uploads\/2025\/07\/88d0377d-0f0c-477d-a277-57eda030fac2.jpg\" src=\"http:\/\/jornalrol.com.br\/wp-content\/uploads\/2025\/07\/88d0377d-0f0c-477d-a277-57eda030fac2.jpg\" alt=\"Suziene Cavalcante - Foto por Adiene Ensaios\" class=\"wp-image-74290\" style=\"width:180px;height:auto\" srcset=\"http:\/\/jornalrol.com.br\/wp-content\/uploads\/2025\/07\/88d0377d-0f0c-477d-a277-57eda030fac2.jpg 848w, http:\/\/jornalrol.com.br\/wp-content\/uploads\/2025\/07\/88d0377d-0f0c-477d-a277-57eda030fac2-805x1200.jpg 805w, http:\/\/jornalrol.com.br\/wp-content\/uploads\/2025\/07\/88d0377d-0f0c-477d-a277-57eda030fac2-768x1145.jpg 768w\" sizes=\"auto, (max-width: 848px) 100vw, 848px\" \/><figcaption class=\"wp-element-caption\">Suziene Cavalcante &#8211; Foto por Adiene Ensaios<\/figcaption><\/figure>\n<\/div>\n\n\n<h3 class=\"wp-block-heading has-text-align-center\">SUZIENE CAVALCANTE FAZ HIST\u00d3RIA COM O PRIMEIRO HINO AO<br> TEATRO AMAZONAS<\/h3>\n\n\n<div class=\"wp-block-image\">\n<figure class=\"alignright size-full is-resized\"><img loading=\"lazy\" decoding=\"async\" width=\"858\" height=\"1280\" data-attachment-id=\"74297\" data-permalink=\"http:\/\/jornalrol.com.br\/?attachment_id=74297\" data-orig-file=\"http:\/\/jornalrol.com.br\/wp-content\/uploads\/2025\/07\/d260bb98-e297-43fa-a3c7-a6b928f144e9.jpg\" data-orig-size=\"858,1280\" data-comments-opened=\"1\" data-image-meta=\"{&quot;aperture&quot;:&quot;0&quot;,&quot;credit&quot;:&quot;&quot;,&quot;camera&quot;:&quot;&quot;,&quot;caption&quot;:&quot;&quot;,&quot;created_timestamp&quot;:&quot;0&quot;,&quot;copyright&quot;:&quot;&quot;,&quot;focal_length&quot;:&quot;0&quot;,&quot;iso&quot;:&quot;0&quot;,&quot;shutter_speed&quot;:&quot;0&quot;,&quot;title&quot;:&quot;&quot;,&quot;orientation&quot;:&quot;0&quot;}\" data-image-title=\"d260bb98-e297-43fa-a3c7-a6b928f144e9\" data-image-description=\"\" data-image-caption=\"\" data-large-file=\"http:\/\/jornalrol.com.br\/wp-content\/uploads\/2025\/07\/d260bb98-e297-43fa-a3c7-a6b928f144e9.jpg\" src=\"http:\/\/jornalrol.com.br\/wp-content\/uploads\/2025\/07\/d260bb98-e297-43fa-a3c7-a6b928f144e9.jpg\" alt=\"Suziene Cavalcante, na apresenta\u00e7\u00e3o do 'Hino ao Teatro Amazonas' - Foto por Adriele Ensaios\" class=\"wp-image-74297\" style=\"width:332px;height:auto\" srcset=\"http:\/\/jornalrol.com.br\/wp-content\/uploads\/2025\/07\/d260bb98-e297-43fa-a3c7-a6b928f144e9.jpg 858w, http:\/\/jornalrol.com.br\/wp-content\/uploads\/2025\/07\/d260bb98-e297-43fa-a3c7-a6b928f144e9-804x1200.jpg 804w, http:\/\/jornalrol.com.br\/wp-content\/uploads\/2025\/07\/d260bb98-e297-43fa-a3c7-a6b928f144e9-768x1146.jpg 768w\" sizes=\"auto, (max-width: 858px) 100vw, 858px\" \/><figcaption class=\"wp-element-caption\">Suziene Cavalcante, na apresenta\u00e7\u00e3o do &#8216;Hino ao Teatro Amazonas&#8217; &#8211; Foto por Adriele Ensaios<\/figcaption><\/figure>\n<\/div>\n\n\n<p class=\"has-drop-cap has-text-align-left\">Obra po\u00e9tica consagra um dos maiores \u00edcones culturais do Brasil em forma l\u00edrica e inaugura mais um novo g\u00eanero liter\u00e1rio.<\/p>\n\n\n\n<p>O imponente <a href=\"https:\/\/pt.wikipedia.org\/wiki\/Teatro_Amazonas\" title=\"Teatro Amazonas\">Teatro Amazonas<\/a>, joia arquitet\u00f4nica encravada no cora\u00e7\u00e3o da floresta amaz\u00f4nica, acaba de receber uma homenagem in\u00e9dita e hist\u00f3rica: o seu primeiro hino po\u00e9tico oficial, escrito pela renomada poeta brasileira <strong>Suziene Cavalcante<\/strong>.<\/p>\n\n\n\n<p>A obra intitulada \u2018<strong>Hino ao Teatro Amazonas<\/strong>\u2019 transcende os limites da poesia tradicional e se consolida como um marco na literatura nacional, ao unir lirismo elevado, rever\u00eancia simb\u00f3lica e consci\u00eancia hist\u00f3rica em versos que celebram n\u00e3o apenas o edif\u00edcio, mas tamb\u00e9m a alma da cultura amaz\u00f4nica e brasileira.<\/p>\n\n\n\n<p><strong>In\u00e9dita e revolucion\u00e1ria: mais uma cria\u00e7\u00e3o hist\u00f3rica de Suziene Cavalcante<\/strong><\/p>\n\n\n\n<p>O hino representa mais do que uma homenagem. Ele marca a cria\u00e7\u00e3o de um novo g\u00eanero liter\u00e1rio: o hino-poema art\u00edstico, que funde solenidade institucional com profundidade l\u00edrica e est\u00e9tica liter\u00e1ria.<\/p>\n\n\n\n<p>Suziene Cavalcante, j\u00e1 reconhecida nacionalmente por criar as &#8216;biografias po\u00e9ticas&#8217;, as &#8216;hist\u00f3rias de cidades, estados e pa\u00edses em poesia&#8217;, e por compor hinos in\u00e9ditos a profiss\u00f5es, institui\u00e7\u00f5es e s\u00edmbolos da na\u00e7\u00e3o, inaugura agora mais esse g\u00eanero inovador e solene, que funde arte e patrim\u00f4nio.<br><br><\/p>\n\n\n<div class=\"wp-block-image\">\n<figure class=\"aligncenter size-full is-resized\"><img loading=\"lazy\" decoding=\"async\" width=\"1080\" height=\"748\" data-attachment-id=\"74295\" data-permalink=\"http:\/\/jornalrol.com.br\/?attachment_id=74295\" data-orig-file=\"http:\/\/jornalrol.com.br\/wp-content\/uploads\/2025\/07\/6ab03c61-a039-4703-b1ae-e2c0caefd715.jpg\" data-orig-size=\"1080,748\" data-comments-opened=\"1\" data-image-meta=\"{&quot;aperture&quot;:&quot;0&quot;,&quot;credit&quot;:&quot;&quot;,&quot;camera&quot;:&quot;&quot;,&quot;caption&quot;:&quot;&quot;,&quot;created_timestamp&quot;:&quot;0&quot;,&quot;copyright&quot;:&quot;&quot;,&quot;focal_length&quot;:&quot;0&quot;,&quot;iso&quot;:&quot;0&quot;,&quot;shutter_speed&quot;:&quot;0&quot;,&quot;title&quot;:&quot;&quot;,&quot;orientation&quot;:&quot;0&quot;}\" data-image-title=\"6ab03c61-a039-4703-b1ae-e2c0caefd715\" data-image-description=\"\" data-image-caption=\"\" data-large-file=\"http:\/\/jornalrol.com.br\/wp-content\/uploads\/2025\/07\/6ab03c61-a039-4703-b1ae-e2c0caefd715.jpg\" src=\"http:\/\/jornalrol.com.br\/wp-content\/uploads\/2025\/07\/6ab03c61-a039-4703-b1ae-e2c0caefd715.jpg\" alt=\"Sala de espet\u00e1culos do Teatro Amazonas - Foto por Adriele Ensaios\" class=\"wp-image-74295\" style=\"width:678px;height:auto\" srcset=\"http:\/\/jornalrol.com.br\/wp-content\/uploads\/2025\/07\/6ab03c61-a039-4703-b1ae-e2c0caefd715.jpg 1080w, http:\/\/jornalrol.com.br\/wp-content\/uploads\/2025\/07\/6ab03c61-a039-4703-b1ae-e2c0caefd715-768x532.jpg 768w\" sizes=\"auto, (max-width: 1080px) 100vw, 1080px\" \/><figcaption class=\"wp-element-caption\">Sala de espet\u00e1culos do Teatro Amazonas &#8211; por Adriele Ensaios<\/figcaption><\/figure>\n<\/div>\n\n\n<p><strong>Um templo da arte no cora\u00e7\u00e3o da floresta<\/strong><\/p>\n\n\n\n<p>O Hino ao Teatro Amazonas exalta a grandiosidade do monumento como s\u00edmbolo da civiliza\u00e7\u00e3o e da cultura em meio \u00e0 selva, descrevendo-o como um &#8216;sagrado pal\u00e1cio da arte, uma &#8216;rosa neocl\u00e1ssica no Equador, e &#8216;guardi\u00e3o do belo no verde-terno&#8217;.<\/p>\n\n\n\n<p>O poema \u00e9 um verdadeiro documento cultural l\u00edrico, que resgata a hist\u00f3ria do teatro, nascido no apogeu do ciclo da borracha, e celebra suas colunas neocl\u00e1ssicas, seus lustres italianos, sua c\u00fapula ornamentada e sua fun\u00e7\u00e3o como sede do Festival de \u00d3pera e centro da vida art\u00edstica amaz\u00f4nica.<\/p>\n\n\n\n<p><strong>Um poema que eterniza<\/strong><\/p>\n\n\n\n<p>Com riqueza metaf\u00f3rica e beleza sonora, o hino transforma o Teatro Amazonas em personagem l\u00edrico da hist\u00f3ria nacional. Em seus versos, Suziene pergunta:<\/p>\n\n\n\n<p class=\"has-text-align-center\">\u201cO c\u00e9u te olhava quando o sol te pintou?<br> A lua coube em teu palco de amor?\u201d<\/p>\n\n\n\n<p>Tais versos n\u00e3o apenas embelezam, mas eternizam o Teatro Amazonas como s\u00edmbolo de identidade, orgulho e arte nacional.<\/p>\n\n\n\n<p><strong>Cultura e futuro: um legado para o Brasil<\/strong><\/p>\n\n\n\n<p>Com essa obra, Suziene Cavalcante mais uma vez contribui para o patrim\u00f4nio imaterial do Brasil, refor\u00e7ando a import\u00e2ncia de preservar e exaltar os grandes marcos da cultura brasileira atrav\u00e9s da poesia elevada. O hino pode agora ser recitado, ensinado, interpretado e musicado, abrindo caminho para que o Teatro Amazonas brilhe tamb\u00e9m nas p\u00e1ginas da literatura nacional.<\/p>\n\n\n\n<h2 class=\"wp-block-heading has-text-align-center\">Sobre a autora<\/h2>\n\n\n\n<p><strong>Suziene Cavalcante<\/strong>, natural de Rondon\u00f3polis, Mato Grosso do Sul, \u00e9 poeta brasileira e criadora de g\u00eaneros liter\u00e1rios in\u00e9ditos no Brasil. Suas obras incluem hinos po\u00e9ticos a s\u00edmbolos nacionais, biografias em versos de personalidades hist\u00f3ricas, e hist\u00f3rias de cidades, estados e pa\u00edses em forma l\u00edrica. Reconhecida por sua profundidade est\u00e9tica, consci\u00eancia hist\u00f3rica e beleza verbal, tem sido aclamada por diversas institui\u00e7\u00f5es culturais brasileiras e internacionais.<\/p>\n\n\n\n<p>O Brasil reconhece este marco na literatura!<\/p>\n\n\n\n<h2 class=\"wp-block-heading has-text-align-center\">Hino ao Teatro Amazonas<\/h2>\n\n\n\n<p class=\"has-text-align-center\">Sagrado Pal\u00e1cio da arte\u2026<br>Joia da floresta, da brasilidade!<br>No cora\u00e7\u00e3o da selva pulsa o teu esplendor\u2026<br>\u00d3 rosa da arquitetura de magnitura que beija o equador!<br>Catedral da cena em flores do tr\u00f3pico\u2026<br>Nasces do verde, no \u00c9den- \u00f3tico\u2026<br>L\u00e1 Gioconda em teu batismo ecoou!<\/p>\n\n\n\n<p class=\"has-text-align-center\">Majestade neocl\u00e1ssica em solo ancestral\u2026<br>Foste sonhado por bar\u00f5es em del\u00edrio Imperial\u2026<br>Altar da express\u00e3o sob o c\u00e9u tropical!<br>Em ti, a Amaz\u00f4nia veste-se de gala!<br>E a humanidade, diante de tu&#8217;arte se cala!<br>\u00d3 poema de m\u00e1rmore que fala! No tom florestal de Manaus!<\/p>\n\n\n\n<p class=\"has-text-align-center\">\u00d3 belo Teatro, a um c\u00e9u no mato te assemelhas!<br>Penso, sonhando, que l\u00e1 no c\u00e9u os anjos contemplam tuas estrelas!<br>Teus arcos murmuram hist\u00f3rias primeiras\u2026<br>Teu corpo nobre, barroco e marfim\u2026<br>Lustres da It\u00e1lia, dourados varandins\u2026<br>\u00c9 a cultura no clarim das palmeiras!<\/p>\n\n\n\n<p class=\"has-text-align-center\">Na aurora do s\u00e9culo, em que o l\u00e1tex brilhava\u2026<br>Teu templo erguia-se, e a borracha reinava\u2026 E tu triunfavas!<br>S\u00e9culo da opul\u00eancia, foste templo-farol\u2026<br>Estrela que pulsa ao lado do sol!<br>Espelhos da Fran\u00e7a, em temperan\u00e7a de crisol\u2026<br>Encenavas!<\/p>\n\n\n\n<p class=\"has-text-align-center\">Tuas colunas com alma francesa\u2026<br>Sustentam dramas, dan\u00e7as, realezas\u2026<br>\u00d3 c\u00fapula rosada c&#8217;a gra\u00e7a de Veneza\u2026<br>Ecos da \u00f3pera, violinos, tenores\u2026<br>Flanam no ar com mil esplendores\u2026<br>Teus palcos mui civilizadores, s\u00e3o grandezas!<\/p>\n\n\n\n<p class=\"has-text-align-center\">\u00d3 Teatro-Castelo, Guardi\u00e3o do belo, ergues no verde-terno teu jardim de esmeralda!<br>C\u00e9u de pedra no \u00c9den altaneiro\u2026<br>Com alma francesa e rosto brasileiro\u2026<br>A arte vestida do brilho primeiro da alva, e da forma mais alta!<br>O c\u00e9u te olhava quando o sol te pintou?<br>A lua coube em teu palco de amor?<br>Teus veludos dourados s\u00e3o um esplendor\u2026luz dalva!<\/p>\n\n\n\n<p class=\"has-text-align-center\">\u00d3 Teatro Amazonas, sonhado mirante!<br>Da arte \u00e9s clarim, da selva, diamante\u2026<br>Tuas colunas erguem-se como ora\u00e7\u00e3o grega\u2026<br>Em cores suaves teu domo flameja\u2026<br>Guardi\u00e3o da cultura no cora\u00e7\u00e3o da natureza \u2026pasmante!<\/p>\n\n\n\n<p class=\"has-text-align-center\">Ali, onde a l\u00e1grima vira linguagem\u2026<br>Os anjos da arte, em ti, em miragens\u2026<br>Colosso encantado, erudita paisagem\u2026<br>\u00c9s livro aberto d&#8217;arte que pulsa\u2026<br>Santu\u00e1rio culto que o mundo ilustra\u2026<br>O c\u00e9u em mosaico nos \u00e1trios de tua C\u00fapula\u2026<br>Rei em naturagens!<\/p>\n\n\n\n<p class=\"has-text-align-center\">Entre verdes infindos, igarap\u00e9s cintilantes\u2026<br>Rios que dan\u00e7am c&#8217;os peixes valsantes\u2026<br>Teatro-m\u00e3e da selva, em voz de cristal\u2026<br>Trono esculpido na hist\u00f3ria cultural\u2026<br>Sopro brilhante da civiliza\u00e7\u00e3o atuante!<\/p>\n\n\n\n<p class=\"has-text-align-center\">Colunas neocl\u00e1ssicas, gregas em alma\u2026<br>Posturam-se firmes como a estrela d&#8217;alva\u2026<br>\u00c9s sinfonia das mais puras almas\u2026<br>De Paris vieram tra\u00e7os e molduras\u2026<br>Do Velho Mundo, tuas estruturas\u2026<br>Teu sal\u00e3o, um nobre v\u00e9u de formosura, mui alva!<\/p>\n\n\n\n<p class=\"has-text-align-center\">Sede do Festival de \u00d3pera com aclama\u00e7\u00e3o\u2026<br>Do bal\u00e9 Amaz\u00f4nico, da pura erudi\u00e7\u00e3o!<br>Teus espelhos da Fran\u00e7a, o piano alem\u00e3o\u2026<br>\u00c9s s\u00edmbolo da selva que canta e pensa\u2026<br>Da Amaz\u00f4nia sublime que se imprime imensa\u2026<br>Um poema de m\u00e1rmore incandesc\u00eancia de teu ch\u00e3o!<br>Mosaicos brilham em tra\u00e7os harm\u00f4nicos\u2026<br>Como os espelhos d&#8217;\u00e1gua dos rios Amaz\u00f4nicos\u2026<br>Veludos dourados, burlescos sinf\u00f4nicos\u2026<br>Extens\u00e3o da Cria\u00e7\u00e3o!<\/p>\n\n\n\n<p class=\"has-text-align-center\">\u00c9s o enlace entre o humano e o eterno\u2026<br>Pal\u00e1cio barroco no verde moderno!<br>Nos teus corredores respiram esplendores em tom discreto\u2026<br>Ergues no verde tua voz de cristal\u2026<br>Coroa imponente da arte imortal\u2026<br>De \u00f3peras e pe\u00e7as da vida real\u2026<br>Teatro-Castelo!<\/p>\n\n\n\n<p class=\"has-text-align-center\">Que nunca se calem tuas cortinas\u2026<br>Nem se apaguem tuas luzes divinas\u2026<br>Teu legado beija a imensid\u00e3o de cima\u2026<br>E a vida se curva \u00e0 arte encenada\u2026<br>Templo de vozes, luzes dramatizadas\u2026<br>A rosa mais bela da floresta encantada!<br>Fortaleza florestina!<\/p>\n\n\n\n<p class=\"has-text-align-center\">\u00c9s mais que Teatro, \u00e9s mem\u00f3ria e raiz\u2026<br>\u00c9s a voz que a floresta cantou mais feliz!<br>Rei do luxo entre as flores de lis\u2026<br>Reinas altivo na selva infinita\u2026<br>\u00c9s sonho esculpido na floresta da vida\u2026<br>No peito do mundo \u00e9s j\u00f3ia esculpida\u2026<br>E teu hino eu fiz!<\/p>\n\n\n\n<h4 class=\"wp-block-heading has-text-align-center\">Suziene Cavalcante: Poeta brasileira<br><br><\/h4>\n\n\n\n<h2 class=\"wp-block-heading has-text-align-center\">Fotos da apresenta\u00e7\u00e3o do Hino no Teatro Amazonas<br><br><\/h2>\n\n\n\n<div class=\"wp-block-columns is-layout-flex wp-container-core-columns-is-layout-9d6595d7 wp-block-columns-is-layout-flex\">\n<div class=\"wp-block-column is-layout-flow wp-block-column-is-layout-flow\">\n<figure class=\"wp-block-image size-full\"><img loading=\"lazy\" decoding=\"async\" width=\"1080\" height=\"759\" data-attachment-id=\"74301\" data-permalink=\"http:\/\/jornalrol.com.br\/?attachment_id=74301\" data-orig-file=\"http:\/\/jornalrol.com.br\/wp-content\/uploads\/2025\/07\/d6b1df04-958f-412f-b37e-76673ea21587.jpg\" data-orig-size=\"1080,759\" data-comments-opened=\"1\" data-image-meta=\"{&quot;aperture&quot;:&quot;0&quot;,&quot;credit&quot;:&quot;&quot;,&quot;camera&quot;:&quot;&quot;,&quot;caption&quot;:&quot;&quot;,&quot;created_timestamp&quot;:&quot;0&quot;,&quot;copyright&quot;:&quot;&quot;,&quot;focal_length&quot;:&quot;0&quot;,&quot;iso&quot;:&quot;0&quot;,&quot;shutter_speed&quot;:&quot;0&quot;,&quot;title&quot;:&quot;&quot;,&quot;orientation&quot;:&quot;0&quot;}\" data-image-title=\"d6b1df04-958f-412f-b37e-76673ea21587\" data-image-description=\"\" data-image-caption=\"\" data-large-file=\"http:\/\/jornalrol.com.br\/wp-content\/uploads\/2025\/07\/d6b1df04-958f-412f-b37e-76673ea21587.jpg\" src=\"https:\/\/jornalrol.com.br\/wp-content\/uploads\/2025\/07\/d6b1df04-958f-412f-b37e-76673ea21587.jpg\" alt=\"Orquestra do Teatro Amazonas - Foto por Adriele Ensaios\" class=\"wp-image-74301\" srcset=\"http:\/\/jornalrol.com.br\/wp-content\/uploads\/2025\/07\/d6b1df04-958f-412f-b37e-76673ea21587.jpg 1080w, http:\/\/jornalrol.com.br\/wp-content\/uploads\/2025\/07\/d6b1df04-958f-412f-b37e-76673ea21587-768x540.jpg 768w\" sizes=\"auto, (max-width: 1080px) 100vw, 1080px\" \/><figcaption class=\"wp-element-caption\">Orquestra do Teatro Amazonas &#8211; Foto por Adriele Ensaios<\/figcaption><\/figure>\n<\/div>\n<\/div>\n\n\n\n<div class=\"wp-block-columns is-layout-flex wp-container-core-columns-is-layout-9d6595d7 wp-block-columns-is-layout-flex\">\n<div class=\"wp-block-column is-layout-flow wp-block-column-is-layout-flow\">\n<figure class=\"wp-block-image size-full\"><img loading=\"lazy\" decoding=\"async\" width=\"1080\" height=\"1080\" data-attachment-id=\"74307\" data-permalink=\"http:\/\/jornalrol.com.br\/?attachment_id=74307\" data-orig-file=\"http:\/\/jornalrol.com.br\/wp-content\/uploads\/2025\/07\/0e62e8a3-f603-400d-b191-ed4c925028ea.jpg\" data-orig-size=\"1080,1080\" data-comments-opened=\"1\" data-image-meta=\"{&quot;aperture&quot;:&quot;0&quot;,&quot;credit&quot;:&quot;&quot;,&quot;camera&quot;:&quot;&quot;,&quot;caption&quot;:&quot;&quot;,&quot;created_timestamp&quot;:&quot;0&quot;,&quot;copyright&quot;:&quot;&quot;,&quot;focal_length&quot;:&quot;0&quot;,&quot;iso&quot;:&quot;0&quot;,&quot;shutter_speed&quot;:&quot;0&quot;,&quot;title&quot;:&quot;&quot;,&quot;orientation&quot;:&quot;0&quot;}\" data-image-title=\"0e62e8a3-f603-400d-b191-ed4c925028ea\" data-image-description=\"\" data-image-caption=\"\" data-large-file=\"http:\/\/jornalrol.com.br\/wp-content\/uploads\/2025\/07\/0e62e8a3-f603-400d-b191-ed4c925028ea.jpg\" src=\"https:\/\/jornalrol.com.br\/wp-content\/uploads\/2025\/07\/0e62e8a3-f603-400d-b191-ed4c925028ea.jpg\" alt=\"Vista parcial da sala e espet\u00e1culos do Teatro Amazonas\" class=\"wp-image-74307\" srcset=\"http:\/\/jornalrol.com.br\/wp-content\/uploads\/2025\/07\/0e62e8a3-f603-400d-b191-ed4c925028ea.jpg 1080w, http:\/\/jornalrol.com.br\/wp-content\/uploads\/2025\/07\/0e62e8a3-f603-400d-b191-ed4c925028ea-600x600.jpg 600w, http:\/\/jornalrol.com.br\/wp-content\/uploads\/2025\/07\/0e62e8a3-f603-400d-b191-ed4c925028ea-768x768.jpg 768w\" sizes=\"auto, (max-width: 1080px) 100vw, 1080px\" \/><figcaption class=\"wp-element-caption\">Vista parcial da sala de espet\u00e1culos do <br>Teatro Amazonas<\/figcaption><\/figure>\n<\/div>\n\n\n\n<div class=\"wp-block-column is-layout-flow wp-block-column-is-layout-flow\">\n<figure class=\"wp-block-image size-full\"><img loading=\"lazy\" decoding=\"async\" width=\"1080\" height=\"1442\" data-attachment-id=\"74310\" data-permalink=\"http:\/\/jornalrol.com.br\/?attachment_id=74310\" data-orig-file=\"http:\/\/jornalrol.com.br\/wp-content\/uploads\/2025\/07\/89b0604f-5fc3-4bb0-9775-871d5b967672-1.jpg\" data-orig-size=\"1080,1442\" data-comments-opened=\"1\" data-image-meta=\"{&quot;aperture&quot;:&quot;0&quot;,&quot;credit&quot;:&quot;&quot;,&quot;camera&quot;:&quot;&quot;,&quot;caption&quot;:&quot;&quot;,&quot;created_timestamp&quot;:&quot;0&quot;,&quot;copyright&quot;:&quot;&quot;,&quot;focal_length&quot;:&quot;0&quot;,&quot;iso&quot;:&quot;0&quot;,&quot;shutter_speed&quot;:&quot;0&quot;,&quot;title&quot;:&quot;&quot;,&quot;orientation&quot;:&quot;0&quot;}\" data-image-title=\"89b0604f-5fc3-4bb0-9775-871d5b967672\" data-image-description=\"\" data-image-caption=\"\" data-large-file=\"http:\/\/jornalrol.com.br\/wp-content\/uploads\/2025\/07\/89b0604f-5fc3-4bb0-9775-871d5b967672-1.jpg\" src=\"https:\/\/jornalrol.com.br\/wp-content\/uploads\/2025\/07\/89b0604f-5fc3-4bb0-9775-871d5b967672-1.jpg\" alt=\"\u00a0Busto em homenagem ao maestro  Carlos Gomes -  Foto por Adriele Ensaios\" class=\"wp-image-74310\" srcset=\"http:\/\/jornalrol.com.br\/wp-content\/uploads\/2025\/07\/89b0604f-5fc3-4bb0-9775-871d5b967672-1.jpg 1080w, http:\/\/jornalrol.com.br\/wp-content\/uploads\/2025\/07\/89b0604f-5fc3-4bb0-9775-871d5b967672-1-899x1200.jpg 899w, http:\/\/jornalrol.com.br\/wp-content\/uploads\/2025\/07\/89b0604f-5fc3-4bb0-9775-871d5b967672-1-768x1025.jpg 768w\" sizes=\"auto, (max-width: 1080px) 100vw, 1080px\" \/><figcaption class=\"wp-element-caption\">&nbsp;Busto em homenagem ao maestro  Carlos Gomes &#8211;  Foto por Adriele Ensaios<\/figcaption><\/figure>\n<\/div>\n\n\n\n<div class=\"wp-block-column is-layout-flow wp-block-column-is-layout-flow\">\n<figure class=\"wp-block-image size-full\"><img loading=\"lazy\" decoding=\"async\" width=\"931\" height=\"1600\" data-attachment-id=\"74311\" data-permalink=\"http:\/\/jornalrol.com.br\/?attachment_id=74311\" data-orig-file=\"http:\/\/jornalrol.com.br\/wp-content\/uploads\/2025\/07\/7d85e32b-a887-47ce-a28c-83522e30697d-1.jpg\" data-orig-size=\"931,1600\" data-comments-opened=\"1\" data-image-meta=\"{&quot;aperture&quot;:&quot;0&quot;,&quot;credit&quot;:&quot;&quot;,&quot;camera&quot;:&quot;&quot;,&quot;caption&quot;:&quot;&quot;,&quot;created_timestamp&quot;:&quot;0&quot;,&quot;copyright&quot;:&quot;&quot;,&quot;focal_length&quot;:&quot;0&quot;,&quot;iso&quot;:&quot;0&quot;,&quot;shutter_speed&quot;:&quot;0&quot;,&quot;title&quot;:&quot;&quot;,&quot;orientation&quot;:&quot;0&quot;}\" data-image-title=\"7d85e32b-a887-47ce-a28c-83522e30697d\" data-image-description=\"\" data-image-caption=\"\" data-large-file=\"http:\/\/jornalrol.com.br\/wp-content\/uploads\/2025\/07\/7d85e32b-a887-47ce-a28c-83522e30697d-1.jpg\" src=\"https:\/\/jornalrol.com.br\/wp-content\/uploads\/2025\/07\/7d85e32b-a887-47ce-a28c-83522e30697d-1.jpg\" alt=\"Hall do entrada do Teatro Amazonas - Foto por Adriele Ensaios\" class=\"wp-image-74311\" srcset=\"http:\/\/jornalrol.com.br\/wp-content\/uploads\/2025\/07\/7d85e32b-a887-47ce-a28c-83522e30697d-1.jpg 931w, http:\/\/jornalrol.com.br\/wp-content\/uploads\/2025\/07\/7d85e32b-a887-47ce-a28c-83522e30697d-1-698x1200.jpg 698w, http:\/\/jornalrol.com.br\/wp-content\/uploads\/2025\/07\/7d85e32b-a887-47ce-a28c-83522e30697d-1-768x1320.jpg 768w, http:\/\/jornalrol.com.br\/wp-content\/uploads\/2025\/07\/7d85e32b-a887-47ce-a28c-83522e30697d-1-894x1536.jpg 894w\" sizes=\"auto, (max-width: 931px) 100vw, 931px\" \/><figcaption class=\"wp-element-caption\">Hall do entrada do Teatro Amazonas &#8211; Foto por Adriele Ensaios<\/figcaption><\/figure>\n<\/div>\n<\/div>\n\n\n\n<div class=\"wp-block-columns is-layout-flex wp-container-core-columns-is-layout-9d6595d7 wp-block-columns-is-layout-flex\">\n<div class=\"wp-block-column is-layout-flow wp-block-column-is-layout-flow\">\n<figure class=\"wp-block-image size-full\"><img loading=\"lazy\" decoding=\"async\" width=\"848\" height=\"1264\" data-attachment-id=\"74314\" data-permalink=\"http:\/\/jornalrol.com.br\/?attachment_id=74314\" data-orig-file=\"http:\/\/jornalrol.com.br\/wp-content\/uploads\/2025\/07\/9cfed6fe-8a5b-46ad-9e60-29230a838ae6.jpg\" data-orig-size=\"848,1264\" data-comments-opened=\"1\" data-image-meta=\"{&quot;aperture&quot;:&quot;0&quot;,&quot;credit&quot;:&quot;&quot;,&quot;camera&quot;:&quot;&quot;,&quot;caption&quot;:&quot;&quot;,&quot;created_timestamp&quot;:&quot;0&quot;,&quot;copyright&quot;:&quot;&quot;,&quot;focal_length&quot;:&quot;0&quot;,&quot;iso&quot;:&quot;0&quot;,&quot;shutter_speed&quot;:&quot;0&quot;,&quot;title&quot;:&quot;&quot;,&quot;orientation&quot;:&quot;0&quot;}\" data-image-title=\"9cfed6fe-8a5b-46ad-9e60-29230a838ae6\" data-image-description=\"\" data-image-caption=\"\" data-large-file=\"http:\/\/jornalrol.com.br\/wp-content\/uploads\/2025\/07\/9cfed6fe-8a5b-46ad-9e60-29230a838ae6.jpg\" src=\"http:\/\/jornalrol.com.br\/wp-content\/uploads\/2025\/07\/9cfed6fe-8a5b-46ad-9e60-29230a838ae6.jpg\" alt=\"Suziene Cavalcante - Foto por Adiene Ensaios\" class=\"wp-image-74314\" srcset=\"http:\/\/jornalrol.com.br\/wp-content\/uploads\/2025\/07\/9cfed6fe-8a5b-46ad-9e60-29230a838ae6.jpg 848w, http:\/\/jornalrol.com.br\/wp-content\/uploads\/2025\/07\/9cfed6fe-8a5b-46ad-9e60-29230a838ae6-805x1200.jpg 805w, http:\/\/jornalrol.com.br\/wp-content\/uploads\/2025\/07\/9cfed6fe-8a5b-46ad-9e60-29230a838ae6-768x1145.jpg 768w\" sizes=\"auto, (max-width: 848px) 100vw, 848px\" \/><\/figure>\n<\/div>\n\n\n\n<div class=\"wp-block-column is-layout-flow wp-block-column-is-layout-flow\">\n<figure class=\"wp-block-image size-full\"><img loading=\"lazy\" decoding=\"async\" width=\"848\" height=\"1264\" data-attachment-id=\"74305\" data-permalink=\"http:\/\/jornalrol.com.br\/?attachment_id=74305\" data-orig-file=\"http:\/\/jornalrol.com.br\/wp-content\/uploads\/2025\/07\/5b502538-a4f2-4b0f-b6c8-feac8d0fb441.jpg\" data-orig-size=\"848,1264\" data-comments-opened=\"1\" data-image-meta=\"{&quot;aperture&quot;:&quot;0&quot;,&quot;credit&quot;:&quot;&quot;,&quot;camera&quot;:&quot;&quot;,&quot;caption&quot;:&quot;&quot;,&quot;created_timestamp&quot;:&quot;0&quot;,&quot;copyright&quot;:&quot;&quot;,&quot;focal_length&quot;:&quot;0&quot;,&quot;iso&quot;:&quot;0&quot;,&quot;shutter_speed&quot;:&quot;0&quot;,&quot;title&quot;:&quot;&quot;,&quot;orientation&quot;:&quot;0&quot;}\" data-image-title=\"5b502538-a4f2-4b0f-b6c8-feac8d0fb441\" data-image-description=\"\" data-image-caption=\"\" data-large-file=\"http:\/\/jornalrol.com.br\/wp-content\/uploads\/2025\/07\/5b502538-a4f2-4b0f-b6c8-feac8d0fb441.jpg\" src=\"https:\/\/jornalrol.com.br\/wp-content\/uploads\/2025\/07\/5b502538-a4f2-4b0f-b6c8-feac8d0fb441.jpg\" alt=\"Suziene Cavalcante - Foto por Adiene Ensaios\" class=\"wp-image-74305\" srcset=\"http:\/\/jornalrol.com.br\/wp-content\/uploads\/2025\/07\/5b502538-a4f2-4b0f-b6c8-feac8d0fb441.jpg 848w, http:\/\/jornalrol.com.br\/wp-content\/uploads\/2025\/07\/5b502538-a4f2-4b0f-b6c8-feac8d0fb441-805x1200.jpg 805w, http:\/\/jornalrol.com.br\/wp-content\/uploads\/2025\/07\/5b502538-a4f2-4b0f-b6c8-feac8d0fb441-768x1145.jpg 768w\" sizes=\"auto, (max-width: 848px) 100vw, 848px\" \/><figcaption class=\"wp-element-caption\">Suziene Cavalcante &#8211; Foto por Adiene Ensaios<\/figcaption><\/figure>\n<\/div>\n\n\n\n<div class=\"wp-block-column is-layout-flow wp-block-column-is-layout-flow\">\n<figure class=\"wp-block-image size-full\"><img loading=\"lazy\" decoding=\"async\" width=\"848\" height=\"1264\" data-attachment-id=\"74315\" data-permalink=\"http:\/\/jornalrol.com.br\/?attachment_id=74315\" data-orig-file=\"http:\/\/jornalrol.com.br\/wp-content\/uploads\/2025\/07\/63fcbfa6-a6b5-4a03-a53e-128a47b79667.jpg\" data-orig-size=\"848,1264\" data-comments-opened=\"1\" data-image-meta=\"{&quot;aperture&quot;:&quot;0&quot;,&quot;credit&quot;:&quot;&quot;,&quot;camera&quot;:&quot;&quot;,&quot;caption&quot;:&quot;&quot;,&quot;created_timestamp&quot;:&quot;0&quot;,&quot;copyright&quot;:&quot;&quot;,&quot;focal_length&quot;:&quot;0&quot;,&quot;iso&quot;:&quot;0&quot;,&quot;shutter_speed&quot;:&quot;0&quot;,&quot;title&quot;:&quot;&quot;,&quot;orientation&quot;:&quot;0&quot;}\" data-image-title=\"63fcbfa6-a6b5-4a03-a53e-128a47b79667\" data-image-description=\"\" data-image-caption=\"\" data-large-file=\"http:\/\/jornalrol.com.br\/wp-content\/uploads\/2025\/07\/63fcbfa6-a6b5-4a03-a53e-128a47b79667.jpg\" src=\"http:\/\/jornalrol.com.br\/wp-content\/uploads\/2025\/07\/63fcbfa6-a6b5-4a03-a53e-128a47b79667.jpg\" alt=\"Suziene Cavalcante - Foto por Adiene Ensaios\" class=\"wp-image-74315\" srcset=\"http:\/\/jornalrol.com.br\/wp-content\/uploads\/2025\/07\/63fcbfa6-a6b5-4a03-a53e-128a47b79667.jpg 848w, http:\/\/jornalrol.com.br\/wp-content\/uploads\/2025\/07\/63fcbfa6-a6b5-4a03-a53e-128a47b79667-805x1200.jpg 805w, http:\/\/jornalrol.com.br\/wp-content\/uploads\/2025\/07\/63fcbfa6-a6b5-4a03-a53e-128a47b79667-768x1145.jpg 768w\" sizes=\"auto, (max-width: 848px) 100vw, 848px\" \/><\/figure>\n<\/div>\n<\/div>\n\n\n\n<div class=\"wp-block-columns is-layout-flex wp-container-core-columns-is-layout-9d6595d7 wp-block-columns-is-layout-flex\">\n<div class=\"wp-block-column is-layout-flow wp-block-column-is-layout-flow\"><div class=\"wp-block-image\">\n<figure class=\"aligncenter size-full is-resized\"><img loading=\"lazy\" decoding=\"async\" width=\"848\" height=\"712\" data-attachment-id=\"74306\" data-permalink=\"http:\/\/jornalrol.com.br\/?attachment_id=74306\" data-orig-file=\"http:\/\/jornalrol.com.br\/wp-content\/uploads\/2025\/07\/4c86410e-e42a-4e27-9a11-2d794b69e48a.jpg\" data-orig-size=\"848,712\" data-comments-opened=\"1\" data-image-meta=\"{&quot;aperture&quot;:&quot;0&quot;,&quot;credit&quot;:&quot;&quot;,&quot;camera&quot;:&quot;&quot;,&quot;caption&quot;:&quot;&quot;,&quot;created_timestamp&quot;:&quot;0&quot;,&quot;copyright&quot;:&quot;&quot;,&quot;focal_length&quot;:&quot;0&quot;,&quot;iso&quot;:&quot;0&quot;,&quot;shutter_speed&quot;:&quot;0&quot;,&quot;title&quot;:&quot;&quot;,&quot;orientation&quot;:&quot;0&quot;}\" data-image-title=\"4c86410e-e42a-4e27-9a11-2d794b69e48a\" data-image-description=\"\" data-image-caption=\"\" data-large-file=\"http:\/\/jornalrol.com.br\/wp-content\/uploads\/2025\/07\/4c86410e-e42a-4e27-9a11-2d794b69e48a.jpg\" src=\"https:\/\/jornalrol.com.br\/wp-content\/uploads\/2025\/07\/4c86410e-e42a-4e27-9a11-2d794b69e48a.jpg\" alt=\"Suziene Cavalcante - Foto por Adiene Ensaios\" class=\"wp-image-74306\" style=\"width:479px;height:auto\" srcset=\"http:\/\/jornalrol.com.br\/wp-content\/uploads\/2025\/07\/4c86410e-e42a-4e27-9a11-2d794b69e48a.jpg 848w, http:\/\/jornalrol.com.br\/wp-content\/uploads\/2025\/07\/4c86410e-e42a-4e27-9a11-2d794b69e48a-768x645.jpg 768w\" sizes=\"auto, (max-width: 848px) 100vw, 848px\" \/><figcaption class=\"wp-element-caption\">Suziene Cavalcante &#8211; Foto por Adiene Ensaios<\/figcaption><\/figure>\n<\/div><\/div>\n<\/div>\n\n\n\n<div class=\"wp-block-columns is-layout-flex wp-container-core-columns-is-layout-9d6595d7 wp-block-columns-is-layout-flex\">\n<div class=\"wp-block-column is-layout-flow wp-block-column-is-layout-flow\">\n<div class=\"wp-block-columns is-layout-flex wp-container-core-columns-is-layout-9d6595d7 wp-block-columns-is-layout-flex\">\n<div class=\"wp-block-column is-layout-flow wp-block-column-is-layout-flow\"><\/div>\n<\/div>\n<\/div>\n\n\n\n<div class=\"wp-block-column is-layout-flow wp-block-column-is-layout-flow\"><\/div>\n<\/div>\n\n\n\n<p class=\"has-text-align-center\"><br><\/p>\n\n\n\n<p><a href=\"http:\/\/www.jornalrol.com.br\" title=\"\">Voltar<\/a><\/p>\n\n\n\n<p><a href=\"https:\/www.facebook.com\/JCulturalrol\/\" title=\"Facebook\">Facebook<\/a><\/p>\n","protected":false},"excerpt":{"rendered":"<p>Obra po\u00e9tica consagra um dos maiores \u00edcones culturais do Brasil em forma l\u00edrica e inaugura mais um novo g\u00eanero liter\u00e1rio. O imponente Teatro Amazonas<\/p>\n","protected":false},"author":6,"featured_media":74297,"comment_status":"open","ping_status":"closed","sticky":false,"template":"","format":"standard","meta":{"_jetpack_newsletter_access":"","_jetpack_dont_email_post_to_subs":false,"_jetpack_newsletter_tier_id":0,"_jetpack_memberships_contains_paywalled_content":false,"_jetpack_memberships_contains_paid_content":false,"footnotes":""},"categories":[9286,9266],"tags":[14636,14638,14637,8170,14634],"class_list":["post-74293","post","type-post","status-publish","format-standard","has-post-thumbnail","hentry","category-arte","category-musica","tag-hino-ao-teatro-amazonas","tag-novo-genero-literario","tag-ode-historico-patrimonial-brasileira","tag-suziene-cavalcante","tag-teatro-amazonas"],"aioseo_notices":[],"views":2222,"jetpack_featured_media_url":"http:\/\/jornalrol.com.br\/wp-content\/uploads\/2025\/07\/d260bb98-e297-43fa-a3c7-a6b928f144e9.jpg","jetpack_sharing_enabled":true,"jetpack_likes_enabled":true,"jetpack-related-posts":[{"id":74504,"url":"http:\/\/jornalrol.com.br\/?p=74504","url_meta":{"origin":74293,"position":0},"title":"Hino po\u00e9tico ao Bras\u00e3o de Armas Nacionais","author":"Suziene Cavalcante","date":"24 de julho de 2025","format":false,"excerpt":"A escritora e poeta brasileira Suziene Cavalcante acaba de consagrar um feito in\u00e9dito na literatura brasileira: a cria\u00e7\u00e3o do \u2018Hino ao Bras\u00e3o de Armas Nacionais\u2019","rel":"","context":"Em &quot;Literatura&quot;","block_context":{"text":"Literatura","link":"http:\/\/jornalrol.com.br\/?cat=9285"},"img":{"alt_text":"","src":"https:\/\/i0.wp.com\/jornalrol.com.br\/wp-content\/uploads\/2025\/07\/756c99f3-8d08-4a7e-a07d-fb3f855cf52f.jpg?resize=350%2C200","width":350,"height":200,"srcset":"https:\/\/i0.wp.com\/jornalrol.com.br\/wp-content\/uploads\/2025\/07\/756c99f3-8d08-4a7e-a07d-fb3f855cf52f.jpg?resize=350%2C200 1x, https:\/\/i0.wp.com\/jornalrol.com.br\/wp-content\/uploads\/2025\/07\/756c99f3-8d08-4a7e-a07d-fb3f855cf52f.jpg?resize=525%2C300 1.5x, https:\/\/i0.wp.com\/jornalrol.com.br\/wp-content\/uploads\/2025\/07\/756c99f3-8d08-4a7e-a07d-fb3f855cf52f.jpg?resize=700%2C400 2x, https:\/\/i0.wp.com\/jornalrol.com.br\/wp-content\/uploads\/2025\/07\/756c99f3-8d08-4a7e-a07d-fb3f855cf52f.jpg?resize=1050%2C600 3x"},"classes":[]},{"id":74734,"url":"http:\/\/jornalrol.com.br\/?p=74734","url_meta":{"origin":74293,"position":1},"title":"Hino ao Selo Nacional da hist\u00f3ria do Brasil","author":"Sergio Diniz da Costa","date":"7 de agosto de 2025","format":false,"excerpt":"Em um feito liter\u00e1rio e c\u00edvico de grande relev\u00e2ncia, a poeta brasileira Suziene Cavalcante acaba de compor o primeiro Hino ao Selo Nacional da Hist\u00f3ria do...","rel":"","context":"Em &quot;Sem categoria&quot;","block_context":{"text":"Sem categoria","link":"http:\/\/jornalrol.com.br\/?cat=1"},"img":{"alt_text":"Poeta Suziene Cavalcante inaugura novo g\u00eanero liter\u00e1rio e ressignifica s\u00edmbolo oficial da Rep\u00fablica com lirismo patri\u00f3tico e originalidade in\u00e9dita","src":"https:\/\/i0.wp.com\/jornalrol.com.br\/wp-content\/uploads\/2025\/08\/Selo-nacional-simbolo-patrio-Foto-Divulgacao-570x570-1.png?resize=350%2C200","width":350,"height":200,"srcset":"https:\/\/i0.wp.com\/jornalrol.com.br\/wp-content\/uploads\/2025\/08\/Selo-nacional-simbolo-patrio-Foto-Divulgacao-570x570-1.png?resize=350%2C200 1x, https:\/\/i0.wp.com\/jornalrol.com.br\/wp-content\/uploads\/2025\/08\/Selo-nacional-simbolo-patrio-Foto-Divulgacao-570x570-1.png?resize=525%2C300 1.5x"},"classes":[]},{"id":74741,"url":"http:\/\/jornalrol.com.br\/?p=74741","url_meta":{"origin":74293,"position":2},"title":"Hino da Hist\u00f3ria ao Rio Amazonas","author":"Sergio Diniz da Costa","date":"7 de agosto de 2025","format":false,"excerpt":"Em um feito in\u00e9dito e relev\u00e2ncia nacional, a poeta brasileira Suziene Cavalcante comp\u00f4s o primeiro hino da Hist\u00f3ria dedicado exclusivamente ao Rio Amazonas.","rel":"","context":"Em &quot;Hino&quot;","block_context":{"text":"Hino","link":"http:\/\/jornalrol.com.br\/?cat=14774"},"img":{"alt_text":"","src":"https:\/\/i0.wp.com\/jornalrol.com.br\/wp-content\/uploads\/2025\/08\/pexels-jeangc-28587130-2-scaled.jpg?resize=350%2C200","width":350,"height":200,"srcset":"https:\/\/i0.wp.com\/jornalrol.com.br\/wp-content\/uploads\/2025\/08\/pexels-jeangc-28587130-2-scaled.jpg?resize=350%2C200 1x, https:\/\/i0.wp.com\/jornalrol.com.br\/wp-content\/uploads\/2025\/08\/pexels-jeangc-28587130-2-scaled.jpg?resize=525%2C300 1.5x, https:\/\/i0.wp.com\/jornalrol.com.br\/wp-content\/uploads\/2025\/08\/pexels-jeangc-28587130-2-scaled.jpg?resize=700%2C400 2x, https:\/\/i0.wp.com\/jornalrol.com.br\/wp-content\/uploads\/2025\/08\/pexels-jeangc-28587130-2-scaled.jpg?resize=1050%2C600 3x, https:\/\/i0.wp.com\/jornalrol.com.br\/wp-content\/uploads\/2025\/08\/pexels-jeangc-28587130-2-scaled.jpg?resize=1400%2C800 4x"},"classes":[]},{"id":73443,"url":"http:\/\/jornalrol.com.br\/?p=73443","url_meta":{"origin":74293,"position":3},"title":"Declara\u00e7\u00e3o de honra \u00e0 excelent\u00edssima poeta Suziene Cavalcante","author":"Sergio Diniz da Costa","date":"28 de maio de 2025","format":false,"excerpt":"\u00c9 com elevada honra que tornamos p\u00fablica a Declara\u00e7\u00e3o de Honra \u00e0 Excelent\u00edssima Poeta Suziene Cavalcante, uma das vozes mais extraordin\u00e1rias da literatura...","rel":"","context":"Em &quot;Literatura&quot;","block_context":{"text":"Literatura","link":"http:\/\/jornalrol.com.br\/?cat=9285"},"img":{"alt_text":"Suziene Cavalcante","src":"https:\/\/i0.wp.com\/jornalrol.com.br\/wp-content\/uploads\/2024\/09\/9ff90424-14f3-46c4-a8f8-d6a153739271.jpeg?resize=350%2C200","width":350,"height":200,"srcset":"https:\/\/i0.wp.com\/jornalrol.com.br\/wp-content\/uploads\/2024\/09\/9ff90424-14f3-46c4-a8f8-d6a153739271.jpeg?resize=350%2C200 1x, https:\/\/i0.wp.com\/jornalrol.com.br\/wp-content\/uploads\/2024\/09\/9ff90424-14f3-46c4-a8f8-d6a153739271.jpeg?resize=525%2C300 1.5x, https:\/\/i0.wp.com\/jornalrol.com.br\/wp-content\/uploads\/2024\/09\/9ff90424-14f3-46c4-a8f8-d6a153739271.jpeg?resize=700%2C400 2x"},"classes":[]},{"id":75213,"url":"http:\/\/jornalrol.com.br\/?p=75213","url_meta":{"origin":74293,"position":4},"title":"O primeiro hino \u00e0 Mona Lisa","author":"Sergio Diniz da Costa","date":"28 de agosto de 2025","format":false,"excerpt":"A literatura mundial acaba de ganhar um marco in\u00e9dito. A poeta brasileira Suziene Cavalcante assina a cria\u00e7\u00e3o do primeiro hino j\u00e1 escrito \u00e0 Mona Lisa...","rel":"","context":"Em &quot;Literatura&quot;","block_context":{"text":"Literatura","link":"http:\/\/jornalrol.com.br\/?cat=9285"},"img":{"alt_text":"Mona Lisa","src":"https:\/\/i0.wp.com\/jornalrol.com.br\/wp-content\/uploads\/2025\/08\/3a7342d6-2b94-4079-b685-4e017ebec076-1.jpeg?resize=350%2C200","width":350,"height":200,"srcset":"https:\/\/i0.wp.com\/jornalrol.com.br\/wp-content\/uploads\/2025\/08\/3a7342d6-2b94-4079-b685-4e017ebec076-1.jpeg?resize=350%2C200 1x, https:\/\/i0.wp.com\/jornalrol.com.br\/wp-content\/uploads\/2025\/08\/3a7342d6-2b94-4079-b685-4e017ebec076-1.jpeg?resize=525%2C300 1.5x"},"classes":[]},{"id":74843,"url":"http:\/\/jornalrol.com.br\/?p=74843","url_meta":{"origin":74293,"position":5},"title":"Hino \u00e0 Noite Estrelada de Van Gogh","author":"Sergio Diniz da Costa","date":"14 de agosto de 2025","format":false,"excerpt":"A poeta sul-mato-grossense Suziene Cavalcante acaba de assinar o primeiro hino da hist\u00f3ria dedicado \u00e0 ic\u00f4nica pintura \u2018Noite Estrelada\u2019, de Vincent van Gogh.","rel":"","context":"Em &quot;artigos&quot;","block_context":{"text":"artigos","link":"http:\/\/jornalrol.com.br\/?cat=9398"},"img":{"alt_text":"'Noite Estrelada', de Vincent van Gogh - Imagem do saite Pixabay","src":"https:\/\/i0.wp.com\/jornalrol.com.br\/wp-content\/uploads\/2025\/08\/starry-night-1093721_960_720.jpg?resize=350%2C200","width":350,"height":200,"srcset":"https:\/\/i0.wp.com\/jornalrol.com.br\/wp-content\/uploads\/2025\/08\/starry-night-1093721_960_720.jpg?resize=350%2C200 1x, https:\/\/i0.wp.com\/jornalrol.com.br\/wp-content\/uploads\/2025\/08\/starry-night-1093721_960_720.jpg?resize=525%2C300 1.5x, https:\/\/i0.wp.com\/jornalrol.com.br\/wp-content\/uploads\/2025\/08\/starry-night-1093721_960_720.jpg?resize=700%2C400 2x"},"classes":[]}],"_links":{"self":[{"href":"http:\/\/jornalrol.com.br\/index.php?rest_route=\/wp\/v2\/posts\/74293","targetHints":{"allow":["GET"]}}],"collection":[{"href":"http:\/\/jornalrol.com.br\/index.php?rest_route=\/wp\/v2\/posts"}],"about":[{"href":"http:\/\/jornalrol.com.br\/index.php?rest_route=\/wp\/v2\/types\/post"}],"author":[{"embeddable":true,"href":"http:\/\/jornalrol.com.br\/index.php?rest_route=\/wp\/v2\/users\/6"}],"replies":[{"embeddable":true,"href":"http:\/\/jornalrol.com.br\/index.php?rest_route=%2Fwp%2Fv2%2Fcomments&post=74293"}],"version-history":[{"count":12,"href":"http:\/\/jornalrol.com.br\/index.php?rest_route=\/wp\/v2\/posts\/74293\/revisions"}],"predecessor-version":[{"id":74338,"href":"http:\/\/jornalrol.com.br\/index.php?rest_route=\/wp\/v2\/posts\/74293\/revisions\/74338"}],"wp:featuredmedia":[{"embeddable":true,"href":"http:\/\/jornalrol.com.br\/index.php?rest_route=\/wp\/v2\/media\/74297"}],"wp:attachment":[{"href":"http:\/\/jornalrol.com.br\/index.php?rest_route=%2Fwp%2Fv2%2Fmedia&parent=74293"}],"wp:term":[{"taxonomy":"category","embeddable":true,"href":"http:\/\/jornalrol.com.br\/index.php?rest_route=%2Fwp%2Fv2%2Fcategories&post=74293"},{"taxonomy":"post_tag","embeddable":true,"href":"http:\/\/jornalrol.com.br\/index.php?rest_route=%2Fwp%2Fv2%2Ftags&post=74293"}],"curies":[{"name":"wp","href":"https:\/\/api.w.org\/{rel}","templated":true}]}}