{"id":74988,"date":"2025-08-21T11:09:24","date_gmt":"2025-08-21T14:09:24","guid":{"rendered":"https:\/\/jornalrol.com.br\/?p=74988"},"modified":"2025-08-21T11:16:10","modified_gmt":"2025-08-21T14:16:10","slug":"intercom","status":"publish","type":"post","link":"http:\/\/jornalrol.com.br\/?p=74988","title":{"rendered":"Intercom"},"content":{"rendered":"<div class=\"pdfprnt-buttons pdfprnt-buttons-post pdfprnt-top-right\"><a href=\"http:\/\/jornalrol.com.br\/index.php?rest_route=%2Fwp%2Fv2%2Fposts%2F74988&print=pdf\" class=\"pdfprnt-button pdfprnt-button-pdf\" target=\"_blank\" ><\/a><a href=\"http:\/\/jornalrol.com.br\/index.php?rest_route=%2Fwp%2Fv2%2Fposts%2F74988&print=print\" class=\"pdfprnt-button pdfprnt-button-print\" target=\"_blank\" ><img decoding=\"async\" src=\"https:\/\/jornalrol.com.br\/wp-content\/plugins\/pdf-print\/images\/print.png\" alt=\"image_print\" title=\"Conte\u00fado de impress\u00e3o\" \/><\/a><\/div>\n<h2 class=\"wp-block-heading has-text-align-center\">Professor Carlos Carvalho Cavalheiro apresenta<br> comunica\u00e7\u00e3o na Intercom<br><br><\/h2>\n\n\n\n<figure class=\"wp-block-image size-full\"><img loading=\"lazy\" decoding=\"async\" width=\"1366\" height=\"737\" data-attachment-id=\"74989\" data-permalink=\"http:\/\/jornalrol.com.br\/?attachment_id=74989\" data-orig-file=\"http:\/\/jornalrol.com.br\/wp-content\/uploads\/2025\/08\/da3cb985-1402-4d17-bd6b-2fcdaa896d2d.jpeg\" data-orig-size=\"1366,737\" data-comments-opened=\"1\" data-image-meta=\"{&quot;aperture&quot;:&quot;0&quot;,&quot;credit&quot;:&quot;&quot;,&quot;camera&quot;:&quot;&quot;,&quot;caption&quot;:&quot;&quot;,&quot;created_timestamp&quot;:&quot;0&quot;,&quot;copyright&quot;:&quot;&quot;,&quot;focal_length&quot;:&quot;0&quot;,&quot;iso&quot;:&quot;0&quot;,&quot;shutter_speed&quot;:&quot;0&quot;,&quot;title&quot;:&quot;&quot;,&quot;orientation&quot;:&quot;0&quot;}\" data-image-title=\"da3cb985-1402-4d17-bd6b-2fcdaa896d2d\" data-image-description=\"\" data-image-caption=\"\" data-large-file=\"http:\/\/jornalrol.com.br\/wp-content\/uploads\/2025\/08\/da3cb985-1402-4d17-bd6b-2fcdaa896d2d.jpeg\" src=\"https:\/\/jornalrol.com.br\/wp-content\/uploads\/2025\/08\/da3cb985-1402-4d17-bd6b-2fcdaa896d2d.jpeg\" alt=\"Apresenta\u00e7\u00e3o da pesquisa 'Recebeu a nossa bandeira: Folia de Reis, comunica\u00e7\u00e3o e jornada do her\u00f3i'\" class=\"wp-image-74989\" srcset=\"http:\/\/jornalrol.com.br\/wp-content\/uploads\/2025\/08\/da3cb985-1402-4d17-bd6b-2fcdaa896d2d.jpeg 1366w, http:\/\/jornalrol.com.br\/wp-content\/uploads\/2025\/08\/da3cb985-1402-4d17-bd6b-2fcdaa896d2d-1200x647.jpeg 1200w, http:\/\/jornalrol.com.br\/wp-content\/uploads\/2025\/08\/da3cb985-1402-4d17-bd6b-2fcdaa896d2d-768x414.jpeg 768w\" sizes=\"auto, (max-width: 1366px) 100vw, 1366px\" \/><figcaption class=\"wp-element-caption\">Apresenta\u00e7\u00e3o da pesquisa &#8216;Recebeu a nossa bandeira: Folia de Reis, comunica\u00e7\u00e3o e jornada do her\u00f3i&#8217;<\/figcaption><\/figure>\n\n\n\n<p class=\"has-drop-cap\">O professor <strong>Carlos Carvalho Cavalheiro<\/strong>, doutorando em Comunica\u00e7\u00e3o e Cultura, apresentou na \u00faltima sexta-feira, dia 15 de agosto, a sua pesquisa intitulada &#8216;<strong>Recebeu a nossa bandeira: Folia de Reis, comunica\u00e7\u00e3o e jornada do her\u00f3i<\/strong>&#8216; para o evento Nacional da Intercom 2025.<\/p>\n\n\n\n<p>A <strong>Intercom &#8211; Sociedade Brasileira de Estudos Interdisciplinares da Comunica\u00e7\u00e3o<\/strong> \u2013 \u00e9 uma institui\u00e7\u00e3o sem fins lucrativos, destinada ao fomento e \u00e0 troca de conhecimento entre pesquisadores e profissionais atuantes no mercado. A entidade estimula o desenvolvimento de produ\u00e7\u00e3o cient\u00edfica n\u00e3o apenas entre mestres e doutores, mas tamb\u00e9m entre alunos e rec\u00e9m-graduados em Comunica\u00e7\u00e3o, oferecendo pr\u00eamios como forma de reconhecimento aos que se destacam nos eventos promovidos pela entidade.<\/p>\n\n\n\n<p>A apresenta\u00e7\u00e3o de trabalhos de pesquisa faz parte da grade de cr\u00e9ditos para a conclus\u00e3o do Doutorado. Nessa pesquisa, o professor Carlos Carvalho Cavalheiro associou a Folia de Reis (manifesta\u00e7\u00e3o da cultura religiosa popular) com o conceito de &#8216;Jornada do Her\u00f3i&#8217;, consolidado pelo pesquisador e mit\u00f3logo Joseph Campbell.<\/p>\n\n\n\n<p>Folias de Reis s\u00e3o grupos de devo\u00e7\u00e3o aos Reis Magos e que percorrem casas na \u00e9poca do Natal, anunciando o nascimento do Menino Jesus e solicitando prendas e ofertas para a realiza\u00e7\u00e3o da Festa, no final do giro, no dia 6 de janeiro. Essa festa \u00e9 sempre realizada na comunidade dos festeiros, de onde partem para o roteiro de visitas \u00e0s casas. <\/p>\n\n\n\n<p>De acordo com o professor e pesquisador, a ideia \u00e9 entender os ciclos do percurso das Folias de Reis dentro da l\u00f3gica da Jornada do Her\u00f3i, que \u00e9 um conceito narrativo popularizado por Joseph Campbell e que se descortina a partir de 12 fases que o her\u00f3i m\u00edtico percorre.<\/p>\n\n\n\n<p>Para o professor Carlos Cavalheiro, as Folias de Reis, ao ritualizarem o seu retorno \u00e0 comunidade (com simbolismos como um arco triplo que deve ser transposto pelo grupo de forma cerimonial), est\u00e3o recompondo a jornada do Her\u00f3i, construindo um espa\u00e7o de comunica\u00e7\u00e3o do Sagrado. Esse espa\u00e7o tem a dimens\u00e3o de todo o trajeto percorrido pelas Folias de Reis que se comunicam a partir de suas cantorias e devo\u00e7\u00e3o.<\/p>\n\n\n\n<p>Ao associar o trajeto percorrido pelas Folias de Reis com a Jornada do Her\u00f3i, o professor pretende apontar para uma perspectiva sutil, mas importante: o retorno, ritualizado na chegada das Folias de Reis ao t\u00e9rmino de sua jornada, traz consigo a ideia de volta ao &#8216;mundo comum&#8217; com o &#8216;elixir&#8217; que beneficia a comunidade.<\/p>\n\n\n\n<p> Em outras palavras, o refor\u00e7o da identidade comunit\u00e1ria se d\u00e1 a partir desse ciclo e da experi\u00eancia com o sagrado mantido pelas Folias de Reis. Nessa esteira, pol\u00edticas p\u00fablicas de salvaguarda dessa manifesta\u00e7\u00e3o popular ganham outra dimens\u00e3o, uma vez que n\u00e3o se trata apenas de manuten\u00e7\u00e3o de um costume, mas sim, de todo um alicerce que serve de equil\u00edbrio para a comunidade.<\/p>\n\n\n\n<p>Na assist\u00eancia da apresenta\u00e7\u00e3o desse trabalho estava o professor <strong>Paulo Celso da Silva<\/strong>, coordenador do Grupo de Trabalhos da Geografia da Comunica\u00e7\u00e3o e Orientador do professor Carlos no Doutorado.<\/p>\n\n\n\n<p><br><a href=\"http:\/\/jornalrol.com.br\/\" title=\"Voltar\">Voltar<\/a><\/p>\n\n\n\n<p><a href=\"https:\/www.facebook.com\/JCulturalrol\/\" title=\"Facebook\">Facebook<\/a><\/p>\n","protected":false},"excerpt":{"rendered":"<p>Professor Carlos Cavalheiro, doutorando em Comunica\u00e7\u00e3o e Cultura, apresentou a sua pesquisa intitulada \u2018Recebeu a nossa bandeira: Folia de Reis, comunica\u00e7\u00e3o&#8230;<\/p>\n","protected":false},"author":6,"featured_media":74989,"comment_status":"open","ping_status":"closed","sticky":false,"template":"","format":"standard","meta":{"_jetpack_newsletter_access":"","_jetpack_dont_email_post_to_subs":false,"_jetpack_newsletter_tier_id":0,"_jetpack_memberships_contains_paywalled_content":false,"_jetpack_memberships_contains_paid_content":false,"footnotes":""},"categories":[12858],"tags":[14856,1651,2993,14855],"class_list":["post-74988","post","type-post","status-publish","format-standard","has-post-thumbnail","hentry","category-educacao","tag-apresentacao-de-pesquisa","tag-carlos-carvalho-cavalheiro","tag-doutorado","tag-intercom"],"aioseo_notices":[],"views":366,"jetpack_featured_media_url":"http:\/\/jornalrol.com.br\/wp-content\/uploads\/2025\/08\/da3cb985-1402-4d17-bd6b-2fcdaa896d2d.jpeg","jetpack_sharing_enabled":true,"jetpack_likes_enabled":true,"jetpack-related-posts":[{"id":79012,"url":"http:\/\/jornalrol.com.br\/?p=79012","url_meta":{"origin":74988,"position":0},"title":"Professor Carlos Cavalheiro publica artigo em e-book da UERJ","author":"Sergio Diniz da Costa","date":"10 de mar\u00e7o de 2026","format":false,"excerpt":"O artigo escrito e apresentado pelo professor Carlos Carvalho Cavalheiro \u00e9 parte de uma pesquisa de Doutorado em Comunica\u00e7\u00e3o e Cultura, e tem como tema...","rel":"","context":"Em &quot;Literatura&quot;","block_context":{"text":"Literatura","link":"http:\/\/jornalrol.com.br\/?cat=9285"},"img":{"alt_text":"Foto do arquivo pessoal de Carlos Carvalho Cavalheiro","src":"https:\/\/i0.wp.com\/jornalrol.com.br\/wp-content\/uploads\/2026\/03\/637185705_17936831007166591_1158001618262371951_n.jpg?resize=350%2C200","width":350,"height":200,"srcset":"https:\/\/i0.wp.com\/jornalrol.com.br\/wp-content\/uploads\/2026\/03\/637185705_17936831007166591_1158001618262371951_n.jpg?resize=350%2C200 1x, https:\/\/i0.wp.com\/jornalrol.com.br\/wp-content\/uploads\/2026\/03\/637185705_17936831007166591_1158001618262371951_n.jpg?resize=525%2C300 1.5x, https:\/\/i0.wp.com\/jornalrol.com.br\/wp-content\/uploads\/2026\/03\/637185705_17936831007166591_1158001618262371951_n.jpg?resize=700%2C400 2x, https:\/\/i0.wp.com\/jornalrol.com.br\/wp-content\/uploads\/2026\/03\/637185705_17936831007166591_1158001618262371951_n.jpg?resize=1050%2C600 3x"},"classes":[]},{"id":74075,"url":"http:\/\/jornalrol.com.br\/?p=74075","url_meta":{"origin":74988,"position":1},"title":"Pesquisa sobre a regi\u00e3o \u00e9 apresentada na Universidade de Coimbra","author":"Sergio Diniz da Costa","date":"3 de julho de 2025","format":false,"excerpt":"Carlos Carvalho Cavalheiro e Paulo Celso da Silva apresentaram a comunica\u00e7\u00e3o de pesquisa intitulada 'Nh\u00e1 Quit\u00e9ria \u2013 Comunica\u00e7\u00e3o rebelde e mem\u00f3ria' na V...","rel":"","context":"Em &quot;Educa\u00e7\u00e3o&quot;","block_context":{"text":"Educa\u00e7\u00e3o","link":"http:\/\/jornalrol.com.br\/?cat=12858"},"img":{"alt_text":"Placa indicativa da Rua Nh\u00e1 Quit\u00e9ria. Foto por Carlos Carvalho Cavalheiro","src":"https:\/\/i0.wp.com\/jornalrol.com.br\/wp-content\/uploads\/2025\/07\/2ba348d5-daa1-4f42-8be7-84a9a0ee48e0.jpg?resize=350%2C200","width":350,"height":200,"srcset":"https:\/\/i0.wp.com\/jornalrol.com.br\/wp-content\/uploads\/2025\/07\/2ba348d5-daa1-4f42-8be7-84a9a0ee48e0.jpg?resize=350%2C200 1x, https:\/\/i0.wp.com\/jornalrol.com.br\/wp-content\/uploads\/2025\/07\/2ba348d5-daa1-4f42-8be7-84a9a0ee48e0.jpg?resize=525%2C300 1.5x, https:\/\/i0.wp.com\/jornalrol.com.br\/wp-content\/uploads\/2025\/07\/2ba348d5-daa1-4f42-8be7-84a9a0ee48e0.jpg?resize=700%2C400 2x, https:\/\/i0.wp.com\/jornalrol.com.br\/wp-content\/uploads\/2025\/07\/2ba348d5-daa1-4f42-8be7-84a9a0ee48e0.jpg?resize=1050%2C600 3x, https:\/\/i0.wp.com\/jornalrol.com.br\/wp-content\/uploads\/2025\/07\/2ba348d5-daa1-4f42-8be7-84a9a0ee48e0.jpg?resize=1400%2C800 4x"},"classes":[]},{"id":72986,"url":"http:\/\/jornalrol.com.br\/?p=72986","url_meta":{"origin":74988,"position":2},"title":"Encontro sobre a Regi\u00e3o Metropolitana de Sorocaba","author":"Sergio Diniz da Costa","date":"24 de abril de 2025","format":false,"excerpt":"O professor Carlos Carvalho Cavalheiro participou no \u00faltimo dia 23 de abril do 1\u00ba Encontro de Pesquisadores do Observat\u00f3rio da Regi\u00e3o Metropolitana de Sorocaba.","rel":"","context":"Em &quot;Comunica\u00e7\u00e3o&quot;","block_context":{"text":"Comunica\u00e7\u00e3o","link":"http:\/\/jornalrol.com.br\/?cat=7"},"img":{"alt_text":"Encontro sobre a Regi\u00e3o Metropolitana de Sorocaba - Imagem enviada por Carlos Carvalho Cavalheiro","src":"https:\/\/i0.wp.com\/jornalrol.com.br\/wp-content\/uploads\/2025\/04\/0aee2508-7bad-4718-8592-0e71a21d6f23.jpg?resize=350%2C200","width":350,"height":200,"srcset":"https:\/\/i0.wp.com\/jornalrol.com.br\/wp-content\/uploads\/2025\/04\/0aee2508-7bad-4718-8592-0e71a21d6f23.jpg?resize=350%2C200 1x, https:\/\/i0.wp.com\/jornalrol.com.br\/wp-content\/uploads\/2025\/04\/0aee2508-7bad-4718-8592-0e71a21d6f23.jpg?resize=525%2C300 1.5x, https:\/\/i0.wp.com\/jornalrol.com.br\/wp-content\/uploads\/2025\/04\/0aee2508-7bad-4718-8592-0e71a21d6f23.jpg?resize=700%2C400 2x"},"classes":[]},{"id":71449,"url":"http:\/\/jornalrol.com.br\/?p=71449","url_meta":{"origin":74988,"position":3},"title":"Carlos Carvalho Cavalheiro publica resenha em revista cient\u00edfica","author":"Sergio Diniz da Costa","date":"6 de janeiro de 2025","format":false,"excerpt":"A revista 'Tr\u00edade: Comunica\u00e7\u00e3o, Cultura e M\u00eddia' tem como objetivo a publica\u00e7\u00e3o de trabalhos in\u00e9ditos de pesquisadores vinculados a Programas de P\u00f3s-Gradua\u00e7\u00e3o","rel":"","context":"Em &quot;Literatura&quot;","block_context":{"text":"Literatura","link":"http:\/\/jornalrol.com.br\/?cat=9285"},"img":{"alt_text":"Capa do livro 'M\u00eddia, viol\u00eancia e alteridade'","src":"https:\/\/i0.wp.com\/jornalrol.com.br\/wp-content\/uploads\/2025\/01\/6dfd285c-8cd1-4072-8c75-3ded1b80d785.jpeg?resize=350%2C200&ssl=1","width":350,"height":200},"classes":[]},{"id":30015,"url":"http:\/\/jornalrol.com.br\/?p=30015","url_meta":{"origin":74988,"position":4},"title":"Professor Carlos Carvalho Cavalheiro recebe a Mais Alta Comenda da FEBACLA","author":"Sergio Diniz da Costa","date":"9 de dezembro de 2019","format":false,"excerpt":"A 'Comenda L\u00e1urea Acad\u00eamica Ouro' foi-lhe outorgada por suas valiosas contribui\u00e7\u00f5es em prol da cultura, reconhecidas como de real valor O escritor, poeta, historiador e professor\u00a0\u00a0Carlos Carvalho Cavalheiro\u00a0recebeu da\u00a0FEBACLA - Federa\u00e7\u00e3o Brasileira dos Acad\u00eamicos das Ci\u00eancias, Letras e Artes sua Mais Alta Comenda: a\u00a0Comenda L\u00e1urea Acad\u00eamica Ouro, outorgada por suas\u2026","rel":"","context":"Em &quot;Comunica\u00e7\u00e3o&quot;","block_context":{"text":"Comunica\u00e7\u00e3o","link":"http:\/\/jornalrol.com.br\/?cat=7"},"img":{"alt_text":"","src":"https:\/\/i0.wp.com\/www.jornalrol.com.br\/wp-content\/uploads\/2019\/12\/609cbc78-99f8-45c9-8205-29d4891b6743-150x300.jpg?resize=350%2C200","width":350,"height":200},"classes":[]},{"id":49415,"url":"http:\/\/jornalrol.com.br\/?p=49415","url_meta":{"origin":74988,"position":5},"title":"Prof. Carlos Cavalheiro participa de aula inaugural de Cursinho Pr\u00e9-Vestibular","author":"Carlos Carvalho Cavalheiro","date":"29 de mar\u00e7o de 2022","format":false,"excerpt":"No \u00faltimo dia 26 de mar\u00e7o, a Rede Emancipa 'Salvadora Lopes' realizou a sua aula inaugural, na sede da Maloca Centro Cultural, um espa\u00e7o de cria\u00e7\u00e3o, pesquisa e desenvolvimento de projetos \u00a0A Rede Emancipa \u00e9 um Movimento Social de Educa\u00e7\u00e3o Popular que luta pela democratiza\u00e7\u00e3o do acesso \u00e0 Universidade e\u2026","rel":"","context":"Em &quot;Comunica\u00e7\u00e3o&quot;","block_context":{"text":"Comunica\u00e7\u00e3o","link":"http:\/\/jornalrol.com.br\/?cat=7"},"img":{"alt_text":"","src":"https:\/\/i0.wp.com\/www.jornalrol.com.br\/wp-content\/uploads\/2022\/03\/WhatsApp-Image-2022-03-27-at-10.42.46-300x135.jpeg?resize=350%2C200","width":350,"height":200,"srcset":"https:\/\/i0.wp.com\/www.jornalrol.com.br\/wp-content\/uploads\/2022\/03\/WhatsApp-Image-2022-03-27-at-10.42.46-300x135.jpeg?resize=350%2C200 1x, https:\/\/i0.wp.com\/www.jornalrol.com.br\/wp-content\/uploads\/2022\/03\/WhatsApp-Image-2022-03-27-at-10.42.46-300x135.jpeg?resize=525%2C300 1.5x"},"classes":[]}],"_links":{"self":[{"href":"http:\/\/jornalrol.com.br\/index.php?rest_route=\/wp\/v2\/posts\/74988","targetHints":{"allow":["GET"]}}],"collection":[{"href":"http:\/\/jornalrol.com.br\/index.php?rest_route=\/wp\/v2\/posts"}],"about":[{"href":"http:\/\/jornalrol.com.br\/index.php?rest_route=\/wp\/v2\/types\/post"}],"author":[{"embeddable":true,"href":"http:\/\/jornalrol.com.br\/index.php?rest_route=\/wp\/v2\/users\/6"}],"replies":[{"embeddable":true,"href":"http:\/\/jornalrol.com.br\/index.php?rest_route=%2Fwp%2Fv2%2Fcomments&post=74988"}],"version-history":[{"count":4,"href":"http:\/\/jornalrol.com.br\/index.php?rest_route=\/wp\/v2\/posts\/74988\/revisions"}],"predecessor-version":[{"id":74994,"href":"http:\/\/jornalrol.com.br\/index.php?rest_route=\/wp\/v2\/posts\/74988\/revisions\/74994"}],"wp:featuredmedia":[{"embeddable":true,"href":"http:\/\/jornalrol.com.br\/index.php?rest_route=\/wp\/v2\/media\/74989"}],"wp:attachment":[{"href":"http:\/\/jornalrol.com.br\/index.php?rest_route=%2Fwp%2Fv2%2Fmedia&parent=74988"}],"wp:term":[{"taxonomy":"category","embeddable":true,"href":"http:\/\/jornalrol.com.br\/index.php?rest_route=%2Fwp%2Fv2%2Fcategories&post=74988"},{"taxonomy":"post_tag","embeddable":true,"href":"http:\/\/jornalrol.com.br\/index.php?rest_route=%2Fwp%2Fv2%2Ftags&post=74988"}],"curies":[{"name":"wp","href":"https:\/\/api.w.org\/{rel}","templated":true}]}}