{"id":75285,"date":"2025-08-01T09:00:00","date_gmt":"2025-08-01T12:00:00","guid":{"rendered":"https:\/\/jornalrol.com.br\/?p=75285"},"modified":"2025-09-01T10:49:42","modified_gmt":"2025-09-01T13:49:42","slug":"cantos-del-nuevo-dia","status":"publish","type":"post","link":"http:\/\/jornalrol.com.br\/?p=75285","title":{"rendered":"Cantos del nuevo dia"},"content":{"rendered":"<div class=\"pdfprnt-buttons pdfprnt-buttons-post pdfprnt-top-right\"><a href=\"http:\/\/jornalrol.com.br\/index.php?rest_route=%2Fwp%2Fv2%2Fposts%2F75285&print=pdf\" class=\"pdfprnt-button pdfprnt-button-pdf\" target=\"_blank\" ><\/a><a href=\"http:\/\/jornalrol.com.br\/index.php?rest_route=%2Fwp%2Fv2%2Fposts%2F75285&print=print\" class=\"pdfprnt-button pdfprnt-button-print\" target=\"_blank\" ><img decoding=\"async\" src=\"https:\/\/jornalrol.com.br\/wp-content\/plugins\/pdf-print\/images\/print.png\" alt=\"image_print\" title=\"Conte\u00fado de impress\u00e3o\" \/><\/a><\/div>\n<h2 class=\"wp-block-heading has-text-align-center\">Marta Oliveri: Poema &#8216;Cantos del nuevo dia&#8217;<br><br><\/h2>\n\n\n<div class=\"wp-block-image\">\n<figure class=\"aligncenter size-full is-resized\"><img loading=\"lazy\" decoding=\"async\" width=\"1321\" height=\"1241\" data-attachment-id=\"74240\" data-permalink=\"http:\/\/jornalrol.com.br\/?attachment_id=74240\" data-orig-file=\"http:\/\/jornalrol.com.br\/wp-content\/uploads\/2025\/07\/7722496c-0514-4717-b3ea-b8c7ac88c96e.jpg\" data-orig-size=\"1321,1241\" data-comments-opened=\"1\" data-image-meta=\"{&quot;aperture&quot;:&quot;0&quot;,&quot;credit&quot;:&quot;&quot;,&quot;camera&quot;:&quot;&quot;,&quot;caption&quot;:&quot;&quot;,&quot;created_timestamp&quot;:&quot;0&quot;,&quot;copyright&quot;:&quot;&quot;,&quot;focal_length&quot;:&quot;0&quot;,&quot;iso&quot;:&quot;0&quot;,&quot;shutter_speed&quot;:&quot;0&quot;,&quot;title&quot;:&quot;&quot;,&quot;orientation&quot;:&quot;1&quot;}\" data-image-title=\"7722496c-0514-4717-b3ea-b8c7ac88c96e\" data-image-description=\"&lt;p&gt;Marta Oliveri&lt;\/p&gt;\n\" data-image-caption=\"&lt;p&gt;Marta Oliveri&lt;\/p&gt;\n\" data-large-file=\"http:\/\/jornalrol.com.br\/wp-content\/uploads\/2025\/07\/7722496c-0514-4717-b3ea-b8c7ac88c96e.jpg\" src=\"http:\/\/jornalrol.com.br\/wp-content\/uploads\/2025\/07\/7722496c-0514-4717-b3ea-b8c7ac88c96e.jpg\" alt=\"Marta Oliveri\" class=\"wp-image-74240\" style=\"width:126px;height:auto\" srcset=\"http:\/\/jornalrol.com.br\/wp-content\/uploads\/2025\/07\/7722496c-0514-4717-b3ea-b8c7ac88c96e.jpg 1321w, http:\/\/jornalrol.com.br\/wp-content\/uploads\/2025\/07\/7722496c-0514-4717-b3ea-b8c7ac88c96e-1200x1127.jpg 1200w, http:\/\/jornalrol.com.br\/wp-content\/uploads\/2025\/07\/7722496c-0514-4717-b3ea-b8c7ac88c96e-768x721.jpg 768w\" sizes=\"auto, (max-width: 1321px) 100vw, 1321px\" \/><figcaption class=\"wp-element-caption\">Marta Oliveri<\/figcaption><\/figure>\n<\/div>\n\n<div class=\"wp-block-image\">\n<figure class=\"aligncenter size-full is-resized\"><img loading=\"lazy\" decoding=\"async\" width=\"1280\" height=\"1280\" data-attachment-id=\"75286\" data-permalink=\"http:\/\/jornalrol.com.br\/?attachment_id=75286\" data-orig-file=\"http:\/\/jornalrol.com.br\/wp-content\/uploads\/2025\/08\/8326fab6-056d-4c03-8ebc-ee4f7d1eecd2.jpeg\" data-orig-size=\"1280,1280\" data-comments-opened=\"1\" data-image-meta=\"{&quot;aperture&quot;:&quot;0&quot;,&quot;credit&quot;:&quot;&quot;,&quot;camera&quot;:&quot;&quot;,&quot;caption&quot;:&quot;&quot;,&quot;created_timestamp&quot;:&quot;0&quot;,&quot;copyright&quot;:&quot;&quot;,&quot;focal_length&quot;:&quot;0&quot;,&quot;iso&quot;:&quot;0&quot;,&quot;shutter_speed&quot;:&quot;0&quot;,&quot;title&quot;:&quot;&quot;,&quot;orientation&quot;:&quot;0&quot;}\" data-image-title=\"8326fab6-056d-4c03-8ebc-ee4f7d1eecd2\" data-image-description=\"\" data-image-caption=\"\" data-large-file=\"http:\/\/jornalrol.com.br\/wp-content\/uploads\/2025\/08\/8326fab6-056d-4c03-8ebc-ee4f7d1eecd2.jpeg\" src=\"https:\/\/jornalrol.com.br\/wp-content\/uploads\/2025\/08\/8326fab6-056d-4c03-8ebc-ee4f7d1eecd2.jpeg\" alt=\"Imagem criada pela IA da Meta - 1\u00ba de setembro de 2025\" class=\"wp-image-75286\" style=\"width:356px;height:auto\" srcset=\"http:\/\/jornalrol.com.br\/wp-content\/uploads\/2025\/08\/8326fab6-056d-4c03-8ebc-ee4f7d1eecd2.jpeg 1280w, http:\/\/jornalrol.com.br\/wp-content\/uploads\/2025\/08\/8326fab6-056d-4c03-8ebc-ee4f7d1eecd2-1200x1200.jpeg 1200w, http:\/\/jornalrol.com.br\/wp-content\/uploads\/2025\/08\/8326fab6-056d-4c03-8ebc-ee4f7d1eecd2-600x600.jpeg 600w, http:\/\/jornalrol.com.br\/wp-content\/uploads\/2025\/08\/8326fab6-056d-4c03-8ebc-ee4f7d1eecd2-768x768.jpeg 768w\" sizes=\"auto, (max-width: 1280px) 100vw, 1280px\" \/><figcaption class=\"wp-element-caption\"><em>Imagem criada pela IA da Meta &#8211; 1\u00ba de setembro de 2025<\/em><\/figcaption><\/figure>\n<\/div>\n\n\n<p class=\"has-text-align-center\">Canto 1<\/p>\n\n\n\n<p class=\"has-text-align-center\">Habr\u00e1 un d\u00eda que anochezca y nazca<br>en el punto neur\u00e1lgico del tiempo<br>un oc\u00e9ano de mares que fundan sus rompientes<br>en una fuente \u00fanica hacia el \u00e9ter<br>habr\u00e1 en el horizonte, atisbo de lo eterno<br>emigrando en violeta como Psique<br>en alas de Cupido\u2026<\/p>\n\n\n\n<p class=\"has-text-align-center\">Mariposa rescatada de las sombras<br>habr\u00e1 lo que siempre ha estado entre nosotros<br>descre\u00eddos y tr\u00e9mulos de olvido<br>santificado por el agua de un \u00e1ngel degollado<br>y la sangre de un dios que desbord\u00f3 los r\u00edos<br>dulce dios en harapos<br>oscureciendo cielos transitorios<br>la tormenta que da a luz el nuevo verbo<br>el hijo del dolor y la ternura<br>el que ha dicho :\u201dEl\u00ed, El\u00ed! lama sabactani&#8221;<br>Padre m\u00edo porqu\u00e9 me desamparas<br>y en devenir la met\u00e1fora<br>una liviana urdimbre<br>de plumas que refugian<br>la memoria del vuelo<br>o el viento en ascendente virtud<br>de trascender esa quimera ed\u00e9nica<br>que nos dejo en exilio<\/p>\n\n\n\n<p class=\"has-text-align-center\">habr\u00e1 el retorno en muerte-en vida<br>donde rompen los brotes<br>y se desangra el tronco milenario<br>y tendremos un b\u00e1lsamo<br>de profundas heridas que nos dir\u00e1<br>que todos hemos sido el madero<br>los clavos y la carne desagarrada<br>en el sitio donde gimieron padre e hijo<br>hermanos de sepulcro<br>que todos al fin hemos tejido el manto<br>dando a luz la piedra irreverente<br>que neg\u00f3 sepultura al irredento<br>El poeta de luz, que abri\u00f3 la noche<br>en un alba angelical de rebeld\u00eda.<\/p>\n\n\n\n<p class=\"has-text-align-center\">Canto 2<\/p>\n\n\n\n<p class=\"has-text-align-center\">Y ahora en la promesa este logos as\u00e9ptico<br>de median\u00edas tan gratas como el prolijo tic-tac<br>del presente inmediato<br>nos hemos olvidado del pasado<br>nos hemos olvidado de los sue\u00f1os<br>ese recuerdo de un futuro a\u00fan no nacido<\/p>\n\n\n\n<p class=\"has-text-align-center\">y nos vamos desvistiendo de absoluto<br>en el lineal ropaje de este infierno mundano<br>de esta trampa perfecta que nos regala un d\u00eda<br>de anhelos satisfechos y olvidos convenientes<br>a merced de del los imperios esos fantasmas p\u00fadicos<br>que se visten de ofrendas, protocolo y misiles<br>que se esconden al buen gusto del publico selecto<br>acribillando el sol de \u00c1frica<\/p>\n\n\n\n<p class=\"has-text-align-center\">y los ni\u00f1os muriendo en sus costillas<br>en Nagasaki o Palestina, Hiroshima o Irak<br>seg\u00fan suponga el tiempo del ajedrez pol\u00edtico<br>que olvida que la vida, rebalsa las cuadr\u00edculas<br>el tablero naufraga en abismo del T\u00e1rtaro<br>que en este mundo de inermes mortandades<br>s\u00f3lo hay un dios y es el amor del hacedor de cunas,<br>la matriz celestial de los inicios.<\/p>\n\n\n\n<p class=\"has-text-align-center\">Canto 3<\/p>\n\n\n\n<p class=\"has-text-align-center\">Dormir profundamente<br>y quedarse en el centro<br>en la muda constelaci\u00f3n de lo que brilla<br>en esa lejan\u00eda de on\u00edrico horizonte.<br>La verdadera eternidad es un regreso<br>donde nos espera Pen\u00e9lope o Ariadna<br>la matria del amor encapullado<br>la ternura del cuenco que acurruca a Pandora<br>pajarito que late la \u00faltima esperanza.<br>C\u00f3mo decir cuando el oto\u00f1o acecha<br>c\u00f3mo seguir bajo estos rasgos que se apagan<br>bajo esta m\u00e1scara que que la vejez inventa<br>el mismo coraz\u00f3n<br>el mismo barco<br>la misma llama<br>en pos de lo absoluto.<br>Qu\u00e9 dignidad de edades arrumbadas<br>nos tiende la gran trampa de ir muriendo<br>respirando memorias de azares y violetas<br>abrigando firmamentos de dioses infantiles<br>entre nubes de acuarela y brillantina<br>qu\u00e9 letal mansedumbre nos ha precipitado<br>a esta triste osad\u00eda de soportarlo todo<br>hero\u00edsmo de n\u00e1ufragos asumiendo la broma<br>de este barco que embriaga su deriva<br>de esta burla de pipas quemantes en las alas.<br>II<br>Estamos perdiendo la humanidad<br>en una sombra<br>la vida en la caverna<br>de esta ancestral falacia.<br>estamos renunciando al para\u00edso<br>en cada fosa de las horas quietas<br>suponemos un dios, un escenario<br>pero somos solo espectros de la ausencia<br>y estamos muertos, m\u00e1s muertos todav\u00eda<br>que todo lo que muere en este mundo<br>cuando perdemos la voz del instrumento<br>que templaba el nidal de la palabra.<\/p>\n\n\n\n<p class=\"has-text-align-center\">Canto 4<\/p>\n\n\n\n<p class=\"has-text-align-center\">Esta extra\u00f1a altitud<br>que da el destello<br>de una fugaz mirada al firmamento<br>esta s\u00fabita dicha de absoluto<br>abrir la luz del r\u00edo que asciende toda pena<br>proeza a\u00fan mayor<br>de sabernos tan m\u00ednimos<br>latitud del polvo al fin<br>donde no hay horizontes<br>y se acaban las huellas<br>en las aguas estigias.<\/p>\n\n\n\n<p class=\"has-text-align-center\">mayor es el milagro<br>m\u00e1s bello el testamento<br>azul que le dejamos<br>a estos nuevos capullos<br>a estas cunas que esperan<br>arrullando el futuro<br>de un ser aun no nacido<br>en los ciclos del tiempo.<\/p>\n\n\n\n<p class=\"has-text-align-center\">mayor aun la grandeza<br>mayor esta nodriza<br>tejedora incansable<br>desovillando olvidos<br>para hacer la memoria<br>de clara y santa urdimbre<br>y platinar los brotes<br>que mojar\u00e1 el roc\u00edo<\/p>\n\n\n\n<p class=\"has-text-align-center\">Canto 5<\/p>\n\n\n\n<p class=\"has-text-align-center\">Porque somos el temblor y a la vez el refugio<br>el estigma de Ca\u00edn<br>y el trigo de otra ofrenda<br>que librar\u00e1 al ca\u00eddo de su estigma<\/p>\n\n\n\n<p class=\"has-text-align-center\">porque habr\u00e1 que morir<br>si de morir se trata<br>como quien lleva las manos a la hondura<br>de la \u00faltima fuente de los tiempos<br>la que abreva el espacio del dolor<br>y consuela la sed las ra\u00edces.<\/p>\n\n\n\n<p class=\"has-text-align-center\">porque somos el tronco milenario<br>entrampado en las ruinas de un desierto<br>que fue templo alguna vez<br>o un hogar para amantes<br>o herida selva at\u00e1vica<br>o playa de aquel b\u00edblico mar<br>que ya no es<\/p>\n\n\n\n<p class=\"has-text-align-center\">porque habremos de ir tras el recodo<br>de un horizonte intimo<br>que esconde lo infinito.<\/p>\n\n\n\n<p class=\"has-text-align-center\">Canto 6<\/p>\n\n\n\n<p class=\"has-text-align-center\">Canto de una trama ennegrecida<br>por el tr\u00e1gico verbo de lo oscuro<br>en las ruinas son\u00e1mbulas<br>que dejaron los cetros de los reyes<br>que enlodaron al fluir en copas de oro<br>o engoladas guillotinas<br>descabezando almas<br>atravesando mu\u00e9rdagos<br>arrasando arquitecturas<br>de nidales silvestres<br>en el simple nacer de los naceres<br>canto que se silencia<\/p>\n\n\n\n<p class=\"has-text-align-center\">por \u00e9pocas<br>ceniza<\/p>\n\n\n\n<p class=\"has-text-align-center\">por \u00e9pocas aullido<br>estepario y at\u00f3nito<\/p>\n\n\n\n<p class=\"has-text-align-center\">por antes<br>una mueca avergonzada y \u00e1lgida<br>de monstruo malherido<br>de enlodada met\u00e1fora<\/p>\n\n\n\n<p class=\"has-text-align-center\">por despu\u00e9s<br>la belleza<br>desertando las llagas<\/p>\n\n\n\n<p class=\"has-text-align-center\">la m\u00e1scara naciendo al transparente rostro<\/p>\n\n\n\n<p class=\"has-text-align-center\">la melancol\u00eda azul<br>de un saber silencioso<br>que determina cielos<br>remontando la tierra.<br>Luego la pausa tr\u00e1gica<br>y el abrazo seguro.<br>Un aleteo de ausencias<br>regresando al nido.<\/p>\n\n\n\n<p class=\"has-text-align-center\">Y al fin, la isla<br>donde acaba toda l\u00e1grima<br>en la alianza de r\u00edos transitorios.<\/p>\n\n\n\n<p class=\"has-text-align-center\">Canto 7<\/p>\n\n\n\n<p class=\"has-text-align-center\">Y ser\u00e1 &#8220;la nueva alianza&#8221;<br>en s\u00e9ptimo presagio<br>refugio de los p\u00e1jaros:<\/p>\n\n\n\n<p class=\"has-text-align-center\">El nuevo altar sin trono.<\/p>\n\n\n\n<h3 class=\"wp-block-heading has-text-align-center\"><br>Marta Oliveri<\/h3>\n\n\n\n<div class=\"wp-block-columns is-layout-flex wp-container-core-columns-is-layout-9d6595d7 wp-block-columns-is-layout-flex\">\n<div class=\"wp-block-column is-layout-flow wp-block-column-is-layout-flow\">\n<h3 class=\"wp-block-heading has-text-align-center has-luminous-vivid-amber-to-luminous-vivid-orange-gradient-background has-background\"><a href=\"https:\/\/www.facebook.com\/martha.oliveri1?locale=pt_BR\" target=\"_blank\" rel=\"noopener\" title=\"Facebook\">Facebook<\/a><\/h3>\n<\/div>\n\n\n\n<div class=\"wp-block-column is-layout-flow wp-block-column-is-layout-flow\">\n<h3 class=\"wp-block-heading has-text-align-center has-luminous-vivid-amber-to-luminous-vivid-orange-gradient-background has-background\"><a href=\"https:\/\/www.instagram.com\/p\/DHTJgSuuaM5\/\" title=\"Instagram\">Instagram<\/a><\/h3>\n<\/div>\n<\/div>\n\n\n\n<p><a href=\"http:\/\/jornalrol.com.br\/\" title=\"Voltar\">Voltar<\/a><\/p>\n\n\n\n<p><a href=\"https:\/\/www.facebook.com\/JCulturalrol\/\" title=\"Facebook\">Facebook<\/a><\/p>\n\n\n\n<p class=\"has-text-align-center\"><\/p>\n","protected":false},"excerpt":{"rendered":"<p>Habr\u00e1 un d\u00eda que anochezca y nazca en el punto neur\u00e1lgico del tiempo, un oc\u00e9ano de mares que fundan sus rompientes en una fuente \u00fanica hacia el \u00e9ter&#8230;<\/p>\n","protected":false},"author":124,"featured_media":75286,"comment_status":"open","ping_status":"closed","sticky":false,"template":"","format":"standard","meta":{"_jetpack_newsletter_access":"","_jetpack_dont_email_post_to_subs":false,"_jetpack_newsletter_tier_id":0,"_jetpack_memberships_contains_paywalled_content":false,"_jetpack_memberships_contains_paid_content":false,"footnotes":""},"categories":[9285,58],"tags":[10781,11136,6039,10945,10257,12033],"class_list":["post-75285","post","type-post","status-publish","format-standard","has-post-thumbnail","hentry","category-literatura","category-poesias","tag-eterno","tag-horizonte","tag-noite","tag-oceano","tag-sombras","tag-tempestade"],"aioseo_notices":[],"views":1108,"jetpack_featured_media_url":"http:\/\/jornalrol.com.br\/wp-content\/uploads\/2025\/08\/8326fab6-056d-4c03-8ebc-ee4f7d1eecd2.jpeg","jetpack_sharing_enabled":true,"jetpack_likes_enabled":true,"jetpack-related-posts":[{"id":75554,"url":"http:\/\/jornalrol.com.br\/?p=75554","url_meta":{"origin":75285,"position":0},"title":"Subversivo absoluto","author":"Marta Oliveri","date":"15 de setembro de 2025","format":false,"excerpt":"Subversi\u00f3n absoluta y no lo he dicho yo lo dijo aquel poeta del verbo milenario, \"Porque los \u00faltimos ser\u00e1n primeros y los primeros \u00faltimos\" y el cielo\u2026","rel":"","context":"Em &quot;Literatura&quot;","block_context":{"text":"Literatura","link":"http:\/\/jornalrol.com.br\/?cat=9285"},"img":{"alt_text":"Imagem criada por IA do Bing - 15 de setembro de 2025, \u00e0s 15:47 PM","src":"https:\/\/i0.wp.com\/jornalrol.com.br\/wp-content\/uploads\/2025\/09\/543354858_10238733656417555_5204216193101785994_n.jpg?resize=350%2C200","width":350,"height":200,"srcset":"https:\/\/i0.wp.com\/jornalrol.com.br\/wp-content\/uploads\/2025\/09\/543354858_10238733656417555_5204216193101785994_n.jpg?resize=350%2C200 1x, https:\/\/i0.wp.com\/jornalrol.com.br\/wp-content\/uploads\/2025\/09\/543354858_10238733656417555_5204216193101785994_n.jpg?resize=525%2C300 1.5x"},"classes":[]},{"id":75395,"url":"http:\/\/jornalrol.com.br\/?p=75395","url_meta":{"origin":75285,"position":1},"title":"Subversi\u00f3n","author":"Marta Oliveri","date":"8 de setembro de 2025","format":false,"excerpt":"C\u00f3mo decir que el desierto llora que en un hombre dormido yace el infinito Admitir que el saber es un reci\u00e9n nacido, un brote apenas en la heredad del\u2026","rel":"","context":"Em &quot;Contos&quot;","block_context":{"text":"Contos","link":"http:\/\/jornalrol.com.br\/?cat=9607"},"img":{"alt_text":"Imagem criada por IA da Meta - 04 de setembro de 2025","src":"https:\/\/i0.wp.com\/jornalrol.com.br\/wp-content\/uploads\/2025\/09\/ef69321a-cc72-4560-9a23-39ad960e7cdd.jpeg?resize=350%2C200","width":350,"height":200,"srcset":"https:\/\/i0.wp.com\/jornalrol.com.br\/wp-content\/uploads\/2025\/09\/ef69321a-cc72-4560-9a23-39ad960e7cdd.jpeg?resize=350%2C200 1x, https:\/\/i0.wp.com\/jornalrol.com.br\/wp-content\/uploads\/2025\/09\/ef69321a-cc72-4560-9a23-39ad960e7cdd.jpeg?resize=525%2C300 1.5x, https:\/\/i0.wp.com\/jornalrol.com.br\/wp-content\/uploads\/2025\/09\/ef69321a-cc72-4560-9a23-39ad960e7cdd.jpeg?resize=700%2C400 2x, https:\/\/i0.wp.com\/jornalrol.com.br\/wp-content\/uploads\/2025\/09\/ef69321a-cc72-4560-9a23-39ad960e7cdd.jpeg?resize=1050%2C600 3x"},"classes":[]},{"id":77655,"url":"http:\/\/jornalrol.com.br\/?p=77655","url_meta":{"origin":75285,"position":2},"title":"Leyendas del Umbral","author":"Sergio Diniz da Costa","date":"6 de janeiro de 2026","format":false,"excerpt":"Con la publicaci\u00f3n de \"Leyendas del Umbral\", VER-MAR Ediciones presenta una colecci\u00f3n de relatos que exploran el umbral entre lo on\u00edrico y lo real, la\u2026","rel":"","context":"Em &quot;Contos&quot;","block_context":{"text":"Contos","link":"http:\/\/jornalrol.com.br\/?cat=9607"},"img":{"alt_text":"Capa do livro 'Leyendas del Umbral'","src":"https:\/\/i0.wp.com\/jornalrol.com.br\/wp-content\/uploads\/2026\/01\/dc96d5e0-0fe1-4424-81bf-a8e03e9b9882.jpg?resize=350%2C200","width":350,"height":200,"srcset":"https:\/\/i0.wp.com\/jornalrol.com.br\/wp-content\/uploads\/2026\/01\/dc96d5e0-0fe1-4424-81bf-a8e03e9b9882.jpg?resize=350%2C200 1x, https:\/\/i0.wp.com\/jornalrol.com.br\/wp-content\/uploads\/2026\/01\/dc96d5e0-0fe1-4424-81bf-a8e03e9b9882.jpg?resize=525%2C300 1.5x, https:\/\/i0.wp.com\/jornalrol.com.br\/wp-content\/uploads\/2026\/01\/dc96d5e0-0fe1-4424-81bf-a8e03e9b9882.jpg?resize=700%2C400 2x, https:\/\/i0.wp.com\/jornalrol.com.br\/wp-content\/uploads\/2026\/01\/dc96d5e0-0fe1-4424-81bf-a8e03e9b9882.jpg?resize=1050%2C600 3x"},"classes":[]},{"id":77961,"url":"http:\/\/jornalrol.com.br\/?p=77961","url_meta":{"origin":75285,"position":3},"title":"El Cristo de la Furia","author":"Sergio Diniz da Costa","date":"20 de janeiro de 2026","format":false,"excerpt":"He calculado el rumbo de los p\u00e1jaros l\u00e1grimas azules roc\u00edan el plumaje son restos de un diluvio que jam\u00e1s ha pasado he mirado mis manos vac\u00edas y mis hombros\u2026","rel":"","context":"Em &quot;Sem categoria&quot;","block_context":{"text":"Sem categoria","link":"http:\/\/jornalrol.com.br\/?cat=1"},"img":{"alt_text":"Imagem criada por IA da Meta - 20 de janeiro de 2026, \u00e0s 10:27 PM","src":"https:\/\/i0.wp.com\/jornalrol.com.br\/wp-content\/uploads\/2026\/01\/de29573d-0577-45d6-86c3-66fe158c4474.jpg?resize=350%2C200","width":350,"height":200,"srcset":"https:\/\/i0.wp.com\/jornalrol.com.br\/wp-content\/uploads\/2026\/01\/de29573d-0577-45d6-86c3-66fe158c4474.jpg?resize=350%2C200 1x, https:\/\/i0.wp.com\/jornalrol.com.br\/wp-content\/uploads\/2026\/01\/de29573d-0577-45d6-86c3-66fe158c4474.jpg?resize=525%2C300 1.5x, https:\/\/i0.wp.com\/jornalrol.com.br\/wp-content\/uploads\/2026\/01\/de29573d-0577-45d6-86c3-66fe158c4474.jpg?resize=700%2C400 2x, https:\/\/i0.wp.com\/jornalrol.com.br\/wp-content\/uploads\/2026\/01\/de29573d-0577-45d6-86c3-66fe158c4474.jpg?resize=1050%2C600 3x"},"classes":[]},{"id":78841,"url":"http:\/\/jornalrol.com.br\/?p=78841","url_meta":{"origin":75285,"position":4},"title":"El pacto del verbo azul","author":"Marta Oliveri","date":"2 de mar\u00e7o de 2026","format":false,"excerpt":"I. El Nacimiento en la Niebla. Recuerdo c\u00f3mo ella naci\u00f3; era un paraje extra\u00f1o, despojado. Un palacio se levantaba en la niebla de objetos intangibles\u2026","rel":"","context":"Em &quot;Contos&quot;","block_context":{"text":"Contos","link":"http:\/\/jornalrol.com.br\/?cat=9607"},"img":{"alt_text":"Imagem gerada por IA da Meta - 02 de mar\u00e7o de 2026, \u00e0s 13:05 PM","src":"https:\/\/i0.wp.com\/jornalrol.com.br\/wp-content\/uploads\/2026\/03\/1000133542.jpg?resize=350%2C200","width":350,"height":200,"srcset":"https:\/\/i0.wp.com\/jornalrol.com.br\/wp-content\/uploads\/2026\/03\/1000133542.jpg?resize=350%2C200 1x, https:\/\/i0.wp.com\/jornalrol.com.br\/wp-content\/uploads\/2026\/03\/1000133542.jpg?resize=525%2C300 1.5x, https:\/\/i0.wp.com\/jornalrol.com.br\/wp-content\/uploads\/2026\/03\/1000133542.jpg?resize=700%2C400 2x, https:\/\/i0.wp.com\/jornalrol.com.br\/wp-content\/uploads\/2026\/03\/1000133542.jpg?resize=1050%2C600 3x, https:\/\/i0.wp.com\/jornalrol.com.br\/wp-content\/uploads\/2026\/03\/1000133542.jpg?resize=1400%2C800 4x"},"classes":[]},{"id":75080,"url":"http:\/\/jornalrol.com.br\/?p=75080","url_meta":{"origin":75285,"position":5},"title":"Cuando mueren los \u00e1ngeles","author":"Marta Oliveri","date":"25 de agosto de 2025","format":false,"excerpt":"Lo que voy a relatar a continuaci\u00f3n, dijo el ala de un \u00e1ngel no es ni una f\u00e1bula, ni siquiera lo que algunos personajes del saber suelen denominar un texto\u2026","rel":"","context":"Em &quot;Contos&quot;","block_context":{"text":"Contos","link":"http:\/\/jornalrol.com.br\/?cat=9607"},"img":{"alt_text":"Imagen creada por IA - 25 e agosto de 2025, \u00e0s 15:38 PM","src":"https:\/\/i0.wp.com\/jornalrol.com.br\/wp-content\/uploads\/2025\/08\/85f3c277-1371-422d-8efa-6eb7898b3491.jpeg?resize=350%2C200","width":350,"height":200,"srcset":"https:\/\/i0.wp.com\/jornalrol.com.br\/wp-content\/uploads\/2025\/08\/85f3c277-1371-422d-8efa-6eb7898b3491.jpeg?resize=350%2C200 1x, https:\/\/i0.wp.com\/jornalrol.com.br\/wp-content\/uploads\/2025\/08\/85f3c277-1371-422d-8efa-6eb7898b3491.jpeg?resize=525%2C300 1.5x, https:\/\/i0.wp.com\/jornalrol.com.br\/wp-content\/uploads\/2025\/08\/85f3c277-1371-422d-8efa-6eb7898b3491.jpeg?resize=700%2C400 2x, https:\/\/i0.wp.com\/jornalrol.com.br\/wp-content\/uploads\/2025\/08\/85f3c277-1371-422d-8efa-6eb7898b3491.jpeg?resize=1050%2C600 3x"},"classes":[]}],"_links":{"self":[{"href":"http:\/\/jornalrol.com.br\/index.php?rest_route=\/wp\/v2\/posts\/75285","targetHints":{"allow":["GET"]}}],"collection":[{"href":"http:\/\/jornalrol.com.br\/index.php?rest_route=\/wp\/v2\/posts"}],"about":[{"href":"http:\/\/jornalrol.com.br\/index.php?rest_route=\/wp\/v2\/types\/post"}],"author":[{"embeddable":true,"href":"http:\/\/jornalrol.com.br\/index.php?rest_route=\/wp\/v2\/users\/124"}],"replies":[{"embeddable":true,"href":"http:\/\/jornalrol.com.br\/index.php?rest_route=%2Fwp%2Fv2%2Fcomments&post=75285"}],"version-history":[{"count":2,"href":"http:\/\/jornalrol.com.br\/index.php?rest_route=\/wp\/v2\/posts\/75285\/revisions"}],"predecessor-version":[{"id":75292,"href":"http:\/\/jornalrol.com.br\/index.php?rest_route=\/wp\/v2\/posts\/75285\/revisions\/75292"}],"wp:featuredmedia":[{"embeddable":true,"href":"http:\/\/jornalrol.com.br\/index.php?rest_route=\/wp\/v2\/media\/75286"}],"wp:attachment":[{"href":"http:\/\/jornalrol.com.br\/index.php?rest_route=%2Fwp%2Fv2%2Fmedia&parent=75285"}],"wp:term":[{"taxonomy":"category","embeddable":true,"href":"http:\/\/jornalrol.com.br\/index.php?rest_route=%2Fwp%2Fv2%2Fcategories&post=75285"},{"taxonomy":"post_tag","embeddable":true,"href":"http:\/\/jornalrol.com.br\/index.php?rest_route=%2Fwp%2Fv2%2Ftags&post=75285"}],"curies":[{"name":"wp","href":"https:\/\/api.w.org\/{rel}","templated":true}]}}