{"id":75504,"date":"2025-09-11T10:34:36","date_gmt":"2025-09-11T13:34:36","guid":{"rendered":"https:\/\/jornalrol.com.br\/?p=75504"},"modified":"2025-09-11T10:34:55","modified_gmt":"2025-09-11T13:34:55","slug":"a-vida-e-simplesmente","status":"publish","type":"post","link":"http:\/\/jornalrol.com.br\/?p=75504","title":{"rendered":"A vida \u00e9, simplesmente!"},"content":{"rendered":"<div class=\"pdfprnt-buttons pdfprnt-buttons-post pdfprnt-top-right\"><a href=\"http:\/\/jornalrol.com.br\/index.php?rest_route=%2Fwp%2Fv2%2Fposts%2F75504&print=pdf\" class=\"pdfprnt-button pdfprnt-button-pdf\" target=\"_blank\" ><\/a><a href=\"http:\/\/jornalrol.com.br\/index.php?rest_route=%2Fwp%2Fv2%2Fposts%2F75504&print=print\" class=\"pdfprnt-button pdfprnt-button-print\" target=\"_blank\" ><img decoding=\"async\" src=\"https:\/\/jornalrol.com.br\/wp-content\/plugins\/pdf-print\/images\/print.png\" alt=\"image_print\" title=\"Conte\u00fado de impress\u00e3o\" \/><\/a><\/div>\n<h2 class=\"wp-block-heading has-text-align-center\">Paulo Siuves: &#8216;A vida \u00e9, simplesmente!&#8217;<\/h2>\n\n\n<div class=\"wp-block-image\">\n<figure class=\"aligncenter size-full is-resized\"><img loading=\"lazy\" decoding=\"async\" width=\"120\" height=\"120\" data-attachment-id=\"55657\" data-permalink=\"http:\/\/jornalrol.com.br\/?attachment_id=55657\" data-orig-file=\"http:\/\/jornalrol.com.br\/wp-content\/uploads\/2023\/05\/Paulo-Siuves.jpg\" data-orig-size=\"120,120\" data-comments-opened=\"1\" data-image-meta=\"{&quot;aperture&quot;:&quot;0&quot;,&quot;credit&quot;:&quot;&quot;,&quot;camera&quot;:&quot;&quot;,&quot;caption&quot;:&quot;&quot;,&quot;created_timestamp&quot;:&quot;0&quot;,&quot;copyright&quot;:&quot;&quot;,&quot;focal_length&quot;:&quot;0&quot;,&quot;iso&quot;:&quot;0&quot;,&quot;shutter_speed&quot;:&quot;0&quot;,&quot;title&quot;:&quot;&quot;,&quot;orientation&quot;:&quot;0&quot;}\" data-image-title=\"Paulo-Siuves\" data-image-description=\"&lt;p&gt;Paulo Siuves&lt;\/p&gt;\n\" data-image-caption=\"&lt;p&gt;Paulo Siuves&lt;\/p&gt;\n\" data-large-file=\"http:\/\/jornalrol.com.br\/wp-content\/uploads\/2023\/05\/Paulo-Siuves.jpg\" src=\"http:\/\/jornalrol.com.br\/wp-content\/uploads\/2023\/05\/Paulo-Siuves.jpg\" alt=\"Paulo Siuves\" class=\"wp-image-55657\" style=\"width:106px;height:auto\"\/><figcaption class=\"wp-element-caption\">Paulo Siuves<\/figcaption><\/figure>\n<\/div>\n\n<div class=\"wp-block-image\">\n<figure class=\"aligncenter size-full is-resized\"><img loading=\"lazy\" decoding=\"async\" width=\"1280\" height=\"1280\" data-attachment-id=\"75508\" data-permalink=\"http:\/\/jornalrol.com.br\/?attachment_id=75508\" data-orig-file=\"http:\/\/jornalrol.com.br\/wp-content\/uploads\/2025\/09\/b22c0d91-873e-4b00-9916-5953ba108e4c.jpeg\" data-orig-size=\"1280,1280\" data-comments-opened=\"1\" data-image-meta=\"{&quot;aperture&quot;:&quot;0&quot;,&quot;credit&quot;:&quot;&quot;,&quot;camera&quot;:&quot;&quot;,&quot;caption&quot;:&quot;&quot;,&quot;created_timestamp&quot;:&quot;0&quot;,&quot;copyright&quot;:&quot;&quot;,&quot;focal_length&quot;:&quot;0&quot;,&quot;iso&quot;:&quot;0&quot;,&quot;shutter_speed&quot;:&quot;0&quot;,&quot;title&quot;:&quot;&quot;,&quot;orientation&quot;:&quot;0&quot;}\" data-image-title=\"b22c0d91-873e-4b00-9916-5953ba108e4c\" data-image-description=\"\" data-image-caption=\"\" data-large-file=\"http:\/\/jornalrol.com.br\/wp-content\/uploads\/2025\/09\/b22c0d91-873e-4b00-9916-5953ba108e4c.jpeg\" src=\"https:\/\/jornalrol.com.br\/wp-content\/uploads\/2025\/09\/b22c0d91-873e-4b00-9916-5953ba108e4c.jpeg\" alt=\"Imagem criada por IA da Meta - 11 de setembro de 2025, \u00e0s 10:22 PM\" class=\"wp-image-75508\" style=\"width:350px;height:auto\" srcset=\"http:\/\/jornalrol.com.br\/wp-content\/uploads\/2025\/09\/b22c0d91-873e-4b00-9916-5953ba108e4c.jpeg 1280w, http:\/\/jornalrol.com.br\/wp-content\/uploads\/2025\/09\/b22c0d91-873e-4b00-9916-5953ba108e4c-1200x1200.jpeg 1200w, http:\/\/jornalrol.com.br\/wp-content\/uploads\/2025\/09\/b22c0d91-873e-4b00-9916-5953ba108e4c-600x600.jpeg 600w, http:\/\/jornalrol.com.br\/wp-content\/uploads\/2025\/09\/b22c0d91-873e-4b00-9916-5953ba108e4c-768x768.jpeg 768w\" sizes=\"auto, (max-width: 1280px) 100vw, 1280px\" \/><figcaption class=\"wp-element-caption\"><em>Imagem criada por IA da Meta &#8211; 11 de setembro de 2025, <\/em><br><em>\u00e0s 10:22 PM<\/em><\/figcaption><\/figure>\n<\/div>\n\n\n<p class=\"has-text-align-center\">Os pais nunca t\u00eam o mesmo beb\u00ea duas vezes:<br>a c\u00f3lica da madrugada \u00e9 trocada por papinhas,<br>os primeiros sons estalam \u2014 e j\u00e1 brotam dentes,<br>o engatinhar orgulhoso trope\u00e7a<br>num passo incerto<br>que tenta ficar de p\u00e9.<\/p>\n\n\n\n<p class=\"has-text-align-center\">O tempo n\u00e3o pede licen\u00e7a:<br>passa,<br>leva,<br>muda.<\/p>\n\n\n\n<p class=\"has-text-align-center\">E n\u00f3s, atordoados, perguntamos \u2014<br>o que \u00e9 a vida?<\/p>\n\n\n\n<p class=\"has-text-align-center\">Talvez um abra\u00e7o que salva a tarde<br>ou o cheiro de caf\u00e9 que devolve a inf\u00e2ncia;<br>talvez uma casa de tijolos cansados,<br>um carro comprado com suor,<br>ou a joia que guarda um rosto no metal frio.<\/p>\n\n\n\n<p class=\"has-text-align-center\">H\u00e1 quem a veja no detalhe m\u00ednimo:<br>um vestido esquecido no arm\u00e1rio,<br>um prato antigo que abre feridas de saudade.<br>E h\u00e1 quem prefira conceitos:<br>liberdade, sa\u00fade, paz de domingo,<br>o amor \u2014 linha invis\u00edvel costurando dias.<\/p>\n\n\n\n<p class=\"has-text-align-center\">Para mim, a vida \u00e9 trilho de trem:<br>o p\u00e9 atr\u00e1s carrega o peso da experi\u00eancia,<br>o p\u00e9 \u00e0 frente adivinha o horizonte,<br>e, entre um e outro,<br>esse breve equil\u00edbrio,<br>esse agora que arde na palma.<\/p>\n\n\n\n<p class=\"has-text-align-center\">O passado \u00e9 retrovisor:<br>um lampejo,<br>consultamos e seguimos.<br>O futuro \u00e9 ensaio:<br>listas rabiscadas,<br>sonhos em papel amassado.<\/p>\n\n\n\n<p class=\"has-text-align-center\">Mas tudo, tudo acontece aqui:<br>enquanto pensamos no amanh\u00e3,<br>o hoje se consome como vela;<br>enquanto apertamos o ontem,<br>o hoje se solta como fuma\u00e7a.<\/p>\n\n\n\n<p class=\"has-text-align-center\">Planejar \u00e9 preciso, sim:<br>quem planta hoje, colhe corpo e companhia;<br>quem estuda, desenha o of\u00edcio;<br>quem ama, constr\u00f3i abrigo.<br>Mas o l\u00e1pis s\u00f3 risca o contorno<br>se a m\u00e3o se move no agora.<\/p>\n\n\n\n<p class=\"has-text-align-center\">Eis o vaiv\u00e9m:<br>um casal renova votos \u2014 raiz, instante, desejo;<br>uma fam\u00edlia ri no Natal \u2014 ontem, hoje, esperan\u00e7a.<br>Flores murcham,<br>juventude abranda o passo;<br>os pais, antes sin\u00f4nimo de colos,<br>agora precisam dos nossos bra\u00e7os.<\/p>\n\n\n\n<p class=\"has-text-align-center\">\u00c9 nessa dan\u00e7a que mora a beleza \u2014<br>e a dor \u2014<br>de viver.<\/p>\n\n\n\n<p class=\"has-text-align-center\">Talvez seja isso:<br>vida \u00e9 mistura de retrovisor e horizonte,<br>de chegada e despedida,<br>tempo correndo nas faces<br>e na pele das m\u00e3os<br>que se encontram<br>e depois\u2026 desatam.<\/p>\n\n\n\n<p class=\"has-text-align-center\">No fim,<br>\u00e9 simples:<br>a vida \u00e9 o tempo que passa,<br>a mudan\u00e7a inevit\u00e1vel do que amamos.<br>Acho que a vida \u00e9,<br>simplesmente!<\/p>\n\n\n\n<hr class=\"wp-block-separator has-alpha-channel-opacity\"\/>\n\n\n\n<h3 class=\"wp-block-heading has-text-align-center\">Paulo Siuves<\/h3>\n\n\n\n<div class=\"wp-block-columns is-layout-flex wp-container-core-columns-is-layout-9d6595d7 wp-block-columns-is-layout-flex\">\n<div class=\"wp-block-column is-layout-flow wp-block-column-is-layout-flow\">\n<h4 class=\"wp-block-heading has-text-align-center has-electric-grass-gradient-background has-background\"><a href=\"https:\/\/www.facebook.com\/EscritorPauloSiuves\" target=\"_blank\" rel=\"noopener\" title=\"Facebook\">Facebook<\/a><\/h4>\n<\/div>\n\n\n\n<div class=\"wp-block-column is-layout-flow wp-block-column-is-layout-flow\">\n<h4 class=\"wp-block-heading has-text-align-center has-electric-grass-gradient-background has-background\"><a href=\"https:\/\/x.com\/PauloSiuves\" target=\"_blank\" rel=\"noopener\" title=\"X\">X<\/a><\/h4>\n<\/div>\n\n\n\n<div class=\"wp-block-column is-layout-flow wp-block-column-is-layout-flow\">\n<h4 class=\"wp-block-heading has-text-align-center has-electric-grass-gradient-background has-background\"><a href=\"https:\/\/www.recantodasletras.com.br\/autores\/paulosiuves\" title=\"Poesias\">Poesias<\/a><\/h4>\n<\/div>\n\n\n\n<div class=\"wp-block-column is-layout-flow wp-block-column-is-layout-flow\">\n<h4 class=\"wp-block-heading has-text-align-center has-electric-grass-gradient-background has-background\"><a href=\"https:\/\/paulosiuves.blogspot.com\/\" title=\"Blog\">Blog<\/a><\/h4>\n<\/div>\n<\/div>\n\n\n\n<p class=\"has-text-align-left\"><br><a href=\"http:\/\/jornalrol.com.br\/\" title=\"Voltar\">Voltar<\/a><\/p>\n\n\n\n<p><a href=\"https:\/www.facebook.com\/JCulturalrol\/\" title=\"Facebook\">Facebook<\/a><\/p>\n","protected":false},"excerpt":{"rendered":"<p>Os pais nunca t\u00eam o mesmo beb\u00ea duas vezes: a c\u00f3lica da madrugada \u00e9 trocada por papinhas, os primeiros sons estalam \u2014 e j\u00e1 brotam dentes, o engatinhar&#8230; <\/p>\n","protected":false},"author":38,"featured_media":75508,"comment_status":"open","ping_status":"closed","sticky":false,"template":"","format":"standard","meta":{"_jetpack_newsletter_access":"","_jetpack_dont_email_post_to_subs":false,"_jetpack_newsletter_tier_id":0,"_jetpack_memberships_contains_paywalled_content":false,"_jetpack_memberships_contains_paid_content":false,"footnotes":""},"categories":[9285,58],"tags":[13723,15011,10066,15009,8292,10101],"class_list":["post-75504","post","type-post","status-publish","format-standard","has-post-thumbnail","hentry","category-literatura","category-poesias","tag-bebes","tag-conceitos","tag-pais","tag-primeiros-sons","tag-tempo","tag-vestido"],"aioseo_notices":[],"views":423,"jetpack_featured_media_url":"http:\/\/jornalrol.com.br\/wp-content\/uploads\/2025\/09\/b22c0d91-873e-4b00-9916-5953ba108e4c.jpeg","jetpack_sharing_enabled":true,"jetpack_likes_enabled":true,"jetpack-related-posts":[{"id":45680,"url":"http:\/\/jornalrol.com.br\/?p=45680","url_meta":{"origin":75504,"position":0},"title":"Paulo Siuves: &#039;Dois tempos&#039;","author":"Paulo Siuves","date":"20 de outubro de 2021","format":false,"excerpt":"Dois tempos Os poemas que n\u00e3o escrevi As palavras que nunca usei As can\u00e7\u00f5es que n\u00e3o compus Os contos, as par\u00e1bolas, Tudo aquilo deixei no passado E mais um pouco, n\u00e3o criei. \u00a0 Fiz malas e amei de um jeito Alguns eternizei num peda\u00e7o de papel Com letras azuis, pretas,\u2026","rel":"","context":"Em &quot;Comunica\u00e7\u00e3o&quot;","block_context":{"text":"Comunica\u00e7\u00e3o","link":"http:\/\/jornalrol.com.br\/?cat=7"},"img":{"alt_text":"","src":"https:\/\/i0.wp.com\/www.jornalrol.com.br\/wp-content\/uploads\/2021\/05\/IMG-20201015-WA00891-150x150.jpg?resize=350%2C200","width":350,"height":200},"classes":[]},{"id":62369,"url":"http:\/\/jornalrol.com.br\/?p=62369","url_meta":{"origin":75504,"position":1},"title":"Voo ao sabor da ins\u00f4nia","author":"Paulo Siuves","date":"21 de outubro de 2023","format":false,"excerpt":"No sil\u00eancio da noite, minha mente desperta, enquanto o mundo se perde nos bra\u00e7os do sono. As sombras dan\u00e7am, enigmas na escurid\u00e3o, enquanto o rel\u00f3gio...","rel":"","context":"Em &quot;Literatura&quot;","block_context":{"text":"Literatura","link":"http:\/\/jornalrol.com.br\/?cat=9285"},"img":{"alt_text":"O rel\u00f3gio sussurra as horas, uma a uma","src":"https:\/\/i0.wp.com\/jornalrol.com.br\/wp-content\/uploads\/2023\/10\/OIG-2-1.jpg?resize=350%2C200","width":350,"height":200,"srcset":"https:\/\/i0.wp.com\/jornalrol.com.br\/wp-content\/uploads\/2023\/10\/OIG-2-1.jpg?resize=350%2C200 1x, https:\/\/i0.wp.com\/jornalrol.com.br\/wp-content\/uploads\/2023\/10\/OIG-2-1.jpg?resize=525%2C300 1.5x, https:\/\/i0.wp.com\/jornalrol.com.br\/wp-content\/uploads\/2023\/10\/OIG-2-1.jpg?resize=700%2C400 2x"},"classes":[]},{"id":43447,"url":"http:\/\/jornalrol.com.br\/?p=43447","url_meta":{"origin":75504,"position":2},"title":"Paulo Siuves:&#039;Meio s\u00e9culo&#039;","author":"Paulo Siuves","date":"2 de agosto de 2021","format":false,"excerpt":"Meio s\u00e9culo Como \u00e9 fazer meio s\u00e9culo de idade? \u00c9 louco. \u00c9 fenomenal, \u00e9 surpreendente. \u00c9 estar com tudo. \u00c9 simplesmente simples; cinquenta anos de idade e pronto. Em meio a uma pandemia, depois de superar globaliza\u00e7\u00e3o, crises financeiras mundiais, crises humanit\u00e1rias dantescas, superar o destino, superar inimigos, superar a\u2026","rel":"","context":"Em &quot;Comunica\u00e7\u00e3o&quot;","block_context":{"text":"Comunica\u00e7\u00e3o","link":"http:\/\/jornalrol.com.br\/?cat=7"},"img":{"alt_text":"","src":"https:\/\/i0.wp.com\/www.jornalrol.com.br\/wp-content\/uploads\/2021\/05\/IMG-20201015-WA00891-150x150.jpg?resize=350%2C200","width":350,"height":200},"classes":[]},{"id":49091,"url":"http:\/\/jornalrol.com.br\/?p=49091","url_meta":{"origin":75504,"position":3},"title":"Paulo Siuves: &#039;Quero isso, quero aquilo&#039;","author":"Paulo Siuves","date":"12 de mar\u00e7o de 2022","format":false,"excerpt":"Quero isso, quero aquilo Quero a paz que vem de dentro, Quero a multiplica\u00e7\u00e3o dos meus dias. Quero a b\u00ean\u00e7\u00e3o da prosperidade. \u00a0 Quero o sal\u00e1rio merecido do meu labor, Quero o beijo do meu filho e do meu neto. Quero o prazer da companhia dos meus amigos. \u00a0 Quero\u2026","rel":"","context":"Em &quot;Comunica\u00e7\u00e3o&quot;","block_context":{"text":"Comunica\u00e7\u00e3o","link":"http:\/\/jornalrol.com.br\/?cat=7"},"img":{"alt_text":"","src":"https:\/\/i0.wp.com\/www.jornalrol.com.br\/wp-content\/uploads\/2021\/05\/IMG-20201015-WA00891-150x150.jpg?resize=350%2C200","width":350,"height":200},"classes":[]},{"id":66451,"url":"http:\/\/jornalrol.com.br\/?p=66451","url_meta":{"origin":75504,"position":4},"title":"Dan\u00e7a insone entre a mente e o repouso","author":"Paulo Siuves","date":"13 de maio de 2024","format":false,"excerpt":"No sil\u00eancio da noite, minha mente desperta, enquanto o mundo se perde nos bra\u00e7os do sono. As sombras dan\u00e7am, enigmas na escurid\u00e3o. Enquanto o rel\u00f3gio sussurra","rel":"","context":"Em &quot;Literatura&quot;","block_context":{"text":"Literatura","link":"http:\/\/jornalrol.com.br\/?cat=9285"},"img":{"alt_text":"\"Dan\u00e7a insone entre a mente e o repouso\"","src":"https:\/\/i0.wp.com\/jornalrol.com.br\/wp-content\/uploads\/2024\/05\/OIG2.nGL_.jpg?resize=350%2C200","width":350,"height":200,"srcset":"https:\/\/i0.wp.com\/jornalrol.com.br\/wp-content\/uploads\/2024\/05\/OIG2.nGL_.jpg?resize=350%2C200 1x, https:\/\/i0.wp.com\/jornalrol.com.br\/wp-content\/uploads\/2024\/05\/OIG2.nGL_.jpg?resize=525%2C300 1.5x, https:\/\/i0.wp.com\/jornalrol.com.br\/wp-content\/uploads\/2024\/05\/OIG2.nGL_.jpg?resize=700%2C400 2x"},"classes":[]},{"id":50086,"url":"http:\/\/jornalrol.com.br\/?p=50086","url_meta":{"origin":75504,"position":5},"title":"Paulo Siuves: &#039;Manifesto de amor \u00e0 minha m\u00e3e&#039;","author":"Paulo Siuves","date":"8 de maio de 2022","format":false,"excerpt":"Manifesto de amor \u00e0 minha m\u00e3e Ela parou de respirar, esqueceu como funciona... Ato t\u00e3o inerente \u00e0 vida que aprendemos ao nascer o que precisa ser feito; respirar. 80 anos de idade, mais da metade dando a vida pelos filhos, segurando o choro, somente suspirando, pra chorar escondida, respirar aliviada\u2026","rel":"","context":"Em &quot;Comunica\u00e7\u00e3o&quot;","block_context":{"text":"Comunica\u00e7\u00e3o","link":"http:\/\/jornalrol.com.br\/?cat=7"},"img":{"alt_text":"","src":"https:\/\/i0.wp.com\/jornalrol.com.br\/wp-content\/uploads\/2022\/05\/Picsart_22-05-08_10-14-09-746.jpg?resize=350%2C200","width":350,"height":200,"srcset":"https:\/\/i0.wp.com\/jornalrol.com.br\/wp-content\/uploads\/2022\/05\/Picsart_22-05-08_10-14-09-746.jpg?resize=350%2C200 1x, https:\/\/i0.wp.com\/jornalrol.com.br\/wp-content\/uploads\/2022\/05\/Picsart_22-05-08_10-14-09-746.jpg?resize=525%2C300 1.5x, https:\/\/i0.wp.com\/jornalrol.com.br\/wp-content\/uploads\/2022\/05\/Picsart_22-05-08_10-14-09-746.jpg?resize=700%2C400 2x"},"classes":[]}],"_links":{"self":[{"href":"http:\/\/jornalrol.com.br\/index.php?rest_route=\/wp\/v2\/posts\/75504","targetHints":{"allow":["GET"]}}],"collection":[{"href":"http:\/\/jornalrol.com.br\/index.php?rest_route=\/wp\/v2\/posts"}],"about":[{"href":"http:\/\/jornalrol.com.br\/index.php?rest_route=\/wp\/v2\/types\/post"}],"author":[{"embeddable":true,"href":"http:\/\/jornalrol.com.br\/index.php?rest_route=\/wp\/v2\/users\/38"}],"replies":[{"embeddable":true,"href":"http:\/\/jornalrol.com.br\/index.php?rest_route=%2Fwp%2Fv2%2Fcomments&post=75504"}],"version-history":[{"count":3,"href":"http:\/\/jornalrol.com.br\/index.php?rest_route=\/wp\/v2\/posts\/75504\/revisions"}],"predecessor-version":[{"id":75510,"href":"http:\/\/jornalrol.com.br\/index.php?rest_route=\/wp\/v2\/posts\/75504\/revisions\/75510"}],"wp:featuredmedia":[{"embeddable":true,"href":"http:\/\/jornalrol.com.br\/index.php?rest_route=\/wp\/v2\/media\/75508"}],"wp:attachment":[{"href":"http:\/\/jornalrol.com.br\/index.php?rest_route=%2Fwp%2Fv2%2Fmedia&parent=75504"}],"wp:term":[{"taxonomy":"category","embeddable":true,"href":"http:\/\/jornalrol.com.br\/index.php?rest_route=%2Fwp%2Fv2%2Fcategories&post=75504"},{"taxonomy":"post_tag","embeddable":true,"href":"http:\/\/jornalrol.com.br\/index.php?rest_route=%2Fwp%2Fv2%2Ftags&post=75504"}],"curies":[{"name":"wp","href":"https:\/\/api.w.org\/{rel}","templated":true}]}}