{"id":75512,"date":"2025-09-12T14:35:11","date_gmt":"2025-09-12T17:35:11","guid":{"rendered":"https:\/\/jornalrol.com.br\/?p=75512"},"modified":"2025-09-12T14:39:08","modified_gmt":"2025-09-12T17:39:08","slug":"ares-de-primavera","status":"publish","type":"post","link":"http:\/\/jornalrol.com.br\/?p=75512","title":{"rendered":"Ares de primavera"},"content":{"rendered":"<div class=\"pdfprnt-buttons pdfprnt-buttons-post pdfprnt-top-right\"><a href=\"http:\/\/jornalrol.com.br\/index.php?rest_route=%2Fwp%2Fv2%2Fposts%2F75512&print=pdf\" class=\"pdfprnt-button pdfprnt-button-pdf\" target=\"_blank\" ><\/a><a href=\"http:\/\/jornalrol.com.br\/index.php?rest_route=%2Fwp%2Fv2%2Fposts%2F75512&print=print\" class=\"pdfprnt-button pdfprnt-button-print\" target=\"_blank\" ><img decoding=\"async\" src=\"https:\/\/jornalrol.com.br\/wp-content\/plugins\/pdf-print\/images\/print.png\" alt=\"image_print\" title=\"Conte\u00fado de impress\u00e3o\" \/><\/a><\/div>\n<h2 class=\"wp-block-heading has-text-align-center\">Soraya Balera exp\u00f5e telas na C\u00e2mara Municipal de Sorocaba com o tema Ares de Primavera<br><br><\/h2>\n\n\n<div class=\"wp-block-image\">\n<figure class=\"aligncenter size-full is-resized\"><img loading=\"lazy\" decoding=\"async\" width=\"954\" height=\"1149\" data-attachment-id=\"75513\" data-permalink=\"http:\/\/jornalrol.com.br\/?attachment_id=75513\" data-orig-file=\"http:\/\/jornalrol.com.br\/wp-content\/uploads\/2025\/09\/f397eeb5-1bd0-4707-9c62-728f02454a22.jpeg\" data-orig-size=\"954,1149\" data-comments-opened=\"1\" data-image-meta=\"{&quot;aperture&quot;:&quot;0&quot;,&quot;credit&quot;:&quot;&quot;,&quot;camera&quot;:&quot;&quot;,&quot;caption&quot;:&quot;&quot;,&quot;created_timestamp&quot;:&quot;0&quot;,&quot;copyright&quot;:&quot;&quot;,&quot;focal_length&quot;:&quot;0&quot;,&quot;iso&quot;:&quot;0&quot;,&quot;shutter_speed&quot;:&quot;0&quot;,&quot;title&quot;:&quot;&quot;,&quot;orientation&quot;:&quot;0&quot;}\" data-image-title=\"f397eeb5-1bd0-4707-9c62-728f02454a22\" data-image-description=\"\" data-image-caption=\"\" data-large-file=\"http:\/\/jornalrol.com.br\/wp-content\/uploads\/2025\/09\/f397eeb5-1bd0-4707-9c62-728f02454a22.jpeg\" src=\"https:\/\/jornalrol.com.br\/wp-content\/uploads\/2025\/09\/f397eeb5-1bd0-4707-9c62-728f02454a22.jpeg\" alt=\"Uma das telas da mostra : Sopro da vida\nTecnica: \u00f3leo sobre painel\" class=\"wp-image-75513\" style=\"width:314px;height:auto\" srcset=\"http:\/\/jornalrol.com.br\/wp-content\/uploads\/2025\/09\/f397eeb5-1bd0-4707-9c62-728f02454a22.jpeg 954w, http:\/\/jornalrol.com.br\/wp-content\/uploads\/2025\/09\/f397eeb5-1bd0-4707-9c62-728f02454a22-768x925.jpeg 768w\" sizes=\"auto, (max-width: 954px) 100vw, 954px\" \/><figcaption class=\"wp-element-caption\"><em>Uma das telas da mostra: &#8216;Sopro da Vida&#8217; &#8211; T\u00e9cnica:<\/em><br><em>\u00f3leo sobre painel<\/em><\/figcaption><\/figure>\n<\/div>\n\n\n<h4 class=\"wp-block-heading has-text-align-center\">\u201cBanho-me nas bolhas tocando minha pele e transformando-as na suave brisa criativa. Transmuto o medo atrav\u00e9s das pontas de meu pincel que dan\u00e7a em formas e cores, dando vida, criando amores.\u201d (Soraya Balera)<\/h4>\n\n\n<div class=\"wp-block-image\">\n<figure class=\"alignright size-full is-resized\"><img loading=\"lazy\" decoding=\"async\" width=\"895\" height=\"1053\" data-attachment-id=\"75514\" data-permalink=\"http:\/\/jornalrol.com.br\/?attachment_id=75514\" data-orig-file=\"http:\/\/jornalrol.com.br\/wp-content\/uploads\/2025\/09\/36d5a343-42ce-409a-bcb5-a68368746298.jpeg\" data-orig-size=\"895,1053\" data-comments-opened=\"1\" data-image-meta=\"{&quot;aperture&quot;:&quot;0&quot;,&quot;credit&quot;:&quot;&quot;,&quot;camera&quot;:&quot;&quot;,&quot;caption&quot;:&quot;&quot;,&quot;created_timestamp&quot;:&quot;0&quot;,&quot;copyright&quot;:&quot;&quot;,&quot;focal_length&quot;:&quot;0&quot;,&quot;iso&quot;:&quot;0&quot;,&quot;shutter_speed&quot;:&quot;0&quot;,&quot;title&quot;:&quot;&quot;,&quot;orientation&quot;:&quot;0&quot;}\" data-image-title=\"36d5a343-42ce-409a-bcb5-a68368746298\" data-image-description=\"\" data-image-caption=\"\" data-large-file=\"http:\/\/jornalrol.com.br\/wp-content\/uploads\/2025\/09\/36d5a343-42ce-409a-bcb5-a68368746298.jpeg\" src=\"http:\/\/jornalrol.com.br\/wp-content\/uploads\/2025\/09\/36d5a343-42ce-409a-bcb5-a68368746298.jpeg\" alt=\"Soraya Balera\" class=\"wp-image-75514\" style=\"width:338px;height:auto\" srcset=\"http:\/\/jornalrol.com.br\/wp-content\/uploads\/2025\/09\/36d5a343-42ce-409a-bcb5-a68368746298.jpeg 895w, http:\/\/jornalrol.com.br\/wp-content\/uploads\/2025\/09\/36d5a343-42ce-409a-bcb5-a68368746298-768x904.jpeg 768w\" sizes=\"auto, (max-width: 895px) 100vw, 895px\" \/><figcaption class=\"wp-element-caption\"><em>Soraya Balera<\/em><\/figcaption><\/figure>\n<\/div>\n\n\n<p class=\"has-drop-cap\"><strong>Do dia 15 ao dia 30 de setembro de 2025<\/strong>, o sagu\u00e3o &#8216;Salvadora Lopes&#8217;, da C\u00e2mara Municipal de Sorocaba, recebe a mostra <strong>Ares de Primavera<\/strong>, da artista pl\u00e1stica <strong>Soraya Balera<\/strong>.<\/p>\n\n\n\n<p>Natural de Itapetininga (SP), e radicada em Sorocaba (SP), Soraya Balera \u00e9 uma artista pl\u00e1stica autodidata. Ainda crian\u00e7a, trazia dentro de si um sonho: desenhar e pintar! Folheava as revistas de sua m\u00e3e, desenhando as formas e express\u00f5es que ali havia. <\/p>\n\n\n\n<p>Na fase adulta come\u00e7ou o despertar da artista. Amava contemplar o c\u00e9u e toda natureza a sua volta. Nos sonhos noturnos, tamb\u00e9m contemplando as estrelas, as flores e toda a natureza que iriam fazer parte da inspira\u00e7\u00e3o para a cria\u00e7\u00e3o de seus trabalhos art\u00edsticos.<\/p>\n\n\n\n<p>Suas obras, em \u00f3leo sobre tela, retratam a ess\u00eancia dos sonhos noturnos em conex\u00e3o com a vida real. Sua pintura, al\u00e9m dos elementos da natureza, tal como flores e animais, tamb\u00e9m explora temas de cunho esot\u00e9rico, xam\u00e2nico e mitol\u00f3gico. <\/p>\n\n\n\n<h3 class=\"wp-block-heading\">Telas al\u00e9m-fronteiras<\/h3>\n\n\n\n<p>Soraya j\u00e1 exp\u00f4s seus trabalhos no exterior, em pa\u00edses como Noruega e Su\u00ed\u00e7a. Em Sorocaba, participou, e foi homenageada com outras artistas, de uma mostra referente ao Dia Internacional da Mulher, na C\u00e2mara Municipal, com uma releitura da artista mexicana Frida Kahlo. Em mostras solo, partipou da Feira de Artes Pl\u00e1sticas, Biblioteca Municipal de Sorocaba, Shopping P\u00e1tio Ci\u00e2ne e Espa\u00e7os Terap\u00eauticos em Sorocaba.<\/p>\n\n\n\n<h3 class=\"wp-block-heading\">Reconhecimento<\/h3>\n\n\n\n<p>Seu talento na pintura tem sido reconhecido, sendo nomeada como Embaixadora de Arte da Am\u00e9rica pela Universidade de Piura (Peru) e empossada como Acad\u00eamica Internacional da Federa\u00e7\u00e3o Brasileira dos Acad\u00eamicos das Ci\u00eancias, Letras e Artes &#8211; FEBACLA.<\/p>\n\n\n\n<h3 class=\"wp-block-heading\">Tema da mostra<\/h3>\n\n\n\n<p>A mostra <strong>Ares da Primavera<\/strong> re\u00fane 10 quadros, cada um, cujo preparo demandou de uma semana at\u00e9 tr\u00eas meses. Sobre a primavera, como esta\u00e7\u00e3o escolhida para a mostra, Soraya declara, com o enlevo de uma grande artista: &#8220;\u00c9 nela que minha alma conversa com o Sol, com as flores, com tudo que h\u00e1 de belo. As variedades de flores que iluminam meu jardim na cria\u00e7\u00e3o art\u00edstica \u00e9 o que me faz feliz. \u00c9 a esta\u00e7\u00e3o que ilumina minha vida&#8221;.<\/p>\n\n\n\n<h3 class=\"wp-block-heading\">O que o p\u00fablico vai encontrar na mostra<\/h3>\n\n\n\n<p>&#8220;Espero que as pessoas encontrem o amor que foi registrado em cada pincelada, em cada mistura de cores. Que levem e passem adiante as boas energias que puderam sentir em minhas obras expostas no sagu\u00e3o da C\u00e2mara Municipal de Sorocaba&#8221;, conclui Soraya Balera, com um brilho nos olhos, pr\u00f3prio de quem respira a arte como o oxig\u00eanio da alma.<\/p>\n\n\n\n<h3 class=\"wp-block-heading has-text-align-center\">Redes sociais de Soraya Balera<\/h3>\n\n\n\n<div class=\"wp-block-columns is-layout-flex wp-container-core-columns-is-layout-9d6595d7 wp-block-columns-is-layout-flex\">\n<div class=\"wp-block-column is-layout-flow wp-block-column-is-layout-flow\">\n<h3 class=\"wp-block-heading has-text-align-center has-luminous-vivid-amber-to-luminous-vivid-orange-gradient-background has-background\"><a href=\"https:\/\/www.instagram.com\/sorayabalera\/\" target=\"_blank\" rel=\"noopener\" title=\"Instagram\">Instagram<\/a><\/h3>\n<\/div>\n\n\n\n<div class=\"wp-block-column is-layout-flow wp-block-column-is-layout-flow\">\n<h3 class=\"wp-block-heading has-text-align-center has-luminous-vivid-amber-to-luminous-vivid-orange-gradient-background has-background\"><a href=\"https:\/\/www.facebook.com\/p\/Soraya-Balera-100070093159680\/?_rdr\" title=\"Facebook\">Facebook<\/a><\/h3>\n<\/div>\n<\/div>\n\n\n\n<p><a href=\"https:\/\/jornalrol.com.br\/\" title=\"Voltar\">Voltar<\/a><\/p>\n\n\n\n<p><a href=\"https:\/\/www.facebook.com\/JCulturalrol\/\" title=\"Facebook\">Facebook<\/a><\/p>\n\n\n\n<p><br><br><br><br><\/p>\n","protected":false},"excerpt":{"rendered":"<p>Do dia 15 ao dia 30 de setembro de 2025, o sagu\u00e3o &#8216;Salvadora Lopes&#8217;, da C\u00e2mara Municipal de Sorocaba, recebe a mostra Ares de Primavera, de Soraya Balera.<\/p>\n","protected":false},"author":6,"featured_media":75513,"comment_status":"open","ping_status":"closed","sticky":false,"template":"","format":"standard","meta":{"_jetpack_newsletter_access":"","_jetpack_dont_email_post_to_subs":false,"_jetpack_newsletter_tier_id":0,"_jetpack_memberships_contains_paywalled_content":false,"_jetpack_memberships_contains_paid_content":false,"footnotes":""},"categories":[9286,9274,9523],"tags":[15015,1550,5780,14146],"class_list":["post-75512","post","type-post","status-publish","format-standard","has-post-thumbnail","hentry","category-arte","category-arteplastica","category-exposicao","tag-ares-de-primavera","tag-camara-municipal-de-sorocaba","tag-mostra","tag-soraya-balera"],"aioseo_notices":[],"views":497,"jetpack_featured_media_url":"http:\/\/jornalrol.com.br\/wp-content\/uploads\/2025\/09\/f397eeb5-1bd0-4707-9c62-728f02454a22.jpeg","jetpack_sharing_enabled":true,"jetpack_likes_enabled":true,"jetpack-related-posts":[{"id":72874,"url":"http:\/\/jornalrol.com.br\/?p=72874","url_meta":{"origin":75512,"position":0},"title":"Aquarela Po\u00e9tica","author":"Sergio Diniz da Costa","date":"11 de abril de 2025","format":false,"excerpt":"No dia 12\/04 (s\u00e1bado), \u00e0s 19h30, o Espa\u00e7o Cultural Du-Arts sediar\u00e1 o evento 'Aquarela Po\u00e9tica', que apresentar\u00e1 ao p\u00fablico uma s\u00e9rie de telas da pintora...","rel":"","context":"Em &quot;Arte&quot;","block_context":{"text":"Arte","link":"http:\/\/jornalrol.com.br\/?cat=9286"},"img":{"alt_text":"Aquarela Po\u00e9tica","src":"https:\/\/i0.wp.com\/jornalrol.com.br\/wp-content\/uploads\/2025\/04\/594ffc04-f63a-48d0-a108-795ac79d97d6.jpg?resize=350%2C200","width":350,"height":200,"srcset":"https:\/\/i0.wp.com\/jornalrol.com.br\/wp-content\/uploads\/2025\/04\/594ffc04-f63a-48d0-a108-795ac79d97d6.jpg?resize=350%2C200 1x, https:\/\/i0.wp.com\/jornalrol.com.br\/wp-content\/uploads\/2025\/04\/594ffc04-f63a-48d0-a108-795ac79d97d6.jpg?resize=525%2C300 1.5x, https:\/\/i0.wp.com\/jornalrol.com.br\/wp-content\/uploads\/2025\/04\/594ffc04-f63a-48d0-a108-795ac79d97d6.jpg?resize=700%2C400 2x"},"classes":[]},{"id":22385,"url":"http:\/\/jornalrol.com.br\/?p=22385","url_meta":{"origin":75512,"position":1},"title":"A Arte do Leitor: A artista pl\u00e1stica Virg\u00ednia Sim\u00f5es Freitas exp\u00f5e suas telas na Biblioteca  Municipal de Sorocaba","author":"Sergio Diniz da Costa","date":"13 de novembro de 2018","format":false,"excerpt":"A exposi\u00e7\u00e3o de Virg\u00ednia Sim\u00f5es Freitas est\u00e1 aberta \u00e0 visita\u00e7\u00e3o p\u00fablica at\u00e9 o dia 29 de novembro (quinta-feira), na Biblioteca Municipal de Sorocaba Os amantes das Artes, em especial da pintura em tela, poder\u00e3o apreciar os trabalhos que a artista pl\u00e1stica Virg\u00ednia Sim\u00f5es Freitas est\u00e1 expondo na Biblioteca Municipal de\u2026","rel":"","context":"Em &quot;Comunica\u00e7\u00e3o&quot;","block_context":{"text":"Comunica\u00e7\u00e3o","link":"http:\/\/jornalrol.com.br\/?cat=7"},"img":{"alt_text":"","src":"https:\/\/i0.wp.com\/www.jornalrol.com.br\/wp-content\/uploads\/2018\/11\/image1-297x300.jpg?resize=350%2C200","width":350,"height":200},"classes":[]},{"id":18102,"url":"http:\/\/jornalrol.com.br\/?p=18102","url_meta":{"origin":75512,"position":2},"title":"Feira de Artes Pl\u00e1sticas de Sorocaba \u00e9 realizada todo os domingos no Parque Campolim","author":"Sergio Diniz da Costa","date":"7 de maio de 2018","format":false,"excerpt":"A Feira de Artes Pl\u00e1sticas de Sorocaba, como \u00e9 chamado o evento que tem o pintor de telas Wilson Almenara \u00e0 frente como coordenador, \u00e9 realizada todos os domingos, das 9h00 \u00e0s 17h, no Parque Campolim \u00a0 Wilson Almenara, Francisco Antonelli, Cl\u00e1udio Murat, Concei\u00e7\u00e3o Matos, Edson Soares, Elias Tofaneli, Here\u2026","rel":"","context":"Em &quot;Comunica\u00e7\u00e3o&quot;","block_context":{"text":"Comunica\u00e7\u00e3o","link":"http:\/\/jornalrol.com.br\/?cat=7"},"img":{"alt_text":"","src":"https:\/\/i0.wp.com\/www.jornalrol.com.br\/wp-content\/uploads\/2018\/05\/IMG-20180506-WA0015-300x169.jpg?resize=350%2C200","width":350,"height":200},"classes":[]},{"id":66166,"url":"http:\/\/jornalrol.com.br\/?p=66166","url_meta":{"origin":75512,"position":3},"title":"Premia\u00e7\u00e3o do I Concurso de Poesia, Desenho e Pintura","author":"Sergio Diniz da Costa","date":"4 de maio de 2024","format":false,"excerpt":"O Movimento Criar Arte, projeto literocultural idealizado e coordenado pela escritora Laude K\u00e4mpos, tem como objetivo incentivar a cria\u00e7\u00e3o art\u00edstica, revelar","rel":"","context":"Em &quot;Arte&quot;","block_context":{"text":"Arte","link":"http:\/\/jornalrol.com.br\/?cat=9286"},"img":{"alt_text":"Logo do Movimento Criar Arte","src":"https:\/\/i0.wp.com\/jornalrol.com.br\/wp-content\/uploads\/2024\/05\/727b0c07-3fec-45b6-a76d-eb1edf887b2e-1.jpg?resize=350%2C200","width":350,"height":200,"srcset":"https:\/\/i0.wp.com\/jornalrol.com.br\/wp-content\/uploads\/2024\/05\/727b0c07-3fec-45b6-a76d-eb1edf887b2e-1.jpg?resize=350%2C200 1x, https:\/\/i0.wp.com\/jornalrol.com.br\/wp-content\/uploads\/2024\/05\/727b0c07-3fec-45b6-a76d-eb1edf887b2e-1.jpg?resize=525%2C300 1.5x, https:\/\/i0.wp.com\/jornalrol.com.br\/wp-content\/uploads\/2024\/05\/727b0c07-3fec-45b6-a76d-eb1edf887b2e-1.jpg?resize=700%2C400 2x, https:\/\/i0.wp.com\/jornalrol.com.br\/wp-content\/uploads\/2024\/05\/727b0c07-3fec-45b6-a76d-eb1edf887b2e-1.jpg?resize=1050%2C600 3x"},"classes":[]},{"id":48206,"url":"http:\/\/jornalrol.com.br\/?p=48206","url_meta":{"origin":75512,"position":4},"title":"Mini-curriculo de Walkiria Paunovic","author":"Helio Rubens","date":"30 de janeiro de 2022","format":false,"excerpt":"Walkiria Paunovic CURRICULUM VITAECURRICULUM VITAE Nome:- Walkiria Paunovic Data de nascimento:- 28 de mar\u00e7o de 1954 Estado Civil:- Casada Endere\u00e7o:-\u00a0 Vila Barth \u2013 Itapetininga E-mail-wpaunovic@yahoo.com.br \u2013 telefone 15 -3271-8071 \u2013 Cel:-981761345 CURSOS 1989 \u2013 Vitrinismo e Merchandising \u2013 SENAC \u2013 S\u00e3o Paulo1990 \u2013 Cria\u00e7\u00e3o de Display e Merchandising \u2013 SENAC\u2026","rel":"","context":"Em &quot;Comunica\u00e7\u00e3o&quot;","block_context":{"text":"Comunica\u00e7\u00e3o","link":"http:\/\/jornalrol.com.br\/?cat=7"},"img":{"alt_text":"","src":"https:\/\/i0.wp.com\/jornalrol.com.br\/wp-content\/uploads\/2022\/01\/Walquiria-169x300.jpg?resize=350%2C200","width":350,"height":200},"classes":[]},{"id":34370,"url":"http:\/\/jornalrol.com.br\/?p=34370","url_meta":{"origin":75512,"position":5},"title":"No Quadro de Colunistas do ROL a alma po\u00e9tica de Ism\u00eania de F\u00e1tima Santos Souza!","author":"Sergio Diniz da Costa","date":"13 de outubro de 2020","format":false,"excerpt":"Ism\u00eania de F\u00e1tima foi a vencedora do 1\u00ba Concurso Liter\u00e1rio ASPPAMS 2020 - Modalidade Poesia! Natural de Guapiara (SP), e atualmente morando em Sorocaba, Ism\u00eania de F\u00e1tima \u00e9 licenciada em Pedagogia e servidora p\u00fablica municipal de Sorocaba, exercendo o cargo de Inspetora de Alunos. Guapiara (termo derivado da\u00a0l\u00edngua tupi,\u00a0que significa\u2026","rel":"","context":"Em &quot;Comunica\u00e7\u00e3o&quot;","block_context":{"text":"Comunica\u00e7\u00e3o","link":"http:\/\/jornalrol.com.br\/?cat=7"},"img":{"alt_text":"","src":"https:\/\/i0.wp.com\/www.jornalrol.com.br\/wp-content\/uploads\/2020\/10\/foto-pessoal-1-169x300.jpg?resize=350%2C200","width":350,"height":200},"classes":[]}],"_links":{"self":[{"href":"http:\/\/jornalrol.com.br\/index.php?rest_route=\/wp\/v2\/posts\/75512","targetHints":{"allow":["GET"]}}],"collection":[{"href":"http:\/\/jornalrol.com.br\/index.php?rest_route=\/wp\/v2\/posts"}],"about":[{"href":"http:\/\/jornalrol.com.br\/index.php?rest_route=\/wp\/v2\/types\/post"}],"author":[{"embeddable":true,"href":"http:\/\/jornalrol.com.br\/index.php?rest_route=\/wp\/v2\/users\/6"}],"replies":[{"embeddable":true,"href":"http:\/\/jornalrol.com.br\/index.php?rest_route=%2Fwp%2Fv2%2Fcomments&post=75512"}],"version-history":[{"count":5,"href":"http:\/\/jornalrol.com.br\/index.php?rest_route=\/wp\/v2\/posts\/75512\/revisions"}],"predecessor-version":[{"id":75523,"href":"http:\/\/jornalrol.com.br\/index.php?rest_route=\/wp\/v2\/posts\/75512\/revisions\/75523"}],"wp:featuredmedia":[{"embeddable":true,"href":"http:\/\/jornalrol.com.br\/index.php?rest_route=\/wp\/v2\/media\/75513"}],"wp:attachment":[{"href":"http:\/\/jornalrol.com.br\/index.php?rest_route=%2Fwp%2Fv2%2Fmedia&parent=75512"}],"wp:term":[{"taxonomy":"category","embeddable":true,"href":"http:\/\/jornalrol.com.br\/index.php?rest_route=%2Fwp%2Fv2%2Fcategories&post=75512"},{"taxonomy":"post_tag","embeddable":true,"href":"http:\/\/jornalrol.com.br\/index.php?rest_route=%2Fwp%2Fv2%2Ftags&post=75512"}],"curies":[{"name":"wp","href":"https:\/\/api.w.org\/{rel}","templated":true}]}}