{"id":75545,"date":"2025-09-15T13:37:51","date_gmt":"2025-09-15T16:37:51","guid":{"rendered":"https:\/\/jornalrol.com.br\/?p=75545"},"modified":"2025-09-21T14:09:37","modified_gmt":"2025-09-21T17:09:37","slug":"o-que-e-que-ha-joao","status":"publish","type":"post","link":"http:\/\/jornalrol.com.br\/?p=75545","title":{"rendered":"O que \u00e9 que h\u00e1, Jo\u00e3o?"},"content":{"rendered":"<div class=\"pdfprnt-buttons pdfprnt-buttons-post pdfprnt-top-right\"><a href=\"http:\/\/jornalrol.com.br\/index.php?rest_route=%2Fwp%2Fv2%2Fposts%2F75545&print=pdf\" class=\"pdfprnt-button pdfprnt-button-pdf\" target=\"_blank\" ><\/a><a href=\"http:\/\/jornalrol.com.br\/index.php?rest_route=%2Fwp%2Fv2%2Fposts%2F75545&print=print\" class=\"pdfprnt-button pdfprnt-button-print\" target=\"_blank\" ><img decoding=\"async\" src=\"https:\/\/jornalrol.com.br\/wp-content\/plugins\/pdf-print\/images\/print.png\" alt=\"image_print\" title=\"Conte\u00fado de impress\u00e3o\" \/><\/a><\/div>\n<h2 class=\"wp-block-heading has-text-align-center\">Evani Rocha: &#8216;O que \u00e9 que h\u00e1, Jo\u00e3o?&#8217;<br><br><\/h2>\n\n\n<div class=\"wp-block-image is-style-rounded\">\n<figure class=\"aligncenter size-full is-resized\"><img loading=\"lazy\" decoding=\"async\" width=\"820\" height=\"967\" data-attachment-id=\"73143\" data-permalink=\"http:\/\/jornalrol.com.br\/?attachment_id=73143\" data-orig-file=\"http:\/\/jornalrol.com.br\/wp-content\/uploads\/2025\/05\/b9f17e15-94f0-4754-bc1a-9d4c1dcb042f.jpg\" data-orig-size=\"820,967\" data-comments-opened=\"1\" data-image-meta=\"{&quot;aperture&quot;:&quot;0&quot;,&quot;credit&quot;:&quot;&quot;,&quot;camera&quot;:&quot;&quot;,&quot;caption&quot;:&quot;&quot;,&quot;created_timestamp&quot;:&quot;0&quot;,&quot;copyright&quot;:&quot;&quot;,&quot;focal_length&quot;:&quot;0&quot;,&quot;iso&quot;:&quot;0&quot;,&quot;shutter_speed&quot;:&quot;0&quot;,&quot;title&quot;:&quot;&quot;,&quot;orientation&quot;:&quot;0&quot;}\" data-image-title=\"b9f17e15-94f0-4754-bc1a-9d4c1dcb042f\" data-image-description=\"&lt;p&gt;Evani Rocha&lt;\/p&gt;\n\" data-image-caption=\"&lt;p&gt;Evani Rocha&lt;\/p&gt;\n\" data-large-file=\"http:\/\/jornalrol.com.br\/wp-content\/uploads\/2025\/05\/b9f17e15-94f0-4754-bc1a-9d4c1dcb042f.jpg\" src=\"http:\/\/jornalrol.com.br\/wp-content\/uploads\/2025\/05\/b9f17e15-94f0-4754-bc1a-9d4c1dcb042f.jpg\" alt=\"Evani Rocha\" class=\"wp-image-73143\" style=\"width:106px;height:auto\" srcset=\"http:\/\/jornalrol.com.br\/wp-content\/uploads\/2025\/05\/b9f17e15-94f0-4754-bc1a-9d4c1dcb042f.jpg 820w, http:\/\/jornalrol.com.br\/wp-content\/uploads\/2025\/05\/b9f17e15-94f0-4754-bc1a-9d4c1dcb042f-768x906.jpg 768w\" sizes=\"auto, (max-width: 820px) 100vw, 820px\" \/><figcaption class=\"wp-element-caption\">Evani Rocha<\/figcaption><\/figure>\n<\/div>\n\n<div class=\"wp-block-image\">\n<figure class=\"aligncenter size-full is-resized\"><img loading=\"lazy\" decoding=\"async\" width=\"1024\" height=\"1024\" data-attachment-id=\"75546\" data-permalink=\"http:\/\/jornalrol.com.br\/?attachment_id=75546\" data-orig-file=\"http:\/\/jornalrol.com.br\/wp-content\/uploads\/2025\/09\/Imagem-gerada-por-IA-do-Gencraft-em-15-de-setembro-de-2025-as-06h50.jpg\" data-orig-size=\"1024,1024\" data-comments-opened=\"1\" data-image-meta=\"{&quot;aperture&quot;:&quot;0&quot;,&quot;credit&quot;:&quot;&quot;,&quot;camera&quot;:&quot;&quot;,&quot;caption&quot;:&quot;&quot;,&quot;created_timestamp&quot;:&quot;0&quot;,&quot;copyright&quot;:&quot;&quot;,&quot;focal_length&quot;:&quot;0&quot;,&quot;iso&quot;:&quot;0&quot;,&quot;shutter_speed&quot;:&quot;0&quot;,&quot;title&quot;:&quot;&quot;,&quot;orientation&quot;:&quot;0&quot;}\" data-image-title=\"Imagem gerada por IA do Gencraft em 15 de setembro de 2025 \u00e0s 06h50\" data-image-description=\"\" data-image-caption=\"\" data-large-file=\"http:\/\/jornalrol.com.br\/wp-content\/uploads\/2025\/09\/Imagem-gerada-por-IA-do-Gencraft-em-15-de-setembro-de-2025-as-06h50.jpg\" src=\"https:\/\/jornalrol.com.br\/wp-content\/uploads\/2025\/09\/Imagem-gerada-por-IA-do-Gencraft-em-15-de-setembro-de-2025-as-06h50.jpg\" alt=\"Imagem criada por Ia do Gencraft - 15 de setembro de 2025, \u00e0s 06:50 PM\" class=\"wp-image-75546\" style=\"width:350px;height:auto\" srcset=\"http:\/\/jornalrol.com.br\/wp-content\/uploads\/2025\/09\/Imagem-gerada-por-IA-do-Gencraft-em-15-de-setembro-de-2025-as-06h50.jpg 1024w, http:\/\/jornalrol.com.br\/wp-content\/uploads\/2025\/09\/Imagem-gerada-por-IA-do-Gencraft-em-15-de-setembro-de-2025-as-06h50-600x600.jpg 600w, http:\/\/jornalrol.com.br\/wp-content\/uploads\/2025\/09\/Imagem-gerada-por-IA-do-Gencraft-em-15-de-setembro-de-2025-as-06h50-768x768.jpg 768w\" sizes=\"auto, (max-width: 1024px) 100vw, 1024px\" \/><figcaption class=\"wp-element-caption\"><em>Imagem criada por Ia do Gencraft &#8211; 15 de setembro de 2025, \u00e0s 06:50 PM<\/em><\/figcaption><\/figure>\n<\/div>\n\n\n<p class=\"has-text-align-center\">O que \u00e9 que h\u00e1, Jo\u00e3o?!<\/p>\n\n\n\n<p class=\"has-text-align-center\">Hoje est\u00e1 t\u00e3o cabisbaixo,<\/p>\n\n\n\n<p class=\"has-text-align-center\">Frustrado e resmung\u00e3o&#8230;<\/p>\n\n\n\n<p class=\"has-text-align-center\">J\u00e1 olhou o c\u00e9u, Jo\u00e3o?<\/p>\n\n\n\n<p class=\"has-text-align-center\">O azul profundo,<\/p>\n\n\n\n<p class=\"has-text-align-center\">Mostrando que n\u00e3o tem fundo,<\/p>\n\n\n\n<p class=\"has-text-align-center\">N\u00e3o tem parede, nem ch\u00e3o!<\/p>\n\n\n\n<p class=\"has-text-align-center\">O que \u00e9 que h\u00e1, Jo\u00e3o?!<\/p>\n\n\n\n<p class=\"has-text-align-center\">Sentiu a brisa do mar,<\/p>\n\n\n\n<p class=\"has-text-align-center\">A maresia a espalhar,<\/p>\n\n\n\n<p class=\"has-text-align-center\">Um cheiro doce no ar?<\/p>\n\n\n\n<p class=\"has-text-align-center\">J\u00e1 observou o beija-flor,<\/p>\n\n\n\n<p class=\"has-text-align-center\">Voando de flor, em flor,<\/p>\n\n\n\n<p class=\"has-text-align-center\">Enfeitando o Jardim?<\/p>\n\n\n\n<p class=\"has-text-align-center\">Jo\u00e3o, nada mais lindo<\/p>\n\n\n\n<p class=\"has-text-align-center\">N\u00e3o h\u00e1,<\/p>\n\n\n\n<p class=\"has-text-align-center\">Que ver o nascer do sol<\/p>\n\n\n\n<p class=\"has-text-align-center\">No horizonte sem fim!<\/p>\n\n\n\n<p class=\"has-text-align-center\">Sorver o sabor da vida,<\/p>\n\n\n\n<p class=\"has-text-align-center\">Nos caminhos da esta\u00e7\u00e3o,<\/p>\n\n\n\n<p class=\"has-text-align-center\">Talvez na \u00faltima parada, Jo\u00e3o,<\/p>\n\n\n\n<p class=\"has-text-align-center\">Ainda haver\u00e1 perfume<\/p>\n\n\n\n<p class=\"has-text-align-center\">Nas suas honrosas m\u00e3os!<\/p>\n\n\n\n<h3 class=\"wp-block-heading has-text-align-center\"><br>Evani Rocha<\/h3>\n\n\n\n<div class=\"wp-block-columns is-layout-flex wp-container-core-columns-is-layout-9d6595d7 wp-block-columns-is-layout-flex\">\n<div class=\"wp-block-column is-layout-flow wp-block-column-is-layout-flow\">\n<h3 class=\"wp-block-heading has-text-align-center has-luminous-vivid-amber-to-luminous-vivid-orange-gradient-background has-background\"><a href=\"https:\/\/www.facebook.com\/evani.rocha.58\" target=\"_blank\" rel=\"noopener\" title=\"Facebook\">Facebook<\/a><\/h3>\n<\/div>\n\n\n\n<div class=\"wp-block-column is-layout-flow wp-block-column-is-layout-flow\">\n<h3 class=\"wp-block-heading has-text-align-center has-luminous-vivid-amber-to-luminous-vivid-orange-gradient-background has-background\"><a href=\"https:\/\/www.instagram.com\/evani.rochaa\/\" title=\"Instagram\">Instagram<\/a><\/h3>\n<\/div>\n<\/div>\n\n\n\n<p><a href=\"https:\/\/jornalrol.com.br\/\" title=\"Voltar\">Voltar<\/a><\/p>\n\n\n\n<p><a href=\"https:\/\/www.facebook.com\/JCulturalrol\/\" title=\"Facebook\">Facebook<\/a><\/p>\n","protected":false},"excerpt":{"rendered":"<p>O que \u00e9 que h\u00e1, Jo\u00e3o?! Hoje est\u00e1 t\u00e3o cabisbaixo, frustrado e resmung\u00e3o&#8230; J\u00e1 olhou o c\u00e9u, Jo\u00e3o? O azul profundo, mostrando que n\u00e3o tem fundo, n\u00e3o tem parede&#8230;<\/p>\n","protected":false},"author":94,"featured_media":75546,"comment_status":"open","ping_status":"closed","sticky":false,"template":"","format":"standard","meta":{"_jetpack_newsletter_access":"","_jetpack_dont_email_post_to_subs":false,"_jetpack_newsletter_tier_id":0,"_jetpack_memberships_contains_paywalled_content":false,"_jetpack_memberships_contains_paid_content":false,"footnotes":""},"categories":[9285,58],"tags":[15024,11895,13146,1856,14297,11265,15025],"class_list":["post-75545","post","type-post","status-publish","format-standard","has-post-thumbnail","hentry","category-literatura","category-poesias","tag-azul-profundo","tag-beija-flor","tag-brisa-do-mar","tag-ceu","tag-frustracao","tag-jardim","tag-maresia"],"aioseo_notices":[],"views":2018,"jetpack_featured_media_url":"http:\/\/jornalrol.com.br\/wp-content\/uploads\/2025\/09\/Imagem-gerada-por-IA-do-Gencraft-em-15-de-setembro-de-2025-as-06h50.jpg","jetpack_sharing_enabled":true,"jetpack_likes_enabled":true,"jetpack-related-posts":[{"id":67723,"url":"http:\/\/jornalrol.com.br\/?p=67723","url_meta":{"origin":75545,"position":0},"title":"O &#8216;S\u00e3o Jo\u00e3o&#8217; de minha inf\u00e2ncia","author":"Evani Ferreira Rocha","date":"24 de junho de 2024","format":false,"excerpt":"Hoje \u00e9 dia vinte e quatro. Nuvens passam espalhadas no c\u00e9u, como fiapos brancos de algod\u00e3o, num fundo, azul profundo, me dizendo que \u00e9 c\u00e9u de junho.","rel":"","context":"Em &quot;Literatura&quot;","block_context":{"text":"Literatura","link":"http:\/\/jornalrol.com.br\/?cat=9285"},"img":{"alt_text":"Imagem criada pela IA do Gencraft","src":"https:\/\/i0.wp.com\/jornalrol.com.br\/wp-content\/uploads\/2024\/06\/a2187813-36f6-4dfb-bed4-80c6699e7402.jpg?resize=350%2C200","width":350,"height":200,"srcset":"https:\/\/i0.wp.com\/jornalrol.com.br\/wp-content\/uploads\/2024\/06\/a2187813-36f6-4dfb-bed4-80c6699e7402.jpg?resize=350%2C200 1x, https:\/\/i0.wp.com\/jornalrol.com.br\/wp-content\/uploads\/2024\/06\/a2187813-36f6-4dfb-bed4-80c6699e7402.jpg?resize=525%2C300 1.5x"},"classes":[]},{"id":75428,"url":"http:\/\/jornalrol.com.br\/?p=75428","url_meta":{"origin":75545,"position":1},"title":"Primavera outra vez","author":"Evani Ferreira Rocha","date":"9 de setembro de 2025","format":false,"excerpt":"Vejo ao longe, no fio do horizonte, campinas ocres, robustos montes. Fuma\u00e7a branca em caracol encobre o azul cobalto do c\u00e9u, sob o manto branco do v\u00e9u.","rel":"","context":"Em &quot;Literatura&quot;","block_context":{"text":"Literatura","link":"http:\/\/jornalrol.com.br\/?cat=9285"},"img":{"alt_text":"Imagem criada por IA do Gencraft - 08 de setembro de 2025, \u00e0s 08:11 PM","src":"https:\/\/i0.wp.com\/jornalrol.com.br\/wp-content\/uploads\/2025\/09\/Imagem-gerada-por-IA-do-Gencraft-em-08-de-setembro-de-2025-as-11h00.jpg?resize=350%2C200","width":350,"height":200,"srcset":"https:\/\/i0.wp.com\/jornalrol.com.br\/wp-content\/uploads\/2025\/09\/Imagem-gerada-por-IA-do-Gencraft-em-08-de-setembro-de-2025-as-11h00.jpg?resize=350%2C200 1x, https:\/\/i0.wp.com\/jornalrol.com.br\/wp-content\/uploads\/2025\/09\/Imagem-gerada-por-IA-do-Gencraft-em-08-de-setembro-de-2025-as-11h00.jpg?resize=525%2C300 1.5x, https:\/\/i0.wp.com\/jornalrol.com.br\/wp-content\/uploads\/2025\/09\/Imagem-gerada-por-IA-do-Gencraft-em-08-de-setembro-de-2025-as-11h00.jpg?resize=700%2C400 2x"},"classes":[]},{"id":71551,"url":"http:\/\/jornalrol.com.br\/?p=71551","url_meta":{"origin":75545,"position":2},"title":"Barquinho de papel","author":"Evani Ferreira Rocha","date":"16 de janeiro de 2025","format":false,"excerpt":"Pus sobre a \u00e1gua corrente um barquinho de papel, e dentro dele somente um pedacinho do c\u00e9u. Do dia o azul turquesa, da noite o preto v\u00e9u. Um tantinho de...","rel":"","context":"Em &quot;Literatura&quot;","block_context":{"text":"Literatura","link":"http:\/\/jornalrol.com.br\/?cat=9285"},"img":{"alt_text":"Imagem gerada por IA do Canvas - 15 de janeiro de 2025 \u00e0s 20h20","src":"https:\/\/i0.wp.com\/jornalrol.com.br\/wp-content\/uploads\/2025\/01\/Imagem-gerada-por-IA-do-Canvas.-15-de-janeiro-de-2025-as-20h20.jpg?resize=350%2C200","width":350,"height":200,"srcset":"https:\/\/i0.wp.com\/jornalrol.com.br\/wp-content\/uploads\/2025\/01\/Imagem-gerada-por-IA-do-Canvas.-15-de-janeiro-de-2025-as-20h20.jpg?resize=350%2C200 1x, https:\/\/i0.wp.com\/jornalrol.com.br\/wp-content\/uploads\/2025\/01\/Imagem-gerada-por-IA-do-Canvas.-15-de-janeiro-de-2025-as-20h20.jpg?resize=525%2C300 1.5x, https:\/\/i0.wp.com\/jornalrol.com.br\/wp-content\/uploads\/2025\/01\/Imagem-gerada-por-IA-do-Canvas.-15-de-janeiro-de-2025-as-20h20.jpg?resize=700%2C400 2x, https:\/\/i0.wp.com\/jornalrol.com.br\/wp-content\/uploads\/2025\/01\/Imagem-gerada-por-IA-do-Canvas.-15-de-janeiro-de-2025-as-20h20.jpg?resize=1050%2C600 3x, https:\/\/i0.wp.com\/jornalrol.com.br\/wp-content\/uploads\/2025\/01\/Imagem-gerada-por-IA-do-Canvas.-15-de-janeiro-de-2025-as-20h20.jpg?resize=1400%2C800 4x"},"classes":[]},{"id":68389,"url":"http:\/\/jornalrol.com.br\/?p=68389","url_meta":{"origin":75545,"position":3},"title":"H\u00e1 tanto mar entre n\u00f3s","author":"Evani Ferreira Rocha","date":"31 de julho de 2024","format":false,"excerpt":"H\u00e1 tanto mar entre n\u00f3s e muito c\u00e9u a nos tocar. Os p\u00e9s n\u00e3o sentem o ch\u00e3o, acho que estamos a voar. As \u00e1guas s\u00e3o cachoeiras transl\u00facidas a borbulhar. Da boca...","rel":"","context":"Em &quot;Literatura&quot;","block_context":{"text":"Literatura","link":"http:\/\/jornalrol.com.br\/?cat=9285"},"img":{"alt_text":"Imagem criada pela IA do Gencraft","src":"https:\/\/i0.wp.com\/jornalrol.com.br\/wp-content\/uploads\/2024\/07\/95b854ba-cf33-4af5-b92c-6e7f9c74ad61.jpeg?resize=350%2C200","width":350,"height":200,"srcset":"https:\/\/i0.wp.com\/jornalrol.com.br\/wp-content\/uploads\/2024\/07\/95b854ba-cf33-4af5-b92c-6e7f9c74ad61.jpeg?resize=350%2C200 1x, https:\/\/i0.wp.com\/jornalrol.com.br\/wp-content\/uploads\/2024\/07\/95b854ba-cf33-4af5-b92c-6e7f9c74ad61.jpeg?resize=525%2C300 1.5x, https:\/\/i0.wp.com\/jornalrol.com.br\/wp-content\/uploads\/2024\/07\/95b854ba-cf33-4af5-b92c-6e7f9c74ad61.jpeg?resize=700%2C400 2x"},"classes":[]},{"id":73372,"url":"http:\/\/jornalrol.com.br\/?p=73372","url_meta":{"origin":75545,"position":4},"title":"A mala e o cais","author":"Evani Ferreira Rocha","date":"23 de maio de 2025","format":false,"excerpt":"J\u00e1 li as entrelinhas do teu texto, descobri a mensagem rec\u00f4ndita, pus uma flor sobre tua mesa, pintei de azul os teus pedestais, deixei a mala na beira do...","rel":"","context":"Em &quot;Literatura&quot;","block_context":{"text":"Literatura","link":"http:\/\/jornalrol.com.br\/?cat=9285"},"img":{"alt_text":"Imagem criada por IA do Gencraft - 22 de maio de 2025, \u00e0s 10:40 PM","src":"https:\/\/i0.wp.com\/jornalrol.com.br\/wp-content\/uploads\/2025\/05\/Imagem-criada-por-IA-do-Gencraft-em-22-de-maio-de-2025-as-10h40.jpg?resize=350%2C200","width":350,"height":200,"srcset":"https:\/\/i0.wp.com\/jornalrol.com.br\/wp-content\/uploads\/2025\/05\/Imagem-criada-por-IA-do-Gencraft-em-22-de-maio-de-2025-as-10h40.jpg?resize=350%2C200 1x, https:\/\/i0.wp.com\/jornalrol.com.br\/wp-content\/uploads\/2025\/05\/Imagem-criada-por-IA-do-Gencraft-em-22-de-maio-de-2025-as-10h40.jpg?resize=525%2C300 1.5x, https:\/\/i0.wp.com\/jornalrol.com.br\/wp-content\/uploads\/2025\/05\/Imagem-criada-por-IA-do-Gencraft-em-22-de-maio-de-2025-as-10h40.jpg?resize=700%2C400 2x"},"classes":[]},{"id":63945,"url":"http:\/\/jornalrol.com.br\/?p=63945","url_meta":{"origin":75545,"position":5},"title":"No Quadro do ROL, a arte po\u00e9tica de Evani Rocha!","author":"Sergio Diniz da Costa","date":"26 de dezembro de 2023","format":false,"excerpt":"Eu n\u00e3o sabia o que era o mar at\u00e9 velejar em suas \u00e1guas geladas e profundas; at\u00e9 encantar-me com um p\u00f4r do Sol que beijava a praia\u2026 Eu conheci o mar quando...","rel":"","context":"Em &quot;Apresenta\u00e7\u00e3o de colunista&quot;","block_context":{"text":"Apresenta\u00e7\u00e3o de colunista","link":"http:\/\/jornalrol.com.br\/?cat=10981"},"img":{"alt_text":"Evani Rocha","src":"https:\/\/i0.wp.com\/jornalrol.com.br\/wp-content\/uploads\/2023\/12\/FOTO-JORNAL-ROL.jpg?resize=350%2C200","width":350,"height":200},"classes":[]}],"_links":{"self":[{"href":"http:\/\/jornalrol.com.br\/index.php?rest_route=\/wp\/v2\/posts\/75545","targetHints":{"allow":["GET"]}}],"collection":[{"href":"http:\/\/jornalrol.com.br\/index.php?rest_route=\/wp\/v2\/posts"}],"about":[{"href":"http:\/\/jornalrol.com.br\/index.php?rest_route=\/wp\/v2\/types\/post"}],"author":[{"embeddable":true,"href":"http:\/\/jornalrol.com.br\/index.php?rest_route=\/wp\/v2\/users\/94"}],"replies":[{"embeddable":true,"href":"http:\/\/jornalrol.com.br\/index.php?rest_route=%2Fwp%2Fv2%2Fcomments&post=75545"}],"version-history":[{"count":2,"href":"http:\/\/jornalrol.com.br\/index.php?rest_route=\/wp\/v2\/posts\/75545\/revisions"}],"predecessor-version":[{"id":75725,"href":"http:\/\/jornalrol.com.br\/index.php?rest_route=\/wp\/v2\/posts\/75545\/revisions\/75725"}],"wp:featuredmedia":[{"embeddable":true,"href":"http:\/\/jornalrol.com.br\/index.php?rest_route=\/wp\/v2\/media\/75546"}],"wp:attachment":[{"href":"http:\/\/jornalrol.com.br\/index.php?rest_route=%2Fwp%2Fv2%2Fmedia&parent=75545"}],"wp:term":[{"taxonomy":"category","embeddable":true,"href":"http:\/\/jornalrol.com.br\/index.php?rest_route=%2Fwp%2Fv2%2Fcategories&post=75545"},{"taxonomy":"post_tag","embeddable":true,"href":"http:\/\/jornalrol.com.br\/index.php?rest_route=%2Fwp%2Fv2%2Ftags&post=75545"}],"curies":[{"name":"wp","href":"https:\/\/api.w.org\/{rel}","templated":true}]}}