{"id":75916,"date":"2025-09-29T13:18:13","date_gmt":"2025-09-29T16:18:13","guid":{"rendered":"https:\/\/jornalrol.com.br\/?p=75916"},"modified":"2025-09-29T13:18:39","modified_gmt":"2025-09-29T16:18:39","slug":"alba-c-molina","status":"publish","type":"post","link":"http:\/\/jornalrol.com.br\/?p=75916","title":{"rendered":"Alba C. Molina"},"content":{"rendered":"<div class=\"pdfprnt-buttons pdfprnt-buttons-post pdfprnt-top-right\"><a href=\"http:\/\/jornalrol.com.br\/index.php?rest_route=%2Fwp%2Fv2%2Fposts%2F75916&print=pdf\" class=\"pdfprnt-button pdfprnt-button-pdf\" target=\"_blank\" ><\/a><a href=\"http:\/\/jornalrol.com.br\/index.php?rest_route=%2Fwp%2Fv2%2Fposts%2F75916&print=print\" class=\"pdfprnt-button pdfprnt-button-print\" target=\"_blank\" ><img decoding=\"async\" src=\"https:\/\/jornalrol.com.br\/wp-content\/plugins\/pdf-print\/images\/print.png\" alt=\"image_print\" title=\"Conte\u00fado de impress\u00e3o\" \/><\/a><\/div>\n<h2 class=\"wp-block-heading has-text-align-center\">Carlos Javier Jarqu\u00edn <br><br>Alba C. Molina: &#8216;Entre acordes, palabras, ense\u00f1anza y libros&#8217;<br><br><\/h2>\n\n\n<div class=\"wp-block-image\">\n<figure class=\"aligncenter size-full is-resized\"><img loading=\"lazy\" decoding=\"async\" width=\"1175\" height=\"1305\" data-attachment-id=\"75917\" data-permalink=\"http:\/\/jornalrol.com.br\/?attachment_id=75917\" data-orig-file=\"http:\/\/jornalrol.com.br\/wp-content\/uploads\/2025\/09\/Entrevistas-Rol.jpg\" data-orig-size=\"1175,1305\" data-comments-opened=\"1\" data-image-meta=\"{&quot;aperture&quot;:&quot;0&quot;,&quot;credit&quot;:&quot;&quot;,&quot;camera&quot;:&quot;&quot;,&quot;caption&quot;:&quot;&quot;,&quot;created_timestamp&quot;:&quot;1684312287&quot;,&quot;copyright&quot;:&quot;&quot;,&quot;focal_length&quot;:&quot;0&quot;,&quot;iso&quot;:&quot;0&quot;,&quot;shutter_speed&quot;:&quot;0&quot;,&quot;title&quot;:&quot;&quot;,&quot;orientation&quot;:&quot;1&quot;}\" data-image-title=\"Entrevistas-Rol\" data-image-description=\"\" data-image-caption=\"\" data-large-file=\"http:\/\/jornalrol.com.br\/wp-content\/uploads\/2025\/09\/Entrevistas-Rol.jpg\" src=\"https:\/\/jornalrol.com.br\/wp-content\/uploads\/2025\/09\/Entrevistas-Rol.jpg\" alt=\"Logo da se\u00e7\u00e3o Entrevistas ROLianas\" class=\"wp-image-75917\" style=\"width:311px;height:auto\" srcset=\"http:\/\/jornalrol.com.br\/wp-content\/uploads\/2025\/09\/Entrevistas-Rol.jpg 1175w, http:\/\/jornalrol.com.br\/wp-content\/uploads\/2025\/09\/Entrevistas-Rol-1080x1200.jpg 1080w, http:\/\/jornalrol.com.br\/wp-content\/uploads\/2025\/09\/Entrevistas-Rol-768x853.jpg 768w\" sizes=\"auto, (max-width: 1175px) 100vw, 1175px\" \/><figcaption class=\"wp-element-caption\">Logo da se\u00e7\u00e3o Entrevistas ROLianas<\/figcaption><\/figure>\n<\/div>\n\n\n<p class=\"has-drop-cap\">Querida comunidad cibernauta, me complace mucho compartir con ustedes una entrevista que le he realizado a una gran artista de origen colombiano y nacionalizada costarricense. Es un verdadero honor entrevistar a una persona tan polifac\u00e9tica y humanista, una mujer que ha entregado todo por el empoderamiento humano y que, a lo largo de su vida, ha estado en constante aprendizaje, exploraci\u00f3n y difusi\u00f3n del conocimiento a trav\u00e9s de la m\u00fasica, las consejer\u00edas, la educaci\u00f3n y los libros.<br><br><\/p>\n\n\n<div class=\"wp-block-image\">\n<figure class=\"alignleft size-full is-resized\"><img loading=\"lazy\" decoding=\"async\" width=\"1667\" height=\"2500\" data-attachment-id=\"75918\" data-permalink=\"http:\/\/jornalrol.com.br\/?attachment_id=75918\" data-orig-file=\"http:\/\/jornalrol.com.br\/wp-content\/uploads\/2025\/09\/Con-Guit.-1.jpg\" data-orig-size=\"1667,2500\" data-comments-opened=\"1\" data-image-meta=\"{&quot;aperture&quot;:&quot;4.5&quot;,&quot;credit&quot;:&quot;Frank Delgado&quot;,&quot;camera&quot;:&quot;NIKON D5200&quot;,&quot;caption&quot;:&quot;&quot;,&quot;created_timestamp&quot;:&quot;1743511806&quot;,&quot;copyright&quot;:&quot;Frank Delgado Fotograf\\u00eda \\u00a9&quot;,&quot;focal_length&quot;:&quot;38&quot;,&quot;iso&quot;:&quot;100&quot;,&quot;shutter_speed&quot;:&quot;0.005&quot;,&quot;title&quot;:&quot;&quot;,&quot;orientation&quot;:&quot;1&quot;}\" data-image-title=\"Con Guit. 1\" data-image-description=\"\" data-image-caption=\"\" data-large-file=\"http:\/\/jornalrol.com.br\/wp-content\/uploads\/2025\/09\/Con-Guit.-1.jpg\" src=\"https:\/\/jornalrol.com.br\/wp-content\/uploads\/2025\/09\/Con-Guit.-1.jpg\" alt=\"\" class=\"wp-image-75918\" style=\"width:330px;height:auto\" srcset=\"http:\/\/jornalrol.com.br\/wp-content\/uploads\/2025\/09\/Con-Guit.-1.jpg 1667w, http:\/\/jornalrol.com.br\/wp-content\/uploads\/2025\/09\/Con-Guit.-1-800x1200.jpg 800w, http:\/\/jornalrol.com.br\/wp-content\/uploads\/2025\/09\/Con-Guit.-1-768x1152.jpg 768w, http:\/\/jornalrol.com.br\/wp-content\/uploads\/2025\/09\/Con-Guit.-1-1024x1536.jpg 1024w, http:\/\/jornalrol.com.br\/wp-content\/uploads\/2025\/09\/Con-Guit.-1-1366x2048.jpg 1366w\" sizes=\"auto, (max-width: 1667px) 100vw, 1667px\" \/><figcaption class=\"wp-element-caption\"><em>Alba C. Moli es Coach Integral de Vida, Coach Neuro-Espiritual, cantautora de positivismo, conferencista biling\u00fce, escritora, narradora, productora de c\u00e1psulas de inspiraci\u00f3n y actriz de doblaje. Foto\/Cortes\u00eda de Alba<\/em><\/figcaption><\/figure>\n<\/div>\n\n\n<p>Hablo de la destacada cantautora <strong>Alba Cecilia Molina G\u00f3mez<\/strong>, mejor conocida en la industria art\u00edstica como <strong>Alba C. Molina<\/strong>, nacida el 16 de abril de 1960 en Bogot\u00e1, Colombia, y que desde los 10 a\u00f1os reside en Costa Rica.<\/p>\n\n\n\n<p>Alba es Coach Integral de Vida, Coach Neuro-Espiritual, cantautora de positivismo, conferencista biling\u00fce, escritora, narradora, productora de c\u00e1psulas de inspiraci\u00f3n y actriz de doblaje. Se destaca genuinamente por su inclinaci\u00f3n natural hacia ayudar a las personas a reencontrarse con su esencia y misi\u00f3n aut\u00e9ntica, una vocaci\u00f3n que se fortaleci\u00f3 tras una profunda catarsis en 2003. Esto la impuls\u00f3 a formarse a trav\u00e9s de diversas herramientas terap\u00e9uticas y comunicativas, como Programaci\u00f3n Neuroling\u00fc\u00edstica, Musicoterapia, Comunicaci\u00f3n No Violenta (NVC), Reiki, Oratoria, Locuci\u00f3n y Autor\u00eda Literaria. Ha impartido numerosas conferencias en ciudades de Estados Unidos, Panam\u00e1, M\u00e9xico, Argentina y Costa Rica.<\/p>\n\n\n\n<p>Nuestra invitada se ha distinguido en diversas disciplinas, tanto como compositora y cantautora, as\u00ed como en el \u00e1mbito educativo. Sus canciones abordan temas de positivismo y empoderamiento para todas las edades; sin embargo, como ella misma se\u00f1ala: \u201c<strong>en mi material infantil, tambi\u00e9n escribo canciones que estimulan la imaginaci\u00f3n o que sean de simple entretenimiento y gozo<\/strong>\u201d.<br><br><\/p>\n\n\n<div class=\"wp-block-image\">\n<figure class=\"aligncenter size-full is-resized\"><img loading=\"lazy\" decoding=\"async\" width=\"2560\" height=\"2159\" data-attachment-id=\"75919\" data-permalink=\"http:\/\/jornalrol.com.br\/?attachment_id=75919\" data-orig-file=\"http:\/\/jornalrol.com.br\/wp-content\/uploads\/2025\/09\/Prep.-Firma-de-libros-TEDx-2023-1-scaled.jpg\" data-orig-size=\"2560,2159\" data-comments-opened=\"1\" data-image-meta=\"{&quot;aperture&quot;:&quot;1.5&quot;,&quot;credit&quot;:&quot;&quot;,&quot;camera&quot;:&quot;iPhone 14 Plus&quot;,&quot;caption&quot;:&quot;&quot;,&quot;created_timestamp&quot;:&quot;1693478305&quot;,&quot;copyright&quot;:&quot;&quot;,&quot;focal_length&quot;:&quot;5.7&quot;,&quot;iso&quot;:&quot;50&quot;,&quot;shutter_speed&quot;:&quot;0.0082&quot;,&quot;title&quot;:&quot;&quot;,&quot;orientation&quot;:&quot;1&quot;}\" data-image-title=\"Prep. Firma de libros TEDx 2023-1\" data-image-description=\"\" data-image-caption=\"\" data-large-file=\"http:\/\/jornalrol.com.br\/wp-content\/uploads\/2025\/09\/Prep.-Firma-de-libros-TEDx-2023-1-scaled.jpg\" src=\"https:\/\/jornalrol.com.br\/wp-content\/uploads\/2025\/09\/Prep.-Firma-de-libros-TEDx-2023-1-scaled.jpg\" alt=\"Alba C. Molina durante una presentaci\u00f3n de sus libros en San Jos\u00e9, Costa Rica.\u00a0 Foto: agosto, 2023. Cortes\u00eda de Alba.\" class=\"wp-image-75919\" style=\"width:560px;height:auto\" srcset=\"http:\/\/jornalrol.com.br\/wp-content\/uploads\/2025\/09\/Prep.-Firma-de-libros-TEDx-2023-1-scaled.jpg 2560w, http:\/\/jornalrol.com.br\/wp-content\/uploads\/2025\/09\/Prep.-Firma-de-libros-TEDx-2023-1-1200x1012.jpg 1200w, http:\/\/jornalrol.com.br\/wp-content\/uploads\/2025\/09\/Prep.-Firma-de-libros-TEDx-2023-1-768x648.jpg 768w, http:\/\/jornalrol.com.br\/wp-content\/uploads\/2025\/09\/Prep.-Firma-de-libros-TEDx-2023-1-1536x1296.jpg 1536w, http:\/\/jornalrol.com.br\/wp-content\/uploads\/2025\/09\/Prep.-Firma-de-libros-TEDx-2023-1-2048x1727.jpg 2048w\" sizes=\"auto, (max-width: 2560px) 100vw, 2560px\" \/><figcaption class=\"wp-element-caption\"><em>Alba C. Molina durante una presentaci\u00f3n de sus libros en San Jos\u00e9, Costa Rica.&nbsp; Foto: agosto, 2023. Cortes\u00eda de Alba.<\/em><\/figcaption><\/figure>\n<\/div>\n\n\n<p>Alba posee una trayectoria amplia y vers\u00e1til, por lo que resulta dif\u00edcil abarcar en una sola conversaci\u00f3n todos los \u00e1mbitos en los que esta destacada mujer ha crecido, tanto en lo art\u00edstico como en lo profesional. Por ello, he procurado entablar un di\u00e1logo con ella en este formato, de manera concisa y precisa. Lo que presentamos a continuaci\u00f3n es una breve mirada a la valiosa carrera de esta importante artista latinoamericana.<\/p>\n\n\n\n<p>Queridos lectores, espero que esta entrevista sea una fuente de inspiraci\u00f3n, especialmente para quienes est\u00e1n comenzando en el mundo de la m\u00fasica o en cualquier disciplina art\u00edstica a la que se dediquen. Que les motive a seguir creciendo y a convertirse en grandes profesionales, pues ustedes son el futuro de la humanidad y los herederos del arte musical. No hay mejor manera de aprender que acerc\u00e1ndose a personas con un legado tan importante como el de nuestra invitada de hoy, quien sin duda es una verdadera referencia de la m\u00fasica contempor\u00e1nea. Su voz, tan sonora y melodiosa, cautiva a la audiencia al instante. No lo digo por elogiar, sino porque he tenido la dicha de verla interpretar algunas de sus canciones en vivo y en directo.<br><br><\/p>\n\n\n<div class=\"wp-block-image\">\n<figure class=\"aligncenter size-full is-resized\"><img loading=\"lazy\" decoding=\"async\" width=\"1600\" height=\"1200\" data-attachment-id=\"75920\" data-permalink=\"http:\/\/jornalrol.com.br\/?attachment_id=75920\" data-orig-file=\"http:\/\/jornalrol.com.br\/wp-content\/uploads\/2025\/09\/El-Castillo-Mi-cumpleanos-16-04-22.jpg\" data-orig-size=\"1600,1200\" data-comments-opened=\"1\" data-image-meta=\"{&quot;aperture&quot;:&quot;0&quot;,&quot;credit&quot;:&quot;&quot;,&quot;camera&quot;:&quot;&quot;,&quot;caption&quot;:&quot;&quot;,&quot;created_timestamp&quot;:&quot;0&quot;,&quot;copyright&quot;:&quot;&quot;,&quot;focal_length&quot;:&quot;0&quot;,&quot;iso&quot;:&quot;0&quot;,&quot;shutter_speed&quot;:&quot;0&quot;,&quot;title&quot;:&quot;&quot;,&quot;orientation&quot;:&quot;0&quot;}\" data-image-title=\"El Castillo Mi cumplea\u00f1os 16-04-22\" data-image-description=\"\" data-image-caption=\"\" data-large-file=\"http:\/\/jornalrol.com.br\/wp-content\/uploads\/2025\/09\/El-Castillo-Mi-cumpleanos-16-04-22.jpg\" src=\"https:\/\/jornalrol.com.br\/wp-content\/uploads\/2025\/09\/El-Castillo-Mi-cumpleanos-16-04-22.jpg\" alt=\"Alba C. Molina y sus hijos; Luis Diego, a la izquierda, y a la derecha Adriana y Jos\u00e9 David. Foto,\u00a0 abril, 2022. Cortes\u00eda de Alba.\" class=\"wp-image-75920\" style=\"width:559px;height:auto\" srcset=\"http:\/\/jornalrol.com.br\/wp-content\/uploads\/2025\/09\/El-Castillo-Mi-cumpleanos-16-04-22.jpg 1600w, http:\/\/jornalrol.com.br\/wp-content\/uploads\/2025\/09\/El-Castillo-Mi-cumpleanos-16-04-22-1200x900.jpg 1200w, http:\/\/jornalrol.com.br\/wp-content\/uploads\/2025\/09\/El-Castillo-Mi-cumpleanos-16-04-22-768x576.jpg 768w, http:\/\/jornalrol.com.br\/wp-content\/uploads\/2025\/09\/El-Castillo-Mi-cumpleanos-16-04-22-1536x1152.jpg 1536w\" sizes=\"auto, (max-width: 1600px) 100vw, 1600px\" \/><figcaption class=\"wp-element-caption\"><em>Alba C. Molina y sus hijos; Luis Diego, a la izquierda, y a la derecha Adriana y Jos\u00e9 David. Foto,&nbsp; abril, 2022. Cortes\u00eda de Alba.<\/em><\/figcaption><\/figure>\n<\/div>\n\n\n<p><strong>Entrevista<\/strong><\/p>\n\n\n\n<p><strong>\u00bfC\u00f3mo fue para ti crecer en un hogar donde la m\u00fasica, el arte y la locuci\u00f3n se viv\u00edan con tanta intensidad y brillo?<\/strong><\/p>\n\n\n\n<p><em>Mi infancia fue marcada por la armon\u00eda. Esto lo digo tanto por el amor familiar, como a la m\u00fasica literalmente. Pero no me refiero a conceptos tan gen\u00e9ricos, que podr\u00edan parecerse a la cuna de tantas personas en cualquier parte del mundo\u2026 Ya ver\u00e1s:<\/em><\/p>\n\n\n\n<p><em>En esa \u00e9poca (en el siglo pasado) era com\u00fan encontrar familias numerosas en Colombia. Como buenos cat\u00f3licos, mis abuelos maternos tuvieron catorce hijos, y los abuelos paternos quince, de los cuales, mi padre fue el menor.&nbsp;<\/em><\/p>\n\n\n\n<p><em>Las nueve hermanas de mi pap\u00e1 decidieron tomar los h\u00e1bitos, y todos los varones pasaron por el seminario por un buen tiempo. Bueno, uno de ellos muri\u00f3 siendo beb\u00e9, y otro, ya en el noviciado, muri\u00f3 a los veinti\u00fan a\u00f1os. De los dem\u00e1s, uno se hizo sacerdote y los otros tres eligieron formar familias.<\/em><\/p>\n\n\n\n<p><em>\u00a1Era maravilloso estar presente cuando la familia Molina-Rold\u00e1n se reun\u00eda, pues todos tocaban instrumentos y cantaban!<\/em><\/p>\n\n\n\n<p><em>Mis dos hermanos, mis primos y yo, participamos tambi\u00e9n en las celebraciones musicales, y hasta nos grababan cantando en armon\u00eda de dos y tres voces.<\/em><\/p>\n\n\n\n<p><em>Una de las t\u00edas fue mi profesora en los primeros a\u00f1os escolares, y ya desde el k\u00ednder me pon\u00eda a hacer presentaciones tocando marimba y cantando; ya luego aprend\u00ed sola a tocar el tiple y la guitarra.<\/em><\/p>\n\n\n\n<p><strong>\u00bfDe qu\u00e9 manera influy\u00f3 tu t\u00edo, el sacerdote, en el desarrollo de tu mundo musical y art\u00edstico?<\/strong><\/p>\n\n\n\n<p><em>Mi t\u00edo, \u201cel Padre Bernardo\u201d, como todos le dec\u00edamos, fue un ser extraordinario en muchos sentidos. Los dones que ten\u00eda eran numerosos: En el arte, pintaba grandes cuadros que adornaron varias iglesias en el pa\u00eds, hac\u00eda esculturas, tocaba varios instrumentos, escrib\u00eda poes\u00edas y canciones, y su sensibilidad espiritual marc\u00f3 la vida de muchas personas que dieron testimonio de su sabidur\u00eda y gran carisma.<\/em><\/p>\n\n\n\n<p><em>\u00c9l sol\u00eda ir a mi casa frecuentemente, para interpretar varias obras cl\u00e1sicas en el piano. Yo me embelesaba escuch\u00e1ndolo, y frecuentemente me quedaba de pie junto a \u00e9l mientras tocaba cada pieza, por lo que aprend\u00ed de o\u00eddo fragmentos de varias de esas obras durante esos primeros 10 a\u00f1os de mi vida.<\/em><\/p>\n\n\n\n<p><em>M\u00e1s adelante, cuando ya nos mudamos a Costa Rica, \u00e9l se interes\u00f3 mucho por lo que yo iba creando musicalmente, as\u00ed que me escrib\u00eda cartas (s\u00ed, de las que se enviaban por correo a\u00e9reo con estampillas\u2026) d\u00e1ndome sus impresiones acerca de mis obras, y cont\u00e1ndome que muy orgulloso las compart\u00eda con otros sacerdotes m\u00fasicos. \u00a1A\u00fan guardo sus palabras de apoyo como un tesoro!<\/em><\/p>\n\n\n\n<p><strong>\u00bfCu\u00e9ntanos el significado de tu nombre, y por qu\u00e9 se decidi\u00f3 cambiarlo desde el inicio. \u00bfQu\u00e9 representa para ti ese cambio?<\/strong><\/p>\n\n\n\n<p><em>Ciertamente fue muy importante la influencia que mi t\u00edo tuvo en mi vida en varios aspectos desde mi nacimiento. Mi mam\u00e1 hab\u00eda elegido el nombre Gloria para m\u00ed, ya que nac\u00ed un S\u00e1bado Santo, que la iglesia lo llama S\u00e1bado de Gloria.<\/em><\/p>\n\n\n\n<p><em>Sin embargo, mi t\u00edo le pidi\u00f3 a mi madre que por favor me pusiera mejor el nombre Alba Cecilia, a lo cual ella accedi\u00f3.<\/em><\/p>\n\n\n\n<p><em>Varias d\u00e9cadas m\u00e1s tarde, en medio de un rato de meditaci\u00f3n, yo sent\u00ed que se me informaba que era importante llamarme Alba, pues es la primera luz del d\u00eda; y Cecilia, porque es la Santa Patrona de la M\u00fasica. La explicaci\u00f3n que me dio fue que, si mi nombre hubiera sido Gloria, habr\u00eda utilizado la m\u00fasica para la vana-gloria, y mi m\u00fasica estaba destinada a llevar luz a los que la escucharan.<\/em><\/p>\n\n\n\n<p><em>Lo interesante es que nunca me llam\u00f3 la atenci\u00f3n hacer m\u00fasica comercial s\u00f3lo para buscar popularidad y, por el contrario, mis canciones siempre han sido del corte positivo y espiritual. Me llenan de gozo y entusiasmo. Me ayudan a tener claridad de mis metas.<\/em><\/p>\n\n\n\n<p><strong>\u00bfA qu\u00e9 se debe que en algunas producciones aparezcas con diferentes nombres, como Alba, Alba Molina y Alba C. Molina?<\/strong><\/p>\n\n\n\n<p><em>En Colombia todos me dec\u00edan Alba Cecilia, pero en Costa Rica s\u00f3lo se me llamaba por el primer nombre. El o\u00eddo se me fue acostumbrando.&nbsp;<\/em><\/p>\n\n\n\n<p><em>He escrito canciones desde los 13 a\u00f1os, y las primeras que fueron difundidas p\u00fablicamente fueron varios temas Cristo-c\u00e9ntricos que escrib\u00ed para un grupo ac\u00fastico que dirig\u00eda, llamado \u201cLeche y Miel\u201d.&nbsp;<\/em><\/p>\n\n\n\n<p><em>Pero ya a nivel de grabaciones m\u00e1s profesionales, he realizado m\u00fasica para ni\u00f1os y para adultos, aunque sin ninguna \u201cestrategia comercial\u201d; porque si lo hubiera hecho con esa visi\u00f3n, \u00a1todo habr\u00eda sido diferente!<\/em><\/p>\n\n\n\n<p><em>Esas producciones musicales iniciales, se lanzaron en 1993, por el mero placer de plasmar canciones buscando est\u00e9tica en las obras, y para aportar material escolar.&nbsp;<\/em><\/p>\n\n\n\n<p><em>Mis primeras producciones las realic\u00e9 junto con mis hijos, y nos identific\u00e1bamos como Alborada (sin\u00f3nimo de \u201calba\u201d). Bajo ese nombre saqu\u00e9 las producciones: \u201cDinosaurios\u201d, \u201cHab\u00eda una Vez en Bel\u00e9n\u201d y \u201cFantas\u00eda\u201d.&nbsp;<\/em><\/p>\n\n\n\n<p><em>Luego saqu\u00e9 la producci\u00f3n \u201cNavidad Es Tiempo de Amar\u201d junto a mi hija, y nos identificamos con los nombres de ambas: Alba y Adriana.&nbsp;<\/em><\/p>\n\n\n\n<p><em>Con mi nombre Alba saqu\u00e9 las producciones \u201cEn Vuelo\u201d, y su versi\u00f3n en ingl\u00e9s \u201cFlying on Fire\u201d.<\/em><\/p>\n\n\n\n<p><em>M\u00e1s tarde, us\u00e9 mi nombre m\u00e1s usual, Alba Molina, y saqu\u00e9 las producciones: \u201cTransf\u00f3rmame\u201d, \u201cA Tu Viva Imagen\u201d, \u201cFluyendo\u201d y \u201cFlying on Fire\u201d.&nbsp;<\/em><\/p>\n\n\n\n<p><em>Sin embargo, para honrar mi nombre completo, a partir de ese momento incorpor\u00e9 la inicial de \u201cCecilia\u201d al identificarme. As\u00ed que bajo ese \u201csello\u201d Alba C. Molina saqu\u00e9: \u201cTu Mundo Es Tu Reflejo\u201d, \u201cYour World Is Just Reflection\u201d, \u201cArrullando Genios\u201d, \u201cEl Pato To-Tom\u00e1s\u201d, \u201c\u00a1Alerta!\u201d y \u201cEl Mono Rufredo\u201d.<\/em><\/p>\n\n\n\n<p><em>Comparto este enlace de una entrevista alusiva al tema principal de esta \u00faltima producci\u00f3n, el cual gan\u00f3 primer lugar de popularidad en una emisora Espa\u00f1ola: <\/em><a href=\"https:\/\/youtu.be\/S72mcB2JSnE?si=ReifjIeNpxolq98t\"><em>https:\/\/youtu.be\/S72mcB2JSnE?si=ReifjIeNpxolq98t<\/em><\/a><\/p>\n\n\n\n<p><em>Tambi\u00e9n identific\u00e1ndome como Alba C. Molina, saqu\u00e9 mi libro de temas de di\u00e1logo: \u201cYa posees la Llave\u201d y la serie infantil \u201cLos Policu\u00e1nticos\u201d&nbsp;<\/em><\/p>\n\n\n\n<p><em>Dicho sea de paso, a\u00fan en la actualidad con frecuencia grabo y comparto escenario con mi hija Adriana Mu\u00f1oz, quien es cantante profesional, y con mi hijo Luis Diego, quien tiene un talento musical extraordinario. Ambos han participado en casi todas mis producciones musicales.<\/em><\/p>\n\n\n\n<p><strong>\u00bfCu\u00e1les son los temas m\u00e1s recurrentes y significativos en tus composiciones musicales?<\/strong><\/p>\n\n\n\n<p><em>El positivismo y empoderamiento. Mi trabajo en general es una misi\u00f3n de vida, y mi objetivo es ser una \u201cmensajera\u201d que le recuerde a cada persona con que me cruce (f\u00edsicamente o a trav\u00e9s de mis obras) cu\u00e1l es su conexi\u00f3n con la esencia de la Vida. Que re-conecte con sus ra\u00edces eternas, y que YA tienen ADENTRO todas las respuestas y herramientas que requieren para realizar su misi\u00f3n y prop\u00f3sito a su paso por esta vida.<\/em><\/p>\n\n\n\n<p><em>Dentro del material infantil, tambi\u00e9n exalto los valores y el potencial interno. Varios de esos temas hacen alusi\u00f3n a la alta auto-estima y aceptaci\u00f3n de todas sus caracter\u00edsticas tales y como son. Sin embargo, a los ni\u00f1os tambi\u00e9n les escribo canciones que estimulen la imaginaci\u00f3n, o que sean de simple entretenimiento y gozo.<\/em><\/p>\n\n\n\n<p><strong>\u00bfCu\u00e1l ha sido la evoluci\u00f3n en los g\u00e9neros y tem\u00e1ticas de tus producciones discogr\u00e1ficas desde 1993 hasta la fecha?<\/strong><\/p>\n\n\n\n<p><em>Bueno, te cuento que en la \u00faltima d\u00e9cada he seguido componiendo m\u00fasica, s\u00f3lo que no han sido temas independientes. Lo que conocemos como \u201csingles\u201d. Por ejemplo, he hecho varias canciones por contrato. Una fue una composici\u00f3n para Costa Rica, y otra fue navide\u00f1a. Despu\u00e9s hice por mi cuenta otra canci\u00f3n navide\u00f1a tanto en espa\u00f1ol como en ingl\u00e9s.&nbsp;<\/em><\/p>\n\n\n\n<p><em>Por otro lado, las canciones de los libros de Los Policu\u00e1nticos, son actualmente 14. Y los cinco poemas musicalizados para dos de mis amigas escritoras.&nbsp;<\/em><\/p>\n\n\n\n<p><em>En general, las canciones que he escrito desde mi adolescencia, han sido con los g\u00e9neros:<\/em><\/p>\n\n\n\n<p><em>Cristo-c\u00e9ntrico&nbsp;<\/em><\/p>\n\n\n\n<p><em>Infantil&nbsp;<\/em><\/p>\n\n\n\n<p><em>Navide\u00f1o&nbsp;<\/em><\/p>\n\n\n\n<p><em>De empoderamiento&nbsp;<\/em><\/p>\n\n\n\n<p><em>Rom\u00e1nticas sin co-dependencia&nbsp;<\/em><\/p>\n\n\n\n<p><em>Y espirituales sin denominaci\u00f3n.<\/em><\/p>\n\n\n\n<p><em>Entre los estilos musicales, prevalece la balada pop, la m\u00fasica ac\u00fastica (estilo indie), y en la producci\u00f3n &#8220;Fluyendo&#8221;, adem\u00e1s aparecen varios estilos como el Blues, Gospel, Bossa, Cumbia colombiana, Big Band y Celta.<\/em><\/p>\n\n\n\n<p><strong>\u00bfC\u00f3mo describir\u00edas tu experiencia ense\u00f1ando m\u00fasica, ingl\u00e9s y espa\u00f1ol a ni\u00f1os en Costa Rica y California?<\/strong><\/p>\n\n\n\n<p><em>Fui maestra siempre en instituciones privadas, de las cuales, la mayor\u00eda es biling\u00fce. Dado que yo aprend\u00ed el idioma desde que era adolescente, me fue f\u00e1cil dar mis lecciones en ambos idiomas.&nbsp;<\/em><\/p>\n\n\n\n<p><em>Incluso realic\u00e9 el himno de cuatro de las instituciones donde trabaj\u00e9 (Saint Gregory, Santa M\u00f3nica, Yurusti) y tambi\u00e9n para la escuela Josefita Jurado, que me contrat\u00f3 externamente para componer e interpretar su himno.<\/em><\/p>\n\n\n\n<p><em>Lo que m\u00e1s he disfrutado en mi etapa educativa, es aportar material nuevo con contenido transformador. Un ejemplo es la Opereta que escrib\u00ed en 1993, \u201cLos Talentos\u201d, para ni\u00f1os de 3\u00ba, 4\u00ba y 5\u00ba. La obra recibi\u00f3 varios reconocimientos, y en el 2004 hice la versi\u00f3n en ingl\u00e9s para ser montada en Saint Petersburg, Florida.<\/em><\/p>\n\n\n\n<p><em>En California di clases por poco tiempo, pero como fue en la segunda mitad del a\u00f1o, tuve a mi cargo el montaje de ocho espect\u00e1culos biling\u00fces para todos los niveles de las 3 instituciones de una misma due\u00f1a. El objetivo fue conmemorar La Luz en las distintas culturas. Fue un reto arduo, pero sumamente satisfactorio.<\/em><\/p>\n\n\n\n<p><strong>\u00bfQu\u00e9 cambios importantes experimentaste en tu vida personal y profesional a partir del 2002?<\/strong><\/p>\n\n\n\n<p><em>En realidad, yo ven\u00eda sinti\u00e9ndome no s\u00f3lo desmotivada, sino deprimida por varias situaciones. Una de ellas, era precisamente el tener que trabajar para otras personas con diferentes principios y visiones.&nbsp;<\/em><\/p>\n\n\n\n<p><em>Cuando uno acepta un empleo s\u00f3lo por la necesidad de un salario, y para cumplir con obligaciones familiares, sociales y culturales, llega a un punto en el que uno se da cuenta de que no est\u00e1 viviendo SU VERDAD, y s\u00f3lo vive para complacer a otros o para mantener una imagen.&nbsp;<\/em><\/p>\n\n\n\n<p><em>Yo tengo una enorme sensibilidad a esa gu\u00eda interna, por lo que llev\u00e9 muchas terapias con distintos profesionales (tradicionales y hol\u00edsticos), pero la depresi\u00f3n era mayor que las opciones que escuchaba.<\/em><\/p>\n\n\n\n<p><em>As\u00ed que, ya para finales del 2002, yo estaba sucumbiendo\u2026 Sin embargo, al soltar todo y tocar fondo, descubr\u00ed una voz interna que, por medio de comunicaci\u00f3n telep\u00e1tica, me hizo entender que soy amada exactamente como soy, que no necesito complacer a nadie, que puedo re-escribir mi guion de vida como quiera y cuantas veces lo desee, que tengo derecho a ser feliz, y que ya tengo adentro TODO lo que he de necesitar para realizar mi prop\u00f3sito de vida. Y que lo m\u00e1s importante, \u00a1es DISFRUTAR!<\/em><\/p>\n\n\n\n<p><em>A partir de ese momento, absolutamente todo cambi\u00f3 y comenzaron a suceder cosas extraordinariamente maravillosas en mi vida. Por eso mi trabajo, m\u00e1s que nunca, tiene ese mensaje de empoderamiento y conexi\u00f3n con nuestra Gu\u00eda Interna.<\/em><\/p>\n\n\n\n<p><em>Las personas que comenzaron a llegar a mi vida, fueron profundamente cruciales para m\u00ed, como por ejemplo un amigo norteamericano que se convirti\u00f3 en un \u00e1ngel en mi vida, pues crey\u00f3 en m\u00ed y en m\u00ed y en la intenci\u00f3n pura de mi trabajo. As\u00ed que por casi 20 a\u00f1os me apoy\u00f3 y me impuls\u00f3 como si hubiera sido un hermano mayor. Durante los \u00faltimos tres a\u00f1os de su vida, pude ser yo la que lo apoy\u00f3 en sus retos de salud, hasta cerrar su cap\u00edtulo terrenal.<\/em><\/p>\n\n\n\n<p><strong>\u00bfEn qu\u00e9 consiste tu serie de ciencia ficci\u00f3n \u201cLos Policu\u00e1nticos\u201d y qu\u00e9 te inspir\u00f3 a crearla?<\/strong><\/p>\n\n\n\n<p><em>Comparto el tr\u00e1iler de la serie: <\/em><a href=\"https:\/\/youtu.be\/u51-pbB3H6c?si=uHSKWraj4eOeDOSJ\"><em>https:\/\/youtu.be\/u51-pbB3H6c?si=uHSKWraj4eOeDOSJ<\/em><\/a><em>&nbsp;<\/em><\/p>\n\n\n\n<p><em>Fue una semilla que silenciosamente qued\u00f3 sembrada en mi coraz\u00f3n desde 1993, precisamente gracias a la Opereta Los Talentos.&nbsp;<\/em><\/p>\n\n\n\n<p><em>El tema era precisamente aceptar a cada persona tal y como es, y que todo \u201cdefecto\u201d es una cualidad en potencia, esperando a ser descubierta y desarrollada.&nbsp;<\/em><\/p>\n\n\n\n<p><em>Los Policu\u00e1nticos finalmente nacieron como un primer \u201cboceto\u201d en Febrero del 2013. En ese entonces, cre\u00e9 una audio-narraci\u00f3n con canciones, y la grab\u00e9 en mi estudio casero, pero sin intenci\u00f3n de lanzarlo al aire.&nbsp;<\/em><\/p>\n\n\n\n<p><em>Luego en Julio del 2018 apareci\u00f3 la posibilidad de publicar el libro con el sello Balboa Press, una divisi\u00f3n de la prestigiosa casa de publicaciones Hay House (de la autora y fundadora Louise Hay). Para este momento yo a\u00fan no sab\u00eda que mi libro en realidad se convertir\u00eda en serie de 12 episodios.<\/em><\/p>\n\n\n\n<p><em>Obviamente es una contrataci\u00f3n, y no es algo barato\u2026 El asunto es que me ech\u00e9 para atr\u00e1s despu\u00e9s de haber firmado el contrato. Fue una mezcla de cobard\u00eda, y el consejo de mi mejor amigo. As\u00ed que guard\u00e9 el potencial libro en un ba\u00fal mental.<\/em><\/p>\n\n\n\n<p><em>En medio de la pandemia, la necesidad de dar vida al proyecto resurgi\u00f3, ahora como una serie literaria con canciones, y me volqu\u00e9 completamente a revisar lo que ten\u00eda, mejorarlo y completarlo. Me di cuenta de que el contenido parec\u00eda m\u00e1s bien un \u201cCoaching Infantil\u201d en formato Ciencia Ficci\u00f3n con pinceladas de F\u00edsica Cu\u00e1ntica y por supuesto PNL (Programaci\u00f3n Neuroling\u00fc\u00edstica).<\/em><\/p>\n\n\n\n<p><em>Es precisamente la personificaci\u00f3n de los altos valores, en seres que provienen del Sol, y vinieron a la Tierra en forma de cuatro ni\u00f1os, y una mascota que vino escondida, y representa nuestros temores y auto-saboteo para dejar de hacer lo que representa reto. As\u00ed que vinieron para ayudarnos a entender cu\u00e1l es nuestro verdadero potencial para vencer a los villanos (los antivalores), que a final de cuentas tambi\u00e9n est\u00e1n adentro de nosotros. Entonces se va revelando las formas en que se nos manifiestan esos retos y las soluciones.<\/em><\/p>\n\n\n\n<p><em>En 2022 sali\u00f3 el primer episodio en espa\u00f1ol, sigui\u00e9ndolo la versi\u00f3n en ingl\u00e9s y terminando con las versiones de audiolibro en ambos idiomas en el 2023.&nbsp;<\/em><\/p>\n\n\n\n<p><em>Este episodio fue el tema de la charla que present\u00e9 para TEDx PuraVida 2023, s\u00f3lo que aplicado al NI\u00d1O INTERIOR de los adultos.<\/em><\/p>\n\n\n\n<p><em>El episodio 2 sali\u00f3 en espa\u00f1ol en el 2024, y tuve que pausar por otros proyectos. Pero como todo lo que me ha sucedido, esa pausa ten\u00eda un prop\u00f3sito mayor\u2026 Esta serie se est\u00e1 convirtiendo en ese Coaching que sent\u00ed, y ser\u00e1 dirigido a los adultos que tienen ni\u00f1os de primaria a su cargo (maestros, padres de familia, encargados de hogares de ni\u00f1os, etc.)<\/em><\/p>\n\n\n\n<p><em>Estoy \u201cen primera fila\u201d siendo testigo de lo que se me va inspirando. \u00a1Ya veremos\u2026!<\/em><\/p>\n\n\n\n<p><strong>Dado que tu carrera abarca m\u00fasica, composici\u00f3n, producci\u00f3n, programas radiales, ense\u00f1anza, desarrollo personal y escritura, \u00bfc\u00f3mo organizas tu tiempo para atender todas estas disciplinas?<\/strong><\/p>\n\n\n\n<p><em>Me da risa, y a la vez me abruma\u2026 S\u00e9 que hay bastantes proyectos simult\u00e1neamente en mis manos, y hay otros que est\u00e1n haciendo fila\u2026<\/em><\/p>\n\n\n\n<p><em>El asunto es que cada objetivo parece saber c\u00f3mo acomodarse en mi horario, y la sincron\u00eda de invitaciones y oportunidades m\u00e1gicamente aparecen con un orden que no depende de m\u00ed.<\/em><\/p>\n\n\n\n<p><em>Por supuesto que he tenido que rechazar y renunciar a varias actividades e iniciativas, porque es muy f\u00e1cil dejarse seducir por el potencial que hay en tantas cosas. Sin embargo, regreso al momento en el que se me revel\u00f3 que SIEMPRE DEBO SER FIEL A MI VERDAD (no a los antojos del ego).<\/em><\/p>\n\n\n\n<p><strong>\u00bfC\u00f3mo integras tus certificaciones en \u00e1reas terap\u00e9uticas, comunicaci\u00f3n y coaching con tu trabajo en la m\u00fasica y el arte?<\/strong><\/p>\n\n\n\n<p><em>En realidad, todo es una misma \u201ccolcha de retazos\u201d. Todo confluye hacia un mismo punto: re-conectar con la esencia del ser. As\u00ed que, desde ese punto de vista, todo lo que hago es terap\u00e9utico, incluyendo esto que estamos conversando. Pues si mi testimonio de vida motiva o inspira a alguien a creer en s\u00ed mismo, en su potencial interno y su autor\u00eda de vida, \u00a1entonces habremos colaborado al bienestar integral de ese ser!<\/em><\/p>\n\n\n\n<p><strong>\u00bfQu\u00e9 aspectos del solfeo, la armon\u00eda y el contrapunto consideras fundamentales para tu estilo compositivo?<\/strong><\/p>\n\n\n\n<p><em>Desde la \u00e9poca de adolescente en que fui miembro de la Orquesta Sinf\u00f3nica Juvenil, comenc\u00e9 con algunos estudios de composici\u00f3n. Luego mi participaci\u00f3n en el Coro Sinf\u00f3nico de la Orquesta, enriquecieron enormemente mi gusto por las armon\u00edas corales y muchos estilos de m\u00fasica. He participado en una gran cantidad de ensambles vocales como cantante, y muchas veces dirigiendo al grupo.<\/em><\/p>\n\n\n\n<p><em>Los ocho a\u00f1os de estudios universitarios que realic\u00e9 en el campo de la m\u00fasica, me dieron importantes herramientas, sin duda. Pero nunca he sido tan d\u00f3cil como para permanecer encasillada en reglas que no resuenan conmigo. Yo me dejo guiar por la inspiraci\u00f3n y lo que me gusta m\u00e1s, sin importar la influencia de la \u00e9poca.<\/em><\/p>\n\n\n\n<p><strong>\u00bfQu\u00e9 desaf\u00edos y aprendizajes has encontrado al combinar la locuci\u00f3n con la m\u00fasica y la ense\u00f1anza?<\/strong><\/p>\n\n\n\n<p><em>Para ser sincera, no siento que sean excluyentes. Las tres disciplinas son formas de comunicaci\u00f3n, y yo tengo un mensaje claro para compartir. Intercalo las distintas formas de manera armoniosa. Por eso grabo mis audiolibros, los cuales contienen tambi\u00e9n m\u00fasica y mensaje. Y al dar Charlas-Concierto, puedo utilizar m\u00e1s de una disciplina ante el micr\u00f3fono.<\/em><\/p>\n\n\n\n<p><em>Tal vez el \u00fanico desaf\u00edo es el de no dejarme encasillar por nada ni nadie. Mi formato es muy \u201cm\u00edo\u201d, y a veces eso no es tan \u201ccomercial\u201d. As\u00ed que es esperable que no todo el mundo est\u00e9 de acuerdo, o que no calce con lo establecido. A\u00fan as\u00ed, siempre se me han abierto puertas generosamente.<\/em><\/p>\n\n\n\n<p><strong>\u00bfC\u00f3mo ha evolucionado tu enfoque creativo con la suma de formaci\u00f3n t\u00e9cnica y terap\u00e9utica a lo largo de tu carrera?<\/strong><\/p>\n\n\n\n<p><em>Siento que la creatividad ha crecido cada vez m\u00e1s, precisamente a ra\u00edz de conectar con mi esencia espiritual, y esa base es la que le da sentido a cualquier otra herramienta.<\/em><\/p>\n\n\n\n<p><em>Por eso comentaba que hay a\u00fan m\u00e1s proyectos que est\u00e1n haciendo fila para poder salir a la luz a su tiempo\u2026<\/em><\/p>\n\n\n\n<p><em>Todos ellos tienen un prop\u00f3sito de empoderamiento y de ayudar al pr\u00f3jimo a descubrir su potencial interno en total libertad y con base en el amor incondicional.<\/em><\/p>\n\n\n\n<p><strong>\u00bfQu\u00e9 mensaje dar\u00edas a quienes est\u00e1n atravesando momentos especialmente dif\u00edciles en su vida actual?<\/strong><\/p>\n\n\n\n<p><em>Que debemos creer en nosotros mismos, sabiendo que todos somos canales de la inspiraci\u00f3n Universal. Que ya poseemos la llave para el verdadero \u00e9xito, lo cual no se limita al aspecto material e intelectual.&nbsp;<\/em><\/p>\n\n\n\n<p><em>El \u00e9xito, seg\u00fan lo veo, es justamente esa libertad que da el saber que estamos conectados permanentemente con esa Omnipotencia, Omnisciencia y Omnipresencia que est\u00e1 hecha de puro Amor y Luz, y participa activamente en nuestro d\u00eda a d\u00eda. No est\u00e1 separada de nosotros, sino ADENTRO de cada uno.<\/em><\/p>\n\n\n\n<p><em>Y que sepamos que nuestra realidad de vida, es la proyecci\u00f3n de nuestras convicciones. As\u00ed que, si creemos que somos v\u00edctimas de las circunstancias, le estamos otorgando m\u00e1s poder a esas circunstancias para que nos dominen y hundan.<\/em><\/p>\n\n\n\n<p><em>Pero si creemos con certeza que tenemos todas las soluciones adentro, si ir\u00e1n manifestando en nuestra creatividad e impulsos intuitivos, y muy r\u00e1pidamente veremos los resultados a\u00fan mejores de lo que calculamos inicialmente.<\/em><\/p>\n\n\n\n<p><strong>\u00bfEn qu\u00e9 proyectos art\u00edsticos y de producci\u00f3n est\u00e1s trabajando actualmente?<\/strong><\/p>\n\n\n\n<p><em>Acabo de lanzar la versi\u00f3n den ingl\u00e9s de mi programa de Coaching en l\u00ednea: \u201cThe Neuro-Spiritual Method\u201d, dirigido a mujeres de mediana edad, pues es precisamente la \u00e9poca en que yo misma tuve mi transformaci\u00f3n de vida. Deseo aportarles todo lo aprendido y mostrarles lo que se puede lograr.<\/em><\/p>\n\n\n\n<p><em>Dentro de pocos meses lanzar\u00e9 la versi\u00f3n en espa\u00f1ol del mismo programa.<\/em><\/p>\n\n\n\n<p><em>Por otro lado, como coment\u00e9 m\u00e1s arriba, estoy preparando el curso de Coaching infantil para maestras, padres de familia y encargados de ni\u00f1os entre 7 y 11 a\u00f1os, a trav\u00e9s del \u201ckit\u201d Los Policu\u00e1nticos.<\/em><\/p>\n\n\n\n<p><em>Al terminar de escribir esta serie, debo terminar una novela de ficci\u00f3n para adolescentes con la tem\u00e1tica del empoderamiento (luego les comparto el t\u00edtulo).<\/em><\/p>\n\n\n\n<p><em>Tambi\u00e9n est\u00e1 en proceso una colecci\u00f3n de cuentos para ni\u00f1os de preescolar, bas\u00e1ndome en varias de mis canciones infantiles y la historia detr\u00e1s de esos personajes. (Tambi\u00e9n est\u00e1 llena de positivismo)<\/em><\/p>\n\n\n\n<p><em>Musicalmente ya tengo la inquietud de componer otra producci\u00f3n musical de empoderamiento, pues son canciones que utilizo en mis actividades como coach.<\/em><\/p>\n\n\n\n<p><em>Y finalmente, he estado preparando un programa infantil y un podcast.<\/em><\/p>\n\n\n\n<p><em>(Tal vez ma\u00f1ana surgen m\u00e1s ideas\u2026 \u00a1No me preguntes por un tiempo! \u00a1Ja!)<\/em><\/p>\n\n\n\n<p><em>\u00a1Agradezco profundamente tu apoyo a mi trabajo, Carlos Jarqu\u00edn!<\/em><\/p>\n\n\n\n<p><em>Aprecio el inter\u00e9s en mi trayectoria y en lo que mis actividades puedan lograr en el mejoramiento del estilo de vida de los que reciban mi aporte.<\/em><\/p>\n\n\n\n<p><strong>Alba es miembro de varias asociaciones, entre ellas<\/strong>:<\/p>\n\n\n\n<ul class=\"wp-block-list\">\n<li>Asociaci\u00f3n Costarricense de Escritoras (ACE)<br><\/li>\n\n\n\n<li>Asociaci\u00f3n Costarricense de Autores Musicales (ACAM)<br><\/li>\n\n\n\n<li>Asociaci\u00f3n de Profesionales de la Voz (APROVOZ)<br><\/li>\n\n\n\n<li>Voicemasters Latam<br><\/li>\n\n\n\n<li>Asociaci\u00f3n Multinacional de Artistas de la Voz (AMAV)<br><\/li>\n\n\n\n<li>Red solidaria &#8216;Yo Elijo Ayudar&#8217;<br><\/li>\n\n\n\n<li>Red Mujeres Beta<br><\/li>\n\n\n\n<li>Colaboradora en proyectos de voz con INCREARTE<\/li>\n<\/ul>\n\n\n\n<p><strong>Entre sus reconocimientos destaca<\/strong>n:<\/p>\n\n\n\n<ul class=\"wp-block-list\">\n<li>Nominaci\u00f3n al Premio SOVAS 2023 en la categor\u00eda Audiobook Narration \u2013 Fantasy \u2013 Best Spanish Voiceover, California, USA<br><\/li>\n\n\n\n<li>Representante de Costa Rica en concurso Latinoamericano de Oratoria, Canc\u00fan, M\u00e9xico<br><\/li>\n\n\n\n<li>Premio ACAM 2016 por el \u00e1lbum musical infantil &#8216;El Mono Rufredo&#8217;<br><\/li>\n\n\n\n<li>Composici\u00f3n de letras y m\u00fasica para instituciones educativas como Saint Gregory School, Santa M\u00f3nica School, Escuela Yurusti y Escuela Josefita Jurado.<\/li>\n<\/ul>\n\n\n\n<p><strong>En el siguiente video, nuestra invitada nos env\u00eda un saludo y nos habla brevemente sobre su trabajo art\u00edstico:<\/strong><\/p>\n\n\n\n<figure class=\"wp-block-embed is-type-video is-provider-youtube wp-block-embed-youtube wp-embed-aspect-16-9 wp-has-aspect-ratio\"><div class=\"wp-block-embed__wrapper\">\n<iframe loading=\"lazy\" title=\"Alba C. Molina: entre acordes, palabras, ense\u00f1anza y libros\" width=\"640\" height=\"360\" src=\"https:\/\/www.youtube.com\/embed\/DeV4qBytJt8?feature=oembed\" frameborder=\"0\" allow=\"accelerometer; autoplay; clipboard-write; encrypted-media; gyroscope; picture-in-picture; web-share\" referrerpolicy=\"strict-origin-when-cross-origin\" allowfullscreen><\/iframe>\n<\/div><\/figure>\n\n\n\n<p>Los invito cordialmente a seguir a nuestra invitada en sus redes sociales.<\/p>\n\n\n\n<ul class=\"wp-block-list\">\n<li><a href=\"https:\/\/alba-molina.com\/es\/\">P\u00e1gina Web<\/a> \/ <a href=\"https:\/\/www.facebook.com\/share\/1KBQWKvEmt\/\">Facebook<\/a> \/ <a href=\"https:\/\/www.instagram.com\/albamolina.cr?igsh=MWozdTU2NmxsMmgwdg==\">Instagram<\/a> \/ <a href=\"https:\/\/youtube.com\/@albamolinacr?si=qrVQRrJufhnykyD5\">Youtube<\/a>&nbsp;\/ <a href=\"https:\/\/www.linkedin.com\/in\/albamolinacoach?utm_source=share&amp;utm_campaign=share_via&amp;utm_content=profile&amp;utm_medium=android_app\">Linkedin<\/a>. \/ <a href=\"https:\/\/www.tiktok.com\/@albaempowerment\">TikTok<\/a>&nbsp;<\/li>\n<\/ul>\n\n\n\n<h3 class=\"wp-block-heading has-text-align-center\"><br>Carlos Javier Jarqu\u00edn<\/h3>\n\n\n\n<div class=\"wp-block-columns is-layout-flex wp-container-core-columns-is-layout-9d6595d7 wp-block-columns-is-layout-flex\">\n<div class=\"wp-block-column is-layout-flow wp-block-column-is-layout-flow\">\n<h3 class=\"wp-block-heading has-text-align-center has-electric-grass-gradient-background has-background\"><a href=\"https:\/\/www.youtube.com\/channel\/UC5u_MmMI3VR8ZFuCfCav5sg\" target=\"_blank\" rel=\"noopener\" title=\"Youtube\">Youtube<\/a><\/h3>\n<\/div>\n\n\n\n<div class=\"wp-block-column is-layout-flow wp-block-column-is-layout-flow\">\n<h3 class=\"wp-block-heading has-text-align-center has-electric-grass-gradient-background has-background\"><a href=\"https:\/\/www.facebook.com\/carlos.jarquin.568\" target=\"_blank\" rel=\"noopener\" title=\"Facebook\">Facebook<\/a><\/h3>\n<\/div>\n\n\n\n<div class=\"wp-block-column is-layout-flow wp-block-column-is-layout-flow\">\n<h3 class=\"wp-block-heading has-text-align-center has-electric-grass-gradient-background has-background\"><a href=\"https:\/\/www.instagram.com\/el_chicopoeta\/\" title=\"Instagram\">Instagram<\/a><\/h3>\n<\/div>\n<\/div>\n\n\n\n<p><a href=\"http:\/\/jornalrol.com.br\/\" title=\"Voltar\">Voltar<\/a><\/p>\n\n\n\n<p><a href=\"https:\/\/www.facebook.com\/JCulturalrol\/\" title=\"Facebook\">Facebook<\/a><\/p>\n","protected":false},"excerpt":{"rendered":"<p>Uno  entrevista  realizada  por Carlos Javier Jarqu\u00edn  com  a  gran  artista de origen colombiano y nacionalizada costarricense Alba C. Molina<\/p>\n","protected":false},"author":126,"featured_media":75918,"comment_status":"open","ping_status":"closed","sticky":false,"template":"","format":"standard","meta":{"_jetpack_newsletter_access":"","_jetpack_dont_email_post_to_subs":false,"_jetpack_newsletter_tier_id":0,"_jetpack_memberships_contains_paywalled_content":false,"_jetpack_memberships_contains_paid_content":false,"footnotes":""},"categories":[15034,9285],"tags":[14925],"class_list":["post-75916","post","type-post","status-publish","format-standard","has-post-thumbnail","hentry","category-entrevistas-rolianas-literatura","category-literatura","tag-alba-c-molina"],"aioseo_notices":[],"views":539,"jetpack_featured_media_url":"http:\/\/jornalrol.com.br\/wp-content\/uploads\/2025\/09\/Con-Guit.-1.jpg","jetpack_sharing_enabled":true,"jetpack_likes_enabled":true,"jetpack-related-posts":[{"id":75272,"url":"http:\/\/jornalrol.com.br\/?p=75272","url_meta":{"origin":75916,"position":0},"title":"Percep\u00e7\u00e3o do Amor","author":"Carlos Javier Jarquin","date":"5 de setembro de 2025","format":false,"excerpt":"Na tarde de quinta-feira, 28 de agosto, tivemos o privil\u00e9gio e a honra de apresentar o mais recente livro da poeta e artista visual Ligia Calder\u00f3n Valer\u00edn...","rel":"","context":"Em &quot;Apresenta\u00e7\u00e3o de livro&quot;","block_context":{"text":"Apresenta\u00e7\u00e3o de livro","link":"http:\/\/jornalrol.com.br\/?cat=14921"},"img":{"alt_text":"","src":"https:\/\/i0.wp.com\/jornalrol.com.br\/wp-content\/uploads\/2025\/08\/IMG_7188-1-scaled.jpg?resize=350%2C200","width":350,"height":200,"srcset":"https:\/\/i0.wp.com\/jornalrol.com.br\/wp-content\/uploads\/2025\/08\/IMG_7188-1-scaled.jpg?resize=350%2C200 1x, https:\/\/i0.wp.com\/jornalrol.com.br\/wp-content\/uploads\/2025\/08\/IMG_7188-1-scaled.jpg?resize=525%2C300 1.5x, https:\/\/i0.wp.com\/jornalrol.com.br\/wp-content\/uploads\/2025\/08\/IMG_7188-1-scaled.jpg?resize=700%2C400 2x, https:\/\/i0.wp.com\/jornalrol.com.br\/wp-content\/uploads\/2025\/08\/IMG_7188-1-scaled.jpg?resize=1050%2C600 3x, https:\/\/i0.wp.com\/jornalrol.com.br\/wp-content\/uploads\/2025\/08\/IMG_7188-1-scaled.jpg?resize=1400%2C800 4x"},"classes":[]},{"id":78133,"url":"http:\/\/jornalrol.com.br\/?p=78133","url_meta":{"origin":75916,"position":1},"title":"Natalia Esquivel Ben\u00edtez","author":"Carlos Javier Jarquin","date":"29 de janeiro de 2026","format":false,"excerpt":"La tarde de este 28 de enero tuve el privilegio de asistir a la presentaci\u00f3n del \u00e1lbum musical Suite Guitarra Social de la cantautora, poeta y acad\u00e9mica\u2026","rel":"","context":"Em &quot;Entrevistas ROLianas&quot;","block_context":{"text":"Entrevistas ROLianas","link":"http:\/\/jornalrol.com.br\/?cat=15034"},"img":{"alt_text":"De izquierda a derecha: Osvaldo Matamoros Zamora, Natalia Esquivel Ben\u00edtez y Mario Solera. Foto\/ 28\/01\/26. Cr\u00e9dito: Carlos Jarqu\u00edn.","src":"https:\/\/i0.wp.com\/jornalrol.com.br\/wp-content\/uploads\/2026\/01\/20260128_173217-scaled.jpg?resize=350%2C200","width":350,"height":200,"srcset":"https:\/\/i0.wp.com\/jornalrol.com.br\/wp-content\/uploads\/2026\/01\/20260128_173217-scaled.jpg?resize=350%2C200 1x, https:\/\/i0.wp.com\/jornalrol.com.br\/wp-content\/uploads\/2026\/01\/20260128_173217-scaled.jpg?resize=525%2C300 1.5x, https:\/\/i0.wp.com\/jornalrol.com.br\/wp-content\/uploads\/2026\/01\/20260128_173217-scaled.jpg?resize=700%2C400 2x, https:\/\/i0.wp.com\/jornalrol.com.br\/wp-content\/uploads\/2026\/01\/20260128_173217-scaled.jpg?resize=1050%2C600 3x, https:\/\/i0.wp.com\/jornalrol.com.br\/wp-content\/uploads\/2026\/01\/20260128_173217-scaled.jpg?resize=1400%2C800 4x"},"classes":[]},{"id":78439,"url":"http:\/\/jornalrol.com.br\/?p=78439","url_meta":{"origin":75916,"position":2},"title":"Franklin Calvo","author":"Carlos Javier Jarquin","date":"12 de fevereiro de 2026","format":false,"excerpt":"El arte, la cultura y las letras me han brindado el privilegio de conocer a personas incre\u00edbles, dignas de admirar. Es un honor coincidir con ellas, ya sea\u2026","rel":"","context":"Em &quot;Arte&quot;","block_context":{"text":"Arte","link":"http:\/\/jornalrol.com.br\/?cat=9286"},"img":{"alt_text":"Franklin Calvo mejor conocido como FranD'klin, naci\u00f3 en San Jos\u00e9, Costa Rica, es artista pl\u00e1stico, escritor, docente y gestor cultural.","src":"https:\/\/i0.wp.com\/jornalrol.com.br\/wp-content\/uploads\/2026\/02\/IMG-20260114-WA0090-1.jpg?resize=350%2C200","width":350,"height":200,"srcset":"https:\/\/i0.wp.com\/jornalrol.com.br\/wp-content\/uploads\/2026\/02\/IMG-20260114-WA0090-1.jpg?resize=350%2C200 1x, https:\/\/i0.wp.com\/jornalrol.com.br\/wp-content\/uploads\/2026\/02\/IMG-20260114-WA0090-1.jpg?resize=525%2C300 1.5x"},"classes":[]},{"id":76203,"url":"http:\/\/jornalrol.com.br\/?p=76203","url_meta":{"origin":75916,"position":3},"title":"Lo raro, los raros y las rarezas","author":"Carlos Javier Jarquin","date":"15 de outubro de 2025","format":false,"excerpt":"La tarde del pasado martes 14 de octubre tuve el placer y el privilegio de asistir a la presentaci\u00f3n del libro Lo raro, los raros y las rarezas: del Santo\u2026","rel":"","context":"Em &quot;lan\u00e7amentos&quot;","block_context":{"text":"lan\u00e7amentos","link":"http:\/\/jornalrol.com.br\/?cat=9462"},"img":{"alt_text":"Carlos Javier Jarqu\u00edn y\u00a0Edgar Chavarr\u00eda Solano. Foto cortes\u00eda de Carlos Jarqu\u00edn.","src":"https:\/\/i0.wp.com\/jornalrol.com.br\/wp-content\/uploads\/2025\/10\/20251014_143219.jpg?resize=350%2C200","width":350,"height":200,"srcset":"https:\/\/i0.wp.com\/jornalrol.com.br\/wp-content\/uploads\/2025\/10\/20251014_143219.jpg?resize=350%2C200 1x, https:\/\/i0.wp.com\/jornalrol.com.br\/wp-content\/uploads\/2025\/10\/20251014_143219.jpg?resize=525%2C300 1.5x, https:\/\/i0.wp.com\/jornalrol.com.br\/wp-content\/uploads\/2025\/10\/20251014_143219.jpg?resize=700%2C400 2x, https:\/\/i0.wp.com\/jornalrol.com.br\/wp-content\/uploads\/2025\/10\/20251014_143219.jpg?resize=1050%2C600 3x, https:\/\/i0.wp.com\/jornalrol.com.br\/wp-content\/uploads\/2025\/10\/20251014_143219.jpg?resize=1400%2C800 4x"},"classes":[]},{"id":79069,"url":"http:\/\/jornalrol.com.br\/?p=79069","url_meta":{"origin":75916,"position":4},"title":"Entrevista con el poeta errante Ron A. Kalman\u00a0","author":"Carlos Javier Jarquin","date":"11 de mar\u00e7o de 2026","format":false,"excerpt":"Hoy les presento a un amigo, poeta y sobre todo humanista, Ron A. Kalman, nacido el 6 de marzo de 1959 en Haifa, Israel. Sus padres, Gabor J. Kalman y\u2026","rel":"","context":"Em &quot;Entrevistas ROLianas&quot;","block_context":{"text":"Entrevistas ROLianas","link":"http:\/\/jornalrol.com.br\/?cat=10024"},"img":{"alt_text":"Ron A.\u00a0 Kalman, es coautor de CANTO PLANETARIO, Volumen I (H.C. EDITORES, Costa Rica, 2023), donde aparecen dos poemas suyos en versi\u00f3n biling\u00fce espa\u00f1ol-ingl\u00e9s, traducidos por la poeta y traductora colombiana Mar\u00eda Fernanda Del\u00a0 Castillo Sucerquia.","src":"https:\/\/i0.wp.com\/jornalrol.com.br\/wp-content\/uploads\/2026\/03\/Ron-A-Kalman-1-.jpeg?resize=350%2C200","width":350,"height":200},"classes":[]},{"id":74800,"url":"http:\/\/jornalrol.com.br\/?p=74800","url_meta":{"origin":75916,"position":5},"title":"Empatia coletiva","author":"Carlos Javier Jarquin","date":"13 de agosto de 2025","format":false,"excerpt":"O que seria da vida sem amor? Talvez uma exist\u00eancia vazia e sem cor, um mundo desprovido de beleza. Para os seres humanos, o amor, em todas as suas formas...","rel":"","context":"Em &quot;Literatura&quot;","block_context":{"text":"Literatura","link":"http:\/\/jornalrol.com.br\/?cat=9285"},"img":{"alt_text":"Ligia Calder\u00f3n, hojeando su m\u00e1s reciente libro Percepci\u00f3n de amor publicado por la editorial costarricense H.C EDITORES.\u00a0 Foto\/ 19\/06\/25. Cr\u00e9dito: Carlos Jarqu\u00edn.\u00a0","src":"https:\/\/i0.wp.com\/jornalrol.com.br\/wp-content\/uploads\/2025\/08\/20250619_192738.jpg?resize=350%2C200","width":350,"height":200,"srcset":"https:\/\/i0.wp.com\/jornalrol.com.br\/wp-content\/uploads\/2025\/08\/20250619_192738.jpg?resize=350%2C200 1x, https:\/\/i0.wp.com\/jornalrol.com.br\/wp-content\/uploads\/2025\/08\/20250619_192738.jpg?resize=525%2C300 1.5x, https:\/\/i0.wp.com\/jornalrol.com.br\/wp-content\/uploads\/2025\/08\/20250619_192738.jpg?resize=700%2C400 2x, https:\/\/i0.wp.com\/jornalrol.com.br\/wp-content\/uploads\/2025\/08\/20250619_192738.jpg?resize=1050%2C600 3x, https:\/\/i0.wp.com\/jornalrol.com.br\/wp-content\/uploads\/2025\/08\/20250619_192738.jpg?resize=1400%2C800 4x"},"classes":[]}],"_links":{"self":[{"href":"http:\/\/jornalrol.com.br\/index.php?rest_route=\/wp\/v2\/posts\/75916","targetHints":{"allow":["GET"]}}],"collection":[{"href":"http:\/\/jornalrol.com.br\/index.php?rest_route=\/wp\/v2\/posts"}],"about":[{"href":"http:\/\/jornalrol.com.br\/index.php?rest_route=\/wp\/v2\/types\/post"}],"author":[{"embeddable":true,"href":"http:\/\/jornalrol.com.br\/index.php?rest_route=\/wp\/v2\/users\/126"}],"replies":[{"embeddable":true,"href":"http:\/\/jornalrol.com.br\/index.php?rest_route=%2Fwp%2Fv2%2Fcomments&post=75916"}],"version-history":[{"count":2,"href":"http:\/\/jornalrol.com.br\/index.php?rest_route=\/wp\/v2\/posts\/75916\/revisions"}],"predecessor-version":[{"id":75923,"href":"http:\/\/jornalrol.com.br\/index.php?rest_route=\/wp\/v2\/posts\/75916\/revisions\/75923"}],"wp:featuredmedia":[{"embeddable":true,"href":"http:\/\/jornalrol.com.br\/index.php?rest_route=\/wp\/v2\/media\/75918"}],"wp:attachment":[{"href":"http:\/\/jornalrol.com.br\/index.php?rest_route=%2Fwp%2Fv2%2Fmedia&parent=75916"}],"wp:term":[{"taxonomy":"category","embeddable":true,"href":"http:\/\/jornalrol.com.br\/index.php?rest_route=%2Fwp%2Fv2%2Fcategories&post=75916"},{"taxonomy":"post_tag","embeddable":true,"href":"http:\/\/jornalrol.com.br\/index.php?rest_route=%2Fwp%2Fv2%2Ftags&post=75916"}],"curies":[{"name":"wp","href":"https:\/\/api.w.org\/{rel}","templated":true}]}}