{"id":76084,"date":"2025-10-08T18:23:42","date_gmt":"2025-10-08T21:23:42","guid":{"rendered":"https:\/\/jornalrol.com.br\/?p=76084"},"modified":"2025-10-08T18:24:12","modified_gmt":"2025-10-08T21:24:12","slug":"concurso-literario-da-flaus","status":"publish","type":"post","link":"http:\/\/jornalrol.com.br\/?p=76084","title":{"rendered":"Concurso liter\u00e1rio da FLAUS"},"content":{"rendered":"<div class=\"pdfprnt-buttons pdfprnt-buttons-post pdfprnt-top-right\"><a href=\"http:\/\/jornalrol.com.br\/index.php?rest_route=%2Fwp%2Fv2%2Fposts%2F76084&print=pdf\" class=\"pdfprnt-button pdfprnt-button-pdf\" target=\"_blank\" ><\/a><a href=\"http:\/\/jornalrol.com.br\/index.php?rest_route=%2Fwp%2Fv2%2Fposts%2F76084&print=print\" class=\"pdfprnt-button pdfprnt-button-print\" target=\"_blank\" ><img decoding=\"async\" src=\"https:\/\/jornalrol.com.br\/wp-content\/plugins\/pdf-print\/images\/print.png\" alt=\"image_print\" title=\"Conte\u00fado de impress\u00e3o\" \/><\/a><\/div>\n<h2 class=\"wp-block-heading has-text-align-center\">Prorrogadas as inscri\u00e7\u00f5es do Concurso liter\u00e1rio da FLAUS 5\u00aa Edi\u00e7\u00e3o: contos, microcontos, cr\u00f4nicas e poesias<br><br><\/h2>\n\n\n<div class=\"wp-block-image\">\n<figure class=\"aligncenter size-full is-resized\"><img loading=\"lazy\" decoding=\"async\" width=\"1080\" height=\"1080\" data-attachment-id=\"76085\" data-permalink=\"http:\/\/jornalrol.com.br\/?attachment_id=76085\" data-orig-file=\"http:\/\/jornalrol.com.br\/wp-content\/uploads\/2025\/10\/Flaus-5-edicao-Feira-do-livro-e-autores-sorocabanos.webp\" data-orig-size=\"1080,1080\" data-comments-opened=\"1\" data-image-meta=\"{&quot;aperture&quot;:&quot;0&quot;,&quot;credit&quot;:&quot;&quot;,&quot;camera&quot;:&quot;&quot;,&quot;caption&quot;:&quot;&quot;,&quot;created_timestamp&quot;:&quot;0&quot;,&quot;copyright&quot;:&quot;&quot;,&quot;focal_length&quot;:&quot;0&quot;,&quot;iso&quot;:&quot;0&quot;,&quot;shutter_speed&quot;:&quot;0&quot;,&quot;title&quot;:&quot;&quot;,&quot;orientation&quot;:&quot;0&quot;}\" data-image-title=\"Flaus-5-edicao-Feira-do-livro-e-autores-sorocabanos\" data-image-description=\"\" data-image-caption=\"\" data-large-file=\"http:\/\/jornalrol.com.br\/wp-content\/uploads\/2025\/10\/Flaus-5-edicao-Feira-do-livro-e-autores-sorocabanos.webp\" src=\"https:\/\/jornalrol.com.br\/wp-content\/uploads\/2025\/10\/Flaus-5-edicao-Feira-do-livro-e-autores-sorocabanos.webp\" alt=\"Card do Concurso liter\u00e1rio da FLAUS 5\u00aa edi\u00e7\u00e3o\" class=\"wp-image-76085\" style=\"width:334px;height:auto\" srcset=\"http:\/\/jornalrol.com.br\/wp-content\/uploads\/2025\/10\/Flaus-5-edicao-Feira-do-livro-e-autores-sorocabanos.webp 1080w, http:\/\/jornalrol.com.br\/wp-content\/uploads\/2025\/10\/Flaus-5-edicao-Feira-do-livro-e-autores-sorocabanos-600x600.webp 600w, http:\/\/jornalrol.com.br\/wp-content\/uploads\/2025\/10\/Flaus-5-edicao-Feira-do-livro-e-autores-sorocabanos-768x768.webp 768w\" sizes=\"auto, (max-width: 1080px) 100vw, 1080px\" \/><figcaption class=\"wp-element-caption\"><em>Card do Concurso liter\u00e1rio da FLAUS 5\u00aa edi\u00e7\u00e3o<\/em><\/figcaption><\/figure>\n<\/div>\n\n\n<p>Est\u00e3o prorrogadas at\u00e9 <strong>15-10-2025<\/strong> as inscri\u00e7\u00f5es para <strong>Concurso Liter\u00e1rio da FLAUS 5\u00aa Edi\u00e7\u00e3o<\/strong>, uma iniciativa liter\u00e1ria organizada por FLAUS &#8211; Feira do livro e autores sorocabanos.<\/p>\n\n\n\n<p><strong>\ud83c\udf0d Pa\u00eds do edital:<\/strong><\/p>\n\n\n\n<p>Brasil<\/p>\n\n\n\n<p><strong>\ud83d\udccd Podem participar:<\/strong><\/p>\n\n\n\n<p>Apenas residentes do pa\u00eds organizador<\/p>\n\n\n\n<p><strong>\ud83d\udeab A participa\u00e7\u00e3o \u00e9 restrita a:<\/strong><\/p>\n\n\n\n<p>Voltado a residentes em Sorocaba e regi\u00e3o.<\/p>\n\n\n\n<p><strong>\ud83d\udc6e Respons\u00e1vel:<\/strong><\/p>\n\n\n\n<p>FLAUS &#8211; Feira do livro e autores sorocabanos<\/p>\n\n\n\n<p><a href=\"https:\/\/www.instagram.com\/flaussorocaba\">https:\/\/www.instagram.com\/flaussorocaba<\/a><\/p>\n\n\n\n<p>\u2728<strong> Proposta:<\/strong><\/p>\n\n\n\n<p>Chegamos \u00e0 5\u00aa edi\u00e7\u00e3o do Concurso Liter\u00e1rio da FLAUS e convidamos voc\u00ea, escritor que reside ou \u00e9 natural da Regi\u00e3o Metropolitana de Sorocaba, para participar enviando seu texto de narrativa curta (conto, microconto, cr\u00f4nica etc.). Confira o edital aqui e inscreva-se!<\/p>\n\n\n\n<p><strong>\ud83d\udca1 Tema:<\/strong><\/p>\n\n\n\n<p>Livre.<\/p>\n\n\n\n<p><strong>\ud83c\udfad Categorias tem\u00e1ticas aceitas:<\/strong><\/p>\n\n\n\n<p>G\u00eanero\/Tema Livre<\/p>\n\n\n\n<p><strong>\ud83d\udcdd Formas liter\u00e1rias aceitas:<\/strong><\/p>\n\n\n\n<p>Contos, Cr\u00f4nicas, Microcontos, Poesia<\/p>\n\n\n\n<p><strong>\u270b Limites:<\/strong><\/p>\n\n\n\n<p>Candidatos podem submeter at\u00e9 03 textos, sendo um para cada categoria. Contos e cr\u00f4nicas poder\u00e3o conter no m\u00e1ximo 7.500 mil caracteres (aproximadamente 4 p\u00e1ginas); microcontos no m\u00e1ximo 600 caracteres; e poemas no m\u00e1ximo 1800 caracteres.<\/p>\n\n\n\n<p><strong>\u23f3 Prazo final para inscri\u00e7\u00e3o:<\/strong><\/p>\n\n\n\n<p>At\u00e9 15-10-2025<\/p>\n\n\n\n<p><strong>\ud83d\udeaa Taxa de inscri\u00e7\u00e3o:<\/strong><\/p>\n\n\n\n<p>N\u00e3o h\u00e1<\/p>\n\n\n\n<p><strong>\ud83d\uddde Custo M\u00cdNIMO para escritores selecionados:<\/strong><\/p>\n\n\n\n<p>N\u00e3o h\u00e1<\/p>\n\n\n\n<p><strong>\ud83c\udfc6 Benef\u00edcios, ou pr\u00eamio M\u00c1XIMO, para autores selecionados:<\/strong><\/p>\n\n\n\n<p>Um trof\u00e9u para os tr\u00eas melhores textos, sendo para o 1o, 2o e 3o lugares que ser\u00e1 entregue durante a FLAUS.<\/p>\n\n\n\n<p><strong>\u26a0 Instru\u00e7\u00f5es para participa\u00e7\u00e3o encontram-se no edital oficial:<\/strong><\/p>\n\n\n\n<p><a href=\"https:\/\/drive.google.com\/file\/d\/1qyfZ_LEEgfAHhrpqVGetNdaBq_NuaSXx\/view\">https:\/\/drive.google.com\/file\/d\/1qyfZ_LEEgfAHhrpqVGetNdaBq_NuaSXx\/view<\/a><\/p>\n\n\n\n<p>IMPORTANTE: Se voc\u00ea for participar, imprima ou salve o edital oficial (link acima), para consultar sempre que precisar.<\/p>\n\n\n\n<p><strong>\ud83d\udce3 O resultado ser\u00e1 divulgado em:<\/strong><\/p>\n\n\n\n<p><a href=\"https:\/\/www.instagram.com\/flaussorocaba\">https:\/\/www.instagram.com\/flaussorocaba<\/a><\/p>\n\n\n\n<p><strong>\u2753 D\u00favidas sobre esta seletiva?<\/strong><\/p>\n\n\n\n<p>Contate a entidade respons\u00e1vel: FLAUS &#8211; Feira do livro e autores sorocabanos<\/p>\n\n\n\n<p><\/p>\n","protected":false},"excerpt":{"rendered":"<p>Est\u00e3o abertas at\u00e9 15-10-2025 as inscri\u00e7\u00f5es para Concurso Liter\u00e1rio da FLAUS 5\u00aa Edi\u00e7\u00e3o, uma iniciativa liter\u00e1ria organizada por FLAUS &#8211; Feira do livro e&#8230; <\/p>\n","protected":false},"author":6,"featured_media":76085,"comment_status":"open","ping_status":"closed","sticky":false,"template":"","format":"standard","meta":{"_jetpack_newsletter_access":"","_jetpack_dont_email_post_to_subs":false,"_jetpack_newsletter_tier_id":0,"_jetpack_memberships_contains_paywalled_content":false,"_jetpack_memberships_contains_paid_content":false,"footnotes":""},"categories":[10683,9607,9392,10922,9285,58],"tags":[340,2221,3978],"class_list":["post-76084","post","type-post","status-publish","format-standard","has-post-thumbnail","hentry","category-concurso-literario","category-contos","category-cronicas","category-feira-literaria","category-literatura","category-poesias","tag-5a-edicao","tag-concurso","tag-flaus"],"aioseo_notices":[],"views":946,"jetpack_featured_media_url":"http:\/\/jornalrol.com.br\/wp-content\/uploads\/2025\/10\/Flaus-5-edicao-Feira-do-livro-e-autores-sorocabanos.webp","jetpack_sharing_enabled":true,"jetpack_likes_enabled":true,"jetpack-related-posts":[{"id":46544,"url":"http:\/\/jornalrol.com.br\/?p=46544","url_meta":{"origin":76084,"position":0},"title":"5\u00b0 edi\u00e7\u00e3o da FLAUS promove seu 1\u00ba Concurso Liter\u00e1rio","author":"Sergio Diniz da Costa","date":"18 de novembro de 2021","format":false,"excerpt":"Na modalidade conto, e tema livre, as inscri\u00e7\u00f5es poder\u00e3o ser feitas at\u00e9 o dia 8 de dezembro A 5\u00aa edi\u00e7\u00e3o da FLAUS - Feira do Livro e Autores Sorocabanos\u00a0promove seu 1\u00ba Concurso liter\u00e1rio, na modalidade conto e com tema livre, para os escritores de Sorocaba e regi\u00e3o. As inscri\u00e7\u00f5es s\u00e3o\u2026","rel":"","context":"Em &quot;Comunica\u00e7\u00e3o&quot;","block_context":{"text":"Comunica\u00e7\u00e3o","link":"http:\/\/jornalrol.com.br\/?cat=7"},"img":{"alt_text":"","src":"https:\/\/i0.wp.com\/jornalrol.com.br\/wp-content\/uploads\/2021\/11\/6c3b582d-fac0-4d0a-b693-0ef9f7c57e7f-300x169.jpg?resize=350%2C200","width":350,"height":200,"srcset":"https:\/\/i0.wp.com\/jornalrol.com.br\/wp-content\/uploads\/2021\/11\/6c3b582d-fac0-4d0a-b693-0ef9f7c57e7f-300x169.jpg?resize=350%2C200 1x, https:\/\/i0.wp.com\/jornalrol.com.br\/wp-content\/uploads\/2021\/11\/6c3b582d-fac0-4d0a-b693-0ef9f7c57e7f-300x169.jpg?resize=525%2C300 1.5x"},"classes":[]},{"id":46519,"url":"http:\/\/jornalrol.com.br\/?p=46519","url_meta":{"origin":76084,"position":1},"title":"5\u00aa Edi\u00e7\u00e3o da FLAUS est\u00e1 com as inscri\u00e7\u00f5es abertas para participa\u00e7\u00e3o","author":"Sergio Diniz da Costa","date":"18 de novembro de 2021","format":false,"excerpt":"A\u00a0 5\u00aa edi\u00e7\u00e3o da FLAUS - Feira do Livro e Autores Sorocabanos j\u00e1 tem data marcada e as\u00a0inscri\u00e7\u00f5es para a participa\u00e7\u00e3o\u00a0v\u00e3o at\u00e9 o dia 23 de novembro A 5\u00aa edi\u00e7\u00e3o da FLAUS - Feira do Livro e Autores Sorocabanos, realizada pelo Grupo de Autores Sorocabanos,\u00a0 j\u00e1 tem data marcada e\u2026","rel":"","context":"Em &quot;Comunica\u00e7\u00e3o&quot;","block_context":{"text":"Comunica\u00e7\u00e3o","link":"http:\/\/jornalrol.com.br\/?cat=7"},"img":{"alt_text":"","src":"https:\/\/i0.wp.com\/jornalrol.com.br\/wp-content\/uploads\/2021\/11\/6c3b582d-fac0-4d0a-b693-0ef9f7c57e7f.jpg?resize=350%2C200","width":350,"height":200,"srcset":"https:\/\/i0.wp.com\/jornalrol.com.br\/wp-content\/uploads\/2021\/11\/6c3b582d-fac0-4d0a-b693-0ef9f7c57e7f.jpg?resize=350%2C200 1x, https:\/\/i0.wp.com\/jornalrol.com.br\/wp-content\/uploads\/2021\/11\/6c3b582d-fac0-4d0a-b693-0ef9f7c57e7f.jpg?resize=525%2C300 1.5x, https:\/\/i0.wp.com\/jornalrol.com.br\/wp-content\/uploads\/2021\/11\/6c3b582d-fac0-4d0a-b693-0ef9f7c57e7f.jpg?resize=700%2C400 2x, https:\/\/i0.wp.com\/jornalrol.com.br\/wp-content\/uploads\/2021\/11\/6c3b582d-fac0-4d0a-b693-0ef9f7c57e7f.jpg?resize=1050%2C600 3x"},"classes":[]},{"id":68195,"url":"http:\/\/jornalrol.com.br\/?p=68195","url_meta":{"origin":76084,"position":2},"title":"4\u00b0 Concurso Liter\u00e1rio da FLAUS 2024","author":"Sergio Diniz da Costa","date":"20 de julho de 2024","format":false,"excerpt":"O objetivo da FLAUS \u00e9 promover e valorizar a literatura de Sorocaba e regi\u00e3o, assim como os seus variados g\u00eaneros e profissionais da escrita.","rel":"","context":"Em &quot;Concurso liter\u00e1rio&quot;","block_context":{"text":"Concurso liter\u00e1rio","link":"http:\/\/jornalrol.com.br\/?cat=10683"},"img":{"alt_text":"Logo da FLAUS","src":"https:\/\/i0.wp.com\/jornalrol.com.br\/wp-content\/uploads\/2024\/07\/IV-Concurso-Literario-FLAUS-Sorocaba-1.jpg?resize=350%2C200","width":350,"height":200,"srcset":"https:\/\/i0.wp.com\/jornalrol.com.br\/wp-content\/uploads\/2024\/07\/IV-Concurso-Literario-FLAUS-Sorocaba-1.jpg?resize=350%2C200 1x, https:\/\/i0.wp.com\/jornalrol.com.br\/wp-content\/uploads\/2024\/07\/IV-Concurso-Literario-FLAUS-Sorocaba-1.jpg?resize=525%2C300 1.5x, https:\/\/i0.wp.com\/jornalrol.com.br\/wp-content\/uploads\/2024\/07\/IV-Concurso-Literario-FLAUS-Sorocaba-1.jpg?resize=700%2C400 2x"},"classes":[]},{"id":69970,"url":"http:\/\/jornalrol.com.br\/?p=69970","url_meta":{"origin":76084,"position":3},"title":"Vem a\u00ed a 8\u00aa edi\u00e7\u00e3o da FLAUS!","author":"Sergio Diniz da Costa","date":"7 de outubro de 2024","format":false,"excerpt":"A 8\u00aa edi\u00e7\u00e3o da FLAUS (Feira do Livro e Autores Sorocabanos) j\u00e1 tem data marcada e as inscri\u00e7\u00f5es para participa\u00e7\u00e3o est\u00e3o abertas!","rel":"","context":"Em &quot;Arte&quot;","block_context":{"text":"Arte","link":"http:\/\/jornalrol.com.br\/?cat=9286"},"img":{"alt_text":"A 8\u00aa edi\u00e7\u00e3o da FLAUS (Feira do Livro e Autores Sorocabanos) j\u00e1 tem data marcada e as inscri\u00e7\u00f5es para participa\u00e7\u00e3o est\u00e3o abertas!","src":"https:\/\/i0.wp.com\/jornalrol.com.br\/wp-content\/uploads\/2024\/10\/9f902599-b734-48a6-96c5-53fcb4d48961.jpeg?resize=350%2C200","width":350,"height":200,"srcset":"https:\/\/i0.wp.com\/jornalrol.com.br\/wp-content\/uploads\/2024\/10\/9f902599-b734-48a6-96c5-53fcb4d48961.jpeg?resize=350%2C200 1x, https:\/\/i0.wp.com\/jornalrol.com.br\/wp-content\/uploads\/2024\/10\/9f902599-b734-48a6-96c5-53fcb4d48961.jpeg?resize=525%2C300 1.5x, https:\/\/i0.wp.com\/jornalrol.com.br\/wp-content\/uploads\/2024\/10\/9f902599-b734-48a6-96c5-53fcb4d48961.jpeg?resize=700%2C400 2x, https:\/\/i0.wp.com\/jornalrol.com.br\/wp-content\/uploads\/2024\/10\/9f902599-b734-48a6-96c5-53fcb4d48961.jpeg?resize=1050%2C600 3x, https:\/\/i0.wp.com\/jornalrol.com.br\/wp-content\/uploads\/2024\/10\/9f902599-b734-48a6-96c5-53fcb4d48961.jpeg?resize=1400%2C800 4x"},"classes":[]},{"id":75867,"url":"http:\/\/jornalrol.com.br\/?p=75867","url_meta":{"origin":76084,"position":4},"title":"9\u00aa edi\u00e7\u00e3o da FLAUS","author":"Sergio Diniz da Costa","date":"26 de setembro de 2025","format":false,"excerpt":"\u00c9 escritor independente? Inscreva-se na FLAUS! Al\u00e9m de vender seus livros, voc\u00ea pode participar de: lan\u00e7amentos, sess\u00e3o de aut\u00f3grafos, rodas de conversa...","rel":"","context":"Em &quot;Feira Liter\u00e1ria&quot;","block_context":{"text":"Feira Liter\u00e1ria","link":"http:\/\/jornalrol.com.br\/?cat=10922"},"img":{"alt_text":"Logo da FLAUS","src":"https:\/\/i0.wp.com\/jornalrol.com.br\/wp-content\/uploads\/2024\/07\/IV-Concurso-Literario-FLAUS-Sorocaba-1.jpg?resize=350%2C200","width":350,"height":200,"srcset":"https:\/\/i0.wp.com\/jornalrol.com.br\/wp-content\/uploads\/2024\/07\/IV-Concurso-Literario-FLAUS-Sorocaba-1.jpg?resize=350%2C200 1x, https:\/\/i0.wp.com\/jornalrol.com.br\/wp-content\/uploads\/2024\/07\/IV-Concurso-Literario-FLAUS-Sorocaba-1.jpg?resize=525%2C300 1.5x, https:\/\/i0.wp.com\/jornalrol.com.br\/wp-content\/uploads\/2024\/07\/IV-Concurso-Literario-FLAUS-Sorocaba-1.jpg?resize=700%2C400 2x"},"classes":[]},{"id":47257,"url":"http:\/\/jornalrol.com.br\/?p=47257","url_meta":{"origin":76084,"position":5},"title":"FLAUS chega \u00e0 sua 5\u00aa edi\u00e7\u00e3o repleta de novidades","author":"Carlos Carvalho Cavalheiro","date":"13 de dezembro de 2021","format":false,"excerpt":"Em sua 5\u00aa edi\u00e7\u00e3o, a FLAUS -\u00a0 Feira de Livros e Autores Sorocabanos - se consolida como um dos mais importantes eventos culturais da Regi\u00e3o Metropolitana \u00a0 \u00a0 \u00a0 \u00a0 \u00a0 \u00a0 \u00a0 \u00a0A FLAUS (Feira de Livros e Autores Sorocabanos), a\u00e7\u00e3o coletiva e horizontal de escritores de Sorocaba e\u2026","rel":"","context":"Em &quot;Comunica\u00e7\u00e3o&quot;","block_context":{"text":"Comunica\u00e7\u00e3o","link":"http:\/\/jornalrol.com.br\/?cat=7"},"img":{"alt_text":"","src":"https:\/\/i0.wp.com\/jornalrol.com.br\/wp-content\/uploads\/2021\/12\/8fe23088-c5a4-4081-bd0d-1b53e3cb3bd4.jpg?resize=350%2C200","width":350,"height":200,"srcset":"https:\/\/i0.wp.com\/jornalrol.com.br\/wp-content\/uploads\/2021\/12\/8fe23088-c5a4-4081-bd0d-1b53e3cb3bd4.jpg?resize=350%2C200 1x, https:\/\/i0.wp.com\/jornalrol.com.br\/wp-content\/uploads\/2021\/12\/8fe23088-c5a4-4081-bd0d-1b53e3cb3bd4.jpg?resize=525%2C300 1.5x, https:\/\/i0.wp.com\/jornalrol.com.br\/wp-content\/uploads\/2021\/12\/8fe23088-c5a4-4081-bd0d-1b53e3cb3bd4.jpg?resize=700%2C400 2x, https:\/\/i0.wp.com\/jornalrol.com.br\/wp-content\/uploads\/2021\/12\/8fe23088-c5a4-4081-bd0d-1b53e3cb3bd4.jpg?resize=1050%2C600 3x"},"classes":[]}],"_links":{"self":[{"href":"http:\/\/jornalrol.com.br\/index.php?rest_route=\/wp\/v2\/posts\/76084","targetHints":{"allow":["GET"]}}],"collection":[{"href":"http:\/\/jornalrol.com.br\/index.php?rest_route=\/wp\/v2\/posts"}],"about":[{"href":"http:\/\/jornalrol.com.br\/index.php?rest_route=\/wp\/v2\/types\/post"}],"author":[{"embeddable":true,"href":"http:\/\/jornalrol.com.br\/index.php?rest_route=\/wp\/v2\/users\/6"}],"replies":[{"embeddable":true,"href":"http:\/\/jornalrol.com.br\/index.php?rest_route=%2Fwp%2Fv2%2Fcomments&post=76084"}],"version-history":[{"count":2,"href":"http:\/\/jornalrol.com.br\/index.php?rest_route=\/wp\/v2\/posts\/76084\/revisions"}],"predecessor-version":[{"id":76087,"href":"http:\/\/jornalrol.com.br\/index.php?rest_route=\/wp\/v2\/posts\/76084\/revisions\/76087"}],"wp:featuredmedia":[{"embeddable":true,"href":"http:\/\/jornalrol.com.br\/index.php?rest_route=\/wp\/v2\/media\/76085"}],"wp:attachment":[{"href":"http:\/\/jornalrol.com.br\/index.php?rest_route=%2Fwp%2Fv2%2Fmedia&parent=76084"}],"wp:term":[{"taxonomy":"category","embeddable":true,"href":"http:\/\/jornalrol.com.br\/index.php?rest_route=%2Fwp%2Fv2%2Fcategories&post=76084"},{"taxonomy":"post_tag","embeddable":true,"href":"http:\/\/jornalrol.com.br\/index.php?rest_route=%2Fwp%2Fv2%2Ftags&post=76084"}],"curies":[{"name":"wp","href":"https:\/\/api.w.org\/{rel}","templated":true}]}}