{"id":76149,"date":"2025-10-13T13:45:52","date_gmt":"2025-10-13T16:45:52","guid":{"rendered":"https:\/\/jornalrol.com.br\/?p=76149"},"modified":"2025-10-13T13:46:25","modified_gmt":"2025-10-13T16:46:25","slug":"fim-de-tarde","status":"publish","type":"post","link":"http:\/\/jornalrol.com.br\/?p=76149","title":{"rendered":"Fim de tarde"},"content":{"rendered":"<div class=\"pdfprnt-buttons pdfprnt-buttons-post pdfprnt-top-right\"><a href=\"http:\/\/jornalrol.com.br\/index.php?rest_route=%2Fwp%2Fv2%2Fposts%2F76149&print=pdf\" class=\"pdfprnt-button pdfprnt-button-pdf\" target=\"_blank\" ><\/a><a href=\"http:\/\/jornalrol.com.br\/index.php?rest_route=%2Fwp%2Fv2%2Fposts%2F76149&print=print\" class=\"pdfprnt-button pdfprnt-button-print\" target=\"_blank\" ><img decoding=\"async\" src=\"https:\/\/jornalrol.com.br\/wp-content\/plugins\/pdf-print\/images\/print.png\" alt=\"image_print\" title=\"Conte\u00fado de impress\u00e3o\" \/><\/a><\/div>\n<h2 class=\"wp-block-heading has-text-align-center\">Evani Rocha: Conto &#8216;Fim de tarde&#8217;<br><br><\/h2>\n\n\n<div class=\"wp-block-image is-style-rounded\">\n<figure class=\"aligncenter size-full is-resized\"><img loading=\"lazy\" decoding=\"async\" width=\"820\" height=\"967\" data-attachment-id=\"73143\" data-permalink=\"http:\/\/jornalrol.com.br\/?attachment_id=73143\" data-orig-file=\"http:\/\/jornalrol.com.br\/wp-content\/uploads\/2025\/05\/b9f17e15-94f0-4754-bc1a-9d4c1dcb042f.jpg\" data-orig-size=\"820,967\" data-comments-opened=\"1\" data-image-meta=\"{&quot;aperture&quot;:&quot;0&quot;,&quot;credit&quot;:&quot;&quot;,&quot;camera&quot;:&quot;&quot;,&quot;caption&quot;:&quot;&quot;,&quot;created_timestamp&quot;:&quot;0&quot;,&quot;copyright&quot;:&quot;&quot;,&quot;focal_length&quot;:&quot;0&quot;,&quot;iso&quot;:&quot;0&quot;,&quot;shutter_speed&quot;:&quot;0&quot;,&quot;title&quot;:&quot;&quot;,&quot;orientation&quot;:&quot;0&quot;}\" data-image-title=\"b9f17e15-94f0-4754-bc1a-9d4c1dcb042f\" data-image-description=\"&lt;p&gt;Evani Rocha&lt;\/p&gt;\n\" data-image-caption=\"&lt;p&gt;Evani Rocha&lt;\/p&gt;\n\" data-large-file=\"http:\/\/jornalrol.com.br\/wp-content\/uploads\/2025\/05\/b9f17e15-94f0-4754-bc1a-9d4c1dcb042f.jpg\" src=\"http:\/\/jornalrol.com.br\/wp-content\/uploads\/2025\/05\/b9f17e15-94f0-4754-bc1a-9d4c1dcb042f.jpg\" alt=\"Evani Rocha\" class=\"wp-image-73143\" style=\"width:94px;height:auto\" srcset=\"http:\/\/jornalrol.com.br\/wp-content\/uploads\/2025\/05\/b9f17e15-94f0-4754-bc1a-9d4c1dcb042f.jpg 820w, http:\/\/jornalrol.com.br\/wp-content\/uploads\/2025\/05\/b9f17e15-94f0-4754-bc1a-9d4c1dcb042f-768x906.jpg 768w\" sizes=\"auto, (max-width: 820px) 100vw, 820px\" \/><figcaption class=\"wp-element-caption\">Evani Rocha<\/figcaption><\/figure>\n<\/div>\n\n<div class=\"wp-block-image\">\n<figure class=\"aligncenter size-full is-resized\"><img loading=\"lazy\" decoding=\"async\" width=\"1024\" height=\"1024\" data-attachment-id=\"76150\" data-permalink=\"http:\/\/jornalrol.com.br\/?attachment_id=76150\" data-orig-file=\"http:\/\/jornalrol.com.br\/wp-content\/uploads\/2025\/10\/Imagem-criada-por-IA-do-Gencraft-em-13-de-outubro-de-2025-as-10h00.jpg\" data-orig-size=\"1024,1024\" data-comments-opened=\"1\" data-image-meta=\"{&quot;aperture&quot;:&quot;0&quot;,&quot;credit&quot;:&quot;&quot;,&quot;camera&quot;:&quot;&quot;,&quot;caption&quot;:&quot;&quot;,&quot;created_timestamp&quot;:&quot;0&quot;,&quot;copyright&quot;:&quot;&quot;,&quot;focal_length&quot;:&quot;0&quot;,&quot;iso&quot;:&quot;0&quot;,&quot;shutter_speed&quot;:&quot;0&quot;,&quot;title&quot;:&quot;&quot;,&quot;orientation&quot;:&quot;0&quot;}\" data-image-title=\"Imagem criada por IA do Gencraft em 13 de outubro de 2025 \u00e0s 10h00\" data-image-description=\"\" data-image-caption=\"\" data-large-file=\"http:\/\/jornalrol.com.br\/wp-content\/uploads\/2025\/10\/Imagem-criada-por-IA-do-Gencraft-em-13-de-outubro-de-2025-as-10h00.jpg\" src=\"https:\/\/jornalrol.com.br\/wp-content\/uploads\/2025\/10\/Imagem-criada-por-IA-do-Gencraft-em-13-de-outubro-de-2025-as-10h00.jpg\" alt=\"Imagem criada por IA do Gencraft\" class=\"wp-image-76150\" style=\"width:328px;height:auto\" srcset=\"http:\/\/jornalrol.com.br\/wp-content\/uploads\/2025\/10\/Imagem-criada-por-IA-do-Gencraft-em-13-de-outubro-de-2025-as-10h00.jpg 1024w, http:\/\/jornalrol.com.br\/wp-content\/uploads\/2025\/10\/Imagem-criada-por-IA-do-Gencraft-em-13-de-outubro-de-2025-as-10h00-600x600.jpg 600w, http:\/\/jornalrol.com.br\/wp-content\/uploads\/2025\/10\/Imagem-criada-por-IA-do-Gencraft-em-13-de-outubro-de-2025-as-10h00-768x768.jpg 768w\" sizes=\"auto, (max-width: 1024px) 100vw, 1024px\" \/><figcaption class=\"wp-element-caption\"><em>Imagem criada por IA do Gencraft<\/em><\/figcaption><\/figure>\n<\/div>\n\n\n<p class=\"has-drop-cap\">A tarde caiu em seu olhos anuviados e perdidos no horizonte!<\/p>\n\n\n\n<p>O que se passa nos seus \u00faltimos anos de vida?<\/p>\n\n\n\n<p>Ser\u00e1 que ela j\u00e1 perdoou seus opressores, seus algozes, seus traidores?<\/p>\n\n\n\n<p>Talvez, nessas noites escuras, ela ainda revisita seus cativeiros interiores&#8230;<\/p>\n\n\n\n<p>E na face desca\u00edda escorre uma cachoeira silenciosa.<\/p>\n\n\n\n<p>Ela est\u00e1 sempre calada e distante: de uma mulher prosa, a uma sombra lenta a vagar em sua pr\u00f3pria mem\u00f3ria&#8230;<\/p>\n\n\n\n<p>Esgotou-se finalmente seu repert\u00f3rio, suas ret\u00f3ricas sobre as coisas da vida&#8230;<\/p>\n\n\n\n<p>Teve tudo o que um dia pensou ser necess\u00e1rio, e nada do que, talvez, sua meninice lhe prometia.<\/p>\n\n\n\n<p>L\u00e1, bem no fundo do seu ser, ela ainda \u00e9 uma crian\u00e7a, correndo pelos corredores da casa&#8230;imaginando desenhos de nuvens&#8230; rabiscando seu di\u00e1rio.<\/p>\n\n\n\n<p>Este rosto sisudo, deveras, sofre por n\u00e3o poder retornar, por n\u00e3o poder revidar, por n\u00e3o poder perdoar-se!<\/p>\n\n\n\n<p>O tempo \u00e9 cruelmente fugaz! E a mat\u00e9ria humana manipul\u00e1vel, vol\u00e1til, cruelmente sens\u00edvel&#8230;<\/p>\n\n\n\n<p>O corpo n\u00e3o suporta o rigor do tempo. Vai-se com ele o brilho, o vi\u00e7o, a vivacidade&#8230;Menos a hist\u00f3ria registrada na mem\u00f3ria \u2013 Essa vai, volta, fica, Muda de forma&#8230;massacra!<\/p>\n\n\n\n<p>Ela n\u00e3o cede, por rebeldia, por acreditar num retorno, numa viagem sideral&#8230;<\/p>\n\n\n\n<p>Pois ainda h\u00e1 for\u00e7a pra contemplar os girass\u00f3is \u00e0s margens do caminho, os desenhos geom\u00e9tricos que v\u00e3o se revelando entre as escarpas.<\/p>\n\n\n\n<p>Finalmente, o corpo denuncia a chegada.&nbsp; Os vag\u00f5es se esvaziam &#8211;&nbsp; A boca est\u00e1 cerrada e as m\u00e3os em prece&#8230;<\/p>\n\n\n\n<p>N\u00e3o h\u00e1 pressa em desembarcar. Mas em seus labirintos interiores h\u00e1 uma efervesc\u00eancia, um fulgor na alma&#8230;<\/p>\n\n\n\n<p>E incrivelmente, no fundo dos olhos um sol gigante em ebuli\u00e7\u00e3o!<\/p>\n\n\n\n<h3 class=\"wp-block-heading has-text-align-center\"><br>Evani Rocha<\/h3>\n\n\n\n<div class=\"wp-block-columns is-layout-flex wp-container-core-columns-is-layout-9d6595d7 wp-block-columns-is-layout-flex\">\n<div class=\"wp-block-column is-layout-flow wp-block-column-is-layout-flow\">\n<h3 class=\"wp-block-heading has-text-align-center has-blush-light-purple-gradient-background has-background\"><a href=\"https:\/\/www.facebook.com\/evani.rocha.58\" target=\"_blank\" rel=\"noopener\" title=\"Facebook\">Facebook<\/a><\/h3>\n<\/div>\n\n\n\n<div class=\"wp-block-column is-layout-flow wp-block-column-is-layout-flow\">\n<h3 class=\"wp-block-heading has-text-align-center has-blush-light-purple-gradient-background has-background\"><a href=\"https:\/\/www.instagram.com\/evani.rochaa\/\" title=\"Instagram\">Instagram<\/a><\/h3>\n<\/div>\n<\/div>\n\n\n\n<p><a href=\"https:\/\/jornalrol.com.br\/\" title=\"Voltar\">Voltar<\/a><\/p>\n\n\n\n<p><a href=\"https:\/\/www.facebook.com\/JCulturalrol\/\" title=\"Facebook\">Facebook<\/a><\/p>\n\n\n\n<div class=\"wp-block-columns is-layout-flex wp-container-core-columns-is-layout-9d6595d7 wp-block-columns-is-layout-flex\">\n<div class=\"wp-block-column is-layout-flow wp-block-column-is-layout-flow\">\n<h2 class=\"wp-block-heading\"><\/h2>\n<\/div>\n\n\n\n<div class=\"wp-block-column is-layout-flow wp-block-column-is-layout-flow\"><\/div>\n<\/div>\n","protected":false},"excerpt":{"rendered":"<p>A tarde caiu em seus olhos anuviados e perdidos no horizonte! O que se passa nos seus \u00faltimos anos de vida? Ser\u00e1 que ela j\u00e1 perdoou seus opressores, seus&#8230; <\/p>\n","protected":false},"author":94,"featured_media":76150,"comment_status":"open","ping_status":"closed","sticky":false,"template":"","format":"standard","meta":{"_jetpack_newsletter_access":"","_jetpack_dont_email_post_to_subs":false,"_jetpack_newsletter_tier_id":0,"_jetpack_memberships_contains_paywalled_content":false,"_jetpack_memberships_contains_paid_content":false,"footnotes":""},"categories":[9607,9285],"tags":[15250,15251,5563,15249,6725,15253],"class_list":["post-76149","post","type-post","status-publish","format-standard","has-post-thumbnail","hentry","category-contos","category-literatura","tag-algozes","tag-cativeiros-interiores","tag-memoria","tag-opressores","tag-perdao","tag-sombra-lenta"],"aioseo_notices":[],"views":288,"jetpack_featured_media_url":"http:\/\/jornalrol.com.br\/wp-content\/uploads\/2025\/10\/Imagem-criada-por-IA-do-Gencraft-em-13-de-outubro-de-2025-as-10h00.jpg","jetpack_sharing_enabled":true,"jetpack_likes_enabled":true,"jetpack-related-posts":[{"id":73686,"url":"http:\/\/jornalrol.com.br\/?p=73686","url_meta":{"origin":76149,"position":0},"title":"Insignificante","author":"Evani Ferreira Rocha","date":"17 de junho de 2025","format":false,"excerpt":"Sobre a mesa os cotovelos magros, e as m\u00e3os com seus dedos longos e finos apoiando o queixo\u2026 Era uma mesa de madeira lisa, dura, silenciosa. Os l\u00e1bios...","rel":"","context":"Em &quot;Contos&quot;","block_context":{"text":"Contos","link":"http:\/\/jornalrol.com.br\/?cat=9607"},"img":{"alt_text":"Evani Rocha","src":"https:\/\/i0.wp.com\/jornalrol.com.br\/wp-content\/uploads\/2024\/09\/FOTO-JORNAL-ROL-edited.jpg?resize=350%2C200","width":350,"height":200},"classes":[]},{"id":70232,"url":"http:\/\/jornalrol.com.br\/?p=70232","url_meta":{"origin":76149,"position":1},"title":"No meio do caminho","author":"Evani Ferreira Rocha","date":"18 de outubro de 2024","format":false,"excerpt":"No meio do caminho tinha uma flor. Tinha espinhos \u00e0 margem do caminho. No fim do caminho tinha uma dor. Tinha saudade na brisa do mar. Tinha rastros fundos...","rel":"","context":"Em &quot;Literatura&quot;","block_context":{"text":"Literatura","link":"http:\/\/jornalrol.com.br\/?cat=9285"},"img":{"alt_text":"Imagem criada por IA do Bing","src":"https:\/\/i0.wp.com\/jornalrol.com.br\/wp-content\/uploads\/2024\/10\/Imagem-criada-pelo-IA-do-Bing-1.jpg?resize=350%2C200","width":350,"height":200,"srcset":"https:\/\/i0.wp.com\/jornalrol.com.br\/wp-content\/uploads\/2024\/10\/Imagem-criada-pelo-IA-do-Bing-1.jpg?resize=350%2C200 1x, https:\/\/i0.wp.com\/jornalrol.com.br\/wp-content\/uploads\/2024\/10\/Imagem-criada-pelo-IA-do-Bing-1.jpg?resize=525%2C300 1.5x, https:\/\/i0.wp.com\/jornalrol.com.br\/wp-content\/uploads\/2024\/10\/Imagem-criada-pelo-IA-do-Bing-1.jpg?resize=700%2C400 2x"},"classes":[]},{"id":64663,"url":"http:\/\/jornalrol.com.br\/?p=64663","url_meta":{"origin":76149,"position":2},"title":"Estrada de terra","author":"Evani Ferreira Rocha","date":"28 de fevereiro de 2024","format":false,"excerpt":"Estrada de terra, de terra batida, de po\u00e7as de \u00e1gua, espelho do c\u00e9u, de flores pisadas, Brancas margaridas, me leva pra casa, de volta pra vida. Ranchinho de...","rel":"","context":"Em &quot;Literatura&quot;","block_context":{"text":"Literatura","link":"http:\/\/jornalrol.com.br\/?cat=9285"},"img":{"alt_text":"estrada de terra","src":"https:\/\/i0.wp.com\/jornalrol.com.br\/wp-content\/uploads\/2024\/02\/3d261f94-7f79-4994-acfa-14b633e86d85.jpg?resize=350%2C200","width":350,"height":200},"classes":[]},{"id":67577,"url":"http:\/\/jornalrol.com.br\/?p=67577","url_meta":{"origin":76149,"position":3},"title":"Eul\u00e1lia","author":"Evani Ferreira Rocha","date":"18 de junho de 2024","format":false,"excerpt":"Rec\u00e9m-sa\u00edda da cris\u00e1lida! Possui l\u00e1bios rosados e pele de seda\u2026 Se tivesse asas, certamente elas seriam azul met\u00e1lico, ou talvez douradas. Seus olhos s\u00e3o...","rel":"","context":"Em &quot;Literatura&quot;","block_context":{"text":"Literatura","link":"http:\/\/jornalrol.com.br\/?cat=9285"},"img":{"alt_text":"Imagem criada por IA - Gencraft","src":"https:\/\/i0.wp.com\/jornalrol.com.br\/wp-content\/uploads\/2024\/06\/7c1ddae6-cf80-42fd-83d5-24eafa25aaa2.jpg?resize=350%2C200","width":350,"height":200},"classes":[]},{"id":64119,"url":"http:\/\/jornalrol.com.br\/?p=64119","url_meta":{"origin":76149,"position":4},"title":"O ciclo","author":"Evani Ferreira Rocha","date":"5 de janeiro de 2024","format":false,"excerpt":"Eu sou sua hist\u00f3ria n\u00e3o escrita. O livro que n\u00e3o terminou de ler. Sou a chegada e a partida, a indecis\u00e3o que n\u00e3o pode resolver. Eu sou as linhas indefinidas...","rel":"","context":"Em &quot;Literatura&quot;","block_context":{"text":"Literatura","link":"http:\/\/jornalrol.com.br\/?cat=9285"},"img":{"alt_text":"Lago Di Garda, na It\u00e1lia. Foto por Evani Rocha","src":"https:\/\/i0.wp.com\/jornalrol.com.br\/wp-content\/uploads\/2024\/01\/271498fe-315c-4db1-be74-3109aedd25d5.jpg?resize=350%2C200","width":350,"height":200,"srcset":"https:\/\/i0.wp.com\/jornalrol.com.br\/wp-content\/uploads\/2024\/01\/271498fe-315c-4db1-be74-3109aedd25d5.jpg?resize=350%2C200 1x, https:\/\/i0.wp.com\/jornalrol.com.br\/wp-content\/uploads\/2024\/01\/271498fe-315c-4db1-be74-3109aedd25d5.jpg?resize=525%2C300 1.5x, https:\/\/i0.wp.com\/jornalrol.com.br\/wp-content\/uploads\/2024\/01\/271498fe-315c-4db1-be74-3109aedd25d5.jpg?resize=700%2C400 2x"},"classes":[]},{"id":72597,"url":"http:\/\/jornalrol.com.br\/?p=72597","url_meta":{"origin":76149,"position":5},"title":"O que vir\u00e1 depois?","author":"Evani Ferreira Rocha","date":"26 de mar\u00e7o de 2025","format":false,"excerpt":"O que vir\u00e1 depois? Depois do entrar do Sol, do infinito no c\u00e9u, do adormecer das flores, depois do anoitecer. O que vir\u00e1 depois do sim, depois da curva do...","rel":"","context":"Em &quot;Literatura&quot;","block_context":{"text":"Literatura","link":"http:\/\/jornalrol.com.br\/?cat=9285"},"img":{"alt_text":"Imagem criada por IA do Gencraft - 26 de mar\u00e7o de 2025, \u00e0s 06:02 PM","src":"https:\/\/i0.wp.com\/jornalrol.com.br\/wp-content\/uploads\/2025\/03\/Imagem-criada-por-IA-do-Gencraft-em-26-de-marco-de-2025-as-06h.-1.jpg?resize=350%2C200","width":350,"height":200,"srcset":"https:\/\/i0.wp.com\/jornalrol.com.br\/wp-content\/uploads\/2025\/03\/Imagem-criada-por-IA-do-Gencraft-em-26-de-marco-de-2025-as-06h.-1.jpg?resize=350%2C200 1x, https:\/\/i0.wp.com\/jornalrol.com.br\/wp-content\/uploads\/2025\/03\/Imagem-criada-por-IA-do-Gencraft-em-26-de-marco-de-2025-as-06h.-1.jpg?resize=525%2C300 1.5x, https:\/\/i0.wp.com\/jornalrol.com.br\/wp-content\/uploads\/2025\/03\/Imagem-criada-por-IA-do-Gencraft-em-26-de-marco-de-2025-as-06h.-1.jpg?resize=700%2C400 2x"},"classes":[]}],"_links":{"self":[{"href":"http:\/\/jornalrol.com.br\/index.php?rest_route=\/wp\/v2\/posts\/76149","targetHints":{"allow":["GET"]}}],"collection":[{"href":"http:\/\/jornalrol.com.br\/index.php?rest_route=\/wp\/v2\/posts"}],"about":[{"href":"http:\/\/jornalrol.com.br\/index.php?rest_route=\/wp\/v2\/types\/post"}],"author":[{"embeddable":true,"href":"http:\/\/jornalrol.com.br\/index.php?rest_route=\/wp\/v2\/users\/94"}],"replies":[{"embeddable":true,"href":"http:\/\/jornalrol.com.br\/index.php?rest_route=%2Fwp%2Fv2%2Fcomments&post=76149"}],"version-history":[{"count":4,"href":"http:\/\/jornalrol.com.br\/index.php?rest_route=\/wp\/v2\/posts\/76149\/revisions"}],"predecessor-version":[{"id":76156,"href":"http:\/\/jornalrol.com.br\/index.php?rest_route=\/wp\/v2\/posts\/76149\/revisions\/76156"}],"wp:featuredmedia":[{"embeddable":true,"href":"http:\/\/jornalrol.com.br\/index.php?rest_route=\/wp\/v2\/media\/76150"}],"wp:attachment":[{"href":"http:\/\/jornalrol.com.br\/index.php?rest_route=%2Fwp%2Fv2%2Fmedia&parent=76149"}],"wp:term":[{"taxonomy":"category","embeddable":true,"href":"http:\/\/jornalrol.com.br\/index.php?rest_route=%2Fwp%2Fv2%2Fcategories&post=76149"},{"taxonomy":"post_tag","embeddable":true,"href":"http:\/\/jornalrol.com.br\/index.php?rest_route=%2Fwp%2Fv2%2Ftags&post=76149"}],"curies":[{"name":"wp","href":"https:\/\/api.w.org\/{rel}","templated":true}]}}