{"id":76509,"date":"2025-11-03T08:15:00","date_gmt":"2025-11-03T11:15:00","guid":{"rendered":"https:\/\/jornalrol.com.br\/?p=76509"},"modified":"2025-11-02T20:54:49","modified_gmt":"2025-11-02T23:54:49","slug":"academico-internacional-da-febacla","status":"publish","type":"post","link":"http:\/\/jornalrol.com.br\/?p=76509","title":{"rendered":"Acad\u00eamico Internacional da FEBACLA"},"content":{"rendered":"<div class=\"pdfprnt-buttons pdfprnt-buttons-post pdfprnt-top-right\"><a href=\"http:\/\/jornalrol.com.br\/index.php?rest_route=%2Fwp%2Fv2%2Fposts%2F76509&print=pdf\" class=\"pdfprnt-button pdfprnt-button-pdf\" target=\"_blank\" ><\/a><a href=\"http:\/\/jornalrol.com.br\/index.php?rest_route=%2Fwp%2Fv2%2Fposts%2F76509&print=print\" class=\"pdfprnt-button pdfprnt-button-print\" target=\"_blank\" ><img decoding=\"async\" src=\"https:\/\/jornalrol.com.br\/wp-content\/plugins\/pdf-print\/images\/print.png\" alt=\"image_print\" title=\"Conte\u00fado de impress\u00e3o\" \/><\/a><\/div>\n<h2 class=\"wp-block-heading has-text-align-center\">Abertas as inscri\u00e7\u00f5es para recebimento de propostas de Acad\u00eamicos para ocuparem Cadeiras Patron\u00edmicas, com o t\u00edtulo de Acad\u00eamico Efetivo, na categoria ACAD\u00caMICO INTERNACIONAL<br><br><\/h2>\n\n\n<div class=\"wp-block-image\">\n<figure class=\"aligncenter size-full is-resized\"><img loading=\"lazy\" decoding=\"async\" width=\"1024\" height=\"1024\" data-attachment-id=\"76510\" data-permalink=\"http:\/\/jornalrol.com.br\/?attachment_id=76510\" data-orig-file=\"http:\/\/jornalrol.com.br\/wp-content\/uploads\/2025\/11\/576503288_1956927661549307_1528312271909194320_n.jpg\" data-orig-size=\"1024,1024\" data-comments-opened=\"1\" data-image-meta=\"{&quot;aperture&quot;:&quot;0&quot;,&quot;credit&quot;:&quot;&quot;,&quot;camera&quot;:&quot;&quot;,&quot;caption&quot;:&quot;&quot;,&quot;created_timestamp&quot;:&quot;0&quot;,&quot;copyright&quot;:&quot;&quot;,&quot;focal_length&quot;:&quot;0&quot;,&quot;iso&quot;:&quot;0&quot;,&quot;shutter_speed&quot;:&quot;0&quot;,&quot;title&quot;:&quot;&quot;,&quot;orientation&quot;:&quot;0&quot;}\" data-image-title=\"576503288_1956927661549307_1528312271909194320_n\" data-image-description=\"\" data-image-caption=\"\" data-large-file=\"http:\/\/jornalrol.com.br\/wp-content\/uploads\/2025\/11\/576503288_1956927661549307_1528312271909194320_n.jpg\" src=\"https:\/\/jornalrol.com.br\/wp-content\/uploads\/2025\/11\/576503288_1956927661549307_1528312271909194320_n.jpg\" alt=\"Logo da FEBACLA\" class=\"wp-image-76510\" style=\"width:332px;height:auto\" srcset=\"http:\/\/jornalrol.com.br\/wp-content\/uploads\/2025\/11\/576503288_1956927661549307_1528312271909194320_n.jpg 1024w, http:\/\/jornalrol.com.br\/wp-content\/uploads\/2025\/11\/576503288_1956927661549307_1528312271909194320_n-600x600.jpg 600w, http:\/\/jornalrol.com.br\/wp-content\/uploads\/2025\/11\/576503288_1956927661549307_1528312271909194320_n-768x768.jpg 768w\" sizes=\"auto, (max-width: 1024px) 100vw, 1024px\" \/><figcaption class=\"wp-element-caption\"><em>Logo da FEBACLA<\/em><\/figcaption><\/figure>\n<\/div>\n\n\n<h3 class=\"wp-block-heading has-text-align-center\">Federa\u00e7\u00e3o Brasileira dos Acad\u00eamicos das Ci\u00eancias, Letras e Artes &#8211; FEBACLA<br><br>EDITAL DE POSSE ACAD\u00caMICA N\u00ba 01101.014\/2025<\/h3>\n\n\n\n<p class=\"has-drop-cap\">A <strong>DIRETORIA EXECUTIVA da FEDERA\u00c7\u00c3O BRASILEIRA DOS ACAD\u00caMICOS DAS CI\u00caNCIAS, LETRAS E ARTES<\/strong> (<strong>FEBACLA<\/strong>), no uso das atribui\u00e7\u00f5es que lhe s\u00e3o conferidas pelo Estatuto Social que rege o provimento de vagas em suas cadeiras acad\u00eamicas, faz saber, a quem interessar, que est\u00e3o abertas as inscri\u00e7\u00f5es para recebimento de propostas de Acad\u00eamicos para ocuparem Cadeiras Patron\u00edmicas, com o t\u00edtulo de Acad\u00eamico Efetivo, na categoria <strong>ACAD\u00caMICO INTERNACIONAL<\/strong>.<\/p>\n\n\n\n<p>Poder\u00e3o candidatar-se escritores, artistas de destaque ou pessoas de not\u00f3ria cultura, ligadas a movimentos culturais de comprovada relev\u00e2ncia. Tamb\u00e9m poder\u00e1 tornar-se Acad\u00eamico Efetivo aquele que houver produzido trabalhos de reconhecido valor liter\u00e1rio, cient\u00edfico, cultural e\/ou de pesquisa, bem como quem tenha prestado inestim\u00e1veis servi\u00e7os \u00e0 comunidade no exerc\u00edcio de cargos ou fun\u00e7\u00f5es p\u00fablicas e\/ou privadas.<\/p>\n\n\n\n<p><strong>CADEIRAS DISPON\u00cdVEIS:<\/strong><\/p>\n\n\n\n<p>Cadeira n\u00ba 392 &#8211; Patrono Fl\u00e1vio de Carvalho (1899-1973).<br><br>Cadeira n\u00ba 397 &#8211; Patrono Ismael Nery (1900-1934).<br><br>Cadeira n\u00ba 403 \u2013 Patrono Adalgisa Nery (1905-1980).<br><br>Cadeira n\u00ba 404 \u2013 Patrono Luis Fernando Verissimo (1936-2025).<br><br>Cadeira n\u00ba 411 \u2013 Patrona Maria da Concei\u00e7\u00e3o de Almeida Tavares (1930-2024).<br><br>Cadeira n\u00ba 417 \u2013 Patrono Jacques Derrida (1930-2004).<br><br>Cadeira n\u00ba 420 \u2013 Patrono Nicola Antonio Facchinetti (1824-1900) (tamb\u00e9m conhecido como Nicol\u00f2 Agostino Facchinetti e no Brasil mais conhecido como Nicolau Facchinetti).<br><br>Cadeira n\u00ba 421 \u2013 Patrono Alfredo Maria Adriano d&#8217;Escragnolle Taunay, primeiro e \u00fanico Visconde de Taunay, (1843 \u2013 1899).<br><br>Cadeira n\u00ba 422 \u2013 Patrono Est\u00e1cio de S\u00e1 (1520 \u20131567).<br><br>Cadeira n\u00ba 423 \u2013 Patrono Marc Ferrez (1843 \u2013 1923).<br><br>Cadeira n\u00ba 424 \u2013 Patrono Corn\u00e9lio Pires (1884 -1958).<br><br>Cadeira n\u00ba 425 \u2013 Patrono Castro Alves (1847-1871).<br><br>Cadeira n\u00ba 426 \u2013 Patrono Glauber Rocha (1939-1981).<br><br>Cadeira n\u00ba 427 \u2013 Patrono Ant\u00f3nio Vieira, mais conhecido como Padre Ant\u00f3nio Vieira (1608-1697).<br><br>Cadeira n\u00ba 428 \u2013 Patrono Affonso Romano de Sant\u2019Anna (1937-2025).<br><br>Cadeira n\u00ba 429 \u2013 Patrona Marina Colasanti (1937-2025).<br><br>Cadeira n\u00ba 430 \u2013 Patrono &#8211; Hermeto Pascoal (1936-2025).<br><br>Cadeira n\u00ba 431 \u2013 Patrono Raul Pompeia (1863-1895).<br><br>Cadeira n\u00ba 432 \u2013 Patrono Carneiro Le\u00e3o (1887-1966).<br><br>Cadeira n\u00ba 433 \u2013 Patrono Henrique Bernardelli (1857-1936).<\/p>\n\n\n\n<p>A <strong>solenidade de posse acad\u00eamica<\/strong> ser\u00e1 realizada no dia <strong>12 de dezembro de 2025, \u00e0s 15h<\/strong>, na C\u00e2mara Municipal de Niter\u00f3i, localizada na Avenida Ernani do Amaral Peixoto, n\u00ba 625, Centro \u2013 Niter\u00f3i \u2013 RJ.<\/p>\n\n\n\n<p>Os participantes que estiverem impossibilitados de comparecer presencialmente poder\u00e3o participar virtualmente do evento, que ser\u00e1 realizado no dia <strong>19 de dezembro de 2025, \u00e0s 20h<\/strong> (hor\u00e1rio de Bras\u00edlia), por meio da <strong>plataforma Google Meet<\/strong>.<\/p>\n\n\n\n<p>A cerim\u00f4nia virtual contar\u00e1 com transmiss\u00e3o ao vivo pela TV Channel Network, garantindo ampla divulga\u00e7\u00e3o e participa\u00e7\u00e3o do p\u00fablico.<\/p>\n\n\n\n<p><strong>EDITAL DISPON\u00cdVEL:<\/strong><\/p>\n\n\n\n<p><strong>WhatsApp<\/strong> <a href=\"https:\/\/wa.me\/21973157653\" title=\"(21) 97315-7653\">(21) 97315-7653<\/a>   \/   <strong> E-meio:<\/strong> <a href=\"mailto:domalexandrecarvalho@gmail.com\" title=\"domalexandrecarvalho@gmail.com\">domalexandrecarvalho@gmail.com<\/a><\/p>\n\n\n\n<p><a href=\"https:\/\/jornalrol.com.br\/\" title=\"Voltar\">Voltar<\/a><\/p>\n\n\n\n<p><a href=\"https:\/\/www.facebook.com\/JCulturalrol\/\" title=\"Facebook\">Facebook<\/a><\/p>\n\n\n\n<h3 class=\"wp-block-heading has-text-align-center\"><\/h3>\n\n\n\n<p class=\"has-text-align-center\"><\/p>\n\n\n\n<p><\/p>\n\n\n\n<p><\/p>\n\n\n\n<p><\/p>\n\n\n\n<p><\/p>\n\n\n\n<p class=\"has-text-align-center\"><\/p>\n\n\n\n<p><\/p>\n\n\n\n<p><\/p>\n","protected":false},"excerpt":{"rendered":"<p>Inscri\u00e7\u00f5es para recebimento de propostas de Acad\u00eamicos para ocuparem Cadeiras Patron\u00edmicas, com o t\u00edtulo de Acad\u00eamico Efetivo, categoria Acad\u00eamico Internacional<\/p>\n","protected":false},"author":27,"featured_media":76510,"comment_status":"open","ping_status":"closed","sticky":false,"template":"","format":"standard","meta":{"_jetpack_newsletter_access":"","_jetpack_dont_email_post_to_subs":false,"_jetpack_newsletter_tier_id":0,"_jetpack_memberships_contains_paywalled_content":false,"_jetpack_memberships_contains_paid_content":false,"footnotes":""},"categories":[9391],"tags":[590,3752,4594],"class_list":["post-76509","post","type-post","status-publish","format-standard","has-post-thumbnail","hentry","category-academiasefederacoes","tag-academico-internacional","tag-febacla","tag-inscricoes"],"aioseo_notices":[],"views":550,"jetpack_featured_media_url":"http:\/\/jornalrol.com.br\/wp-content\/uploads\/2025\/11\/576503288_1956927661549307_1528312271909194320_n.jpg","jetpack_sharing_enabled":true,"jetpack_likes_enabled":true,"jetpack-related-posts":[{"id":61740,"url":"http:\/\/jornalrol.com.br\/?p=61740","url_meta":{"origin":76509,"position":0},"title":"FEBACLA abre inscri\u00e7\u00f5es","author":"Dom Alexandre da Silva Cam\u00ealo Rurikovich Carvalho","date":"3 de outubro de 2023","format":false,"excerpt":"Inscri\u00e7\u00f5es p\/ recebimento de propostas de Acad\u00eamicos p\/ ocuparem Cadeiras Patron\u00edmicas, com T\u00edtulo de Acad\u00eamico Efetivo na categoria Acad\u00eamico Internacional","rel":"","context":"Em &quot;Sem categoria&quot;","block_context":{"text":"Sem categoria","link":"http:\/\/jornalrol.com.br\/?cat=1"},"img":{"alt_text":"Logo da FEBACLA","src":"https:\/\/i0.wp.com\/jornalrol.com.br\/wp-content\/uploads\/2021\/08\/LOGOFEBACLABLOG25.08.jpg?resize=350%2C200","width":350,"height":200,"srcset":"https:\/\/i0.wp.com\/jornalrol.com.br\/wp-content\/uploads\/2021\/08\/LOGOFEBACLABLOG25.08.jpg?resize=350%2C200 1x, https:\/\/i0.wp.com\/jornalrol.com.br\/wp-content\/uploads\/2021\/08\/LOGOFEBACLABLOG25.08.jpg?resize=525%2C300 1.5x"},"classes":[]},{"id":60342,"url":"http:\/\/jornalrol.com.br\/?p=60342","url_meta":{"origin":76509,"position":1},"title":"FEBACLA abre inscri\u00e7\u00f5es para recebimento de propostas de Acad\u00eamicos para ocuparem Cadeiras Patron\u00edmicas, com T\u00edtulo de Acad\u00eamico Efetivo na categoria ACAD\u00caMICO INTERNACIONAL","author":"Dom Alexandre da Silva Cam\u00ealo Rurikovich Carvalho","date":"22 de agosto de 2023","format":false,"excerpt":"Inscri\u00e7\u00f5es para recebimento de propostas de Acad\u00eamicos para ocuparem Cadeiras Patron\u00edmicas, com T\u00edtulo de Acad\u00eamico Efetivo na categoria Acad\u00eamico Internacional","rel":"","context":"Em &quot;Academias e Federa\u00e7\u00f5es de Artes&quot;","block_context":{"text":"Academias e Federa\u00e7\u00f5es de Artes","link":"http:\/\/jornalrol.com.br\/?cat=9391"},"img":{"alt_text":"Logo da FEBACLA","src":"https:\/\/i0.wp.com\/jornalrol.com.br\/wp-content\/uploads\/2021\/08\/LOGOFEBACLABLOG25.08.jpg?resize=350%2C200","width":350,"height":200,"srcset":"https:\/\/i0.wp.com\/jornalrol.com.br\/wp-content\/uploads\/2021\/08\/LOGOFEBACLABLOG25.08.jpg?resize=350%2C200 1x, https:\/\/i0.wp.com\/jornalrol.com.br\/wp-content\/uploads\/2021\/08\/LOGOFEBACLABLOG25.08.jpg?resize=525%2C300 1.5x"},"classes":[]},{"id":75655,"url":"http:\/\/jornalrol.com.br\/?p=75655","url_meta":{"origin":76509,"position":2},"title":"Cadeiras patron\u00edmicas","author":"Dom Alexandre da Silva Cam\u00ealo Rurikovich Carvalho","date":"18 de setembro de 2025","format":false,"excerpt":"Abertas inscri\u00e7\u00f5es para recebimento de propostas de Acad\u00eamicos para ocuparem Cadeiras Patron\u00edmicas, com o t\u00edtulo de Acad\u00eamico Efetivo, na categoria Acad\u00eamico Internacional.","rel":"","context":"Em &quot;Academias e Federa\u00e7\u00f5es de Artes&quot;","block_context":{"text":"Academias e Federa\u00e7\u00f5es de Artes","link":"http:\/\/jornalrol.com.br\/?cat=9391"},"img":{"alt_text":"Medalha M\u00e9rito Acad\u00eamico","src":"https:\/\/i0.wp.com\/jornalrol.com.br\/wp-content\/uploads\/2025\/09\/521357743_1917394168835990_6561132192756745940_n.jpg?resize=350%2C200","width":350,"height":200,"srcset":"https:\/\/i0.wp.com\/jornalrol.com.br\/wp-content\/uploads\/2025\/09\/521357743_1917394168835990_6561132192756745940_n.jpg?resize=350%2C200 1x, https:\/\/i0.wp.com\/jornalrol.com.br\/wp-content\/uploads\/2025\/09\/521357743_1917394168835990_6561132192756745940_n.jpg?resize=525%2C300 1.5x"},"classes":[]},{"id":63437,"url":"http:\/\/jornalrol.com.br\/?p=63437","url_meta":{"origin":76509,"position":3},"title":"FEBACLA abre inscri\u00e7\u00f5es para outorga de T\u00edtulos","author":"Dom Alexandre da Silva Cam\u00ealo Rurikovich Carvalho","date":"29 de novembro de 2023","format":false,"excerpt":"Abertas inscri\u00e7\u00f5es para recebimento de propostas de Acad\u00eamicos para ocuparem Cadeiras Patron\u00edmicas, com T\u00edtulo na categoria Acad\u00eamico Internacional.","rel":"","context":"Em &quot;Academias e Federa\u00e7\u00f5es de Artes&quot;","block_context":{"text":"Academias e Federa\u00e7\u00f5es de Artes","link":"http:\/\/jornalrol.com.br\/?cat=9391"},"img":{"alt_text":"Logo da Febacla","src":"https:\/\/i0.wp.com\/jornalrol.com.br\/wp-content\/uploads\/2023\/11\/LOGOFEBACLABLOG25.08-1.webp?resize=350%2C200","width":350,"height":200},"classes":[]},{"id":49063,"url":"http:\/\/jornalrol.com.br\/?p=49063","url_meta":{"origin":76509,"position":4},"title":"FEBACLA abre inscri\u00e7\u00f5es para recebimento de propostas de acad\u00eamicos para ocuparem Cadeiras Patron\u00edmicas na categoria ACAD\u00caMICO INTERNACIONAL.","author":"Dom Alexandre da Silva Cam\u00ealo Rurikovich Carvalho","date":"11 de mar\u00e7o de 2022","format":false,"excerpt":"Mais informa\u00e7\u00f5es podem ser obtidas pelo WhatsApp (21) 98264-5612, ou pelo e-mail: domalexandrecarvalho@gmail.com Por meio do EDITAL DE POSSE ACAD\u00caMICA N\u00ba 0130.003\/2022, a FEBACLA \u2013\u00a0 Federa\u00e7\u00e3o Brasileira dos Acad\u00eamicos das Ci\u00eancias, Letras e Artes, informa que est\u00e3o abertas as inscri\u00e7\u00f5es para recebimento de propostas de Acad\u00eamicos para ocuparem Cadeiras Patron\u00edmicas\u2026","rel":"","context":"Em &quot;Comunica\u00e7\u00e3o&quot;","block_context":{"text":"Comunica\u00e7\u00e3o","link":"http:\/\/jornalrol.com.br\/?cat=7"},"img":{"alt_text":"","src":"https:\/\/i0.wp.com\/jornalrol.com.br\/wp-content\/uploads\/2022\/03\/275436234_1094752584433490_8755129023395807957_n-1.jpg?resize=350%2C200","width":350,"height":200,"srcset":"https:\/\/i0.wp.com\/jornalrol.com.br\/wp-content\/uploads\/2022\/03\/275436234_1094752584433490_8755129023395807957_n-1.jpg?resize=350%2C200 1x, https:\/\/i0.wp.com\/jornalrol.com.br\/wp-content\/uploads\/2022\/03\/275436234_1094752584433490_8755129023395807957_n-1.jpg?resize=525%2C300 1.5x"},"classes":[]},{"id":44548,"url":"http:\/\/jornalrol.com.br\/?p=44548","url_meta":{"origin":76509,"position":5},"title":"FEBACLA abre inscri\u00e7\u00f5es para recebimento de propostas de Acad\u00eamicos para ocuparem Cadeiras Patron\u00edmicas, com T\u00edtulo de Acad\u00eamico Efetivo","author":"Dom Alexandre da Silva Cam\u00ealo Rurikovich Carvalho","date":"7 de setembro de 2021","format":false,"excerpt":"A Solenidade de Posse Acad\u00eamica ser\u00e1 virtual, atrav\u00e9s do aplicativo Google Meet, na data de\u00a026 de novembro de 2021, \u00e0s 19h A\u00a0Federa\u00e7\u00e3o Brasileira dos Acad\u00eamicos das Ci\u00eancias, Letras e Artes - FEBACLA, de conformidade com o Edital de Posse Acad\u00eamica n\u00ba\u00a0 0905.011\/2021, faz saber a quem interessar que est\u00e3o abertas\u2026","rel":"","context":"Em &quot;Comunica\u00e7\u00e3o&quot;","block_context":{"text":"Comunica\u00e7\u00e3o","link":"http:\/\/jornalrol.com.br\/?cat=7"},"img":{"alt_text":"","src":"https:\/\/i0.wp.com\/jornalrol.com.br\/wp-content\/uploads\/2021\/09\/241366911_983887768853306_448819775699984799_n.jpg?resize=350%2C200","width":350,"height":200},"classes":[]}],"_links":{"self":[{"href":"http:\/\/jornalrol.com.br\/index.php?rest_route=\/wp\/v2\/posts\/76509","targetHints":{"allow":["GET"]}}],"collection":[{"href":"http:\/\/jornalrol.com.br\/index.php?rest_route=\/wp\/v2\/posts"}],"about":[{"href":"http:\/\/jornalrol.com.br\/index.php?rest_route=\/wp\/v2\/types\/post"}],"author":[{"embeddable":true,"href":"http:\/\/jornalrol.com.br\/index.php?rest_route=\/wp\/v2\/users\/27"}],"replies":[{"embeddable":true,"href":"http:\/\/jornalrol.com.br\/index.php?rest_route=%2Fwp%2Fv2%2Fcomments&post=76509"}],"version-history":[{"count":2,"href":"http:\/\/jornalrol.com.br\/index.php?rest_route=\/wp\/v2\/posts\/76509\/revisions"}],"predecessor-version":[{"id":76512,"href":"http:\/\/jornalrol.com.br\/index.php?rest_route=\/wp\/v2\/posts\/76509\/revisions\/76512"}],"wp:featuredmedia":[{"embeddable":true,"href":"http:\/\/jornalrol.com.br\/index.php?rest_route=\/wp\/v2\/media\/76510"}],"wp:attachment":[{"href":"http:\/\/jornalrol.com.br\/index.php?rest_route=%2Fwp%2Fv2%2Fmedia&parent=76509"}],"wp:term":[{"taxonomy":"category","embeddable":true,"href":"http:\/\/jornalrol.com.br\/index.php?rest_route=%2Fwp%2Fv2%2Fcategories&post=76509"},{"taxonomy":"post_tag","embeddable":true,"href":"http:\/\/jornalrol.com.br\/index.php?rest_route=%2Fwp%2Fv2%2Ftags&post=76509"}],"curies":[{"name":"wp","href":"https:\/\/api.w.org\/{rel}","templated":true}]}}