{"id":76595,"date":"2025-11-07T10:46:00","date_gmt":"2025-11-07T13:46:00","guid":{"rendered":"https:\/\/jornalrol.com.br\/?p=76595"},"modified":"2025-11-07T10:46:58","modified_gmt":"2025-11-07T13:46:58","slug":"festuris-gramado-2025","status":"publish","type":"post","link":"http:\/\/jornalrol.com.br\/?p=76595","title":{"rendered":"Festuris Gramado 2025"},"content":{"rendered":"<div class=\"pdfprnt-buttons pdfprnt-buttons-post pdfprnt-top-right\"><a href=\"http:\/\/jornalrol.com.br\/index.php?rest_route=%2Fwp%2Fv2%2Fposts%2F76595&print=pdf\" class=\"pdfprnt-button pdfprnt-button-pdf\" target=\"_blank\" ><\/a><a href=\"http:\/\/jornalrol.com.br\/index.php?rest_route=%2Fwp%2Fv2%2Fposts%2F76595&print=print\" class=\"pdfprnt-button pdfprnt-button-print\" target=\"_blank\" ><img decoding=\"async\" src=\"https:\/\/jornalrol.com.br\/wp-content\/plugins\/pdf-print\/images\/print.png\" alt=\"image_print\" title=\"Conte\u00fado de impress\u00e3o\" \/><\/a><\/div>\n<h2 class=\"wp-block-heading has-text-align-center\">Abertura do Festuris Gramado 2025 conta com participa\u00e7\u00e3o especial de J\u00fanior Mosko<br><br><\/h2>\n\n\n<div class=\"wp-block-image\">\n<figure class=\"aligncenter size-full is-resized\"><img loading=\"lazy\" decoding=\"async\" width=\"800\" height=\"616\" data-attachment-id=\"76596\" data-permalink=\"http:\/\/jornalrol.com.br\/?attachment_id=76596\" data-orig-file=\"http:\/\/jornalrol.com.br\/wp-content\/uploads\/2025\/11\/1762484539901.jpeg\" data-orig-size=\"800,616\" data-comments-opened=\"1\" data-image-meta=\"{&quot;aperture&quot;:&quot;0&quot;,&quot;credit&quot;:&quot;&quot;,&quot;camera&quot;:&quot;&quot;,&quot;caption&quot;:&quot;&quot;,&quot;created_timestamp&quot;:&quot;0&quot;,&quot;copyright&quot;:&quot;&quot;,&quot;focal_length&quot;:&quot;0&quot;,&quot;iso&quot;:&quot;0&quot;,&quot;shutter_speed&quot;:&quot;0&quot;,&quot;title&quot;:&quot;&quot;,&quot;orientation&quot;:&quot;1&quot;}\" data-image-title=\"1762484539901\" data-image-description=\"\" data-image-caption=\"\" data-large-file=\"http:\/\/jornalrol.com.br\/wp-content\/uploads\/2025\/11\/1762484539901.jpeg\" src=\"https:\/\/jornalrol.com.br\/wp-content\/uploads\/2025\/11\/1762484539901.jpeg\" alt=\"Festuris Gramado 2025\" class=\"wp-image-76596\" style=\"width:594px;height:auto\" srcset=\"http:\/\/jornalrol.com.br\/wp-content\/uploads\/2025\/11\/1762484539901.jpeg 800w, http:\/\/jornalrol.com.br\/wp-content\/uploads\/2025\/11\/1762484539901-768x591.jpeg 768w\" sizes=\"auto, (max-width: 800px) 100vw, 800px\" \/><figcaption class=\"wp-element-caption\"><em>Festuris Gramado 2025<\/em><\/figcaption><\/figure>\n<\/div>\n\n\n<p class=\"has-drop-cap\">Na noite de inaugura\u00e7\u00e3o da edi\u00e7\u00e3o 2025 da feira Festuris Gramado \u2014 um dos mais importantes encontros do turismo na Am\u00e9rica Latina \u2014 o artista e palestrante J\u00fanior Mosko foi convidado a participar da sess\u00e3o de abertura, marcada para as 19h30 no Pal\u00e1cio dos Festivais, em Gramado (RS).&nbsp;<br><br><\/p>\n\n\n<div class=\"wp-block-image\">\n<figure class=\"aligncenter size-full\"><img loading=\"lazy\" decoding=\"async\" width=\"800\" height=\"401\" data-attachment-id=\"76597\" data-permalink=\"http:\/\/jornalrol.com.br\/?attachment_id=76597\" data-orig-file=\"http:\/\/jornalrol.com.br\/wp-content\/uploads\/2025\/11\/1762484539903.jpeg\" data-orig-size=\"800,401\" data-comments-opened=\"1\" data-image-meta=\"{&quot;aperture&quot;:&quot;0&quot;,&quot;credit&quot;:&quot;&quot;,&quot;camera&quot;:&quot;&quot;,&quot;caption&quot;:&quot;&quot;,&quot;created_timestamp&quot;:&quot;0&quot;,&quot;copyright&quot;:&quot;&quot;,&quot;focal_length&quot;:&quot;0&quot;,&quot;iso&quot;:&quot;0&quot;,&quot;shutter_speed&quot;:&quot;0&quot;,&quot;title&quot;:&quot;&quot;,&quot;orientation&quot;:&quot;1&quot;}\" data-image-title=\"1762484539903\" data-image-description=\"\" data-image-caption=\"\" data-large-file=\"http:\/\/jornalrol.com.br\/wp-content\/uploads\/2025\/11\/1762484539903.jpeg\" src=\"http:\/\/jornalrol.com.br\/wp-content\/uploads\/2025\/11\/1762484539903.jpeg\" alt=\"\" class=\"wp-image-76597\" srcset=\"http:\/\/jornalrol.com.br\/wp-content\/uploads\/2025\/11\/1762484539903.jpeg 800w, http:\/\/jornalrol.com.br\/wp-content\/uploads\/2025\/11\/1762484539903-768x385.jpeg 768w\" sizes=\"auto, (max-width: 800px) 100vw, 800px\" \/><figcaption class=\"wp-element-caption\"><em>Abertura do Festuris Gramado 2025<\/em><\/figcaption><\/figure>\n<\/div>\n\n\n<p><strong>Um momento de significado e responsabilidade<\/strong><\/p>\n\n\n\n<p>A cerim\u00f4nia de abertura reuniu autoridades estaduais e municipais, al\u00e9m de representantes de entidades do turismo. O vice-governador do Rio Grande do Sul, Gabriel Souza, participou no papel oficial em nome do governo estadual, que investiu no evento como parte de sua estrat\u00e9gia de fomento ao setor.&nbsp;<\/p>\n\n\n\n<p>Para J\u00fanior Mosko, a presen\u00e7a na abertura representa n\u00e3o apenas visibilidade, mas tamb\u00e9m o protagonismo de um artista comprometido com cultura, turismo e a dimens\u00e3o humana da arte \u2014 em perfeita conson\u00e2ncia com os valores da feira.<\/p>\n\n\n\n<p><strong>A atmosfera da noite de abertura<\/strong><\/p>\n\n\n\n<p>A abertura no Pal\u00e1cio dos Festivais teve um ambiente inspirado: luzes, discurso institucional, fluidez de networking e uma plateia formada por profissionais de turismo, representantes de destinos, marcas e imprensa. O evento marcou oficialmente o in\u00edcio da programa\u00e7\u00e3o, que se estender\u00e1 at\u00e9 o dia 9 de novembro.&nbsp;<\/p>\n\n\n\n<p>Al\u00e9m dos itens protocolares, a edi\u00e7\u00e3o refor\u00e7a tr\u00eas grandes eixos: legado, luxo e diversidade. A homenagem \u2013 o Trof\u00e9u Silvia Zorzanello \u2013 foi entregue na v\u00e9spera da abertura e trouxe o clima emocional que antecedeu a cerim\u00f4nia principal.&nbsp;<br><br><\/p>\n\n\n<div class=\"wp-block-image\">\n<figure class=\"aligncenter size-full is-resized\"><img loading=\"lazy\" decoding=\"async\" width=\"600\" height=\"800\" data-attachment-id=\"76598\" data-permalink=\"http:\/\/jornalrol.com.br\/?attachment_id=76598\" data-orig-file=\"http:\/\/jornalrol.com.br\/wp-content\/uploads\/2025\/11\/1762484539905.jpeg\" data-orig-size=\"600,800\" data-comments-opened=\"1\" data-image-meta=\"{&quot;aperture&quot;:&quot;0&quot;,&quot;credit&quot;:&quot;&quot;,&quot;camera&quot;:&quot;&quot;,&quot;caption&quot;:&quot;&quot;,&quot;created_timestamp&quot;:&quot;0&quot;,&quot;copyright&quot;:&quot;&quot;,&quot;focal_length&quot;:&quot;0&quot;,&quot;iso&quot;:&quot;0&quot;,&quot;shutter_speed&quot;:&quot;0&quot;,&quot;title&quot;:&quot;&quot;,&quot;orientation&quot;:&quot;1&quot;}\" data-image-title=\"1762484539905\" data-image-description=\"\" data-image-caption=\"\" data-large-file=\"http:\/\/jornalrol.com.br\/wp-content\/uploads\/2025\/11\/1762484539905.jpeg\" src=\"https:\/\/jornalrol.com.br\/wp-content\/uploads\/2025\/11\/1762484539905.jpeg\" alt=\"Da esquerda para a direita, Adriano Rodrigues e Junior Mosko\" class=\"wp-image-76598\" style=\"width:300px;height:auto\"\/><figcaption class=\"wp-element-caption\"><em>Da esquerda para a direita, Adriano Rodrigues<\/em> <em>e Junior Mosko<\/em><\/figcaption><\/figure>\n<\/div>\n\n\n<p><strong>A contribui\u00e7\u00e3o de J\u00fanior Mosko<\/strong><\/p>\n\n\n\n<p>Como convidado especial da sess\u00e3o, J\u00fanior Mosko teve a oportunidade de compartilhar sua vis\u00e3o \u2014 que une dan\u00e7a, cria\u00e7\u00e3o e alma \u2014 com um p\u00fablico voltado ao turismo, cultura e neg\u00f3cios. Sua participa\u00e7\u00e3o simboliza a intersec\u00e7\u00e3o entre arte e setor tur\u00edstico, mostrando como experi\u00eancias culturais podem enriquecer destinos e conectar pessoas.<\/p>\n\n\n\n<p>Para os organizadores e para o pr\u00f3prio artista, essa \u00e9 uma parceria que se traduz em impacto: fortalecer o turismo regional, elevar o valor da arte como catalisadora de experi\u00eancias, e conectar o local ao global em um momento de retomada e crescimento.<\/p>\n\n\n\n<p><strong>Pr\u00f3ximos passos<\/strong><\/p>\n\n\n\n<p>Com a abertura cumprida, a Feira segue agora com uma intensa agenda de pain\u00e9is, lan\u00e7amentos, espa\u00e7os tem\u00e1ticos e rodadas de neg\u00f3cios. A presen\u00e7a de J\u00fanior Mosko nessa primeira noite tamb\u00e9m lan\u00e7a o tom: de que arte, turismo e prop\u00f3sito caminham juntos.<\/p>\n\n\n\n<p><a href=\"http:\/\/jornalrol.com.br\/\" title=\"Voltar\">Voltar<\/a><\/p>\n\n\n\n<p><a href=\"https:\/www.facebook.com\/JCulturalrol\/\" title=\"Facebook\">Facebook<\/a><\/p>\n\n\n\n<p><br><br><\/p>\n","protected":false},"excerpt":{"rendered":"<p>Na noite de inaugura\u00e7\u00e3o da edi\u00e7\u00e3o 2025 da feira Festuris Gramado o artista e palestrante J\u00fanior Mosko foi convidado a participar da sess\u00e3o de abertura<\/p>\n","protected":false},"author":6,"featured_media":76596,"comment_status":"open","ping_status":"closed","sticky":false,"template":"","format":"standard","meta":{"_jetpack_newsletter_access":"","_jetpack_dont_email_post_to_subs":false,"_jetpack_newsletter_tier_id":0,"_jetpack_memberships_contains_paywalled_content":false,"_jetpack_memberships_contains_paid_content":false,"footnotes":""},"categories":[9286,15232],"tags":[15410,4917],"class_list":["post-76595","post","type-post","status-publish","format-standard","has-post-thumbnail","hentry","category-arte","category-festival","tag-festuris-gramado-2025","tag-junior-mosko"],"aioseo_notices":[],"views":459,"jetpack_featured_media_url":"http:\/\/jornalrol.com.br\/wp-content\/uploads\/2025\/11\/1762484539901.jpeg","jetpack_sharing_enabled":true,"jetpack_likes_enabled":true,"jetpack-related-posts":[{"id":72900,"url":"http:\/\/jornalrol.com.br\/?p=72900","url_meta":{"origin":76595,"position":0},"title":"Uma Noite em Hollywood","author":"Sergio Diniz da Costa","date":"14 de abril de 2025","format":false,"excerpt":"O Teatro Pedro Salom\u00e3o, em Sorocaba, foi palco de uma noite memor\u00e1vel no \u00faltimo s\u00e1bado (12), durante a 7\u00aa edi\u00e7\u00e3o do pr\u00eamio 'Uma Noite em Hollywood',","rel":"","context":"Em &quot;Arte&quot;","block_context":{"text":"Arte","link":"http:\/\/jornalrol.com.br\/?cat=9286"},"img":{"alt_text":"Junior Mosko -7\u00aa edi\u00e7\u00e3o do pr\u00eamio Uma Noite em Hollywood","src":"https:\/\/i0.wp.com\/jornalrol.com.br\/wp-content\/uploads\/2025\/04\/4929c1eb-d3b1-4c19-90ee-6f952ed146fc.jpg?resize=350%2C200","width":350,"height":200,"srcset":"https:\/\/i0.wp.com\/jornalrol.com.br\/wp-content\/uploads\/2025\/04\/4929c1eb-d3b1-4c19-90ee-6f952ed146fc.jpg?resize=350%2C200 1x, https:\/\/i0.wp.com\/jornalrol.com.br\/wp-content\/uploads\/2025\/04\/4929c1eb-d3b1-4c19-90ee-6f952ed146fc.jpg?resize=525%2C300 1.5x, https:\/\/i0.wp.com\/jornalrol.com.br\/wp-content\/uploads\/2025\/04\/4929c1eb-d3b1-4c19-90ee-6f952ed146fc.jpg?resize=700%2C400 2x, https:\/\/i0.wp.com\/jornalrol.com.br\/wp-content\/uploads\/2025\/04\/4929c1eb-d3b1-4c19-90ee-6f952ed146fc.jpg?resize=1050%2C600 3x, https:\/\/i0.wp.com\/jornalrol.com.br\/wp-content\/uploads\/2025\/04\/4929c1eb-d3b1-4c19-90ee-6f952ed146fc.jpg?resize=1400%2C800 4x"},"classes":[]},{"id":75706,"url":"http:\/\/jornalrol.com.br\/?p=75706","url_meta":{"origin":76595,"position":1},"title":"J\u00fanior Mosko Revela","author":"Sergio Diniz da Costa","date":"22 de setembro de 2025","format":false,"excerpt":"Na \u00faltima quinta-feira (18), o programa 'J\u00fanior Mosko Revela' deu in\u00edcio a mais uma temporada, celebrando 15 anos de sucesso. Reconhecido por sua linguagem...","rel":"","context":"Em &quot;Arte&quot;","block_context":{"text":"Arte","link":"http:\/\/jornalrol.com.br\/?cat=9286"},"img":{"alt_text":"'Programa J\u00fanior Mosko Revela' - Entrevista com Tereza Badini","src":"https:\/\/i0.wp.com\/jornalrol.com.br\/wp-content\/uploads\/2025\/09\/9b11410d-4341-4776-997e-cd9ef82bcbea.jpeg?resize=350%2C200","width":350,"height":200,"srcset":"https:\/\/i0.wp.com\/jornalrol.com.br\/wp-content\/uploads\/2025\/09\/9b11410d-4341-4776-997e-cd9ef82bcbea.jpeg?resize=350%2C200 1x, https:\/\/i0.wp.com\/jornalrol.com.br\/wp-content\/uploads\/2025\/09\/9b11410d-4341-4776-997e-cd9ef82bcbea.jpeg?resize=525%2C300 1.5x, https:\/\/i0.wp.com\/jornalrol.com.br\/wp-content\/uploads\/2025\/09\/9b11410d-4341-4776-997e-cd9ef82bcbea.jpeg?resize=700%2C400 2x, https:\/\/i0.wp.com\/jornalrol.com.br\/wp-content\/uploads\/2025\/09\/9b11410d-4341-4776-997e-cd9ef82bcbea.jpeg?resize=1050%2C600 3x"},"classes":[]},{"id":72405,"url":"http:\/\/jornalrol.com.br\/?p=72405","url_meta":{"origin":76595,"position":2},"title":"Associa\u00e7\u00e3o Fazer Arte empossa nova diretoria","author":"Sergio Diniz da Costa","date":"12 de mar\u00e7o de 2025","format":false,"excerpt":"No pr\u00f3ximo dia 15 de mar\u00e7o, a Associa\u00e7\u00e3o Fazer Arte\u2019, entidade criada em 2009 por J\u00fanior Mosko empossar\u00e1 a sua pr\u00f3xima diretoria para o bi\u00eanio 2025-2026","rel":"","context":"Em &quot;Arte&quot;","block_context":{"text":"Arte","link":"http:\/\/jornalrol.com.br\/?cat=9286"},"img":{"alt_text":"Junior Mosko","src":"https:\/\/i0.wp.com\/jornalrol.com.br\/wp-content\/uploads\/2025\/03\/0da1769c-a0bb-4cc8-b983-b87bede80bef.jpg?resize=350%2C200","width":350,"height":200},"classes":[]},{"id":72542,"url":"http:\/\/jornalrol.com.br\/?p=72542","url_meta":{"origin":76595,"position":3},"title":"Uma Noite em Hollywood","author":"Sergio Diniz da Costa","date":"21 de mar\u00e7o de 2025","format":false,"excerpt":"No dia 12 de abril, \u00e0s 19h30, o Teatro Pedro Sal\u00e3o ser\u00e1 palco de uma noite inesquec\u00edvel para os amantes das artes c\u00eanicas. A 7\u00aa edi\u00e7\u00e3o da premia\u00e7\u00e3o \u2018Uma...","rel":"","context":"Em &quot;Arte&quot;","block_context":{"text":"Arte","link":"http:\/\/jornalrol.com.br\/?cat=9286"},"img":{"alt_text":"Card da 7\u00aa edi\u00e7\u00e3o do pr\u00eamio 'Uma Noite em Hollywood'","src":"https:\/\/i0.wp.com\/jornalrol.com.br\/wp-content\/uploads\/2025\/03\/01e71dd6-e886-4fce-979b-3dbe1051b09e.jpg?resize=350%2C200","width":350,"height":200,"srcset":"https:\/\/i0.wp.com\/jornalrol.com.br\/wp-content\/uploads\/2025\/03\/01e71dd6-e886-4fce-979b-3dbe1051b09e.jpg?resize=350%2C200 1x, https:\/\/i0.wp.com\/jornalrol.com.br\/wp-content\/uploads\/2025\/03\/01e71dd6-e886-4fce-979b-3dbe1051b09e.jpg?resize=525%2C300 1.5x, https:\/\/i0.wp.com\/jornalrol.com.br\/wp-content\/uploads\/2025\/03\/01e71dd6-e886-4fce-979b-3dbe1051b09e.jpg?resize=700%2C400 2x"},"classes":[]},{"id":75939,"url":"http:\/\/jornalrol.com.br\/?p=75939","url_meta":{"origin":76595,"position":4},"title":"S\u00e1bado de espet\u00e1culos em Sorocaba","author":"Sergio Diniz da Costa","date":"29 de setembro de 2025","format":false,"excerpt":"No dia 27 de setembro (s\u00e1bado), Sorocaba viveu um dia extraordin\u00e1rio. J\u00fanior Mosko provou mais uma vez que, quando se trata de cultura, quem quer faz! Logo da Associa\u00e7\u00e3o Fazendo Arte Cena do espet\u00e1culo 'Tocando em Frente', dirigido por J\u00fanior Mosko - Foto por Ana Torres No dia 27 de\u2026","rel":"","context":"Em &quot;Arte&quot;","block_context":{"text":"Arte","link":"http:\/\/jornalrol.com.br\/?cat=9286"},"img":{"alt_text":"Cena do espet\u00e1culo 'Tocando em Frente' - Foto por Ana Torres","src":"https:\/\/i0.wp.com\/jornalrol.com.br\/wp-content\/uploads\/2025\/09\/7d8183f9-2aef-462e-b107-9070ff126b40.jpeg?resize=350%2C200","width":350,"height":200,"srcset":"https:\/\/i0.wp.com\/jornalrol.com.br\/wp-content\/uploads\/2025\/09\/7d8183f9-2aef-462e-b107-9070ff126b40.jpeg?resize=350%2C200 1x, https:\/\/i0.wp.com\/jornalrol.com.br\/wp-content\/uploads\/2025\/09\/7d8183f9-2aef-462e-b107-9070ff126b40.jpeg?resize=525%2C300 1.5x, https:\/\/i0.wp.com\/jornalrol.com.br\/wp-content\/uploads\/2025\/09\/7d8183f9-2aef-462e-b107-9070ff126b40.jpeg?resize=700%2C400 2x"},"classes":[]},{"id":75401,"url":"http:\/\/jornalrol.com.br\/?p=75401","url_meta":{"origin":76595,"position":5},"title":"Fazendo Arte","author":"Sergio Diniz da Costa","date":"8 de setembro de 2025","format":false,"excerpt":"A Associa\u00e7\u00e3o Fazendo Arte vem conquistando cada vez mais notoriedade e respeito pelo trabalho consistente que desenvolve no cen\u00e1rio cultural.","rel":"","context":"Em &quot;Arte&quot;","block_context":{"text":"Arte","link":"http:\/\/jornalrol.com.br\/?cat=9286"},"img":{"alt_text":"Logo da Associa\u00e7\u00e3o Fazendo Arte","src":"https:\/\/i0.wp.com\/jornalrol.com.br\/wp-content\/uploads\/2025\/09\/513863734_1401460732011034_403706770692737846_n.jpg?resize=350%2C200","width":350,"height":200,"srcset":"https:\/\/i0.wp.com\/jornalrol.com.br\/wp-content\/uploads\/2025\/09\/513863734_1401460732011034_403706770692737846_n.jpg?resize=350%2C200 1x, https:\/\/i0.wp.com\/jornalrol.com.br\/wp-content\/uploads\/2025\/09\/513863734_1401460732011034_403706770692737846_n.jpg?resize=525%2C300 1.5x"},"classes":[]}],"_links":{"self":[{"href":"http:\/\/jornalrol.com.br\/index.php?rest_route=\/wp\/v2\/posts\/76595","targetHints":{"allow":["GET"]}}],"collection":[{"href":"http:\/\/jornalrol.com.br\/index.php?rest_route=\/wp\/v2\/posts"}],"about":[{"href":"http:\/\/jornalrol.com.br\/index.php?rest_route=\/wp\/v2\/types\/post"}],"author":[{"embeddable":true,"href":"http:\/\/jornalrol.com.br\/index.php?rest_route=\/wp\/v2\/users\/6"}],"replies":[{"embeddable":true,"href":"http:\/\/jornalrol.com.br\/index.php?rest_route=%2Fwp%2Fv2%2Fcomments&post=76595"}],"version-history":[{"count":2,"href":"http:\/\/jornalrol.com.br\/index.php?rest_route=\/wp\/v2\/posts\/76595\/revisions"}],"predecessor-version":[{"id":76600,"href":"http:\/\/jornalrol.com.br\/index.php?rest_route=\/wp\/v2\/posts\/76595\/revisions\/76600"}],"wp:featuredmedia":[{"embeddable":true,"href":"http:\/\/jornalrol.com.br\/index.php?rest_route=\/wp\/v2\/media\/76596"}],"wp:attachment":[{"href":"http:\/\/jornalrol.com.br\/index.php?rest_route=%2Fwp%2Fv2%2Fmedia&parent=76595"}],"wp:term":[{"taxonomy":"category","embeddable":true,"href":"http:\/\/jornalrol.com.br\/index.php?rest_route=%2Fwp%2Fv2%2Fcategories&post=76595"},{"taxonomy":"post_tag","embeddable":true,"href":"http:\/\/jornalrol.com.br\/index.php?rest_route=%2Fwp%2Fv2%2Ftags&post=76595"}],"curies":[{"name":"wp","href":"https:\/\/api.w.org\/{rel}","templated":true}]}}