{"id":76684,"date":"2025-11-11T15:15:53","date_gmt":"2025-11-11T18:15:53","guid":{"rendered":"https:\/\/jornalrol.com.br\/?p=76684"},"modified":"2025-11-11T15:17:52","modified_gmt":"2025-11-11T18:17:52","slug":"coletanea-pedagogica","status":"publish","type":"post","link":"http:\/\/jornalrol.com.br\/?p=76684","title":{"rendered":"Colet\u00e2nea Pedag\u00f3gica"},"content":{"rendered":"<div class=\"pdfprnt-buttons pdfprnt-buttons-post pdfprnt-top-right\"><a href=\"http:\/\/jornalrol.com.br\/index.php?rest_route=%2Fwp%2Fv2%2Fposts%2F76684&print=pdf\" class=\"pdfprnt-button pdfprnt-button-pdf\" target=\"_blank\" ><\/a><a href=\"http:\/\/jornalrol.com.br\/index.php?rest_route=%2Fwp%2Fv2%2Fposts%2F76684&print=print\" class=\"pdfprnt-button pdfprnt-button-print\" target=\"_blank\" ><img decoding=\"async\" src=\"https:\/\/jornalrol.com.br\/wp-content\/plugins\/pdf-print\/images\/print.png\" alt=\"image_print\" title=\"Conte\u00fado de impress\u00e3o\" \/><\/a><\/div>\n<h2 class=\"wp-block-heading has-text-align-center\">Colet\u00e2nea Pedag\u00f3gica destaca a arte como linguagem transformadora na forma\u00e7\u00e3o docente<br><br><\/h2>\n\n\n<div class=\"wp-block-image\">\n<figure class=\"aligncenter size-full is-resized\"><img loading=\"lazy\" decoding=\"async\" width=\"1530\" height=\"1530\" data-attachment-id=\"76685\" data-permalink=\"http:\/\/jornalrol.com.br\/?attachment_id=76685\" data-orig-file=\"http:\/\/jornalrol.com.br\/wp-content\/uploads\/2025\/11\/0b5af018-badc-431a-933c-c2c317ab109a.jpeg\" data-orig-size=\"1530,1530\" data-comments-opened=\"1\" data-image-meta=\"{&quot;aperture&quot;:&quot;0&quot;,&quot;credit&quot;:&quot;&quot;,&quot;camera&quot;:&quot;&quot;,&quot;caption&quot;:&quot;&quot;,&quot;created_timestamp&quot;:&quot;0&quot;,&quot;copyright&quot;:&quot;&quot;,&quot;focal_length&quot;:&quot;0&quot;,&quot;iso&quot;:&quot;0&quot;,&quot;shutter_speed&quot;:&quot;0&quot;,&quot;title&quot;:&quot;&quot;,&quot;orientation&quot;:&quot;0&quot;}\" data-image-title=\"0b5af018-badc-431a-933c-c2c317ab109a\" data-image-description=\"\" data-image-caption=\"\" data-large-file=\"http:\/\/jornalrol.com.br\/wp-content\/uploads\/2025\/11\/0b5af018-badc-431a-933c-c2c317ab109a.jpeg\" src=\"https:\/\/jornalrol.com.br\/wp-content\/uploads\/2025\/11\/0b5af018-badc-431a-933c-c2c317ab109a.jpeg\" alt=\"Card da Colet\u00e2nea Pedag\u00f3gica - Vol. 1\" class=\"wp-image-76685\" style=\"width:360px;height:auto\" srcset=\"http:\/\/jornalrol.com.br\/wp-content\/uploads\/2025\/11\/0b5af018-badc-431a-933c-c2c317ab109a.jpeg 1530w, http:\/\/jornalrol.com.br\/wp-content\/uploads\/2025\/11\/0b5af018-badc-431a-933c-c2c317ab109a-1200x1200.jpeg 1200w, http:\/\/jornalrol.com.br\/wp-content\/uploads\/2025\/11\/0b5af018-badc-431a-933c-c2c317ab109a-600x600.jpeg 600w, http:\/\/jornalrol.com.br\/wp-content\/uploads\/2025\/11\/0b5af018-badc-431a-933c-c2c317ab109a-768x768.jpeg 768w\" sizes=\"auto, (max-width: 1530px) 100vw, 1530px\" \/><figcaption class=\"wp-element-caption\"><em>Card da Colet\u00e2nea Pedag\u00f3gica &#8211; Vol. 1<\/em><\/figcaption><\/figure>\n<\/div>\n\n\n<p class=\"has-drop-cap\">Obra re\u00fane produ\u00e7\u00f5es de alunos de Pedagogia da FAF e prop\u00f5e uma nova vis\u00e3o sobre o ensino da arte na Educa\u00e7\u00e3o Infantil.<\/p>\n\n\n\n<p>A Editora Gotland lan\u00e7a o volume 01 da <strong>Colet\u00e2nea Pedag\u00f3gica: Entre Cores e Letras<\/strong> <strong>\u2013 A Pedagogia da Express\u00e3o<\/strong>, resultado de um projeto educativo desenvolvido com os alunos do curso de Pedagogia da Faculdade do Futuro (FAF), sob coordena\u00e7\u00e3o do professor Fabr\u00edcio Santos, tamb\u00e9m editor-chefe da publica\u00e7\u00e3o.<\/p>\n\n\n\n<p>A colet\u00e2nea apresenta textos autorais e planos de aula voltados para o ensino da arte na Educa\u00e7\u00e3o Infantil, propondo abordagens criativas, afetivas e inclusivas para o trabalho pedag\u00f3gico. A obra \u00e9 fruto das atividades desenvolvidas na disciplina &#8216;Ensino da Arte&#8217;, e revela como a arte pode ser instrumento de forma\u00e7\u00e3o sens\u00edvel, cr\u00edtica e transformadora.<\/p>\n\n\n\n<blockquote class=\"wp-block-quote is-layout-flow wp-block-quote-is-layout-flow\">\n<p>\u201cMais do que uma colet\u00e2nea, este livro \u00e9 um manifesto art\u00edstico-pedag\u00f3gico que celebra o encontro entre est\u00e9tica e educa\u00e7\u00e3o, entre teoria e pr\u00e1tica, entre o sentir e o saber\u201d, afirma o professor Fabr\u00edcio Santos.<\/p>\n<\/blockquote>\n\n\n\n<p>Com linguagem acess\u00edvel e conte\u00fado pr\u00e1tico, o livro convida \u00e0 reflex\u00e3o sobre a import\u00e2ncia da express\u00e3o art\u00edstica na forma\u00e7\u00e3o dos futuros professores, valorizando o olhar, a escuta e a criatividade como elementos essenciais no processo de ensinar e aprender.<\/p>\n\n\n\n<p>A publica\u00e7\u00e3o marca o in\u00edcio de uma s\u00e9rie de volumes que pretendem registrar e difundir experi\u00eancias pedag\u00f3gicas inovadoras, fortalecendo o di\u00e1logo entre universidade e pr\u00e1ticas educacionais humanizadas.<\/p>\n\n\n\n<h3 class=\"wp-block-heading has-text-align-center\"><br>Comendador Fabr\u00edcio Santos<\/h3>\n\n\n\n<div class=\"wp-block-columns is-layout-flex wp-container-core-columns-is-layout-9d6595d7 wp-block-columns-is-layout-flex\">\n<div class=\"wp-block-column is-layout-flow wp-block-column-is-layout-flow\">\n<h3 class=\"wp-block-heading has-text-align-center has-electric-grass-gradient-background has-background\"><a href=\"https:\/\/www.facebook.com\/profile.php?id=100010211598542&amp;locale=pt_BR\" target=\"_blank\" rel=\"noopener\" title=\"Facebook\">Facebook<\/a><\/h3>\n<\/div>\n\n\n\n<div class=\"wp-block-column is-layout-flow wp-block-column-is-layout-flow\">\n<h3 class=\"wp-block-heading has-text-align-center has-electric-grass-gradient-background has-background\"><a href=\"https:\/\/www.instagram.com\/fabriciosantos.arth\/\" title=\"Instagram\">Instagram<\/a><\/h3>\n<\/div>\n<\/div>\n\n\n\n<p><a href=\"http:\/\/jornalrol.com.br\/\" title=\"Voltar\">Voltar<\/a><\/p>\n\n\n\n<p><a href=\"https:\/\/www.facebook.com\/JCulturalrol\/\" title=\"Facebook\">Facebook<\/a><\/p>\n","protected":false},"excerpt":{"rendered":"<p>Obra re\u00fane produ\u00e7\u00f5es de alunos de Pedagogia da FAF e prop\u00f5e uma nova vis\u00e3o sobre o ensino da arte na Educa\u00e7\u00e3o Infantil. A Editora Gotland lan\u00e7a o Volume 01&#8230;<\/p>\n","protected":false},"author":129,"featured_media":76685,"comment_status":"open","ping_status":"closed","sticky":false,"template":"","format":"standard","meta":{"_jetpack_newsletter_access":"","_jetpack_dont_email_post_to_subs":false,"_jetpack_newsletter_tier_id":0,"_jetpack_memberships_contains_paywalled_content":false,"_jetpack_memberships_contains_paid_content":false,"footnotes":""},"categories":[9282,9285],"tags":[15452],"class_list":["post-76684","post","type-post","status-publish","format-standard","has-post-thumbnail","hentry","category-antologia","category-literatura","tag-coletanea-pedagogica-entre-cores-e-letras"],"aioseo_notices":[],"views":297,"jetpack_featured_media_url":"http:\/\/jornalrol.com.br\/wp-content\/uploads\/2025\/11\/0b5af018-badc-431a-933c-c2c317ab109a.jpeg","jetpack_sharing_enabled":true,"jetpack_likes_enabled":true,"jetpack-related-posts":[{"id":9638,"url":"http:\/\/jornalrol.com.br\/?p=9638","url_meta":{"origin":76684,"position":0},"title":"Obra fala sobre o problema da falta de Literatura no ensino","author":"Helio Rubens","date":"21 de abril de 2017","format":false,"excerpt":"A LITERATURA INFANTIL E JUVENIL E SUAS M\u00daLTIPLAS ABORDAGENS A leitura \u00e9 algo muito importante para o desenvolvimento de uma crian\u00e7a e adolescente. Infelizmente, no Brasil, o mais comum \u00e9 a falta dessa leitura, e as pessoas crescem sem ter muito contato com a literatura. Pensando nisso Thiago Lauriti organizou\u2026","rel":"","context":"Em &quot;Comunica\u00e7\u00e3o&quot;","block_context":{"text":"Comunica\u00e7\u00e3o","link":"http:\/\/jornalrol.com.br\/?cat=7"},"img":{"alt_text":"","src":"https:\/\/i0.wp.com\/www.jornalrol.com.br\/wp-content\/uploads\/2017\/04\/Literatura.jpg?resize=350%2C200","width":350,"height":200},"classes":[]},{"id":77049,"url":"http:\/\/jornalrol.com.br\/?p=77049","url_meta":{"origin":76684,"position":1},"title":"Uma noite inesquec\u00edvel em Manhua\u00e7u!","author":"Sergio Diniz da Costa","date":"3 de dezembro de 2025","format":false,"excerpt":"No dia 01\/12\/2025, o segundo pavimento da Rodovi\u00e1ria foi palco do lan\u00e7amento do e-book Entre Cores e Letras: A Pedagogia da Express\u00e3o, organizado pelo...","rel":"","context":"Em &quot;lan\u00e7amentos&quot;","block_context":{"text":"lan\u00e7amentos","link":"http:\/\/jornalrol.com.br\/?cat=9462"},"img":{"alt_text":"Lan\u00e7amento do e-book\u00a0Entre Cores e Letras\u00a0em Manhua\u00e7u","src":"https:\/\/i0.wp.com\/jornalrol.com.br\/wp-content\/uploads\/2025\/12\/ebook-fabricio-santos-manhuacu.jpg?resize=350%2C200","width":350,"height":200,"srcset":"https:\/\/i0.wp.com\/jornalrol.com.br\/wp-content\/uploads\/2025\/12\/ebook-fabricio-santos-manhuacu.jpg?resize=350%2C200 1x, https:\/\/i0.wp.com\/jornalrol.com.br\/wp-content\/uploads\/2025\/12\/ebook-fabricio-santos-manhuacu.jpg?resize=525%2C300 1.5x, https:\/\/i0.wp.com\/jornalrol.com.br\/wp-content\/uploads\/2025\/12\/ebook-fabricio-santos-manhuacu.jpg?resize=700%2C400 2x"},"classes":[]},{"id":37034,"url":"http:\/\/jornalrol.com.br\/?p=37034","url_meta":{"origin":76684,"position":2},"title":"Editora M\u00e1gico de Oz lan\u00e7a a Colet\u00e2nea &#039;Um pouco de mim, um muito de vida: Textos escolhidos pelo autor.&#039;","author":"Sergio Diniz da Costa","date":"25 de janeiro de 2021","format":false,"excerpt":"A editora M\u00e1gico de Oz escolheu sua obra de maior sucesso para fazer a segunda edi\u00e7\u00e3o Considerada sua maior obra, a Editora M\u00e1gico de Oz lan\u00e7a a segunda edi\u00e7\u00e3o da Colet\u00e2nea 'Um pouco de mim, um muito de vida: Textos escolhidos pelo autor', organizada por J\u00e9ssica Spinelli. \u269c\ufe0f Sobre a\u2026","rel":"","context":"Em &quot;Comunica\u00e7\u00e3o&quot;","block_context":{"text":"Comunica\u00e7\u00e3o","link":"http:\/\/jornalrol.com.br\/?cat=7"},"img":{"alt_text":"","src":"https:\/\/i0.wp.com\/jornalrol.com.br\/wp-content\/uploads\/2021\/01\/IMG-20210125-WA0032-1.jpg?resize=350%2C200","width":350,"height":200,"srcset":"https:\/\/i0.wp.com\/jornalrol.com.br\/wp-content\/uploads\/2021\/01\/IMG-20210125-WA0032-1.jpg?resize=350%2C200 1x, https:\/\/i0.wp.com\/jornalrol.com.br\/wp-content\/uploads\/2021\/01\/IMG-20210125-WA0032-1.jpg?resize=525%2C300 1.5x, https:\/\/i0.wp.com\/jornalrol.com.br\/wp-content\/uploads\/2021\/01\/IMG-20210125-WA0032-1.jpg?resize=700%2C400 2x, https:\/\/i0.wp.com\/jornalrol.com.br\/wp-content\/uploads\/2021\/01\/IMG-20210125-WA0032-1.jpg?resize=1050%2C600 3x"},"classes":[]},{"id":77704,"url":"http:\/\/jornalrol.com.br\/?p=77704","url_meta":{"origin":76684,"position":3},"title":"A Educa\u00e7\u00e3o Escolar","author":"Mateus Passagem Pinto","date":"7 de janeiro de 2026","format":false,"excerpt":"A educa\u00e7\u00e3o consiste na transmiss\u00e3o de saberes das gera\u00e7\u00f5es adultas \u00e0s gera\u00e7\u00f5es mais novas, configurando-se, em termos gerais, como um processo de liberta\u00e7\u00e3o...","rel":"","context":"Em &quot;artigos&quot;","block_context":{"text":"artigos","link":"http:\/\/jornalrol.com.br\/?cat=9398"},"img":{"alt_text":"Mateus Pinto - H\u00e1nji Kiami","src":"https:\/\/i0.wp.com\/jornalrol.com.br\/wp-content\/uploads\/2024\/07\/kin-2.jpg?resize=350%2C200","width":350,"height":200,"srcset":"https:\/\/i0.wp.com\/jornalrol.com.br\/wp-content\/uploads\/2024\/07\/kin-2.jpg?resize=350%2C200 1x, https:\/\/i0.wp.com\/jornalrol.com.br\/wp-content\/uploads\/2024\/07\/kin-2.jpg?resize=525%2C300 1.5x, https:\/\/i0.wp.com\/jornalrol.com.br\/wp-content\/uploads\/2024\/07\/kin-2.jpg?resize=700%2C400 2x"},"classes":[]},{"id":54219,"url":"http:\/\/jornalrol.com.br\/?p=54219","url_meta":{"origin":76684,"position":4},"title":"Resgate dos Amantes Liter\u00e1rios &#8211; REAL lan\u00e7a a colet\u00e2nea \u2018N\u00f3s, Apaixonar-se \u00e9 Preciso!\u2019","author":"Sergio Diniz da Costa","date":"22 de mar\u00e7o de 2023","format":false,"excerpt":"As inscri\u00e7\u00f5es iniciam no dia 01 de abril de 2023 e terminam no dia 31 de maio de 2023, podendo ser prorrogadas ou encerradas a crit\u00e9rio dos organizadores, com o preenchimento das 60 vagas \u201cEducar para a felicidade \u00e9 educar para os sonhos, eliminar a sociedade consumista e nascer uma\u2026","rel":"","context":"Em &quot;Sem categoria&quot;","block_context":{"text":"Sem categoria","link":"http:\/\/jornalrol.com.br\/?cat=1"},"img":{"alt_text":"","src":"https:\/\/i0.wp.com\/jornalrol.com.br\/wp-content\/uploads\/2023\/03\/bca05ce9-1944-41d9-a1bf-ca1b60093c07.jpg?resize=350%2C200","width":350,"height":200,"srcset":"https:\/\/i0.wp.com\/jornalrol.com.br\/wp-content\/uploads\/2023\/03\/bca05ce9-1944-41d9-a1bf-ca1b60093c07.jpg?resize=350%2C200 1x, https:\/\/i0.wp.com\/jornalrol.com.br\/wp-content\/uploads\/2023\/03\/bca05ce9-1944-41d9-a1bf-ca1b60093c07.jpg?resize=525%2C300 1.5x, https:\/\/i0.wp.com\/jornalrol.com.br\/wp-content\/uploads\/2023\/03\/bca05ce9-1944-41d9-a1bf-ca1b60093c07.jpg?resize=700%2C400 2x, https:\/\/i0.wp.com\/jornalrol.com.br\/wp-content\/uploads\/2023\/03\/bca05ce9-1944-41d9-a1bf-ca1b60093c07.jpg?resize=1050%2C600 3x"},"classes":[]},{"id":76034,"url":"http:\/\/jornalrol.com.br\/?p=76034","url_meta":{"origin":76684,"position":5},"title":"O teatro numa perspectiva pedag\u00f3gica","author":"Sergio Diniz da Costa","date":"6 de outubro de 2025","format":false,"excerpt":"Cia Cria Mundos de Teatro promove a palestra 'O teatro numa perspectiva pedag\u00f3gica, como a\u00e7\u00e3o cultural na regi\u00e3o', que ser\u00e1 ministrada por Guto Carvalho","rel":"","context":"Em &quot;Arte&quot;","block_context":{"text":"Arte","link":"http:\/\/jornalrol.com.br\/?cat=9286"},"img":{"alt_text":"Guto Carvalho","src":"https:\/\/i0.wp.com\/jornalrol.com.br\/wp-content\/uploads\/2025\/10\/WhatsApp-Image-2025-10-02-at-11.04.16.jpeg?resize=350%2C200","width":350,"height":200,"srcset":"https:\/\/i0.wp.com\/jornalrol.com.br\/wp-content\/uploads\/2025\/10\/WhatsApp-Image-2025-10-02-at-11.04.16.jpeg?resize=350%2C200 1x, https:\/\/i0.wp.com\/jornalrol.com.br\/wp-content\/uploads\/2025\/10\/WhatsApp-Image-2025-10-02-at-11.04.16.jpeg?resize=525%2C300 1.5x, https:\/\/i0.wp.com\/jornalrol.com.br\/wp-content\/uploads\/2025\/10\/WhatsApp-Image-2025-10-02-at-11.04.16.jpeg?resize=700%2C400 2x, https:\/\/i0.wp.com\/jornalrol.com.br\/wp-content\/uploads\/2025\/10\/WhatsApp-Image-2025-10-02-at-11.04.16.jpeg?resize=1050%2C600 3x"},"classes":[]}],"_links":{"self":[{"href":"http:\/\/jornalrol.com.br\/index.php?rest_route=\/wp\/v2\/posts\/76684","targetHints":{"allow":["GET"]}}],"collection":[{"href":"http:\/\/jornalrol.com.br\/index.php?rest_route=\/wp\/v2\/posts"}],"about":[{"href":"http:\/\/jornalrol.com.br\/index.php?rest_route=\/wp\/v2\/types\/post"}],"author":[{"embeddable":true,"href":"http:\/\/jornalrol.com.br\/index.php?rest_route=\/wp\/v2\/users\/129"}],"replies":[{"embeddable":true,"href":"http:\/\/jornalrol.com.br\/index.php?rest_route=%2Fwp%2Fv2%2Fcomments&post=76684"}],"version-history":[{"count":2,"href":"http:\/\/jornalrol.com.br\/index.php?rest_route=\/wp\/v2\/posts\/76684\/revisions"}],"predecessor-version":[{"id":76687,"href":"http:\/\/jornalrol.com.br\/index.php?rest_route=\/wp\/v2\/posts\/76684\/revisions\/76687"}],"wp:featuredmedia":[{"embeddable":true,"href":"http:\/\/jornalrol.com.br\/index.php?rest_route=\/wp\/v2\/media\/76685"}],"wp:attachment":[{"href":"http:\/\/jornalrol.com.br\/index.php?rest_route=%2Fwp%2Fv2%2Fmedia&parent=76684"}],"wp:term":[{"taxonomy":"category","embeddable":true,"href":"http:\/\/jornalrol.com.br\/index.php?rest_route=%2Fwp%2Fv2%2Fcategories&post=76684"},{"taxonomy":"post_tag","embeddable":true,"href":"http:\/\/jornalrol.com.br\/index.php?rest_route=%2Fwp%2Fv2%2Ftags&post=76684"}],"curies":[{"name":"wp","href":"https:\/\/api.w.org\/{rel}","templated":true}]}}