{"id":77017,"date":"2025-12-01T13:55:16","date_gmt":"2025-12-01T16:55:16","guid":{"rendered":"https:\/\/jornalrol.com.br\/?p=77017"},"modified":"2025-12-01T13:55:31","modified_gmt":"2025-12-01T16:55:31","slug":"o-natal-iluminado-da-vekinha","status":"publish","type":"post","link":"http:\/\/jornalrol.com.br\/?p=77017","title":{"rendered":"O Natal iluminado da Vekinha"},"content":{"rendered":"<div class=\"pdfprnt-buttons pdfprnt-buttons-post pdfprnt-top-right\"><a href=\"http:\/\/jornalrol.com.br\/index.php?rest_route=%2Fwp%2Fv2%2Fposts%2F77017&print=pdf\" class=\"pdfprnt-button pdfprnt-button-pdf\" target=\"_blank\" ><\/a><a href=\"http:\/\/jornalrol.com.br\/index.php?rest_route=%2Fwp%2Fv2%2Fposts%2F77017&print=print\" class=\"pdfprnt-button pdfprnt-button-print\" target=\"_blank\" ><img decoding=\"async\" src=\"https:\/\/jornalrol.com.br\/wp-content\/plugins\/pdf-print\/images\/print.png\" alt=\"image_print\" title=\"Conte\u00fado de impress\u00e3o\" \/><\/a><\/div>\n<h2 class=\"wp-block-heading has-text-align-center\">Ver\u00f4nica Moreira<br><br> Conto infantil &#8216;O Natal iluminado da Vekinha&#8217;<br><br><\/h2>\n\n\n<div class=\"wp-block-image is-style-rounded\">\n<figure class=\"aligncenter size-full is-resized\"><img loading=\"lazy\" decoding=\"async\" width=\"1280\" height=\"1600\" data-attachment-id=\"66919\" data-permalink=\"http:\/\/jornalrol.com.br\/?attachment_id=66919\" data-orig-file=\"http:\/\/jornalrol.com.br\/wp-content\/uploads\/2024\/05\/2ed3efa2-e49b-4316-aee4-362a2f1d03b2-2.jpg\" data-orig-size=\"1280,1600\" data-comments-opened=\"1\" data-image-meta=\"{&quot;aperture&quot;:&quot;0&quot;,&quot;credit&quot;:&quot;&quot;,&quot;camera&quot;:&quot;&quot;,&quot;caption&quot;:&quot;&quot;,&quot;created_timestamp&quot;:&quot;0&quot;,&quot;copyright&quot;:&quot;&quot;,&quot;focal_length&quot;:&quot;0&quot;,&quot;iso&quot;:&quot;0&quot;,&quot;shutter_speed&quot;:&quot;0&quot;,&quot;title&quot;:&quot;&quot;,&quot;orientation&quot;:&quot;0&quot;}\" data-image-title=\"2ed3efa2-e49b-4316-aee4-362a2f1d03b2-2\" data-image-description=\"&lt;p&gt;Ver\u00f4nica Moreira&lt;\/p&gt;\n\" data-image-caption=\"&lt;p&gt;Ver\u00f4nica Moreira&lt;\/p&gt;\n\" data-large-file=\"http:\/\/jornalrol.com.br\/wp-content\/uploads\/2024\/05\/2ed3efa2-e49b-4316-aee4-362a2f1d03b2-2.jpg\" src=\"http:\/\/jornalrol.com.br\/wp-content\/uploads\/2024\/05\/2ed3efa2-e49b-4316-aee4-362a2f1d03b2-2.jpg\" alt=\"Ver\u00f4nica Moreira\" class=\"wp-image-66919\" style=\"width:132px;height:auto\" srcset=\"http:\/\/jornalrol.com.br\/wp-content\/uploads\/2024\/05\/2ed3efa2-e49b-4316-aee4-362a2f1d03b2-2.jpg 1280w, http:\/\/jornalrol.com.br\/wp-content\/uploads\/2024\/05\/2ed3efa2-e49b-4316-aee4-362a2f1d03b2-2-960x1200.jpg 960w, http:\/\/jornalrol.com.br\/wp-content\/uploads\/2024\/05\/2ed3efa2-e49b-4316-aee4-362a2f1d03b2-2-768x960.jpg 768w, http:\/\/jornalrol.com.br\/wp-content\/uploads\/2024\/05\/2ed3efa2-e49b-4316-aee4-362a2f1d03b2-2-1229x1536.jpg 1229w\" sizes=\"auto, (max-width: 1280px) 100vw, 1280px\" \/><figcaption class=\"wp-element-caption\">Ver\u00f4nica Moreira<\/figcaption><\/figure>\n<\/div>\n\n<div class=\"wp-block-image\">\n<figure class=\"aligncenter size-full is-resized\"><img loading=\"lazy\" decoding=\"async\" width=\"1024\" height=\"1536\" data-attachment-id=\"77018\" data-permalink=\"http:\/\/jornalrol.com.br\/?attachment_id=77018\" data-orig-file=\"http:\/\/jornalrol.com.br\/wp-content\/uploads\/2025\/12\/c1197913-74b6-4189-a0b9-5bce03717d13.jpg\" data-orig-size=\"1024,1536\" data-comments-opened=\"1\" data-image-meta=\"{&quot;aperture&quot;:&quot;0&quot;,&quot;credit&quot;:&quot;&quot;,&quot;camera&quot;:&quot;&quot;,&quot;caption&quot;:&quot;&quot;,&quot;created_timestamp&quot;:&quot;0&quot;,&quot;copyright&quot;:&quot;&quot;,&quot;focal_length&quot;:&quot;0&quot;,&quot;iso&quot;:&quot;0&quot;,&quot;shutter_speed&quot;:&quot;0&quot;,&quot;title&quot;:&quot;&quot;,&quot;orientation&quot;:&quot;0&quot;}\" data-image-title=\"c1197913-74b6-4189-a0b9-5bce03717d13\" data-image-description=\"\" data-image-caption=\"\" data-large-file=\"http:\/\/jornalrol.com.br\/wp-content\/uploads\/2025\/12\/c1197913-74b6-4189-a0b9-5bce03717d13.jpg\" src=\"https:\/\/jornalrol.com.br\/wp-content\/uploads\/2025\/12\/c1197913-74b6-4189-a0b9-5bce03717d13.jpg\" alt=\"\" class=\"wp-image-77018\" style=\"width:308px;height:auto\" srcset=\"http:\/\/jornalrol.com.br\/wp-content\/uploads\/2025\/12\/c1197913-74b6-4189-a0b9-5bce03717d13.jpg 1024w, http:\/\/jornalrol.com.br\/wp-content\/uploads\/2025\/12\/c1197913-74b6-4189-a0b9-5bce03717d13-800x1200.jpg 800w, http:\/\/jornalrol.com.br\/wp-content\/uploads\/2025\/12\/c1197913-74b6-4189-a0b9-5bce03717d13-768x1152.jpg 768w\" sizes=\"auto, (max-width: 1024px) 100vw, 1024px\" \/><figcaption class=\"wp-element-caption\"><em>Conto infantil &#8216;O Natal iluminado da Vekinha&#8217;<\/em><\/figcaption><\/figure>\n<\/div>\n\n\n<p class=\"has-drop-cap\">Era uma vez, na amada Rua do Sapo \u2014 cercada por cafezais, mangueirais e um perfume doce de terra molhada \u2014 que a pequena Vekinha aguardava ansiosa pela noite de Natal.<\/p>\n\n\n\n<p>Ela sabia que aquela data celebrava o nascimento do Menino Jesus, e seu cora\u00e7\u00e3o se enchia de ternura cada vez que ouvia a hist\u00f3ria da estrela que guiou os tr\u00eas reis magos at\u00e9 a manjedoura. Para Vekinha, o Natal era mais do que presentes: era o momento m\u00e1gico em que a fam\u00edlia se aproximava um pouco mais, depois de um ano inteiro de muito trabalho.<\/p>\n\n\n\n<p>Quando dezembro chegava, tios, primos, av\u00f3s e vizinhos passavam a andar mais devagar, como se o esp\u00edrito natalino soprado pelo vento lembrasse a todos que nascer \u2014 assim como Jesus nasceu \u2014 \u00e9 sempre motivo para comemorar.<\/p>\n\n\n\n<p>E Vekinha amava comemorar. Amava ainda mais fazer as pessoas sorrirem.<\/p>\n\n\n\n<p>Por isso, naquela tarde serena, ela escreveu uma carta para o Papai Noel. Acreditava, do fundo do cora\u00e7\u00e3o, que o bom velhinho era uma forma carinhosa do Papai do C\u00e9u visitar as crian\u00e7as. E por isso fez seus pedidos com toda a pureza do mundo.<\/p>\n\n\n\n<p><strong>A carta de Vekinha<\/strong><\/p>\n\n\n\n<p>\u201cQuerido Papai Noel,<\/p>\n\n\n\n<p>Nesta v\u00e9spera de Natal, eu gostaria de pedir um presente especial. Mas n\u00e3o quero escolher \u2014 quero surpresa! Um presente que me fa\u00e7a muito feliz.<\/p>\n\n\n\n<p>N\u00e3o tenho lista\u2026 Na verdade, s\u00f3 preciso que o senhor traga minha fam\u00edlia inteira para alegrar o meu Natal. Que meus tios, priminhos e meus irm\u00e3os estejam todos comigo.<\/p>\n\n\n\n<p>Queria que a vov\u00f3 Cirene trouxesse doce de leite, cocada e p\u00e9 de moleque. Que a tia Tonha trouxesse rapadura e fizesse puxa-puxa para todos n\u00f3s.<\/p>\n\n\n\n<p>Queria tamb\u00e9m que a mam\u00e3e preparasse quibe cru, porque nunca pode faltar, j\u00e1 que n\u00e3o temos dinheiro para comprar peru.<\/p>\n\n\n\n<p>Ah, e eu queria tanto tomar Guaran\u00e1 Antarctica\u2026 o senhor sabe o quanto eu amo Guaran\u00e1.<br>Acho que pedi tudo. Mas, se eu tiver esquecido de alguma coisa, sei que o senhor conhece meu cora\u00e7\u00e3o.<br>Ah, Papai Noel, preciso lhe contar uma coisa incr\u00edvel\u2026<\/p>\n\n\n\n<p>Este ano nossa cidade recebeu um presente especial! Nosso prefeito, Dr. Giovanni, buscou recursos e, com a ajuda dos artistas e moradores, deixou a cidade inteira iluminada. A mam\u00e3e e o papai prometeram nos levar para conhecer sua casinha de Noel.<\/p>\n\n\n\n<p>Dizem que o coreto tem um tren\u00f3 enorme e que o senhor est\u00e1 l\u00e1, esperando o momento certo de espalhar presentes e amor por toda a cidade!<\/p>\n\n\n\n<p>Meu tio Jadir comprou alguns presentes para n\u00f3s, e sei que ser\u00e1 algo muito especial. Ele sempre acerta.<br>Termino pedindo que todas as crian\u00e7as da nossa cidade \u2014 e do mundo \u2014 sejam muito amadas.<br>At\u00e9 o Natal, espero tirar uma foto no seu tren\u00f3.<\/p>\n\n\n\n<p>Abra\u00e7o da Vekinha.\u201d<\/p>\n\n\n\n<p>Ao terminar a carta, Vekinha correu para a sala, radiante. J\u00e1 imaginava como seria a pra\u00e7a iluminada. Mal podia esperar para ver tudo de perto!<\/p>\n\n\n\n<p>\u2014 Mam\u00e3e, vamos agora? Eu t\u00f4 t\u00e3o ansiosa! \u2014 disse, quase pulando.<\/p>\n\n\n\n<p>A m\u00e3e sorriu e perguntou:<\/p>\n\n\n\n<p>\u2014 Filha, o que voc\u00ea gostaria de ganhar neste Natal?<\/p>\n\n\n\n<p>\u2014 Ah, mam\u00e3e\u2026 \u00e9 segredo! J\u00e1 contei tudo para o Papai Noel. Deixei a carta no meu sapatinho, na janela, como o papai ensinou.<\/p>\n\n\n\n<p>Dona Concei\u00e7\u00e3o ficou curiosa, mas respeitou o mist\u00e9rio, sabendo que o papai tamb\u00e9m esperava o momento certo para espiar aquela cartinha cheia de amor.<\/p>\n\n\n\n<p>Naquela noite, a fam\u00edlia inteira saiu para ver a cidade iluminada. A pra\u00e7a estava m\u00e1gica, brilhante como nunca antes. Havia renas, bonecos de neve, carinhas simp\u00e1ticas, um bal\u00e3o para fotos e o grande pres\u00e9pio, onde Vekinha fez uma pequena ora\u00e7\u00e3o ao ver Jos\u00e9, Maria e o Menino Jesus na manjedoura.<\/p>\n\n\n\n<p>O tren\u00f3 no coreto parecia ter vindo diretamente do Polo Norte. Fot\u00f3grafos ajudavam as fam\u00edlias a registrarem a magia para sempre. Caratinga estava t\u00e3o linda que at\u00e9 turistas vieram de longe para ver o brilho daquele Natal.<\/p>\n\n\n\n<p>Depois de caminhar encantada, a fam\u00edlia tomou um lanche no Bob\u2019s e voltou para casa, com o cora\u00e7\u00e3o feliz e a alma leve.<\/p>\n\n\n\n<p><strong>A v\u00e9spera encantada<\/strong><\/p>\n\n\n\n<p>Todos colocaram seus sapatinhos com cartinhas na janela. E, quando dormiram, Papai Noel \u2014 silencioso como o vento \u2014 leu cada pedido com carinho.<\/p>\n\n\n\n<p>Na manh\u00e3 seguinte, as cartas haviam sumido. Os sapatinhos continuavam l\u00e1, mas agora a magia tinha come\u00e7ado. Faltavam apenas algumas horas para o presente chegar.<\/p>\n\n\n\n<p>\u00c0 noite, a casa se encheu: tio Jadir, vov\u00f3 com seus doces, vov\u00f4 com sua bengala de martelo, tia Tonha com o puxa-puxa e tantos outros amigos. O Natal brilhou em cada sorriso.<\/p>\n\n\n\n<p>Depois da ceia, todos foram dormir ansiosos.<\/p>\n\n\n\n<p>Vekinha adormeceu abra\u00e7ada \u00e0 boneca Papinha que ganhou do tio Jadir. Sonhou com estrelas, tren\u00f3s e risadas suaves de anjos.<\/p>\n\n\n\n<p>At\u00e9 que\u2026<\/p>\n\n\n\n<p>O galo cantou. Quatro horas da manh\u00e3.<\/p>\n\n\n\n<p>Vekinha saltou da cama, correu \u00e0 janela e l\u00e1 estavam: seus presentes e os dos irm\u00e3os, todos no lugar dos sapatinhos.<\/p>\n\n\n\n<p>Ela abriu o dela e encontrou uma boneca igualzinha a ela \u2014 at\u00e9 o nome era Vekinha! Feita com tanto carinho que parecia ter sido moldada pelo pr\u00f3prio esp\u00edrito do Natal.<\/p>\n\n\n\n<p>Vekinha cantou feliz:<\/p>\n\n\n\n<p>\u201cDeixei meu sapatinho<br>na janela do quintal\u2026<br>Papai Noel deixou<br>meu presente de Natal\u2026\u201d<\/p>\n\n\n\n<p>Os irm\u00e3os acordaram com o canto e correram para ver os pr\u00f3prios presentes. Cada um recebeu exatamente o que havia pedido.<\/p>\n\n\n\n<p>E assim, entre abra\u00e7os, risos e cantorias, nasceu o Natal mais iluminado da vida de Vekinha.<\/p>\n\n\n\n<p class=\"has-text-align-center\">Fim<\/p>\n\n\n\n<h3 class=\"wp-block-heading has-text-align-center\">Ver\u00f4nica Moreira<\/h3>\n\n\n\n<div class=\"wp-block-columns is-layout-flex wp-container-core-columns-is-layout-9d6595d7 wp-block-columns-is-layout-flex\">\n<div class=\"wp-block-column is-layout-flow wp-block-column-is-layout-flow\">\n<h3 class=\"wp-block-heading has-text-align-center has-luminous-vivid-amber-to-luminous-vivid-orange-gradient-background has-background\"><a href=\"https:\/\/www.facebook.com\/veronica.kelly.moreira\/\" target=\"_blank\" rel=\"noopener\" title=\"Facebook\">Facebook<\/a><\/h3>\n<\/div>\n\n\n\n<div class=\"wp-block-column is-layout-flow wp-block-column-is-layout-flow\">\n<h3 class=\"wp-block-heading has-text-align-center has-luminous-vivid-amber-to-luminous-vivid-orange-gradient-background has-background\"><a href=\"https:\/\/www.instagram.com\/poetisa.veronicamoreira\/\" title=\"Instagram\">Instagram<\/a><\/h3>\n<\/div>\n<\/div>\n\n\n\n<p><a href=\"https:\/\/jornalrol.com.br\/\" title=\"Voltar\">Voltar<\/a><\/p>\n\n\n\n<p><a href=\"https:\/\/www.facebook.com\/JCulturalrol\/\" title=\"Facebook\">Facebook<\/a><\/p>\n","protected":false},"excerpt":{"rendered":"<p>Era uma vez, na amada Rua do Sapo \u2014 cercada por cafezais, mangueirais e um perfume doce de terra molhada \u2014 que a pequena Vekinha aguardava ansiosa pela&#8230;<\/p>\n","protected":false},"author":34,"featured_media":77018,"comment_status":"open","ping_status":"closed","sticky":false,"template":"","format":"standard","meta":{"_jetpack_newsletter_access":"","_jetpack_dont_email_post_to_subs":false,"_jetpack_newsletter_tier_id":0,"_jetpack_memberships_contains_paywalled_content":false,"_jetpack_memberships_contains_paid_content":false,"footnotes":""},"categories":[9607],"tags":[15546,8690],"class_list":["post-77017","post","type-post","status-publish","format-standard","has-post-thumbnail","hentry","category-contos","tag-natal-iluminado","tag-vekinha"],"aioseo_notices":[],"views":2070,"jetpack_featured_media_url":"http:\/\/jornalrol.com.br\/wp-content\/uploads\/2025\/12\/c1197913-74b6-4189-a0b9-5bce03717d13.jpg","jetpack_sharing_enabled":true,"jetpack_likes_enabled":true,"jetpack-related-posts":[{"id":63903,"url":"http:\/\/jornalrol.com.br\/?p=63903","url_meta":{"origin":77017,"position":0},"title":"Vekinha em &#8230; Feliz Natal!","author":"Veronica Moreira","date":"24 de dezembro de 2023","format":false,"excerpt":"Ol\u00e1 crian\u00e7as\u2026 Eu sou a Vekinha e vim aqui para compartilhar com voc\u00eas um Natal dentre tantos outros que foi muito especial para mim. Natal \u00e9 sempre um...","rel":"","context":"Em &quot;Poesia&quot;","block_context":{"text":"Poesia","link":"http:\/\/jornalrol.com.br\/?cat=58"},"img":{"alt_text":"Vekinha em... Feliz Natal!","src":"https:\/\/i0.wp.com\/jornalrol.com.br\/wp-content\/uploads\/2023\/12\/571b2a3f-b9c1-4c8f-a413-ad7b0e929966.jpg?resize=350%2C200","width":350,"height":200,"srcset":"https:\/\/i0.wp.com\/jornalrol.com.br\/wp-content\/uploads\/2023\/12\/571b2a3f-b9c1-4c8f-a413-ad7b0e929966.jpg?resize=350%2C200 1x, https:\/\/i0.wp.com\/jornalrol.com.br\/wp-content\/uploads\/2023\/12\/571b2a3f-b9c1-4c8f-a413-ad7b0e929966.jpg?resize=525%2C300 1.5x, https:\/\/i0.wp.com\/jornalrol.com.br\/wp-content\/uploads\/2023\/12\/571b2a3f-b9c1-4c8f-a413-ad7b0e929966.jpg?resize=700%2C400 2x, https:\/\/i0.wp.com\/jornalrol.com.br\/wp-content\/uploads\/2023\/12\/571b2a3f-b9c1-4c8f-a413-ad7b0e929966.jpg?resize=1050%2C600 3x"},"classes":[]},{"id":76755,"url":"http:\/\/jornalrol.com.br\/?p=76755","url_meta":{"origin":77017,"position":1},"title":"Vekinha em\u2026 Aprendendo a ser ninja","author":"Veronica Moreira","date":"17 de novembro de 2025","format":false,"excerpt":"Era sempre ao anoitecer que ele come\u00e7ava a aprontar, e Vekinha j\u00e1 conhecia bem as travessuras do pequeno ninja Mizinho, como todos o chamavam. Jamir, o...","rel":"","context":"Em &quot;Contos&quot;","block_context":{"text":"Contos","link":"http:\/\/jornalrol.com.br\/?cat=9607"},"img":{"alt_text":"Vekinha em... Aprendendo a ser ninja. Imagem criada por IA","src":"https:\/\/i0.wp.com\/jornalrol.com.br\/wp-content\/uploads\/2025\/11\/19b26698-9a6c-4578-834b-a89d4a9df276-1.jpg?resize=350%2C200","width":350,"height":200,"srcset":"https:\/\/i0.wp.com\/jornalrol.com.br\/wp-content\/uploads\/2025\/11\/19b26698-9a6c-4578-834b-a89d4a9df276-1.jpg?resize=350%2C200 1x, https:\/\/i0.wp.com\/jornalrol.com.br\/wp-content\/uploads\/2025\/11\/19b26698-9a6c-4578-834b-a89d4a9df276-1.jpg?resize=525%2C300 1.5x"},"classes":[]},{"id":42735,"url":"http:\/\/jornalrol.com.br\/?p=42735","url_meta":{"origin":77017,"position":2},"title":"Ver\u00f4nica Moreira: &#039;Vekinha em: O mist\u00e9rio do coco&#039;","author":"Veronica Moreira","date":"8 de julho de 2021","format":false,"excerpt":"L\u00e1 vem Vekinha, toda saliente! Descendo o morro dos Miranda De longe, ouve cantar uma ciranda Apressa os passos e acena, alegremente! Ela conhece toda gente! Seu Z\u00e9 da vendinha Ernestina a vizinha Chiquinho o padeiro e Miraldo o leiteiro. Vequinha \u00e9 amiga de todos e Vive fazendo perguntas. Menininha\u2026","rel":"","context":"Em &quot;Comunica\u00e7\u00e3o&quot;","block_context":{"text":"Comunica\u00e7\u00e3o","link":"http:\/\/jornalrol.com.br\/?cat=7"},"img":{"alt_text":"","src":"https:\/\/i0.wp.com\/www.jornalrol.com.br\/wp-content\/uploads\/2020\/10\/Screenshot_20201012-215223-1-217x300.jpg?resize=350%2C200","width":350,"height":200},"classes":[]},{"id":75836,"url":"http:\/\/jornalrol.com.br\/?p=75836","url_meta":{"origin":77017,"position":3},"title":"Abra\u00e3o e os esquilos","author":"Veronica Moreira","date":"25 de setembro de 2025","format":false,"excerpt":"Abra\u00e3o era um menino pequenino que morava no s\u00edtio da vov\u00f3 Cida. Ele adorava passar o dia na varanda da cozinha, ouvindo o canto dos p\u00e1ssaros e observando o...","rel":"","context":"Em &quot;Contos&quot;","block_context":{"text":"Contos","link":"http:\/\/jornalrol.com.br\/?cat=9607"},"img":{"alt_text":"Capa do livro 'Vekinha em... Abra\u00e3o e os Esquilos', de Ver\u00f4nica Moreira","src":"https:\/\/i0.wp.com\/jornalrol.com.br\/wp-content\/uploads\/2025\/09\/be44f848-6ebb-4900-b590-2e22e12d3752.jpeg?resize=350%2C200","width":350,"height":200,"srcset":"https:\/\/i0.wp.com\/jornalrol.com.br\/wp-content\/uploads\/2025\/09\/be44f848-6ebb-4900-b590-2e22e12d3752.jpeg?resize=350%2C200 1x, https:\/\/i0.wp.com\/jornalrol.com.br\/wp-content\/uploads\/2025\/09\/be44f848-6ebb-4900-b590-2e22e12d3752.jpeg?resize=525%2C300 1.5x, https:\/\/i0.wp.com\/jornalrol.com.br\/wp-content\/uploads\/2025\/09\/be44f848-6ebb-4900-b590-2e22e12d3752.jpeg?resize=700%2C400 2x"},"classes":[]},{"id":57294,"url":"http:\/\/jornalrol.com.br\/?p=57294","url_meta":{"origin":77017,"position":4},"title":"Ver\u00f4nica Moreira lan\u00e7a o livro &#8216;Vekinha em: O Mist\u00e9rio do Coco&#8217;","author":"Sergio Diniz da Costa","date":"12 de junho de 2023","format":false,"excerpt":"As aventuras da personagem Vekinha na Rua do Sapo.","rel":"","context":"Em &quot;Literatura&quot;","block_context":{"text":"Literatura","link":"http:\/\/jornalrol.com.br\/?cat=9285"},"img":{"alt_text":"","src":"https:\/\/i0.wp.com\/jornalrol.com.br\/wp-content\/uploads\/2023\/06\/1994d7f6-84c9-4531-b0e5-2d235089b8de-1.jpg?resize=350%2C200","width":350,"height":200,"srcset":"https:\/\/i0.wp.com\/jornalrol.com.br\/wp-content\/uploads\/2023\/06\/1994d7f6-84c9-4531-b0e5-2d235089b8de-1.jpg?resize=350%2C200 1x, https:\/\/i0.wp.com\/jornalrol.com.br\/wp-content\/uploads\/2023\/06\/1994d7f6-84c9-4531-b0e5-2d235089b8de-1.jpg?resize=525%2C300 1.5x, https:\/\/i0.wp.com\/jornalrol.com.br\/wp-content\/uploads\/2023\/06\/1994d7f6-84c9-4531-b0e5-2d235089b8de-1.jpg?resize=700%2C400 2x, https:\/\/i0.wp.com\/jornalrol.com.br\/wp-content\/uploads\/2023\/06\/1994d7f6-84c9-4531-b0e5-2d235089b8de-1.jpg?resize=1050%2C600 3x"},"classes":[]},{"id":54668,"url":"http:\/\/jornalrol.com.br\/?p=54668","url_meta":{"origin":77017,"position":5},"title":"Ver\u00f4nica Moreira Lan\u00e7a livro infantil: Vekinha Em&#8230; O Mist\u00e9rio do Coco","author":"Sergio Diniz da Costa","date":"22 de abril de 2023","format":false,"excerpt":"Vekinha \u00e9 uma menina muito esperta e curiosa, que vive grandes aventuras na rua do sapo, onde mora com a sua fam\u00edlia.\u00a0Adora brincar com seus amigos(as) at\u00e9 o entardecer, ouvindo o cri-cri dos grilos e as melodias dos sapos A escritora e colunista do Jornal Cultural Rol Ver\u00f4nica Moreira, autora\u2026","rel":"","context":"Em &quot;Comunica\u00e7\u00e3o&quot;","block_context":{"text":"Comunica\u00e7\u00e3o","link":"http:\/\/jornalrol.com.br\/?cat=7"},"img":{"alt_text":"","src":"https:\/\/i0.wp.com\/jornalrol.com.br\/wp-content\/uploads\/2023\/04\/Capa-Vekinha.jpg?resize=350%2C200","width":350,"height":200,"srcset":"https:\/\/i0.wp.com\/jornalrol.com.br\/wp-content\/uploads\/2023\/04\/Capa-Vekinha.jpg?resize=350%2C200 1x, https:\/\/i0.wp.com\/jornalrol.com.br\/wp-content\/uploads\/2023\/04\/Capa-Vekinha.jpg?resize=525%2C300 1.5x, https:\/\/i0.wp.com\/jornalrol.com.br\/wp-content\/uploads\/2023\/04\/Capa-Vekinha.jpg?resize=700%2C400 2x"},"classes":[]}],"_links":{"self":[{"href":"http:\/\/jornalrol.com.br\/index.php?rest_route=\/wp\/v2\/posts\/77017","targetHints":{"allow":["GET"]}}],"collection":[{"href":"http:\/\/jornalrol.com.br\/index.php?rest_route=\/wp\/v2\/posts"}],"about":[{"href":"http:\/\/jornalrol.com.br\/index.php?rest_route=\/wp\/v2\/types\/post"}],"author":[{"embeddable":true,"href":"http:\/\/jornalrol.com.br\/index.php?rest_route=\/wp\/v2\/users\/34"}],"replies":[{"embeddable":true,"href":"http:\/\/jornalrol.com.br\/index.php?rest_route=%2Fwp%2Fv2%2Fcomments&post=77017"}],"version-history":[{"count":2,"href":"http:\/\/jornalrol.com.br\/index.php?rest_route=\/wp\/v2\/posts\/77017\/revisions"}],"predecessor-version":[{"id":77020,"href":"http:\/\/jornalrol.com.br\/index.php?rest_route=\/wp\/v2\/posts\/77017\/revisions\/77020"}],"wp:featuredmedia":[{"embeddable":true,"href":"http:\/\/jornalrol.com.br\/index.php?rest_route=\/wp\/v2\/media\/77018"}],"wp:attachment":[{"href":"http:\/\/jornalrol.com.br\/index.php?rest_route=%2Fwp%2Fv2%2Fmedia&parent=77017"}],"wp:term":[{"taxonomy":"category","embeddable":true,"href":"http:\/\/jornalrol.com.br\/index.php?rest_route=%2Fwp%2Fv2%2Fcategories&post=77017"},{"taxonomy":"post_tag","embeddable":true,"href":"http:\/\/jornalrol.com.br\/index.php?rest_route=%2Fwp%2Fv2%2Ftags&post=77017"}],"curies":[{"name":"wp","href":"https:\/\/api.w.org\/{rel}","templated":true}]}}