{"id":77151,"date":"2025-12-08T18:50:39","date_gmt":"2025-12-08T21:50:39","guid":{"rendered":"https:\/\/jornalrol.com.br\/?p=77151"},"modified":"2025-12-08T18:56:29","modified_gmt":"2025-12-08T21:56:29","slug":"entre-o-meu-amor-que-celebra-e-o-meu-pais-que-chora","status":"publish","type":"post","link":"http:\/\/jornalrol.com.br\/?p=77151","title":{"rendered":"Entre o meu amor que celebra e o meu pa\u00eds que chora"},"content":{"rendered":"<div class=\"pdfprnt-buttons pdfprnt-buttons-post pdfprnt-top-right\"><a href=\"http:\/\/jornalrol.com.br\/index.php?rest_route=%2Fwp%2Fv2%2Fposts%2F77151&print=pdf\" class=\"pdfprnt-button pdfprnt-button-pdf\" target=\"_blank\" ><\/a><a href=\"http:\/\/jornalrol.com.br\/index.php?rest_route=%2Fwp%2Fv2%2Fposts%2F77151&print=print\" class=\"pdfprnt-button pdfprnt-button-print\" target=\"_blank\" ><img decoding=\"async\" src=\"https:\/\/jornalrol.com.br\/wp-content\/plugins\/pdf-print\/images\/print.png\" alt=\"image_print\" title=\"Conte\u00fado de impress\u00e3o\" \/><\/a><\/div>\n<h2 class=\"wp-block-heading has-text-align-center\">Paulo Siuves <br><br>&#8216;Entre o meu amor que celebra e o meu pa\u00eds que chora&#8217;<br><br><\/h2>\n\n\n<div class=\"wp-block-image\">\n<figure class=\"aligncenter size-full is-resized\"><img loading=\"lazy\" decoding=\"async\" width=\"120\" height=\"120\" data-attachment-id=\"55657\" data-permalink=\"http:\/\/jornalrol.com.br\/?attachment_id=55657\" data-orig-file=\"http:\/\/jornalrol.com.br\/wp-content\/uploads\/2023\/05\/Paulo-Siuves.jpg\" data-orig-size=\"120,120\" data-comments-opened=\"1\" data-image-meta=\"{&quot;aperture&quot;:&quot;0&quot;,&quot;credit&quot;:&quot;&quot;,&quot;camera&quot;:&quot;&quot;,&quot;caption&quot;:&quot;&quot;,&quot;created_timestamp&quot;:&quot;0&quot;,&quot;copyright&quot;:&quot;&quot;,&quot;focal_length&quot;:&quot;0&quot;,&quot;iso&quot;:&quot;0&quot;,&quot;shutter_speed&quot;:&quot;0&quot;,&quot;title&quot;:&quot;&quot;,&quot;orientation&quot;:&quot;0&quot;}\" data-image-title=\"Paulo-Siuves\" data-image-description=\"&lt;p&gt;Paulo Siuves&lt;\/p&gt;\n\" data-image-caption=\"&lt;p&gt;Paulo Siuves&lt;\/p&gt;\n\" data-large-file=\"http:\/\/jornalrol.com.br\/wp-content\/uploads\/2023\/05\/Paulo-Siuves.jpg\" src=\"http:\/\/jornalrol.com.br\/wp-content\/uploads\/2023\/05\/Paulo-Siuves.jpg\" alt=\"Paulo Siuves\" class=\"wp-image-55657\" style=\"width:146px;height:auto\"\/><figcaption class=\"wp-element-caption\">Paulo Siuves<\/figcaption><\/figure>\n<\/div>\n\n<div class=\"wp-block-image\">\n<figure class=\"aligncenter size-full is-resized\"><img loading=\"lazy\" decoding=\"async\" width=\"1024\" height=\"1024\" data-attachment-id=\"77152\" data-permalink=\"http:\/\/jornalrol.com.br\/?attachment_id=77152\" data-orig-file=\"http:\/\/jornalrol.com.br\/wp-content\/uploads\/2025\/12\/Gemini_Generated_Image_pdlaxlpdlaxlpdla-1.png\" data-orig-size=\"1024,1024\" data-comments-opened=\"1\" data-image-meta=\"{&quot;aperture&quot;:&quot;0&quot;,&quot;credit&quot;:&quot;&quot;,&quot;camera&quot;:&quot;&quot;,&quot;caption&quot;:&quot;&quot;,&quot;created_timestamp&quot;:&quot;0&quot;,&quot;copyright&quot;:&quot;&quot;,&quot;focal_length&quot;:&quot;0&quot;,&quot;iso&quot;:&quot;0&quot;,&quot;shutter_speed&quot;:&quot;0&quot;,&quot;title&quot;:&quot;&quot;,&quot;orientation&quot;:&quot;0&quot;}\" data-image-title=\"Gemini_Generated_Image_pdlaxlpdlaxlpdla (1)\" data-image-description=\"\" data-image-caption=\"\" data-large-file=\"http:\/\/jornalrol.com.br\/wp-content\/uploads\/2025\/12\/Gemini_Generated_Image_pdlaxlpdlaxlpdla-1.png\" src=\"https:\/\/jornalrol.com.br\/wp-content\/uploads\/2025\/12\/Gemini_Generated_Image_pdlaxlpdlaxlpdla-1.png\" alt=\"magem criada por IA da GEmini - 05 de dezembro de 2025, \u00e0s 14:10 PM\" class=\"wp-image-77152\" style=\"width:414px;height:auto\" srcset=\"http:\/\/jornalrol.com.br\/wp-content\/uploads\/2025\/12\/Gemini_Generated_Image_pdlaxlpdlaxlpdla-1.png 1024w, http:\/\/jornalrol.com.br\/wp-content\/uploads\/2025\/12\/Gemini_Generated_Image_pdlaxlpdlaxlpdla-1-600x600.png 600w, http:\/\/jornalrol.com.br\/wp-content\/uploads\/2025\/12\/Gemini_Generated_Image_pdlaxlpdlaxlpdla-1-768x768.png 768w\" sizes=\"auto, (max-width: 1024px) 100vw, 1024px\" \/><figcaption class=\"wp-element-caption\"><em>Imagem criada por IA da GEmini &#8211; 05 de dezembro de 2025,<\/em><br><em> \u00e0s 14:10 PM<\/em><\/figcaption><\/figure>\n<\/div>\n\n\n<p class=\"has-drop-cap\">No primeiro dia de dezembro, minha casa acorda com uma alegria que n\u00e3o precisa de aviso nem preparo. \u00c9 o anivers\u00e1rio da minha esposa. Desde que Delaine chegou, essa data acende uma luz diferente no nosso cotidiano, como se o dia viesse embalado em delicadeza pr\u00f3pria. Ela sempre desperta achando que algo bom vai acontecer; e eu, mesmo sem prometer nada, quase sempre deixo acontecer.<\/p>\n\n\n\n<p>&nbsp;No dia seguinte, \u00e9 a vez do anivers\u00e1rio da minha filha. E essa coincid\u00eancia, que o calend\u00e1rio poderia ter distribu\u00eddo de forma banal, virou um la\u00e7o bonito entre elas. J\u00e1 improvisamos mesas \u00e0s pressas, comemoramos em dobro, rimos misturado, acendemos velas de anivers\u00e1rio que pareciam iluminar o mesmo sopro de alegria. N\u00e3o foi o tempo que construiu isso. Foi a conviv\u00eancia. Foi a escolha. Foram os gestos que se reconhecem.<\/p>\n\n\n\n<p>&nbsp;Delaine entrou na vida das minhas filhas como quem chega com a alma aberta. Nunca quis ocupar o lugar de ningu\u00e9m, nunca desejou disputar sombra nem afeto. Disse, desde o in\u00edcio, que n\u00e3o seria a madrasta m\u00e1 das hist\u00f3rias, que seria uma presen\u00e7a honesta. Algu\u00e9m que acompanha, que orienta, que partilha. E Kenya e Kelly a acolheram com amizade verdadeira. Ver esse v\u00ednculo crescer \u00e9 um privil\u00e9gio silencioso. H\u00e1 beleza em testemunhar tr\u00eas mulheres que n\u00e3o precisavam, mas escolheram construir cuidado.<\/p>\n\n\n\n<p>&nbsp;Tenho meus modos pr\u00f3prios de celebrar. N\u00e3o gosto de um amor que vire protocolo, nem de transformar afeto em checklist anual. Mas Delaine sempre espera o caf\u00e9 da manh\u00e3 na cama. \u00c0s vezes eu levo, \u00e0s vezes surpreendo de outro jeito. E essa espera diz mais sobre n\u00f3s do que qualquer gesto planejado. Entre filhos, netos e a aus\u00eancia que 2019 me deixou quando perdi minha m\u00e3e, minha fam\u00edlia \u00e9 tudo o que eu tenho. Tudo o que eu sou.<\/p>\n\n\n\n<p>&nbsp;Talvez por isso os acontecimentos desta semana tenham me atravessado com tanta for\u00e7a.<\/p>\n\n\n\n<p>&nbsp;Como compreender que uma simples linha de anzol seja suficiente para um homem atirar a pr\u00f3pria esposa aos tubar\u00f5es? E pior: como entender que ele fa\u00e7a isso duas vezes? Como aceitar que algu\u00e9m arraste uma mulher pela Marginal Tiet\u00ea como se ela fosse objeto? Ou que um influenciador, conhecido por ensinar &#8216;postura&#8217;, seja preso por agredir justamente a mulher com quem divide a casa?<\/p>\n\n\n\n<p>&nbsp;O que me assusta n\u00e3o \u00e9 apenas a viol\u00eancia em si, mas a banalidade que a antecede. A rapidez com que a frustra\u00e7\u00e3o vira \u00f3dio. A facilidade com que um cotidiano se transforma em risco. O instante em que um parceiro se converte em algoz. O amor que prometeu cuidar \u00e9 o mesmo que tenta destruir. N\u00e3o h\u00e1 l\u00f3gica que d\u00ea conta disso. N\u00e3o consigo imaginar nenhuma das mulheres da minha vida passando por algo semelhante. S\u00f3 de supor, o pensamento se torna insuport\u00e1vel, porque ele d\u00f3i antes mesmo de existir.<\/p>\n\n\n\n<p>&nbsp;Enquanto celebramos anivers\u00e1rios aqui em casa, os n\u00fameros do pa\u00eds contam outra hist\u00f3ria. Crescem as persegui\u00e7\u00f5es, a viol\u00eancia psicol\u00f3gica, as amea\u00e7as que antecedem o feminic\u00eddio. S\u00e3o estat\u00edsticas que parecem frias, mas ali est\u00e3o registradas as horas que antecedem o tapa, o sil\u00eancio que precede o grito e o medo que anuncia o fim.<\/p>\n\n\n\n<p>&nbsp;E talvez seja exatamente aqui que os dois mundos se cruzem: o \u00edntimo e o social.<\/p>\n\n\n\n<p>&nbsp;Porque amar as mulheres da minha fam\u00edlia me obriga a olhar tamb\u00e9m para as que n\u00e3o t\u00eam quem as ampare, para as que convivem com o perigo dentro de casa e para as que talvez nem alcancem o pr\u00f3ximo anivers\u00e1rio. Ser homem, para mim, nunca foi sin\u00f4nimo de for\u00e7a f\u00edsica; \u00e9 sin\u00f4nimo de responsabilidade. Responsabilidade de n\u00e3o tolerar machismo, de n\u00e3o normalizar insultos, de criar filhos decentes, de apoiar autonomia e independ\u00eancia feminina. Prote\u00e7\u00e3o n\u00e3o \u00e9 posse. \u00c9 permitir que cada mulher caminhe com liberdade.<\/p>\n\n\n\n<p>&nbsp;No pr\u00f3ximo ano, quando eu preparar o caf\u00e9 da manh\u00e3 para Delaine, seja na cama ou n\u00e3o, vou saber que o gesto carrega outra inten\u00e7\u00e3o. N\u00e3o apenas celebrar sua vida, mas reafirmar que cada vida feminina merece continuidade. Em um pa\u00eds onde tantas mulheres n\u00e3o chegam ao dia seguinte, cada anivers\u00e1rio que comemoramos \u00e9 tamb\u00e9m um manifesto silencioso. Que nenhuma mulher precise sobreviver para merecer o pr\u00f3prio amanh\u00e3. Porque, no fim das contas, garantir que ela amanhe\u00e7a viva \u00e9 o m\u00ednimo que um pa\u00eds decente deveria entregar.<\/p>\n\n\n\n<h3 class=\"wp-block-heading has-text-align-center\">Paulo Siuves<\/h3>\n\n\n\n<div class=\"wp-block-columns is-layout-flex wp-container-core-columns-is-layout-9d6595d7 wp-block-columns-is-layout-flex\">\n<div class=\"wp-block-column is-layout-flow wp-block-column-is-layout-flow\">\n<h4 class=\"wp-block-heading has-text-align-center has-electric-grass-gradient-background has-background\"><a href=\"https:\/\/www.facebook.com\/EscritorPauloSiuves\" target=\"_blank\" rel=\"noopener\" title=\"Facebook\">Facebook<\/a><\/h4>\n<\/div>\n\n\n\n<div class=\"wp-block-column is-layout-flow wp-block-column-is-layout-flow\">\n<h4 class=\"wp-block-heading has-text-align-center has-electric-grass-gradient-background has-background\"><a href=\"https:\/\/x.com\/PauloSiuves\" target=\"_blank\" rel=\"noopener\" title=\"X\">X<\/a><\/h4>\n<\/div>\n\n\n\n<div class=\"wp-block-column is-layout-flow wp-block-column-is-layout-flow\">\n<h4 class=\"wp-block-heading has-text-align-center has-electric-grass-gradient-background has-background\"><a href=\"https:\/\/www.recantodasletras.com.br\/autores\/paulosiuves\" title=\"Poesias\">Poesias<\/a><\/h4>\n<\/div>\n\n\n\n<div class=\"wp-block-column is-layout-flow wp-block-column-is-layout-flow\">\n<h4 class=\"wp-block-heading has-text-align-center has-electric-grass-gradient-background has-background\"><a href=\"https:\/\/paulosiuves.blogspot.com\/\" title=\"Blog\">Blog<\/a><\/h4>\n<\/div>\n<\/div>\n\n\n\n<p><a href=\"https:\/\/jornalrol.com.br\/\" title=\"Voltar\">Voltar<\/a><\/p>\n\n\n\n<p><a href=\"https:\/\/www.facebook.com\/JCulturalrol\/\" title=\"Facebook\">Facebook<\/a><\/p>\n","protected":false},"excerpt":{"rendered":"<p>No primeiro dia de dezembro, minha casa acorda com uma alegria que n\u00e3o precisa de aviso nem preparo. \u00c9 o anivers\u00e1rio da minha esposa. Desde que Delaine&#8230;<\/p>\n","protected":false},"author":38,"featured_media":77152,"comment_status":"open","ping_status":"closed","sticky":false,"template":"","format":"standard","meta":{"_jetpack_newsletter_access":"","_jetpack_dont_email_post_to_subs":false,"_jetpack_newsletter_tier_id":0,"_jetpack_memberships_contains_paywalled_content":false,"_jetpack_memberships_contains_paid_content":false,"footnotes":""},"categories":[9392,9285],"tags":[731,925,2389,15578],"class_list":["post-77151","post","type-post","status-publish","format-standard","has-post-thumbnail","hentry","category-cronicas","category-literatura","tag-alegria","tag-aniversarios","tag-cotidiano","tag-mes-de-dezembro"],"aioseo_notices":[],"views":473,"jetpack_featured_media_url":"http:\/\/jornalrol.com.br\/wp-content\/uploads\/2025\/12\/Gemini_Generated_Image_pdlaxlpdlaxlpdla-1.png","jetpack_sharing_enabled":true,"jetpack_likes_enabled":true,"jetpack-related-posts":[{"id":48648,"url":"http:\/\/jornalrol.com.br\/?p=48648","url_meta":{"origin":77151,"position":0},"title":"Paulo Siuves: &#039;Obrigado, meu amor&#039;","author":"Paulo Siuves","date":"20 de fevereiro de 2022","format":false,"excerpt":"Obrigado, meu amor Obrigado, meu amor! Por fazer parte da minha vida, por trazer para a minha vida essa luz que, com os olhos transmites e me ajuda a caminhar por este mundo tenebroso de t\u00e3o longos invernos. \u00a0 Obrigado por encher a minha vida de amor, mas, n\u00e3o de\u2026","rel":"","context":"Em &quot;Comunica\u00e7\u00e3o&quot;","block_context":{"text":"Comunica\u00e7\u00e3o","link":"http:\/\/jornalrol.com.br\/?cat=7"},"img":{"alt_text":"","src":"https:\/\/i0.wp.com\/www.jornalrol.com.br\/wp-content\/uploads\/2021\/05\/IMG-20201015-WA00891-150x150.jpg?resize=350%2C200","width":350,"height":200},"classes":[]},{"id":50086,"url":"http:\/\/jornalrol.com.br\/?p=50086","url_meta":{"origin":77151,"position":1},"title":"Paulo Siuves: &#039;Manifesto de amor \u00e0 minha m\u00e3e&#039;","author":"Paulo Siuves","date":"8 de maio de 2022","format":false,"excerpt":"Manifesto de amor \u00e0 minha m\u00e3e Ela parou de respirar, esqueceu como funciona... Ato t\u00e3o inerente \u00e0 vida que aprendemos ao nascer o que precisa ser feito; respirar. 80 anos de idade, mais da metade dando a vida pelos filhos, segurando o choro, somente suspirando, pra chorar escondida, respirar aliviada\u2026","rel":"","context":"Em &quot;Comunica\u00e7\u00e3o&quot;","block_context":{"text":"Comunica\u00e7\u00e3o","link":"http:\/\/jornalrol.com.br\/?cat=7"},"img":{"alt_text":"","src":"https:\/\/i0.wp.com\/jornalrol.com.br\/wp-content\/uploads\/2022\/05\/Picsart_22-05-08_10-14-09-746.jpg?resize=350%2C200","width":350,"height":200,"srcset":"https:\/\/i0.wp.com\/jornalrol.com.br\/wp-content\/uploads\/2022\/05\/Picsart_22-05-08_10-14-09-746.jpg?resize=350%2C200 1x, https:\/\/i0.wp.com\/jornalrol.com.br\/wp-content\/uploads\/2022\/05\/Picsart_22-05-08_10-14-09-746.jpg?resize=525%2C300 1.5x, https:\/\/i0.wp.com\/jornalrol.com.br\/wp-content\/uploads\/2022\/05\/Picsart_22-05-08_10-14-09-746.jpg?resize=700%2C400 2x"},"classes":[]},{"id":48908,"url":"http:\/\/jornalrol.com.br\/?p=48908","url_meta":{"origin":77151,"position":2},"title":"Paulo Siuves: &#039;Carnaval do Z\u00e9 Ningu\u00e9m&#039;","author":"Paulo Siuves","date":"4 de mar\u00e7o de 2022","format":false,"excerpt":"Carnaval do Z\u00e9 Ningu\u00e9m O carnaval, para mim, parece m\u00e1gico. L\u00e1 est\u00e3o homens e mulheres pern\u00f3sticos, Divertem-se ao som das marchas c\u00e9lebres; Das composi\u00e7\u00f5es com car\u00e1ter l\u00fagubre, \u00c0s m\u00fasicas cantadas por vozes l\u00e2nguidas. Nas ruas onde janelas assistem b\u00eabedas, Homens s\u00e3o mulheres, e mulheres? T\u00e3o p\u00e1rvulas... O carnaval, assim, parece\u2026","rel":"","context":"Em &quot;Comunica\u00e7\u00e3o&quot;","block_context":{"text":"Comunica\u00e7\u00e3o","link":"http:\/\/jornalrol.com.br\/?cat=7"},"img":{"alt_text":"","src":"https:\/\/i0.wp.com\/www.jornalrol.com.br\/wp-content\/uploads\/2021\/05\/IMG-20201015-WA00891-150x150.jpg?resize=350%2C200","width":350,"height":200},"classes":[]},{"id":54328,"url":"http:\/\/jornalrol.com.br\/?p=54328","url_meta":{"origin":77151,"position":3},"title":"Paulo Siuves: &#039;Salmo da m\u00fasica de louvor&#039;","author":"Paulo Siuves","date":"27 de mar\u00e7o de 2023","format":false,"excerpt":"Salmo da m\u00fasica de louvor Oh Senhor, meu Deus! Em Ti encontro a melodia da vida, a harmonia que acalenta minha alma e que me eleva aos C\u00e9us. Tu criaste a m\u00fasica para que pud\u00e9ssemos louvar Teu nome, e eu Te agrade\u00e7o por esse dom que me faz sentir Teu\u2026","rel":"","context":"Em &quot;Comunica\u00e7\u00e3o&quot;","block_context":{"text":"Comunica\u00e7\u00e3o","link":"http:\/\/jornalrol.com.br\/?cat=7"},"img":{"alt_text":"","src":"https:\/\/i0.wp.com\/www.jornalrol.com.br\/wp-content\/uploads\/2021\/05\/IMG-20201015-WA00891-150x150.jpg?resize=350%2C200","width":350,"height":200},"classes":[]},{"id":44729,"url":"http:\/\/jornalrol.com.br\/?p=44729","url_meta":{"origin":77151,"position":4},"title":"Paulo Siuves: &#039;Ang\u00fastia&#039;","author":"Paulo Siuves","date":"11 de setembro de 2021","format":false,"excerpt":"Ang\u00fastia Eu n\u00e3o sei quem voc\u00ea \u00e9 N\u00e3o sou eu o que voc\u00ea quer E n\u00e3o tenho pra onde ir Se comigo voc\u00ea n\u00e3o estiver \u00a0 N\u00e3o vou ouvir os seus discos N\u00e3o vou ler suas cartas N\u00e3o vou influenciar as suas decis\u00f5es Essas portas n\u00e3o s\u00e3o t\u00e3o largas \u00a0\u2026","rel":"","context":"Em &quot;Comunica\u00e7\u00e3o&quot;","block_context":{"text":"Comunica\u00e7\u00e3o","link":"http:\/\/jornalrol.com.br\/?cat=7"},"img":{"alt_text":"","src":"https:\/\/i0.wp.com\/www.jornalrol.com.br\/wp-content\/uploads\/2021\/05\/IMG-20201015-WA00891-150x150.jpg?resize=350%2C200","width":350,"height":200},"classes":[]},{"id":52270,"url":"http:\/\/jornalrol.com.br\/?p=52270","url_meta":{"origin":77151,"position":5},"title":"Paulo Siuves: &#039;Um passo para tr\u00e1s&#039;","author":"Paulo Siuves","date":"16 de outubro de 2022","format":false,"excerpt":"Um passo para tr\u00e1s Voc\u00ea t\u00e3o\u00a0monossil\u00e1bica, Eu precisando conversar... Andei dez mil passos Em sua dire\u00e7\u00e3o, Mas acho que dei Um passo enorme para tr\u00e1s. Sinto sua falta, Aus\u00eancia do\u00edda na alma. Suas m\u00e3os ausentes, Seu peito ausente, Seu cheiro e seu beijo, Tudo t\u00e3o marcado Pela aus\u00eancia infinita E\u2026","rel":"","context":"Em &quot;Comunica\u00e7\u00e3o&quot;","block_context":{"text":"Comunica\u00e7\u00e3o","link":"http:\/\/jornalrol.com.br\/?cat=7"},"img":{"alt_text":"","src":"https:\/\/i0.wp.com\/www.jornalrol.com.br\/wp-content\/uploads\/2021\/05\/IMG-20201015-WA00891-150x150.jpg?resize=350%2C200","width":350,"height":200},"classes":[]}],"_links":{"self":[{"href":"http:\/\/jornalrol.com.br\/index.php?rest_route=\/wp\/v2\/posts\/77151","targetHints":{"allow":["GET"]}}],"collection":[{"href":"http:\/\/jornalrol.com.br\/index.php?rest_route=\/wp\/v2\/posts"}],"about":[{"href":"http:\/\/jornalrol.com.br\/index.php?rest_route=\/wp\/v2\/types\/post"}],"author":[{"embeddable":true,"href":"http:\/\/jornalrol.com.br\/index.php?rest_route=\/wp\/v2\/users\/38"}],"replies":[{"embeddable":true,"href":"http:\/\/jornalrol.com.br\/index.php?rest_route=%2Fwp%2Fv2%2Fcomments&post=77151"}],"version-history":[{"count":5,"href":"http:\/\/jornalrol.com.br\/index.php?rest_route=\/wp\/v2\/posts\/77151\/revisions"}],"predecessor-version":[{"id":77232,"href":"http:\/\/jornalrol.com.br\/index.php?rest_route=\/wp\/v2\/posts\/77151\/revisions\/77232"}],"wp:featuredmedia":[{"embeddable":true,"href":"http:\/\/jornalrol.com.br\/index.php?rest_route=\/wp\/v2\/media\/77152"}],"wp:attachment":[{"href":"http:\/\/jornalrol.com.br\/index.php?rest_route=%2Fwp%2Fv2%2Fmedia&parent=77151"}],"wp:term":[{"taxonomy":"category","embeddable":true,"href":"http:\/\/jornalrol.com.br\/index.php?rest_route=%2Fwp%2Fv2%2Fcategories&post=77151"},{"taxonomy":"post_tag","embeddable":true,"href":"http:\/\/jornalrol.com.br\/index.php?rest_route=%2Fwp%2Fv2%2Ftags&post=77151"}],"curies":[{"name":"wp","href":"https:\/\/api.w.org\/{rel}","templated":true}]}}