{"id":77205,"date":"2025-12-08T15:52:04","date_gmt":"2025-12-08T18:52:04","guid":{"rendered":"https:\/\/jornalrol.com.br\/?p=77205"},"modified":"2025-12-09T07:43:19","modified_gmt":"2025-12-09T10:43:19","slug":"solenidade-da-aap-brasil","status":"publish","type":"post","link":"http:\/\/jornalrol.com.br\/?p=77205","title":{"rendered":"Solenidade da AAP-Brasil"},"content":{"rendered":"<div class=\"pdfprnt-buttons pdfprnt-buttons-post pdfprnt-top-right\"><a href=\"http:\/\/jornalrol.com.br\/index.php?rest_route=%2Fwp%2Fv2%2Fposts%2F77205&print=pdf\" class=\"pdfprnt-button pdfprnt-button-pdf\" target=\"_blank\" ><\/a><a href=\"http:\/\/jornalrol.com.br\/index.php?rest_route=%2Fwp%2Fv2%2Fposts%2F77205&print=print\" class=\"pdfprnt-button pdfprnt-button-print\" target=\"_blank\" ><img decoding=\"async\" src=\"https:\/\/jornalrol.com.br\/wp-content\/plugins\/pdf-print\/images\/print.png\" alt=\"image_print\" title=\"Conte\u00fado de impress\u00e3o\" \/><\/a><\/div>\n<h2 class=\"wp-block-heading has-text-align-center\">Solenidade da AAP-Brasil celebra diploma\u00e7\u00e3o juvenil, honrarias internacionais e expans\u00e3o cultural pegasiana<br><br><\/h2>\n\n\n<div class=\"wp-block-image\">\n<figure class=\"aligncenter size-full is-resized\"><img loading=\"lazy\" decoding=\"async\" width=\"150\" height=\"150\" data-attachment-id=\"77206\" data-permalink=\"http:\/\/jornalrol.com.br\/?attachment_id=77206\" data-orig-file=\"http:\/\/jornalrol.com.br\/wp-content\/uploads\/2025\/12\/565392620_17844078360598843_933327402623998654_n.jpg\" data-orig-size=\"150,150\" data-comments-opened=\"1\" data-image-meta=\"{&quot;aperture&quot;:&quot;0&quot;,&quot;credit&quot;:&quot;&quot;,&quot;camera&quot;:&quot;&quot;,&quot;caption&quot;:&quot;&quot;,&quot;created_timestamp&quot;:&quot;0&quot;,&quot;copyright&quot;:&quot;&quot;,&quot;focal_length&quot;:&quot;0&quot;,&quot;iso&quot;:&quot;0&quot;,&quot;shutter_speed&quot;:&quot;0&quot;,&quot;title&quot;:&quot;&quot;,&quot;orientation&quot;:&quot;0&quot;}\" data-image-title=\"565392620_17844078360598843_933327402623998654_n\" data-image-description=\"\" data-image-caption=\"\" data-large-file=\"http:\/\/jornalrol.com.br\/wp-content\/uploads\/2025\/12\/565392620_17844078360598843_933327402623998654_n.jpg\" src=\"https:\/\/jornalrol.com.br\/wp-content\/uploads\/2025\/12\/565392620_17844078360598843_933327402623998654_n.jpg\" alt=\"Logo da AAP-Brasil\" class=\"wp-image-77206\" style=\"width:272px;height:auto\"\/><figcaption class=\"wp-element-caption\"><em>Logo da AAP-Brasil<\/em><\/figcaption><\/figure>\n<\/div>\n\n<div class=\"wp-block-image\">\n<figure class=\"aligncenter size-large\"><img loading=\"lazy\" decoding=\"async\" width=\"4096\" height=\"2731\" data-attachment-id=\"77210\" data-permalink=\"http:\/\/jornalrol.com.br\/?attachment_id=77210\" data-orig-file=\"http:\/\/jornalrol.com.br\/wp-content\/uploads\/2025\/12\/composta01FTP_10067-1-1-1-scaled.jpg\" data-orig-size=\"2560,1707\" data-comments-opened=\"1\" data-image-meta=\"{&quot;aperture&quot;:&quot;0&quot;,&quot;credit&quot;:&quot;&quot;,&quot;camera&quot;:&quot;&quot;,&quot;caption&quot;:&quot;&quot;,&quot;created_timestamp&quot;:&quot;0&quot;,&quot;copyright&quot;:&quot;&quot;,&quot;focal_length&quot;:&quot;0&quot;,&quot;iso&quot;:&quot;0&quot;,&quot;shutter_speed&quot;:&quot;0&quot;,&quot;title&quot;:&quot;&quot;,&quot;orientation&quot;:&quot;0&quot;}\" data-image-title=\"composta01FTP_10067 (1) (1) (1)\" data-image-description=\"\" data-image-caption=\"\" data-large-file=\"http:\/\/jornalrol.com.br\/wp-content\/uploads\/2025\/12\/composta01FTP_10067-1-1-1-4096x2731.jpg\" src=\"https:\/\/jornalrol.com.br\/wp-content\/uploads\/2025\/12\/composta01FTP_10067-1-1-1-4096x2731.jpg\" alt=\"Solenidade da AAP-Brasil celebra diploma\u00e7\u00e3o juvenil, honrarias internacionais e expans\u00e3o cultural pegasiana - Foto por Fl\u00e1vio Salge\" class=\"wp-image-77210\" srcset=\"http:\/\/jornalrol.com.br\/wp-content\/uploads\/2025\/12\/composta01FTP_10067-1-1-1-4096x2731.jpg 4096w, http:\/\/jornalrol.com.br\/wp-content\/uploads\/2025\/12\/composta01FTP_10067-1-1-1-1200x800.jpg 1200w, http:\/\/jornalrol.com.br\/wp-content\/uploads\/2025\/12\/composta01FTP_10067-1-1-1-768x512.jpg 768w, http:\/\/jornalrol.com.br\/wp-content\/uploads\/2025\/12\/composta01FTP_10067-1-1-1-1536x1024.jpg 1536w, http:\/\/jornalrol.com.br\/wp-content\/uploads\/2025\/12\/composta01FTP_10067-1-1-1-2048x1365.jpg 2048w\" sizes=\"auto, (max-width: 4096px) 100vw, 4096px\" \/><figcaption class=\"wp-element-caption\"><em>Solenidade da AAP-Brasil celebra diploma\u00e7\u00e3o juvenil, honrarias internacionais e expans\u00e3o cultural pegasiana<\/em> &#8211; <em><em><em><em>Foto por Fl\u00e1vio Salge<\/em><\/em><\/em><\/em><\/figcaption><\/figure>\n<\/div>\n\n\n<p class=\"has-drop-cap\"><em>Uberaba, 28 de novembro de 2025<\/em>.<br>Em uma noite marcada pela celebra\u00e7\u00e3o da cultura, da diplomacia liter\u00e1ria e da integra\u00e7\u00e3o entre na\u00e7\u00f5es, a <strong>Akademia Alternativa Pegasiane Brasil (AAP-Brasil)<\/strong> realizou, no dia <strong>28 de novembro de 2025<\/strong> \u00e1s 19h, uma de suas mais significativas e concorridas solenidades desde sua funda\u00e7\u00e3o.<\/p>\n\n\n\n<p class=\"has-text-align-left\">O evento aconteceu no <strong>audit\u00f3rio da FIEMG<\/strong>, localizado na Pra\u00e7a Frei Eug\u00eanio, 365, em Uberaba-MG, reunindo escritores, autoridades culturais, representantes internacionais e familiares dos homenageados. Mais de uma centena de pessoas estiveram presentes, reafirmando a for\u00e7a institucional da AAP-Brasil no cen\u00e1rio liter\u00e1rio contempor\u00e2neo.<br><br><\/p>\n\n\n\n<figure class=\"wp-block-image size-large\"><img loading=\"lazy\" decoding=\"async\" width=\"4096\" height=\"2731\" data-attachment-id=\"77212\" data-permalink=\"http:\/\/jornalrol.com.br\/?attachment_id=77212\" data-orig-file=\"http:\/\/jornalrol.com.br\/wp-content\/uploads\/2025\/12\/presfiemgFTP_10035-1-scaled.jpg\" data-orig-size=\"2560,1707\" data-comments-opened=\"1\" data-image-meta=\"{&quot;aperture&quot;:&quot;0&quot;,&quot;credit&quot;:&quot;&quot;,&quot;camera&quot;:&quot;&quot;,&quot;caption&quot;:&quot;&quot;,&quot;created_timestamp&quot;:&quot;0&quot;,&quot;copyright&quot;:&quot;&quot;,&quot;focal_length&quot;:&quot;0&quot;,&quot;iso&quot;:&quot;0&quot;,&quot;shutter_speed&quot;:&quot;0&quot;,&quot;title&quot;:&quot;&quot;,&quot;orientation&quot;:&quot;0&quot;}\" data-image-title=\"presfiemgFTP_10035 (1)\" data-image-description=\"\" data-image-caption=\"\" data-large-file=\"http:\/\/jornalrol.com.br\/wp-content\/uploads\/2025\/12\/presfiemgFTP_10035-1-4096x2731.jpg\" src=\"https:\/\/jornalrol.com.br\/wp-content\/uploads\/2025\/12\/presfiemgFTP_10035-1-4096x2731.jpg\" alt=\"Solenidade da AAP-Brasil celebra diploma\u00e7\u00e3o juvenil, honrarias internacionais e expans\u00e3o cultural pegasiana\" class=\"wp-image-77212\" srcset=\"http:\/\/jornalrol.com.br\/wp-content\/uploads\/2025\/12\/presfiemgFTP_10035-1-4096x2731.jpg 4096w, http:\/\/jornalrol.com.br\/wp-content\/uploads\/2025\/12\/presfiemgFTP_10035-1-1200x800.jpg 1200w, http:\/\/jornalrol.com.br\/wp-content\/uploads\/2025\/12\/presfiemgFTP_10035-1-768x512.jpg 768w, http:\/\/jornalrol.com.br\/wp-content\/uploads\/2025\/12\/presfiemgFTP_10035-1-1536x1024.jpg 1536w, http:\/\/jornalrol.com.br\/wp-content\/uploads\/2025\/12\/presfiemgFTP_10035-1-2048x1365.jpg 2048w\" sizes=\"auto, (max-width: 4096px) 100vw, 4096px\" \/><figcaption class=\"wp-element-caption\"><em><em>Solenidade da AAP-Brasil celebra diploma\u00e7\u00e3o juvenil, honrarias internacionais e expans\u00e3o cultural pegasiana<\/em><\/em> &#8211; <em><em><em>Foto por Fl\u00e1vio Salge<\/em><\/em><\/em><\/figcaption><\/figure>\n\n\n\n<p><strong>Presen\u00e7as Internacionais e Diplomacia Cultural<\/strong><\/p>\n\n\n\n<p>A solenidade contou com participa\u00e7\u00f5es que simbolizam a estreita rela\u00e7\u00e3o entre o Brasil e os pa\u00edses balc\u00e2nicos, especialmente Alb\u00e2nia, Kosovo e Maced\u00f4nia do Norte. Compareceram:<\/p>\n\n\n\n<ul class=\"wp-block-list\">\n<li><strong>Prof. Dr. Mhill Velaj (Rep\u00fablica do Kosovo\/EUA)<\/strong> \u2013 escritor, poeta<br><br><\/li>\n\n\n\n<li><strong>Prof. Dr. Bexhet Asani (Maced\u00f4nia do Norte\/EUA)<\/strong> \u2013 escritor, pesquisador, representante oficial do presidente da AAP-Alb\u00e2nia-<strong>Prof. Dr. Kristaq F. Shabani -Gjirokastra -Alb\u00e2nia,<\/strong><br><br><\/li>\n\n\n\n<li><strong>Prof. Prend Qettar (Rep\u00fablica do Kosovo\/EUA)<\/strong> \u2013 cr\u00edtico, escritor,<br><br><\/li>\n\n\n\n<li><strong>Jornalista Nazim \u201cNoli\u201d Salihu<\/strong> Rep\u00fablica<strong> do Kosovo\/EUA<\/strong>\u2013 reconhecido internacionalmente por sua atua\u00e7\u00e3o na imprensa cultural<\/li>\n<\/ul>\n\n\n\n<p>As presen\u00e7as reafirmaram a uni\u00e3o entre as academias Pegasianas e a proje\u00e7\u00e3o internacional do movimento liter\u00e1rio que h\u00e1 d\u00e9cadas transcende fronteiras, promovendo a paz, a educa\u00e7\u00e3o e o di\u00e1logo entre culturas.<br><br><\/p>\n\n\n\n<figure class=\"wp-block-image size-large\"><img loading=\"lazy\" decoding=\"async\" width=\"4096\" height=\"2730\" data-attachment-id=\"77213\" data-permalink=\"http:\/\/jornalrol.com.br\/?attachment_id=77213\" data-orig-file=\"http:\/\/jornalrol.com.br\/wp-content\/uploads\/2025\/12\/academicosjuvenisFTP_9848-1-scaled.jpg\" data-orig-size=\"2560,1707\" data-comments-opened=\"1\" data-image-meta=\"{&quot;aperture&quot;:&quot;0&quot;,&quot;credit&quot;:&quot;&quot;,&quot;camera&quot;:&quot;&quot;,&quot;caption&quot;:&quot;&quot;,&quot;created_timestamp&quot;:&quot;0&quot;,&quot;copyright&quot;:&quot;&quot;,&quot;focal_length&quot;:&quot;0&quot;,&quot;iso&quot;:&quot;0&quot;,&quot;shutter_speed&quot;:&quot;0&quot;,&quot;title&quot;:&quot;&quot;,&quot;orientation&quot;:&quot;0&quot;}\" data-image-title=\"academicosjuvenisFTP_9848 (1)\" data-image-description=\"\" data-image-caption=\"\" data-large-file=\"http:\/\/jornalrol.com.br\/wp-content\/uploads\/2025\/12\/academicosjuvenisFTP_9848-1-4096x2730.jpg\" src=\"https:\/\/jornalrol.com.br\/wp-content\/uploads\/2025\/12\/academicosjuvenisFTP_9848-1-4096x2730.jpg\" alt=\"Solenidade da AAP-Brasil celebra diploma\u00e7\u00e3o juvenil, honrarias internacionais e expans\u00e3o cultural pegasiana\" class=\"wp-image-77213\" srcset=\"http:\/\/jornalrol.com.br\/wp-content\/uploads\/2025\/12\/academicosjuvenisFTP_9848-1-4096x2730.jpg 4096w, http:\/\/jornalrol.com.br\/wp-content\/uploads\/2025\/12\/academicosjuvenisFTP_9848-1-1200x800.jpg 1200w, http:\/\/jornalrol.com.br\/wp-content\/uploads\/2025\/12\/academicosjuvenisFTP_9848-1-768x512.jpg 768w, http:\/\/jornalrol.com.br\/wp-content\/uploads\/2025\/12\/academicosjuvenisFTP_9848-1-1536x1024.jpg 1536w, http:\/\/jornalrol.com.br\/wp-content\/uploads\/2025\/12\/academicosjuvenisFTP_9848-1-2048x1365.jpg 2048w\" sizes=\"auto, (max-width: 4096px) 100vw, 4096px\" \/><figcaption class=\"wp-element-caption\"><em><em><em>Solenidade da AAP-Brasil celebra diploma\u00e7\u00e3o juvenil, honrarias internacionais e expans\u00e3o cultural pegasiana<\/em><\/em><\/em> <em>&#8211; <em><em><em>Foto por Fl\u00e1vio Salge<\/em><\/em><\/em><\/em><\/figcaption><\/figure>\n\n\n\n<p><strong>Diploma\u00e7\u00e3o Juvenil: A Nova Gera\u00e7\u00e3o da Literatura Pegasiana<\/strong><\/p>\n\n\n\n<p>A AAP-Brasil oficializou a nomea\u00e7\u00e3o de oito jovens talentos para a <strong>Coordena\u00e7\u00e3o Juvenil<\/strong>, em um gesto simb\u00f3lico que representa a continuidade do compromisso com a forma\u00e7\u00e3o human\u00edstica e liter\u00e1ria das novas gera\u00e7\u00f5es.<\/p>\n\n\n\n<p><strong>Foram diplomados como Acad\u00eamicos Fundadores Juvenis:<\/strong><\/p>\n\n\n\n<ul class=\"wp-block-list\">\n<li><strong>Sendo o orador- acad\u00eamico Juvenil-<\/strong> <strong>Estev\u00e3o Gosuen de Freitas Vidigal Rodrigues<\/strong><br><\/li>\n<\/ul>\n\n\n\n<ul class=\"wp-block-list\">\n<li>Arthur Guilhelmelli de Melo<br><br><\/li>\n\n\n\n<li>Davi de Oliveira Silva Braga<br><br><\/li>\n\n\n\n<li>Estev\u00e3o Gosuen de Freitas Vidigal Rodrigues<br><br><\/li>\n\n\n\n<li>Lucas de Souza Costa<br><br><\/li>\n\n\n\n<li>Luis Felipe Costa Felisbino<br><br><\/li>\n\n\n\n<li>Luisa Tinoco Correa Carvalho<br><br><\/li>\n\n\n\n<li>Luiza Fernanda Jardim Silveira<br><br><\/li>\n\n\n\n<li>Manuela Vieira Abreu<\/li>\n<\/ul>\n\n\n\n<p>Os jovens receberam seus diplomas em um momento de forte emo\u00e7\u00e3o, sob aplausos do p\u00fablico e manifesta\u00e7\u00f5es de incentivo dos escritores estrangeiros presentes, que destacaram o valor da juventude na preserva\u00e7\u00e3o das letras.<br><br><\/p>\n\n\n\n<figure class=\"wp-block-image size-large\"><img loading=\"lazy\" decoding=\"async\" width=\"4096\" height=\"2730\" data-attachment-id=\"77217\" data-permalink=\"http:\/\/jornalrol.com.br\/?attachment_id=77217\" data-orig-file=\"http:\/\/jornalrol.com.br\/wp-content\/uploads\/2025\/12\/academicosjuvenisjuramentoFTP_9964-1-1-scaled.jpg\" data-orig-size=\"2560,1707\" data-comments-opened=\"1\" data-image-meta=\"{&quot;aperture&quot;:&quot;0&quot;,&quot;credit&quot;:&quot;&quot;,&quot;camera&quot;:&quot;&quot;,&quot;caption&quot;:&quot;&quot;,&quot;created_timestamp&quot;:&quot;0&quot;,&quot;copyright&quot;:&quot;&quot;,&quot;focal_length&quot;:&quot;0&quot;,&quot;iso&quot;:&quot;0&quot;,&quot;shutter_speed&quot;:&quot;0&quot;,&quot;title&quot;:&quot;&quot;,&quot;orientation&quot;:&quot;0&quot;}\" data-image-title=\"academicosjuvenisjuramentoFTP_9964 (1)\" data-image-description=\"\" data-image-caption=\"\" data-large-file=\"http:\/\/jornalrol.com.br\/wp-content\/uploads\/2025\/12\/academicosjuvenisjuramentoFTP_9964-1-1-4096x2730.jpg\" src=\"https:\/\/jornalrol.com.br\/wp-content\/uploads\/2025\/12\/academicosjuvenisjuramentoFTP_9964-1-1-4096x2730.jpg\" alt=\"Solenidade da AAP-Brasil celebra diploma\u00e7\u00e3o juvenil, honrarias internacionais e expans\u00e3o cultural pegasiana - Foto por Fl\u00e1vio Salge\" class=\"wp-image-77217\" srcset=\"http:\/\/jornalrol.com.br\/wp-content\/uploads\/2025\/12\/academicosjuvenisjuramentoFTP_9964-1-1-4096x2730.jpg 4096w, http:\/\/jornalrol.com.br\/wp-content\/uploads\/2025\/12\/academicosjuvenisjuramentoFTP_9964-1-1-1200x800.jpg 1200w, http:\/\/jornalrol.com.br\/wp-content\/uploads\/2025\/12\/academicosjuvenisjuramentoFTP_9964-1-1-768x512.jpg 768w, http:\/\/jornalrol.com.br\/wp-content\/uploads\/2025\/12\/academicosjuvenisjuramentoFTP_9964-1-1-1536x1024.jpg 1536w, http:\/\/jornalrol.com.br\/wp-content\/uploads\/2025\/12\/academicosjuvenisjuramentoFTP_9964-1-1-2048x1365.jpg 2048w\" sizes=\"auto, (max-width: 4096px) 100vw, 4096px\" \/><figcaption class=\"wp-element-caption\"><em><em><em><em><em><em>Solenidade da AAP-Brasil celebra diploma\u00e7\u00e3o juvenil, honrarias internacionais e expans\u00e3o cultural pegasiana<\/em><\/em><\/em><\/em> &#8211;<em> Foto por Fl\u00e1vio Salge<\/em><\/em><\/em><\/figcaption><\/figure>\n\n\n\n<p><strong>Acad\u00eamicos Correspondentes Seniores: Expans\u00e3o Intelectual Internacional<\/strong><\/p>\n\n\n\n<p>A cerim\u00f4nia tamb\u00e9m marcou a nomea\u00e7\u00e3o de novos <strong>Acad\u00eamicos Correspondentes Seniores<\/strong>, que passam a representar a institui\u00e7\u00e3o em diferentes regi\u00f5es do Brasil e do mundo. Foram diplomados:<\/p>\n\n\n\n<ul class=\"wp-block-list\">\n<li>Aleksandra Shabani \u2013 Gjirokastra, Alb\u00e2nia<br><br><\/li>\n\n\n\n<li>Vjollca Aliaj \u2013 Vlor\u00eb, Alb\u00e2nia<br><br><\/li>\n\n\n\n<li>Flutura Ma\u00e7i \u2013 Tirana, Alb\u00e2nia<br><br><\/li>\n\n\n\n<li>Hasan Selimi \u2013 Tropoja\/Tirana, Alb\u00e2nia<br><br><\/li>\n\n\n\n<li>Vera \u00c7ato \u2013 Durr\u00ebs, Alb\u00e2nia<br><br><\/li>\n\n\n\n<li>Gjergj Rrustaj \u2013 Rep\u00fablica do Kosovo \/ \u00c1ustria<br><br><\/li>\n\n\n\n<li>Enkeleida Fejzo \u2013 Tirana, Alb\u00e2nia<br><br><\/li>\n\n\n\n<li>F\u00e1bio C\u00e9sar Ferreira \u2013 Belo Horizonte, MG<br><br><\/li>\n\n\n\n<li>Cel. Emanuel da Paix\u00e3o Kappel \u2013 Uberaba, MG<br><br><\/li>\n\n\n\n<li>Profa. Selma Maria da Silva Kappel \u2013 Uberaba, MG<\/li>\n<\/ul>\n\n\n\n<p class=\"has-text-align-center\">A diversidade geogr\u00e1fica evidencia a posi\u00e7\u00e3o da AAP-Brasil como ponte entre culturas, idiomas e tradi\u00e7\u00f5es liter\u00e1rias.<br><br><\/p>\n\n\n\n<figure class=\"wp-block-image size-large\"><img loading=\"lazy\" decoding=\"async\" width=\"4096\" height=\"2731\" data-attachment-id=\"77218\" data-permalink=\"http:\/\/jornalrol.com.br\/?attachment_id=77218\" data-orig-file=\"http:\/\/jornalrol.com.br\/wp-content\/uploads\/2025\/12\/mhilllendoFTP_10059-1-scaled.jpg\" data-orig-size=\"2560,1707\" data-comments-opened=\"1\" data-image-meta=\"{&quot;aperture&quot;:&quot;0&quot;,&quot;credit&quot;:&quot;&quot;,&quot;camera&quot;:&quot;&quot;,&quot;caption&quot;:&quot;&quot;,&quot;created_timestamp&quot;:&quot;0&quot;,&quot;copyright&quot;:&quot;&quot;,&quot;focal_length&quot;:&quot;0&quot;,&quot;iso&quot;:&quot;0&quot;,&quot;shutter_speed&quot;:&quot;0&quot;,&quot;title&quot;:&quot;&quot;,&quot;orientation&quot;:&quot;0&quot;}\" data-image-title=\"mhilllendoFTP_10059 (1)\" data-image-description=\"\" data-image-caption=\"\" data-large-file=\"http:\/\/jornalrol.com.br\/wp-content\/uploads\/2025\/12\/mhilllendoFTP_10059-1-4096x2731.jpg\" src=\"https:\/\/jornalrol.com.br\/wp-content\/uploads\/2025\/12\/mhilllendoFTP_10059-1-4096x2731.jpg\" alt=\"Solenidade da AAP-Brasil celebra diploma\u00e7\u00e3o juvenil, honrarias internacionais e expans\u00e3o cultural pegasiana - Foto por Fl\u00e1vio Salge\" class=\"wp-image-77218\" srcset=\"http:\/\/jornalrol.com.br\/wp-content\/uploads\/2025\/12\/mhilllendoFTP_10059-1-4096x2731.jpg 4096w, http:\/\/jornalrol.com.br\/wp-content\/uploads\/2025\/12\/mhilllendoFTP_10059-1-1200x800.jpg 1200w, http:\/\/jornalrol.com.br\/wp-content\/uploads\/2025\/12\/mhilllendoFTP_10059-1-768x512.jpg 768w, http:\/\/jornalrol.com.br\/wp-content\/uploads\/2025\/12\/mhilllendoFTP_10059-1-1536x1024.jpg 1536w, http:\/\/jornalrol.com.br\/wp-content\/uploads\/2025\/12\/mhilllendoFTP_10059-1-2048x1365.jpg 2048w\" sizes=\"auto, (max-width: 4096px) 100vw, 4096px\" \/><figcaption class=\"wp-element-caption\"><em><em><em><em><em>Solenidade da AAP-Brasil celebra diploma\u00e7\u00e3o juvenil, honrarias internacionais e expans\u00e3o cultural pegasiana<\/em><\/em><\/em><\/em> &#8211;<em> Foto por Fl\u00e1vio Salge<\/em><\/em><\/figcaption><\/figure>\n\n\n\n<p><strong>T\u00edtulos Honor\u00edficos e Comendas: Reconhecimento \u00e0 Excel\u00eancia<\/strong><\/p>\n\n\n\n<p>A noite foi igualmente marcada pela outorga de <strong>t\u00edtulos, medalhas e comendas<\/strong> que reconhecem trajet\u00f3rias acad\u00eamicas, art\u00edsticas e humanit\u00e1rias de grande relev\u00e2ncia.<\/p>\n\n\n\n<p><strong>T\u00edtulo de Doutor Honoris Causa<\/strong><\/p>\n\n\n\n<p><strong>&nbsp;&nbsp;&nbsp;&nbsp;&nbsp;&nbsp;&nbsp;&nbsp;&nbsp;&nbsp;&nbsp;Escritora Aleksandra Shabani-Gjirokastra-Alb\u00e2nia.<\/strong><br><\/p>\n\n\n\n<ul class=\"wp-block-list\">\n<li>Prof. Dr. Mhill Velaj \u2013 Literatura-Rep\u00fablica do Kosovo<br><br><\/li>\n\n\n\n<li>Prof. Dr. Bexhet Asani \u2013 Literatura-Maced\u00f4nia do Norte<br><br><\/li>\n\n\n\n<li>Prof. Dr. Anisio da Silva Lima \u2013literatura &#8211; Campo Grande-MS<br><br><\/li>\n\n\n\n<li>Prof. Dr. Rodolfo Medeiros Cunha Fortes \u2013 Educa\u00e7\u00e3o, Bras\u00edlia-DF<br><br><\/li>\n\n\n\n<li>Cel. Emanuel da Paix\u00e3o Kappel \u2013 Seguran\u00e7a P\u00fablica_Uberaba-MG<br><br><\/li>\n\n\n\n<li>Profa. Ms. Sirlene de Castro Oliveira \u2013 Educa\u00e7\u00e3o-Uberaba-MG<br><br><\/li>\n\n\n\n<li>Profa. Selma Maria da Silva Kappel \u2013 Geografia-Uberaba-MG<\/li>\n<\/ul>\n\n\n\n<p>Cada homenageado recebeu o t\u00edtulo acompanhado de discursos de admira\u00e7\u00e3o por suas contribui\u00e7\u00f5es nas \u00e1reas de educa\u00e7\u00e3o, cultura, literatura e servi\u00e7o social.<br><br><\/p>\n\n\n\n<figure class=\"wp-block-image size-large\"><img loading=\"lazy\" decoding=\"async\" width=\"4096\" height=\"2731\" data-attachment-id=\"77219\" data-permalink=\"http:\/\/jornalrol.com.br\/?attachment_id=77219\" data-orig-file=\"http:\/\/jornalrol.com.br\/wp-content\/uploads\/2025\/12\/academicojuvenildiscursoFTP_9976-1-1-1-scaled.jpg\" data-orig-size=\"2560,1707\" data-comments-opened=\"1\" data-image-meta=\"{&quot;aperture&quot;:&quot;0&quot;,&quot;credit&quot;:&quot;&quot;,&quot;camera&quot;:&quot;&quot;,&quot;caption&quot;:&quot;&quot;,&quot;created_timestamp&quot;:&quot;0&quot;,&quot;copyright&quot;:&quot;&quot;,&quot;focal_length&quot;:&quot;0&quot;,&quot;iso&quot;:&quot;0&quot;,&quot;shutter_speed&quot;:&quot;0&quot;,&quot;title&quot;:&quot;&quot;,&quot;orientation&quot;:&quot;0&quot;}\" data-image-title=\"academicojuvenildiscursoFTP_9976 (1) (1)\" data-image-description=\"\" data-image-caption=\"\" data-large-file=\"http:\/\/jornalrol.com.br\/wp-content\/uploads\/2025\/12\/academicojuvenildiscursoFTP_9976-1-1-1-4096x2731.jpg\" src=\"https:\/\/jornalrol.com.br\/wp-content\/uploads\/2025\/12\/academicojuvenildiscursoFTP_9976-1-1-1-4096x2731.jpg\" alt=\"Solenidade da AAP-Brasil celebra diploma\u00e7\u00e3o juvenil, honrarias internacionais e expans\u00e3o cultural pegasiana\" class=\"wp-image-77219\" srcset=\"http:\/\/jornalrol.com.br\/wp-content\/uploads\/2025\/12\/academicojuvenildiscursoFTP_9976-1-1-1-4096x2731.jpg 4096w, http:\/\/jornalrol.com.br\/wp-content\/uploads\/2025\/12\/academicojuvenildiscursoFTP_9976-1-1-1-1200x800.jpg 1200w, http:\/\/jornalrol.com.br\/wp-content\/uploads\/2025\/12\/academicojuvenildiscursoFTP_9976-1-1-1-768x512.jpg 768w, http:\/\/jornalrol.com.br\/wp-content\/uploads\/2025\/12\/academicojuvenildiscursoFTP_9976-1-1-1-1536x1024.jpg 1536w, http:\/\/jornalrol.com.br\/wp-content\/uploads\/2025\/12\/academicojuvenildiscursoFTP_9976-1-1-1-2048x1365.jpg 2048w\" sizes=\"auto, (max-width: 4096px) 100vw, 4096px\" \/><figcaption class=\"wp-element-caption\"><em><em><em><em><em><em>Solenidade da AAP-Brasil celebra diploma\u00e7\u00e3o juvenil, honrarias internacionais e expans\u00e3o cultural pegasiana<\/em><\/em><\/em><\/em><\/em><\/em> &#8211;<em> Foto por Fl\u00e1vio Salge<\/em><\/figcaption><\/figure>\n\n\n\n<p><strong>Comendas e Medalhas Outorgadas<\/strong><\/p>\n\n\n\n<ul class=\"wp-block-list\">\n<li><strong>Comenda William Shakespeare de Belas Artes e Literatura<\/strong> \u2013 Prof. Dr. Kristaq F. Shabani, Prof. Prend Qettar, Jornalista Nazim \u201cNoli\u201d Salihu, Anisio da Silva Lima,<\/li>\n<\/ul>\n\n\n\n<ul class=\"wp-block-list\">\n<li><strong>Medalha Comemorativa do Bicenten\u00e1rio de Bernardo Guimar\u00e3es<\/strong> \u2013<br>\n<ul class=\"wp-block-list\">\n<li>Prof. Wilson Vicente da Costa<br><br><\/li>\n\n\n\n<li>Prof. Maur\u00edcio Ferreira<br><\/li>\n<\/ul>\n<\/li>\n\n\n\n<li><strong>Comenda M\u00e9rito Cient\u00edfico Galileu Galilei<\/strong> \u2013 Profa. Magna Asp\u00e1sia Fontenelle<br><\/li>\n\n\n\n<li><strong>Medalha Comemorativa do Bicenten\u00e1rio do Nascimento do Imperador Dom Pedro II<\/strong> \u2013 entregues a personalidades brasileiras e internacionais<\/li>\n<\/ul>\n\n\n\n<p>Prof. Dr. Bexhet Asani , Prof.Dr.Mhill Velaj, ,Prof.Wilson Vicente da Costa, Prof Dr.Kristaq F.Shabani.<\/p>\n\n\n\n<p>C<strong>ausas Imortais<\/strong> \u2013<\/p>\n\n\n\n<ul class=\"wp-block-list\">\n<li>Jos\u00e9 Fl\u00e1vio Zago, presidente da FIEMG<br><br><\/li>\n\n\n\n<li>Prof. Prend Qettar<br><br><\/li>\n\n\n\n<li>Jornalista Nazim \u201cNoli\u201d Salihu<\/li>\n<\/ul>\n\n\n\n<p>As distin\u00e7\u00f5es foram concedidas pela <strong>FEBACLA<\/strong> e pelo <strong>Centro Sarmathiano de Altos Estudos Filos\u00f3ficos e Hist\u00f3ricos<\/strong>.<br><br><\/p>\n\n\n<div class=\"wp-block-image\">\n<figure class=\"aligncenter size-large\"><img loading=\"lazy\" decoding=\"async\" width=\"4096\" height=\"2731\" data-attachment-id=\"77220\" data-permalink=\"http:\/\/jornalrol.com.br\/?attachment_id=77220\" data-orig-file=\"http:\/\/jornalrol.com.br\/wp-content\/uploads\/2025\/12\/academicosjuvenisFTP_9942-1-scaled.jpg\" data-orig-size=\"2560,1707\" data-comments-opened=\"1\" data-image-meta=\"{&quot;aperture&quot;:&quot;0&quot;,&quot;credit&quot;:&quot;&quot;,&quot;camera&quot;:&quot;&quot;,&quot;caption&quot;:&quot;&quot;,&quot;created_timestamp&quot;:&quot;0&quot;,&quot;copyright&quot;:&quot;&quot;,&quot;focal_length&quot;:&quot;0&quot;,&quot;iso&quot;:&quot;0&quot;,&quot;shutter_speed&quot;:&quot;0&quot;,&quot;title&quot;:&quot;&quot;,&quot;orientation&quot;:&quot;0&quot;}\" data-image-title=\"academicosjuvenisFTP_9942 (1)\" data-image-description=\"\" data-image-caption=\"\" data-large-file=\"http:\/\/jornalrol.com.br\/wp-content\/uploads\/2025\/12\/academicosjuvenisFTP_9942-1-4096x2731.jpg\" src=\"https:\/\/jornalrol.com.br\/wp-content\/uploads\/2025\/12\/academicosjuvenisFTP_9942-1-4096x2731.jpg\" alt=\"Solenidade da AAP-Brasil celebra diploma\u00e7\u00e3o juvenil, honrarias internacionais e expans\u00e3o cultural pegasiana - Fl\u00e1vio Salge\" class=\"wp-image-77220\" srcset=\"http:\/\/jornalrol.com.br\/wp-content\/uploads\/2025\/12\/academicosjuvenisFTP_9942-1-4096x2731.jpg 4096w, http:\/\/jornalrol.com.br\/wp-content\/uploads\/2025\/12\/academicosjuvenisFTP_9942-1-1200x800.jpg 1200w, http:\/\/jornalrol.com.br\/wp-content\/uploads\/2025\/12\/academicosjuvenisFTP_9942-1-768x512.jpg 768w, http:\/\/jornalrol.com.br\/wp-content\/uploads\/2025\/12\/academicosjuvenisFTP_9942-1-1536x1024.jpg 1536w, http:\/\/jornalrol.com.br\/wp-content\/uploads\/2025\/12\/academicosjuvenisFTP_9942-1-2048x1365.jpg 2048w\" sizes=\"auto, (max-width: 4096px) 100vw, 4096px\" \/><figcaption class=\"wp-element-caption\"><em><em><em><em><em><em>Solenidade da AAP-Brasil celebra diploma\u00e7\u00e3o juvenil, honrarias internacionais e expans\u00e3o cultural pegasiana<\/em><\/em><\/em><\/em><\/em><\/em> <em>&#8211; Foto por Fl\u00e1vio Salge<\/em><\/figcaption><\/figure>\n<\/div>\n\n\n<p><strong>Trecho Po\u00e9tico para Encerramento da solenidade<\/strong><\/p>\n\n\n\n<p><strong>Soneto Epopeia ao dia da Bandeira,<\/strong><\/p>\n\n\n\n<p><strong>lido pela acad\u00eamica juvenil Manuela Vieira Abreu em portugu\u00eas e pelo acad\u00eamico Imortal prof Dr Mhill Velaj em alban\u00eas.<\/strong><\/p>\n\n\n\n<p><strong>Epopeia ao Dia da Bandeira Albanesa<\/strong><\/p>\n\n\n\n<p class=\"has-text-align-center\"><strong>Em vinte e oito de novembro se ergue, altiva,<\/strong><\/p>\n\n\n\n<p class=\"has-text-align-center\"><strong>A chama rubra que atravessa s\u00e9culos e c\u00e9u;<\/strong><\/p>\n\n\n\n<p class=\"has-text-align-center\"><strong>De Vlor\u00eb ao mundo, a p\u00e1tria viva,<\/strong><\/p>\n\n\n\n<p class=\"has-text-align-center\"><strong>Liberta do jugo antigo, rompe o v\u00e9u.<\/strong><\/p>\n\n\n\n<p class=\"has-text-align-center\"><strong>Ismail Qemali acende o brado eterno,<\/strong><\/p>\n\n\n\n<p class=\"has-text-align-center\"><strong>Rasgando sombras que o Imp\u00e9rio imp\u00f4s;<\/strong><\/p>\n\n\n\n<p class=\"has-text-align-center\"><strong>A \u00e1guia negra, em voo soberano e moderno,<\/strong><\/p>\n\n\n\n<p class=\"has-text-align-center\"><strong>Riscando horizontes, \u00e0 liberdade conduz.<\/strong><\/p>\n\n\n\n<p class=\"has-text-align-center\"><strong>Antes, em Kruj\u00eb, ergueu-se a mesma chama,<\/strong><\/p>\n\n\n\n<p class=\"has-text-align-center\"><strong>Convocando um povo ao sonho que germinou;<\/strong><\/p>\n\n\n\n<p class=\"has-text-align-center\"><strong>Hoje, no Brasil, a di\u00e1spora inflama.<\/strong><\/p>\n\n\n\n<p class=\"has-text-align-center\"><strong>*****************************<\/strong><\/p>\n\n\n\n<p class=\"has-text-align-center\"><strong>Epika e Dit\u00ebs s\u00eb Flamurit Shqiptar<\/strong><\/p>\n\n\n\n<p class=\"has-text-align-center\"><strong>M\u00eb 28 n\u00ebntor ngrihet krenar, flak\u00eb e gjall\u00eb,<\/strong><\/p>\n\n\n\n<p class=\"has-text-align-center\"><strong>Flamuri i kuq q\u00eb p\u00ebrshkon shekuj dhe qiell;<\/strong><\/p>\n\n\n\n<p class=\"has-text-align-center\"><strong>Nga Vlor\u00eb p\u00ebr bot\u00ebn, atdheu rreh n\u00eb ball\u00eb,<\/strong><\/p>\n\n\n\n<p class=\"has-text-align-center\"><strong>I \u00e7liruar nga hije t\u00eb vjetra, shkel \u00e7do prap\u00ebsim e zjell.<\/strong><\/p>\n\n\n\n<p class=\"has-text-align-center\"><strong>Ismail Qemali ndez thirrjen e p\u00ebrjetshme,<\/strong><\/p>\n\n\n\n<p class=\"has-text-align-center\"><strong>Shp\u00ebrndan hijet q\u00eb Perandoria imponoi;<\/strong><\/p>\n\n\n\n<p class=\"has-text-align-center\"><strong>Shqiponja e zez\u00eb, e lart\u00eb dhe e pavarur,<\/strong><\/p>\n\n\n\n<p class=\"has-text-align-center\"><strong>Fluturon mbi horizont, liris\u00eb rrug\u00ebn ia gdhend.<\/strong><\/p>\n\n\n\n<p class=\"has-text-align-center\"><strong>M\u00eb par\u00eb, n\u00eb Kruj\u00eb, u ngrit e nj\u00ebjta flak\u00eb,<\/strong><\/p>\n\n\n\n<p class=\"has-text-align-center\"><strong>Thirr nj\u00eb popull drejt \u00ebndrr\u00ebs q\u00eb u mboll;<\/strong><\/p>\n\n\n\n<p class=\"has-text-align-center\"><strong>Sot, n\u00eb Brazil, diaspora ndez zjarrin pa shuar:<\/strong><\/p>\n\n\n\n<p class=\"has-text-align-center\"><strong>Merril Velaj, Bexher Asani, Prend Qettar,<\/strong><\/p>\n\n\n\n<p class=\"has-text-align-center\"><strong>Dhe Nazim Salihu, n\u00eb kujtes\u00ebn q\u00eb nuk shuhet;<\/strong><\/p>\n\n\n\n<p class=\"has-text-align-center\"><strong>N\u00eb Akademin\u00eb Pegasiane, e ardhmja shk\u00eblqen si diell.<\/strong><\/p>\n\n\n\n<figure class=\"wp-block-embed is-type-video is-provider-youtube wp-block-embed-youtube wp-embed-aspect-16-9 wp-has-aspect-ratio\"><div class=\"wp-block-embed__wrapper\">\n<iframe loading=\"lazy\" title=\"Diplomimi I Akademike\u0308ve Solenidade de posse acade\u0302mica e outorga de honrarias\" width=\"640\" height=\"360\" src=\"https:\/\/www.youtube.com\/embed\/6uqqdEWdesw?feature=oembed\" frameborder=\"0\" allow=\"accelerometer; autoplay; clipboard-write; encrypted-media; gyroscope; picture-in-picture; web-share\" referrerpolicy=\"strict-origin-when-cross-origin\" allowfullscreen><\/iframe>\n<\/div><\/figure>\n\n\n\n<h3 class=\"wp-block-heading has-text-align-center\"><br>Magna Asp\u00e1sia Fontenelle<\/h3>\n\n\n\n<div class=\"wp-block-columns is-layout-flex wp-container-core-columns-is-layout-9d6595d7 wp-block-columns-is-layout-flex\">\n<div class=\"wp-block-column is-layout-flow wp-block-column-is-layout-flow\">\n<h3 class=\"wp-block-heading has-text-align-center has-luminous-vivid-amber-to-luminous-vivid-orange-gradient-background has-background\"><a href=\"https:\/\/www.facebook.com\/magna.fontenelle\" target=\"_blank\" rel=\"noopener\" title=\"Facebook\">Facebook<\/a><\/h3>\n<\/div>\n\n\n\n<div class=\"wp-block-column is-layout-flow wp-block-column-is-layout-flow\">\n<h3 class=\"wp-block-heading has-text-align-center has-luminous-vivid-amber-to-luminous-vivid-orange-gradient-background has-background\"><a href=\"https:\/\/www.instagram.com\/fontenellemagna\/?locale=pl\" title=\"Instagram\">Instagram<\/a><\/h3>\n<\/div>\n<\/div>\n\n\n\n<p><a href=\"https:\/\/jornalrol.com.br\/\" title=\"Voltar\">Voltar<\/a><\/p>\n\n\n\n<p><a href=\"https:\/\/www.facebook.com\/JCulturalrol\/\" title=\"Facebook\">Facebook<\/a><\/p>\n","protected":false},"excerpt":{"rendered":"<p>A Akademia Alternativa Pegasiane Brasil realizou, no dia 28 de novembro de 2025 \u00e1s 19h, uma de suas mais significativas e concorridas solenidades desde sua&#8230;<\/p>\n","protected":false},"author":14,"featured_media":77206,"comment_status":"open","ping_status":"closed","sticky":false,"template":"","format":"standard","meta":{"_jetpack_newsletter_access":"","_jetpack_dont_email_post_to_subs":false,"_jetpack_newsletter_tier_id":0,"_jetpack_memberships_contains_paywalled_content":false,"_jetpack_memberships_contains_paid_content":false,"footnotes":""},"categories":[9391],"tags":[15584,15585,8060],"class_list":["post-77205","post","type-post","status-publish","format-standard","has-post-thumbnail","hentry","category-academiasefederacoes","tag-akademia-alternativa-pegasiane-brasil","tag-diplomacao-juvenil","tag-solenidade"],"aioseo_notices":[],"views":524,"jetpack_featured_media_url":"http:\/\/jornalrol.com.br\/wp-content\/uploads\/2025\/12\/565392620_17844078360598843_933327402623998654_n.jpg","jetpack_sharing_enabled":true,"jetpack_likes_enabled":true,"jetpack-related-posts":[{"id":40401,"url":"http:\/\/jornalrol.com.br\/?p=40401","url_meta":{"origin":77205,"position":0},"title":"Academia de Letras do Brasil \u2013 ALB, Seccional Uberaba, e Akademia Alternative Pegasiane Brasil promovem o I Cantarau","author":"Sergio Diniz da Costa","date":"7 de maio de 2021","format":false,"excerpt":"O I Cantarau da ALB\/AAP ocorrer\u00e1 amanh\u00e3, dia 8 de maio de 2021, \u00e0s 17h A Academia de Letras do Brasil \u2013 ALB, Seccional Uberaba, e a Akademia Alternative Pegasiane Brasil convidam para I Cantarau da ALB\/AAP dia 8 de maio de 2021 \u00e0s 17h. O I Cantarau \u00e9 uma\u2026","rel":"","context":"Em &quot;Comunica\u00e7\u00e3o&quot;","block_context":{"text":"Comunica\u00e7\u00e3o","link":"http:\/\/jornalrol.com.br\/?cat=7"},"img":{"alt_text":"","src":"https:\/\/i0.wp.com\/www.jornalrol.com.br\/wp-content\/uploads\/2021\/05\/a77cfbd6-0697-4fe8-82d4-26b8928fe822-300x169.jpg?resize=350%2C200","width":350,"height":200,"srcset":"https:\/\/i0.wp.com\/www.jornalrol.com.br\/wp-content\/uploads\/2021\/05\/a77cfbd6-0697-4fe8-82d4-26b8928fe822-300x169.jpg?resize=350%2C200 1x, https:\/\/i0.wp.com\/www.jornalrol.com.br\/wp-content\/uploads\/2021\/05\/a77cfbd6-0697-4fe8-82d4-26b8928fe822-300x169.jpg?resize=525%2C300 1.5x, https:\/\/i0.wp.com\/www.jornalrol.com.br\/wp-content\/uploads\/2021\/05\/a77cfbd6-0697-4fe8-82d4-26b8928fe822-300x169.jpg?resize=700%2C400 2x"},"classes":[]},{"id":75901,"url":"http:\/\/jornalrol.com.br\/?p=75901","url_meta":{"origin":77205,"position":1},"title":"Recital Po\u00e9tico","author":"Magna Aspasia Fontenelle","date":"29 de setembro de 2025","format":false,"excerpt":"O Centro Cultural Cec\u00edlia Palm\u00e9rio recebeu uma noite inesquec\u00edvel de poesia, arte e reflex\u00e3o durante o recital 'Lauro Moreira \u2013 Canto ao Homem do Povo...","rel":"","context":"Em &quot;Arte&quot;","block_context":{"text":"Arte","link":"http:\/\/jornalrol.com.br\/?cat=9286"},"img":{"alt_text":"Embaixador Lauro Moreira e escritora e poetisa Magna Asp\u00e1sia Fontenelle","src":"https:\/\/i0.wp.com\/jornalrol.com.br\/wp-content\/uploads\/2025\/09\/1000568907.jpg?resize=350%2C200","width":350,"height":200,"srcset":"https:\/\/i0.wp.com\/jornalrol.com.br\/wp-content\/uploads\/2025\/09\/1000568907.jpg?resize=350%2C200 1x, https:\/\/i0.wp.com\/jornalrol.com.br\/wp-content\/uploads\/2025\/09\/1000568907.jpg?resize=525%2C300 1.5x, https:\/\/i0.wp.com\/jornalrol.com.br\/wp-content\/uploads\/2025\/09\/1000568907.jpg?resize=700%2C400 2x, https:\/\/i0.wp.com\/jornalrol.com.br\/wp-content\/uploads\/2025\/09\/1000568907.jpg?resize=1050%2C600 3x"},"classes":[]},{"id":80469,"url":"http:\/\/jornalrol.com.br\/?p=80469","url_meta":{"origin":77205,"position":2},"title":"Jornalista ser\u00e1 contemplado em solenidade da FEBACLA","author":"Sergio Diniz da Costa","date":"30 de abril de 2026","format":false,"excerpt":"O diretor do Ateli\u00ea e Jornal Rep\u00fablica Alternativa Cultural e correspondente do ROL pelo estado de Pernambuco, Bruno Alves Feitosa, receber\u00e1 da FEBACLA a...","rel":"","context":"Em &quot;Academias e Federa\u00e7\u00f5es de Artes&quot;","block_context":{"text":"Academias e Federa\u00e7\u00f5es de Artes","link":"http:\/\/jornalrol.com.br\/?cat=9391"},"img":{"alt_text":"Bruno Alves Feitosa","src":"https:\/\/i0.wp.com\/jornalrol.com.br\/wp-content\/uploads\/2026\/04\/a22e6cc9-423f-4f58-b0b2-05db2fce4b1e.jpg?resize=350%2C200&ssl=1","width":350,"height":200},"classes":[]},{"id":33334,"url":"http:\/\/jornalrol.com.br\/?p=33334","url_meta":{"origin":77205,"position":3},"title":"Ch\u00e1 da Tarde na Academia tem como Convidada Especial Magna Aspasia Fontenelle","author":"Sergio Diniz da Costa","date":"25 de agosto de 2020","format":false,"excerpt":"Ch\u00e1 da Tarde da Academia tem por objetivo\u00a0divulgar a carreira e as obras dos acad\u00eamicos e convidados especiais O Ch\u00e1 da Tarde na Academia de Letras do Brasil Seccional Campos dos Goytacazes RJ surgiu em Comemora\u00e7\u00e3o ao 2\u00b0 Ano de Funda\u00e7\u00e3o da ALB Campos dos Goytacazes RJ com objetivo de\u2026","rel":"","context":"Em &quot;Comunica\u00e7\u00e3o&quot;","block_context":{"text":"Comunica\u00e7\u00e3o","link":"http:\/\/jornalrol.com.br\/?cat=7"},"img":{"alt_text":"","src":"https:\/\/i0.wp.com\/www.jornalrol.com.br\/wp-content\/uploads\/2020\/08\/118092272_3542628209081151_5912278686478740183_o-300x300.jpg?resize=350%2C200","width":350,"height":200},"classes":[]},{"id":54938,"url":"http:\/\/jornalrol.com.br\/?p=54938","url_meta":{"origin":77205,"position":4},"title":"O Quadro de Colunistas do ROL conta com mais uma colaboradora de Primeira Grandeza Liter\u00e1ria: Magna Asp\u00e1sia Fontenelle!","author":"Sergio Diniz da Costa","date":"15 de agosto de 2020","format":false,"excerpt":"Autora e coautora de v\u00e1rios artigos cient\u00edficos, livros, colet\u00e2neas e revistas publicados em peri\u00f3dicos nacionais e internacionais, Magna Asp\u00e1sia navega por todos os Mares Liter\u00e1rios! Magna Asp\u00e1sia Fontenellle, natural de Carolina (MA) e residente em Uberaba (MG), \u00e9 professora, Dra. em Filosofia Universica - Ph.I- Philosophos Immortalem e Mestre em\u2026","rel":"","context":"Em &quot;Comunica\u00e7\u00e3o&quot;","block_context":{"text":"Comunica\u00e7\u00e3o","link":"http:\/\/jornalrol.com.br\/?cat=7"},"img":{"alt_text":"","src":"https:\/\/i0.wp.com\/jornalrol.com.br\/wp-content\/uploads\/2020\/08\/IMG-20200718-WA0002-1.jpg?resize=350%2C200","width":350,"height":200,"srcset":"https:\/\/i0.wp.com\/jornalrol.com.br\/wp-content\/uploads\/2020\/08\/IMG-20200718-WA0002-1.jpg?resize=350%2C200 1x, https:\/\/i0.wp.com\/jornalrol.com.br\/wp-content\/uploads\/2020\/08\/IMG-20200718-WA0002-1.jpg?resize=525%2C300 1.5x, https:\/\/i0.wp.com\/jornalrol.com.br\/wp-content\/uploads\/2020\/08\/IMG-20200718-WA0002-1.jpg?resize=700%2C400 2x"},"classes":[]},{"id":33055,"url":"http:\/\/jornalrol.com.br\/?p=33055","url_meta":{"origin":77205,"position":5},"title":"O Quadro de Colunistas e Correspondentes do ROL conta com mais uma colaboradora de Primeira Grandeza Liter\u00e1ria: Magna Asp\u00e1sia Fontenelle!","author":"Sergio Diniz da Costa","date":"15 de agosto de 2020","format":false,"excerpt":"Autora e coautora de v\u00e1rios artigos cient\u00edficos, livros, colet\u00e2neas e revistas publicados em peri\u00f3dicos nacionais e internacionais, Magna Asp\u00e1sia navega por todos os Mares Liter\u00e1rios! Magna Asp\u00e1sia Fontenellle, natural de Carolina (MA) e residente em Uberaba (MG), \u00e9 professora, Dra. em Filosofia Universica - Ph.I- Philosophos Immortalem e Mestre em\u2026","rel":"","context":"Em &quot;Comunica\u00e7\u00e3o&quot;","block_context":{"text":"Comunica\u00e7\u00e3o","link":"http:\/\/jornalrol.com.br\/?cat=7"},"img":{"alt_text":"","src":"https:\/\/i0.wp.com\/jornalrol.com.br\/wp-content\/uploads\/2020\/08\/IMG-20200718-WA0002-1.jpg?resize=350%2C200","width":350,"height":200,"srcset":"https:\/\/i0.wp.com\/jornalrol.com.br\/wp-content\/uploads\/2020\/08\/IMG-20200718-WA0002-1.jpg?resize=350%2C200 1x, https:\/\/i0.wp.com\/jornalrol.com.br\/wp-content\/uploads\/2020\/08\/IMG-20200718-WA0002-1.jpg?resize=525%2C300 1.5x, https:\/\/i0.wp.com\/jornalrol.com.br\/wp-content\/uploads\/2020\/08\/IMG-20200718-WA0002-1.jpg?resize=700%2C400 2x"},"classes":[]}],"_links":{"self":[{"href":"http:\/\/jornalrol.com.br\/index.php?rest_route=\/wp\/v2\/posts\/77205","targetHints":{"allow":["GET"]}}],"collection":[{"href":"http:\/\/jornalrol.com.br\/index.php?rest_route=\/wp\/v2\/posts"}],"about":[{"href":"http:\/\/jornalrol.com.br\/index.php?rest_route=\/wp\/v2\/types\/post"}],"author":[{"embeddable":true,"href":"http:\/\/jornalrol.com.br\/index.php?rest_route=\/wp\/v2\/users\/14"}],"replies":[{"embeddable":true,"href":"http:\/\/jornalrol.com.br\/index.php?rest_route=%2Fwp%2Fv2%2Fcomments&post=77205"}],"version-history":[{"count":4,"href":"http:\/\/jornalrol.com.br\/index.php?rest_route=\/wp\/v2\/posts\/77205\/revisions"}],"predecessor-version":[{"id":77234,"href":"http:\/\/jornalrol.com.br\/index.php?rest_route=\/wp\/v2\/posts\/77205\/revisions\/77234"}],"wp:featuredmedia":[{"embeddable":true,"href":"http:\/\/jornalrol.com.br\/index.php?rest_route=\/wp\/v2\/media\/77206"}],"wp:attachment":[{"href":"http:\/\/jornalrol.com.br\/index.php?rest_route=%2Fwp%2Fv2%2Fmedia&parent=77205"}],"wp:term":[{"taxonomy":"category","embeddable":true,"href":"http:\/\/jornalrol.com.br\/index.php?rest_route=%2Fwp%2Fv2%2Fcategories&post=77205"},{"taxonomy":"post_tag","embeddable":true,"href":"http:\/\/jornalrol.com.br\/index.php?rest_route=%2Fwp%2Fv2%2Ftags&post=77205"}],"curies":[{"name":"wp","href":"https:\/\/api.w.org\/{rel}","templated":true}]}}