{"id":77266,"date":"2025-12-10T14:30:41","date_gmt":"2025-12-10T17:30:41","guid":{"rendered":"https:\/\/jornalrol.com.br\/?p=77266"},"modified":"2025-12-10T14:30:59","modified_gmt":"2025-12-10T17:30:59","slug":"de-tupa-sp-para-o-jornal-rol-marcio-jose-zacarias","status":"publish","type":"post","link":"http:\/\/jornalrol.com.br\/?p=77266","title":{"rendered":"De Tup\u00e3 (SP) para o Jornal ROL, M\u00e1rcio Jos\u00e9 Zacarias!"},"content":{"rendered":"<div class=\"pdfprnt-buttons pdfprnt-buttons-post pdfprnt-top-right\"><a href=\"http:\/\/jornalrol.com.br\/index.php?rest_route=%2Fwp%2Fv2%2Fposts%2F77266&print=pdf\" class=\"pdfprnt-button pdfprnt-button-pdf\" target=\"_blank\" ><\/a><a href=\"http:\/\/jornalrol.com.br\/index.php?rest_route=%2Fwp%2Fv2%2Fposts%2F77266&print=print\" class=\"pdfprnt-button pdfprnt-button-print\" target=\"_blank\" ><img decoding=\"async\" src=\"https:\/\/jornalrol.com.br\/wp-content\/plugins\/pdf-print\/images\/print.png\" alt=\"image_print\" title=\"Conte\u00fado de impress\u00e3o\" \/><\/a><\/div>\n<h2 class=\"wp-block-heading has-text-align-center\">Um educador-escritor, M\u00e1rcio Jos\u00e9 Zacarias, com o giz e o teclado, ensina crian\u00e7as e adultos a pensarem e sentirem! <br><br><\/h2>\n\n\n<div class=\"wp-block-image\">\n<figure class=\"aligncenter size-full is-resized\"><img loading=\"lazy\" decoding=\"async\" width=\"1200\" height=\"1599\" data-attachment-id=\"77267\" data-permalink=\"http:\/\/jornalrol.com.br\/?attachment_id=77267\" data-orig-file=\"http:\/\/jornalrol.com.br\/wp-content\/uploads\/2025\/12\/f4055640-0d8b-4d9c-bf6d-435b84b956ba.jpg\" data-orig-size=\"1200,1599\" data-comments-opened=\"1\" data-image-meta=\"{&quot;aperture&quot;:&quot;0&quot;,&quot;credit&quot;:&quot;&quot;,&quot;camera&quot;:&quot;&quot;,&quot;caption&quot;:&quot;&quot;,&quot;created_timestamp&quot;:&quot;0&quot;,&quot;copyright&quot;:&quot;&quot;,&quot;focal_length&quot;:&quot;0&quot;,&quot;iso&quot;:&quot;0&quot;,&quot;shutter_speed&quot;:&quot;0&quot;,&quot;title&quot;:&quot;&quot;,&quot;orientation&quot;:&quot;0&quot;}\" data-image-title=\"f4055640-0d8b-4d9c-bf6d-435b84b956ba\" data-image-description=\"&lt;p&gt;M\u00e1rcio Jos\u00e9 Zacarias&lt;\/p&gt;\n\" data-image-caption=\"&lt;p&gt;M\u00e1rcio Jos\u00e9 Zacarias&lt;\/p&gt;\n\" data-large-file=\"http:\/\/jornalrol.com.br\/wp-content\/uploads\/2025\/12\/f4055640-0d8b-4d9c-bf6d-435b84b956ba.jpg\" src=\"https:\/\/jornalrol.com.br\/wp-content\/uploads\/2025\/12\/f4055640-0d8b-4d9c-bf6d-435b84b956ba.jpg\" alt=\"M\u00e1rcio Jos\u00e9 Zacarias\" class=\"wp-image-77267\" style=\"aspect-ratio:0.7504816148756177;width:149px;height:auto\" srcset=\"http:\/\/jornalrol.com.br\/wp-content\/uploads\/2025\/12\/f4055640-0d8b-4d9c-bf6d-435b84b956ba.jpg 1200w, http:\/\/jornalrol.com.br\/wp-content\/uploads\/2025\/12\/f4055640-0d8b-4d9c-bf6d-435b84b956ba-901x1200.jpg 901w, http:\/\/jornalrol.com.br\/wp-content\/uploads\/2025\/12\/f4055640-0d8b-4d9c-bf6d-435b84b956ba-768x1023.jpg 768w, http:\/\/jornalrol.com.br\/wp-content\/uploads\/2025\/12\/f4055640-0d8b-4d9c-bf6d-435b84b956ba-1153x1536.jpg 1153w\" sizes=\"auto, (max-width: 1200px) 100vw, 1200px\" \/><figcaption class=\"wp-element-caption\">M\u00e1rcio Jos\u00e9 Zacarias<\/figcaption><\/figure>\n<\/div>\n\n\n<p class=\"has-drop-cap\"><strong>M\u00e1rcio Jos\u00e9 Zacarias<\/strong>,  natural de Tup\u00e3 (SP), conhecido no meio liter\u00e1rio pelo pseud\u00f4nimo <strong>Arthur Souto<\/strong>, construiu uma trajet\u00f3ria marcada pelo compromisso com a educa\u00e7\u00e3o, a arte e a palavra como instrumento de transforma\u00e7\u00e3o social.<\/p>\n\n\n\n<p>Possui forma\u00e7\u00e3o multidisciplinar, sendo graduado em Pedagogia, Letras, Artes, Educa\u00e7\u00e3o F\u00edsica e Hist\u00f3ria, al\u00e9m de especializa\u00e7\u00f5es em Alfabetiza\u00e7\u00e3o e Letramento, Neuropsicopedagogia, Matem\u00e1tica, Educa\u00e7\u00e3o Inclusiva e Produ\u00e7\u00e3o Textual. Ao longo de sua carreira, atuou na Educa\u00e7\u00e3o Infantil, no Ensino Superior e, atualmente, \u00e9 professor efetivo do Ensino Fundamental I pelo Estado de S\u00e3o Paulo e pela Prefeitura Municipal de S\u00e3o Paulo.<\/p>\n\n\n\n<p>Como escritor, Arthur Souto \u00e9 autor de diversas obras que transitam entre a literatura infantil, a poesia e o romance, com destaque para P\u00e9 de Menina, A Fada do Pix \u2014 vencedora do Pr\u00eamio Ecos da Literatura 2024 como melhor livro original \u2014, O Tumbeiro \u2014 eleito Melhor Romance de 2024 pelo Pr\u00eamio Book Brasil e finalista do Pr\u00eamio Pluma de Ouro\u2014, Minha vida em versos e flores, Tonha, a Barraqueira, al\u00e9m de participa\u00e7\u00f5es em diversas antologias.<\/p>\n\n\n\n<p>Seu trabalho liter\u00e1rio e educacional j\u00e1 lhe rendeu homenagens pela C\u00e2mara de Vereadores das cidades de Tup\u00e3 e Sorocaba. \u00c9 membro da Academia Independente de Letras e da NAISLA \u2013 N\u00facleo Accademia Italiano di Scienze, Lettere e Arti, al\u00e9m de colaborar como escritor da Revista Adup\u00e9.<\/p>\n\n\n\n<p>M\u00e1rcio Jos\u00e9 Zacarias acredita na palavra como ponte entre saberes, emo\u00e7\u00f5es e realidades. Em seus textos, transforma experi\u00eancias humanas em sentimento, cr\u00edtica e poesia, oferecendo ao leitor uma vis\u00e3o sens\u00edvel, profunda e \u00fanica do mundo. Para al\u00e9m do educador e escritor, \u00e9 pai dedicado de Juninho e Arthur e av\u00f4 orgulhoso da pequena Maria, suas maiores inspira\u00e7\u00f5es.<\/p>\n\n\n\n<p>M\u00e1rcio se apresenta aos leitores do <strong>ROL<\/strong> com poema regionalista &#8216;Cordel das Mulheres Brasileiras&#8217;<\/p>\n\n\n\n<p><br><\/p>\n\n\n\n<h2 class=\"wp-block-heading has-text-align-center\">Cordel das Mulheres Brasileiras<\/h2>\n\n\n\n<p class=\"has-text-align-center\"><br><\/p>\n\n\n<div class=\"wp-block-image\">\n<figure class=\"aligncenter size-full is-resized\"><img loading=\"lazy\" decoding=\"async\" width=\"1024\" height=\"1536\" data-attachment-id=\"77285\" data-permalink=\"http:\/\/jornalrol.com.br\/?attachment_id=77285\" data-orig-file=\"http:\/\/jornalrol.com.br\/wp-content\/uploads\/2025\/12\/2cb0a375-7c9d-4801-a03d-b73619a5d9ee.jpg\" data-orig-size=\"1024,1536\" data-comments-opened=\"1\" data-image-meta=\"{&quot;aperture&quot;:&quot;0&quot;,&quot;credit&quot;:&quot;&quot;,&quot;camera&quot;:&quot;&quot;,&quot;caption&quot;:&quot;&quot;,&quot;created_timestamp&quot;:&quot;0&quot;,&quot;copyright&quot;:&quot;&quot;,&quot;focal_length&quot;:&quot;0&quot;,&quot;iso&quot;:&quot;0&quot;,&quot;shutter_speed&quot;:&quot;0&quot;,&quot;title&quot;:&quot;&quot;,&quot;orientation&quot;:&quot;0&quot;}\" data-image-title=\"2cb0a375-7c9d-4801-a03d-b73619a5d9ee\" data-image-description=\"\" data-image-caption=\"\" data-large-file=\"http:\/\/jornalrol.com.br\/wp-content\/uploads\/2025\/12\/2cb0a375-7c9d-4801-a03d-b73619a5d9ee.jpg\" src=\"https:\/\/jornalrol.com.br\/wp-content\/uploads\/2025\/12\/2cb0a375-7c9d-4801-a03d-b73619a5d9ee.jpg\" alt=\"Cordel das Mulheres Brasileiras\" class=\"wp-image-77285\" style=\"width:320px;height:auto\" srcset=\"http:\/\/jornalrol.com.br\/wp-content\/uploads\/2025\/12\/2cb0a375-7c9d-4801-a03d-b73619a5d9ee.jpg 1024w, http:\/\/jornalrol.com.br\/wp-content\/uploads\/2025\/12\/2cb0a375-7c9d-4801-a03d-b73619a5d9ee-800x1200.jpg 800w, http:\/\/jornalrol.com.br\/wp-content\/uploads\/2025\/12\/2cb0a375-7c9d-4801-a03d-b73619a5d9ee-768x1152.jpg 768w\" sizes=\"auto, (max-width: 1024px) 100vw, 1024px\" \/><figcaption class=\"wp-element-caption\"><em>Cordel das Mulheres Brasileiras<\/em><\/figcaption><\/figure>\n<\/div>\n\n\n<p class=\"has-text-align-center\">No canto dessa viola<br>Eu venho aqui declamar,<br>A for\u00e7a das brasileiras<br>Que o mundo vive a admirar.<br>Mulheres que s\u00e3o coragem,<br>Raiz, futuro e luar.<\/p>\n\n\n\n<p class=\"has-text-align-center\">Come\u00e7o por Carmelita,<br>Mulher de fibra e valor,<br>Que faz da vida batalha<br>E vence seja onde for.<br>Seu passo firme ensina<br>Que o medo n\u00e3o vence o amor.<\/p>\n\n\n\n<p class=\"has-text-align-center\">Ionete segue ao lado,<br>Com seu jeito decidido,<br>Feita de riso e de luta,<br>De afeto bem repartido.<br>\u00c9 daquelas que, no trope\u00e7o,<br>Levanta e segue o caminho.<\/p>\n\n\n\n<p class=\"has-text-align-center\">Isabel \u00e9 luz acesa,<br>\u00c9 mapa, \u00e9 dire\u00e7\u00e3o;<br>Tem palavra que aconchega<br>E firmeza no cora\u00e7\u00e3o.<br>Onde ela pisa brota for\u00e7a,<br>Onde ela fala h\u00e1 raz\u00e3o.<\/p>\n\n\n\n<p class=\"has-text-align-center\">Sheila \u00e9 vento valente,<br>Tempestade que constr\u00f3i.<br>N\u00e3o se curva ao imposs\u00edvel,<br>N\u00e3o aceita o \u201cdepois\u201d.<br>Se o mundo fecha janelas,<br>Ela mesma as abre e rep\u00f5e.<\/p>\n\n\n\n<p class=\"has-text-align-center\">E Maria\u2026 ah, Maria,<br>Nome que o Brasil carrega,<br>Presente em cada esquina,<br>Em cada hist\u00f3ria que alegra.<br>Maria que \u00e9 m\u00e3e, \u00e9 filha,<br>\u00c9 raiz que nunca nega.<\/p>\n\n\n\n<p class=\"has-text-align-center\">Mas n\u00e3o paro por aqui,<br>Pois a lista \u00e9 sem fim:<br>Tem Dandara guerreira,<br>Tem Chiquinha no bandolim,<br>Tem Z\u00e9lia, Ruth e Carolina,<br>Escrevendo o pa\u00eds assim.<\/p>\n\n\n\n<p class=\"has-text-align-center\">Tem Anita que foi soldado,<br>Tem Tarsila que fez cor,<br>Clarice que fez mist\u00e9rio,<br>Nise que plantou amor.<br>Cada uma abriu estradas<br>Pro Brasil ser o que for.<\/p>\n\n\n\n<p class=\"has-text-align-center\">Mulheres da feira e da ro\u00e7a,<br>Da sala e do batente,<br>Mulheres que guiam a vida<br>Com m\u00e3o firme e alma quente.<br>Mulheres que levantam outras<br>E seguem sempre em frente.<\/p>\n\n\n\n<p class=\"has-text-align-center\">Por isso fa\u00e7o estes versos<br>Com honra e gratid\u00e3o:<br>A todas que vieram antes<br>E \u00e0s que ainda vir\u00e3o.<br>Se o Brasil tem esperan\u00e7a,<br>\u00c9 no pulso de cada mulher,<br>\u00c9 no brilho que elas carregam,<br>\u00c9 no mundo que elas querem.<\/p>\n\n\n\n<p class=\"has-text-align-center\">E que o cordel se espalhe<br>Em cada canto e lugar:<br>Mulher \u00e9 for\u00e7a que move<br>O tempo, o sonho e o mar.<br>E quem aprende com elas<br>Jamais deixa de lutar.<br>M\u00e1rcio Jos\u00e9 Zacarias<\/p>\n\n\n\n<h3 class=\"wp-block-heading has-text-align-center\"><br>M\u00e1rcio Jos\u00e9 Zacarias<\/h3>\n\n\n\n<div class=\"wp-block-columns is-layout-flex wp-container-core-columns-is-layout-9d6595d7 wp-block-columns-is-layout-flex\">\n<div class=\"wp-block-column is-layout-flow wp-block-column-is-layout-flow\">\n<h3 class=\"wp-block-heading has-text-align-center has-electric-grass-gradient-background has-background\"><a href=\"https:\/\/wa.me\/11916184671\" target=\"_blank\" rel=\"noopener\" title=\"WhatsApp\">WhatsApp<\/a><\/h3>\n<\/div>\n\n\n\n<div class=\"wp-block-column is-layout-flow wp-block-column-is-layout-flow\">\n<h3 class=\"wp-block-heading has-text-align-center has-electric-grass-gradient-background has-background\"><a href=\"https:\/\/www.instagram.com\/mundo_encantado_dos_livros\/\" title=\"Instagram\">Instagram<\/a><\/h3>\n<\/div>\n<\/div>\n\n\n\n<p><a href=\"http:\/\/jornalrol.com.br\/\" title=\"Voltar\">Voltar<\/a><\/p>\n\n\n\n<p><a href=\"https:\/\/www.facebook.com\/JCulturalrol\/\" title=\"Facebook\">Facebook<\/a><\/p>\n","protected":false},"excerpt":{"rendered":"<p>M\u00e1rcio Jos\u00e9 Zacarias, natural de Tup\u00e3 (SP), conhecido no meio liter\u00e1rio pelo pseud\u00f4nimo Arthur Souto, construiu uma trajet\u00f3ria marcada pelo compromisso com&#8230; <\/p>\n","protected":false},"author":6,"featured_media":77267,"comment_status":"open","ping_status":"closed","sticky":false,"template":"","format":"standard","meta":{"_jetpack_newsletter_access":"","_jetpack_dont_email_post_to_subs":false,"_jetpack_newsletter_tier_id":0,"_jetpack_memberships_contains_paywalled_content":false,"_jetpack_memberships_contains_paid_content":false,"footnotes":""},"categories":[10981,9285],"tags":[15597],"class_list":["post-77266","post","type-post","status-publish","format-standard","has-post-thumbnail","hentry","category-apresentacao-de-colunista","category-literatura","tag-marcio-jose-zacarias"],"aioseo_notices":[],"views":2531,"jetpack_featured_media_url":"http:\/\/jornalrol.com.br\/wp-content\/uploads\/2025\/12\/f4055640-0d8b-4d9c-bf6d-435b84b956ba.jpg","jetpack_sharing_enabled":true,"jetpack_likes_enabled":true,"jetpack-related-posts":[{"id":77688,"url":"http:\/\/jornalrol.com.br\/?p=77688","url_meta":{"origin":77266,"position":0},"title":"Vozes caladas","author":"Marcio Jose Zacarias","date":"6 de janeiro de 2026","format":false,"excerpt":"Na rua vazia, h\u00e1 gritos no ch\u00e3o, sonhos quebrados, pedindo aten\u00e7\u00e3o. Olhares que clamam por p\u00e3o e abrigo, contudo o mundo apressa-se, segue consigo.","rel":"","context":"Em &quot;Literatura&quot;","block_context":{"text":"Literatura","link":"http:\/\/jornalrol.com.br\/?cat=9285"},"img":{"alt_text":"Imagem criada por IA do ChatGPT - 6 de janeiro de 2026, \u00e0s 11:19 PM","src":"https:\/\/i0.wp.com\/jornalrol.com.br\/wp-content\/uploads\/2026\/01\/2e5e3d57-a45b-4ee1-a244-a933fb15e2f0.jpg?resize=350%2C200","width":350,"height":200,"srcset":"https:\/\/i0.wp.com\/jornalrol.com.br\/wp-content\/uploads\/2026\/01\/2e5e3d57-a45b-4ee1-a244-a933fb15e2f0.jpg?resize=350%2C200 1x, https:\/\/i0.wp.com\/jornalrol.com.br\/wp-content\/uploads\/2026\/01\/2e5e3d57-a45b-4ee1-a244-a933fb15e2f0.jpg?resize=525%2C300 1.5x, https:\/\/i0.wp.com\/jornalrol.com.br\/wp-content\/uploads\/2026\/01\/2e5e3d57-a45b-4ee1-a244-a933fb15e2f0.jpg?resize=700%2C400 2x"},"classes":[]},{"id":78943,"url":"http:\/\/jornalrol.com.br\/?p=78943","url_meta":{"origin":77266,"position":1},"title":"Cordel das mem\u00f3rias que v\u00e3o e ficam","author":"Marcio Jose Zacarias","date":"6 de mar\u00e7o de 2026","format":false,"excerpt":"O Alzheimer \u00e9 uma doen\u00e7a silenciosa. Ele n\u00e3o chega como uma tempestade repentina, entretanto como uma n\u00e9voa lenta que vai cobrindo os caminhos da mem\u00f3ria.","rel":"","context":"Em &quot;Literatura&quot;","block_context":{"text":"Literatura","link":"http:\/\/jornalrol.com.br\/?cat=9285"},"img":{"alt_text":"Imagem criada pela IA do ChatGPT","src":"https:\/\/i0.wp.com\/jornalrol.com.br\/wp-content\/uploads\/2026\/03\/3df67cde-e314-46b0-b6c2-2d0d909700f1.jpg?resize=350%2C200","width":350,"height":200,"srcset":"https:\/\/i0.wp.com\/jornalrol.com.br\/wp-content\/uploads\/2026\/03\/3df67cde-e314-46b0-b6c2-2d0d909700f1.jpg?resize=350%2C200 1x, https:\/\/i0.wp.com\/jornalrol.com.br\/wp-content\/uploads\/2026\/03\/3df67cde-e314-46b0-b6c2-2d0d909700f1.jpg?resize=525%2C300 1.5x, https:\/\/i0.wp.com\/jornalrol.com.br\/wp-content\/uploads\/2026\/03\/3df67cde-e314-46b0-b6c2-2d0d909700f1.jpg?resize=700%2C400 2x"},"classes":[]},{"id":78090,"url":"http:\/\/jornalrol.com.br\/?p=78090","url_meta":{"origin":77266,"position":2},"title":"O mapa que chorava","author":"Marcio Jose Zacarias","date":"28 de janeiro de 2026","format":false,"excerpt":"Numa noite silenciosa, quando a escola j\u00e1 dormia e o p\u00f3 do giz repousava sobre as mesas, a sala de aula despertou para um di\u00e1logo inesperado. O mapa...","rel":"","context":"Em &quot;Contos&quot;","block_context":{"text":"Contos","link":"http:\/\/jornalrol.com.br\/?cat=9607"},"img":{"alt_text":"Imagemcriada por IA doChatGPT - 28 de janeiro de 2026, \u00e0s 09h05","src":"https:\/\/i0.wp.com\/jornalrol.com.br\/wp-content\/uploads\/2026\/01\/a4738e34-7e1d-46b4-9f49-2c3ff3ab4c05.jpg?resize=350%2C200","width":350,"height":200,"srcset":"https:\/\/i0.wp.com\/jornalrol.com.br\/wp-content\/uploads\/2026\/01\/a4738e34-7e1d-46b4-9f49-2c3ff3ab4c05.jpg?resize=350%2C200 1x, https:\/\/i0.wp.com\/jornalrol.com.br\/wp-content\/uploads\/2026\/01\/a4738e34-7e1d-46b4-9f49-2c3ff3ab4c05.jpg?resize=525%2C300 1.5x, https:\/\/i0.wp.com\/jornalrol.com.br\/wp-content\/uploads\/2026\/01\/a4738e34-7e1d-46b4-9f49-2c3ff3ab4c05.jpg?resize=700%2C400 2x"},"classes":[]},{"id":79927,"url":"http:\/\/jornalrol.com.br\/?p=79927","url_meta":{"origin":77266,"position":3},"title":"FLIMAU\u00c1 &#8211; Feira Liter\u00e1ria de Mau\u00e1","author":"Marcio Jose Zacarias","date":"8 de abril de 2026","format":false,"excerpt":"A FLIMAU\u00c1 marca um novo momento cultural em Mau\u00e1, celebrando o poder transformador da leitura. Idealizada pela escritora Vanessa Leite, em parceria com a... Mais que um evento, a feira se consolida como movimento liter\u00e1rio, reunindo autores, leitores, educadores e artistas em uma programa\u00e7\u00e3o diversificada, com conta\u00e7\u00e3o de hist\u00f3rias, lan\u00e7amentos,\u2026","rel":"","context":"Em &quot;Feira Liter\u00e1ria&quot;","block_context":{"text":"Feira Liter\u00e1ria","link":"http:\/\/jornalrol.com.br\/?cat=10922"},"img":{"alt_text":"Card da Feira Liter\u00e1ria de Mau\u00e1","src":"https:\/\/i0.wp.com\/jornalrol.com.br\/wp-content\/uploads\/2026\/04\/image-1.png?resize=350%2C200","width":350,"height":200,"srcset":"https:\/\/i0.wp.com\/jornalrol.com.br\/wp-content\/uploads\/2026\/04\/image-1.png?resize=350%2C200 1x, https:\/\/i0.wp.com\/jornalrol.com.br\/wp-content\/uploads\/2026\/04\/image-1.png?resize=525%2C300 1.5x"},"classes":[]},{"id":79317,"url":"http:\/\/jornalrol.com.br\/?p=79317","url_meta":{"origin":77266,"position":4},"title":"Frida Kahlo e Jorge Luis Borges","author":"Sergio Diniz da Costa","date":"17 de mar\u00e7o de 2026","format":false,"excerpt":"Na tarde do dia 05 de mar\u00e7o, a exposi\u00e7\u00e3o \u2018Jardim dos Sonhos: Ecos de Frida e Borges\u2019 foi palco de um enriquecedor encontro cultural no P\u00e1tio Cian\u00ea Shopping.","rel":"","context":"Em &quot;Exposi\u00e7\u00e3o&quot;","block_context":{"text":"Exposi\u00e7\u00e3o","link":"http:\/\/jornalrol.com.br\/?cat=15461"},"img":{"alt_text":"Exposi\u00e7\u00e3o Jardim dos Sonhos: Ecos de Frida e Borges, no P\u00e1tio Cian\u00ea Shopping - Foto por Danilo Gameiro","src":"https:\/\/i0.wp.com\/jornalrol.com.br\/wp-content\/uploads\/2026\/03\/cb997d52-eef5-47b6-8cc0-f9ec1c427cc8.jpg?resize=350%2C200","width":350,"height":200,"srcset":"https:\/\/i0.wp.com\/jornalrol.com.br\/wp-content\/uploads\/2026\/03\/cb997d52-eef5-47b6-8cc0-f9ec1c427cc8.jpg?resize=350%2C200 1x, https:\/\/i0.wp.com\/jornalrol.com.br\/wp-content\/uploads\/2026\/03\/cb997d52-eef5-47b6-8cc0-f9ec1c427cc8.jpg?resize=525%2C300 1.5x, https:\/\/i0.wp.com\/jornalrol.com.br\/wp-content\/uploads\/2026\/03\/cb997d52-eef5-47b6-8cc0-f9ec1c427cc8.jpg?resize=700%2C400 2x, https:\/\/i0.wp.com\/jornalrol.com.br\/wp-content\/uploads\/2026\/03\/cb997d52-eef5-47b6-8cc0-f9ec1c427cc8.jpg?resize=1050%2C600 3x, https:\/\/i0.wp.com\/jornalrol.com.br\/wp-content\/uploads\/2026\/03\/cb997d52-eef5-47b6-8cc0-f9ec1c427cc8.jpg?resize=1400%2C800 4x"},"classes":[]},{"id":42625,"url":"http:\/\/jornalrol.com.br\/?p=42625","url_meta":{"origin":77266,"position":5},"title":"M\u00e1rcio Castilho: &#039;Das trompas de Eust\u00e1quio&#039;","author":"Claudia Lundgren","date":"5 de julho de 2021","format":false,"excerpt":"Das trompas de Eust\u00e1quio Pensei numa trova, Pensei num haicai, Pensei numa nova Estrofe ao meu pai. \u00a0 Da\u00ed refletindo Mem\u00f3rias de infante, Fui eu regredindo A um tempo distante... \u00a0 A um tempo de zelo, De aconchego em casa, Daquele tempero Da sopa na brasa. \u00a0 Da sopa que\u2026","rel":"","context":"Em &quot;Comunica\u00e7\u00e3o&quot;","block_context":{"text":"Comunica\u00e7\u00e3o","link":"http:\/\/jornalrol.com.br\/?cat=7"},"img":{"alt_text":"","src":"https:\/\/i0.wp.com\/www.jornalrol.com.br\/wp-content\/uploads\/2021\/07\/PicsArt_07-05-01.38.45-150x150.jpg?resize=350%2C200","width":350,"height":200},"classes":[]}],"_links":{"self":[{"href":"http:\/\/jornalrol.com.br\/index.php?rest_route=\/wp\/v2\/posts\/77266","targetHints":{"allow":["GET"]}}],"collection":[{"href":"http:\/\/jornalrol.com.br\/index.php?rest_route=\/wp\/v2\/posts"}],"about":[{"href":"http:\/\/jornalrol.com.br\/index.php?rest_route=\/wp\/v2\/types\/post"}],"author":[{"embeddable":true,"href":"http:\/\/jornalrol.com.br\/index.php?rest_route=\/wp\/v2\/users\/6"}],"replies":[{"embeddable":true,"href":"http:\/\/jornalrol.com.br\/index.php?rest_route=%2Fwp%2Fv2%2Fcomments&post=77266"}],"version-history":[{"count":5,"href":"http:\/\/jornalrol.com.br\/index.php?rest_route=\/wp\/v2\/posts\/77266\/revisions"}],"predecessor-version":[{"id":77289,"href":"http:\/\/jornalrol.com.br\/index.php?rest_route=\/wp\/v2\/posts\/77266\/revisions\/77289"}],"wp:featuredmedia":[{"embeddable":true,"href":"http:\/\/jornalrol.com.br\/index.php?rest_route=\/wp\/v2\/media\/77267"}],"wp:attachment":[{"href":"http:\/\/jornalrol.com.br\/index.php?rest_route=%2Fwp%2Fv2%2Fmedia&parent=77266"}],"wp:term":[{"taxonomy":"category","embeddable":true,"href":"http:\/\/jornalrol.com.br\/index.php?rest_route=%2Fwp%2Fv2%2Fcategories&post=77266"},{"taxonomy":"post_tag","embeddable":true,"href":"http:\/\/jornalrol.com.br\/index.php?rest_route=%2Fwp%2Fv2%2Ftags&post=77266"}],"curies":[{"name":"wp","href":"https:\/\/api.w.org\/{rel}","templated":true}]}}