{"id":77269,"date":"2025-12-10T09:54:23","date_gmt":"2025-12-10T12:54:23","guid":{"rendered":"https:\/\/jornalrol.com.br\/?p=77269"},"modified":"2025-12-10T09:54:55","modified_gmt":"2025-12-10T12:54:55","slug":"la-vai-eulalia","status":"publish","type":"post","link":"http:\/\/jornalrol.com.br\/?p=77269","title":{"rendered":"L\u00e1 vai Eul\u00e1lia"},"content":{"rendered":"<div class=\"pdfprnt-buttons pdfprnt-buttons-post pdfprnt-top-right\"><a href=\"http:\/\/jornalrol.com.br\/index.php?rest_route=%2Fwp%2Fv2%2Fposts%2F77269&print=pdf\" class=\"pdfprnt-button pdfprnt-button-pdf\" target=\"_blank\" ><\/a><a href=\"http:\/\/jornalrol.com.br\/index.php?rest_route=%2Fwp%2Fv2%2Fposts%2F77269&print=print\" class=\"pdfprnt-button pdfprnt-button-print\" target=\"_blank\" ><img decoding=\"async\" src=\"https:\/\/jornalrol.com.br\/wp-content\/plugins\/pdf-print\/images\/print.png\" alt=\"image_print\" title=\"Conte\u00fado de impress\u00e3o\" \/><\/a><\/div>\n<h2 class=\"wp-block-heading has-text-align-center\">Evani Rocha: Poema &#8216;La vai Eul\u00e1lia&#8217;<br><br><\/h2>\n\n\n<div class=\"wp-block-image is-style-rounded\">\n<figure class=\"aligncenter size-full is-resized\"><img loading=\"lazy\" decoding=\"async\" width=\"820\" height=\"967\" data-attachment-id=\"73143\" data-permalink=\"http:\/\/jornalrol.com.br\/?attachment_id=73143\" data-orig-file=\"http:\/\/jornalrol.com.br\/wp-content\/uploads\/2025\/05\/b9f17e15-94f0-4754-bc1a-9d4c1dcb042f.jpg\" data-orig-size=\"820,967\" data-comments-opened=\"1\" data-image-meta=\"{&quot;aperture&quot;:&quot;0&quot;,&quot;credit&quot;:&quot;&quot;,&quot;camera&quot;:&quot;&quot;,&quot;caption&quot;:&quot;&quot;,&quot;created_timestamp&quot;:&quot;0&quot;,&quot;copyright&quot;:&quot;&quot;,&quot;focal_length&quot;:&quot;0&quot;,&quot;iso&quot;:&quot;0&quot;,&quot;shutter_speed&quot;:&quot;0&quot;,&quot;title&quot;:&quot;&quot;,&quot;orientation&quot;:&quot;0&quot;}\" data-image-title=\"b9f17e15-94f0-4754-bc1a-9d4c1dcb042f\" data-image-description=\"&lt;p&gt;Evani Rocha&lt;\/p&gt;\n\" data-image-caption=\"&lt;p&gt;Evani Rocha&lt;\/p&gt;\n\" data-large-file=\"http:\/\/jornalrol.com.br\/wp-content\/uploads\/2025\/05\/b9f17e15-94f0-4754-bc1a-9d4c1dcb042f.jpg\" src=\"http:\/\/jornalrol.com.br\/wp-content\/uploads\/2025\/05\/b9f17e15-94f0-4754-bc1a-9d4c1dcb042f.jpg\" alt=\"Evani Rocha\" class=\"wp-image-73143\" style=\"aspect-ratio:0.8479971561070985;width:126px;height:auto\" srcset=\"http:\/\/jornalrol.com.br\/wp-content\/uploads\/2025\/05\/b9f17e15-94f0-4754-bc1a-9d4c1dcb042f.jpg 820w, http:\/\/jornalrol.com.br\/wp-content\/uploads\/2025\/05\/b9f17e15-94f0-4754-bc1a-9d4c1dcb042f-768x906.jpg 768w\" sizes=\"auto, (max-width: 820px) 100vw, 820px\" \/><figcaption class=\"wp-element-caption\">Evani Rocha<\/figcaption><\/figure>\n<\/div>\n\n<div class=\"wp-block-image\">\n<figure class=\"aligncenter size-full is-resized\"><img loading=\"lazy\" decoding=\"async\" width=\"1080\" height=\"1080\" data-attachment-id=\"77270\" data-permalink=\"http:\/\/jornalrol.com.br\/?attachment_id=77270\" data-orig-file=\"http:\/\/jornalrol.com.br\/wp-content\/uploads\/2025\/12\/Imagem-gerada-por-Canva-em-09-de-dezembro-de-2025-as-21h40.jpg\" data-orig-size=\"1080,1080\" data-comments-opened=\"1\" data-image-meta=\"{&quot;aperture&quot;:&quot;0&quot;,&quot;credit&quot;:&quot;&quot;,&quot;camera&quot;:&quot;&quot;,&quot;caption&quot;:&quot;&quot;,&quot;created_timestamp&quot;:&quot;0&quot;,&quot;copyright&quot;:&quot;&quot;,&quot;focal_length&quot;:&quot;0&quot;,&quot;iso&quot;:&quot;0&quot;,&quot;shutter_speed&quot;:&quot;0&quot;,&quot;title&quot;:&quot;&quot;,&quot;orientation&quot;:&quot;0&quot;}\" data-image-title=\"Imagem gerada por Canva em 09 de dezembro de 2025 \u00e0s 21h40\" data-image-description=\"\" data-image-caption=\"\" data-large-file=\"http:\/\/jornalrol.com.br\/wp-content\/uploads\/2025\/12\/Imagem-gerada-por-Canva-em-09-de-dezembro-de-2025-as-21h40.jpg\" src=\"https:\/\/jornalrol.com.br\/wp-content\/uploads\/2025\/12\/Imagem-gerada-por-Canva-em-09-de-dezembro-de-2025-as-21h40.jpg\" alt=\"Imagem criada por IA do Canva - 9 de dezembro, \u00e0s 21h40\" class=\"wp-image-77270\" style=\"width:406px;height:auto\" srcset=\"http:\/\/jornalrol.com.br\/wp-content\/uploads\/2025\/12\/Imagem-gerada-por-Canva-em-09-de-dezembro-de-2025-as-21h40.jpg 1080w, http:\/\/jornalrol.com.br\/wp-content\/uploads\/2025\/12\/Imagem-gerada-por-Canva-em-09-de-dezembro-de-2025-as-21h40-600x600.jpg 600w, http:\/\/jornalrol.com.br\/wp-content\/uploads\/2025\/12\/Imagem-gerada-por-Canva-em-09-de-dezembro-de-2025-as-21h40-768x768.jpg 768w\" sizes=\"auto, (max-width: 1080px) 100vw, 1080px\" \/><figcaption class=\"wp-element-caption\"><em>Imagem criada por IA do Canva &#8211; 9 de dezembro, \u00e0s 21h40<\/em><\/figcaption><\/figure>\n<\/div>\n\n\n<p class=\"has-text-align-center\">L\u00e1 vai Eul\u00e1lia<\/p>\n\n\n\n<p class=\"has-text-align-center\">Como um raio sem trov\u00e3o!<\/p>\n\n\n\n<p class=\"has-text-align-center\">Como um facho de luz,<\/p>\n\n\n\n<p class=\"has-text-align-center\">Pelo sil\u00eancio das ruas escuras,<\/p>\n\n\n\n<p class=\"has-text-align-center\">Pelos becos decadentes,<\/p>\n\n\n\n<p class=\"has-text-align-center\">Pelas latrinas\u2026<\/p>\n\n\n\n<p class=\"has-text-align-center\">Eul\u00e1lia \u00e9 linda assim!<\/p>\n\n\n\n<p class=\"has-text-align-center\">Como uma \u00fanica flor que desabrochou no deserto!<\/p>\n\n\n\n<p class=\"has-text-align-center\">Por certo, ela derrama suas dores pelas cal\u00e7adas geladas,&nbsp;<\/p>\n\n\n\n<p class=\"has-text-align-center\">Pelas poucas ta\u00e7as vertidas, pela mudez das bocas\u2026<\/p>\n\n\n\n<p class=\"has-text-align-center\">Vai sozinha, como que flutuando,&nbsp;<\/p>\n\n\n\n<p class=\"has-text-align-center\">Seus p\u00e9s mal tocam os ladrilhos e m\u00e1rmores por onde anda.<\/p>\n\n\n\n<p class=\"has-text-align-center\">Vai espalhando no ar seu cheiro de lavanda,&nbsp;<\/p>\n\n\n\n<p class=\"has-text-align-center\">De roupa limpa\u2026<\/p>\n\n\n\n<p class=\"has-text-align-center\">Eul\u00e1lia \u00e9 dona desse sil\u00eancio, dessas noites,&nbsp;<\/p>\n\n\n\n<p class=\"has-text-align-center\">Desse mundo interior que s\u00f3 ela conhece&#8230;&nbsp;<\/p>\n\n\n\n<p class=\"has-text-align-center\">\u00c9 dela a Lua e as estrelas,<\/p>\n\n\n\n<p class=\"has-text-align-center\">A tempestade que desmancha seus cabelos e mancha sua face\u2026<\/p>\n\n\n\n<p class=\"has-text-align-center\">\u00c9 dela os r\u00f3tulos e a marginalidade que chega todos os dias ao nascer do sol!<\/p>\n\n\n\n<h3 class=\"wp-block-heading has-text-align-center\"><br>Evani Rocha<\/h3>\n\n\n\n<div class=\"wp-block-columns is-layout-flex wp-container-core-columns-is-layout-9d6595d7 wp-block-columns-is-layout-flex\">\n<div class=\"wp-block-column is-layout-flow wp-block-column-is-layout-flow\">\n<h3 class=\"wp-block-heading has-text-align-center has-luminous-vivid-amber-to-luminous-vivid-orange-gradient-background has-background\"><a href=\"https:\/\/www.facebook.com\/evani.rocha.58\" target=\"_blank\" rel=\"noopener\" title=\"Facebook\">Facebook<\/a><\/h3>\n<\/div>\n\n\n\n<div class=\"wp-block-column is-layout-flow wp-block-column-is-layout-flow\">\n<h3 class=\"wp-block-heading has-text-align-center has-luminous-vivid-amber-to-luminous-vivid-orange-gradient-background has-background\"><a href=\"https:\/\/www.instagram.com\/p\/DJX2ZwnsfcK\/\" title=\"Instagram\">Instagram<\/a><\/h3>\n<\/div>\n<\/div>\n\n\n\n<p><a href=\"https:\/\/jornalrol.com.br\/\" title=\"Voltar\">Voltar<\/a><\/p>\n\n\n\n<p><a href=\"https:\/\/www.facebook.com\/JCulturalrol\/\" title=\"Facebook\">Facebook<\/a><\/p>\n","protected":false},"excerpt":{"rendered":"<p>L\u00e1 vai Eul\u00e1lia como um raio sem trov\u00e3o! Como um facho de luz,<br \/>\n pelo sil\u00eancio das ruas escuras, Pelos becos decadentes, pelas latrinas\u2026<br \/>\nEul\u00e1lia \u00e9 linda assim!<\/p>\n","protected":false},"author":94,"featured_media":77270,"comment_status":"open","ping_status":"closed","sticky":false,"template":"","format":"standard","meta":{"_jetpack_newsletter_access":"","_jetpack_dont_email_post_to_subs":false,"_jetpack_newsletter_tier_id":0,"_jetpack_memberships_contains_paywalled_content":false,"_jetpack_memberships_contains_paid_content":false,"footnotes":""},"categories":[9285,58],"tags":[15610,15612,15609,15007,15611,15613],"class_list":["post-77269","post","type-post","status-publish","format-standard","has-post-thumbnail","hentry","category-literatura","category-poesias","tag-becos-decadentes","tag-calcadas-geladas","tag-facho-de-luz","tag-flor-no-deserto","tag-latrinas","tag-mudez-das-bocas"],"aioseo_notices":[],"views":439,"jetpack_featured_media_url":"http:\/\/jornalrol.com.br\/wp-content\/uploads\/2025\/12\/Imagem-gerada-por-Canva-em-09-de-dezembro-de-2025-as-21h40.jpg","jetpack_sharing_enabled":true,"jetpack_likes_enabled":true,"jetpack-related-posts":[{"id":67577,"url":"http:\/\/jornalrol.com.br\/?p=67577","url_meta":{"origin":77269,"position":0},"title":"Eul\u00e1lia","author":"Evani Ferreira Rocha","date":"18 de junho de 2024","format":false,"excerpt":"Rec\u00e9m-sa\u00edda da cris\u00e1lida! Possui l\u00e1bios rosados e pele de seda\u2026 Se tivesse asas, certamente elas seriam azul met\u00e1lico, ou talvez douradas. Seus olhos s\u00e3o...","rel":"","context":"Em &quot;Literatura&quot;","block_context":{"text":"Literatura","link":"http:\/\/jornalrol.com.br\/?cat=9285"},"img":{"alt_text":"Imagem criada por IA - Gencraft","src":"https:\/\/i0.wp.com\/jornalrol.com.br\/wp-content\/uploads\/2024\/06\/7c1ddae6-cf80-42fd-83d5-24eafa25aaa2.jpg?resize=350%2C200","width":350,"height":200},"classes":[]},{"id":70380,"url":"http:\/\/jornalrol.com.br\/?p=70380","url_meta":{"origin":77269,"position":1},"title":"Quanta sede","author":"Evani Ferreira Rocha","date":"28 de outubro de 2024","format":false,"excerpt":"Quanta sede n\u00e3o saciada, cacos do que foi inteiro outrora. As folhagens tomam conta da cal\u00e7ada e a fachada velha, atr\u00e1s, se desponta, \u00c9 uma sede da inf\u00e2ncia...","rel":"","context":"Em &quot;Literatura&quot;","block_context":{"text":"Literatura","link":"http:\/\/jornalrol.com.br\/?cat=9285"},"img":{"alt_text":"Imagem gerada por IA do Bing - 27 de outubro de 2024, \u00e0s 19:00 PM","src":"https:\/\/i0.wp.com\/jornalrol.com.br\/wp-content\/uploads\/2024\/10\/Imagem-criado-por-IA-do-Bing-27-de-outubro-de-2024-as-19h00.jpg?resize=350%2C200","width":350,"height":200,"srcset":"https:\/\/i0.wp.com\/jornalrol.com.br\/wp-content\/uploads\/2024\/10\/Imagem-criado-por-IA-do-Bing-27-de-outubro-de-2024-as-19h00.jpg?resize=350%2C200 1x, https:\/\/i0.wp.com\/jornalrol.com.br\/wp-content\/uploads\/2024\/10\/Imagem-criado-por-IA-do-Bing-27-de-outubro-de-2024-as-19h00.jpg?resize=525%2C300 1.5x, https:\/\/i0.wp.com\/jornalrol.com.br\/wp-content\/uploads\/2024\/10\/Imagem-criado-por-IA-do-Bing-27-de-outubro-de-2024-as-19h00.jpg?resize=700%2C400 2x"},"classes":[]},{"id":64303,"url":"http:\/\/jornalrol.com.br\/?p=64303","url_meta":{"origin":77269,"position":2},"title":"Mem\u00f3ria","author":"Evani Ferreira Rocha","date":"15 de janeiro de 2024","format":false,"excerpt":"J\u00e1 decorei tua arquitetura, tuas ruelas de pedras, as fachadas coloridas disfar\u00e7adas de arco-\u00edris. J\u00e1 pisei tuas cal\u00e7adas, bebi tuas \u00e1guas, tua fala, teu olhar,","rel":"","context":"Em &quot;Literatura&quot;","block_context":{"text":"Literatura","link":"http:\/\/jornalrol.com.br\/?cat=9285"},"img":{"alt_text":"","src":"https:\/\/i0.wp.com\/jornalrol.com.br\/wp-content\/uploads\/2024\/01\/Foto-por-Evani-Rocha-Castelo-da-Pena-e-Palacios-Mouros-Sintra-Portugal.jpg?resize=350%2C200","width":350,"height":200,"srcset":"https:\/\/i0.wp.com\/jornalrol.com.br\/wp-content\/uploads\/2024\/01\/Foto-por-Evani-Rocha-Castelo-da-Pena-e-Palacios-Mouros-Sintra-Portugal.jpg?resize=350%2C200 1x, https:\/\/i0.wp.com\/jornalrol.com.br\/wp-content\/uploads\/2024\/01\/Foto-por-Evani-Rocha-Castelo-da-Pena-e-Palacios-Mouros-Sintra-Portugal.jpg?resize=525%2C300 1.5x, https:\/\/i0.wp.com\/jornalrol.com.br\/wp-content\/uploads\/2024\/01\/Foto-por-Evani-Rocha-Castelo-da-Pena-e-Palacios-Mouros-Sintra-Portugal.jpg?resize=700%2C400 2x"},"classes":[]},{"id":78717,"url":"http:\/\/jornalrol.com.br\/?p=78717","url_meta":{"origin":77269,"position":3},"title":"Prisioneiro","author":"Evani Ferreira Rocha","date":"25 de fevereiro de 2026","format":false,"excerpt":"Ele \u00e9 prisioneiro do seu pensamento, dos paradigmas que nunca quebrou, das palavras presas na garganta, e tanto \u2018n\u00e3o\u2019 que ignorou! Ele \u00e9 seu pr\u00f3prio algoz...","rel":"","context":"Em &quot;Literatura&quot;","block_context":{"text":"Literatura","link":"http:\/\/jornalrol.com.br\/?cat=9285"},"img":{"alt_text":"Imagem gerada por IA do Copilot - 24 de fevereiro de 2026, \u00e0s 18:08 PM","src":"https:\/\/i0.wp.com\/jornalrol.com.br\/wp-content\/uploads\/2026\/02\/Imagem-gerada-por-IA-do-Copilot-em-24-de-fevereiro-de-2026-as-15h50.jpg?resize=350%2C200","width":350,"height":200,"srcset":"https:\/\/i0.wp.com\/jornalrol.com.br\/wp-content\/uploads\/2026\/02\/Imagem-gerada-por-IA-do-Copilot-em-24-de-fevereiro-de-2026-as-15h50.jpg?resize=350%2C200 1x, https:\/\/i0.wp.com\/jornalrol.com.br\/wp-content\/uploads\/2026\/02\/Imagem-gerada-por-IA-do-Copilot-em-24-de-fevereiro-de-2026-as-15h50.jpg?resize=525%2C300 1.5x, https:\/\/i0.wp.com\/jornalrol.com.br\/wp-content\/uploads\/2026\/02\/Imagem-gerada-por-IA-do-Copilot-em-24-de-fevereiro-de-2026-as-15h50.jpg?resize=700%2C400 2x"},"classes":[]},{"id":79451,"url":"http:\/\/jornalrol.com.br\/?p=79451","url_meta":{"origin":77269,"position":4},"title":"Carolina Maria de Jesus","author":"Evani Ferreira Rocha","date":"23 de mar\u00e7o de 2026","format":false,"excerpt":"Hoje eu a conheci, Carolina! Vi voc\u00ea de perto, peito aberto, p\u00e9s descal\u00e7os\u2026 Vi voc\u00ea nas dezenas de p\u00e1ginas de um di\u00e1rio\u2026de muitos di\u00e1rios! Carolina, voc\u00ea que...","rel":"","context":"Em &quot;Literatura&quot;","block_context":{"text":"Literatura","link":"http:\/\/jornalrol.com.br\/?cat=9285"},"img":{"alt_text":"Imagem gerada pelo ChatGPT - 23 de mar\u00e7o de 2026, \u00e0s 08h20","src":"https:\/\/i0.wp.com\/jornalrol.com.br\/wp-content\/uploads\/2026\/03\/Imagem-gerada-por-ChatGPT-em-23-de-marco-de-2026-as-8h20.jpg?resize=350%2C200","width":350,"height":200,"srcset":"https:\/\/i0.wp.com\/jornalrol.com.br\/wp-content\/uploads\/2026\/03\/Imagem-gerada-por-ChatGPT-em-23-de-marco-de-2026-as-8h20.jpg?resize=350%2C200 1x, https:\/\/i0.wp.com\/jornalrol.com.br\/wp-content\/uploads\/2026\/03\/Imagem-gerada-por-ChatGPT-em-23-de-marco-de-2026-as-8h20.jpg?resize=525%2C300 1.5x, https:\/\/i0.wp.com\/jornalrol.com.br\/wp-content\/uploads\/2026\/03\/Imagem-gerada-por-ChatGPT-em-23-de-marco-de-2026-as-8h20.jpg?resize=700%2C400 2x"},"classes":[]},{"id":70495,"url":"http:\/\/jornalrol.com.br\/?p=70495","url_meta":{"origin":77269,"position":5},"title":"Can\u00e7\u00e3o da vida","author":"Evani Ferreira Rocha","date":"5 de novembro de 2024","format":false,"excerpt":"Evani Rocha: Poema 'Can\u00e7\u00e3o da vida' Evani Rocha Imagem gerada por IA do Bing - 04 de novembro, \u00e0s 22h Hoje n\u00e3o tem dan\u00e7a de rolinhas no telhadoN\u00e3o tem galhos de roseira na janelaHoje s\u00f3 h\u00e1 ela e os dedos no tecladoE a melodia da letra \u2018Aquarela\u2019 Hoje tem pingos\u2026","rel":"","context":"Em &quot;Literatura&quot;","block_context":{"text":"Literatura","link":"http:\/\/jornalrol.com.br\/?cat=9285"},"img":{"alt_text":"Imagem gerada por IA do Bing - 04 de novembro, \u00e0s 22h","src":"https:\/\/i0.wp.com\/jornalrol.com.br\/wp-content\/uploads\/2024\/11\/Imagem-produzida-por-IA-do-Bing-04-de-novembro-de-2024-as-22h00.jpg?resize=350%2C200","width":350,"height":200,"srcset":"https:\/\/i0.wp.com\/jornalrol.com.br\/wp-content\/uploads\/2024\/11\/Imagem-produzida-por-IA-do-Bing-04-de-novembro-de-2024-as-22h00.jpg?resize=350%2C200 1x, https:\/\/i0.wp.com\/jornalrol.com.br\/wp-content\/uploads\/2024\/11\/Imagem-produzida-por-IA-do-Bing-04-de-novembro-de-2024-as-22h00.jpg?resize=525%2C300 1.5x"},"classes":[]}],"_links":{"self":[{"href":"http:\/\/jornalrol.com.br\/index.php?rest_route=\/wp\/v2\/posts\/77269","targetHints":{"allow":["GET"]}}],"collection":[{"href":"http:\/\/jornalrol.com.br\/index.php?rest_route=\/wp\/v2\/posts"}],"about":[{"href":"http:\/\/jornalrol.com.br\/index.php?rest_route=\/wp\/v2\/types\/post"}],"author":[{"embeddable":true,"href":"http:\/\/jornalrol.com.br\/index.php?rest_route=\/wp\/v2\/users\/94"}],"replies":[{"embeddable":true,"href":"http:\/\/jornalrol.com.br\/index.php?rest_route=%2Fwp%2Fv2%2Fcomments&post=77269"}],"version-history":[{"count":1,"href":"http:\/\/jornalrol.com.br\/index.php?rest_route=\/wp\/v2\/posts\/77269\/revisions"}],"predecessor-version":[{"id":77271,"href":"http:\/\/jornalrol.com.br\/index.php?rest_route=\/wp\/v2\/posts\/77269\/revisions\/77271"}],"wp:featuredmedia":[{"embeddable":true,"href":"http:\/\/jornalrol.com.br\/index.php?rest_route=\/wp\/v2\/media\/77270"}],"wp:attachment":[{"href":"http:\/\/jornalrol.com.br\/index.php?rest_route=%2Fwp%2Fv2%2Fmedia&parent=77269"}],"wp:term":[{"taxonomy":"category","embeddable":true,"href":"http:\/\/jornalrol.com.br\/index.php?rest_route=%2Fwp%2Fv2%2Fcategories&post=77269"},{"taxonomy":"post_tag","embeddable":true,"href":"http:\/\/jornalrol.com.br\/index.php?rest_route=%2Fwp%2Fv2%2Ftags&post=77269"}],"curies":[{"name":"wp","href":"https:\/\/api.w.org\/{rel}","templated":true}]}}