{"id":77272,"date":"2025-12-10T09:06:06","date_gmt":"2025-12-10T12:06:06","guid":{"rendered":"https:\/\/jornalrol.com.br\/?p=77272"},"modified":"2025-12-10T09:06:19","modified_gmt":"2025-12-10T12:06:19","slug":"fraternar-e-preciso","status":"publish","type":"post","link":"http:\/\/jornalrol.com.br\/?p=77272","title":{"rendered":"Fraternar \u00e9 preciso"},"content":{"rendered":"<div class=\"pdfprnt-buttons pdfprnt-buttons-post pdfprnt-top-right\"><a href=\"http:\/\/jornalrol.com.br\/index.php?rest_route=%2Fwp%2Fv2%2Fposts%2F77272&print=pdf\" class=\"pdfprnt-button pdfprnt-button-pdf\" target=\"_blank\" ><\/a><a href=\"http:\/\/jornalrol.com.br\/index.php?rest_route=%2Fwp%2Fv2%2Fposts%2F77272&print=print\" class=\"pdfprnt-button pdfprnt-button-print\" target=\"_blank\" ><img decoding=\"async\" src=\"https:\/\/jornalrol.com.br\/wp-content\/plugins\/pdf-print\/images\/print.png\" alt=\"image_print\" title=\"Conte\u00fado de impress\u00e3o\" \/><\/a><\/div>\n<h2 class=\"wp-block-heading has-text-align-center\">Renata Barcellos: &#8216;Fraternar \u00e9 preciso&#8217;<br><br><\/h2>\n\n\n<div class=\"wp-block-image is-style-rounded\">\n<figure class=\"aligncenter size-full is-resized\"><img loading=\"lazy\" decoding=\"async\" width=\"293\" height=\"344\" data-attachment-id=\"74905\" data-permalink=\"http:\/\/jornalrol.com.br\/?attachment_id=74905\" data-orig-file=\"http:\/\/jornalrol.com.br\/wp-content\/uploads\/2025\/08\/RSB2.jpeg\" data-orig-size=\"293,344\" data-comments-opened=\"1\" data-image-meta=\"{&quot;aperture&quot;:&quot;0&quot;,&quot;credit&quot;:&quot;&quot;,&quot;camera&quot;:&quot;&quot;,&quot;caption&quot;:&quot;&quot;,&quot;created_timestamp&quot;:&quot;0&quot;,&quot;copyright&quot;:&quot;&quot;,&quot;focal_length&quot;:&quot;0&quot;,&quot;iso&quot;:&quot;0&quot;,&quot;shutter_speed&quot;:&quot;0&quot;,&quot;title&quot;:&quot;&quot;,&quot;orientation&quot;:&quot;0&quot;}\" data-image-title=\"RSB2\" data-image-description=\"&lt;p&gt;Renata Barcellos&lt;\/p&gt;\n\" data-image-caption=\"&lt;p&gt;Renata Barcellos&lt;\/p&gt;\n\" data-large-file=\"http:\/\/jornalrol.com.br\/wp-content\/uploads\/2025\/08\/RSB2.jpeg\" src=\"http:\/\/jornalrol.com.br\/wp-content\/uploads\/2025\/08\/RSB2.jpeg\" alt=\"Renata Barcellos\" class=\"wp-image-74905\" style=\"aspect-ratio:0.8517876830997008;width:141px;height:auto\"\/><figcaption class=\"wp-element-caption\">Renata Barcellos<\/figcaption><\/figure>\n<\/div>\n\n<div class=\"wp-block-image\">\n<figure class=\"aligncenter size-full is-resized\"><img loading=\"lazy\" decoding=\"async\" width=\"1280\" height=\"1280\" data-attachment-id=\"77273\" data-permalink=\"http:\/\/jornalrol.com.br\/?attachment_id=77273\" data-orig-file=\"http:\/\/jornalrol.com.br\/wp-content\/uploads\/2025\/12\/8cbeb9b8-10e9-4d7b-af54-544fad3d16f8.jpg\" data-orig-size=\"1280,1280\" data-comments-opened=\"1\" data-image-meta=\"{&quot;aperture&quot;:&quot;0&quot;,&quot;credit&quot;:&quot;&quot;,&quot;camera&quot;:&quot;&quot;,&quot;caption&quot;:&quot;&quot;,&quot;created_timestamp&quot;:&quot;0&quot;,&quot;copyright&quot;:&quot;&quot;,&quot;focal_length&quot;:&quot;0&quot;,&quot;iso&quot;:&quot;0&quot;,&quot;shutter_speed&quot;:&quot;0&quot;,&quot;title&quot;:&quot;&quot;,&quot;orientation&quot;:&quot;0&quot;}\" data-image-title=\"8cbeb9b8-10e9-4d7b-af54-544fad3d16f8\" data-image-description=\"\" data-image-caption=\"\" data-large-file=\"http:\/\/jornalrol.com.br\/wp-content\/uploads\/2025\/12\/8cbeb9b8-10e9-4d7b-af54-544fad3d16f8.jpg\" src=\"https:\/\/jornalrol.com.br\/wp-content\/uploads\/2025\/12\/8cbeb9b8-10e9-4d7b-af54-544fad3d16f8.jpg\" alt=\"\" class=\"wp-image-77273\" style=\"width:366px;height:auto\" srcset=\"http:\/\/jornalrol.com.br\/wp-content\/uploads\/2025\/12\/8cbeb9b8-10e9-4d7b-af54-544fad3d16f8.jpg 1280w, http:\/\/jornalrol.com.br\/wp-content\/uploads\/2025\/12\/8cbeb9b8-10e9-4d7b-af54-544fad3d16f8-1200x1200.jpg 1200w, http:\/\/jornalrol.com.br\/wp-content\/uploads\/2025\/12\/8cbeb9b8-10e9-4d7b-af54-544fad3d16f8-600x600.jpg 600w, http:\/\/jornalrol.com.br\/wp-content\/uploads\/2025\/12\/8cbeb9b8-10e9-4d7b-af54-544fad3d16f8-768x768.jpg 768w\" sizes=\"auto, (max-width: 1280px) 100vw, 1280px\" \/><figcaption class=\"wp-element-caption\"><em>Imagem criada por IA da Mea &#8211; 9 de dezembro de 2025, <\/em><br><em>\u00e0s 9:03 PM<\/em><\/figcaption><\/figure>\n<\/div>\n\n\n<p class=\"has-drop-cap\">Neste primeiro fim de semana de dezembro, houve o encerramento do ano ma\u00e7\u00f4nico de 2025. No GOB (Grande Oriente do Brasil), em Bras\u00edlia, reuni\u00f5es para os cunhados e atividades para as cunhadas \/ fraternas. Sexta-feira (5-12), eu e meu esposo Campos Filho assistimos \u00e0 premia\u00e7\u00e3o das FRAFEMs (Fraternidade Feminina Cruzeiro do Sul). Trata-se de uma Associa\u00e7\u00e3o Civil Parama\u00e7\u00f4nica Feminina n\u00e3o inici\u00e1tica, sem fins lucrativos, vinculada ao GOB e criada pela Constitui\u00e7\u00e3o do GOB de 1967. Esta \u00e9 constitu\u00edda por esposas de Ma\u00e7ons, assim consideradas aquelas com eles civilmente casadas, ou que com eles mantenham uni\u00e3o est\u00e1vel.<\/p>\n\n\n\n<p>Tamb\u00e9m ser\u00e3o admitidas como fraternas, m\u00e3es, vi\u00favas, irm\u00e3s, filhas, e outras familiares de Ma\u00e7ons do GOB, tais como: enteadas, cunhadas, sogras, sobrinhas, tias, primas, av\u00f3s e netas, todas maiores de 18 anos de idade, al\u00e9m de antigas integrantes da A\u00e7\u00e3o Parama\u00e7\u00f4nica Juvenil (APJ), Filhas de J\u00f3 Internacional, Meninas Arco Iris que destas tenham se desligado em fun\u00e7\u00e3o da idade. A presen\u00e7a da mulher na Loja Ma\u00e7\u00f4nica fortalece a Fraternidade e conscientiza os Ma\u00e7ons do seu papel na educa\u00e7\u00e3o, na uni\u00e3o e na ambi\u00eancia crist\u00e3. &nbsp;&nbsp;<\/p>\n\n\n\n<p>Antes da divulga\u00e7\u00e3o do resultado das FRAFEMs, foram apresentados os belos trabalhos realizados. Um mais encantador que o outro. Uma fonte de inspira\u00e7\u00e3o e de solidariedade. Pudemos ratificar como \u00e9 poss\u00edvel (apesar de todas as mazelas), ser realizado um trabalho s\u00e9rio. Fraternar \u00e9 preciso!!! Que venha 2026!!!<\/p>\n\n\n\n<p>O resultado foi 1\u00b0 Projeto de apoio a crian\u00e7as em ambiente hospitalar (Paran\u00e1)&nbsp;&nbsp;&nbsp;&nbsp;&nbsp;&nbsp;&nbsp;&nbsp;&nbsp;&nbsp;&nbsp;&nbsp;&nbsp;&nbsp;&nbsp;&nbsp;&nbsp;&nbsp;&nbsp;&nbsp;&nbsp;<\/p>\n\n\n\n<p>2\u00b0 Projeto musical para crian\u00e7as carentes do munic\u00edpio de Mafra (Santa Catarina).<\/p>\n\n\n\n<p>3\u00b0: Caminhos da Inclus\u00e3o ( Bahia)<\/p>\n\n\n\n<p>Minas Gerais ficou com o pr\u00eamio de Expans\u00e3o, por fundar e reativar FRAFEMs.<\/p>\n\n\n\n<p>E o pr\u00eamio de maior nota t\u00e9cnica dada pela comiss\u00e3o julgadora ficou com o Paran\u00e1 tamb\u00e9m com o projeto: Humanizando e acolhendo. Todos os projetos est\u00e3o dispon\u00edveis no site do GOB: https:\/\/www.gob.org.br\/fraternidades-que-inspiram-2025\/.<\/p>\n\n\n\n<p>No s\u00e1bado (6-12), foi programado um roteiro para n\u00f3s cunhadas e fraternas. Pod\u00edamos optar por CITY TOUR (Memorial JK \u2192 Catedral \u2192 Congresso Nacional \u2192 Pra\u00e7a dos Tr\u00eas Poderes \u2192 Pont\u00e3o), Feira dos Importados ou ida ao Centro de Conviv\u00eancia do Idoso (CCI) localizado no Varj\u00e3o-DF para A\u00e7\u00e3o Social. Como contribui para compra das cadeiras,&nbsp;fui \u00e0 institui\u00e7\u00e3o. O local \u00e9 longe do GOB.&nbsp; Fica localizado na Quadra 5 \/ Conjunto A Lote 18*. At\u00e9 chegarmos l\u00e1, ainda conhecemos outras regi\u00f5es.<\/p>\n\n\n\n<p>A a\u00e7\u00e3o social no CENTRO DE CONVIV\u00caNCIA DO IDOSO (CCI) foi realizada pelas cunhadas e\/ou fraternas (cuja presidente nacional \u00e9 a cunhada Virg\u00ednia Montagnana) e a cunhada F\u00e1tima Carvalho, (do Estado do Piau\u00ed &#8211; coordenadora das esposas dos Parlamentares, dos deputados federais da SAFL: Soberana Assembleia Federal Legislativa), com apoio do GOB. Segundo a coordenadora, a semente da a\u00e7\u00e3o social em Bras\u00edlia, no CCI, foi lan\u00e7ada \u201cpor mim Maria de F\u00e1tima Silva Carvalho, da Fraternidade Feminina Cruzeiro do Sul &#8220;Corrente da Fraternidade&#8221;, filiada a ARLS Cruzeiro do Sul V, Oriente de Teresina\/Piau\u00ed, no grupo das esposas dos deputados federais, em julho deste ano.<\/p>\n\n\n\n<p>A ideia foi recebida com grande entusiasmo por 88 Poderosas do grupo.&nbsp; At\u00e9 o dia 22\/11, recebemos a contribui\u00e7\u00e3o destas 88 Poderosas, no valor de 40,00 reais, totalizando 3.420,00 reais. Vale ressaltar que tivemos ajuda da fraterna Elaine Albuquerque, que n\u00e3o \u00e9 esposa de deputado federal, e sim Diretora Social da Frafem Nacional. Mas com muito carinho e aten\u00e7\u00e3o nos auxiliou, pesquisando o local para entrega da doa\u00e7\u00e3o de 10 cadeiras de rodas, sendo 6 cadeiras de rodas, para pessoas com 100 e 80k, e 4 de banho, e a compra. Elaine, conseguiu com o Gr\u00e3o-Mestre Geral, Soberano Ademir C\u00e2ndido, os 2 \u00f4nibus que nos transportou at\u00e9 o Abrigo, e junto a n\u00f3s, outras fraternas que estavam no GOB para outros eventos, nos acompanharam, totalizando 112 fraternas. Al\u00e9m do transporte, o GOB ofereceu&nbsp;um caf\u00e9 da manh\u00e3 para todos os internos, como tamb\u00e9m as fraternas.<\/p>\n\n\n\n<p>Aproveito esse momento, para ressaltar minha gratid\u00e3o a todos e todas, que permitiram que esse sonho se transformasse em realidade. E a luta continua, faremos mais a\u00e7\u00f5es, nos meses de junho e&nbsp;dezembro\u201d. Vale dizer que apoiamos esta iniciativa e a sua continuidade em 2026.&nbsp;&nbsp;&nbsp;&nbsp;&nbsp;&nbsp;&nbsp;&nbsp;&nbsp;&nbsp;&nbsp;&nbsp;&nbsp;&nbsp;&nbsp;&nbsp;&nbsp;&nbsp;&nbsp;&nbsp;&nbsp;&nbsp;&nbsp;&nbsp;&nbsp;&nbsp;&nbsp;&nbsp;&nbsp;&nbsp;&nbsp;&nbsp;&nbsp;&nbsp;&nbsp;&nbsp;&nbsp;&nbsp;&nbsp;&nbsp;&nbsp;&nbsp;&nbsp;&nbsp;&nbsp;&nbsp;&nbsp;&nbsp;&nbsp;&nbsp;&nbsp;&nbsp;&nbsp;&nbsp;&nbsp;&nbsp;<\/p>\n\n\n\n<p>L\u00e1, fomos recebidas pela presidente do CCI, Eunice, juntamente com os idosos atendidos diariamente (entre 60 e 80 idosos em situa\u00e7\u00e3o de vulnerabilidade) pela institui\u00e7\u00e3o, mantida se exclusivamente por meio de doa\u00e7\u00f5es. L\u00e1, foi oferecido caf\u00e9 da manh\u00e3 para a confraterniza\u00e7\u00e3o e entrega das cadeiras. Foram doadas seis cadeiras de rodas e quatro cadeiras de banho. De acordo com a fraterna Andreia Costa Tostes (esposa do Deputado Federal: Jos\u00e9 Carlos Zanelli, da Loja Plenitude, em Florian\u00f3polis \u2013 SC &#8211; \u201cfundadora\u201d da *Fraternidade Feminina Cruzeiro do Sul Plenitude*.<\/p>\n\n\n\n<p>Atualmente, faz parte da Fraternidade de nossa Loja, ajudando no que me \u00e9 poss\u00edvel nas a\u00e7\u00f5es beneficentes. Coordenadora de Gest\u00e3o de nossa Empresa, Instituto Zanelli &#8211; Treinamento, Desenvolvimento e Educa\u00e7\u00e3o nas Organiza\u00e7\u00f5es e no Trabalho LTDA.), \u201cCompartilho com voc\u00eas que essa a\u00e7\u00e3o beneficente foi por demais rica para mim, ao conversar, com a D. Lindaura, uma idosa de 93 anos, doce e batalhadora que em breve conversa pude perceber sua for\u00e7a e vitalidade. M\u00e3e de treze filhos e que mesmo com sua idade avan\u00e7ada ainda carpina, planta batata doce e milho, limpa toda a sua casa e tamb\u00e9m est\u00e1 cuidando de um \u201cporquinho\u201d de um vizinho para, segundo ela, \u201cassa-lo\u201d na virada do ano \u2026 por fim, pedi a ela uma ora\u00e7\u00e3o, como uma ben\u00e7\u00e3o a mim e ela prontamente me respondeu: voc\u00ea j\u00e1 est\u00e1 em minhas ora\u00e7\u00f5es, minha filha.<\/p>\n\n\n\n<p>Contudo, emocionada mesma fiquei quando ela me disse que o lencinho que enrolava seu pesco\u00e7o foi doado por um rapaz de Florian\u00f3polis que a havia conhecido ali (Institui\u00e7\u00e3o de Longa Perman\u00eancia). Detalhe, em nenhum momento comentei com ela de onde eu era. E, de s\u00fabito, lhe disse que eu tamb\u00e9m era de Florian\u00f3polis, pedi seu endere\u00e7o e lhe prometi tamb\u00e9m enviar-lhe um presente. E, ela se abriu em um sorriso que guardarei para sempre em meu cora\u00e7\u00e3o. D. Lindaura nem imagina que o maior presente fui eu que ganhei ao conhec\u00ea-la. Afetuosos abra\u00e7os\u201d.&nbsp;&nbsp;&nbsp;&nbsp;&nbsp;&nbsp;&nbsp;&nbsp;&nbsp;&nbsp;&nbsp;&nbsp;&nbsp;&nbsp;&nbsp;&nbsp;&nbsp;&nbsp;&nbsp;&nbsp;&nbsp;&nbsp;&nbsp;&nbsp;&nbsp;&nbsp;&nbsp;&nbsp;&nbsp;&nbsp;&nbsp;&nbsp;&nbsp;&nbsp;&nbsp;&nbsp;&nbsp;&nbsp;&nbsp;&nbsp;&nbsp;&nbsp;&nbsp;&nbsp;&nbsp;&nbsp;&nbsp;&nbsp;&nbsp;&nbsp;&nbsp;&nbsp;&nbsp;&nbsp;&nbsp;&nbsp;&nbsp;&nbsp;&nbsp;&nbsp;&nbsp;&nbsp;&nbsp;&nbsp;&nbsp;&nbsp;&nbsp;&nbsp;&nbsp;&nbsp;&nbsp;&nbsp;&nbsp;&nbsp;&nbsp;&nbsp;&nbsp;&nbsp;&nbsp;&nbsp;&nbsp;&nbsp;&nbsp;&nbsp;&nbsp;&nbsp;&nbsp;&nbsp;&nbsp;&nbsp;&nbsp;&nbsp;&nbsp;&nbsp;&nbsp;&nbsp;&nbsp;&nbsp;&nbsp;&nbsp;&nbsp;&nbsp;&nbsp;&nbsp;&nbsp;&nbsp;&nbsp;&nbsp;&nbsp;&nbsp;<\/p>\n\n\n\n<p>E, para encerrar 2025 de diversas a\u00e7\u00f5es sociais, houve o cl\u00e1ssico Baile de Gala, no s\u00e1bado, \u00e0 noite. Neste, participam os ma\u00e7ons, as cunhadas, as fraternas, os amigos&#8230; Vale dizer que a ma\u00e7onaria \u00e9 composta essencialmente por idosos. Por mais que tenham ma\u00e7ons, cunhadas e fraternas mais novos, \u00e9 preciso respeitar a idade predominante e a institui\u00e7\u00e3o. Por exemplo, as m\u00fasicas escolhidas pela banda, a vestimenta das esposas, convidadas&#8230; A postura em geral. Ningu\u00e9m deve se sentir constrangido diante de uma situa\u00e7\u00e3o seja pelo conte\u00fado do que se ouve seja pela vestimenta.&nbsp;&nbsp;&nbsp;&nbsp;&nbsp;&nbsp;&nbsp;&nbsp;&nbsp;&nbsp;&nbsp;&nbsp;&nbsp;&nbsp;&nbsp;&nbsp;&nbsp;&nbsp;&nbsp;&nbsp;&nbsp;&nbsp;&nbsp;&nbsp;&nbsp;&nbsp;&nbsp;&nbsp;&nbsp;&nbsp;&nbsp;&nbsp;&nbsp;&nbsp;&nbsp;&nbsp;&nbsp;&nbsp;&nbsp;&nbsp;&nbsp;&nbsp;&nbsp;&nbsp;&nbsp;&nbsp;&nbsp;&nbsp;&nbsp;&nbsp;<\/p>\n\n\n\n<p>Urge os mais jovens conhecerem a ma\u00e7onaria. Se interessarem em fazer parte, a fim de contribu\u00edrem para um mundo mais solid\u00e1rio. E, por consequ\u00eancia, as esposas participarem e ou criarem de uma fraternidade e, assim, tornarem-se uma fraterna.&nbsp; &nbsp;<\/p>\n\n\n\n<p>Se voc\u00ea que est\u00e1 lendo esta mat\u00e9ria, se n\u00e3o conhece o trabalho da ma\u00e7onaria, a import\u00e2ncia na hist\u00f3ria do Brasil da atua\u00e7\u00e3o desta institui\u00e7\u00e3o e a FRAFEM, acesse o site <a href=\"https:\/\/www.gob.org.br\">https:\/\/www.gob.org.br<\/a>,\u00a0 assista ao v\u00eddeo Como posso me tornar ma\u00e7om? <a href=\"https:\/\/www.youtube.com\/watch?v=bev67MPk920&amp;t=6s\">https:\/\/www.youtube.com\/watch?v=bev67MPk920&amp;t=6s<\/a>, inscreva-se no TV GOB: <a href=\"https:\/\/www.youtube.com\/@TVGOB\">https:\/\/www.youtube.com\/@TVGOB<\/a>. Venha lutar por um mundo mais humano, solid\u00e1rio e justo!!!<\/p>\n\n\n\n<h3 class=\"wp-block-heading has-text-align-center\">Renata Barcellos<\/h3>\n\n\n\n<div class=\"wp-block-columns is-layout-flex wp-container-core-columns-is-layout-9d6595d7 wp-block-columns-is-layout-flex\">\n<div class=\"wp-block-column is-layout-flow wp-block-column-is-layout-flow\">\n<h3 class=\"wp-block-heading has-text-align-center has-luminous-vivid-amber-to-luminous-vivid-orange-gradient-background has-background\"><a href=\"https:\/\/www.facebook.com\/renata.barcellos74?rdid=tL1igWcxH5O00Zl7&amp;share_url=https%3A%2F%2Fwww.facebook.com%2Fshare%2F175qrgyvJC%2F#\" target=\"_blank\" rel=\"noopener\" title=\"Facebook\">Facebook<\/a><\/h3>\n<\/div>\n\n\n\n<div class=\"wp-block-column is-layout-flow wp-block-column-is-layout-flow\">\n<h3 class=\"wp-block-heading has-text-align-center has-luminous-vivid-amber-to-luminous-vivid-orange-gradient-background has-background\"><a href=\"https:\/\/www.instagram.com\/prof.renatabarcellos\/?utm_source=qr&amp;igsh=c2MxNnJraWE5NWx5#\" title=\"Instagram\">Instagram<\/a><\/h3>\n<\/div>\n\n\n\n<div class=\"wp-block-column is-layout-flow wp-block-column-is-layout-flow\">\n<h3 class=\"wp-block-heading has-text-align-center has-luminous-vivid-amber-to-luminous-vivid-orange-gradient-background has-background\"><a href=\"https:\/\/www.youtube.com\/@barcellartes6969\" title=\"Youtube\">Youtube<\/a><\/h3>\n<\/div>\n<\/div>\n\n\n\n<p><a href=\"http:\/\/jornalrol.com.br\/\" title=\"Voltar\">Voltar<\/a><\/p>\n\n\n\n<p><a href=\"https:\/\/www.facebook.com\/JCulturalrol\/\" title=\"Facebook\">Facebook<\/a><\/p>\n","protected":false},"excerpt":{"rendered":"<p>Neste primeiro fim de semana de dezembro, houve o encerramento do ano ma\u00e7\u00f4nico de 2025. No GOB), em Bras\u00edlia, reuni\u00f5es para os cunhados e atividades para as&#8230; <\/p>\n","protected":false},"author":127,"featured_media":77273,"comment_status":"open","ping_status":"closed","sticky":false,"template":"","format":"standard","meta":{"_jetpack_newsletter_access":"","_jetpack_dont_email_post_to_subs":false,"_jetpack_newsletter_tier_id":0,"_jetpack_memberships_contains_paywalled_content":false,"_jetpack_memberships_contains_paid_content":false,"footnotes":""},"categories":[9398,9285],"tags":[15599,15598,15600],"class_list":["post-77272","post","type-post","status-publish","format-standard","has-post-thumbnail","hentry","category-artigos","category-literatura","tag-ano-maconico","tag-gob","tag-premiacao-das-frafems"],"aioseo_notices":[],"views":384,"jetpack_featured_media_url":"http:\/\/jornalrol.com.br\/wp-content\/uploads\/2025\/12\/8cbeb9b8-10e9-4d7b-af54-544fad3d16f8.jpg","jetpack_sharing_enabled":true,"jetpack_likes_enabled":true,"jetpack-related-posts":[{"id":75975,"url":"http:\/\/jornalrol.com.br\/?p=75975","url_meta":{"origin":77272,"position":0},"title":"Ma\u00e7onaria feminina e mista","author":"Renata da Silva de Barcellos","date":"1 de outubro de 2025","format":false,"excerpt":"A Ma\u00e7onaria Feminina \u00e9 um ramo da Ma\u00e7onaria que aceita apenas mulheres, com o objetivo de promover a igualdade e a fraternidade, seguindo princ\u00edpios morais...","rel":"","context":"Em &quot;artigos&quot;","block_context":{"text":"artigos","link":"http:\/\/jornalrol.com.br\/?cat=9398"},"img":{"alt_text":"Renata Barcellos e Zara Paim","src":"https:\/\/i0.wp.com\/jornalrol.com.br\/wp-content\/uploads\/2025\/10\/1001364416.jpg?resize=350%2C200","width":350,"height":200,"srcset":"https:\/\/i0.wp.com\/jornalrol.com.br\/wp-content\/uploads\/2025\/10\/1001364416.jpg?resize=350%2C200 1x, https:\/\/i0.wp.com\/jornalrol.com.br\/wp-content\/uploads\/2025\/10\/1001364416.jpg?resize=525%2C300 1.5x"},"classes":[]},{"id":76431,"url":"http:\/\/jornalrol.com.br\/?p=76431","url_meta":{"origin":77272,"position":1},"title":"Influ\u00eancia ma\u00e7\u00f4nica nas Literaturas Brasileiras","author":"Renata da Silva de Barcellos","date":"31 de outubro de 2025","format":false,"excerpt":"A ma\u00e7onaria nasceu como organiza\u00e7\u00e3o de ajuda m\u00fatua e, ao longo do tempo, constituiu-se tamb\u00e9m como espa\u00e7o de sociabilidade, oferecendo rede de apoio...","rel":"","context":"Em &quot;Sem categoria&quot;","block_context":{"text":"Sem categoria","link":"http:\/\/jornalrol.com.br\/?cat=1"},"img":{"alt_text":"Raimundo Campos Filho, Renata Barcellos e Jorge Eduardo Magalh\u00e3es","src":"https:\/\/i0.wp.com\/jornalrol.com.br\/wp-content\/uploads\/2025\/10\/CAMPOS-EU-E-JORGE-EDUARDO-1-scaled.jpg?resize=350%2C200","width":350,"height":200,"srcset":"https:\/\/i0.wp.com\/jornalrol.com.br\/wp-content\/uploads\/2025\/10\/CAMPOS-EU-E-JORGE-EDUARDO-1-scaled.jpg?resize=350%2C200 1x, https:\/\/i0.wp.com\/jornalrol.com.br\/wp-content\/uploads\/2025\/10\/CAMPOS-EU-E-JORGE-EDUARDO-1-scaled.jpg?resize=525%2C300 1.5x, https:\/\/i0.wp.com\/jornalrol.com.br\/wp-content\/uploads\/2025\/10\/CAMPOS-EU-E-JORGE-EDUARDO-1-scaled.jpg?resize=700%2C400 2x, https:\/\/i0.wp.com\/jornalrol.com.br\/wp-content\/uploads\/2025\/10\/CAMPOS-EU-E-JORGE-EDUARDO-1-scaled.jpg?resize=1050%2C600 3x, https:\/\/i0.wp.com\/jornalrol.com.br\/wp-content\/uploads\/2025\/10\/CAMPOS-EU-E-JORGE-EDUARDO-1-scaled.jpg?resize=1400%2C800 4x"},"classes":[]},{"id":78754,"url":"http:\/\/jornalrol.com.br\/?p=78754","url_meta":{"origin":77272,"position":2},"title":"Que pa\u00eds \u00e9 este?","author":"Renata da Silva de Barcellos","date":"27 de fevereiro de 2026","format":false,"excerpt":"Depois dos festejos de Reveillon e Carnaval, de fato, agora, iniciamos o ano de 2026. Ufa, em dois meses, tantos acontecimentos fora e dentro do pa\u00eds.","rel":"","context":"Em &quot;Cr\u00f4nicas&quot;","block_context":{"text":"Cr\u00f4nicas","link":"http:\/\/jornalrol.com.br\/?cat=9392"},"img":{"alt_text":"Renata Barcellos e Campos - Arquivo pessoal","src":"https:\/\/i0.wp.com\/jornalrol.com.br\/wp-content\/uploads\/2026\/02\/0193ae39-0ef1-4884-9ff3-ab5c6e3cf4f7-1.jpg?resize=350%2C200","width":350,"height":200,"srcset":"https:\/\/i0.wp.com\/jornalrol.com.br\/wp-content\/uploads\/2026\/02\/0193ae39-0ef1-4884-9ff3-ab5c6e3cf4f7-1.jpg?resize=350%2C200 1x, https:\/\/i0.wp.com\/jornalrol.com.br\/wp-content\/uploads\/2026\/02\/0193ae39-0ef1-4884-9ff3-ab5c6e3cf4f7-1.jpg?resize=525%2C300 1.5x, https:\/\/i0.wp.com\/jornalrol.com.br\/wp-content\/uploads\/2026\/02\/0193ae39-0ef1-4884-9ff3-ab5c6e3cf4f7-1.jpg?resize=700%2C400 2x"},"classes":[]},{"id":78270,"url":"http:\/\/jornalrol.com.br\/?p=78270","url_meta":{"origin":77272,"position":3},"title":"Volta \u00e0s aulas!? Alegria ou desespero?","author":"Renata da Silva de Barcellos","date":"6 de fevereiro de 2026","format":false,"excerpt":"Este per\u00edodo \u00e9 de retorno \u00e0s aulas. Adapta\u00e7\u00e3o dos pequenos, apresenta\u00e7\u00e3o de alunos maiores, reuni\u00e3o com os respons\u00e1veis e com os professores. Estes \u00e0s voltas...","rel":"","context":"Em &quot;artigos&quot;","block_context":{"text":"artigos","link":"http:\/\/jornalrol.com.br\/?cat=9398"},"img":{"alt_text":"Renata Barcellos - Foto do arquivo da autora","src":"https:\/\/i0.wp.com\/jornalrol.com.br\/wp-content\/uploads\/2026\/02\/81541f8c-c57c-4be6-a1bf-dd7cea8f2363.jpg?resize=350%2C200","width":350,"height":200,"srcset":"https:\/\/i0.wp.com\/jornalrol.com.br\/wp-content\/uploads\/2026\/02\/81541f8c-c57c-4be6-a1bf-dd7cea8f2363.jpg?resize=350%2C200 1x, https:\/\/i0.wp.com\/jornalrol.com.br\/wp-content\/uploads\/2026\/02\/81541f8c-c57c-4be6-a1bf-dd7cea8f2363.jpg?resize=525%2C300 1.5x, https:\/\/i0.wp.com\/jornalrol.com.br\/wp-content\/uploads\/2026\/02\/81541f8c-c57c-4be6-a1bf-dd7cea8f2363.jpg?resize=700%2C400 2x"},"classes":[]},{"id":76731,"url":"http:\/\/jornalrol.com.br\/?p=76731","url_meta":{"origin":77272,"position":4},"title":"Projeto Com a palavra o autor","author":"Renata da Silva de Barcellos","date":"14 de novembro de 2025","format":false,"excerpt":"Este projeto consiste em os alunos do Terceiro ano do Ensino M\u00e9dio do Col\u00e9gio Estadual Jos\u00e9 Leite Lopes interagirem com os escritores afro-brasileiros e...","rel":"","context":"Em &quot;artigos&quot;","block_context":{"text":"artigos","link":"http:\/\/jornalrol.com.br\/?cat=9398"},"img":{"alt_text":"Renata Barcellos e Regina Pouchain","src":"https:\/\/i0.wp.com\/jornalrol.com.br\/wp-content\/uploads\/2025\/11\/REGINA-POCHAIN.jpg?resize=350%2C200","width":350,"height":200,"srcset":"https:\/\/i0.wp.com\/jornalrol.com.br\/wp-content\/uploads\/2025\/11\/REGINA-POCHAIN.jpg?resize=350%2C200 1x, https:\/\/i0.wp.com\/jornalrol.com.br\/wp-content\/uploads\/2025\/11\/REGINA-POCHAIN.jpg?resize=525%2C300 1.5x, https:\/\/i0.wp.com\/jornalrol.com.br\/wp-content\/uploads\/2025\/11\/REGINA-POCHAIN.jpg?resize=700%2C400 2x"},"classes":[]},{"id":80170,"url":"http:\/\/jornalrol.com.br\/?p=80170","url_meta":{"origin":77272,"position":5},"title":"Mulher e poder","author":"Renata da Silva de Barcellos","date":"20 de abril de 2026","format":false,"excerpt":"A hist\u00f3ria do Brasil \u00e9 marcada por mulheres pioneiras que assumiram cargos in\u00e9ditos em diversas \u00e1reas. Superaram barreiras de g\u00eanero e abrindo caminho para...","rel":"","context":"Em &quot;artigos&quot;","block_context":{"text":"artigos","link":"http:\/\/jornalrol.com.br\/?cat=9398"},"img":{"alt_text":"Imagem gerada pelo ChatGPT - https:\/\/chatgpt.com\/c\/69e56307-1980-83e9-8be4-214cefc10c22","src":"https:\/\/i0.wp.com\/jornalrol.com.br\/wp-content\/uploads\/2026\/04\/d9c46bcc-89ac-4e24-af94-f1c355a39540.jpg?resize=350%2C200","width":350,"height":200,"srcset":"https:\/\/i0.wp.com\/jornalrol.com.br\/wp-content\/uploads\/2026\/04\/d9c46bcc-89ac-4e24-af94-f1c355a39540.jpg?resize=350%2C200 1x, https:\/\/i0.wp.com\/jornalrol.com.br\/wp-content\/uploads\/2026\/04\/d9c46bcc-89ac-4e24-af94-f1c355a39540.jpg?resize=525%2C300 1.5x, https:\/\/i0.wp.com\/jornalrol.com.br\/wp-content\/uploads\/2026\/04\/d9c46bcc-89ac-4e24-af94-f1c355a39540.jpg?resize=700%2C400 2x, https:\/\/i0.wp.com\/jornalrol.com.br\/wp-content\/uploads\/2026\/04\/d9c46bcc-89ac-4e24-af94-f1c355a39540.jpg?resize=1050%2C600 3x, https:\/\/i0.wp.com\/jornalrol.com.br\/wp-content\/uploads\/2026\/04\/d9c46bcc-89ac-4e24-af94-f1c355a39540.jpg?resize=1400%2C800 4x"},"classes":[]}],"_links":{"self":[{"href":"http:\/\/jornalrol.com.br\/index.php?rest_route=\/wp\/v2\/posts\/77272","targetHints":{"allow":["GET"]}}],"collection":[{"href":"http:\/\/jornalrol.com.br\/index.php?rest_route=\/wp\/v2\/posts"}],"about":[{"href":"http:\/\/jornalrol.com.br\/index.php?rest_route=\/wp\/v2\/types\/post"}],"author":[{"embeddable":true,"href":"http:\/\/jornalrol.com.br\/index.php?rest_route=\/wp\/v2\/users\/127"}],"replies":[{"embeddable":true,"href":"http:\/\/jornalrol.com.br\/index.php?rest_route=%2Fwp%2Fv2%2Fcomments&post=77272"}],"version-history":[{"count":1,"href":"http:\/\/jornalrol.com.br\/index.php?rest_route=\/wp\/v2\/posts\/77272\/revisions"}],"predecessor-version":[{"id":77274,"href":"http:\/\/jornalrol.com.br\/index.php?rest_route=\/wp\/v2\/posts\/77272\/revisions\/77274"}],"wp:featuredmedia":[{"embeddable":true,"href":"http:\/\/jornalrol.com.br\/index.php?rest_route=\/wp\/v2\/media\/77273"}],"wp:attachment":[{"href":"http:\/\/jornalrol.com.br\/index.php?rest_route=%2Fwp%2Fv2%2Fmedia&parent=77272"}],"wp:term":[{"taxonomy":"category","embeddable":true,"href":"http:\/\/jornalrol.com.br\/index.php?rest_route=%2Fwp%2Fv2%2Fcategories&post=77272"},{"taxonomy":"post_tag","embeddable":true,"href":"http:\/\/jornalrol.com.br\/index.php?rest_route=%2Fwp%2Fv2%2Ftags&post=77272"}],"curies":[{"name":"wp","href":"https:\/\/api.w.org\/{rel}","templated":true}]}}