{"id":77275,"date":"2025-12-10T09:27:22","date_gmt":"2025-12-10T12:27:22","guid":{"rendered":"https:\/\/jornalrol.com.br\/?p=77275"},"modified":"2025-12-10T09:28:00","modified_gmt":"2025-12-10T12:28:00","slug":"encantamento","status":"publish","type":"post","link":"http:\/\/jornalrol.com.br\/?p=77275","title":{"rendered":"Encantamento"},"content":{"rendered":"<div class=\"pdfprnt-buttons pdfprnt-buttons-post pdfprnt-top-right\"><a href=\"http:\/\/jornalrol.com.br\/index.php?rest_route=%2Fwp%2Fv2%2Fposts%2F77275&print=pdf\" class=\"pdfprnt-button pdfprnt-button-pdf\" target=\"_blank\" ><\/a><a href=\"http:\/\/jornalrol.com.br\/index.php?rest_route=%2Fwp%2Fv2%2Fposts%2F77275&print=print\" class=\"pdfprnt-button pdfprnt-button-print\" target=\"_blank\" ><img decoding=\"async\" src=\"https:\/\/jornalrol.com.br\/wp-content\/plugins\/pdf-print\/images\/print.png\" alt=\"image_print\" title=\"Conte\u00fado de impress\u00e3o\" \/><\/a><\/div>\n<h2 class=\"wp-block-heading has-text-align-center\">Jos\u00e9 Antonio Torres: Poema &#8216;Encantamento&#8217;<br><br><\/h2>\n\n\n<div class=\"wp-block-image\">\n<figure class=\"aligncenter size-full is-resized\"><img loading=\"lazy\" decoding=\"async\" width=\"1080\" height=\"1306\" data-attachment-id=\"75635\" data-permalink=\"http:\/\/jornalrol.com.br\/?attachment_id=75635\" data-orig-file=\"http:\/\/jornalrol.com.br\/wp-content\/uploads\/2025\/09\/ccae34d0-7631-434d-b6b4-38dd9970ce56.jpeg\" data-orig-size=\"1080,1306\" data-comments-opened=\"1\" data-image-meta=\"{&quot;aperture&quot;:&quot;0&quot;,&quot;credit&quot;:&quot;&quot;,&quot;camera&quot;:&quot;&quot;,&quot;caption&quot;:&quot;&quot;,&quot;created_timestamp&quot;:&quot;0&quot;,&quot;copyright&quot;:&quot;&quot;,&quot;focal_length&quot;:&quot;0&quot;,&quot;iso&quot;:&quot;0&quot;,&quot;shutter_speed&quot;:&quot;0&quot;,&quot;title&quot;:&quot;&quot;,&quot;orientation&quot;:&quot;0&quot;}\" data-image-title=\"ccae34d0-7631-434d-b6b4-38dd9970ce56\" data-image-description=\"&lt;p&gt;Jos\u00e9 Antonio Torres&lt;\/p&gt;\n\" data-image-caption=\"&lt;p&gt;Jos\u00e9 Antonio Torres&lt;\/p&gt;\n\" data-large-file=\"http:\/\/jornalrol.com.br\/wp-content\/uploads\/2025\/09\/ccae34d0-7631-434d-b6b4-38dd9970ce56.jpeg\" src=\"http:\/\/jornalrol.com.br\/wp-content\/uploads\/2025\/09\/ccae34d0-7631-434d-b6b4-38dd9970ce56.jpeg\" alt=\"Jos\u00e9 Antonio Torres\" class=\"wp-image-75635\" style=\"aspect-ratio:0.8269624205879186;width:149px;height:auto\" srcset=\"http:\/\/jornalrol.com.br\/wp-content\/uploads\/2025\/09\/ccae34d0-7631-434d-b6b4-38dd9970ce56.jpeg 1080w, http:\/\/jornalrol.com.br\/wp-content\/uploads\/2025\/09\/ccae34d0-7631-434d-b6b4-38dd9970ce56-992x1200.jpeg 992w, http:\/\/jornalrol.com.br\/wp-content\/uploads\/2025\/09\/ccae34d0-7631-434d-b6b4-38dd9970ce56-768x929.jpeg 768w\" sizes=\"auto, (max-width: 1080px) 100vw, 1080px\" \/><figcaption class=\"wp-element-caption\">Jos\u00e9 Antonio Torres<\/figcaption><\/figure>\n<\/div>\n\n<div class=\"wp-block-image\">\n<figure class=\"aligncenter size-full is-resized\"><img loading=\"lazy\" decoding=\"async\" width=\"484\" height=\"484\" data-attachment-id=\"77276\" data-permalink=\"http:\/\/jornalrol.com.br\/?attachment_id=77276\" data-orig-file=\"http:\/\/jornalrol.com.br\/wp-content\/uploads\/2025\/12\/ed88c382-597b-426c-905c-5c836f373b0f.jpg\" data-orig-size=\"484,484\" data-comments-opened=\"1\" data-image-meta=\"{&quot;aperture&quot;:&quot;0&quot;,&quot;credit&quot;:&quot;&quot;,&quot;camera&quot;:&quot;&quot;,&quot;caption&quot;:&quot;&quot;,&quot;created_timestamp&quot;:&quot;0&quot;,&quot;copyright&quot;:&quot;&quot;,&quot;focal_length&quot;:&quot;0&quot;,&quot;iso&quot;:&quot;0&quot;,&quot;shutter_speed&quot;:&quot;0&quot;,&quot;title&quot;:&quot;&quot;,&quot;orientation&quot;:&quot;0&quot;}\" data-image-title=\"ed88c382-597b-426c-905c-5c836f373b0f\" data-image-description=\"\" data-image-caption=\"\" data-large-file=\"http:\/\/jornalrol.com.br\/wp-content\/uploads\/2025\/12\/ed88c382-597b-426c-905c-5c836f373b0f.jpg\" src=\"https:\/\/jornalrol.com.br\/wp-content\/uploads\/2025\/12\/ed88c382-597b-426c-905c-5c836f373b0f.jpg\" alt=\"\" class=\"wp-image-77276\" style=\"width:340px;height:auto\"\/><figcaption class=\"wp-element-caption\"><em>Imagem criada por IA do Bing &#8211; 10 de dezembro de 2025, \u00e0s 7:42 PM<\/em><\/figcaption><\/figure>\n<\/div>\n\n\n<p class=\"has-text-align-center\">A m\u00fasica suave\u2026<br>O multiaroma de um jardim florido<br>onde desabrocha a mais linda flor.<br>O som das ondas quebrando na praia\u2026<br>A brisa do mar fluindo pelo ar\u2026<br>Voc\u00ea!<\/p>\n\n\n\n<p class=\"has-text-align-center\">Nesse microcosmo, o mundo l\u00e1 fora n\u00e3o existe.<br>Nada mais importa.<br>Nesse ambiente que transpira amor,<br>nada pode macular essa atmosfera.<br>Nada existe al\u00e9m disso.<br>Nem pessoas, nem problemas\u2026 nada!<br>O mundo resume-se a este momento de puro encantamento.<\/p>\n\n\n\n<p class=\"has-text-align-center\">Voc\u00ea \u00e9 a representa\u00e7\u00e3o da mais perfeita flor;<br>Delicada, perfumada, sedosa e linda.<br>A entona\u00e7\u00e3o da tua voz \u00e9 doce e melodiosa.<br>Lembra o som das ondas a me embalar.<br>O teu caminhar suave parece flutuar sem o ch\u00e3o tocar.<br>A brisa do mar, impregnando o ambiente,<br>me faz sentir a tua respira\u00e7\u00e3o.<\/p>\n\n\n\n<p class=\"has-text-align-center\">Traduz a beleza e a for\u00e7a da Natureza.<br>Amar, ser amada e cultuada, preciosa flor.<br>Vieste para encantar e dar sentido \u00e0 vida.<br>Esse \u00e9 o teor da tua exist\u00eancia.<\/p>\n\n\n\n<h3 class=\"wp-block-heading has-text-align-center\"><br>Jos\u00e9 Antonio Torres<\/h3>\n\n\n\n<div class=\"wp-block-columns is-layout-flex wp-container-core-columns-is-layout-9d6595d7 wp-block-columns-is-layout-flex\">\n<div class=\"wp-block-column is-layout-flow wp-block-column-is-layout-flow\">\n<h3 class=\"wp-block-heading has-text-align-center has-electric-grass-gradient-background has-background\"><a href=\"https:\/\/www.instagram.com\/comendador_jose_antonio_torres\/\" target=\"_blank\" rel=\"noopener\" title=\"Instagram\">Instagram<\/a><\/h3>\n<\/div>\n\n\n\n<div class=\"wp-block-column is-layout-flow wp-block-column-is-layout-flow\">\n<h3 class=\"wp-block-heading has-text-align-center has-electric-grass-gradient-background has-background\"><a href=\"https:\/\/www.facebook.com\/jose.antonio.torres.92380?locale=pt_BR\" title=\"Facebook\">Facebook<\/a><\/h3>\n<\/div>\n<\/div>\n\n\n\n<p><a href=\"https:\/\/jornalrol.com.br\/\" title=\"Voltar\">Voltar<\/a><\/p>\n\n\n\n<p><a href=\"https:\/\/www.facebook.com\/JCulturalrol\/\" title=\"Facebook\">Facebook<\/a><\/p>\n","protected":false},"excerpt":{"rendered":"<p>A m\u00fasica suave\u2026 O multiaroma de um jardim florido onde desabrocha a mais linda flor. O som das ondas quebrando na praia\u2026 A brisa do mar fluindo pelo ar\u2026 Voc\u00ea!<\/p>\n","protected":false},"author":104,"featured_media":77276,"comment_status":"open","ping_status":"closed","sticky":false,"template":"","format":"standard","meta":{"_jetpack_newsletter_access":"","_jetpack_dont_email_post_to_subs":false,"_jetpack_newsletter_tier_id":0,"_jetpack_memberships_contains_paywalled_content":false,"_jetpack_memberships_contains_paid_content":false,"footnotes":""},"categories":[9285,58],"tags":[827,12405,15601],"class_list":["post-77275","post","type-post","status-publish","format-standard","has-post-thumbnail","hentry","category-literatura","category-poesias","tag-amor","tag-encantamento","tag-musica-suave"],"aioseo_notices":[],"views":1229,"jetpack_featured_media_url":"http:\/\/jornalrol.com.br\/wp-content\/uploads\/2025\/12\/ed88c382-597b-426c-905c-5c836f373b0f.jpg","jetpack_sharing_enabled":true,"jetpack_likes_enabled":true,"jetpack-related-posts":[{"id":69237,"url":"http:\/\/jornalrol.com.br\/?p=69237","url_meta":{"origin":77275,"position":0},"title":"Esta\u00e7\u00e3o das flores","author":"Jose Antonio Torres","date":"5 de setembro de 2024","format":false,"excerpt":"Chegou a Primavera! Com ela v\u00eam as flores trazendo beleza \u00e0 vida, germinando promessas, expectativas e sonhos. O ar se torna mais puro, impregnado do...","rel":"","context":"Em &quot;Literatura&quot;","block_context":{"text":"Literatura","link":"http:\/\/jornalrol.com.br\/?cat=9285"},"img":{"alt_text":"Imagem gerada pela IA do Bing -\u00a05 de setembro de 2024 \u00e0s 11:14 AM","src":"https:\/\/i0.wp.com\/jornalrol.com.br\/wp-content\/uploads\/2024\/09\/OIG3-2.jpeg?resize=350%2C200","width":350,"height":200,"srcset":"https:\/\/i0.wp.com\/jornalrol.com.br\/wp-content\/uploads\/2024\/09\/OIG3-2.jpeg?resize=350%2C200 1x, https:\/\/i0.wp.com\/jornalrol.com.br\/wp-content\/uploads\/2024\/09\/OIG3-2.jpeg?resize=525%2C300 1.5x, https:\/\/i0.wp.com\/jornalrol.com.br\/wp-content\/uploads\/2024\/09\/OIG3-2.jpeg?resize=700%2C400 2x"},"classes":[]},{"id":70203,"url":"http:\/\/jornalrol.com.br\/?p=70203","url_meta":{"origin":77275,"position":1},"title":"O c\u00e9u toca o mar","author":"Jose Antonio Torres","date":"16 de outubro de 2024","format":false,"excerpt":"A beleza dos sentimentos; os relacionamentos intensos e vividos; os rios que tocam as margens; a chuva que toca o solo para irrig\u00e1-lo e fazer germinar as flores","rel":"","context":"Em &quot;Literatura&quot;","block_context":{"text":"Literatura","link":"http:\/\/jornalrol.com.br\/?cat=9285"},"img":{"alt_text":"\"... o c\u00e9u toca o mar no horizonte...\" Imagem gerada por IA do Bing - 15 de outubro de 2024 \u00e0s 5:21 PM","src":"https:\/\/i0.wp.com\/jornalrol.com.br\/wp-content\/uploads\/2024\/10\/OIG2.JkCt8_.jpeg?resize=350%2C200","width":350,"height":200,"srcset":"https:\/\/i0.wp.com\/jornalrol.com.br\/wp-content\/uploads\/2024\/10\/OIG2.JkCt8_.jpeg?resize=350%2C200 1x, https:\/\/i0.wp.com\/jornalrol.com.br\/wp-content\/uploads\/2024\/10\/OIG2.JkCt8_.jpeg?resize=525%2C300 1.5x, https:\/\/i0.wp.com\/jornalrol.com.br\/wp-content\/uploads\/2024\/10\/OIG2.JkCt8_.jpeg?resize=700%2C400 2x"},"classes":[]},{"id":73716,"url":"http:\/\/jornalrol.com.br\/?p=73716","url_meta":{"origin":77275,"position":2},"title":"Pirilampos","author":"Jose Antonio Torres","date":"17 de junho de 2025","format":false,"excerpt":"Pontos de luz que vagueiam pela noite e nos remetem ao encantamento; pequenos seres que parecem mascotes das fadas; amiguinhos que a Natureza aben\u00e7oou...","rel":"","context":"Em &quot;Literatura&quot;","block_context":{"text":"Literatura","link":"http:\/\/jornalrol.com.br\/?cat=9285"},"img":{"alt_text":"Imagem criada por Ia do Bing - 17 de junho de 2025, \u00e0s 07:51 PM","src":"https:\/\/i0.wp.com\/jornalrol.com.br\/wp-content\/uploads\/2025\/06\/OIG3-5.jpg?resize=350%2C200","width":350,"height":200,"srcset":"https:\/\/i0.wp.com\/jornalrol.com.br\/wp-content\/uploads\/2025\/06\/OIG3-5.jpg?resize=350%2C200 1x, https:\/\/i0.wp.com\/jornalrol.com.br\/wp-content\/uploads\/2025\/06\/OIG3-5.jpg?resize=525%2C300 1.5x, https:\/\/i0.wp.com\/jornalrol.com.br\/wp-content\/uploads\/2025\/06\/OIG3-5.jpg?resize=700%2C400 2x"},"classes":[]},{"id":80422,"url":"http:\/\/jornalrol.com.br\/?p=80422","url_meta":{"origin":77275,"position":3},"title":"Idioma e poesia","author":"Jose Antonio Torres","date":"29 de abril de 2026","format":false,"excerpt":"Ah, linguagem melodiosa do acalanto! Idioma de Cam\u00f5es e Fernando Pessoa. Quem ouve te adora, entoando o canto. Sua beleza na for\u00e7a da alma ressoa.","rel":"","context":"Em &quot;Literatura&quot;","block_context":{"text":"Literatura","link":"http:\/\/jornalrol.com.br\/?cat=9285"},"img":{"alt_text":"","src":"https:\/\/i0.wp.com\/jornalrol.com.br\/wp-content\/uploads\/2026\/04\/009915da-7656-49d8-ab07-01cce54d24c3.jpg?resize=350%2C200","width":350,"height":200,"srcset":"https:\/\/i0.wp.com\/jornalrol.com.br\/wp-content\/uploads\/2026\/04\/009915da-7656-49d8-ab07-01cce54d24c3.jpg?resize=350%2C200 1x, https:\/\/i0.wp.com\/jornalrol.com.br\/wp-content\/uploads\/2026\/04\/009915da-7656-49d8-ab07-01cce54d24c3.jpg?resize=525%2C300 1.5x, https:\/\/i0.wp.com\/jornalrol.com.br\/wp-content\/uploads\/2026\/04\/009915da-7656-49d8-ab07-01cce54d24c3.jpg?resize=700%2C400 2x"},"classes":[]},{"id":66456,"url":"http:\/\/jornalrol.com.br\/?p=66456","url_meta":{"origin":77275,"position":4},"title":"No Quadro do ROL, Jos\u00e9 Antonio Torres, o Garimpeiro das Letras!","author":"Sergio Diniz da Costa","date":"13 de maio de 2024","format":false,"excerpt":"Jos\u00e9 Antonio Torres, natural do Rio de Janeiro (RJ), \u00e9 poeta, escritor e militar do Ex\u00e9rcito \u2013 reformado. Agraciado com dois T\u00edtulos Dr. H. C. em literatura...","rel":"","context":"Em &quot;Apresenta\u00e7\u00e3o de colunista&quot;","block_context":{"text":"Apresenta\u00e7\u00e3o de colunista","link":"http:\/\/jornalrol.com.br\/?cat=10981"},"img":{"alt_text":"Jose Antonio Torres","src":"https:\/\/i0.wp.com\/jornalrol.com.br\/wp-content\/uploads\/2024\/05\/FOTO-Jose-Antonio-Torres.jpg?resize=350%2C200","width":350,"height":200,"srcset":"https:\/\/i0.wp.com\/jornalrol.com.br\/wp-content\/uploads\/2024\/05\/FOTO-Jose-Antonio-Torres.jpg?resize=350%2C200 1x, https:\/\/i0.wp.com\/jornalrol.com.br\/wp-content\/uploads\/2024\/05\/FOTO-Jose-Antonio-Torres.jpg?resize=525%2C300 1.5x"},"classes":[]},{"id":74325,"url":"http:\/\/jornalrol.com.br\/?p=74325","url_meta":{"origin":77275,"position":5},"title":"A chuva","author":"Jose Antonio Torres","date":"16 de julho de 2025","format":false,"excerpt":"Aqui deitado, tentando esvaziar a mente, ouvindo o som da chuva l\u00e1 fora e vendo-a escorrer pela vidra\u00e7a, me abstenho de qualquer preocupa\u00e7\u00e3o. Seu som \u00e9...","rel":"","context":"Em &quot;Literatura&quot;","block_context":{"text":"Literatura","link":"http:\/\/jornalrol.com.br\/?cat=9285"},"img":{"alt_text":"Imagem ciada por IA do Bing - 16 de julho de 2025, \u00e0s 07:39 PM","src":"https:\/\/i0.wp.com\/jornalrol.com.br\/wp-content\/uploads\/2025\/07\/OIG3.jpg?resize=350%2C200","width":350,"height":200,"srcset":"https:\/\/i0.wp.com\/jornalrol.com.br\/wp-content\/uploads\/2025\/07\/OIG3.jpg?resize=350%2C200 1x, https:\/\/i0.wp.com\/jornalrol.com.br\/wp-content\/uploads\/2025\/07\/OIG3.jpg?resize=525%2C300 1.5x, https:\/\/i0.wp.com\/jornalrol.com.br\/wp-content\/uploads\/2025\/07\/OIG3.jpg?resize=700%2C400 2x"},"classes":[]}],"_links":{"self":[{"href":"http:\/\/jornalrol.com.br\/index.php?rest_route=\/wp\/v2\/posts\/77275","targetHints":{"allow":["GET"]}}],"collection":[{"href":"http:\/\/jornalrol.com.br\/index.php?rest_route=\/wp\/v2\/posts"}],"about":[{"href":"http:\/\/jornalrol.com.br\/index.php?rest_route=\/wp\/v2\/types\/post"}],"author":[{"embeddable":true,"href":"http:\/\/jornalrol.com.br\/index.php?rest_route=\/wp\/v2\/users\/104"}],"replies":[{"embeddable":true,"href":"http:\/\/jornalrol.com.br\/index.php?rest_route=%2Fwp%2Fv2%2Fcomments&post=77275"}],"version-history":[{"count":1,"href":"http:\/\/jornalrol.com.br\/index.php?rest_route=\/wp\/v2\/posts\/77275\/revisions"}],"predecessor-version":[{"id":77277,"href":"http:\/\/jornalrol.com.br\/index.php?rest_route=\/wp\/v2\/posts\/77275\/revisions\/77277"}],"wp:featuredmedia":[{"embeddable":true,"href":"http:\/\/jornalrol.com.br\/index.php?rest_route=\/wp\/v2\/media\/77276"}],"wp:attachment":[{"href":"http:\/\/jornalrol.com.br\/index.php?rest_route=%2Fwp%2Fv2%2Fmedia&parent=77275"}],"wp:term":[{"taxonomy":"category","embeddable":true,"href":"http:\/\/jornalrol.com.br\/index.php?rest_route=%2Fwp%2Fv2%2Fcategories&post=77275"},{"taxonomy":"post_tag","embeddable":true,"href":"http:\/\/jornalrol.com.br\/index.php?rest_route=%2Fwp%2Fv2%2Ftags&post=77275"}],"curies":[{"name":"wp","href":"https:\/\/api.w.org\/{rel}","templated":true}]}}