{"id":77318,"date":"2025-12-13T19:40:17","date_gmt":"2025-12-13T22:40:17","guid":{"rendered":"https:\/\/jornalrol.com.br\/?p=77318"},"modified":"2025-12-13T19:40:50","modified_gmt":"2025-12-13T22:40:50","slug":"raizes-2-religiosidade","status":"publish","type":"post","link":"http:\/\/jornalrol.com.br\/?p=77318","title":{"rendered":"Ra\u00edzes 2 \u2013 Religiosidade"},"content":{"rendered":"<div class=\"pdfprnt-buttons pdfprnt-buttons-post pdfprnt-top-right\"><a href=\"http:\/\/jornalrol.com.br\/index.php?rest_route=%2Fwp%2Fv2%2Fposts%2F77318&print=pdf\" class=\"pdfprnt-button pdfprnt-button-pdf\" target=\"_blank\" ><\/a><a href=\"http:\/\/jornalrol.com.br\/index.php?rest_route=%2Fwp%2Fv2%2Fposts%2F77318&print=print\" class=\"pdfprnt-button pdfprnt-button-print\" target=\"_blank\" ><img decoding=\"async\" src=\"https:\/\/jornalrol.com.br\/wp-content\/plugins\/pdf-print\/images\/print.png\" alt=\"image_print\" title=\"Conte\u00fado de impress\u00e3o\" \/><\/a><\/div>\n<h2 class=\"wp-block-heading has-text-align-center\">Document\u00e1rio &#8216;Ra\u00edzes 2 \u2013 Religiosidade&#8217; estreia no YouTube e valoriza m\u00fasica sacra e patrim\u00f4nio hist\u00f3rico de Caratinga<br><br><\/h2>\n\n\n\n<figure class=\"wp-block-image size-full\"><img loading=\"lazy\" decoding=\"async\" width=\"1600\" height=\"900\" data-attachment-id=\"77319\" data-permalink=\"http:\/\/jornalrol.com.br\/?attachment_id=77319\" data-orig-file=\"http:\/\/jornalrol.com.br\/wp-content\/uploads\/2025\/12\/25f667ff-f7de-4a16-b0aa-2292b421797e.jpg\" data-orig-size=\"1600,900\" data-comments-opened=\"1\" data-image-meta=\"{&quot;aperture&quot;:&quot;0&quot;,&quot;credit&quot;:&quot;&quot;,&quot;camera&quot;:&quot;&quot;,&quot;caption&quot;:&quot;&quot;,&quot;created_timestamp&quot;:&quot;0&quot;,&quot;copyright&quot;:&quot;&quot;,&quot;focal_length&quot;:&quot;0&quot;,&quot;iso&quot;:&quot;0&quot;,&quot;shutter_speed&quot;:&quot;0&quot;,&quot;title&quot;:&quot;&quot;,&quot;orientation&quot;:&quot;0&quot;}\" data-image-title=\"25f667ff-f7de-4a16-b0aa-2292b421797e\" data-image-description=\"\" data-image-caption=\"\" data-large-file=\"http:\/\/jornalrol.com.br\/wp-content\/uploads\/2025\/12\/25f667ff-f7de-4a16-b0aa-2292b421797e.jpg\" src=\"https:\/\/jornalrol.com.br\/wp-content\/uploads\/2025\/12\/25f667ff-f7de-4a16-b0aa-2292b421797e.jpg\" alt=\"Document\u00e1rio 'Ra\u00edzes 2 \u2013 Religiosidade', de Nathan Vieira\" class=\"wp-image-77319\" srcset=\"http:\/\/jornalrol.com.br\/wp-content\/uploads\/2025\/12\/25f667ff-f7de-4a16-b0aa-2292b421797e.jpg 1600w, http:\/\/jornalrol.com.br\/wp-content\/uploads\/2025\/12\/25f667ff-f7de-4a16-b0aa-2292b421797e-1200x675.jpg 1200w, http:\/\/jornalrol.com.br\/wp-content\/uploads\/2025\/12\/25f667ff-f7de-4a16-b0aa-2292b421797e-768x432.jpg 768w, http:\/\/jornalrol.com.br\/wp-content\/uploads\/2025\/12\/25f667ff-f7de-4a16-b0aa-2292b421797e-1536x864.jpg 1536w\" sizes=\"auto, (max-width: 1600px) 100vw, 1600px\" \/><figcaption class=\"wp-element-caption\"><em>Document\u00e1rio &#8216;Ra\u00edzes 2 \u2013 Religiosidade&#8217;<\/em>, <em>de Nathan Vieira<\/em><\/figcaption><\/figure>\n\n\n\n<p class=\"has-drop-cap\">Nesta <strong>segunda-feira<\/strong> (<strong>15<\/strong>), \u00e0s <strong>20h<\/strong>, o YouTube recebe a estreia do document\u00e1rio &#8216;<strong>Ra\u00edzes 2 \u2013 Religiosidade<\/strong>&#8216;, idealizado e dirigido pelo m\u00fasico e jornalista <a href=\"https:\/\/songit.com.br\/artista\/nathan-vieira\/\" title=\"Nathan Vieira\">Nathan Vieira<\/a>. A produ\u00e7\u00e3o apresenta o registro exclusivo da grava\u00e7\u00e3o ao vivo do projeto hom\u00f4nimo, realizado na Igrejinha Hist\u00f3rica de S\u00e3o Jo\u00e3o Batista, um dos espa\u00e7os mais simb\u00f3licos do patrim\u00f4nio cultural de Caratinga (MG).<\/p>\n\n\n\n<p>O document\u00e1rio conduz o p\u00fablico por uma experi\u00eancia sens\u00edvel e intimista, onde m\u00fasica sacra, espiritualidade e mem\u00f3ria se entrela\u00e7am. A noite registrada marcou um encontro singular entre arte e f\u00e9, valorizando compositores caratinguenses em um cen\u00e1rio carregado de significado hist\u00f3rico e afetivo para o munic\u00edpio.<\/p>\n\n\n\n<p>Al\u00e9m das performances musicais, a obra re\u00fane entrevistas enriquecedoras que contextualizam a import\u00e2ncia hist\u00f3rica, religiosa e cultural do templo, destacando seu papel na forma\u00e7\u00e3o da identidade local e na preserva\u00e7\u00e3o da mem\u00f3ria coletiva.<\/p>\n\n\n\n<p>Viabilizado com recursos da Lei Aldir Blanc, o projeto reafirma o compromisso com a valoriza\u00e7\u00e3o da cultura, da m\u00fasica autoral e dos espa\u00e7os hist\u00f3ricos, fortalecendo o di\u00e1logo entre tradi\u00e7\u00e3o e contemporaneidade.<\/p>\n\n\n\n<p>O document\u00e1rio estar\u00e1 dispon\u00edvel gratuitamente no YouTube. O p\u00fablico \u00e9 convidado a se inscrever no canal e ativar as notifica\u00e7\u00f5es para acompanhar mais conte\u00fados culturais como este.<\/p>\n\n\n\n<h3 class=\"wp-block-heading\">Servi\u00e7o<\/h3>\n\n\n\n<p>\ud83d\udcfa <strong>Estreia:<\/strong> Document\u00e1rio Ra\u00edzes 2 \u2013 Religiosidade<br><br>\ud83d\uddd3 <strong>Data:<\/strong> Segunda-feira (15)<br><br>\u23f0 <strong>Hor\u00e1rio: <\/strong>20h<br><br>\ud83d\udccd<strong> Plataforma:<\/strong> YouTube<\/p>\n\n\n\n<p><strong>Perfil no Instagram:<\/strong> <a href=\"https:\/\/www.instagram.com\/nathanvieira_oficial?igsh=MTJ4M2xya2V2Ymo4Yw==\">https:\/\/www.instagram.com\/nathanvieira_oficial?igsh=MTJ4M2xya2V2Ymo4Yw==<\/a><\/p>\n\n\n\n<p><br><a href=\"https:\/\/jornalrol.com.br\/\" title=\"Voltar\">Voltar<\/a><\/p>\n\n\n\n<p><a href=\"https:\/\/www.facebook.com\/JCulturalrol\/\" title=\"Facebook\">Facebook<\/a><\/p>\n\n\n\n<p><br><\/p>\n","protected":false},"excerpt":{"rendered":"<p>Nesta segunda-feira (15), \u00e0s 20h, o YouTube recebe a estreia do document\u00e1rio &#8216;Ra\u00edzes 2 \u2013 Religiosidade&#8217;, idealizado e dirigido pelo m\u00fasico e jornalista&#8230; <\/p>\n","protected":false},"author":34,"featured_media":77319,"comment_status":"open","ping_status":"closed","sticky":false,"template":"","format":"standard","meta":{"_jetpack_newsletter_access":"","_jetpack_dont_email_post_to_subs":false,"_jetpack_newsletter_tier_id":0,"_jetpack_memberships_contains_paywalled_content":false,"_jetpack_memberships_contains_paid_content":false,"footnotes":""},"categories":[9286,15639,9266],"tags":[5563,15640,15637,15638],"class_list":["post-77318","post","type-post","status-publish","format-standard","has-post-thumbnail","hentry","category-arte","category-documentario","category-musica","tag-memoria","tag-musica-sacra","tag-nathan-vieira","tag-raizes-2-religiosidade"],"aioseo_notices":[],"views":584,"jetpack_featured_media_url":"http:\/\/jornalrol.com.br\/wp-content\/uploads\/2025\/12\/25f667ff-f7de-4a16-b0aa-2292b421797e.jpg","jetpack_sharing_enabled":true,"jetpack_likes_enabled":true,"jetpack-related-posts":[{"id":65992,"url":"http:\/\/jornalrol.com.br\/?p=65992","url_meta":{"origin":77318,"position":0},"title":"Favela.doc","author":"Sergio Diniz da Costa","date":"29 de abril de 2024","format":false,"excerpt":"Com lan\u00e7amento previsto para 2025, a s\u00e9rie documental aborda estilos como funk, trap, samba, grime\/drill, tecnobrega, bregafunk, R&B e pagode baiano.","rel":"","context":"Em &quot;Arte&quot;","block_context":{"text":"Arte","link":"http:\/\/jornalrol.com.br\/?cat=9286"},"img":{"alt_text":"A diretora Viviane Ferreira (Foto: Marina Domar)","src":"https:\/\/i0.wp.com\/jornalrol.com.br\/wp-content\/uploads\/2024\/04\/02-Viviane-Ferreira.jpg?resize=350%2C200","width":350,"height":200},"classes":[]},{"id":811,"url":"http:\/\/jornalrol.com.br\/?p=811","url_meta":{"origin":77318,"position":1},"title":"DICION\u00c1RIO DA RELIGIOSIDADE POPULAR TRAZ ESTUDO APROFUNDADO SOBRE TODAS AS RELIGI\u00d5ES BRASILEIRAS","author":"Helio Rubens","date":"3 de fevereiro de 2015","format":false,"excerpt":"Durante quarenta anos, Frei Chico re\u00fane estudos realizados no Brasil e em Portugal sobre a m\u00faltipla experi\u00eancia religiosa Hoje \u00e9 o Dia de Iemanj\u00e1, tamb\u00e9m conhecida como Rainha do Mar. O orix\u00e1 africano faz parte da religi\u00e3o do candombl\u00e9 e de outras religi\u00f5es afro-brasileiras. Para se aprofundar nesta religi\u00e3o, a\u2026","rel":"","context":"Em &quot;Comunica\u00e7\u00e3o&quot;","block_context":{"text":"Comunica\u00e7\u00e3o","link":"http:\/\/jornalrol.com.br\/?cat=7"},"img":{"alt_text":"jornal rol","src":"https:\/\/i0.wp.com\/www.jornalrol.com.br\/wp-content\/uploads\/2014\/06\/logoita.jpg?resize=350%2C200","width":350,"height":200},"classes":[]},{"id":26133,"url":"http:\/\/jornalrol.com.br\/?p=26133","url_meta":{"origin":77318,"position":2},"title":"Colunista Carlos da Terra \u00e9 tamb\u00e9m um adestrador de animais premiado","author":"Helio Rubens","date":"14 de abril de 2019","format":false,"excerpt":"Um adestrador que desenvolveu o amor como meio de doma \u00a0 O nosso colunista Carlos da Terra \u00e9 jornalista e escritor e desenvolve tamb\u00e9m uma atividade que ele pr\u00f3prio considera pol\u00eamica, mas que admite ser inebriante: o trato com animais. Conta conta que desde os seus prim\u00f3rdios de vida se\u2026","rel":"","context":"Em &quot;Comunica\u00e7\u00e3o&quot;","block_context":{"text":"Comunica\u00e7\u00e3o","link":"http:\/\/jornalrol.com.br\/?cat=7"},"img":{"alt_text":"","src":"https:\/\/i0.wp.com\/www.jornalrol.com.br\/wp-content\/uploads\/2018\/11\/Foto-close-out-2918-para-credencial-225x300.jpg?resize=350%2C200","width":350,"height":200},"classes":[]},{"id":40362,"url":"http:\/\/jornalrol.com.br\/?p=40362","url_meta":{"origin":77318,"position":3},"title":"Iniciativa po\u00e9tica e mulheres venezuelanas s\u00e3o temas em maio no Museu da Imigra\u00e7\u00e3o","author":"Veronica Moreira","date":"5 de maio de 2021","format":false,"excerpt":"No in\u00edcio do m\u00eas, a programa\u00e7\u00e3o conta com inaugura\u00e7\u00e3o do Projeto RAIZ e sala de exibi\u00e7\u00e3o do document\u00e1rio Adelante \u00a0 Na primeira quinzena de maio, o cronograma h\u00edbrido do Museu da Imigra\u00e7\u00e3o - institui\u00e7\u00e3o da Secretaria de Cultura e Economia Criativa do Governo do Estado de S\u00e3o Paulo - contar\u00e1\u2026","rel":"","context":"Em &quot;Comunica\u00e7\u00e3o&quot;","block_context":{"text":"Comunica\u00e7\u00e3o","link":"http:\/\/jornalrol.com.br\/?cat=7"},"img":{"alt_text":"","src":"https:\/\/ci5.googleusercontent.com\/proxy\/_iaXXaIWbRXyMYMHXEvzmZiABS_pCjJ7-mVzHrORsN8KVNux9SlgbJMWFuPchJk9zkoCRB6ZuWwR2p8OJDuTJbcMrTSFhao4xHm8XArCgjjZukhmKjKWrlgBZcU2LzmI0qjWzL2vO4F-O6HnrqZFD16wbjVDBuRTkzbU0oDOWPMUvFOHbPW88ihuIbB24vAcpPQ=s0-d-e1-ft#https:\/\/yerusesawordixe.i-mpr.com\/7yYGMyQzM602bj5CbpFWbnBEbvJHbh5mcvpmO1IDN1UTM1QTMyozZuBnLyEjM14yXtgTMt8lRyUyXtgTLf9VL3ETLfpTN","width":350,"height":200},"classes":[]},{"id":40263,"url":"http:\/\/jornalrol.com.br\/?p=40263","url_meta":{"origin":77318,"position":4},"title":"Ligiana Costa dirige quatro mini document\u00e1rios para o Theatro Municipal de S\u00e3o Paulo dentro da s\u00e9rie Novos Modernistas","author":"Sergio Diniz da Costa","date":"30 de abril de 2021","format":false,"excerpt":"Clique aqui para fazer o download em alta defini\u00e7\u00e3o A cantora e music\u00f3loga Ligiana Costa foi convidada para dirigir quatro mini document\u00e1rios com temas ligados a quest\u00f5es fundamentais da atualidade: presen\u00e7a de mulheres, negros e ind\u00edgenas nas programa\u00e7\u00f5es culturais, e ainda a dan\u00e7a e o modernismo A cantora e music\u00f3loga\u2026","rel":"","context":"Em &quot;Comunica\u00e7\u00e3o&quot;","block_context":{"text":"Comunica\u00e7\u00e3o","link":"http:\/\/jornalrol.com.br\/?cat=7"},"img":{"alt_text":"","src":"https:\/\/i0.wp.com\/www.jornalrol.com.br\/wp-content\/uploads\/2021\/04\/image1-5-300x169.jpg?resize=350%2C200","width":350,"height":200,"srcset":"https:\/\/i0.wp.com\/www.jornalrol.com.br\/wp-content\/uploads\/2021\/04\/image1-5-300x169.jpg?resize=350%2C200 1x, https:\/\/i0.wp.com\/www.jornalrol.com.br\/wp-content\/uploads\/2021\/04\/image1-5-300x169.jpg?resize=525%2C300 1.5x"},"classes":[]},{"id":7672,"url":"http:\/\/jornalrol.com.br\/?p=7672","url_meta":{"origin":77318,"position":5},"title":"Segunda temporada do programa Entre o C\u00e9u e a Terra estreia na TV Brasil","author":"Helio Rubens","date":"20 de janeiro de 2017","format":false,"excerpt":"Produ\u00e7\u00e3o combina linguagens de document\u00e1rio e fic\u00e7\u00e3o para refletir sobre religiosidade Abordar temas filos\u00f3ficos e culturais ligados \u00e0 religiosidade sob uma perspectiva jornal\u00edstica \u00e9 o mote da s\u00e9rie\u00a0Entre o C\u00e9u e a Terra\u00a0que a\u00a0TV Brasil\u00a0estreia segunda temporada neste domingo (22), \u00e0s 13h. No dia anterior (21), \u00e0s 20h30, a emissora\u2026","rel":"","context":"Em &quot;Comunica\u00e7\u00e3o&quot;","block_context":{"text":"Comunica\u00e7\u00e3o","link":"http:\/\/jornalrol.com.br\/?cat=7"},"img":{"alt_text":"Sridhara Dasa, do Par\u00e1, \u00e9 um dos representantes Hare Krishna na s\u00e9rie \"Entre o C\u00e9u e a Terra\"","src":"https:\/\/ci4.googleusercontent.com\/proxy\/_GBc7b04qKth8kEJokzvMbQj0ie03l5X4Z1oGpQqoyWHDU_r3JYKotXmLNAAGUZQT7YeglhrQUp1pZZnPCNBVwrjYOBJzLwGkUy9kR1J2r8UYelgK54O6nmsCNynfjiVQGqXk-VnB3iiZNdQd3RI2l0mH_PxPzHUMj6Npdn-ezRAyYgKhhXZWrASTeEraPFpYw=s0-d-e1-ft#http:\/\/tvbrasil.ebc.com.br\/sites\/_tvbrasil\/files\/imagens-imce\/entre_o_ceu_e_a_terra_sridhara_dasa_hare_krishna_pa_medio.jpg","width":350,"height":200},"classes":[]}],"_links":{"self":[{"href":"http:\/\/jornalrol.com.br\/index.php?rest_route=\/wp\/v2\/posts\/77318","targetHints":{"allow":["GET"]}}],"collection":[{"href":"http:\/\/jornalrol.com.br\/index.php?rest_route=\/wp\/v2\/posts"}],"about":[{"href":"http:\/\/jornalrol.com.br\/index.php?rest_route=\/wp\/v2\/types\/post"}],"author":[{"embeddable":true,"href":"http:\/\/jornalrol.com.br\/index.php?rest_route=\/wp\/v2\/users\/34"}],"replies":[{"embeddable":true,"href":"http:\/\/jornalrol.com.br\/index.php?rest_route=%2Fwp%2Fv2%2Fcomments&post=77318"}],"version-history":[{"count":3,"href":"http:\/\/jornalrol.com.br\/index.php?rest_route=\/wp\/v2\/posts\/77318\/revisions"}],"predecessor-version":[{"id":77322,"href":"http:\/\/jornalrol.com.br\/index.php?rest_route=\/wp\/v2\/posts\/77318\/revisions\/77322"}],"wp:featuredmedia":[{"embeddable":true,"href":"http:\/\/jornalrol.com.br\/index.php?rest_route=\/wp\/v2\/media\/77319"}],"wp:attachment":[{"href":"http:\/\/jornalrol.com.br\/index.php?rest_route=%2Fwp%2Fv2%2Fmedia&parent=77318"}],"wp:term":[{"taxonomy":"category","embeddable":true,"href":"http:\/\/jornalrol.com.br\/index.php?rest_route=%2Fwp%2Fv2%2Fcategories&post=77318"},{"taxonomy":"post_tag","embeddable":true,"href":"http:\/\/jornalrol.com.br\/index.php?rest_route=%2Fwp%2Fv2%2Ftags&post=77318"}],"curies":[{"name":"wp","href":"https:\/\/api.w.org\/{rel}","templated":true}]}}