{"id":77333,"date":"2025-12-15T08:16:00","date_gmt":"2025-12-15T11:16:00","guid":{"rendered":"https:\/\/jornalrol.com.br\/?p=77333"},"modified":"2026-03-16T18:57:08","modified_gmt":"2026-03-16T21:57:08","slug":"odisseia-pernambucana","status":"publish","type":"post","link":"http:\/\/jornalrol.com.br\/?p=77333","title":{"rendered":"Odisseia pernambucana"},"content":{"rendered":"<div class=\"pdfprnt-buttons pdfprnt-buttons-post pdfprnt-top-right\"><a href=\"http:\/\/jornalrol.com.br\/index.php?rest_route=%2Fwp%2Fv2%2Fposts%2F77333&print=pdf\" class=\"pdfprnt-button pdfprnt-button-pdf\" target=\"_blank\" ><\/a><a href=\"http:\/\/jornalrol.com.br\/index.php?rest_route=%2Fwp%2Fv2%2Fposts%2F77333&print=print\" class=\"pdfprnt-button pdfprnt-button-print\" target=\"_blank\" ><img decoding=\"async\" src=\"https:\/\/jornalrol.com.br\/wp-content\/plugins\/pdf-print\/images\/print.png\" alt=\"image_print\" title=\"Conte\u00fado de impress\u00e3o\" \/><\/a><\/div>\n<h2 class=\"wp-block-heading has-text-align-center\">Eduardo Cesario-Mart\u00ednez: Conto &#8216;Odisseia pernambucana&#8217;<br><br><\/h2>\n\n\n<div class=\"wp-block-image\">\n<figure class=\"aligncenter size-full is-resized\"><img loading=\"lazy\" decoding=\"async\" width=\"1441\" height=\"2560\" data-attachment-id=\"77180\" data-permalink=\"http:\/\/jornalrol.com.br\/?attachment_id=77180\" data-orig-file=\"http:\/\/jornalrol.com.br\/wp-content\/uploads\/2025\/12\/7EB822FD-90B1-44D4-A567-7E7490FD3E6E-1-2-scaled-1.jpg\" data-orig-size=\"1441,2560\" data-comments-opened=\"1\" data-image-meta=\"{&quot;aperture&quot;:&quot;0&quot;,&quot;credit&quot;:&quot;&quot;,&quot;camera&quot;:&quot;&quot;,&quot;caption&quot;:&quot;&quot;,&quot;created_timestamp&quot;:&quot;0&quot;,&quot;copyright&quot;:&quot;&quot;,&quot;focal_length&quot;:&quot;0&quot;,&quot;iso&quot;:&quot;0&quot;,&quot;shutter_speed&quot;:&quot;0&quot;,&quot;title&quot;:&quot;&quot;,&quot;orientation&quot;:&quot;0&quot;}\" data-image-title=\"7EB822FD-90B1-44D4-A567-7E7490FD3E6E-1-2-scaled\" data-image-description=\"&lt;p&gt;Eduardo Mart\u00ednez &amp;#8211; Foto por Irene Oliveira&lt;\/p&gt;\n\" data-image-caption=\"&lt;p&gt;Eduardo Mart\u00ednez &amp;#8211; Foto por Irene Oliveira&lt;\/p&gt;\n\" data-large-file=\"http:\/\/jornalrol.com.br\/wp-content\/uploads\/2025\/12\/7EB822FD-90B1-44D4-A567-7E7490FD3E6E-1-2-scaled-1.jpg\" src=\"http:\/\/jornalrol.com.br\/wp-content\/uploads\/2025\/12\/7EB822FD-90B1-44D4-A567-7E7490FD3E6E-1-2-scaled-1.jpg\" alt=\"Eduardo Cesario-Mart\u00ednez. Foto por Irene Oliveira\" class=\"wp-image-77180\" style=\"aspect-ratio:0.562896571943124;width:163px;height:auto\" srcset=\"http:\/\/jornalrol.com.br\/wp-content\/uploads\/2025\/12\/7EB822FD-90B1-44D4-A567-7E7490FD3E6E-1-2-scaled-1.jpg 1441w, http:\/\/jornalrol.com.br\/wp-content\/uploads\/2025\/12\/7EB822FD-90B1-44D4-A567-7E7490FD3E6E-1-2-scaled-1-675x1200.jpg 675w, http:\/\/jornalrol.com.br\/wp-content\/uploads\/2025\/12\/7EB822FD-90B1-44D4-A567-7E7490FD3E6E-1-2-scaled-1-768x1364.jpg 768w, http:\/\/jornalrol.com.br\/wp-content\/uploads\/2025\/12\/7EB822FD-90B1-44D4-A567-7E7490FD3E6E-1-2-scaled-1-865x1536.jpg 865w, http:\/\/jornalrol.com.br\/wp-content\/uploads\/2025\/12\/7EB822FD-90B1-44D4-A567-7E7490FD3E6E-1-2-scaled-1-1153x2048.jpg 1153w\" sizes=\"auto, (max-width: 1441px) 100vw, 1441px\" \/><figcaption class=\"wp-element-caption\">Eduardo Cesario-Mart\u00ednez<\/figcaption><\/figure>\n<\/div>\n\n<div class=\"wp-block-image\">\n<figure class=\"aligncenter size-full\"><img loading=\"lazy\" decoding=\"async\" width=\"1023\" height=\"927\" data-attachment-id=\"77334\" data-permalink=\"http:\/\/jornalrol.com.br\/?attachment_id=77334\" data-orig-file=\"http:\/\/jornalrol.com.br\/wp-content\/uploads\/2025\/12\/IMG_9324.jpg\" data-orig-size=\"1023,927\" data-comments-opened=\"1\" data-image-meta=\"{&quot;aperture&quot;:&quot;0&quot;,&quot;credit&quot;:&quot;Edited with Google AI&quot;,&quot;camera&quot;:&quot;&quot;,&quot;caption&quot;:&quot;&quot;,&quot;created_timestamp&quot;:&quot;1765569477&quot;,&quot;copyright&quot;:&quot;&quot;,&quot;focal_length&quot;:&quot;0&quot;,&quot;iso&quot;:&quot;0&quot;,&quot;shutter_speed&quot;:&quot;0&quot;,&quot;title&quot;:&quot;&quot;,&quot;orientation&quot;:&quot;1&quot;}\" data-image-title=\"IMG_9324\" data-image-description=\"\" data-image-caption=\"\" data-large-file=\"http:\/\/jornalrol.com.br\/wp-content\/uploads\/2025\/12\/IMG_9324.jpg\" src=\"https:\/\/jornalrol.com.br\/wp-content\/uploads\/2025\/12\/IMG_9324.jpg\" alt=\"\" class=\"wp-image-77334\" srcset=\"http:\/\/jornalrol.com.br\/wp-content\/uploads\/2025\/12\/IMG_9324.jpg 1023w, http:\/\/jornalrol.com.br\/wp-content\/uploads\/2025\/12\/IMG_9324-768x696.jpg 768w\" sizes=\"auto, (max-width: 1023px) 100vw, 1023px\" \/><figcaption class=\"wp-element-caption\"><em>Imagem criada por IA da Gemini &#8211; 13 de dezembro de 2025, \u00e0s 9:08 PM<\/em><\/figcaption><\/figure>\n<\/div>\n\n\n<p class=\"has-drop-cap\">Orestes carregava um amontoado de medos. No entanto, n\u00e3o suportava a ideia de morrer em Recife. N\u00e3o que tivesse medo da morte, bem como n\u00e3o desgostava da capital. S\u00f3 que queria ser enterrado na sua Sirinha\u00e9m, a pouco mais de 70 quil\u00f4metros dali.&nbsp;<\/p>\n\n\n\n<p>&nbsp; &nbsp;&nbsp;&nbsp;&nbsp;&nbsp;&nbsp;&nbsp;&nbsp; \u2014 O lugar mais lindo do mundo!<\/p>\n\n\n\n<p>&nbsp; &nbsp;&nbsp;&nbsp;&nbsp;&nbsp;&nbsp;&nbsp;&nbsp; \u2014 E por acaso voc\u00ea conhece o mundo todo, Orestes?<\/p>\n\n\n\n<p>&nbsp; &nbsp;&nbsp;&nbsp;&nbsp;&nbsp;&nbsp;&nbsp;&nbsp; \u2014 E por acaso preciso conhecer todas as mulheres do mundo pra saber que voc\u00ea \u00e9 a mais linda, Marinalva?<\/p>\n\n\n\n<p>&nbsp;&nbsp; &nbsp;&nbsp;&nbsp;&nbsp;&nbsp;&nbsp;&nbsp; \u2014 Hum&#8230; T\u00e1 galanteador hoje, meu amor.<\/p>\n\n\n\n<p>&nbsp; &nbsp;&nbsp;&nbsp;&nbsp;&nbsp;&nbsp;&nbsp;&nbsp; A despeito desse romantismo todo, o cora\u00e7\u00e3o do homem n\u00e3o andava bem das pernas. Vez ou outra, a dor no peito vinha sem avisar. Orestes era levado \u00e0s pressas para o hospital e, ap\u00f3s o susto, voltava para casa dois ou tr\u00eas dias depois. Tais epis\u00f3dios se tornaram mais frequentes, at\u00e9 que o sujeito n\u00e3o retornou.<\/p>\n\n\n\n<p>&nbsp; &nbsp;&nbsp;&nbsp;&nbsp;&nbsp;&nbsp;&nbsp;&nbsp; Antes mesmo do corpo do marido ser liberado pelo nosoc\u00f4mio, Marinalva foi assediada por quase cinco funer\u00e1rias. Quase porque, assim que o funcion\u00e1rio da quinta apareceu, foi enxotado que nem cachorro. Que nem cachorro, n\u00e3o, pois a mulher era deveras zelosa em rela\u00e7\u00e3o a essas ador\u00e1veis criaturas.<\/p>\n\n\n\n<p>&nbsp;&nbsp; &nbsp;&nbsp; &nbsp;&nbsp;&nbsp;&nbsp; \u2014 Marinalva, por favor, daqui a pouco voc\u00ea vai dizer que c\u00e3es s\u00e3o que nem gente.<\/p>\n\n\n\n<p>&nbsp;&nbsp; &nbsp;&nbsp; &nbsp;&nbsp;&nbsp;&nbsp; \u2014 \u00d3bvio que n\u00e3o, Orestes! C\u00e3es s\u00e3o confi\u00e1veis.&nbsp;<\/p>\n\n\n\n<p>&nbsp;&nbsp; &nbsp;&nbsp; &nbsp;&nbsp;&nbsp;&nbsp; Ap\u00f3s expulsar o \u00faltimo urubu que sombreava o cad\u00e1ver do Orestes, a mulher come\u00e7ou a pensar num jeito de transportar o defunto para Sirinha\u00e9m. A dist\u00e2ncia nem era tanta, mas faltava dinheiro para fazer o trajeto, ainda mais porque Marinalva havia raspado o \u00faltimo n\u00edquel do cofre na compra do caix\u00e3o.<\/p>\n\n\n\n<p>&nbsp;&nbsp; &nbsp;&nbsp;&nbsp; &nbsp;&nbsp; &nbsp; O ata\u00fade era muito grande para caber no Fusca. Se bem que, ela pensou, poderia amarr\u00e1-lo na capota. Mas espa\u00e7o n\u00e3o era o \u00fanico problema, pois o motor do autom\u00f3vel j\u00e1 n\u00e3o dava no couro h\u00e1 tempos. Era melhor n\u00e3o arriscar ficar pelo meio da estrada, ainda mais com o moribundo come\u00e7ando a feder.&nbsp;<\/p>\n\n\n\n<p>&nbsp;&nbsp; &nbsp;&nbsp;&nbsp; &nbsp;&nbsp;&nbsp; Marinalva pensou em pedir ajuda para o Alexandre, o vizinho. Ele possu\u00eda uma Kombi, mas logo se atentou a um detalhe. \u00c9 que os dois n\u00e3o se bicavam desde que haviam discutido por conta de futebol. Marinalva, torcedora doente do Santa Cruz, n\u00e3o suportou as provoca\u00e7\u00f5es do vizinho fan\u00e1tico pelo Sport. Foi aquela saraivada de palavr\u00f5es, enquanto Orestes, que era N\u00e1utico sem grandes paix\u00f5es, preferiu n\u00e3o se meter.&nbsp;<\/p>\n\n\n\n<p>&nbsp;&nbsp; Diante daquela sinuca de bico, eis que a vi\u00fava recebeu uma proposta inesperada. J\u00falio, que morava no final da rua, soube do problema da mulher e, n\u00e3o tardou, foi bater \u00e0 sua porta.<\/p>\n\n\n\n<p>&nbsp;&nbsp; &nbsp;&nbsp;&nbsp; &nbsp;&nbsp;&nbsp; \u2014&nbsp;&nbsp;Mas isso n\u00e3o \u00e9 loucura?<\/p>\n\n\n\n<p>&nbsp;&nbsp; &nbsp;&nbsp; \u2014 N\u00e3o sei por que seria, Marinalva.<\/p>\n\n\n\n<p>\u2014 \u00c9 que o Orestes sempre teve medo do mar.&nbsp;<\/p>\n\n\n\n<p>&nbsp;&nbsp; &nbsp; \u2014 Se esse \u00e9 o problema, tenho certeza de que ele n\u00e3o vai morrer afogado.<\/p>\n\n\n\n<p>&nbsp;&nbsp; &nbsp;&nbsp;&nbsp; \u2014 Voc\u00ea tem raz\u00e3o.<\/p>\n\n\n\n<p>&nbsp;&nbsp; J\u00falio, afamado pescador, havia dito que levaria o caix\u00e3o no seu barco. Como o sujeito n\u00e3o possu\u00eda autom\u00f3vel, pediu ajuda a outro vizinho, o Laurentino. Este possu\u00eda uma carro\u00e7a, que era puxada pela Fil\u00f3, mula de maus bofes, mas de for\u00e7a descomunal.&nbsp;<\/p>\n\n\n\n<p>&nbsp;&nbsp; &nbsp;&nbsp;&nbsp; Antes da meia-noite, Laurentino estacionou a carro\u00e7a em frente \u00e0 resid\u00eancia da Marinalva. L\u00e1 estava tamb\u00e9m o J\u00falio para ajudar a colocar o caix\u00e3o sobre a carro\u00e7a. Os dois homens, cujos m\u00fasculos eram talhados diariamente nas respectivas profiss\u00f5es, ergueram o pesado f\u00e9retro e o depositaram cuidadosamente sobre a ca\u00e7amba.&nbsp;<\/p>\n\n\n\n<p>&nbsp;&nbsp; Ap\u00f3s amarrarem o ata\u00fade, J\u00falio e Laurentino, acompanhados da Marinalva, subiram na carro\u00e7a e seguiram para a praia, onde o barco do pescador estava amarrado na areia. O trajeto foi quase silencioso, caso n\u00e3o fosse pelo som provocado pelos cascos da Fil\u00f3 sobre o asfalto duro.&nbsp;<\/p>\n\n\n\n<p>&nbsp;&nbsp; &nbsp;&nbsp;&nbsp; Assim que dobrou a esquina, j\u00e1 era poss\u00edvel avistar a enseada. Mais algumas centenas de metros, Fil\u00f3 sentiu a areia, que abafou o ru\u00eddo das passadas, agora mais pesadas. Ao comando do Laurentino, a mula estacou ao lado do barco, cujo nome, estampado na sua lateral, era Refrega. J\u00falio saltou da carro\u00e7a e, com uma das m\u00e3os, ajudou a mulher a descer.<\/p>\n\n\n\n<p>&nbsp;&nbsp; &nbsp;&nbsp;&nbsp; &nbsp; Meia hora ap\u00f3s, o barco, j\u00e1 com o caix\u00e3o no seu interior, foi arrastado at\u00e9 as \u00e1guas, que estavam calmas. Marinalva e J\u00falio se despediram do Laurentino, que n\u00e3o aceitou qualquer pagamento. O morto havia sido seu amigo durante d\u00e9cadas.&nbsp;<\/p>\n\n\n\n<p>&nbsp;&nbsp; &nbsp;&nbsp;&nbsp; Sem muitas ondas para serem vencidas, n\u00e3o tardou, o barulhento motor a diesel foi transpondo a dist\u00e2ncia. J\u00falio, olhos para frente, vez ou outra observava Marinalva com o rosto voltado para as luzes de Recife, que se afastavam cada vez mais. O pescador calculou que a viagem n\u00e3o duraria mais do que oito ou nove horas, dependendo da vontade da mar\u00e9. Pobre infeliz, n\u00e3o contou com a chuva, que come\u00e7ou a cair forte quando ainda restavam mais de 40 quil\u00f4metros para serem vencidos pelo bravo Refrega.&nbsp;<\/p>\n\n\n\n<p>&nbsp;&nbsp; &nbsp;&nbsp; J\u00falio, nervos \u00e0 flor da pele, tentava aparentar calma, enquanto Marinalva, agarrada ao caix\u00e3o, lamentava a maldita vontade do marido de ser enterrado na terra natal. Quanto transtorno apenas para cumprir o desejo do defunto. Perigava ela e J\u00falio serem arrestados para a morte. No entanto, foi justamente quando tudo parecia estar perdido, que a natureza resolveu, ir\u00f4nica como ela s\u00f3, suspender a tormenta.&nbsp;<\/p>\n\n\n\n<p>&nbsp;&nbsp; &nbsp;&nbsp;&nbsp; Abriu-se o c\u00e9u, que deu passagem para os raios da manh\u00e3. Marinalva agora chorava de al\u00edvio, enquanto J\u00falio, apesar de uma furtiva l\u00e1grima no canto do olho esquerdo, se mantinha firme no tim\u00e3o. E, pouco mais de uma hora, os aventureiros avistaram as areias da praia de Barra de Sirinha\u00e9m.&nbsp;<\/p>\n\n\n\n<p>&nbsp;&nbsp; &nbsp;&nbsp;&nbsp; &nbsp;&nbsp;&nbsp; Marinalva, euf\u00f3rica, come\u00e7ou a conversar com o marido, mesmo que ele fosse incapaz de respond\u00ea-la, enquanto J\u00falio se sentiu aliviado por ter conseguido se manter firme diante do que ele imaginou ser o fim da linha. Sentiu-se Odisseu e, exausto, sentou-se ao lado da vi\u00fava. Por impulso, Marinalva beijou os l\u00e1bios do her\u00f3i, que, surpreso, recebeu o pr\u00eamio mais do que merecido.&nbsp;<\/p>\n\n\n\n<p>&nbsp;&nbsp; &nbsp;&nbsp;&nbsp; &nbsp;&nbsp;&nbsp; A dist\u00e2ncia foi vencida e, h\u00e1 menos de duzentos metros da praia, eis que Refrega, ferido mortalmente pela tempestade que enfrentou, come\u00e7ou a afundar. Assustada, Marinalva gritava, enquanto J\u00falio, mais pragm\u00e1tico, puxou a mulher pela m\u00e3o e, assim, os dois pularam no mar.&nbsp;<\/p>\n\n\n\n<p>&nbsp;&nbsp; &nbsp;&nbsp;&nbsp; &nbsp;&nbsp;&nbsp; Nadaram e, de vez em quando, olhavam para tr\u00e1s e viam Refrega afundar at\u00e9 que o barco ficou totalmente submerso. Sem ter o que fazer, os dois continuaram nadando e, finalmente, chegaram \u00e0 praia. Exausto, tombaram na areia e adormeceram.<\/p>\n\n\n\n<p>&nbsp;&nbsp; &nbsp;&nbsp;&nbsp; &nbsp;&nbsp; Marinalva foi a primeira a despertar. Virou-se para o lado e, por um instante, admirou o corpo de J\u00falio. Sentada, ela depositou o rosto sobre os joelhos e chorou. O pescador logo acordou.<\/p>\n\n\n\n<p>&nbsp;&nbsp; &nbsp;&nbsp;&nbsp; &nbsp;&nbsp;&nbsp; \u2014 N\u00e3o chore, Marinalva. Estamos vivos.<\/p>\n\n\n\n<p>&nbsp;&nbsp; &nbsp;&nbsp;&nbsp; &nbsp;&nbsp;&nbsp; \u2014 Como fui tola! Fiz voc\u00ea perder o seu barco.<\/p>\n\n\n\n<p>&nbsp;&nbsp; &nbsp;&nbsp;&nbsp; &nbsp;&nbsp;&nbsp; \u2014 Quanto a isso, n\u00e3o se preocupe.<\/p>\n\n\n\n<p>&nbsp;&nbsp; &nbsp;&nbsp;&nbsp; &nbsp;&nbsp;&nbsp; \u2014 E como \u00e9 que n\u00e3o vou me preocupar, homem?<\/p>\n\n\n\n<p>&nbsp;&nbsp; &nbsp;&nbsp;&nbsp; &nbsp;&nbsp;&nbsp; \u2014 J\u00e1 faz tempo que quero largar essa vida de pescador.<\/p>\n\n\n\n<p>&nbsp;&nbsp; &nbsp;&nbsp;&nbsp;&nbsp;&nbsp;&nbsp;&nbsp; \u2014 Deixa de bobagem, J\u00falio. Voc\u00ea sempre foi apaixonado pelo mar.<\/p>\n\n\n\n<p>&nbsp;&nbsp; &nbsp;&nbsp;&nbsp; &nbsp;&nbsp;&nbsp; \u2014 \u00c9 verdade. Mas, ultimamente, ele tem me deixado enjoado.<\/p>\n\n\n\n<p>&nbsp;&nbsp; &nbsp;&nbsp;&nbsp;&nbsp;&nbsp;&nbsp;&nbsp; Os dois se entreolharam e, ent\u00e3o, sorriram. Depois, levantaram-se e, m\u00e3os dadas, foram procurar um jeito de retornarem para Recife.&nbsp;<\/p>\n\n\n\n<p>&nbsp;&nbsp; &nbsp;&nbsp;&nbsp; &nbsp;&nbsp;&nbsp; Quase uma semana ap\u00f3s, o caix\u00e3o, intacto, encalhou na mesma praia. Orestes foi enterrado como indigente no Cemit\u00e9rio Municipal de Sirinha\u00e9m. Mesmo assim, o seu \u00faltimo desejo foi realizado.<\/p>\n\n\n\n<h3 class=\"wp-block-heading has-text-align-center\"><br>Eduardo Cesario-Mart\u00ednez<\/h3>\n\n\n\n<div class=\"wp-block-columns is-layout-flex wp-container-core-columns-is-layout-9d6595d7 wp-block-columns-is-layout-flex\">\n<div class=\"wp-block-column is-layout-flow wp-block-column-is-layout-flow\">\n<h3 class=\"wp-block-heading has-text-align-center has-electric-grass-gradient-background has-background\"><a href=\"mailto:contato.eduardomartinez@gmail.com\" target=\"_blank\" rel=\"noopener\" title=\"E-meio\">E-meio<\/a><\/h3>\n<\/div>\n\n\n\n<div class=\"wp-block-column is-layout-flow wp-block-column-is-layout-flow\">\n<h3 class=\"wp-block-heading has-text-align-center has-electric-grass-gradient-background has-background\"><a href=\"https:\/\/www.instagram.com\/escritoreduardomartinez\/\" title=\"\">Instagram<\/a><\/h3>\n<\/div>\n<\/div>\n\n\n\n<p><a href=\"https:\/\/jornalrol.com.br\/\" title=\"Voltar\">Voltar<\/a><\/p>\n\n\n\n<p><a href=\"https:\/\/www.facebook.com\/JCulturalrol\/\" title=\"Facebook\">Facebook<\/a><\/p>\n","protected":false},"excerpt":{"rendered":"<p>Orestes carregava um amontoado de medos. No entanto, n\u00e3o suportava a ideia de morrer em Recife. N\u00e3o que tivesse medo da morte, bem como n\u00e3o desgostava da&#8230; <\/p>\n","protected":false},"author":130,"featured_media":77334,"comment_status":"open","ping_status":"closed","sticky":false,"template":"","format":"standard","meta":{"_jetpack_newsletter_access":"","_jetpack_dont_email_post_to_subs":false,"_jetpack_newsletter_tier_id":0,"_jetpack_memberships_contains_paywalled_content":false,"_jetpack_memberships_contains_paid_content":false,"footnotes":""},"categories":[9607,9285],"tags":[15650,5531,7371,15649],"class_list":["post-77333","post","type-post","status-publish","format-standard","has-post-thumbnail","hentry","category-contos","category-literatura","tag-galanteio","tag-medos","tag-recife","tag-sirihhaem"],"aioseo_notices":[],"views":545,"jetpack_featured_media_url":"http:\/\/jornalrol.com.br\/wp-content\/uploads\/2025\/12\/IMG_9324.jpg","jetpack_sharing_enabled":true,"jetpack_likes_enabled":true,"jetpack-related-posts":[{"id":79539,"url":"http:\/\/jornalrol.com.br\/?p=79539","url_meta":{"origin":77333,"position":0},"title":"Caio Fernando Abreu e o Van Gogh da minha mulher","author":"Eduardo Mart\u00ednez","date":"25 de mar\u00e7o de 2026","format":false,"excerpt":"Eis que estava aqui no aconchego da sala admirando a r\u00e9plica quase original de 'Os L\u00edrios', famoso quadro de Van Gogh, quando a minha esposa, a Dona Irene...","rel":"","context":"Em &quot;Cr\u00f4nicas&quot;","block_context":{"text":"Cr\u00f4nicas","link":"http:\/\/jornalrol.com.br\/?cat=9392"},"img":{"alt_text":"Eduardo Cesario-Mart\u00ednez. Foto por Irene Oliveira","src":"https:\/\/i0.wp.com\/jornalrol.com.br\/wp-content\/uploads\/2025\/12\/7EB822FD-90B1-44D4-A567-7E7490FD3E6E-1-2-scaled-1.jpg?resize=350%2C200","width":350,"height":200,"srcset":"https:\/\/i0.wp.com\/jornalrol.com.br\/wp-content\/uploads\/2025\/12\/7EB822FD-90B1-44D4-A567-7E7490FD3E6E-1-2-scaled-1.jpg?resize=350%2C200 1x, https:\/\/i0.wp.com\/jornalrol.com.br\/wp-content\/uploads\/2025\/12\/7EB822FD-90B1-44D4-A567-7E7490FD3E6E-1-2-scaled-1.jpg?resize=525%2C300 1.5x, https:\/\/i0.wp.com\/jornalrol.com.br\/wp-content\/uploads\/2025\/12\/7EB822FD-90B1-44D4-A567-7E7490FD3E6E-1-2-scaled-1.jpg?resize=700%2C400 2x, https:\/\/i0.wp.com\/jornalrol.com.br\/wp-content\/uploads\/2025\/12\/7EB822FD-90B1-44D4-A567-7E7490FD3E6E-1-2-scaled-1.jpg?resize=1050%2C600 3x, https:\/\/i0.wp.com\/jornalrol.com.br\/wp-content\/uploads\/2025\/12\/7EB822FD-90B1-44D4-A567-7E7490FD3E6E-1-2-scaled-1.jpg?resize=1400%2C800 4x"},"classes":[]},{"id":79662,"url":"http:\/\/jornalrol.com.br\/?p=79662","url_meta":{"origin":77333,"position":1},"title":"O velho e o devaneio","author":"Eduardo Mart\u00ednez","date":"30 de mar\u00e7o de 2026","format":false,"excerpt":"Acabei de voltar da rua. Fui comprar meio quilo de cebola, um de tomate, al\u00e9m de algumas batatas. Demorei mais do que de costume, mas Arlete, minha esposa...","rel":"","context":"Em &quot;Contos&quot;","block_context":{"text":"Contos","link":"http:\/\/jornalrol.com.br\/?cat=9607"},"img":{"alt_text":"Imagem gerada pelo ChatGPT - https:\/\/chatgpt.com\/c\/69ca692f-f6b0-83e9-a096-54d7d9bdf73a","src":"https:\/\/i0.wp.com\/jornalrol.com.br\/wp-content\/uploads\/2026\/03\/a3c97d1e-66cf-4d7a-a6e9-9c2538d68ca4-1.jpg?resize=350%2C200","width":350,"height":200,"srcset":"https:\/\/i0.wp.com\/jornalrol.com.br\/wp-content\/uploads\/2026\/03\/a3c97d1e-66cf-4d7a-a6e9-9c2538d68ca4-1.jpg?resize=350%2C200 1x, https:\/\/i0.wp.com\/jornalrol.com.br\/wp-content\/uploads\/2026\/03\/a3c97d1e-66cf-4d7a-a6e9-9c2538d68ca4-1.jpg?resize=525%2C300 1.5x, https:\/\/i0.wp.com\/jornalrol.com.br\/wp-content\/uploads\/2026\/03\/a3c97d1e-66cf-4d7a-a6e9-9c2538d68ca4-1.jpg?resize=700%2C400 2x"},"classes":[]},{"id":79905,"url":"http:\/\/jornalrol.com.br\/?p=79905","url_meta":{"origin":77333,"position":2},"title":"Almerinda, a empregada dom\u00e9stica","author":"Eduardo Mart\u00ednez","date":"7 de abril de 2026","format":false,"excerpt":"Eduardo Cesario-Mart\u00ednez Conto 'Almerinda, a empregada dom\u00e9stica' Eduardo Cesario-Mart\u00ednez Foto por Irene Oliveira Imagem gerada pela IA do Gemini Almerinda foi enxotada da cama pela pr\u00f3pria culpa por dormir demais naquele dia. N\u00e3o que fossem tantas horas de sono, pois mal havia chegado do trabalho na noite anterior, ap\u00f3s mais\u2026","rel":"","context":"Em &quot;Contos&quot;","block_context":{"text":"Contos","link":"http:\/\/jornalrol.com.br\/?cat=9607"},"img":{"alt_text":"Imagem gerada pela IA do Gemini","src":"https:\/\/i0.wp.com\/jornalrol.com.br\/wp-content\/uploads\/2026\/04\/ed1bcce1-0925-48a0-8f72-5842d44170e7.jpg?resize=350%2C200","width":350,"height":200,"srcset":"https:\/\/i0.wp.com\/jornalrol.com.br\/wp-content\/uploads\/2026\/04\/ed1bcce1-0925-48a0-8f72-5842d44170e7.jpg?resize=350%2C200 1x, https:\/\/i0.wp.com\/jornalrol.com.br\/wp-content\/uploads\/2026\/04\/ed1bcce1-0925-48a0-8f72-5842d44170e7.jpg?resize=525%2C300 1.5x, https:\/\/i0.wp.com\/jornalrol.com.br\/wp-content\/uploads\/2026\/04\/ed1bcce1-0925-48a0-8f72-5842d44170e7.jpg?resize=700%2C400 2x, https:\/\/i0.wp.com\/jornalrol.com.br\/wp-content\/uploads\/2026\/04\/ed1bcce1-0925-48a0-8f72-5842d44170e7.jpg?resize=1050%2C600 3x"},"classes":[]},{"id":77179,"url":"http:\/\/jornalrol.com.br\/?p=77179","url_meta":{"origin":77333,"position":3},"title":"No Quadro do Jornal ROL, Eduardo Cesario-Mart\u00ednez!","author":"Sergio Diniz da Costa","date":"8 de dezembro de 2025","format":false,"excerpt":"Eduardo Mart\u00ednez, \u201ccom um sorriso permanente nos l\u00e1bios\u201d, \u00e9 um premiado escritor carioca, atualmente radicado em Porto alegre, cidade pela qual \u00e9 apaixonado","rel":"","context":"Em &quot;Apresenta\u00e7\u00e3o de colunista&quot;","block_context":{"text":"Apresenta\u00e7\u00e3o de colunista","link":"http:\/\/jornalrol.com.br\/?cat=10981"},"img":{"alt_text":"Eduardo Cesario-Mart\u00ednez. Foto por Irene Oliveira","src":"https:\/\/i0.wp.com\/jornalrol.com.br\/wp-content\/uploads\/2025\/12\/7EB822FD-90B1-44D4-A567-7E7490FD3E6E-1-2-scaled-1.jpg?resize=350%2C200","width":350,"height":200,"srcset":"https:\/\/i0.wp.com\/jornalrol.com.br\/wp-content\/uploads\/2025\/12\/7EB822FD-90B1-44D4-A567-7E7490FD3E6E-1-2-scaled-1.jpg?resize=350%2C200 1x, https:\/\/i0.wp.com\/jornalrol.com.br\/wp-content\/uploads\/2025\/12\/7EB822FD-90B1-44D4-A567-7E7490FD3E6E-1-2-scaled-1.jpg?resize=525%2C300 1.5x, https:\/\/i0.wp.com\/jornalrol.com.br\/wp-content\/uploads\/2025\/12\/7EB822FD-90B1-44D4-A567-7E7490FD3E6E-1-2-scaled-1.jpg?resize=700%2C400 2x, https:\/\/i0.wp.com\/jornalrol.com.br\/wp-content\/uploads\/2025\/12\/7EB822FD-90B1-44D4-A567-7E7490FD3E6E-1-2-scaled-1.jpg?resize=1050%2C600 3x, https:\/\/i0.wp.com\/jornalrol.com.br\/wp-content\/uploads\/2025\/12\/7EB822FD-90B1-44D4-A567-7E7490FD3E6E-1-2-scaled-1.jpg?resize=1400%2C800 4x"},"classes":[]},{"id":77844,"url":"http:\/\/jornalrol.com.br\/?p=77844","url_meta":{"origin":77333,"position":4},"title":"II Pr\u00eamio Personalidades Liter\u00e1rias e Culturais 2025","author":"Sergio Diniz da Costa","date":"14 de janeiro de 2026","format":false,"excerpt":"O escritor e colunista carioca Eduardo Mart\u00ednez foi anunciado como um dos vencedores do II Pr\u00eamio Personalidades Liter\u00e1rias e Culturais 2025. A premia\u00e7\u00e3o...","rel":"","context":"Em &quot;Literatura&quot;","block_context":{"text":"Literatura","link":"http:\/\/jornalrol.com.br\/?cat=9285"},"img":{"alt_text":"II Pr\u00eamio Personalidades Liter\u00e1rias e Culturais 2025","src":"https:\/\/i0.wp.com\/jornalrol.com.br\/wp-content\/uploads\/2026\/01\/5f7a8a19-7f53-4b7f-b4a3-735eaaa93751.jpg?resize=350%2C200","width":350,"height":200,"srcset":"https:\/\/i0.wp.com\/jornalrol.com.br\/wp-content\/uploads\/2026\/01\/5f7a8a19-7f53-4b7f-b4a3-735eaaa93751.jpg?resize=350%2C200 1x, https:\/\/i0.wp.com\/jornalrol.com.br\/wp-content\/uploads\/2026\/01\/5f7a8a19-7f53-4b7f-b4a3-735eaaa93751.jpg?resize=525%2C300 1.5x, https:\/\/i0.wp.com\/jornalrol.com.br\/wp-content\/uploads\/2026\/01\/5f7a8a19-7f53-4b7f-b4a3-735eaaa93751.jpg?resize=700%2C400 2x"},"classes":[]},{"id":78316,"url":"http:\/\/jornalrol.com.br\/?p=78316","url_meta":{"origin":77333,"position":5},"title":"Tertuliano e as bergamotas","author":"Eduardo Mart\u00ednez","date":"7 de fevereiro de 2026","format":false,"excerpt":"Tertuliano tinha compuls\u00e3o por tangerina, que conhecia por bergamota, mas preferia chamar de berga. De tantas que devorava, a m\u00e3e profetizou: \"Daqui a pouco...","rel":"","context":"Em &quot;Contos&quot;","block_context":{"text":"Contos","link":"http:\/\/jornalrol.com.br\/?cat=9607"},"img":{"alt_text":"Imagem criada por IA da Gemini - 07 de fevereiro de 2026, `s 1:38 AM","src":"https:\/\/i0.wp.com\/jornalrol.com.br\/wp-content\/uploads\/2026\/02\/IMG_0963.jpg?resize=350%2C200","width":350,"height":200,"srcset":"https:\/\/i0.wp.com\/jornalrol.com.br\/wp-content\/uploads\/2026\/02\/IMG_0963.jpg?resize=350%2C200 1x, https:\/\/i0.wp.com\/jornalrol.com.br\/wp-content\/uploads\/2026\/02\/IMG_0963.jpg?resize=525%2C300 1.5x, https:\/\/i0.wp.com\/jornalrol.com.br\/wp-content\/uploads\/2026\/02\/IMG_0963.jpg?resize=700%2C400 2x"},"classes":[]}],"_links":{"self":[{"href":"http:\/\/jornalrol.com.br\/index.php?rest_route=\/wp\/v2\/posts\/77333","targetHints":{"allow":["GET"]}}],"collection":[{"href":"http:\/\/jornalrol.com.br\/index.php?rest_route=\/wp\/v2\/posts"}],"about":[{"href":"http:\/\/jornalrol.com.br\/index.php?rest_route=\/wp\/v2\/types\/post"}],"author":[{"embeddable":true,"href":"http:\/\/jornalrol.com.br\/index.php?rest_route=\/wp\/v2\/users\/130"}],"replies":[{"embeddable":true,"href":"http:\/\/jornalrol.com.br\/index.php?rest_route=%2Fwp%2Fv2%2Fcomments&post=77333"}],"version-history":[{"count":4,"href":"http:\/\/jornalrol.com.br\/index.php?rest_route=\/wp\/v2\/posts\/77333\/revisions"}],"predecessor-version":[{"id":79293,"href":"http:\/\/jornalrol.com.br\/index.php?rest_route=\/wp\/v2\/posts\/77333\/revisions\/79293"}],"wp:featuredmedia":[{"embeddable":true,"href":"http:\/\/jornalrol.com.br\/index.php?rest_route=\/wp\/v2\/media\/77334"}],"wp:attachment":[{"href":"http:\/\/jornalrol.com.br\/index.php?rest_route=%2Fwp%2Fv2%2Fmedia&parent=77333"}],"wp:term":[{"taxonomy":"category","embeddable":true,"href":"http:\/\/jornalrol.com.br\/index.php?rest_route=%2Fwp%2Fv2%2Fcategories&post=77333"},{"taxonomy":"post_tag","embeddable":true,"href":"http:\/\/jornalrol.com.br\/index.php?rest_route=%2Fwp%2Fv2%2Ftags&post=77333"}],"curies":[{"name":"wp","href":"https:\/\/api.w.org\/{rel}","templated":true}]}}