{"id":77380,"date":"2025-12-15T14:27:48","date_gmt":"2025-12-15T17:27:48","guid":{"rendered":"https:\/\/jornalrol.com.br\/?p=77380"},"modified":"2025-12-15T14:30:21","modified_gmt":"2025-12-15T17:30:21","slug":"paulo-freire-e-as-dimensoes-da-pratica-educativa","status":"publish","type":"post","link":"http:\/\/jornalrol.com.br\/?p=77380","title":{"rendered":"Paulo Freire e as dimens\u00f5es da pr\u00e1tica educativa"},"content":{"rendered":"<div class=\"pdfprnt-buttons pdfprnt-buttons-post pdfprnt-top-right\"><a href=\"http:\/\/jornalrol.com.br\/index.php?rest_route=%2Fwp%2Fv2%2Fposts%2F77380&print=pdf\" class=\"pdfprnt-button pdfprnt-button-pdf\" target=\"_blank\" ><\/a><a href=\"http:\/\/jornalrol.com.br\/index.php?rest_route=%2Fwp%2Fv2%2Fposts%2F77380&print=print\" class=\"pdfprnt-button pdfprnt-button-print\" target=\"_blank\" ><img decoding=\"async\" src=\"https:\/\/jornalrol.com.br\/wp-content\/plugins\/pdf-print\/images\/print.png\" alt=\"image_print\" title=\"Conte\u00fado de impress\u00e3o\" \/><\/a><\/div>\n<h2 class=\"wp-block-heading has-text-align-center\">Jos\u00e9 Ngola Carlos <br><br>Artigo &#8216;Paulo Freire e as dimens\u00f5es da pr\u00e1tica educativa&#8217;<br><br><\/h2>\n\n\n<div class=\"wp-block-image\">\n<figure class=\"aligncenter size-full is-resized\"><img loading=\"lazy\" decoding=\"async\" width=\"1024\" height=\"1024\" data-attachment-id=\"77382\" data-permalink=\"http:\/\/jornalrol.com.br\/?attachment_id=77382\" data-orig-file=\"http:\/\/jornalrol.com.br\/wp-content\/uploads\/2025\/12\/f61f5288-8d57-420c-8681-eeacd9f0c3b6.jpg\" data-orig-size=\"1024,1024\" data-comments-opened=\"1\" data-image-meta=\"{&quot;aperture&quot;:&quot;0&quot;,&quot;credit&quot;:&quot;&quot;,&quot;camera&quot;:&quot;&quot;,&quot;caption&quot;:&quot;&quot;,&quot;created_timestamp&quot;:&quot;0&quot;,&quot;copyright&quot;:&quot;&quot;,&quot;focal_length&quot;:&quot;0&quot;,&quot;iso&quot;:&quot;0&quot;,&quot;shutter_speed&quot;:&quot;0&quot;,&quot;title&quot;:&quot;&quot;,&quot;orientation&quot;:&quot;0&quot;}\" data-image-title=\"f61f5288-8d57-420c-8681-eeacd9f0c3b6\" data-image-description=\"\" data-image-caption=\"\" data-large-file=\"http:\/\/jornalrol.com.br\/wp-content\/uploads\/2025\/12\/f61f5288-8d57-420c-8681-eeacd9f0c3b6.jpg\" src=\"https:\/\/jornalrol.com.br\/wp-content\/uploads\/2025\/12\/f61f5288-8d57-420c-8681-eeacd9f0c3b6.jpg\" alt=\"\" class=\"wp-image-77382\" style=\"width:368px;height:auto\" srcset=\"http:\/\/jornalrol.com.br\/wp-content\/uploads\/2025\/12\/f61f5288-8d57-420c-8681-eeacd9f0c3b6.jpg 1024w, http:\/\/jornalrol.com.br\/wp-content\/uploads\/2025\/12\/f61f5288-8d57-420c-8681-eeacd9f0c3b6-600x600.jpg 600w, http:\/\/jornalrol.com.br\/wp-content\/uploads\/2025\/12\/f61f5288-8d57-420c-8681-eeacd9f0c3b6-768x768.jpg 768w\" sizes=\"auto, (max-width: 1024px) 100vw, 1024px\" \/><figcaption class=\"wp-element-caption\"><em>Imagem criada por IA 1do Bing &#8211; 3 de dezembro de 2025,<\/em><br><em> \u00e0s 10:56 AM<\/em><\/figcaption><\/figure>\n<\/div>\n\n\n<p class=\"has-drop-cap\">Este texto \u00e9 uma resenha cient\u00edfica que tem como objetivos: &#8216;1. Apresentar, sucintamente, a vis\u00e3o geral da obra Pedagog\u00eda de la Toleracia de Paulo Freire e 2. Analisar a pertin\u00eancia da classifica\u00e7\u00e3o que Freire faz sobre as quatro dimens\u00f5es da pr\u00e1tica educativa.<\/p>\n\n\n\n<ol class=\"wp-block-list\"><\/ol>\n\n\n\n<p>A Pedagog\u00eda de la Toleracia \u00e9 uma obra p\u00f3stuma de Paulo Freire e resulta da compila\u00e7\u00e3o dos escritos do autor por sua segunda esposa, Ana Maria Ara\u00fajo Freire, ou simplesmente Nita. Publicado em Espanhol em 2006, pelo CREFAL, Centro de Cooperaci\u00f3n Regional para la Educaci\u00f3n de Adultos en Am\u00e9rica Latina y el Caribe, o livro cont\u00e9m 337 p\u00e1ginas e encontra-se dividido em 8 partes que se subdividem em partes menores.<\/p>\n\n\n\n<p>Conforme anunciado pelo t\u00edtulo da obra, o livro trata, fundamentalmente, da concep\u00e7\u00e3o, ontologia e axiologia no exerc\u00edcio da toler\u00e2ncia como uma necessidade na rela\u00e7\u00e3o entre sujeitos diferentes que se encontram no mundo e com o mundo.<\/p>\n\n\n\n<p>Paulo Freire percebe que a toler\u00e2ncia pode ser concebida sob duas perspectivas:<\/p>\n\n\n\n<ol class=\"wp-block-list\">\n<li>Toler\u00e2ncia sob a perspectiva vertical e<br><br><\/li>\n\n\n\n<li>Toler\u00e2ncia sob a perspectiva horizontal.<\/li>\n<\/ol>\n\n\n\n<p>Para o autor, sob a perspectiva vertical, a toler\u00e2ncia se apresenta como um favor que, na rela\u00e7\u00e3o de sujeitos, um se entende superior ao outro e tolera o inferior, na sua conviv\u00eancia com ele. Pelo que, a toler\u00e2ncia vertical \u00e9 caracteristicamente antidial\u00f3gica e desrespeita o direito de outros de assumirem uma posi\u00e7\u00e3o diferente daqueles que se julgam estar com a verdade, mas que precisam se condescender da posi\u00e7\u00e3o de outrem.<\/p>\n\n\n\n<p>A perspectiva horizontal da toler\u00e2ncia considera que o mundo faz-se na diferen\u00e7a, uma diferen\u00e7a que precisa dialogar, sem hegemonias, com as outras diferen\u00e7as para que haja melhoria no modo de pensar, estar, ser e agir. Assim, sob este prisma, a toler\u00e2ncia \u00e9 caracterizada pela abertura mental dos envolvidos em compreender o outro e com ele saber conviver, sem a imposi\u00e7\u00e3o vertical de uma verdade unilateral.<\/p>\n\n\n\n<p>Conforme anunciado na parte introdut\u00f3ria desta resenha, Paulo Freire n\u00e3o limita a sua abordagem, no livro em an\u00e1lise, a um estudo exaustivo da toler\u00e2ncia, dentre v\u00e1rios assuntos, Freire tamb\u00e9m apresenta a sua classifica\u00e7\u00e3o sum\u00e1ria das dimens\u00f5es da pr\u00e1tica educativa. Para o autor, s\u00e3o 4 as dimens\u00f5es:<\/p>\n\n\n\n<ol class=\"wp-block-list\">\n<li>Dimens\u00e3o gnosiol\u00f3gica<br><br><\/li>\n\n\n\n<li>Dimens\u00e3o est\u00e9tica<br><br><\/li>\n\n\n\n<li>Dimens\u00e3o \u00e9tica e<br><br><\/li>\n\n\n\n<li>Dimens\u00e3o pol\u00edtica<\/li>\n<\/ol>\n\n\n\n<p>Literalmente, a palavra gnosiologia pode ser dividida em duas partes: gnose + logia, sendo, contudo, gnose a refer\u00eancia ao conhecimento e logia, estudo ou teoria. Pelo que, \u00e9 poss\u00edvel definir gnosiologia como sendo a teoria do conhecimento. Desta forma, a dimens\u00e3o gnosiol\u00f3gica da pr\u00e1tica educativa lida com o fato de que n\u00e3o h\u00e1 educa\u00e7\u00e3o sem a presen\u00e7a de um OBJETO e sujeitos que se educam. Para a pr\u00e1tica educativa \u00e9 indispens\u00e1vel que os envolvidos se eduquem mediante certo conhecimento. Assim, \u00e9 somente razo\u00e1vel a observa\u00e7\u00e3o de que, para educar, \u00e9 preciso algum dom\u00ednio do saber mediante o qual o ato educativo acontecer\u00e1.<\/p>\n\n\n\n<p>A est\u00e9tica lida com a compreens\u00e3o e defini\u00e7\u00e3o do belo. Conforme sublinha Paulo Freire, educar tamb\u00e9m \u00e9 arte e o educador ou a educadora s\u00e3o artistas que, junto do educando, se ariscam com curiosidade, responsabilidade, amor, esperan\u00e7a e criatividade no processo de lapidar e se deixar lapidar. Assim, a dimens\u00e3o est\u00e9tica diz respeito ao COMO apaixonada e entusiasticamente os envolvidos no processo educativo dever\u00e3o comportar-se para que o pr\u00f3prio ato em si n\u00e3o seja enfadonho e os objetivos n\u00e3o sejam concretizados. Afinal, como diz o autor, uma sala de aula sem emo\u00e7\u00e3o, sem alegria, inviabiliza o projeto did\u00e1tico-pedag\u00f3gico.<\/p>\n\n\n\n<p>Junto da dimens\u00e3o est\u00e9tica anda a dimens\u00e3o \u00e9tica, que tamb\u00e9m lida com o COMO deve ocorrer o processo educativo. Por\u00e9m, diferente da est\u00e9tica que se interessa pela beleza do ato did\u00e1tico, a \u00e9tica lida com a coer\u00eancia entre o que se assume ser e o que se mostra ser. A dimens\u00e3o \u00e9tica da pr\u00e1tica educativa preocupa-se tamb\u00e9m com o exerc\u00edcio dos valores morais comprovadamente corretos.<\/p>\n\n\n\n<p>Por fim, Freire aborda a dimens\u00e3o pol\u00edtica do ato educativo. Para o autor, todo agente educativo \u00e9 um agente pol\u00edtico e todo pol\u00edtico \u00e9 um educador. N\u00e3o \u00e9 poss\u00edvel dicotomizar a pol\u00edtica da educa\u00e7\u00e3o e a educa\u00e7\u00e3o da pol\u00edtica, ambas andam sempre juntas. Possuir, a educa\u00e7\u00e3o, uma dimens\u00e3o pol\u00edtica, significa que toda pr\u00e1tica educativa pressup\u00f5e a exist\u00eancia de um ideal e da sua consequente concretiza\u00e7\u00e3o. Sendo que a educa\u00e7\u00e3o n\u00e3o acontece em um v\u00e1cuo ideol\u00f3gico, existe sempre uma diretividade anunciada, ou n\u00e3o, no ato educativo. Esta diretividade, n\u00e3o raro, denuncia a favor de quem e contra quem se educa, ante aquela ideologia que serve de objeto de educa\u00e7\u00e3o.<\/p>\n\n\n\n<p>Dada a pertin\u00eancia do livro, o autor desta resenha o recomenda veementemente!<\/p>\n\n\n\n<h3 class=\"wp-block-heading has-text-align-center\"> Jos\u00e9 Ngola Carlos, Msc.<\/h3>\n\n\n\n<p class=\"has-text-align-center\">Malanje, 13 de dezembro de 2025<\/p>\n\n\n\n<p>Como citar este artigo:&nbsp;<\/p>\n\n\n\n<p>Carlos, J. N. (2025:12). Paulo Freire e as Dimens\u00f5es da Pr\u00e1tica Educativa. Brasil: <em>Jornal Cultural<\/em> <em>ROL.<\/em><\/p>\n\n\n\n<div class=\"wp-block-columns is-layout-flex wp-container-core-columns-is-layout-9d6595d7 wp-block-columns-is-layout-flex\">\n<div class=\"wp-block-column is-layout-flow wp-block-column-is-layout-flow\">\n<h3 class=\"wp-block-heading has-text-align-center has-electric-grass-gradient-background has-background\"><a href=\"https:\/\/www.facebook.com\/profile.php?id=100087308379698&amp;locale=pt_BR\" target=\"_blank\" rel=\"noopener\" title=\"Facebook\">Facebook<\/a><\/h3>\n<\/div>\n\n\n\n<div class=\"wp-block-column is-layout-flow wp-block-column-is-layout-flow\">\n<h3 class=\"wp-block-heading has-text-align-center has-electric-grass-gradient-background has-background\"><a href=\"https:\/\/wa.me\/+244933196447\" title=\"Whasapp\">Whasapp<\/a><\/h3>\n<\/div>\n<\/div>\n\n\n\n<p><a href=\"http:\/\/jornalrol.com.br\/\" title=\"Voltar\">Voltar<\/a><\/p>\n\n\n\n<p><a href=\"https:\/\/www.facebook.com\/JCulturalrol\/\" title=\"Facebook\">Facebook<\/a><\/p>\n","protected":false},"excerpt":{"rendered":"<p>Este texto \u00e9 uma resenha cient\u00edfica que tem como objetivos: 1 &#8211; Apresentar, sucintamente, a vis\u00e3o geral da obra Pedagog\u00eda de la Toleracia de Paulo Freire e&#8230; <\/p>\n","protected":false},"author":121,"featured_media":77382,"comment_status":"open","ping_status":"closed","sticky":false,"template":"","format":"standard","meta":{"_jetpack_newsletter_access":"","_jetpack_dont_email_post_to_subs":false,"_jetpack_newsletter_tier_id":0,"_jetpack_memberships_contains_paywalled_content":false,"_jetpack_memberships_contains_paid_content":false,"footnotes":""},"categories":[9398,9285],"tags":[15663,6644,15661],"class_list":["post-77380","post","type-post","status-publish","format-standard","has-post-thumbnail","hentry","category-artigos","category-literatura","tag-dimensoes-da-pratica-educativa","tag-paulo-freire","tag-pedagogia-de-la-toleracia"],"aioseo_notices":[],"views":12727,"jetpack_featured_media_url":"http:\/\/jornalrol.com.br\/wp-content\/uploads\/2025\/12\/f61f5288-8d57-420c-8681-eeacd9f0c3b6.jpg","jetpack_sharing_enabled":true,"jetpack_likes_enabled":true,"jetpack-related-posts":[{"id":79622,"url":"http:\/\/jornalrol.com.br\/?p=79622","url_meta":{"origin":77380,"position":0},"title":"Mudar \u00e9 dif\u00edcil, mas \u00e9 poss\u00edvel!","author":"Jos\u00e9 Ngola Carlos","date":"28 de mar\u00e7o de 2026","format":false,"excerpt":"Agora, sim, Paulo Freire me \u00e9 familiar! O empreendimento n\u00e3o foi de estudo rigoroso e sistem\u00e1tico, mas o de simplesmente conseguir alguma familiaridade com...","rel":"","context":"Em &quot;artigos&quot;","block_context":{"text":"artigos","link":"http:\/\/jornalrol.com.br\/?cat=9398"},"img":{"alt_text":"Imagem gerada por IA do ChatGPT - https:\/\/chatgpt.com\/c\/69c82da8-bc0c-83e9-95b4-5bd6d8355450","src":"https:\/\/i0.wp.com\/jornalrol.com.br\/wp-content\/uploads\/2026\/03\/7f9b94cb-31d1-403d-8fb0-9f69a3b804ad.jpg?resize=350%2C200","width":350,"height":200,"srcset":"https:\/\/i0.wp.com\/jornalrol.com.br\/wp-content\/uploads\/2026\/03\/7f9b94cb-31d1-403d-8fb0-9f69a3b804ad.jpg?resize=350%2C200 1x, https:\/\/i0.wp.com\/jornalrol.com.br\/wp-content\/uploads\/2026\/03\/7f9b94cb-31d1-403d-8fb0-9f69a3b804ad.jpg?resize=525%2C300 1.5x, https:\/\/i0.wp.com\/jornalrol.com.br\/wp-content\/uploads\/2026\/03\/7f9b94cb-31d1-403d-8fb0-9f69a3b804ad.jpg?resize=700%2C400 2x"},"classes":[]},{"id":38042,"url":"http:\/\/jornalrol.com.br\/?p=38042","url_meta":{"origin":77380,"position":1},"title":"Semin\u00e1rio internacional discutir\u00e1 educa\u00e7\u00e3o, tecnologia e legado de Paulo Freire","author":"Sergio Diniz da Costa","date":"25 de fevereiro de 2021","format":false,"excerpt":"Edi\u00e7\u00e3o especial do Semin\u00e1rio Internacional Arte, Palavra e Leitura ocorre entre os dias 16 e 19 de mar\u00e7o e re\u00fane nomes como Abdeljalil Akkari, S\u00e9rgio Haddad, In\u00e9s Dussel e Rosa Mar\u00eda Torres O III Semin\u00e1rio Internacional Arte, Palavra e Leitura ser\u00e1 promovido virtualmente sob o tema \u201cPor uma educa\u00e7\u00e3o transformadora\u201d,\u2026","rel":"","context":"Em &quot;Comunica\u00e7\u00e3o&quot;","block_context":{"text":"Comunica\u00e7\u00e3o","link":"http:\/\/jornalrol.com.br\/?cat=7"},"img":{"alt_text":"","src":"https:\/\/i0.wp.com\/www.jornalrol.com.br\/wp-content\/uploads\/2021\/02\/pf-300x214.png?resize=350%2C200","width":350,"height":200},"classes":[]},{"id":77704,"url":"http:\/\/jornalrol.com.br\/?p=77704","url_meta":{"origin":77380,"position":2},"title":"A Educa\u00e7\u00e3o Escolar","author":"Mateus Passagem Pinto","date":"7 de janeiro de 2026","format":false,"excerpt":"A educa\u00e7\u00e3o consiste na transmiss\u00e3o de saberes das gera\u00e7\u00f5es adultas \u00e0s gera\u00e7\u00f5es mais novas, configurando-se, em termos gerais, como um processo de liberta\u00e7\u00e3o...","rel":"","context":"Em &quot;artigos&quot;","block_context":{"text":"artigos","link":"http:\/\/jornalrol.com.br\/?cat=9398"},"img":{"alt_text":"Mateus Pinto - H\u00e1nji Kiami","src":"https:\/\/i0.wp.com\/jornalrol.com.br\/wp-content\/uploads\/2024\/07\/kin-2.jpg?resize=350%2C200","width":350,"height":200,"srcset":"https:\/\/i0.wp.com\/jornalrol.com.br\/wp-content\/uploads\/2024\/07\/kin-2.jpg?resize=350%2C200 1x, https:\/\/i0.wp.com\/jornalrol.com.br\/wp-content\/uploads\/2024\/07\/kin-2.jpg?resize=525%2C300 1.5x, https:\/\/i0.wp.com\/jornalrol.com.br\/wp-content\/uploads\/2024\/07\/kin-2.jpg?resize=700%2C400 2x"},"classes":[]},{"id":38866,"url":"http:\/\/jornalrol.com.br\/?p=38866","url_meta":{"origin":77380,"position":3},"title":"\u201cA leitura faz andar o mundo\u201d","author":"Sergio Diniz da Costa","date":"23 de mar\u00e7o de 2021","format":false,"excerpt":"FLIAN - Feira Liter\u00e1ria de Andara\u00ed, de 25 a 28\/03, em formato virtual, promove\u00a0acesso gratuito a atividades art\u00edsticas\u00a0e culturais e homenageia o centen\u00e1rio\u00a0do fil\u00f3sofo e pedagogo, Paulo Freire, Patrono da Educa\u00e7\u00e3o Brasileira Em tempos de distanciamento f\u00edsico, a linguagem virtual tem sido uma importante ferramenta para proporcionar e fomentar a\u2026","rel":"","context":"Em &quot;Comunica\u00e7\u00e3o&quot;","block_context":{"text":"Comunica\u00e7\u00e3o","link":"http:\/\/jornalrol.com.br\/?cat=7"},"img":{"alt_text":"","src":"https:\/\/i0.wp.com\/www.jornalrol.com.br\/wp-content\/uploads\/2021\/03\/download-1.jpg?resize=350%2C200","width":350,"height":200},"classes":[]},{"id":76684,"url":"http:\/\/jornalrol.com.br\/?p=76684","url_meta":{"origin":77380,"position":4},"title":"Colet\u00e2nea Pedag\u00f3gica","author":"Fabricio Santos","date":"11 de novembro de 2025","format":false,"excerpt":"Obra re\u00fane produ\u00e7\u00f5es de alunos de Pedagogia da FAF e prop\u00f5e uma nova vis\u00e3o sobre o ensino da arte na Educa\u00e7\u00e3o Infantil. A Editora Gotland lan\u00e7a o Volume 01...","rel":"","context":"Em &quot;Antologia&quot;","block_context":{"text":"Antologia","link":"http:\/\/jornalrol.com.br\/?cat=9282"},"img":{"alt_text":"Card da Colet\u00e2nea Pedag\u00f3gica - Vol. 1","src":"https:\/\/i0.wp.com\/jornalrol.com.br\/wp-content\/uploads\/2025\/11\/0b5af018-badc-431a-933c-c2c317ab109a.jpeg?resize=350%2C200","width":350,"height":200,"srcset":"https:\/\/i0.wp.com\/jornalrol.com.br\/wp-content\/uploads\/2025\/11\/0b5af018-badc-431a-933c-c2c317ab109a.jpeg?resize=350%2C200 1x, https:\/\/i0.wp.com\/jornalrol.com.br\/wp-content\/uploads\/2025\/11\/0b5af018-badc-431a-933c-c2c317ab109a.jpeg?resize=525%2C300 1.5x, https:\/\/i0.wp.com\/jornalrol.com.br\/wp-content\/uploads\/2025\/11\/0b5af018-badc-431a-933c-c2c317ab109a.jpeg?resize=700%2C400 2x, https:\/\/i0.wp.com\/jornalrol.com.br\/wp-content\/uploads\/2025\/11\/0b5af018-badc-431a-933c-c2c317ab109a.jpeg?resize=1050%2C600 3x, https:\/\/i0.wp.com\/jornalrol.com.br\/wp-content\/uploads\/2025\/11\/0b5af018-badc-431a-933c-c2c317ab109a.jpeg?resize=1400%2C800 4x"},"classes":[]},{"id":70289,"url":"http:\/\/jornalrol.com.br\/?p=70289","url_meta":{"origin":77380,"position":5},"title":"A trajet\u00f3ria de Cybele Meyer","author":"Lee Oliveira","date":"25 de outubro de 2024","format":false,"excerpt":"Cybele Meyer, uma paulistana que carrega a paix\u00e3o pela educa\u00e7\u00e3o e pela escrita em cada passo de sua jornada.","rel":"","context":"Em &quot;Jovens Talentos&quot;","block_context":{"text":"Jovens Talentos","link":"http:\/\/jornalrol.com.br\/?cat=9552"},"img":{"alt_text":"foto de Cybele Meyer","src":"https:\/\/i0.wp.com\/jornalrol.com.br\/wp-content\/uploads\/2024\/10\/Perfil-Cybele-Meyer.png?resize=350%2C200","width":350,"height":200,"srcset":"https:\/\/i0.wp.com\/jornalrol.com.br\/wp-content\/uploads\/2024\/10\/Perfil-Cybele-Meyer.png?resize=350%2C200 1x, https:\/\/i0.wp.com\/jornalrol.com.br\/wp-content\/uploads\/2024\/10\/Perfil-Cybele-Meyer.png?resize=525%2C300 1.5x, https:\/\/i0.wp.com\/jornalrol.com.br\/wp-content\/uploads\/2024\/10\/Perfil-Cybele-Meyer.png?resize=700%2C400 2x, https:\/\/i0.wp.com\/jornalrol.com.br\/wp-content\/uploads\/2024\/10\/Perfil-Cybele-Meyer.png?resize=1050%2C600 3x"},"classes":[]}],"_links":{"self":[{"href":"http:\/\/jornalrol.com.br\/index.php?rest_route=\/wp\/v2\/posts\/77380","targetHints":{"allow":["GET"]}}],"collection":[{"href":"http:\/\/jornalrol.com.br\/index.php?rest_route=\/wp\/v2\/posts"}],"about":[{"href":"http:\/\/jornalrol.com.br\/index.php?rest_route=\/wp\/v2\/types\/post"}],"author":[{"embeddable":true,"href":"http:\/\/jornalrol.com.br\/index.php?rest_route=\/wp\/v2\/users\/121"}],"replies":[{"embeddable":true,"href":"http:\/\/jornalrol.com.br\/index.php?rest_route=%2Fwp%2Fv2%2Fcomments&post=77380"}],"version-history":[{"count":3,"href":"http:\/\/jornalrol.com.br\/index.php?rest_route=\/wp\/v2\/posts\/77380\/revisions"}],"predecessor-version":[{"id":77386,"href":"http:\/\/jornalrol.com.br\/index.php?rest_route=\/wp\/v2\/posts\/77380\/revisions\/77386"}],"wp:featuredmedia":[{"embeddable":true,"href":"http:\/\/jornalrol.com.br\/index.php?rest_route=\/wp\/v2\/media\/77382"}],"wp:attachment":[{"href":"http:\/\/jornalrol.com.br\/index.php?rest_route=%2Fwp%2Fv2%2Fmedia&parent=77380"}],"wp:term":[{"taxonomy":"category","embeddable":true,"href":"http:\/\/jornalrol.com.br\/index.php?rest_route=%2Fwp%2Fv2%2Fcategories&post=77380"},{"taxonomy":"post_tag","embeddable":true,"href":"http:\/\/jornalrol.com.br\/index.php?rest_route=%2Fwp%2Fv2%2Ftags&post=77380"}],"curies":[{"name":"wp","href":"https:\/\/api.w.org\/{rel}","templated":true}]}}