{"id":77472,"date":"2026-01-05T08:14:00","date_gmt":"2026-01-05T11:14:00","guid":{"rendered":"https:\/\/jornalrol.com.br\/?p=77472"},"modified":"2025-12-22T19:54:25","modified_gmt":"2025-12-22T22:54:25","slug":"festa-da-familia","status":"publish","type":"post","link":"http:\/\/jornalrol.com.br\/?p=77472","title":{"rendered":"Festa da Fam\u00edlia"},"content":{"rendered":"<div class=\"pdfprnt-buttons pdfprnt-buttons-post pdfprnt-top-right\"><a href=\"http:\/\/jornalrol.com.br\/index.php?rest_route=%2Fwp%2Fv2%2Fposts%2F77472&print=pdf\" class=\"pdfprnt-button pdfprnt-button-pdf\" target=\"_blank\" ><\/a><a href=\"http:\/\/jornalrol.com.br\/index.php?rest_route=%2Fwp%2Fv2%2Fposts%2F77472&print=print\" class=\"pdfprnt-button pdfprnt-button-print\" target=\"_blank\" ><img decoding=\"async\" src=\"https:\/\/jornalrol.com.br\/wp-content\/plugins\/pdf-print\/images\/print.png\" alt=\"image_print\" title=\"Conte\u00fado de impress\u00e3o\" \/><\/a><\/div>\n<h2 class=\"wp-block-heading has-text-align-center\">Festa da Fam\u00edlia celebra conquistas do Programa AABB Comunidade em Manhua\u00e7u<br><br><\/h2>\n\n\n<div class=\"wp-block-image\">\n<figure class=\"aligncenter size-full\"><img loading=\"lazy\" decoding=\"async\" width=\"1600\" height=\"721\" data-attachment-id=\"77473\" data-permalink=\"http:\/\/jornalrol.com.br\/?attachment_id=77473\" data-orig-file=\"http:\/\/jornalrol.com.br\/wp-content\/uploads\/2025\/12\/33e56443-2bad-442a-9835-66d8760b4556.jpg\" data-orig-size=\"1600,721\" data-comments-opened=\"1\" data-image-meta=\"{&quot;aperture&quot;:&quot;0&quot;,&quot;credit&quot;:&quot;&quot;,&quot;camera&quot;:&quot;&quot;,&quot;caption&quot;:&quot;&quot;,&quot;created_timestamp&quot;:&quot;0&quot;,&quot;copyright&quot;:&quot;&quot;,&quot;focal_length&quot;:&quot;0&quot;,&quot;iso&quot;:&quot;0&quot;,&quot;shutter_speed&quot;:&quot;0&quot;,&quot;title&quot;:&quot;&quot;,&quot;orientation&quot;:&quot;0&quot;}\" data-image-title=\"33e56443-2bad-442a-9835-66d8760b4556\" data-image-description=\"\" data-image-caption=\"\" data-large-file=\"http:\/\/jornalrol.com.br\/wp-content\/uploads\/2025\/12\/33e56443-2bad-442a-9835-66d8760b4556.jpg\" src=\"https:\/\/jornalrol.com.br\/wp-content\/uploads\/2025\/12\/33e56443-2bad-442a-9835-66d8760b4556.jpg\" alt=\"Festa da Fam\u00edlia AABB Comunidade - Fotos por Fabr\u00edcio Santos\" class=\"wp-image-77473\" srcset=\"http:\/\/jornalrol.com.br\/wp-content\/uploads\/2025\/12\/33e56443-2bad-442a-9835-66d8760b4556.jpg 1600w, http:\/\/jornalrol.com.br\/wp-content\/uploads\/2025\/12\/33e56443-2bad-442a-9835-66d8760b4556-1200x541.jpg 1200w, http:\/\/jornalrol.com.br\/wp-content\/uploads\/2025\/12\/33e56443-2bad-442a-9835-66d8760b4556-768x346.jpg 768w, http:\/\/jornalrol.com.br\/wp-content\/uploads\/2025\/12\/33e56443-2bad-442a-9835-66d8760b4556-1536x692.jpg 1536w\" sizes=\"auto, (max-width: 1600px) 100vw, 1600px\" \/><figcaption class=\"wp-element-caption\"><em>Festa da Fam\u00edlia AABB Comunidade<\/em> <em>&#8211; Fotos por Fabr\u00edcio Santos<\/em><\/figcaption><\/figure>\n<\/div>\n\n\n<p>Na noite de ter\u00e7a-feira, 16 de dezembro, o sal\u00e3o de eventos da AABB de Manhua\u00e7u\/MG foi palco de uma grande confraterniza\u00e7\u00e3o: a <strong>Festa da Fam\u00edlia AABB Comunidade<\/strong>, que marcou o encerramento de mais um ano de atividades do programa socioeducativo que h\u00e1 mais de duas d\u00e9cadas transforma vidas na cidade.<\/p>\n\n\n\n<h3 class=\"wp-block-heading\">Educa\u00e7\u00e3o e cidadania em foco:<\/h3>\n\n\n\n<p>O <strong>Programa AABB Comunidade<\/strong>, fruto da parceria entre a Prefeitura de Manhua\u00e7u \u2013 por meio da Secretaria de Trabalho e Desenvolvimento Social \u2013 e a Funda\u00e7\u00e3o Banco do Brasil, atende atualmente 130 crian\u00e7as e adolescentes em situa\u00e7\u00e3o de vulnerabilidade social. Divididos em dois turnos, os participantes t\u00eam acesso a alimenta\u00e7\u00e3o, atividades pedag\u00f3gicas, culturais, esportivas e de lazer, al\u00e9m de aulas de m\u00fasica, artes, refor\u00e7o escolar e pr\u00e1ticas esportivas.<\/p>\n\n\n\n<p>Mais do que complementar a educa\u00e7\u00e3o formal, o projeto busca promover o desenvolvimento integral, estimulando valores como solidariedade, respeito e conviv\u00eancia cidad\u00e3.<br><br><\/p>\n\n\n<div class=\"wp-block-image\">\n<figure class=\"aligncenter size-full is-resized\"><img loading=\"lazy\" decoding=\"async\" width=\"1280\" height=\"959\" data-attachment-id=\"77476\" data-permalink=\"http:\/\/jornalrol.com.br\/?attachment_id=77476\" data-orig-file=\"http:\/\/jornalrol.com.br\/wp-content\/uploads\/2025\/12\/3dfe840f-7d11-4493-8168-e8830a198df7.jpg\" data-orig-size=\"1280,959\" data-comments-opened=\"1\" data-image-meta=\"{&quot;aperture&quot;:&quot;0&quot;,&quot;credit&quot;:&quot;&quot;,&quot;camera&quot;:&quot;&quot;,&quot;caption&quot;:&quot;&quot;,&quot;created_timestamp&quot;:&quot;0&quot;,&quot;copyright&quot;:&quot;&quot;,&quot;focal_length&quot;:&quot;0&quot;,&quot;iso&quot;:&quot;0&quot;,&quot;shutter_speed&quot;:&quot;0&quot;,&quot;title&quot;:&quot;&quot;,&quot;orientation&quot;:&quot;0&quot;}\" data-image-title=\"3dfe840f-7d11-4493-8168-e8830a198df7\" data-image-description=\"\" data-image-caption=\"\" data-large-file=\"http:\/\/jornalrol.com.br\/wp-content\/uploads\/2025\/12\/3dfe840f-7d11-4493-8168-e8830a198df7.jpg\" src=\"https:\/\/jornalrol.com.br\/wp-content\/uploads\/2025\/12\/3dfe840f-7d11-4493-8168-e8830a198df7.jpg\" alt=\"Festa da Fam\u00edlia AABB Comunidade - Fotos por Fabr\u00edcio Santos\" class=\"wp-image-77476\" style=\"aspect-ratio:1.3347568090970032;width:718px;height:auto\" srcset=\"http:\/\/jornalrol.com.br\/wp-content\/uploads\/2025\/12\/3dfe840f-7d11-4493-8168-e8830a198df7.jpg 1280w, http:\/\/jornalrol.com.br\/wp-content\/uploads\/2025\/12\/3dfe840f-7d11-4493-8168-e8830a198df7-1200x899.jpg 1200w, http:\/\/jornalrol.com.br\/wp-content\/uploads\/2025\/12\/3dfe840f-7d11-4493-8168-e8830a198df7-768x575.jpg 768w\" sizes=\"auto, (max-width: 1280px) 100vw, 1280px\" \/><figcaption class=\"wp-element-caption\"><em><em>Festa da Fam\u00edlia AABB Comunidade<\/em> <em>&#8211; Fotos por Fabr\u00edcio Santos<\/em><\/em><\/figcaption><\/figure>\n<\/div>\n\n\n<h3 class=\"wp-block-heading\">Apresenta\u00e7\u00f5es e emo\u00e7\u00e3o:<\/h3>\n\n\n\n<p>Durante a festa, os alunos encantaram os familiares com apresenta\u00e7\u00f5es musicais conduzidas pelo educador social <strong>Jackson Kennedy dos Santos<\/strong>. Outros educadores mostraram, por meio de v\u00eddeos, o trabalho realizado ao longo do ano:<\/p>\n\n\n\n<ul class=\"wp-block-list\">\n<li><strong>Fabr\u00edcio Souza Santos (Artes\/Desenho):<\/strong> atividades de desenho \u00e0 m\u00e3o livre, arte final e colorido, com tem\u00e1ticas de hist\u00f3rias em quadrinhos, super-her\u00f3is, flores e caricaturas.<br><br><\/li>\n\n\n\n<li><strong>Emerson Teixeira (Educa\u00e7\u00e3o F\u00edsica):<\/strong> pr\u00e1ticas voltadas para o trabalho em equipe, coopera\u00e7\u00e3o e desenvolvimento motor. Apresentou algumas atividades realizadas durante o ano, onde o professor demonstra atividades que desenvolve trabalho em equipe, cooperatividades (a qualidade de cooperar, de trabalhar junto com outras pessoas para alcan\u00e7ar um objetivo comum, baseando-se em princ\u00edpios de solidariedade, democracia e benef\u00edcio m\u00fatuo, onde todos ganham ao unir esfor\u00e7os), al\u00e9m de habilidades f\u00edsicas e motoras desenvolvendo o conv\u00edvio social.<br><br><\/li>\n\n\n\n<li><strong>Maria Jos\u00e9 Ferreira de Oliveira (Apoio Pedag\u00f3gico):<\/strong> reflex\u00f5es sobre o papel da educa\u00e7\u00e3o na forma\u00e7\u00e3o de car\u00e1ter e valores.<br><br><\/li>\n<\/ul>\n\n\n<div class=\"wp-block-image\">\n<figure class=\"aligncenter size-full is-resized\"><img loading=\"lazy\" decoding=\"async\" width=\"1280\" height=\"963\" data-attachment-id=\"77475\" data-permalink=\"http:\/\/jornalrol.com.br\/?attachment_id=77475\" data-orig-file=\"http:\/\/jornalrol.com.br\/wp-content\/uploads\/2025\/12\/72c81f1a-232e-43c7-b912-ab701501f4dd.jpg\" data-orig-size=\"1280,963\" data-comments-opened=\"1\" data-image-meta=\"{&quot;aperture&quot;:&quot;0&quot;,&quot;credit&quot;:&quot;&quot;,&quot;camera&quot;:&quot;&quot;,&quot;caption&quot;:&quot;&quot;,&quot;created_timestamp&quot;:&quot;0&quot;,&quot;copyright&quot;:&quot;&quot;,&quot;focal_length&quot;:&quot;0&quot;,&quot;iso&quot;:&quot;0&quot;,&quot;shutter_speed&quot;:&quot;0&quot;,&quot;title&quot;:&quot;&quot;,&quot;orientation&quot;:&quot;0&quot;}\" data-image-title=\"72c81f1a-232e-43c7-b912-ab701501f4dd\" data-image-description=\"\" data-image-caption=\"\" data-large-file=\"http:\/\/jornalrol.com.br\/wp-content\/uploads\/2025\/12\/72c81f1a-232e-43c7-b912-ab701501f4dd.jpg\" src=\"http:\/\/jornalrol.com.br\/wp-content\/uploads\/2025\/12\/72c81f1a-232e-43c7-b912-ab701501f4dd.jpg\" alt=\"Festa da Fam\u00edlia AABB Comunidade - Fotos por Fabr\u00edcio Santos\" class=\"wp-image-77475\" style=\"aspect-ratio:1.329212510817159;width:726px;height:auto\" srcset=\"http:\/\/jornalrol.com.br\/wp-content\/uploads\/2025\/12\/72c81f1a-232e-43c7-b912-ab701501f4dd.jpg 1280w, http:\/\/jornalrol.com.br\/wp-content\/uploads\/2025\/12\/72c81f1a-232e-43c7-b912-ab701501f4dd-1200x903.jpg 1200w, http:\/\/jornalrol.com.br\/wp-content\/uploads\/2025\/12\/72c81f1a-232e-43c7-b912-ab701501f4dd-768x578.jpg 768w\" sizes=\"auto, (max-width: 1280px) 100vw, 1280px\" \/><figcaption class=\"wp-element-caption\"><em><em><em>Festa da Fam\u00edlia AABB Comunidade<\/em> <em>&#8211; Fotos por Fabr\u00edcio Santos<\/em><\/em><\/em><\/figcaption><\/figure>\n<\/div>\n\n\n<p>A coordenadora <strong>Vera L\u00facia Domingues<\/strong> destacou: <em>\u201cNo projeto AABB Comunidade, a educa\u00e7\u00e3o \u00e9 o compromisso di\u00e1rio, \u00e9 acolhimento, \u00e9 desenvolvimento humano e social. Aqui, educar \u00e9 plantar hoje para transformar o amanh\u00e3.\u201d<\/em><\/p>\n\n\n\n<h3 class=\"wp-block-heading\">Confraterniza\u00e7\u00e3o e reconhecimento:<\/h3>\n\n\n\n<p>Nos intervalos das apresenta\u00e7\u00f5es, foram realizados sorteios de brindes para os familiares. A prefeita <strong>Maria Imaculada Dutra Dornelas<\/strong> e a secret\u00e1ria de Trabalho e Desenvolvimento Social, <strong>Sandra Arminda de Melo Santos Gomes<\/strong>, elogiaram a organiza\u00e7\u00e3o do evento e agradeceram \u00e0 equipe do projeto, formada por educadores sociais, cozinheiras <strong>Kelly Cristina da Silva<\/strong> e <strong>Maria L\u00facia Ferreira<\/strong>, al\u00e9m do motorista <strong>Jos\u00e9 Pedro Oliveira<\/strong>.<\/p>\n\n\n\n<p>Para fechar a noite, os presentes saborearam o tradicional <strong>&#8216;p\u00e3o com lingui\u00e7a&#8217;<\/strong> acompanhado de refrigerantes, preparados com carinho pelas cozinheiras da AABB Comunidade.<br><br><\/p>\n\n\n<div class=\"wp-block-image\">\n<figure class=\"aligncenter size-full is-resized\"><img loading=\"lazy\" decoding=\"async\" width=\"1280\" height=\"963\" data-attachment-id=\"77477\" data-permalink=\"http:\/\/jornalrol.com.br\/?attachment_id=77477\" data-orig-file=\"http:\/\/jornalrol.com.br\/wp-content\/uploads\/2025\/12\/6a213b90-f20d-4ef5-a7f8-3b50ab4e106c.jpg\" data-orig-size=\"1280,963\" data-comments-opened=\"1\" data-image-meta=\"{&quot;aperture&quot;:&quot;0&quot;,&quot;credit&quot;:&quot;&quot;,&quot;camera&quot;:&quot;&quot;,&quot;caption&quot;:&quot;&quot;,&quot;created_timestamp&quot;:&quot;0&quot;,&quot;copyright&quot;:&quot;&quot;,&quot;focal_length&quot;:&quot;0&quot;,&quot;iso&quot;:&quot;0&quot;,&quot;shutter_speed&quot;:&quot;0&quot;,&quot;title&quot;:&quot;&quot;,&quot;orientation&quot;:&quot;0&quot;}\" data-image-title=\"6a213b90-f20d-4ef5-a7f8-3b50ab4e106c\" data-image-description=\"\" data-image-caption=\"\" data-large-file=\"http:\/\/jornalrol.com.br\/wp-content\/uploads\/2025\/12\/6a213b90-f20d-4ef5-a7f8-3b50ab4e106c.jpg\" src=\"https:\/\/jornalrol.com.br\/wp-content\/uploads\/2025\/12\/6a213b90-f20d-4ef5-a7f8-3b50ab4e106c.jpg\" alt=\"Festa da Fam\u00edlia AABB Comunidade - Fotos por Fabr\u00edcio Santos\" class=\"wp-image-77477\" style=\"aspect-ratio:1.329212510817159;width:726px;height:auto\" srcset=\"http:\/\/jornalrol.com.br\/wp-content\/uploads\/2025\/12\/6a213b90-f20d-4ef5-a7f8-3b50ab4e106c.jpg 1280w, http:\/\/jornalrol.com.br\/wp-content\/uploads\/2025\/12\/6a213b90-f20d-4ef5-a7f8-3b50ab4e106c-1200x903.jpg 1200w, http:\/\/jornalrol.com.br\/wp-content\/uploads\/2025\/12\/6a213b90-f20d-4ef5-a7f8-3b50ab4e106c-768x578.jpg 768w\" sizes=\"auto, (max-width: 1280px) 100vw, 1280px\" \/><figcaption class=\"wp-element-caption\"><em><em><em><em><em><em><em>Festa da Fam\u00edlia AABB Comunidade<\/em> <em>&#8211; Fotos por Fabr\u00edcio Santos<\/em><\/em><\/em><\/em><\/em><\/em><\/em><\/figcaption><\/figure>\n<\/div>\n\n\n<h3 class=\"wp-block-heading\">Mais de 20 anos de impacto social:<\/h3>\n\n\n\n<p>Com mais de duas d\u00e9cadas de atua\u00e7\u00e3o em Manhua\u00e7u, o <strong>AABB Comunidade<\/strong> segue firme em sua miss\u00e3o de oferecer oportunidades e esperan\u00e7a a crian\u00e7as e adolescentes em situa\u00e7\u00e3o de vulnerabilidade. O programa reafirma, ano ap\u00f3s ano, seu papel essencial na valoriza\u00e7\u00e3o da cultura, na forma\u00e7\u00e3o cidad\u00e3 e no fortalecimento dos la\u00e7os comunit\u00e1rios.<\/p>\n\n\n\n<h3 class=\"wp-block-heading has-text-align-center\">Comendador Fabr\u00edcio Santos<\/h3>\n\n\n\n<div class=\"wp-block-columns is-layout-flex wp-container-core-columns-is-layout-9d6595d7 wp-block-columns-is-layout-flex\">\n<div class=\"wp-block-column is-layout-flow wp-block-column-is-layout-flow\">\n<h3 class=\"wp-block-heading has-text-align-center has-pale-ocean-gradient-background has-background\"><a href=\"https:\/\/www.instagram.com\/fabriciosantos.arth\/\" title=\"Instagram\">Instagram<\/a><\/h3>\n<\/div>\n\n\n\n<div class=\"wp-block-column is-layout-flow wp-block-column-is-layout-flow\">\n<h3 class=\"wp-block-heading has-text-align-center has-pale-ocean-gradient-background has-background\"><a href=\"https:\/\/www.facebook.com\/profile.php?id=100010211598542\" title=\"Facebook\">Facebook<\/a><\/h3>\n<\/div>\n<\/div>\n\n\n\n<h2 class=\"wp-block-heading has-text-align-center\"><br>Outras fotos da confraterniza\u00e7\u00e3o<br><br><\/h2>\n\n\n\n<figure class=\"wp-block-image size-full\"><img loading=\"lazy\" decoding=\"async\" width=\"1280\" height=\"963\" data-attachment-id=\"77479\" data-permalink=\"http:\/\/jornalrol.com.br\/?attachment_id=77479\" data-orig-file=\"http:\/\/jornalrol.com.br\/wp-content\/uploads\/2025\/12\/0159700b-a7a8-4d42-8e96-3e4a0822c23b.jpg\" data-orig-size=\"1280,963\" data-comments-opened=\"1\" data-image-meta=\"{&quot;aperture&quot;:&quot;0&quot;,&quot;credit&quot;:&quot;&quot;,&quot;camera&quot;:&quot;&quot;,&quot;caption&quot;:&quot;&quot;,&quot;created_timestamp&quot;:&quot;0&quot;,&quot;copyright&quot;:&quot;&quot;,&quot;focal_length&quot;:&quot;0&quot;,&quot;iso&quot;:&quot;0&quot;,&quot;shutter_speed&quot;:&quot;0&quot;,&quot;title&quot;:&quot;&quot;,&quot;orientation&quot;:&quot;0&quot;}\" data-image-title=\"0159700b-a7a8-4d42-8e96-3e4a0822c23b\" data-image-description=\"\" data-image-caption=\"\" data-large-file=\"http:\/\/jornalrol.com.br\/wp-content\/uploads\/2025\/12\/0159700b-a7a8-4d42-8e96-3e4a0822c23b.jpg\" src=\"http:\/\/jornalrol.com.br\/wp-content\/uploads\/2025\/12\/0159700b-a7a8-4d42-8e96-3e4a0822c23b.jpg\" alt=\"Festa da Fam\u00edlia AABB Comunidade - Fotos por Fabr\u00edcio Santos\" class=\"wp-image-77479\" srcset=\"http:\/\/jornalrol.com.br\/wp-content\/uploads\/2025\/12\/0159700b-a7a8-4d42-8e96-3e4a0822c23b.jpg 1280w, http:\/\/jornalrol.com.br\/wp-content\/uploads\/2025\/12\/0159700b-a7a8-4d42-8e96-3e4a0822c23b-1200x903.jpg 1200w, http:\/\/jornalrol.com.br\/wp-content\/uploads\/2025\/12\/0159700b-a7a8-4d42-8e96-3e4a0822c23b-768x578.jpg 768w\" sizes=\"auto, (max-width: 1280px) 100vw, 1280px\" \/><figcaption class=\"wp-element-caption\"><em><em><em><em>Festa da Fam\u00edlia AABB Comunidade<\/em> <em>&#8211; Fotos por Fabr\u00edcio Santos<\/em><\/em><\/em><\/em><\/figcaption><\/figure>\n\n\n\n<figure class=\"wp-block-image size-full\"><img loading=\"lazy\" decoding=\"async\" width=\"1280\" height=\"963\" data-attachment-id=\"77480\" data-permalink=\"http:\/\/jornalrol.com.br\/?attachment_id=77480\" data-orig-file=\"http:\/\/jornalrol.com.br\/wp-content\/uploads\/2025\/12\/639ae09e-5102-4afe-9b35-e75bca9f6e54.jpg\" data-orig-size=\"1280,963\" data-comments-opened=\"1\" data-image-meta=\"{&quot;aperture&quot;:&quot;0&quot;,&quot;credit&quot;:&quot;&quot;,&quot;camera&quot;:&quot;&quot;,&quot;caption&quot;:&quot;&quot;,&quot;created_timestamp&quot;:&quot;0&quot;,&quot;copyright&quot;:&quot;&quot;,&quot;focal_length&quot;:&quot;0&quot;,&quot;iso&quot;:&quot;0&quot;,&quot;shutter_speed&quot;:&quot;0&quot;,&quot;title&quot;:&quot;&quot;,&quot;orientation&quot;:&quot;0&quot;}\" data-image-title=\"639ae09e-5102-4afe-9b35-e75bca9f6e54\" data-image-description=\"\" data-image-caption=\"\" data-large-file=\"http:\/\/jornalrol.com.br\/wp-content\/uploads\/2025\/12\/639ae09e-5102-4afe-9b35-e75bca9f6e54.jpg\" src=\"https:\/\/jornalrol.com.br\/wp-content\/uploads\/2025\/12\/639ae09e-5102-4afe-9b35-e75bca9f6e54.jpg\" alt=\"Festa da Fam\u00edlia AABB Comunidade - Fotos por Fabr\u00edcio Santos\" class=\"wp-image-77480\" srcset=\"http:\/\/jornalrol.com.br\/wp-content\/uploads\/2025\/12\/639ae09e-5102-4afe-9b35-e75bca9f6e54.jpg 1280w, http:\/\/jornalrol.com.br\/wp-content\/uploads\/2025\/12\/639ae09e-5102-4afe-9b35-e75bca9f6e54-1200x903.jpg 1200w, http:\/\/jornalrol.com.br\/wp-content\/uploads\/2025\/12\/639ae09e-5102-4afe-9b35-e75bca9f6e54-768x578.jpg 768w\" sizes=\"auto, (max-width: 1280px) 100vw, 1280px\" \/><figcaption class=\"wp-element-caption\"><em><em><em><em>Festa da Fam\u00edlia AABB Comunidade<\/em> <em>&#8211; Fotos por Fabr\u00edcio Santos<\/em><\/em><\/em><\/em><\/figcaption><\/figure>\n\n\n\n<figure class=\"wp-block-image size-full\"><img loading=\"lazy\" decoding=\"async\" width=\"1280\" height=\"963\" data-attachment-id=\"77481\" data-permalink=\"http:\/\/jornalrol.com.br\/?attachment_id=77481\" data-orig-file=\"http:\/\/jornalrol.com.br\/wp-content\/uploads\/2025\/12\/10091483-a588-43f1-9db3-669c3bdab359-1.jpg\" data-orig-size=\"1280,963\" data-comments-opened=\"1\" data-image-meta=\"{&quot;aperture&quot;:&quot;0&quot;,&quot;credit&quot;:&quot;&quot;,&quot;camera&quot;:&quot;&quot;,&quot;caption&quot;:&quot;&quot;,&quot;created_timestamp&quot;:&quot;0&quot;,&quot;copyright&quot;:&quot;&quot;,&quot;focal_length&quot;:&quot;0&quot;,&quot;iso&quot;:&quot;0&quot;,&quot;shutter_speed&quot;:&quot;0&quot;,&quot;title&quot;:&quot;&quot;,&quot;orientation&quot;:&quot;0&quot;}\" data-image-title=\"10091483-a588-43f1-9db3-669c3bdab359\" data-image-description=\"\" data-image-caption=\"\" data-large-file=\"http:\/\/jornalrol.com.br\/wp-content\/uploads\/2025\/12\/10091483-a588-43f1-9db3-669c3bdab359-1.jpg\" src=\"https:\/\/jornalrol.com.br\/wp-content\/uploads\/2025\/12\/10091483-a588-43f1-9db3-669c3bdab359-1.jpg\" alt=\"Festa da Fam\u00edlia AABB Comunidade - Fotos por Fabr\u00edcio Santos\" class=\"wp-image-77481\" srcset=\"http:\/\/jornalrol.com.br\/wp-content\/uploads\/2025\/12\/10091483-a588-43f1-9db3-669c3bdab359-1.jpg 1280w, http:\/\/jornalrol.com.br\/wp-content\/uploads\/2025\/12\/10091483-a588-43f1-9db3-669c3bdab359-1-1200x903.jpg 1200w, http:\/\/jornalrol.com.br\/wp-content\/uploads\/2025\/12\/10091483-a588-43f1-9db3-669c3bdab359-1-768x578.jpg 768w\" sizes=\"auto, (max-width: 1280px) 100vw, 1280px\" \/><figcaption class=\"wp-element-caption\"><em><em><em><em>Festa da Fam\u00edlia AABB Comunidade<\/em> <em>&#8211; Fotos por Fabr\u00edcio Santos<\/em><\/em><\/em><\/em><\/figcaption><\/figure>\n\n\n\n<figure class=\"wp-block-image size-full\"><img loading=\"lazy\" decoding=\"async\" width=\"1280\" height=\"963\" data-attachment-id=\"77485\" data-permalink=\"http:\/\/jornalrol.com.br\/?attachment_id=77485\" data-orig-file=\"http:\/\/jornalrol.com.br\/wp-content\/uploads\/2025\/12\/e30a91a6-d16c-430c-899f-f2469c56de7b.jpg\" data-orig-size=\"1280,963\" data-comments-opened=\"1\" data-image-meta=\"{&quot;aperture&quot;:&quot;0&quot;,&quot;credit&quot;:&quot;&quot;,&quot;camera&quot;:&quot;&quot;,&quot;caption&quot;:&quot;&quot;,&quot;created_timestamp&quot;:&quot;0&quot;,&quot;copyright&quot;:&quot;&quot;,&quot;focal_length&quot;:&quot;0&quot;,&quot;iso&quot;:&quot;0&quot;,&quot;shutter_speed&quot;:&quot;0&quot;,&quot;title&quot;:&quot;&quot;,&quot;orientation&quot;:&quot;0&quot;}\" data-image-title=\"e30a91a6-d16c-430c-899f-f2469c56de7b\" data-image-description=\"\" data-image-caption=\"\" data-large-file=\"http:\/\/jornalrol.com.br\/wp-content\/uploads\/2025\/12\/e30a91a6-d16c-430c-899f-f2469c56de7b.jpg\" src=\"https:\/\/jornalrol.com.br\/wp-content\/uploads\/2025\/12\/e30a91a6-d16c-430c-899f-f2469c56de7b.jpg\" alt=\"Festa da Fam\u00edlia AABB Comunidade - Fotos por Fabr\u00edcio Santo\" class=\"wp-image-77485\" srcset=\"http:\/\/jornalrol.com.br\/wp-content\/uploads\/2025\/12\/e30a91a6-d16c-430c-899f-f2469c56de7b.jpg 1280w, http:\/\/jornalrol.com.br\/wp-content\/uploads\/2025\/12\/e30a91a6-d16c-430c-899f-f2469c56de7b-1200x903.jpg 1200w, http:\/\/jornalrol.com.br\/wp-content\/uploads\/2025\/12\/e30a91a6-d16c-430c-899f-f2469c56de7b-768x578.jpg 768w\" sizes=\"auto, (max-width: 1280px) 100vw, 1280px\" \/><figcaption class=\"wp-element-caption\"><em><em><em><em><em>Festa da Fam\u00edlia AABB Comunidade<\/em> <em>&#8211; Fotos por Fabr\u00edcio Santo<\/em><\/em><\/em><\/em><\/em><\/figcaption><\/figure>\n\n\n\n<div class=\"wp-block-columns is-layout-flex wp-container-core-columns-is-layout-9d6595d7 wp-block-columns-is-layout-flex\">\n<div class=\"wp-block-column is-layout-flow wp-block-column-is-layout-flow\">\n<figure class=\"wp-block-image size-full\"><img loading=\"lazy\" decoding=\"async\" width=\"963\" height=\"1280\" data-attachment-id=\"77489\" data-permalink=\"http:\/\/jornalrol.com.br\/?attachment_id=77489\" data-orig-file=\"http:\/\/jornalrol.com.br\/wp-content\/uploads\/2025\/12\/1ae2baf1-8d69-4704-a157-12872b4fb712.jpg\" data-orig-size=\"963,1280\" data-comments-opened=\"1\" data-image-meta=\"{&quot;aperture&quot;:&quot;0&quot;,&quot;credit&quot;:&quot;&quot;,&quot;camera&quot;:&quot;&quot;,&quot;caption&quot;:&quot;&quot;,&quot;created_timestamp&quot;:&quot;0&quot;,&quot;copyright&quot;:&quot;&quot;,&quot;focal_length&quot;:&quot;0&quot;,&quot;iso&quot;:&quot;0&quot;,&quot;shutter_speed&quot;:&quot;0&quot;,&quot;title&quot;:&quot;&quot;,&quot;orientation&quot;:&quot;0&quot;}\" data-image-title=\"1ae2baf1-8d69-4704-a157-12872b4fb712\" data-image-description=\"\" data-image-caption=\"\" data-large-file=\"http:\/\/jornalrol.com.br\/wp-content\/uploads\/2025\/12\/1ae2baf1-8d69-4704-a157-12872b4fb712.jpg\" src=\"https:\/\/jornalrol.com.br\/wp-content\/uploads\/2025\/12\/1ae2baf1-8d69-4704-a157-12872b4fb712.jpg\" alt=\"Festa da Fam\u00edlia AABB Comunidade - Fotos por Fabr\u00edcio Santo\" class=\"wp-image-77489\" srcset=\"http:\/\/jornalrol.com.br\/wp-content\/uploads\/2025\/12\/1ae2baf1-8d69-4704-a157-12872b4fb712.jpg 963w, http:\/\/jornalrol.com.br\/wp-content\/uploads\/2025\/12\/1ae2baf1-8d69-4704-a157-12872b4fb712-903x1200.jpg 903w, http:\/\/jornalrol.com.br\/wp-content\/uploads\/2025\/12\/1ae2baf1-8d69-4704-a157-12872b4fb712-768x1021.jpg 768w\" sizes=\"auto, (max-width: 963px) 100vw, 963px\" \/><figcaption class=\"wp-element-caption\"><em><em><em><em><em>Festa da Fam\u00edlia AABB Comunidade<\/em> <em>&#8211; Fotos por Fabr\u00edcio Santo<\/em><\/em><\/em><\/em><\/em><\/figcaption><\/figure>\n<\/div>\n\n\n\n<div class=\"wp-block-column is-layout-flow wp-block-column-is-layout-flow\">\n<figure class=\"wp-block-image size-full\"><img loading=\"lazy\" decoding=\"async\" width=\"963\" height=\"1280\" data-attachment-id=\"77490\" data-permalink=\"http:\/\/jornalrol.com.br\/?attachment_id=77490\" data-orig-file=\"http:\/\/jornalrol.com.br\/wp-content\/uploads\/2025\/12\/471d047f-77d0-48b0-9fd8-aab27196a484.jpg\" data-orig-size=\"963,1280\" data-comments-opened=\"1\" data-image-meta=\"{&quot;aperture&quot;:&quot;0&quot;,&quot;credit&quot;:&quot;&quot;,&quot;camera&quot;:&quot;&quot;,&quot;caption&quot;:&quot;&quot;,&quot;created_timestamp&quot;:&quot;0&quot;,&quot;copyright&quot;:&quot;&quot;,&quot;focal_length&quot;:&quot;0&quot;,&quot;iso&quot;:&quot;0&quot;,&quot;shutter_speed&quot;:&quot;0&quot;,&quot;title&quot;:&quot;&quot;,&quot;orientation&quot;:&quot;0&quot;}\" data-image-title=\"471d047f-77d0-48b0-9fd8-aab27196a484\" data-image-description=\"\" data-image-caption=\"\" data-large-file=\"http:\/\/jornalrol.com.br\/wp-content\/uploads\/2025\/12\/471d047f-77d0-48b0-9fd8-aab27196a484.jpg\" src=\"https:\/\/jornalrol.com.br\/wp-content\/uploads\/2025\/12\/471d047f-77d0-48b0-9fd8-aab27196a484.jpg\" alt=\"\" class=\"wp-image-77490\" srcset=\"http:\/\/jornalrol.com.br\/wp-content\/uploads\/2025\/12\/471d047f-77d0-48b0-9fd8-aab27196a484.jpg 963w, http:\/\/jornalrol.com.br\/wp-content\/uploads\/2025\/12\/471d047f-77d0-48b0-9fd8-aab27196a484-903x1200.jpg 903w, http:\/\/jornalrol.com.br\/wp-content\/uploads\/2025\/12\/471d047f-77d0-48b0-9fd8-aab27196a484-768x1021.jpg 768w\" sizes=\"auto, (max-width: 963px) 100vw, 963px\" \/><figcaption class=\"wp-element-caption\"><em><em><em><em><em>Festa da Fam\u00edlia AABB Comunidade<\/em> <em>&#8211; Fotos por Fabr\u00edcio Santo<\/em><\/em><\/em><\/em><\/em><\/figcaption><\/figure>\n<\/div>\n<\/div>\n\n\n\n<p><a href=\"http:\/\/www.jornalrol.com.br\/\" title=\"Voltar\">Voltar<\/a><\/p>\n\n\n\n<p><a href=\"https:\/\/www.facebook.com\/JCulturalrol\/\" title=\"Facebook\">Facebook<\/a><\/p>\n","protected":false},"excerpt":{"rendered":"<p>Na noite de ter\u00e7a-feira, 16 de dezembro, o sal\u00e3o de eventos da AABB de Manhua\u00e7u\/MG foi palco de uma grande confraterniza\u00e7\u00e3o: a Festa da Fam\u00edlia AABB Comunidade.<\/p>\n","protected":false},"author":129,"featured_media":77473,"comment_status":"open","ping_status":"closed","sticky":false,"template":"","format":"standard","meta":{"_jetpack_newsletter_access":"","_jetpack_dont_email_post_to_subs":false,"_jetpack_newsletter_tier_id":0,"_jetpack_memberships_contains_paywalled_content":false,"_jetpack_memberships_contains_paid_content":false,"footnotes":""},"categories":[9398,9285],"tags":[15824],"class_list":["post-77472","post","type-post","status-publish","format-standard","has-post-thumbnail","hentry","category-artigos","category-literatura","tag-programa-aabb-comunidade"],"aioseo_notices":[],"views":319,"jetpack_featured_media_url":"http:\/\/jornalrol.com.br\/wp-content\/uploads\/2025\/12\/33e56443-2bad-442a-9835-66d8760b4556.jpg","jetpack_sharing_enabled":true,"jetpack_likes_enabled":true,"jetpack-related-posts":[{"id":77049,"url":"http:\/\/jornalrol.com.br\/?p=77049","url_meta":{"origin":77472,"position":0},"title":"Uma noite inesquec\u00edvel em Manhua\u00e7u!","author":"Sergio Diniz da Costa","date":"3 de dezembro de 2025","format":false,"excerpt":"No dia 01\/12\/2025, o segundo pavimento da Rodovi\u00e1ria foi palco do lan\u00e7amento do e-book Entre Cores e Letras: A Pedagogia da Express\u00e3o, organizado pelo...","rel":"","context":"Em &quot;lan\u00e7amentos&quot;","block_context":{"text":"lan\u00e7amentos","link":"http:\/\/jornalrol.com.br\/?cat=9462"},"img":{"alt_text":"Lan\u00e7amento do e-book\u00a0Entre Cores e Letras\u00a0em Manhua\u00e7u","src":"https:\/\/i0.wp.com\/jornalrol.com.br\/wp-content\/uploads\/2025\/12\/ebook-fabricio-santos-manhuacu.jpg?resize=350%2C200","width":350,"height":200,"srcset":"https:\/\/i0.wp.com\/jornalrol.com.br\/wp-content\/uploads\/2025\/12\/ebook-fabricio-santos-manhuacu.jpg?resize=350%2C200 1x, https:\/\/i0.wp.com\/jornalrol.com.br\/wp-content\/uploads\/2025\/12\/ebook-fabricio-santos-manhuacu.jpg?resize=525%2C300 1.5x, https:\/\/i0.wp.com\/jornalrol.com.br\/wp-content\/uploads\/2025\/12\/ebook-fabricio-santos-manhuacu.jpg?resize=700%2C400 2x"},"classes":[]},{"id":77237,"url":"http:\/\/jornalrol.com.br\/?p=77237","url_meta":{"origin":77472,"position":1},"title":"Banda Renovai","author":"Sergio Diniz da Costa","date":"9 de dezembro de 2025","format":false,"excerpt":"A magia do Natal vai tomar conta da cidade! No pr\u00f3ximo 14 de dezembro, \u00e0s 20h30, em frente \u00e0 Igreja Matriz de S\u00e3o Louren\u00e7o, teremos um momento especial...","rel":"","context":"Em &quot;Sem categoria&quot;","block_context":{"text":"Sem categoria","link":"http:\/\/jornalrol.com.br\/?cat=1"},"img":{"alt_text":"Card do evento Louvor de Natal com a Banda Renovai","src":"https:\/\/i0.wp.com\/jornalrol.com.br\/wp-content\/uploads\/2025\/12\/2fa84a88-6331-488a-a628-0059fad6e871.jpg?resize=350%2C200","width":350,"height":200,"srcset":"https:\/\/i0.wp.com\/jornalrol.com.br\/wp-content\/uploads\/2025\/12\/2fa84a88-6331-488a-a628-0059fad6e871.jpg?resize=350%2C200 1x, https:\/\/i0.wp.com\/jornalrol.com.br\/wp-content\/uploads\/2025\/12\/2fa84a88-6331-488a-a628-0059fad6e871.jpg?resize=525%2C300 1.5x, https:\/\/i0.wp.com\/jornalrol.com.br\/wp-content\/uploads\/2025\/12\/2fa84a88-6331-488a-a628-0059fad6e871.jpg?resize=700%2C400 2x, https:\/\/i0.wp.com\/jornalrol.com.br\/wp-content\/uploads\/2025\/12\/2fa84a88-6331-488a-a628-0059fad6e871.jpg?resize=1050%2C600 3x"},"classes":[]},{"id":52441,"url":"http:\/\/jornalrol.com.br\/?p=52441","url_meta":{"origin":77472,"position":2},"title":"L\u00edderes comunit\u00e1rios participam de curso b\u00e1sico para elabora\u00e7\u00e3o de projetos","author":"Sergio Diniz da Costa","date":"24 de outubro de 2022","format":false,"excerpt":"Mesmo sendo final de semana, as lideran\u00e7as foram em busca de conhecimento Muitos imaginam que organizar uma festa \u00e9 algo t\u00e3o simples, bem como a apresenta\u00e7\u00e3o de um pedido junto ao Poder Executivo, com o objetivo de pleitear ajuda financeira e estrutural, para que determinada comunidade realize um evento. Para\u2026","rel":"","context":"Em &quot;Comunica\u00e7\u00e3o&quot;","block_context":{"text":"Comunica\u00e7\u00e3o","link":"http:\/\/jornalrol.com.br\/?cat=7"},"img":{"alt_text":"","src":"https:\/\/i0.wp.com\/jornalrol.com.br\/wp-content\/uploads\/2022\/10\/coamma1-2-800x445.jpg?resize=350%2C200","width":350,"height":200,"srcset":"https:\/\/i0.wp.com\/jornalrol.com.br\/wp-content\/uploads\/2022\/10\/coamma1-2-800x445.jpg?resize=350%2C200 1x, https:\/\/i0.wp.com\/jornalrol.com.br\/wp-content\/uploads\/2022\/10\/coamma1-2-800x445.jpg?resize=525%2C300 1.5x, https:\/\/i0.wp.com\/jornalrol.com.br\/wp-content\/uploads\/2022\/10\/coamma1-2-800x445.jpg?resize=700%2C400 2x"},"classes":[]},{"id":78710,"url":"http:\/\/jornalrol.com.br\/?p=78710","url_meta":{"origin":77472,"position":3},"title":"EXPOL\u00cdTERA chega \u00e0 5\u00aa edi\u00e7\u00e3o","author":"Sergio Diniz da Costa","date":"25 de fevereiro de 2026","format":false,"excerpt":"Expol\u00edtera (Exposi\u00e7\u00e3o Liter\u00e1ria Regional) n\u00e3o \u00e9 apenas um evento, \u00e9 o momento em que nossa hist\u00f3ria, nossas vozes e nossa criatividade ganham vida!","rel":"","context":"Em &quot;Exposi\u00e7\u00e3o&quot;","block_context":{"text":"Exposi\u00e7\u00e3o","link":"http:\/\/jornalrol.com.br\/?cat=15461"},"img":{"alt_text":"Card da EXPOL\u00cdTERA - 5\u00aa Edi\u00e7\u00e3o - 2026","src":"https:\/\/i0.wp.com\/jornalrol.com.br\/wp-content\/uploads\/2026\/02\/b8a62136-5e1d-4137-bc0a-274ce99a11d8.jpg?resize=350%2C200","width":350,"height":200,"srcset":"https:\/\/i0.wp.com\/jornalrol.com.br\/wp-content\/uploads\/2026\/02\/b8a62136-5e1d-4137-bc0a-274ce99a11d8.jpg?resize=350%2C200 1x, https:\/\/i0.wp.com\/jornalrol.com.br\/wp-content\/uploads\/2026\/02\/b8a62136-5e1d-4137-bc0a-274ce99a11d8.jpg?resize=525%2C300 1.5x, https:\/\/i0.wp.com\/jornalrol.com.br\/wp-content\/uploads\/2026\/02\/b8a62136-5e1d-4137-bc0a-274ce99a11d8.jpg?resize=700%2C400 2x, https:\/\/i0.wp.com\/jornalrol.com.br\/wp-content\/uploads\/2026\/02\/b8a62136-5e1d-4137-bc0a-274ce99a11d8.jpg?resize=1050%2C600 3x"},"classes":[]},{"id":46854,"url":"http:\/\/jornalrol.com.br\/?p=46854","url_meta":{"origin":77472,"position":4},"title":"Arthur Henrique Kampmann lan\u00e7a segundo livro: \u2018Estrada do Sol\u2019","author":"Sergio Diniz da Costa","date":"29 de novembro de 2021","format":false,"excerpt":"A obra re\u00fane poemas com uma grande pluralidade de temas: amor, saudade, vida, mundo, exist\u00eancia, alma... Depois do sucesso de 'Estrada Azul', Arthur Henrique Kampmann est\u00e1 lan\u00e7ando o segundo livro de poemas, \"Estrada do Sol'. O lan\u00e7amento ser\u00e1 no dia\u00a002 de dezembro, \u00e0s 19h, na AABB - Associa\u00e7\u00e3o Atl\u00e9tica Banco\u2026","rel":"","context":"Em &quot;Comunica\u00e7\u00e3o&quot;","block_context":{"text":"Comunica\u00e7\u00e3o","link":"http:\/\/jornalrol.com.br\/?cat=7"},"img":{"alt_text":"","src":"https:\/\/i0.wp.com\/www.jornalrol.com.br\/wp-content\/uploads\/2021\/11\/2396e480-6436-4862-b46a-7ea3e86121df-242x300.jpg?resize=350%2C200","width":350,"height":200},"classes":[]},{"id":43508,"url":"http:\/\/jornalrol.com.br\/?p=43508","url_meta":{"origin":77472,"position":5},"title":"Est\u00e1tua de S\u00e3o Louren\u00e7o \u00e9 revitalizada no Centro de Manhua\u00e7u (MG)","author":"Sergio Diniz da Costa","date":"3 de agosto de 2021","format":false,"excerpt":"Faltando poucos dias para a Festa do Padroeiro de Manhua\u00e7u, S\u00e3o Louren\u00e7o, a est\u00e1tua localizada na Pra\u00e7a Cordovil Pinto Coelho foi restaurada para a celebra\u00e7\u00e3o da data, 10 de agosto MANHUA\u00c7U (MG) -\u00a0Faltando poucos dias para a Festa do Padroeiro de Manhua\u00e7u, S\u00e3o Louren\u00e7o, a est\u00e1tua localizada na Pra\u00e7a Cordovil\u2026","rel":"","context":"Em &quot;Comunica\u00e7\u00e3o&quot;","block_context":{"text":"Comunica\u00e7\u00e3o","link":"http:\/\/jornalrol.com.br\/?cat=7"},"img":{"alt_text":"","src":"https:\/\/i0.wp.com\/jornalrol.com.br\/wp-content\/uploads\/2021\/08\/Montagem-300x169.jpg?resize=350%2C200","width":350,"height":200,"srcset":"https:\/\/i0.wp.com\/jornalrol.com.br\/wp-content\/uploads\/2021\/08\/Montagem-300x169.jpg?resize=350%2C200 1x, https:\/\/i0.wp.com\/jornalrol.com.br\/wp-content\/uploads\/2021\/08\/Montagem-300x169.jpg?resize=525%2C300 1.5x"},"classes":[]}],"_links":{"self":[{"href":"http:\/\/jornalrol.com.br\/index.php?rest_route=\/wp\/v2\/posts\/77472","targetHints":{"allow":["GET"]}}],"collection":[{"href":"http:\/\/jornalrol.com.br\/index.php?rest_route=\/wp\/v2\/posts"}],"about":[{"href":"http:\/\/jornalrol.com.br\/index.php?rest_route=\/wp\/v2\/types\/post"}],"author":[{"embeddable":true,"href":"http:\/\/jornalrol.com.br\/index.php?rest_route=\/wp\/v2\/users\/129"}],"replies":[{"embeddable":true,"href":"http:\/\/jornalrol.com.br\/index.php?rest_route=%2Fwp%2Fv2%2Fcomments&post=77472"}],"version-history":[{"count":4,"href":"http:\/\/jornalrol.com.br\/index.php?rest_route=\/wp\/v2\/posts\/77472\/revisions"}],"predecessor-version":[{"id":77491,"href":"http:\/\/jornalrol.com.br\/index.php?rest_route=\/wp\/v2\/posts\/77472\/revisions\/77491"}],"wp:featuredmedia":[{"embeddable":true,"href":"http:\/\/jornalrol.com.br\/index.php?rest_route=\/wp\/v2\/media\/77473"}],"wp:attachment":[{"href":"http:\/\/jornalrol.com.br\/index.php?rest_route=%2Fwp%2Fv2%2Fmedia&parent=77472"}],"wp:term":[{"taxonomy":"category","embeddable":true,"href":"http:\/\/jornalrol.com.br\/index.php?rest_route=%2Fwp%2Fv2%2Fcategories&post=77472"},{"taxonomy":"post_tag","embeddable":true,"href":"http:\/\/jornalrol.com.br\/index.php?rest_route=%2Fwp%2Fv2%2Ftags&post=77472"}],"curies":[{"name":"wp","href":"https:\/\/api.w.org\/{rel}","templated":true}]}}