{"id":77878,"date":"2026-01-16T10:04:04","date_gmt":"2026-01-16T13:04:04","guid":{"rendered":"https:\/\/jornalrol.com.br\/?p=77878"},"modified":"2026-01-16T10:04:34","modified_gmt":"2026-01-16T13:04:34","slug":"nas-entrevistas-rolianas-jessemusse-cacinda","status":"publish","type":"post","link":"http:\/\/jornalrol.com.br\/?p=77878","title":{"rendered":"Nas Entrevistas ROLianas, Jessemusse Cacinda!"},"content":{"rendered":"<div class=\"pdfprnt-buttons pdfprnt-buttons-post pdfprnt-top-right\"><a href=\"http:\/\/jornalrol.com.br\/index.php?rest_route=%2Fwp%2Fv2%2Fposts%2F77878&print=pdf\" class=\"pdfprnt-button pdfprnt-button-pdf\" target=\"_blank\" ><\/a><a href=\"http:\/\/jornalrol.com.br\/index.php?rest_route=%2Fwp%2Fv2%2Fposts%2F77878&print=print\" class=\"pdfprnt-button pdfprnt-button-print\" target=\"_blank\" ><img decoding=\"async\" src=\"https:\/\/jornalrol.com.br\/wp-content\/plugins\/pdf-print\/images\/print.png\" alt=\"image_print\" title=\"Conte\u00fado de impress\u00e3o\" \/><\/a><\/div>\n<h2 class=\"wp-block-heading has-text-align-center\">&#8220;A minha frustra\u00e7\u00e3o \u00e9 n\u00e3o conseguir ler todos os livros. Os livros funcionam como um veneno, mas tamb\u00e9m como ant\u00eddoto para alma.&#8221; (Jessemusse Cacinda)<br><br><\/h2>\n\n\n<div class=\"wp-block-image\">\n<figure class=\"aligncenter size-full is-resized\"><a href=\"http:\/\/jornalrol.com.br\/wp-content\/uploads\/2026\/01\/Entrevistas-Rol-3.jpg\"><img loading=\"lazy\" decoding=\"async\" width=\"1175\" height=\"1305\" data-attachment-id=\"77879\" data-permalink=\"http:\/\/jornalrol.com.br\/?attachment_id=77879\" data-orig-file=\"http:\/\/jornalrol.com.br\/wp-content\/uploads\/2026\/01\/Entrevistas-Rol-3.jpg\" data-orig-size=\"1175,1305\" data-comments-opened=\"1\" data-image-meta=\"{&quot;aperture&quot;:&quot;0&quot;,&quot;credit&quot;:&quot;&quot;,&quot;camera&quot;:&quot;&quot;,&quot;caption&quot;:&quot;&quot;,&quot;created_timestamp&quot;:&quot;1684312287&quot;,&quot;copyright&quot;:&quot;&quot;,&quot;focal_length&quot;:&quot;0&quot;,&quot;iso&quot;:&quot;0&quot;,&quot;shutter_speed&quot;:&quot;0&quot;,&quot;title&quot;:&quot;&quot;,&quot;orientation&quot;:&quot;1&quot;}\" data-image-title=\"Entrevistas-Rol\" data-image-description=\"\" data-image-caption=\"\" data-large-file=\"http:\/\/jornalrol.com.br\/wp-content\/uploads\/2026\/01\/Entrevistas-Rol-3.jpg\" src=\"http:\/\/jornalrol.com.br\/wp-content\/uploads\/2026\/01\/Entrevistas-Rol-3.jpg\" alt=\"Logo da se\u00e7\u00e3o Entrevistas ROLianas\" class=\"wp-image-77879\" style=\"aspect-ratio:0.9003836225440986;width:336px;height:auto\" srcset=\"http:\/\/jornalrol.com.br\/wp-content\/uploads\/2026\/01\/Entrevistas-Rol-3.jpg 1175w, http:\/\/jornalrol.com.br\/wp-content\/uploads\/2026\/01\/Entrevistas-Rol-3-1080x1200.jpg 1080w, http:\/\/jornalrol.com.br\/wp-content\/uploads\/2026\/01\/Entrevistas-Rol-3-768x853.jpg 768w\" sizes=\"auto, (max-width: 1175px) 100vw, 1175px\" \/><\/a><figcaption class=\"wp-element-caption\">Logo da se\u00e7\u00e3o Entrevistas ROLianas<\/figcaption><\/figure>\n<\/div>\n\n<div class=\"wp-block-image\">\n<figure class=\"alignright size-full is-resized\"><img loading=\"lazy\" decoding=\"async\" width=\"1080\" height=\"1080\" data-attachment-id=\"77887\" data-permalink=\"http:\/\/jornalrol.com.br\/?attachment_id=77887\" data-orig-file=\"http:\/\/jornalrol.com.br\/wp-content\/uploads\/2026\/01\/583592865_25386226524369258_9161754258635144836_n.jpg\" data-orig-size=\"1080,1080\" data-comments-opened=\"1\" data-image-meta=\"{&quot;aperture&quot;:&quot;0&quot;,&quot;credit&quot;:&quot;&quot;,&quot;camera&quot;:&quot;&quot;,&quot;caption&quot;:&quot;&quot;,&quot;created_timestamp&quot;:&quot;0&quot;,&quot;copyright&quot;:&quot;&quot;,&quot;focal_length&quot;:&quot;0&quot;,&quot;iso&quot;:&quot;0&quot;,&quot;shutter_speed&quot;:&quot;0&quot;,&quot;title&quot;:&quot;&quot;,&quot;orientation&quot;:&quot;0&quot;}\" data-image-title=\"583592865_25386226524369258_9161754258635144836_n\" data-image-description=\"\" data-image-caption=\"\" data-large-file=\"http:\/\/jornalrol.com.br\/wp-content\/uploads\/2026\/01\/583592865_25386226524369258_9161754258635144836_n.jpg\" src=\"http:\/\/jornalrol.com.br\/wp-content\/uploads\/2026\/01\/583592865_25386226524369258_9161754258635144836_n.jpg\" alt=\"Jessemusse Cacinda  - Foto enviada pelo entrevistado\" class=\"wp-image-77887\" style=\"width:333px;height:auto\" srcset=\"http:\/\/jornalrol.com.br\/wp-content\/uploads\/2026\/01\/583592865_25386226524369258_9161754258635144836_n.jpg 1080w, http:\/\/jornalrol.com.br\/wp-content\/uploads\/2026\/01\/583592865_25386226524369258_9161754258635144836_n-600x600.jpg 600w, http:\/\/jornalrol.com.br\/wp-content\/uploads\/2026\/01\/583592865_25386226524369258_9161754258635144836_n-768x768.jpg 768w\" sizes=\"auto, (max-width: 1080px) 100vw, 1080px\" \/><figcaption class=\"wp-element-caption\"><em><em>Jessemusse Cacinda  &#8211; Foto enviada pelo entrevistado<\/em><\/em><\/figcaption><\/figure>\n<\/div>\n\n\n<p class=\"has-drop-cap\">Mano <a href=\"https:\/\/pt.wikipedia.org\/wiki\/Jessemusse_Cacinda\" title=\"Jessemusse\">Jessemusse<\/a>, as minhas entrevistas n\u00e3o s\u00e3o um arquivo bibliogr\u00e1fico. Se por acaso jorrar entre os meus l\u00e1bios uma quest\u00e3o sobre quem tu \u00e9s, acredita, trata-se de um puro e inocente acidente. Por esta raz\u00e3o, come\u00e7o este nosso di\u00e1logo perguntando:<\/p>\n\n\n\n<p><strong>Bruno Areno \u2014 Quem \u00e9 para ti o grande escritor mo\u00e7ambicano da actualidade?<\/strong><\/p>\n\n\n\n<p><strong>Jessemusse Cacinda<\/strong> \u2014 Esta \u00e9 uma pergunta muito dif\u00edcil. A literatura mo\u00e7ambicana da actualidade \u00e9 marcada pela coabita\u00e7\u00e3o entre a chamada gera\u00e7\u00e3o charrua e as gera\u00e7\u00f5es posteriores, por isso tenho dificuldades a identificar um autor que eu chamaria de o grande da actualidade. Acho que o poeta \u00c1lvaro Taruma tem assumido um consenso interessante entre a nova gera\u00e7\u00e3o e eu concordo. <\/p>\n\n\n\n<p>Tenho particularmente muito orgulho pelo que o M\u00e9lio Tinga se tornou, estive a ler o seu livro &#8216;Arder no Gelo&#8217; e conversei com o Professor Francisco Noa a respeito. M\u00e9lio Tinga \u00e9 daqueles autores que se a Ethale tivesse condi\u00e7\u00f5es de monopolizar o seu passe no mercado, far\u00edamos um contracto para termos os direitos de toda sua obra. Entre os autores, tenho particular admira\u00e7\u00e3o pelo Ungulani Baka Khossa.<\/p>\n\n\n\n<p><strong>BA<\/strong> \u2014 A humanidade \u00e9 feita de mentiras. Dizem-nos que a leitura faz bem para a alma, mas tu, Jessemusse, sabes muito bem que ap\u00f3s uma leitura vem sempre a indaga\u00e7\u00e3o, o questionamento, o desassossego. Nenhum acad\u00e9mico ou leitor sob a face da Terra vive feliz, alegre, satisfeito. Felizes s\u00e3o os analfabetos, esses seres que desconhecem a hora da sua morte e que, mesmo depois de mortos, cantam como se os vivos continuassem a ouvi-los. Tudo isto apenas para saber o t\u00edtulo do livro que te est\u00e1 a roubar a paz nestes dias. <strong>O que gostarias de ler e n\u00e3o est\u00e1s a ler?<\/strong><br><br><\/p>\n\n\n<div class=\"wp-block-image\">\n<figure class=\"alignleft size-full is-resized\"><img loading=\"lazy\" decoding=\"async\" width=\"568\" height=\"552\" data-attachment-id=\"77888\" data-permalink=\"http:\/\/jornalrol.com.br\/?attachment_id=77888\" data-orig-file=\"http:\/\/jornalrol.com.br\/wp-content\/uploads\/2026\/01\/492092997_9920641434687684_3658921699714623004_n.jpg\" data-orig-size=\"568,552\" data-comments-opened=\"1\" data-image-meta=\"{&quot;aperture&quot;:&quot;0&quot;,&quot;credit&quot;:&quot;&quot;,&quot;camera&quot;:&quot;&quot;,&quot;caption&quot;:&quot;&quot;,&quot;created_timestamp&quot;:&quot;0&quot;,&quot;copyright&quot;:&quot;&quot;,&quot;focal_length&quot;:&quot;0&quot;,&quot;iso&quot;:&quot;0&quot;,&quot;shutter_speed&quot;:&quot;0&quot;,&quot;title&quot;:&quot;&quot;,&quot;orientation&quot;:&quot;0&quot;}\" data-image-title=\"492092997_9920641434687684_3658921699714623004_n\" data-image-description=\"\" data-image-caption=\"\" data-large-file=\"http:\/\/jornalrol.com.br\/wp-content\/uploads\/2026\/01\/492092997_9920641434687684_3658921699714623004_n.jpg\" src=\"https:\/\/jornalrol.com.br\/wp-content\/uploads\/2026\/01\/492092997_9920641434687684_3658921699714623004_n.jpg\" alt=\"Jessemusse Cacinda  - Foto enviada pelo entrevistado\" class=\"wp-image-77888\" style=\"aspect-ratio:1.0289863277379907;width:340px;height:auto\"\/><figcaption class=\"wp-element-caption\"><em><em><em>Jessemusse Cacinda  &#8211; Foto enviada pelo entrevistado<\/em><\/em><\/em><\/figcaption><\/figure>\n<\/div>\n\n\n<p><strong>JC<\/strong>\u2014 A minha frustra\u00e7\u00e3o \u00e9 n\u00e3o conseguir ler todos os livros. Os livros funcionam como um veneno, mas tamb\u00e9m como ant\u00eddoto para alma. Gostaria de ler mais livros da \u00c1frica do Norte, o chamado Magreb e da \u00c1sia. Iniciei uma incurs\u00e3o por aquele mundo e estou profundamente surpreendido com a frescura com que os autores olham para a realidade.<\/p>\n\n\n\n<p><strong>BA \u2014 Diz-me algo: qual foi o grande autor que descobriste?<\/strong><\/p>\n\n\n\n<p><strong>JC<\/strong> \u2014 Nunca descobri ningu\u00e9m, apenas conheci grandes autores. Os meus autores favoritos continuam Albert Camus, Jean Paul Sartre e Alain Mabanckou. Este \u00faltimo que faz livros como se fossem \u00e1lbuns de m\u00fasica congolesa. Voltei a ler Toni Morison, Jazz por conta de um novo projecto que ando a experimentar.<\/p>\n\n\n\n<p><strong>BA \u2014 E qual ainda n\u00e3o descobriste?<\/strong><\/p>\n\n\n\n<p><strong>JC<\/strong> \u2014 Quando for a descobrir, terei resposta, por agora, n\u00e3o consigo desvendar o que me parece oculto.<\/p>\n\n\n\n<p><strong>BA \u2014 Queres falar da nova antologia po\u00e9tica organizada pelo Eduardo Quive e por ti?<\/strong><\/p>\n\n\n\n<p><strong>JC <\/strong>\u2014 \u00c9 um projecto que funciona como montra. Iremos apresentar em Portugal (Lisboa, Coimbra e Porto) e em Mo\u00e7ambique (em v\u00e1rias cidades onde temos autores). A ideia \u00e9 fornecer um quadro da diversidade da literatura que se est\u00e1 a produzir no pa\u00eds.<\/p>\n\n\n\n<p><strong>BA \u2014 Numa conversa telef\u00f3nica que tive com o grande Jord\u00e3o Domingos, ele questionou: &#8220;Por que n\u00e3o houve uma chamada p\u00fablica? \u00c9 apenas para &#8216;escritores grandes?'&#8221; Transfiro essa quest\u00e3o a t<\/strong>i.<br><br><\/p>\n\n\n<div class=\"wp-block-image\">\n<figure class=\"alignright size-full is-resized\"><img loading=\"lazy\" decoding=\"async\" width=\"1023\" height=\"1280\" data-attachment-id=\"77889\" data-permalink=\"http:\/\/jornalrol.com.br\/?attachment_id=77889\" data-orig-file=\"http:\/\/jornalrol.com.br\/wp-content\/uploads\/2026\/01\/9b0176c6-8445-4885-a29f-9c53d02cab0a.jpg\" data-orig-size=\"1023,1280\" data-comments-opened=\"1\" data-image-meta=\"{&quot;aperture&quot;:&quot;0&quot;,&quot;credit&quot;:&quot;&quot;,&quot;camera&quot;:&quot;&quot;,&quot;caption&quot;:&quot;&quot;,&quot;created_timestamp&quot;:&quot;0&quot;,&quot;copyright&quot;:&quot;&quot;,&quot;focal_length&quot;:&quot;0&quot;,&quot;iso&quot;:&quot;0&quot;,&quot;shutter_speed&quot;:&quot;0&quot;,&quot;title&quot;:&quot;&quot;,&quot;orientation&quot;:&quot;0&quot;}\" data-image-title=\"9b0176c6-8445-4885-a29f-9c53d02cab0a\" data-image-description=\"\" data-image-caption=\"\" data-large-file=\"http:\/\/jornalrol.com.br\/wp-content\/uploads\/2026\/01\/9b0176c6-8445-4885-a29f-9c53d02cab0a.jpg\" src=\"https:\/\/jornalrol.com.br\/wp-content\/uploads\/2026\/01\/9b0176c6-8445-4885-a29f-9c53d02cab0a.jpg\" alt=\"Capa do livro &quot;Kwashala Blues\" class=\"wp-image-77889\" style=\"aspect-ratio:0.7992343101955244;width:338px;height:auto\" srcset=\"http:\/\/jornalrol.com.br\/wp-content\/uploads\/2026\/01\/9b0176c6-8445-4885-a29f-9c53d02cab0a.jpg 1023w, http:\/\/jornalrol.com.br\/wp-content\/uploads\/2026\/01\/9b0176c6-8445-4885-a29f-9c53d02cab0a-959x1200.jpg 959w, http:\/\/jornalrol.com.br\/wp-content\/uploads\/2026\/01\/9b0176c6-8445-4885-a29f-9c53d02cab0a-768x961.jpg 768w\" sizes=\"auto, (max-width: 1023px) 100vw, 1023px\" \/><figcaption class=\"wp-element-caption\"><em>Capa do livro &#8220;Kwashala Blues<\/em><\/figcaption><\/figure>\n<\/div>\n\n\n<p><strong>JC<\/strong> \u2014 Usamos o crit\u00e9rio da acessibilidade, ou seja, juntamos os autores que conhec\u00edamos e que de certa forma t\u00ednhamos acesso. Convidamos muitos autores que se mostraram indispon\u00edveis e a antologia \u00e9 o resultado que tivemos. Sobre chamada p\u00fablica, a Ethale n\u00e3o tem sido bem-sucedida com isso. fizemos duas chamadas p\u00fablicas desde a nossa funda\u00e7\u00e3o h\u00e1 9 anos e n\u00e3o tivemos sucesso. Agora iremos celebrar 10 anos e pretendemos voltar a fazer chamadas p\u00fablicas para a identifica\u00e7\u00e3o de interessados.<\/p>\n\n\n\n<p><strong>BA \u2014 Tu entras em ang\u00fastia? Para mim, os seres humanos s\u00e3o seres angustiados.<\/strong><\/p>\n\n\n\n<p><strong>JC<\/strong> \u2014 Claro. Acho que viver \u00e9 aprender a lidar com a ang\u00fastia.<\/p>\n\n\n\n<p><strong>BA \u2014 Existe escrita sem dor?<\/strong><\/p>\n\n\n\n<p><strong>JC <\/strong>\u2014 Provavelmente exista, mas a minha \u00e9 de dor. No Kwashala Blues h\u00e1 dor nas v\u00e1rias mortes as quais somos condenados por viver em Nampula e a meio disso, procuramos o verso de um poema ou o ritmo de uma boa m\u00fasica. Assim, surgiu a minha proposta est\u00e9tica de um livro de estreia que superou as minhas expetativas.<\/p>\n\n\n\n<p><strong>BA \u2014 Do que n\u00e3o te arrependes de n\u00e3o ter feito?<\/strong><\/p>\n\n\n\n<p><strong>JC<\/strong> \u2014 Ter editado livros num pa\u00eds de oralidade e que pouco valor d\u00e1 a cultura.<\/p>\n\n\n\n<p><strong>BA \u2014 Ainda h\u00e1 possibilidade?<\/strong><\/p>\n\n\n\n<p><strong>JC<\/strong> \u2014 Nada. Terei sempre orgulho disso.<\/p>\n\n\n\n<p><strong>BA \u2014 E do que fizeste e te arrependes?<\/strong><\/p>\n\n\n\n<p><strong>JC <\/strong>\u2014 N\u00e3o ter perdoado aos que me magoaram.<\/p>\n\n\n\n<p><strong>BA \u2014 Jessemusse fez coisas que jamais revelaria a ningu\u00e9m?<\/strong><\/p>\n\n\n\n<p><strong>JC<\/strong> \u2014 Claro. Temos sempre segredos que nos ajudam a construir uma m\u00edtica do que somos.<\/p>\n\n\n\n<p><strong>BA \u2014 Cometeste grandes gafes na vida?<\/strong><\/p>\n\n\n\n<p><strong>JC <\/strong>\u2014 Claramente. E foram muitas.<\/p>\n\n\n\n<p><strong>BA \u2014 E imprud\u00eancias?<\/strong><\/p>\n\n\n\n<p>JC\u2014 Tamb\u00e9m.<\/p>\n\n\n\n<p><strong>BA \u2014 N\u00e3o queres contar uma?<\/strong><\/p>\n\n\n\n<p><strong>JC<\/strong> \u2014 S\u00e3o v\u00e1rias, mas uma que me marcou foi por eu ter entregue a minha biscicleta a um ladr\u00e3o em Cuamba.<\/p>\n\n\n\n<p><strong>BA \u2014 Sentes uma admira\u00e7\u00e3o especial por algum personagem da hist\u00f3ria?<\/strong><\/p>\n\n\n\n<p><strong>JC<\/strong> \u2014 V\u00e1rias.<\/p>\n\n\n\n<p><strong>BA \u2014 Onde gostarias de ter vivido?<\/strong><\/p>\n\n\n\n<p><strong>JC<\/strong> \u2014 Interessante. Quando eu era mi\u00fado sonhava em ser um peregrino e viver em v\u00e1rios lugares do mundo. Agora, sigo a onda. Vou para onde a vida me leva.<\/p>\n\n\n\n<p><strong>BA \u2014 Choras?<\/strong><\/p>\n\n\n\n<p><strong>JC<\/strong> \u2014 Sim.<\/p>\n\n\n\n<p><strong>BA \u2014 Quando choras, choras por qu\u00ea?<\/strong><\/p>\n\n\n\n<p><strong>JC<\/strong> \u2014 Por nada. Geralmente para mim mesmo. N\u00e3o pe\u00e7o apoios porque tive de aprender a me virar sozinho muito cedo.<\/p>\n\n\n\n<p><strong>BA \u2014 O amor \u00e9 horr\u00edvel e chato?<\/strong><\/p>\n\n\n\n<p><strong>JC<\/strong> \u2014 N\u00e3o. O amor \u00e9 uma das melhores coisas. Entretanto, como toda viagem, h\u00e1 acidentes. No Kwashala Blues, a Am\u00e1lia diz que a vida \u00e9 uma viagem longa, e eu acrescentaria que \u00e9 preciso n\u00e3o se arrepender por ter amado.<\/p>\n\n\n\n<p><strong>BA \u2014 A morte \u00e9 terr\u00edvel?<\/strong><\/p>\n\n\n\n<p><strong>JC<\/strong> \u2014 E inevit\u00e1vel. \u00c9 uma condi\u00e7\u00e3o existencial. Por causa da morte, podemos ter limites enquanto humanos.<\/p>\n\n\n\n<p><strong>BA \u2014 Como gostarias de morrer?<\/strong><\/p>\n\n\n\n<p><strong>JC<\/strong> \u2014 Ainda n\u00e3o pensei nisso.<\/p>\n\n\n\n<p><strong>BA \u2014 Como est\u00e1s em mat\u00e9ria de amores?<\/strong><\/p>\n\n\n\n<p><strong>JC<\/strong> \u2014 Muito bem resolvido.<\/p>\n\n\n\n<p><strong>BA \u2014 Para terminar, mano. Diz-me como est\u00e1 a Sa\u00fade mental dos mo\u00e7ambicanos, uma merda?<\/strong><\/p>\n\n\n\n<p><strong>JC <\/strong>\u2014 Acho que um Doutor em Medicina, especialidade de Psiquiatria ou Doutor em Psicologia Cl\u00ednica poderia melhor dizer isso. Agora, enquanto um entusiasta das discuss\u00f5es filos\u00f3ficas, concordo com Byang Chun-Han sobre o excesso de narcisismo que provoca depress\u00e3o. Todos querem ser vencedores e ningu\u00e9m quer ser perdedor. Mesmo quando perdemos, acusamos os outros para a nossa derrota. E Jean Paul Satre muito disse, o inferno s\u00e3o os outros, e hoje, usamos essa m\u00e1xima para justificar nossas loucuras.<\/p>\n\n\n\n<h3 class=\"wp-block-heading has-text-align-center\"><br>Bruno Marqu\u00ea Areno<\/h3>\n\n\n\n<div class=\"wp-block-columns is-layout-flex wp-container-core-columns-is-layout-9d6595d7 wp-block-columns-is-layout-flex\">\n<div class=\"wp-block-column is-layout-flow wp-block-column-is-layout-flow\">\n<h3 class=\"wp-block-heading has-text-align-center has-pale-ocean-gradient-background has-background\"><a href=\"https:\/\/www.facebook.com\/brunomarques.areno.5?locale=pt_BR\" target=\"_blank\" rel=\"noopener\" title=\"Facebook\">Facebook<\/a><\/h3>\n<\/div>\n\n\n\n<div class=\"wp-block-column is-layout-flow wp-block-column-is-layout-flow\">\n<h3 class=\"wp-block-heading has-text-align-center has-pale-ocean-gradient-background has-background\"><a href=\"https:\/\/wa.me\/+258844643108\" title=\"WhatsApp\">WhatsApp<\/a><\/h3>\n<\/div>\n<\/div>\n\n\n\n<p><a href=\"https:\/\/jornalrol.com.br\/\" title=\"Voltar\">Voltar<\/a><\/p>\n\n\n\n<p><a href=\"https:\/\/www.facebook.com\/JCulturalrol\/\" title=\"Facebook\">Facebook<\/a><\/p>\n","protected":false},"excerpt":{"rendered":"<p>&#8220;A minha frustra\u00e7\u00e3o \u00e9 n\u00e3o conseguir ler todos os livros. Os livros funcionam como um veneno, mas tamb\u00e9m como ant\u00eddoto para alma.&#8221; (Jessemusse Cacinda) Mano Jessemusse, as minhas entrevistas n\u00e3o s\u00e3o um arquivo bibliogr\u00e1fico. Se por acaso jorrar entre os meus l\u00e1bios<\/p>\n<p class=\"link-more\"><a class=\"myButt \" href=\"http:\/\/jornalrol.com.br\/?p=77878\">Read More<\/a><\/p>\n","protected":false},"author":133,"featured_media":77887,"comment_status":"open","ping_status":"closed","sticky":false,"template":"","format":"standard","meta":{"_jetpack_newsletter_access":"","_jetpack_dont_email_post_to_subs":false,"_jetpack_newsletter_tier_id":0,"_jetpack_memberships_contains_paywalled_content":false,"_jetpack_memberships_contains_paid_content":false,"footnotes":""},"categories":[15034,10024,9285],"tags":[15917],"class_list":["post-77878","post","type-post","status-publish","format-standard","has-post-thumbnail","hentry","category-entrevistas-rolianas-literatura","category-entrevistas-rolianas","category-literatura","tag-jessemusse-cacinda"],"aioseo_notices":[],"views":297,"jetpack_featured_media_url":"http:\/\/jornalrol.com.br\/wp-content\/uploads\/2026\/01\/583592865_25386226524369258_9161754258635144836_n.jpg","jetpack_sharing_enabled":true,"jetpack_likes_enabled":true,"jetpack-related-posts":[{"id":47926,"url":"http:\/\/jornalrol.com.br\/?p=47926","url_meta":{"origin":77878,"position":0},"title":"Vem a\u00ed a II Antologia ROLiana 2022!","author":"Sergio Diniz da Costa","date":"16 de janeiro de 2022","format":false,"excerpt":"Com um quadro de colaboradores cada vez mais amplo e mais culto,\u00a0a 2\u00aa edi\u00e7\u00e3o da ANTOLOGIA ROLIANA promete ser um sucesso ainda maior! Em abril de 2022 o\u00a0Jornal ROL completa 28 anos de atividades culturais ininterruptas. E ap\u00f3s quase tr\u00eas d\u00e9cadas de exist\u00eancia, apresenta n\u00fameros impressionantes: dois editores gerais, 5\u2026","rel":"","context":"Em &quot;Comunica\u00e7\u00e3o&quot;","block_context":{"text":"Comunica\u00e7\u00e3o","link":"http:\/\/jornalrol.com.br\/?cat=7"},"img":{"alt_text":"","src":"https:\/\/i0.wp.com\/jornalrol.com.br\/wp-content\/uploads\/2022\/01\/8b883333-be59-4500-97cf-3d68293c417f.jpg?resize=350%2C200","width":350,"height":200,"srcset":"https:\/\/i0.wp.com\/jornalrol.com.br\/wp-content\/uploads\/2022\/01\/8b883333-be59-4500-97cf-3d68293c417f.jpg?resize=350%2C200 1x, https:\/\/i0.wp.com\/jornalrol.com.br\/wp-content\/uploads\/2022\/01\/8b883333-be59-4500-97cf-3d68293c417f.jpg?resize=525%2C300 1.5x, https:\/\/i0.wp.com\/jornalrol.com.br\/wp-content\/uploads\/2022\/01\/8b883333-be59-4500-97cf-3d68293c417f.jpg?resize=700%2C400 2x, https:\/\/i0.wp.com\/jornalrol.com.br\/wp-content\/uploads\/2022\/01\/8b883333-be59-4500-97cf-3d68293c417f.jpg?resize=1050%2C600 3x"},"classes":[]},{"id":62684,"url":"http:\/\/jornalrol.com.br\/?p=62684","url_meta":{"origin":77878,"position":1},"title":"Nas Entrevistas ROLianas um &#8216;SaibaMais&#8217; sobre o escritor L. F. Magellan","author":"Sergio Diniz da Costa","date":"1 de novembro de 2023","format":false,"excerpt":"L. F. Magellan, um executivo bem sucedido e professor universit\u00e1rio, deixa a mesa do escrit\u00f3rio e a sala de aula para enveredar no universo da literatura.","rel":"","context":"Em &quot;Entrevistas ROLianas&quot;","block_context":{"text":"Entrevistas ROLianas","link":"http:\/\/jornalrol.com.br\/?cat=10024"},"img":{"alt_text":"Logo das Entrevistas ROLianas","src":"https:\/\/i0.wp.com\/jornalrol.com.br\/wp-content\/uploads\/2023\/07\/Entrevistas-Rol.jpg?resize=350%2C200","width":350,"height":200,"srcset":"https:\/\/i0.wp.com\/jornalrol.com.br\/wp-content\/uploads\/2023\/07\/Entrevistas-Rol.jpg?resize=350%2C200 1x, https:\/\/i0.wp.com\/jornalrol.com.br\/wp-content\/uploads\/2023\/07\/Entrevistas-Rol.jpg?resize=525%2C300 1.5x, https:\/\/i0.wp.com\/jornalrol.com.br\/wp-content\/uploads\/2023\/07\/Entrevistas-Rol.jpg?resize=700%2C400 2x, https:\/\/i0.wp.com\/jornalrol.com.br\/wp-content\/uploads\/2023\/07\/Entrevistas-Rol.jpg?resize=1050%2C600 3x"},"classes":[]},{"id":69240,"url":"http:\/\/jornalrol.com.br\/?p=69240","url_meta":{"origin":77878,"position":2},"title":"A arte de escrever e transmitir emo\u00e7\u00f5es","author":"Marcus Hemerly","date":"5 de setembro de 2024","format":false,"excerpt":"Neste final de semana, come\u00e7a a Bienal do Livro de S\u00e3o Paulo, festividade importante para o mercado editorial e para o fomento da cultura, que acontecer\u00e1 at\u00e9...","rel":"","context":"Em &quot;Entrevistas ROLianas&quot;","block_context":{"text":"Entrevistas ROLianas","link":"http:\/\/jornalrol.com.br\/?cat=10024"},"img":{"alt_text":"Card do lan\u00e7amento oficial do livro 'Investiga\u00e7\u00e3o em Dallas'","src":"https:\/\/i0.wp.com\/jornalrol.com.br\/wp-content\/uploads\/2024\/09\/lANCAMENTO-OFICIAL-DO-LIVRO-INVESTIGACAO-EM-DALLAS-07092024-15H.jpg?resize=350%2C200","width":350,"height":200,"srcset":"https:\/\/i0.wp.com\/jornalrol.com.br\/wp-content\/uploads\/2024\/09\/lANCAMENTO-OFICIAL-DO-LIVRO-INVESTIGACAO-EM-DALLAS-07092024-15H.jpg?resize=350%2C200 1x, https:\/\/i0.wp.com\/jornalrol.com.br\/wp-content\/uploads\/2024\/09\/lANCAMENTO-OFICIAL-DO-LIVRO-INVESTIGACAO-EM-DALLAS-07092024-15H.jpg?resize=525%2C300 1.5x, https:\/\/i0.wp.com\/jornalrol.com.br\/wp-content\/uploads\/2024\/09\/lANCAMENTO-OFICIAL-DO-LIVRO-INVESTIGACAO-EM-DALLAS-07092024-15H.jpg?resize=700%2C400 2x, https:\/\/i0.wp.com\/jornalrol.com.br\/wp-content\/uploads\/2024\/09\/lANCAMENTO-OFICIAL-DO-LIVRO-INVESTIGACAO-EM-DALLAS-07092024-15H.jpg?resize=1050%2C600 3x"},"classes":[]},{"id":39726,"url":"http:\/\/jornalrol.com.br\/?p=39726","url_meta":{"origin":77878,"position":3},"title":"Jornal ROL festeja 27 anos com lan\u00e7amento da primeira Antologia ROLiana!","author":"Sergio Diniz da Costa","date":"17 de abril de 2021","format":false,"excerpt":"\u00a0 \u00a0 \u00a0 \u00a0 \u00a0No dia 14 de abril, o Jornal ROL comemorou seus 27 anos com laive e lan\u00e7amento da primeira Antologia ROLiana. O evento teve a cobertura da TV Channel Network Em tempos de pandemia pela Covid-19, o Jornal ROL aderiu \u00e0 op\u00e7\u00e3o de quem produz cultura e\u2026","rel":"","context":"Em &quot;Comunica\u00e7\u00e3o&quot;","block_context":{"text":"Comunica\u00e7\u00e3o","link":"http:\/\/jornalrol.com.br\/?cat=7"},"img":{"alt_text":"","src":"https:\/\/i0.wp.com\/jornalrol.com.br\/wp-content\/uploads\/2021\/04\/IMG-20210415-WA0136.jpg?resize=350%2C200","width":350,"height":200,"srcset":"https:\/\/i0.wp.com\/jornalrol.com.br\/wp-content\/uploads\/2021\/04\/IMG-20210415-WA0136.jpg?resize=350%2C200 1x, https:\/\/i0.wp.com\/jornalrol.com.br\/wp-content\/uploads\/2021\/04\/IMG-20210415-WA0136.jpg?resize=525%2C300 1.5x"},"classes":[]},{"id":78189,"url":"http:\/\/jornalrol.com.br\/?p=78189","url_meta":{"origin":77878,"position":4},"title":"Zekhalifa Successor","author":"Bruno Marques Areno","date":"2 de fevereiro de 2026","format":false,"excerpt":"Zekhalifa Successor \u00e9 um artista moldado cedo pela vida e pela urg\u00eancia de dizer. Profissional desde a inf\u00e2ncia, encontrou na m\u00fasica um espa\u00e7o de resist\u00eancia...","rel":"","context":"Em &quot;Arte&quot;","block_context":{"text":"Arte","link":"http:\/\/jornalrol.com.br\/?cat=9286"},"img":{"alt_text":"Zekhalifa Sucessor","src":"https:\/\/i0.wp.com\/jornalrol.com.br\/wp-content\/uploads\/2026\/02\/943aaef3-f032-496f-9f5b-aff30583b477.jpg?resize=350%2C200","width":350,"height":200,"srcset":"https:\/\/i0.wp.com\/jornalrol.com.br\/wp-content\/uploads\/2026\/02\/943aaef3-f032-496f-9f5b-aff30583b477.jpg?resize=350%2C200 1x, https:\/\/i0.wp.com\/jornalrol.com.br\/wp-content\/uploads\/2026\/02\/943aaef3-f032-496f-9f5b-aff30583b477.jpg?resize=525%2C300 1.5x, https:\/\/i0.wp.com\/jornalrol.com.br\/wp-content\/uploads\/2026\/02\/943aaef3-f032-496f-9f5b-aff30583b477.jpg?resize=700%2C400 2x"},"classes":[]},{"id":49766,"url":"http:\/\/jornalrol.com.br\/?p=49766","url_meta":{"origin":77878,"position":5},"title":"Na se\u00e7\u00e3o Entrevistas ROLianas, uma conversa descontra\u00edda entre a colunista Magna Asp\u00e1sia Fontenelle e a editora e ativista cultural Shirley Cavalcante&#039;","author":"Magna Aspasia Fontenelle","date":"19 de abril de 2022","format":false,"excerpt":"\u00a0 Ativista cultural, editora, jornalista e radialista, Shirley Cavalcante\u00a0utiliza a comunica\u00e7\u00e3o como ferramenta estrat\u00e9gica para a solu\u00e7\u00e3o dos conflitos existentes nas rela\u00e7\u00f5es humanas \u2022 Quem \u00e9 Shirley Cavalcante? Shirley M. Cavalcante\u00a0 \u00e9 ativista cultural, administradora do projeto Divulga Escritor, Editora da Revista Acad\u00eamica Online, Divulga Escritor: Revista Liter\u00e1ria da Lusofonia,\u2026","rel":"","context":"Em &quot;Comunica\u00e7\u00e3o&quot;","block_context":{"text":"Comunica\u00e7\u00e3o","link":"http:\/\/jornalrol.com.br\/?cat=7"},"img":{"alt_text":"","src":"https:\/\/i0.wp.com\/jornalrol.com.br\/wp-content\/uploads\/2022\/04\/Screenshot_20220415-090719_Chrome.jpg?resize=350%2C200","width":350,"height":200},"classes":[]}],"_links":{"self":[{"href":"http:\/\/jornalrol.com.br\/index.php?rest_route=\/wp\/v2\/posts\/77878","targetHints":{"allow":["GET"]}}],"collection":[{"href":"http:\/\/jornalrol.com.br\/index.php?rest_route=\/wp\/v2\/posts"}],"about":[{"href":"http:\/\/jornalrol.com.br\/index.php?rest_route=\/wp\/v2\/types\/post"}],"author":[{"embeddable":true,"href":"http:\/\/jornalrol.com.br\/index.php?rest_route=\/wp\/v2\/users\/133"}],"replies":[{"embeddable":true,"href":"http:\/\/jornalrol.com.br\/index.php?rest_route=%2Fwp%2Fv2%2Fcomments&post=77878"}],"version-history":[{"count":3,"href":"http:\/\/jornalrol.com.br\/index.php?rest_route=\/wp\/v2\/posts\/77878\/revisions"}],"predecessor-version":[{"id":77892,"href":"http:\/\/jornalrol.com.br\/index.php?rest_route=\/wp\/v2\/posts\/77878\/revisions\/77892"}],"wp:featuredmedia":[{"embeddable":true,"href":"http:\/\/jornalrol.com.br\/index.php?rest_route=\/wp\/v2\/media\/77887"}],"wp:attachment":[{"href":"http:\/\/jornalrol.com.br\/index.php?rest_route=%2Fwp%2Fv2%2Fmedia&parent=77878"}],"wp:term":[{"taxonomy":"category","embeddable":true,"href":"http:\/\/jornalrol.com.br\/index.php?rest_route=%2Fwp%2Fv2%2Fcategories&post=77878"},{"taxonomy":"post_tag","embeddable":true,"href":"http:\/\/jornalrol.com.br\/index.php?rest_route=%2Fwp%2Fv2%2Ftags&post=77878"}],"curies":[{"name":"wp","href":"https:\/\/api.w.org\/{rel}","templated":true}]}}