{"id":77907,"date":"2026-01-19T08:15:00","date_gmt":"2026-01-19T11:15:00","guid":{"rendered":"https:\/\/jornalrol.com.br\/?p=77907"},"modified":"2026-01-16T16:53:47","modified_gmt":"2026-01-16T19:53:47","slug":"dilemas-sociais","status":"publish","type":"post","link":"http:\/\/jornalrol.com.br\/?p=77907","title":{"rendered":"Dilemas sociais"},"content":{"rendered":"<div class=\"pdfprnt-buttons pdfprnt-buttons-post pdfprnt-top-right\"><a href=\"http:\/\/jornalrol.com.br\/index.php?rest_route=%2Fwp%2Fv2%2Fposts%2F77907&print=pdf\" class=\"pdfprnt-button pdfprnt-button-pdf\" target=\"_blank\" ><\/a><a href=\"http:\/\/jornalrol.com.br\/index.php?rest_route=%2Fwp%2Fv2%2Fposts%2F77907&print=print\" class=\"pdfprnt-button pdfprnt-button-print\" target=\"_blank\" ><img decoding=\"async\" src=\"https:\/\/jornalrol.com.br\/wp-content\/plugins\/pdf-print\/images\/print.png\" alt=\"image_print\" title=\"Conte\u00fado de impress\u00e3o\" \/><\/a><\/div>\n<h2 class=\"wp-block-heading has-text-align-center\">Diamantino Louren\u00e7o Rodrigues de B\u00e1rtolo<br><br> &#8216;S\u00e3o diversos, graves e dif\u00edceis os dilemas sociais&#8217;<br><br><\/h2>\n\n\n<div class=\"wp-block-image\">\n<figure class=\"aligncenter size-full is-resized\"><img loading=\"lazy\" decoding=\"async\" width=\"843\" height=\"1069\" data-attachment-id=\"68602\" data-permalink=\"http:\/\/jornalrol.com.br\/?attachment_id=68602\" data-orig-file=\"http:\/\/jornalrol.com.br\/wp-content\/uploads\/2024\/08\/2.-Diamantino-21.03.2016-21032016-1.jpg\" data-orig-size=\"843,1069\" data-comments-opened=\"1\" data-image-meta=\"{&quot;aperture&quot;:&quot;0&quot;,&quot;credit&quot;:&quot;&quot;,&quot;camera&quot;:&quot;&quot;,&quot;caption&quot;:&quot;&quot;,&quot;created_timestamp&quot;:&quot;0&quot;,&quot;copyright&quot;:&quot;&quot;,&quot;focal_length&quot;:&quot;0&quot;,&quot;iso&quot;:&quot;0&quot;,&quot;shutter_speed&quot;:&quot;0&quot;,&quot;title&quot;:&quot;&quot;,&quot;orientation&quot;:&quot;0&quot;}\" data-image-title=\"2. Diamantino (21.03.2016) 21032016 (1)\" data-image-description=\"&lt;p&gt;Diamantino B\u00e1rtolo&lt;\/p&gt;\n\" data-image-caption=\"&lt;p&gt;Diamantino B\u00e1rtolo&lt;\/p&gt;\n\" data-large-file=\"http:\/\/jornalrol.com.br\/wp-content\/uploads\/2024\/08\/2.-Diamantino-21.03.2016-21032016-1.jpg\" src=\"http:\/\/jornalrol.com.br\/wp-content\/uploads\/2024\/08\/2.-Diamantino-21.03.2016-21032016-1.jpg\" alt=\"Diamantino B\u00e1rtolo\" class=\"wp-image-68602\" style=\"aspect-ratio:0.788605125346555;width:144px;height:auto\" srcset=\"http:\/\/jornalrol.com.br\/wp-content\/uploads\/2024\/08\/2.-Diamantino-21.03.2016-21032016-1.jpg 843w, http:\/\/jornalrol.com.br\/wp-content\/uploads\/2024\/08\/2.-Diamantino-21.03.2016-21032016-1-768x974.jpg 768w\" sizes=\"auto, (max-width: 843px) 100vw, 843px\" \/><figcaption class=\"wp-element-caption\">Diamantino B\u00e1rtolo<\/figcaption><\/figure>\n<\/div>\n\n<div class=\"wp-block-image\">\n<figure class=\"aligncenter size-full is-resized\"><img loading=\"lazy\" decoding=\"async\" width=\"784\" height=\"1168\" data-attachment-id=\"77908\" data-permalink=\"http:\/\/jornalrol.com.br\/?attachment_id=77908\" data-orig-file=\"http:\/\/jornalrol.com.br\/wp-content\/uploads\/2026\/01\/2294e146-0069-4cf8-98da-bfdf59c1781d.jpg\" data-orig-size=\"784,1168\" data-comments-opened=\"1\" data-image-meta=\"{&quot;aperture&quot;:&quot;0&quot;,&quot;credit&quot;:&quot;2294e146-0069-4cf8-98da-bfdf59c1781d&quot;,&quot;camera&quot;:&quot;&quot;,&quot;caption&quot;:&quot;Signature: ChrHL9g5E8QdZOKfx0kGuS8NY1RZfkDFDUP0kzbk1zLKOHsmpMJThNOcX7VW25qR8nG93+0LA7vZQquk3RxauW5hHAh813iNp8GGptmUEL594THvCUu9Inq3WRiwF6TV3d+o58dCARrLypTLn6uw7H1zH1IBtXqJNTChRvmE7Y2G4F5w1t6\/fLER2y236cAqD97\/pyHswX\/uxPJLUT4GR8Xzp7mdGCc1jwL74iAGtEtlNWzqizfpFRJxXeFbfa3Ovb4r\/j4zbwqY0S3JpR8g8hi56NV9FzY6yl1Y+KfWupWtTkKimZiT3mYc4PK2o1fGoT67AhcHKtsUboOh7FwPMugKnlpdlFyDq5XSvk4y\/\/6e6aambodatm\/dlTndVj8K&quot;,&quot;created_timestamp&quot;:&quot;0&quot;,&quot;copyright&quot;:&quot;&quot;,&quot;focal_length&quot;:&quot;0&quot;,&quot;iso&quot;:&quot;0&quot;,&quot;shutter_speed&quot;:&quot;0&quot;,&quot;title&quot;:&quot;&quot;,&quot;orientation&quot;:&quot;0&quot;}\" data-image-title=\"2294e146-0069-4cf8-98da-bfdf59c1781d\" data-image-description=\"\" data-image-caption=\"&lt;p&gt;Signature: ChrHL9g5E8QdZOKfx0kGuS8NY1RZfkDFDUP0kzbk1zLKOHsmpMJThNOcX7VW25qR8nG93+0LA7vZQquk3RxauW5hHAh813iNp8GGptmUEL594THvCUu9Inq3WRiwF6TV3d+o58dCARrLypTLn6uw7H1zH1IBtXqJNTChRvmE7Y2G4F5w1t6\/fLER2y236cAqD97\/pyHswX\/uxPJLUT4GR8Xzp7mdGCc1jwL74iAGtEtlNWzqizfpFRJxXeFbfa3Ovb4r\/j4zbwqY0S3JpR8g8hi56NV9FzY6yl1Y+KfWupWtTkKimZiT3mYc4PK2o1fGoT67AhcHKtsUboOh7FwPMugKnlpdlFyDq5XSvk4y\/\/6e6aambodatm\/dlTndVj8K&lt;\/p&gt;\n\" data-large-file=\"http:\/\/jornalrol.com.br\/wp-content\/uploads\/2026\/01\/2294e146-0069-4cf8-98da-bfdf59c1781d.jpg\" src=\"https:\/\/jornalrol.com.br\/wp-content\/uploads\/2026\/01\/2294e146-0069-4cf8-98da-bfdf59c1781d.jpg\" alt=\"\" class=\"wp-image-77908\" style=\"aspect-ratio:0.67123745819398;width:326px;height:auto\" srcset=\"http:\/\/jornalrol.com.br\/wp-content\/uploads\/2026\/01\/2294e146-0069-4cf8-98da-bfdf59c1781d.jpg 784w, http:\/\/jornalrol.com.br\/wp-content\/uploads\/2026\/01\/2294e146-0069-4cf8-98da-bfdf59c1781d-768x1144.jpg 768w\" sizes=\"auto, (max-width: 784px) 100vw, 784px\" \/><figcaption class=\"wp-element-caption\"><em>Imagem criada por IA do Grok<\/em><br><em>https:\/\/grok.com\/imagine\/post\/2294e146-0069-4cf8-98da-bfdf59c1781d<\/em><\/figcaption><\/figure>\n<\/div>\n\n\n<p class=\"has-drop-cap\">Acresce, a todo o desenvolvimento, que no \u00e2mbito do reconhecimento do direito \u00e0 diferen\u00e7a cultural, existem v\u00e1rios instrumentos legais internacionais, nos quais Portugal \u00e9 parte contratante, destacando-se, na circunst\u00e2ncia, o <em>\u201cConv\u00e9nio Internacional relativo aos Direitos Econ\u00f3micos, Sociais e Culturais\u201d,<\/em> e que agora abordamos alguns artigos mais espec\u00edficos desta tem\u00e1tica. \u00c9 assim que, logo no primeiro artigo se declara: <em>\u00ab1. Todos os povos t\u00eam direito de dispor de si mesmos. Em virtude desse direito, eles determinam livremente o seu desenvolvimento econ\u00f3mico, social e cultural. 2. Para atingirem os seus fins todos os povos podem dispor livremente das suas riquezas e dos seus recursos naturais&#8230;\u00bb<\/em> e, no seu artigo segundo: \u00ab<em>2. Os Estados partes do presente Conv\u00e9nio comprometem-se a garantir que os direitos aqui enunciados ser\u00e3o exercidos sem nenhuma discrimina\u00e7\u00e3o fundamentada na ra\u00e7a, cor, sexo, l\u00edngua, religi\u00e3o, opini\u00e3o pol\u00edtica ou qualquer outra opini\u00e3o, origem nacional ou social, fortuna, nascimento ou qualquer outra situa\u00e7\u00e3o<\/em>.\u00bb<\/p>\n\n\n\n<p>Avan\u00e7ando na an\u00e1lise deste importante documento, encontraremos, concreta e especificamente, normas que reconhecem, de forma inequ\u00edvoca, o direito \u00e0 cultura, ali\u00e1s o artigo quinze \u00e9 clar\u00edssimo: <em>\u00ab1. Os Estados partes do presente Conv\u00e9nio reconhecem a todo o indiv\u00edduo o direito: a) De participar na vida cultural; b) De beneficiar do progresso cient\u00edfico e das suas aplica\u00e7\u00f5es; c) De beneficiar da protec\u00e7\u00e3o dos direitos morais e materiais resultantes de toda a produ\u00e7\u00e3o cient\u00edfica, liter\u00e1ria ou art\u00edstica de que for autor. (&#8230;) 4. Os Estados partes do presente Conv\u00e9nio reconhecem os benef\u00edcios que devem resultar do encorajamento e desenvolvimento da coopera\u00e7\u00e3o e dos contactos internacionais no dom\u00ednio da ci\u00eancia e da cultura<\/em>.\u00bb (HAARSCHER, 1993: 183-4).<\/p>\n\n\n\n<p>Para melhor se complementar a import\u00e2ncia da cultura e em jeito de refor\u00e7o da presente reflex\u00e3o, tamb\u00e9m se poderia abordar a \u00c9tica, como projeto mundial, analisada na perspetiva da influ\u00eancia que a Religi\u00e3o tem, de resto, parte-se da premissa da import\u00e2ncia vital que a (s) religi\u00e3o (\u00f5es) desempenha (m) no mundo da p\u00f3s-modernidade, pensando-se que em todas as culturas, a dimens\u00e3o religiosa est\u00e1 presente, e que os seus defensores interv\u00eam no processo das rela\u00e7\u00f5es humanas, desejavelmente para o bem.<\/p>\n\n\n\n<p>\u00c9 poss\u00edvel fundamentar os valores humanos a partir de uma argumenta\u00e7\u00e3o religiosa: \u00ab<em>A sociedade secular tamb\u00e9m tem interesse em que os valores humanos, o humanum, preservem o seu direito de cidadania, no \u00e2mbito de uma religi\u00e3o e, neste caso, da religi\u00e3o cat\u00f3lica (&#8230;) justamente numa \u00e9poca de desorienta\u00e7\u00e3o e da dissolu\u00e7\u00e3o dos la\u00e7os sociais, numa \u00e9poca de permissividade largamente disseminada e cinismo descarado, o cristianismo e de facto todas as religi\u00f5es &#8211; mais do que a pedagogia, psicologia, jurisprud\u00eancia e actividade pol\u00edtica -, desempenham de novo um papel determinante em termos de consci\u00eancia individual, no sentido de proporcionarem seguran\u00e7a, apoio emocional, protec\u00e7\u00e3o, tranquilidade, consolo e coragem para protestar (&#8230;), a religi\u00e3o pode fundamentar de modo inequ\u00edvoco por que raz\u00e3o a moral, valores e normas \u00e9ticas devem ser absoluta (e n\u00e3o apenas quando nos conv\u00e9m) e universalmente (para todas as castas, classes ou ra\u00e7as) vinculativas. O humanum s\u00f3 poder ser salvo na medida em que a sua justifica\u00e7\u00e3o for encarada em termos de divinum.\u00bb <\/em>(KUNG, 1990:156-7).<\/p>\n\n\n\n<p>\u201cDeparamo-nos, contemporaneamente, com diversos, graves e complexos problemas sociais, originados em diferentes comunidades, em contextos naturais ou artificiais, com objetivos expl\u00edcitos ou intencionalidades inconfess\u00e1veis e, quaisquer que sejam as \u00e1reas de interven\u00e7\u00e3o: pol\u00edtica, religiosa, ecol\u00f3gica, econ\u00f3mica, financeira, a dimens\u00e3o cultural est\u00e1, intrinsecamente, mais ou menos envolvida, por isso n\u00e3o se deve estranhar este permanente confronto de culturas, tanto mais acentuado quanto mais o fator \u00e9tnico-r\u00e1cico se revela e interfere.&nbsp;<\/p>\n\n\n\n<p>Na verdade, nunca como hoje se fala tanto em culturas, multiculturas, interculturas, de tal forma que se coloca, cada vez com mais pertin\u00eancia, se n\u00e3o estaremos a caminhar para uma hibrida\u00e7\u00e3o cultural ou uma cultura transg\u00e9nica, como quaisquer outros produtos do campo alimentar e biol\u00f3gico?&nbsp;<\/p>\n\n\n\n<p><strong>BIBLIOGRAFIA<\/strong><\/p>\n\n\n\n<p>CARNEIRO, Roberto, (1999). \u201cChoque de Culturas ou Hibrida\u00e7\u00e3o Cultural\u201d, in: <em>Nova Cidadania<\/em>, S. Jo\u00e3o do Estoril\/Lisboa: Principia, Publica\u00e7\u00f5es Universit\u00e1rias e Cient\u00edficas, (2), pp. 43-52.<\/p>\n\n\n\n<p>GALTUNG, Johan, (1994). <em>Direitos Humanos \u2013 Uma Nova Perspectiva. <\/em>Tradu\u00e7\u00e3o, Margarida Fernandes. Lisboa: Instituto Piaget.<\/p>\n\n\n\n<p>HAARSCHER, Guy, (1993). <em>A Filosofia dos Direitos do Homem.<\/em> Tradu\u00e7\u00e3o, Armando F. Silva. Lisboa: Instituto Piaget.<\/p>\n\n\n\n<p>KUNG, Hans, (1990). <em>Projecto para uma \u00c9tica Mundial,<\/em> Tradu\u00e7\u00e3o, Maria Lu\u00edsa Caba\u00e7os Meli\u00e7o, Lisboa: Instituto Piaget.<\/p>\n\n\n\n<p class=\"has-text-align-right\"><strong><em>Diamantino Louren\u00e7o Rodrigues de B\u00e1rtolo<\/em><\/strong><\/p>\n\n\n\n<div class=\"wp-block-columns is-layout-flex wp-container-core-columns-is-layout-9d6595d7 wp-block-columns-is-layout-flex\">\n<div class=\"wp-block-column is-layout-flow wp-block-column-is-layout-flow\">\n<h4 class=\"wp-block-heading has-text-align-center has-pale-ocean-gradient-background has-background\"><a href=\"mailto:diamantino.bartolo@gmail.com\" target=\"_blank\" rel=\"noopener\" title=\"E-meio\">E-meio<\/a><\/h4>\n<\/div>\n\n\n\n<div class=\"wp-block-column is-layout-flow wp-block-column-is-layout-flow\">\n<h4 class=\"wp-block-heading has-text-align-center has-pale-ocean-gradient-background has-background\"><a href=\"http:\/\/nalap.org\/Artigos.aspx\" title=\"Nalap\">Nalap<\/a><\/h4>\n<\/div>\n\n\n\n<div class=\"wp-block-column is-layout-flow wp-block-column-is-layout-flow\">\n<h4 class=\"wp-block-heading has-text-align-center has-pale-ocean-gradient-background has-background\"><a href=\"https:\/\/www.facebook.com\/diamantino.bartolo.1\" target=\"_blank\" rel=\"noopener\" title=\"Facebook\">Facebook<\/a><\/h4>\n<\/div>\n\n\n\n<div class=\"wp-block-column is-layout-flow wp-block-column-is-layout-flow\">\n<h4 class=\"wp-block-heading has-text-align-center has-pale-ocean-gradient-background has-background\"><a href=\"http:\/\/diamantinobartolo.blogspot.com\" title=\"Blog\">Blog<\/a><\/h4>\n<\/div>\n<\/div>\n\n\n\n<p><a href=\"https:\/\/jornalrol.com.br\/\" title=\"Voltar\">Voltar<\/a><\/p>\n\n\n\n<p><a href=\"https:\/\/www.facebook.com.br\/JCulturalrol\/\" title=\"Facebook\">Facebook<\/a><\/p>\n","protected":false},"excerpt":{"rendered":"<p>Acresce, a todo o desenvolvimento, que no \u00e2mbito do reconhecimento do direito \u00e0 diferen\u00e7a cultural, existem v\u00e1rios instrumentos legais internacionais&#8230;<\/p>\n","protected":false},"author":16,"featured_media":77908,"comment_status":"open","ping_status":"closed","sticky":false,"template":"","format":"standard","meta":{"_jetpack_newsletter_access":"","_jetpack_dont_email_post_to_subs":false,"_jetpack_newsletter_tier_id":0,"_jetpack_memberships_contains_paywalled_content":false,"_jetpack_memberships_contains_paid_content":false,"footnotes":""},"categories":[1],"tags":[15918,15919,8665],"class_list":["post-77907","post","type-post","status-publish","format-standard","has-post-thumbnail","hentry","category-sem-categoria","tag-dilemas-sociais","tag-instrumentos-legais-internacionais","tag-valores-humanos"],"aioseo_notices":[],"views":1798,"jetpack_featured_media_url":"http:\/\/jornalrol.com.br\/wp-content\/uploads\/2026\/01\/2294e146-0069-4cf8-98da-bfdf59c1781d.jpg","jetpack_sharing_enabled":true,"jetpack_likes_enabled":true,"jetpack-related-posts":[{"id":52693,"url":"http:\/\/jornalrol.com.br\/?p=52693","url_meta":{"origin":77907,"position":0},"title":"Diamantino Louren\u00e7o Rodrigues de B\u00e1rtolo: &#039;Direitos humanos no s\u00e9culo XXI&#039;","author":"Diamantino Bartolo","date":"18 de novembro de 2022","format":false,"excerpt":"Direitos humanos no s\u00e9culo XXI O s\u00e9culo XX ficar\u00e1 na hist\u00f3ria, certamente, por bons motivos, mas, tamb\u00e9m, pelo que de mais negativo a humanidade alguma vez viveu e, naturalmente, parece oportuno recordar as maravilhas da ci\u00eancia que, obviamente, com o poderio da t\u00e9cnica e da tecnologia, se intrometeu de forma\u2026","rel":"","context":"Em &quot;Comunica\u00e7\u00e3o&quot;","block_context":{"text":"Comunica\u00e7\u00e3o","link":"http:\/\/jornalrol.com.br\/?cat=7"},"img":{"alt_text":"","src":"https:\/\/i0.wp.com\/jornalrol.com.br\/wp-content\/uploads\/2022\/11\/113545633_1612205885611817_276299013388565688_o-1.jpg?resize=350%2C200","width":350,"height":200},"classes":[]},{"id":63519,"url":"http:\/\/jornalrol.com.br\/?p=63519","url_meta":{"origin":77907,"position":1},"title":"Didatologia para utiliza\u00e7\u00e3o em redes sociais","author":"Diamantino Bartolo","date":"2 de dezembro de 2023","format":false,"excerpt":"Em tempos tive a possibilidade de assumir a responsabilidade de escrever e publicar uma reflex\u00e3o sobre os benef\u00edcios e malef\u00edcios das redes sociais...","rel":"","context":"Em &quot;artigos&quot;","block_context":{"text":"artigos","link":"http:\/\/jornalrol.com.br\/?cat=9398"},"img":{"alt_text":"Diamantino B\u00e1rtolo","src":"https:\/\/i0.wp.com\/www.jornalrol.com.br\/wp-content\/uploads\/2023\/05\/Diamantino-Lourenco-R-de-Bartolo.jpg?resize=350%2C200&ssl=1","width":350,"height":200},"classes":[]},{"id":37281,"url":"http:\/\/jornalrol.com.br\/?p=37281","url_meta":{"origin":77907,"position":2},"title":"Diamantino Louren\u00e7o Rodrigues de B\u00e1rtolo: &#039;Justi\u00e7a distributiva&#039;","author":"Diamantino Bartolo","date":"2 de fevereiro de 2021","format":false,"excerpt":"Justi\u00e7a distributiva A divis\u00e3o do mundo em bin\u00f3mios, trin\u00f3mios ou quaisquer outros crit\u00e9rios qualificativos, \u00e9 uma realidade que deve estar presente em diferentes discuss\u00f5es, sobre a justi\u00e7a distributiva da riqueza. Na divis\u00e3o dos recursos naturais, e daqueles que s\u00e3o gerados pela comunidade, deve haver uma maior equidade, de tal forma\u2026","rel":"","context":"Em &quot;Comunica\u00e7\u00e3o&quot;","block_context":{"text":"Comunica\u00e7\u00e3o","link":"http:\/\/jornalrol.com.br\/?cat=7"},"img":{"alt_text":"","src":"https:\/\/i0.wp.com\/jornalrol.com.br\/wp-content\/uploads\/2021\/02\/justicia-distributiva-2.jpg?resize=350%2C200","width":350,"height":200,"srcset":"https:\/\/i0.wp.com\/jornalrol.com.br\/wp-content\/uploads\/2021\/02\/justicia-distributiva-2.jpg?resize=350%2C200 1x, https:\/\/i0.wp.com\/jornalrol.com.br\/wp-content\/uploads\/2021\/02\/justicia-distributiva-2.jpg?resize=525%2C300 1.5x"},"classes":[]},{"id":52021,"url":"http:\/\/jornalrol.com.br\/?p=52021","url_meta":{"origin":77907,"position":3},"title":"Diamantino Louren\u00e7o Rodrigues de B\u00e1rtolo: &#039;A \u00e9tica do professor&#039;","author":"Diamantino Bartolo","date":"22 de setembro de 2022","format":false,"excerpt":"A \u00e9tica do professor Com efeito, considera-se neste trabalho, cujo tema central \u00e9 a \u201c\u00c9tica do Professor\u201d, a colabora\u00e7\u00e3o que ele poder\u00e1 (e dever\u00e1) dar na prepara\u00e7\u00e3o de um novo cidad\u00e3o, que seja capaz de contribuir para a resolu\u00e7\u00e3o de quest\u00f5es de natureza algo inef\u00e1vel e abstrata, mas que influenciam\u2026","rel":"","context":"Em &quot;Comunica\u00e7\u00e3o&quot;","block_context":{"text":"Comunica\u00e7\u00e3o","link":"http:\/\/jornalrol.com.br\/?cat=7"},"img":{"alt_text":"","src":"https:\/\/i0.wp.com\/www.jornalrol.com.br\/wp-content\/uploads\/2020\/09\/113545633_1612205885611817_276299013388565688_o-1-217x300.jpg?resize=350%2C200","width":350,"height":200},"classes":[]},{"id":74110,"url":"http:\/\/jornalrol.com.br\/?p=74110","url_meta":{"origin":77907,"position":4},"title":"Comunidade social","author":"Diamantino Bartolo","date":"4 de julho de 2025","format":false,"excerpt":"Os factos sociais constituem uma realidade que vem sendo estudada cientificamente, desde um passado t\u00e3o long\u00ednquo, quanto a ci\u00eancia e a t\u00e9cnica o t\u00eam...","rel":"","context":"Em &quot;artigos&quot;","block_context":{"text":"artigos","link":"http:\/\/jornalrol.com.br\/?cat=9398"},"img":{"alt_text":"Imagem criada por IA do Bing - 04 de julho de 2025, \u00e0s 08:16 PM","src":"https:\/\/i0.wp.com\/jornalrol.com.br\/wp-content\/uploads\/2025\/07\/OIG2.jpg?resize=350%2C200","width":350,"height":200,"srcset":"https:\/\/i0.wp.com\/jornalrol.com.br\/wp-content\/uploads\/2025\/07\/OIG2.jpg?resize=350%2C200 1x, https:\/\/i0.wp.com\/jornalrol.com.br\/wp-content\/uploads\/2025\/07\/OIG2.jpg?resize=525%2C300 1.5x, https:\/\/i0.wp.com\/jornalrol.com.br\/wp-content\/uploads\/2025\/07\/OIG2.jpg?resize=700%2C400 2x"},"classes":[]},{"id":54810,"url":"http:\/\/jornalrol.com.br\/?p=54810","url_meta":{"origin":77907,"position":5},"title":"Diamantino Louren\u00e7o Rodrigues de B\u00e1rtolo: &#039;Inspira\u00e7\u00e3o entusiasta&#039;","author":"Diamantino Bartolo","date":"2 de maio de 2023","format":false,"excerpt":"Inspira\u00e7\u00e3o entusiasta S\u00e3o j\u00e1 algumas dezenas de anos que venho, com muita emo\u00e7\u00e3o, desenvolvendo um empreendimento que classifico de \u201cCidadania Participativa\u201d, no dom\u00ednio das Ci\u00eancias Sociais e Humanas: Filosofia, \u00c9tica, Axiologia, Direitos Humanos, Pol\u00edtica, Religi\u00e3o, Sociologia, Hist\u00f3ria, etc., que vem sendo divulgado pelos \u00d3rg\u00e3os de Comunica\u00e7\u00e3o Social digital, prosseguindo sempre\u2026","rel":"","context":"Em &quot;Comunica\u00e7\u00e3o&quot;","block_context":{"text":"Comunica\u00e7\u00e3o","link":"http:\/\/jornalrol.com.br\/?cat=7"},"img":{"alt_text":"Foto do autor do texto, o colunista Diamantino B\u00e1rtolo","src":"https:\/\/i0.wp.com\/jornalrol.com.br\/wp-content\/uploads\/2020\/09\/113545633_1612205885611817_276299013388565688_o-1.jpg?resize=350%2C200","width":350,"height":200},"classes":[]}],"_links":{"self":[{"href":"http:\/\/jornalrol.com.br\/index.php?rest_route=\/wp\/v2\/posts\/77907","targetHints":{"allow":["GET"]}}],"collection":[{"href":"http:\/\/jornalrol.com.br\/index.php?rest_route=\/wp\/v2\/posts"}],"about":[{"href":"http:\/\/jornalrol.com.br\/index.php?rest_route=\/wp\/v2\/types\/post"}],"author":[{"embeddable":true,"href":"http:\/\/jornalrol.com.br\/index.php?rest_route=\/wp\/v2\/users\/16"}],"replies":[{"embeddable":true,"href":"http:\/\/jornalrol.com.br\/index.php?rest_route=%2Fwp%2Fv2%2Fcomments&post=77907"}],"version-history":[{"count":2,"href":"http:\/\/jornalrol.com.br\/index.php?rest_route=\/wp\/v2\/posts\/77907\/revisions"}],"predecessor-version":[{"id":77910,"href":"http:\/\/jornalrol.com.br\/index.php?rest_route=\/wp\/v2\/posts\/77907\/revisions\/77910"}],"wp:featuredmedia":[{"embeddable":true,"href":"http:\/\/jornalrol.com.br\/index.php?rest_route=\/wp\/v2\/media\/77908"}],"wp:attachment":[{"href":"http:\/\/jornalrol.com.br\/index.php?rest_route=%2Fwp%2Fv2%2Fmedia&parent=77907"}],"wp:term":[{"taxonomy":"category","embeddable":true,"href":"http:\/\/jornalrol.com.br\/index.php?rest_route=%2Fwp%2Fv2%2Fcategories&post=77907"},{"taxonomy":"post_tag","embeddable":true,"href":"http:\/\/jornalrol.com.br\/index.php?rest_route=%2Fwp%2Fv2%2Ftags&post=77907"}],"curies":[{"name":"wp","href":"https:\/\/api.w.org\/{rel}","templated":true}]}}