{"id":77911,"date":"2026-01-16T18:06:12","date_gmt":"2026-01-16T21:06:12","guid":{"rendered":"https:\/\/jornalrol.com.br\/?p=77911"},"modified":"2026-01-17T09:52:20","modified_gmt":"2026-01-17T12:52:20","slug":"um-ultimo-suspiro-na-golden-gate-bridge","status":"publish","type":"post","link":"http:\/\/jornalrol.com.br\/?p=77911","title":{"rendered":"Um \u00faltimo suspiro na Golden Gate Bridge"},"content":{"rendered":"<div class=\"pdfprnt-buttons pdfprnt-buttons-post pdfprnt-top-right\"><a href=\"http:\/\/jornalrol.com.br\/index.php?rest_route=%2Fwp%2Fv2%2Fposts%2F77911&print=pdf\" class=\"pdfprnt-button pdfprnt-button-pdf\" target=\"_blank\" ><\/a><a href=\"http:\/\/jornalrol.com.br\/index.php?rest_route=%2Fwp%2Fv2%2Fposts%2F77911&print=print\" class=\"pdfprnt-button pdfprnt-button-print\" target=\"_blank\" ><img decoding=\"async\" src=\"https:\/\/jornalrol.com.br\/wp-content\/plugins\/pdf-print\/images\/print.png\" alt=\"image_print\" title=\"Conte\u00fado de impress\u00e3o\" \/><\/a><\/div>\n<h2 class=\"wp-block-heading has-text-align-center\">COLUNA <strong>&nbsp;<\/strong>PSICAN\u00c1LISE E COTIDIANO<br><br>Bruna Rosalem: &#8216;Um \u00faltimo suspiro na Golden Gate Bridge&#8217;<br><br><\/h2>\n\n\n<div class=\"wp-block-image is-style-rounded\">\n<figure class=\"aligncenter size-full is-resized\"><img loading=\"lazy\" decoding=\"async\" width=\"120\" height=\"120\" data-attachment-id=\"55430\" data-permalink=\"http:\/\/jornalrol.com.br\/?attachment_id=55430\" data-orig-file=\"http:\/\/jornalrol.com.br\/wp-content\/uploads\/2023\/05\/Bruna-Rosalem.png\" data-orig-size=\"120,120\" data-comments-opened=\"1\" data-image-meta=\"{&quot;aperture&quot;:&quot;0&quot;,&quot;credit&quot;:&quot;&quot;,&quot;camera&quot;:&quot;&quot;,&quot;caption&quot;:&quot;&quot;,&quot;created_timestamp&quot;:&quot;0&quot;,&quot;copyright&quot;:&quot;&quot;,&quot;focal_length&quot;:&quot;0&quot;,&quot;iso&quot;:&quot;0&quot;,&quot;shutter_speed&quot;:&quot;0&quot;,&quot;title&quot;:&quot;&quot;,&quot;orientation&quot;:&quot;0&quot;}\" data-image-title=\"Bruna-Rosalem\" data-image-description=\"&lt;p&gt;Bruna rosalem&lt;\/p&gt;\n\" data-image-caption=\"&lt;p&gt;Bruna Rosalem&lt;\/p&gt;\n\" data-large-file=\"http:\/\/jornalrol.com.br\/wp-content\/uploads\/2023\/05\/Bruna-Rosalem.png\" src=\"http:\/\/jornalrol.com.br\/wp-content\/uploads\/2023\/05\/Bruna-Rosalem.png\" alt=\"Bruna Rosalem\" class=\"wp-image-55430\" style=\"width:162px;height:auto\"\/><figcaption class=\"wp-element-caption\">Bruna Rosalem<\/figcaption><\/figure>\n<\/div>\n\n<div class=\"wp-block-image\">\n<figure class=\"aligncenter size-full is-resized\"><img loading=\"lazy\" decoding=\"async\" width=\"427\" height=\"240\" data-attachment-id=\"77912\" data-permalink=\"http:\/\/jornalrol.com.br\/?attachment_id=77912\" data-orig-file=\"http:\/\/jornalrol.com.br\/wp-content\/uploads\/2026\/01\/golden.jpg\" data-orig-size=\"427,240\" data-comments-opened=\"1\" data-image-meta=\"{&quot;aperture&quot;:&quot;0&quot;,&quot;credit&quot;:&quot;&quot;,&quot;camera&quot;:&quot;&quot;,&quot;caption&quot;:&quot;&quot;,&quot;created_timestamp&quot;:&quot;0&quot;,&quot;copyright&quot;:&quot;&quot;,&quot;focal_length&quot;:&quot;0&quot;,&quot;iso&quot;:&quot;0&quot;,&quot;shutter_speed&quot;:&quot;0&quot;,&quot;title&quot;:&quot;&quot;,&quot;orientation&quot;:&quot;0&quot;}\" data-image-title=\"golden\" data-image-description=\"\" data-image-caption=\"\" data-large-file=\"http:\/\/jornalrol.com.br\/wp-content\/uploads\/2026\/01\/golden.jpg\" src=\"https:\/\/jornalrol.com.br\/wp-content\/uploads\/2026\/01\/golden.jpg\" alt=\"Golden Gate Bridge - Imagem de dom\u00ednio p\u00fablico\" class=\"wp-image-77912\" style=\"aspect-ratio:1.7792173969659484;width:691px;height:auto\"\/><figcaption class=\"wp-element-caption\"><em>Golden Gate Bridge &#8211; Imagem de Dom\u00ednio P\u00fablico<\/em> <em>(<a href=\"https:\/\/www.publicdomainpictures.net\/\" target=\"_blank\" rel=\"noreferrer noopener\">www.publicdomainpictures.net<\/a><\/em>)<\/figcaption><\/figure>\n<\/div>\n\n\n<h4 class=\"wp-block-heading has-text-align-right\"><em>Socorro, alguma alma, mesmo que penada.<\/em> <br><em>Me empreste suas penas.<\/em> <br><em>J\u00e1 n\u00e3o sinto amor nem dor,<\/em> <br><em>J\u00e1 n\u00e3o sinto nada.<\/em> <br><br><em>Socorro, algu\u00e9m que me d\u00ea um cora\u00e7\u00e3o,&nbsp;<\/em><br><em>Que esse j\u00e1 n\u00e3o bate nem apanha.<\/em> <br><em>Por favor, uma emo\u00e7\u00e3o pequena,&nbsp;<\/em><br><em>Qualquer coisa.<\/em><br><br>Composi\u00e7\u00e3o de Alice Ruiz, cantada por Arnaldo Antunes \u2013 Socorro\/1998, \u00c1lbum \u2018Um som\u2019<\/h4>\n\n\n\n<p class=\"has-drop-cap\">Por indica\u00e7\u00e3o de um cin\u00e9filo que admiro muito, resolvi assistir ao document\u00e1rio americano <strong>\u2018<\/strong>A Ponte\u2019 (<em>The Bridge<\/em>). \u00c9 uma produ\u00e7\u00e3o de 2006 dirigida por<a href=\"https:\/\/en.wikipedia.org\/wiki\/Eric_Steel\" title=\" Eric Steel \"> Eric Steel <\/a>que retrata ao longo do ano de 2004, filmagens posicionadas em dois pontos ocultos diferentes da ponte Golden Gate em S\u00e3o Francisco, Calif\u00f3rnia, nos Estados Unidos, de pessoas das mais diversas idades, g\u00eaneros, etnias, culturas, classes sociais, que decidiram tirar suas vidas naquele lugar, mais do que em qualquer outro lugar do mundo. S\u00e3o dados realmente alarmantes: naquele ano, mais de 24 suic\u00eddios puderam ser registrados.<\/p>\n\n\n\n<p>Al\u00e9m das terr\u00edveis e desoladoras cenas das pessoas se jogando da ponte, a equipe de produ\u00e7\u00e3o gravou v\u00e1rias entrevistas com amigos, familiares e testemunhas tentando dar alguma explica\u00e7\u00e3o sobre as poss\u00edveis motiva\u00e7\u00f5es que levaram seus entes queridos a desistir da vida. S\u00e3o hist\u00f3rias que perpassam por depress\u00e3o, abuso de subst\u00e2ncias e transtornos mentais.&nbsp;<\/p>\n\n\n\n<p>A fala das pessoas pr\u00f3ximas aos que cometeram suic\u00eddio parece expressar um grande e avassalador ponto de interroga\u00e7\u00e3o, pois jamais se saber\u00e1 ao certo que fator ou fatores determinantes fizeram aqueles sujeitos n\u00e3o conseguirem vislumbrar nenhum tipo de sa\u00edda para seus tormentos que n\u00e3o fosse a morte. Ainda mais triste \u00e9 carregar sentimentos de culpa, remorso, impot\u00eancia diante do que parecia ser inevit\u00e1vel. Os testemunhos que acompanhamos no document\u00e1rio doem tanto quanto assistir ao momento do salto fatal. \u00c9 angustiante pensar na vida dos familiares e amigos que muito pouco ou nada puderam fazer para impedir um fim t\u00e3o tr\u00e1gico. N\u00e3o importa quantos anos se passem, a pergunta sempre ecoa: Por que ele (a) n\u00e3o era feliz? Outras quest\u00f5es tamb\u00e9m surgem: O que fizemos para ele (a)? Onde erramos? Por que n\u00e3o vimos sinais? Por que n\u00e3o o (a) salvamos? S\u00e3o indaga\u00e7\u00f5es que permanecem sem respostas.<\/p>\n\n\n\n<p>Na \u00e9poca, o document\u00e1rio provocou muita ira e indigna\u00e7\u00e3o entre o p\u00fablico em geral, pois o diretor Eric Steel foi acusado de sensacionalismo por expor de forma t\u00e3o crua um tema extremamente sens\u00edvel. Pol\u00eamicas \u00e0 parte, fato \u00e9 que testemunhar pessoas se jogando da ponte, sem efeitos de borr\u00f5es ou cortes, \u00e9 realmente dif\u00edcil de ver. Chega a ser indigesto. A vontade \u00e9 de sair correndo e impedir o ato. Como espectadora, al\u00e9m da sensa\u00e7\u00e3o inc\u00f4moda de assistir uma pessoa real se jogar, pois voc\u00ea sabe que n\u00e3o \u00e9 um ator ou atriz, nada foi poss\u00edvel fazer. A \u00fanica coisa que resta \u00e9 a reflex\u00e3o sobre as muitas significa\u00e7\u00f5es sobre vida e a morte.&nbsp;<\/p>\n\n\n\n<p>Uma pessoa em especial me marcou demais: um senhor vestido com roupas confort\u00e1veis como se tivesse sa\u00eddo para caminhar numa linda manh\u00e3 de sol. Vestia bermuda e camiseta, t\u00eanis, bon\u00e9 e \u00f3culos de sol. O clima era ameno e havia uma brisa refrescante. Ele se aproximou da ponte sem nenhuma cerim\u00f4nia, olhou rapidamente para baixo, transpassou as pernas para o lado de fora e, como num ato simples e trivial, deixou seu corpo cair. Seu bon\u00e9 e \u00f3culos voaram no ar. Confesso que esta imagem perdurou por dias em minha mente.<\/p>\n\n\n\n<p>Depois dessa experi\u00eancia, permanece o convite a revisitar as raz\u00f5es que te faz viver, o que te fortalece, o que te mobiliza, o que, no fundo, te faz vencer a morte.<\/p>\n\n\n\n<p>Certa vez escutei de uma paciente que lidava com a morte de perto, dizia ela, pois trabalhou por muitos anos em Unidade de Tratamento Intensivo, as conhecidas UTI\u00b4s. Afirmava com veem\u00eancia: \u201cEu fazia de tudo para salvar uma pessoa! Queria o suspiro de vida! A\u00ed sim eu me sentia bem. Por\u00e9m, logo depois me perguntava: por que esta pessoa quer tanto viver?\u201d.<\/p>\n\n\n\n<p>Se pensarmos, \u00e9 realmente uma quest\u00e3o pertinente. Deixo o convite \u00e0 reflex\u00e3o em aberto.<\/p>\n\n\n\n<h3 class=\"wp-block-heading has-text-align-center\"><br>Bruna Rosalem<\/h3>\n\n\n\n<div class=\"wp-block-columns is-layout-flex wp-container-core-columns-is-layout-9d6595d7 wp-block-columns-is-layout-flex\">\n<div class=\"wp-block-column is-layout-flow wp-block-column-is-layout-flow\">\n<h3 class=\"wp-block-heading has-text-align-center has-blush-light-purple-gradient-background has-background\"><a href=\"https:\/\/www.facebook.com\/brunarodriguesfotografias?locale=pt_BR\" target=\"_blank\" rel=\"noopener\" title=\"Facebook\">Facebook<\/a><\/h3>\n<\/div>\n\n\n\n<div class=\"wp-block-column is-layout-flow wp-block-column-is-layout-flow\">\n<h3 class=\"wp-block-heading has-text-align-center has-blush-light-purple-gradient-background has-background\"><a href=\"https:\/\/psicanaliseecotidiano.com.br\/\" title=\"Saite\">Saite<\/a><\/h3>\n<\/div>\n<\/div>\n\n\n\n<p><a href=\"http:\/\/jornalrol.com.br\/\" title=\"Voltar\">Voltar<\/a><\/p>\n\n\n\n<p><a href=\"https:\/\/www.facebook.com\/JCulturalrol\/\" title=\"Facebook\">Facebook<\/a><\/p>\n\n\n\n<p class=\"has-text-align-center\"><br><br><\/p>\n","protected":false},"excerpt":{"rendered":"<p>Por indica\u00e7\u00e3o de um cin\u00e9filo que admiro muito, resolvi assistir ao document\u00e1rio americano \u2018A Ponte\u2019 (The Bridge). \u00c9 uma produ\u00e7\u00e3o de 2006 dirigida por Eric&#8230; <\/p>\n","protected":false},"author":51,"featured_media":77912,"comment_status":"open","ping_status":"closed","sticky":false,"template":"","format":"standard","meta":{"_jetpack_newsletter_access":"","_jetpack_dont_email_post_to_subs":false,"_jetpack_newsletter_tier_id":0,"_jetpack_memberships_contains_paywalled_content":false,"_jetpack_memberships_contains_paid_content":false,"footnotes":""},"categories":[1],"tags":[1094,2944,15920,5122,7237,15921],"class_list":["post-77911","post","type-post","status-publish","format-standard","has-post-thumbnail","hentry","category-sem-categoria","tag-artigo","tag-documentario","tag-golden-gate-bridge","tag-literatura","tag-psicanalise-e-cotidiano","tag-sao-francisco"],"aioseo_notices":[],"views":396,"jetpack_featured_media_url":"http:\/\/jornalrol.com.br\/wp-content\/uploads\/2026\/01\/golden.jpg","jetpack_sharing_enabled":true,"jetpack_likes_enabled":true,"jetpack-related-posts":[{"id":61457,"url":"http:\/\/jornalrol.com.br\/?p=61457","url_meta":{"origin":77911,"position":0},"title":"Noite de Cinema Chin\u00eas gratuito \u00e9 realizada em S\u00e3o Paulo","author":"Sergio Diniz da Costa","date":"23 de setembro de 2023","format":false,"excerpt":"Ibrachina apoia o projeto Noite de Cinema Chin\u00eas by Chinese Bridge Club, que realiza a exibi\u00e7\u00e3o de um filme chin\u00eas na segunda quinta-feira de cada m\u00eas.","rel":"","context":"Em &quot;Arte&quot;","block_context":{"text":"Arte","link":"http:\/\/jornalrol.com.br\/?cat=9286"},"img":{"alt_text":"Banner do projeto 'Noite de Cinema Chin\u00eas","src":"https:\/\/i0.wp.com\/jornalrol.com.br\/wp-content\/uploads\/2023\/09\/noite-de-cinema-chines-site-copy-2banhos.jpg?resize=350%2C200","width":350,"height":200},"classes":[]},{"id":21373,"url":"http:\/\/jornalrol.com.br\/?p=21373","url_meta":{"origin":77911,"position":1},"title":"Fundec sedia tributo a Elvis Presley com piano e coral","author":"Sergio Diniz da Costa","date":"4 de outubro de 2018","format":false,"excerpt":"No repert\u00f3rio da apresenta\u00e7\u00e3o estar\u00e3o as m\u00fasicas 'Abertura' \u2014 Also Sprach Zarathustra \u2014 See See Rider, 'Blue suede shoes', 'It\u2019s now or never', 'Amazing grace', 'My way', 'Unchained melody', 'Bridge over troubled water', 'An american trilogy', 'Suspicious minds'e 'Can\u2019t help falling in love' \u00a0 No pr\u00f3ximo s\u00e1bado, dia 6, a\u2026","rel":"","context":"Em &quot;Comunica\u00e7\u00e3o&quot;","block_context":{"text":"Comunica\u00e7\u00e3o","link":"http:\/\/jornalrol.com.br\/?cat=7"},"img":{"alt_text":"","src":"https:\/\/i0.wp.com\/www.jornalrol.com.br\/wp-content\/uploads\/2018\/10\/Cover-Elvis-Presley-300x224.jpg?resize=350%2C200","width":350,"height":200},"classes":[]},{"id":39649,"url":"http:\/\/jornalrol.com.br\/?p=39649","url_meta":{"origin":77911,"position":2},"title":"Intelig\u00eancia Artificial cria can\u00e7\u00f5es para artistas falecidos","author":"Sergio Diniz da Costa","date":"15 de abril de 2021","format":false,"excerpt":"A Intelig\u00eancia Artificial est\u00e1 cada vez mais presente na vida de todos n\u00f3s. Neurocientista Fabiano de Abreu conta como agora \u00e9 poss\u00edvel criar m\u00fasicas in\u00e9ditas de cantores falecidos com base nos arquivos deixados por eles A Intelig\u00eancia Artificial est\u00e1 cada vez mais presente na vida de todos n\u00f3s. Neurocientista Fabiano\u2026","rel":"","context":"Em &quot;Comunica\u00e7\u00e3o&quot;","block_context":{"text":"Comunica\u00e7\u00e3o","link":"http:\/\/jornalrol.com.br\/?cat=7"},"img":{"alt_text":"","src":"https:\/\/i0.wp.com\/jornalrol.com.br\/wp-content\/uploads\/2021\/04\/13122841354147.jpg?resize=350%2C200","width":350,"height":200,"srcset":"https:\/\/i0.wp.com\/jornalrol.com.br\/wp-content\/uploads\/2021\/04\/13122841354147.jpg?resize=350%2C200 1x, https:\/\/i0.wp.com\/jornalrol.com.br\/wp-content\/uploads\/2021\/04\/13122841354147.jpg?resize=525%2C300 1.5x, https:\/\/i0.wp.com\/jornalrol.com.br\/wp-content\/uploads\/2021\/04\/13122841354147.jpg?resize=700%2C400 2x, https:\/\/i0.wp.com\/jornalrol.com.br\/wp-content\/uploads\/2021\/04\/13122841354147.jpg?resize=1050%2C600 3x"},"classes":[]},{"id":79788,"url":"http:\/\/jornalrol.com.br\/?p=79788","url_meta":{"origin":77911,"position":3},"title":"A poem is a nest","author":"Rita Odeh","date":"5 de abril de 2026","format":false,"excerpt":"Poetry is but a seed in a soil exhausted by conflicts, we plant it\u2026 and it buds into brotherly warmth and peace. Poetry is but the last attempt to make...","rel":"","context":"Em &quot;Literatura&quot;","block_context":{"text":"Literatura","link":"http:\/\/jornalrol.com.br\/?cat=9285"},"img":{"alt_text":"Imagem gerada pelo ChatGPT - https:\/\/chatgpt.com\/c\/69cfaf09-bb0c-83e9-b10a-0d114ee16699","src":"https:\/\/i0.wp.com\/jornalrol.com.br\/wp-content\/uploads\/2026\/04\/bc7af0a5-d921-4c07-bada-da5ff2269bd0.jpg?resize=350%2C200","width":350,"height":200,"srcset":"https:\/\/i0.wp.com\/jornalrol.com.br\/wp-content\/uploads\/2026\/04\/bc7af0a5-d921-4c07-bada-da5ff2269bd0.jpg?resize=350%2C200 1x, https:\/\/i0.wp.com\/jornalrol.com.br\/wp-content\/uploads\/2026\/04\/bc7af0a5-d921-4c07-bada-da5ff2269bd0.jpg?resize=525%2C300 1.5x, https:\/\/i0.wp.com\/jornalrol.com.br\/wp-content\/uploads\/2026\/04\/bc7af0a5-d921-4c07-bada-da5ff2269bd0.jpg?resize=700%2C400 2x"},"classes":[]},{"id":54670,"url":"http:\/\/jornalrol.com.br\/?p=54670","url_meta":{"origin":77911,"position":4},"title":"Bruna Rosalem: &#039;Sobre a \u00e9tica e a figura do analista&#039;","author":"Bruna Rosalem","date":"22 de abril de 2023","format":false,"excerpt":"COLUNA PSICAN\u00c1LISE E COTIDIANO Sobre a \u00e9tica e a figura do analista Quando se fala em \u00e9tica, remetemos ao entendimento de que se trata de uma \u00e1rea da Filosofia respons\u00e1vel pela investiga\u00e7\u00e3o dos valores morais e de padr\u00f5es comportamentais que regem a maneira como nos dirigimos ao outro. \u00c9 comum\u2026","rel":"","context":"Em &quot;Comunica\u00e7\u00e3o&quot;","block_context":{"text":"Comunica\u00e7\u00e3o","link":"http:\/\/jornalrol.com.br\/?cat=7"},"img":{"alt_text":"","src":"https:\/\/i0.wp.com\/www.jornalrol.com.br\/wp-content\/uploads\/2021\/12\/WhatsApp-Image-2021-11-13-at-14.33.29-169x300.jpeg?resize=350%2C200","width":350,"height":200},"classes":[]},{"id":47118,"url":"http:\/\/jornalrol.com.br\/?p=47118","url_meta":{"origin":77911,"position":5},"title":"Marcus Hemerly entrevista a psicanalista Bruna Rosalem sobre o tema &#039;Sa\u00fade mental em tempos pr\u00e9 e p\u00f3s pandemia&#039;","author":"Marcus Hemerly","date":"8 de dezembro de 2021","format":false,"excerpt":"\"...\u00a0todo analista que se preze precisa fazer sua an\u00e1lise pessoal com outro psicanalista para que ele consiga administrar seus pr\u00f3prios conflitos, ambiguidades, controv\u00e9rsias, medos, inseguran\u00e7as.\" (Bruna Rosalem) A sa\u00fade mental revela-se como um t\u00f3pico de extrema import\u00e2ncia, mormente em tempos modernos, antes e ap\u00f3s o cen\u00e1rio pand\u00eamico. A complexidade multidimensional\u2026","rel":"","context":"Em &quot;Comunica\u00e7\u00e3o&quot;","block_context":{"text":"Comunica\u00e7\u00e3o","link":"http:\/\/jornalrol.com.br\/?cat=7"},"img":{"alt_text":"","src":"https:\/\/i0.wp.com\/jornalrol.com.br\/wp-content\/uploads\/2021\/12\/WhatsApp-Image-2021-11-13-at-14.33.29.jpeg?resize=350%2C200","width":350,"height":200,"srcset":"https:\/\/i0.wp.com\/jornalrol.com.br\/wp-content\/uploads\/2021\/12\/WhatsApp-Image-2021-11-13-at-14.33.29.jpeg?resize=350%2C200 1x, https:\/\/i0.wp.com\/jornalrol.com.br\/wp-content\/uploads\/2021\/12\/WhatsApp-Image-2021-11-13-at-14.33.29.jpeg?resize=525%2C300 1.5x, https:\/\/i0.wp.com\/jornalrol.com.br\/wp-content\/uploads\/2021\/12\/WhatsApp-Image-2021-11-13-at-14.33.29.jpeg?resize=700%2C400 2x"},"classes":[]}],"_links":{"self":[{"href":"http:\/\/jornalrol.com.br\/index.php?rest_route=\/wp\/v2\/posts\/77911","targetHints":{"allow":["GET"]}}],"collection":[{"href":"http:\/\/jornalrol.com.br\/index.php?rest_route=\/wp\/v2\/posts"}],"about":[{"href":"http:\/\/jornalrol.com.br\/index.php?rest_route=\/wp\/v2\/types\/post"}],"author":[{"embeddable":true,"href":"http:\/\/jornalrol.com.br\/index.php?rest_route=\/wp\/v2\/users\/51"}],"replies":[{"embeddable":true,"href":"http:\/\/jornalrol.com.br\/index.php?rest_route=%2Fwp%2Fv2%2Fcomments&post=77911"}],"version-history":[{"count":2,"href":"http:\/\/jornalrol.com.br\/index.php?rest_route=\/wp\/v2\/posts\/77911\/revisions"}],"predecessor-version":[{"id":77915,"href":"http:\/\/jornalrol.com.br\/index.php?rest_route=\/wp\/v2\/posts\/77911\/revisions\/77915"}],"wp:featuredmedia":[{"embeddable":true,"href":"http:\/\/jornalrol.com.br\/index.php?rest_route=\/wp\/v2\/media\/77912"}],"wp:attachment":[{"href":"http:\/\/jornalrol.com.br\/index.php?rest_route=%2Fwp%2Fv2%2Fmedia&parent=77911"}],"wp:term":[{"taxonomy":"category","embeddable":true,"href":"http:\/\/jornalrol.com.br\/index.php?rest_route=%2Fwp%2Fv2%2Fcategories&post=77911"},{"taxonomy":"post_tag","embeddable":true,"href":"http:\/\/jornalrol.com.br\/index.php?rest_route=%2Fwp%2Fv2%2Ftags&post=77911"}],"curies":[{"name":"wp","href":"https:\/\/api.w.org\/{rel}","templated":true}]}}