{"id":77961,"date":"2026-01-20T14:16:54","date_gmt":"2026-01-20T17:16:54","guid":{"rendered":"https:\/\/jornalrol.com.br\/?p=77961"},"modified":"2026-01-20T14:17:32","modified_gmt":"2026-01-20T17:17:32","slug":"el-cristo-de-la-furia","status":"publish","type":"post","link":"http:\/\/jornalrol.com.br\/?p=77961","title":{"rendered":"El Cristo de la Furia"},"content":{"rendered":"<div class=\"pdfprnt-buttons pdfprnt-buttons-post pdfprnt-top-right\"><a href=\"http:\/\/jornalrol.com.br\/index.php?rest_route=%2Fwp%2Fv2%2Fposts%2F77961&print=pdf\" class=\"pdfprnt-button pdfprnt-button-pdf\" target=\"_blank\" ><\/a><a href=\"http:\/\/jornalrol.com.br\/index.php?rest_route=%2Fwp%2Fv2%2Fposts%2F77961&print=print\" class=\"pdfprnt-button pdfprnt-button-print\" target=\"_blank\" ><img decoding=\"async\" src=\"https:\/\/jornalrol.com.br\/wp-content\/plugins\/pdf-print\/images\/print.png\" alt=\"image_print\" title=\"Conte\u00fado de impress\u00e3o\" \/><\/a><\/div>\n<h2 class=\"wp-block-heading has-text-align-center\">Marta Oliveri: Poema &#8216;El Cristo de la Furia&#8217;<br><br><\/h2>\n\n\n<div class=\"wp-block-image\">\n<figure class=\"aligncenter size-full is-resized\"><img loading=\"lazy\" decoding=\"async\" width=\"1321\" height=\"1241\" data-attachment-id=\"74240\" data-permalink=\"http:\/\/jornalrol.com.br\/?attachment_id=74240\" data-orig-file=\"http:\/\/jornalrol.com.br\/wp-content\/uploads\/2025\/07\/7722496c-0514-4717-b3ea-b8c7ac88c96e.jpg\" data-orig-size=\"1321,1241\" data-comments-opened=\"1\" data-image-meta=\"{&quot;aperture&quot;:&quot;0&quot;,&quot;credit&quot;:&quot;&quot;,&quot;camera&quot;:&quot;&quot;,&quot;caption&quot;:&quot;&quot;,&quot;created_timestamp&quot;:&quot;0&quot;,&quot;copyright&quot;:&quot;&quot;,&quot;focal_length&quot;:&quot;0&quot;,&quot;iso&quot;:&quot;0&quot;,&quot;shutter_speed&quot;:&quot;0&quot;,&quot;title&quot;:&quot;&quot;,&quot;orientation&quot;:&quot;1&quot;}\" data-image-title=\"7722496c-0514-4717-b3ea-b8c7ac88c96e\" data-image-description=\"&lt;p&gt;Marta Oliveri&lt;\/p&gt;\n\" data-image-caption=\"&lt;p&gt;Marta Oliveri&lt;\/p&gt;\n\" data-large-file=\"http:\/\/jornalrol.com.br\/wp-content\/uploads\/2025\/07\/7722496c-0514-4717-b3ea-b8c7ac88c96e.jpg\" src=\"http:\/\/jornalrol.com.br\/wp-content\/uploads\/2025\/07\/7722496c-0514-4717-b3ea-b8c7ac88c96e.jpg\" alt=\"Marta Oliveri\" class=\"wp-image-74240\" style=\"aspect-ratio:1.0644912183434647;width:146px;height:auto\" srcset=\"http:\/\/jornalrol.com.br\/wp-content\/uploads\/2025\/07\/7722496c-0514-4717-b3ea-b8c7ac88c96e.jpg 1321w, http:\/\/jornalrol.com.br\/wp-content\/uploads\/2025\/07\/7722496c-0514-4717-b3ea-b8c7ac88c96e-1200x1127.jpg 1200w, http:\/\/jornalrol.com.br\/wp-content\/uploads\/2025\/07\/7722496c-0514-4717-b3ea-b8c7ac88c96e-768x721.jpg 768w\" sizes=\"auto, (max-width: 1321px) 100vw, 1321px\" \/><figcaption class=\"wp-element-caption\">Marta Oliveri<\/figcaption><\/figure>\n<\/div>\n\n<div class=\"wp-block-image\">\n<figure class=\"aligncenter size-full is-resized\"><img loading=\"lazy\" decoding=\"async\" width=\"1280\" height=\"1280\" data-attachment-id=\"77963\" data-permalink=\"http:\/\/jornalrol.com.br\/?attachment_id=77963\" data-orig-file=\"http:\/\/jornalrol.com.br\/wp-content\/uploads\/2026\/01\/de29573d-0577-45d6-86c3-66fe158c4474.jpg\" data-orig-size=\"1280,1280\" data-comments-opened=\"1\" data-image-meta=\"{&quot;aperture&quot;:&quot;0&quot;,&quot;credit&quot;:&quot;&quot;,&quot;camera&quot;:&quot;&quot;,&quot;caption&quot;:&quot;&quot;,&quot;created_timestamp&quot;:&quot;0&quot;,&quot;copyright&quot;:&quot;&quot;,&quot;focal_length&quot;:&quot;0&quot;,&quot;iso&quot;:&quot;0&quot;,&quot;shutter_speed&quot;:&quot;0&quot;,&quot;title&quot;:&quot;&quot;,&quot;orientation&quot;:&quot;0&quot;}\" data-image-title=\"de29573d-0577-45d6-86c3-66fe158c4474\" data-image-description=\"\" data-image-caption=\"\" data-large-file=\"http:\/\/jornalrol.com.br\/wp-content\/uploads\/2026\/01\/de29573d-0577-45d6-86c3-66fe158c4474.jpg\" src=\"https:\/\/jornalrol.com.br\/wp-content\/uploads\/2026\/01\/de29573d-0577-45d6-86c3-66fe158c4474.jpg\" alt=\"Imagem criada por IA da Meta - 20 de janeiro de 2026, \u00e0s 10:27 PM\" class=\"wp-image-77963\" style=\"width:372px;height:auto\" srcset=\"http:\/\/jornalrol.com.br\/wp-content\/uploads\/2026\/01\/de29573d-0577-45d6-86c3-66fe158c4474.jpg 1280w, http:\/\/jornalrol.com.br\/wp-content\/uploads\/2026\/01\/de29573d-0577-45d6-86c3-66fe158c4474-1200x1200.jpg 1200w, http:\/\/jornalrol.com.br\/wp-content\/uploads\/2026\/01\/de29573d-0577-45d6-86c3-66fe158c4474-600x600.jpg 600w, http:\/\/jornalrol.com.br\/wp-content\/uploads\/2026\/01\/de29573d-0577-45d6-86c3-66fe158c4474-768x768.jpg 768w\" sizes=\"auto, (max-width: 1280px) 100vw, 1280px\" \/><figcaption class=\"wp-element-caption\"><em>Imagem criada por IA da Meta &#8211; 20 de janeiro de 2026, <\/em><br><em>\u00e0s 10:27 PM<\/em><\/figcaption><\/figure>\n<\/div>\n\n\n<p class=\"has-text-align-center\">I<br>He calculado el rumbo de los p\u00e1jaros<br>l\u00e1grimas azules roc\u00edan el plumaje<br>son restos de un diluvio que jam\u00e1s ha pasado<\/p>\n\n\n\n<p class=\"has-text-align-center\">he mirado mis manos vac\u00edas y mis hombros<br>doliendo de alas truncas<br>supe de lo finito en las fosas de los d\u00edas,<br>en el temblor de una joven despu\u00e9s de la golpiza,<br>abrazando su orfandad en su ni\u00f1o a\u00fan no nacido<\/p>\n\n\n\n<p class=\"has-text-align-center\">s\u00e9 de que se trata esta esta larga pesadilla,<br>este infierno a\u00fan m\u00e1s duro que el m\u00edtico y dantesco<br>de azufre y la bestia dominando su centro<\/p>\n\n\n\n<p class=\"has-text-align-center\">por que este lo hicimos con perversa cordura<br>con el fr\u00edo talento que da el miedo<br>con el fantasma corporal de nuestra muerte<\/p>\n\n\n\n<p class=\"has-text-align-center\">y estamos en el l\u00edmite<br>en la zona de clivaje de la esfera<br>en el punto final de nuestra furia<br>camuflada en h\u00e1bitos,desd\u00e9n o parsimonia<\/p>\n\n\n\n<p class=\"has-text-align-center\">ya no hay \u00e1ngeles pac\u00edficos.<br>sobre cada templo se erige el cristo de la furia<br>el cristo visceral que agobiado del c\u00e1liz<br>tan amargo del mundo<br>abdic\u00f3 en un sue\u00f1o de cruz y sacrificio<br>ll<br>Y Aqu\u00ed en este territorio al sur del mundo &#8220;Isla de cristos solos&#8221;<br>descansa el genocida en su atl\u00e1ntica mansi\u00f3n<br>con treinta mil fantasmas que que mira de soslayo<br>aqu\u00ed donde condenan a un hombre moribundo<br>neg\u00e1ndole la visa a la esperanza<\/p>\n\n\n\n<p class=\"has-text-align-center\">aqu\u00ed donde golpean a los d\u00e9biles<br>degustando el contraste<br>animal fuerza impune<br>aseverando la mentira en la c\u00faspide<br>del gran mito imperial del dios plut\u00f3crata.<\/p>\n\n\n\n<p class=\"has-text-align-center\">III<br>En qu\u00e9 punto del espacio queda el cielo<br>o al menos la met\u00e1fora del cielo,<br>ciertamente muy lejos del esplendor so\u00f1ado<br>y m\u00e1s lejos a\u00fan del acaecido.<\/p>\n\n\n\n<p class=\"has-text-align-center\">He calculado el rumbo de los p\u00e1jaros<br>\u2026 es el punto de fuga de lo que no retorna.<\/p>\n\n\n\n<h3 class=\"wp-block-heading has-text-align-center\"><br>Marta Oliveri<\/h3>\n\n\n\n<div class=\"wp-block-columns is-layout-flex wp-container-core-columns-is-layout-9d6595d7 wp-block-columns-is-layout-flex\">\n<div class=\"wp-block-column is-layout-flow wp-block-column-is-layout-flow\">\n<h3 class=\"wp-block-heading has-text-align-center has-blush-light-purple-gradient-background has-background\"><a href=\"https:\/\/www.facebook.com\/martha.oliveri1\" target=\"_blank\" rel=\"noopener\" title=\"Facebook\">Facebook<\/a><\/h3>\n<\/div>\n\n\n\n<div class=\"wp-block-column is-layout-flow wp-block-column-is-layout-flow\">\n<h3 class=\"wp-block-heading has-text-align-center has-blush-light-purple-gradient-background has-background\"><a href=\"https:\/\/www.instagram.com\/p\/DHTJgSuuaM5\/\" title=\"Instagram\">Instagram<\/a><\/h3>\n<\/div>\n<\/div>\n\n\n\n<p><a href=\"https:\/\/jornalrol.com.br\/\" title=\"Voltar\">Voltar<\/a><\/p>\n\n\n\n<p><a href=\"https:\/\/www.facebook.com\/JCulturalrol\/\" title=\"Facebook\">Facebook<\/a><\/p>\n","protected":false},"excerpt":{"rendered":"<p>He calculado el rumbo de los p\u00e1jaros l\u00e1grimas azules roc\u00edan el plumaje<br \/>\n son restos de un diluvio que jam\u00e1s ha pasado he mirado mis manos vac\u00edas y mis hombros\u2026<\/p>\n","protected":false},"author":6,"featured_media":77963,"comment_status":"open","ping_status":"closed","sticky":false,"template":"","format":"standard","meta":{"_jetpack_newsletter_access":"","_jetpack_dont_email_post_to_subs":false,"_jetpack_newsletter_tier_id":0,"_jetpack_memberships_contains_paywalled_content":false,"_jetpack_memberships_contains_paid_content":false,"footnotes":""},"categories":[1],"tags":[],"class_list":["post-77961","post","type-post","status-publish","format-standard","has-post-thumbnail","hentry","category-sem-categoria"],"aioseo_notices":[],"views":268,"jetpack_featured_media_url":"http:\/\/jornalrol.com.br\/wp-content\/uploads\/2026\/01\/de29573d-0577-45d6-86c3-66fe158c4474.jpg","jetpack_sharing_enabled":true,"jetpack_likes_enabled":true,"jetpack-related-posts":[{"id":75554,"url":"http:\/\/jornalrol.com.br\/?p=75554","url_meta":{"origin":77961,"position":0},"title":"Subversivo absoluto","author":"Marta Oliveri","date":"15 de setembro de 2025","format":false,"excerpt":"Subversi\u00f3n absoluta y no lo he dicho yo lo dijo aquel poeta del verbo milenario, \"Porque los \u00faltimos ser\u00e1n primeros y los primeros \u00faltimos\" y el cielo\u2026","rel":"","context":"Em &quot;Literatura&quot;","block_context":{"text":"Literatura","link":"http:\/\/jornalrol.com.br\/?cat=9285"},"img":{"alt_text":"Imagem criada por IA do Bing - 15 de setembro de 2025, \u00e0s 15:47 PM","src":"https:\/\/i0.wp.com\/jornalrol.com.br\/wp-content\/uploads\/2025\/09\/543354858_10238733656417555_5204216193101785994_n.jpg?resize=350%2C200","width":350,"height":200,"srcset":"https:\/\/i0.wp.com\/jornalrol.com.br\/wp-content\/uploads\/2025\/09\/543354858_10238733656417555_5204216193101785994_n.jpg?resize=350%2C200 1x, https:\/\/i0.wp.com\/jornalrol.com.br\/wp-content\/uploads\/2025\/09\/543354858_10238733656417555_5204216193101785994_n.jpg?resize=525%2C300 1.5x"},"classes":[]},{"id":75395,"url":"http:\/\/jornalrol.com.br\/?p=75395","url_meta":{"origin":77961,"position":1},"title":"Subversi\u00f3n","author":"Marta Oliveri","date":"8 de setembro de 2025","format":false,"excerpt":"C\u00f3mo decir que el desierto llora que en un hombre dormido yace el infinito Admitir que el saber es un reci\u00e9n nacido, un brote apenas en la heredad del\u2026","rel":"","context":"Em &quot;Contos&quot;","block_context":{"text":"Contos","link":"http:\/\/jornalrol.com.br\/?cat=9607"},"img":{"alt_text":"Imagem criada por IA da Meta - 04 de setembro de 2025","src":"https:\/\/i0.wp.com\/jornalrol.com.br\/wp-content\/uploads\/2025\/09\/ef69321a-cc72-4560-9a23-39ad960e7cdd.jpeg?resize=350%2C200","width":350,"height":200,"srcset":"https:\/\/i0.wp.com\/jornalrol.com.br\/wp-content\/uploads\/2025\/09\/ef69321a-cc72-4560-9a23-39ad960e7cdd.jpeg?resize=350%2C200 1x, https:\/\/i0.wp.com\/jornalrol.com.br\/wp-content\/uploads\/2025\/09\/ef69321a-cc72-4560-9a23-39ad960e7cdd.jpeg?resize=525%2C300 1.5x, https:\/\/i0.wp.com\/jornalrol.com.br\/wp-content\/uploads\/2025\/09\/ef69321a-cc72-4560-9a23-39ad960e7cdd.jpeg?resize=700%2C400 2x, https:\/\/i0.wp.com\/jornalrol.com.br\/wp-content\/uploads\/2025\/09\/ef69321a-cc72-4560-9a23-39ad960e7cdd.jpeg?resize=1050%2C600 3x"},"classes":[]},{"id":75080,"url":"http:\/\/jornalrol.com.br\/?p=75080","url_meta":{"origin":77961,"position":2},"title":"Cuando mueren los \u00e1ngeles","author":"Marta Oliveri","date":"25 de agosto de 2025","format":false,"excerpt":"Lo que voy a relatar a continuaci\u00f3n, dijo el ala de un \u00e1ngel no es ni una f\u00e1bula, ni siquiera lo que algunos personajes del saber suelen denominar un texto\u2026","rel":"","context":"Em &quot;Contos&quot;","block_context":{"text":"Contos","link":"http:\/\/jornalrol.com.br\/?cat=9607"},"img":{"alt_text":"Imagen creada por IA - 25 e agosto de 2025, \u00e0s 15:38 PM","src":"https:\/\/i0.wp.com\/jornalrol.com.br\/wp-content\/uploads\/2025\/08\/85f3c277-1371-422d-8efa-6eb7898b3491.jpeg?resize=350%2C200","width":350,"height":200,"srcset":"https:\/\/i0.wp.com\/jornalrol.com.br\/wp-content\/uploads\/2025\/08\/85f3c277-1371-422d-8efa-6eb7898b3491.jpeg?resize=350%2C200 1x, https:\/\/i0.wp.com\/jornalrol.com.br\/wp-content\/uploads\/2025\/08\/85f3c277-1371-422d-8efa-6eb7898b3491.jpeg?resize=525%2C300 1.5x, https:\/\/i0.wp.com\/jornalrol.com.br\/wp-content\/uploads\/2025\/08\/85f3c277-1371-422d-8efa-6eb7898b3491.jpeg?resize=700%2C400 2x, https:\/\/i0.wp.com\/jornalrol.com.br\/wp-content\/uploads\/2025\/08\/85f3c277-1371-422d-8efa-6eb7898b3491.jpeg?resize=1050%2C600 3x"},"classes":[]},{"id":76022,"url":"http:\/\/jornalrol.com.br\/?p=76022","url_meta":{"origin":77961,"position":3},"title":"Haricob &#8211; El \u00faltimo duende","author":"Marta Oliveri","date":"6 de outubro de 2025","format":false,"excerpt":"Cuando lleg\u00f3 el oto\u00f1o a la ciudad, los duendes del Bosque Dorado decidieron partir hacia sus tierras \u201c Ya nada tenemos que hacer aqu\u00ed, los ni\u00f1os nos\u2026","rel":"","context":"Em &quot;Contos&quot;","block_context":{"text":"Contos","link":"http:\/\/jornalrol.com.br\/?cat=9607"},"img":{"alt_text":"Imagem criada por IA da Meta","src":"https:\/\/i0.wp.com\/jornalrol.com.br\/wp-content\/uploads\/2025\/10\/feb1b05f-517c-4ecd-98ca-da7ef8d19029.jpeg?resize=350%2C200","width":350,"height":200,"srcset":"https:\/\/i0.wp.com\/jornalrol.com.br\/wp-content\/uploads\/2025\/10\/feb1b05f-517c-4ecd-98ca-da7ef8d19029.jpeg?resize=350%2C200 1x, https:\/\/i0.wp.com\/jornalrol.com.br\/wp-content\/uploads\/2025\/10\/feb1b05f-517c-4ecd-98ca-da7ef8d19029.jpeg?resize=525%2C300 1.5x, https:\/\/i0.wp.com\/jornalrol.com.br\/wp-content\/uploads\/2025\/10\/feb1b05f-517c-4ecd-98ca-da7ef8d19029.jpeg?resize=700%2C400 2x, https:\/\/i0.wp.com\/jornalrol.com.br\/wp-content\/uploads\/2025\/10\/feb1b05f-517c-4ecd-98ca-da7ef8d19029.jpeg?resize=1050%2C600 3x"},"classes":[]},{"id":77308,"url":"http:\/\/jornalrol.com.br\/?p=77308","url_meta":{"origin":77961,"position":4},"title":"Rebeld\u00eda 14 &#8211; PEREGRINA","author":"Marta Oliveri","date":"12 de dezembro de 2025","format":false,"excerpt":"Soy la sombra migratoria. Destello oscuro en las ruinas. Soy recuerdo deslumbrando al olvido en las cenizas. Vengo de tanta memoria qu\u00e9 sangra huellas\u2026","rel":"","context":"Em &quot;Literatura&quot;","block_context":{"text":"Literatura","link":"http:\/\/jornalrol.com.br\/?cat=9285"},"img":{"alt_text":"Imagem criada por IA da meta - 11 de dezembro de 2025, \u00e0s 21:43 PM","src":"https:\/\/i0.wp.com\/jornalrol.com.br\/wp-content\/uploads\/2025\/12\/6aeb9dbd-90d3-4e54-9f4a-5801f84a0a95.jpg?resize=350%2C200","width":350,"height":200,"srcset":"https:\/\/i0.wp.com\/jornalrol.com.br\/wp-content\/uploads\/2025\/12\/6aeb9dbd-90d3-4e54-9f4a-5801f84a0a95.jpg?resize=350%2C200 1x, https:\/\/i0.wp.com\/jornalrol.com.br\/wp-content\/uploads\/2025\/12\/6aeb9dbd-90d3-4e54-9f4a-5801f84a0a95.jpg?resize=525%2C300 1.5x, https:\/\/i0.wp.com\/jornalrol.com.br\/wp-content\/uploads\/2025\/12\/6aeb9dbd-90d3-4e54-9f4a-5801f84a0a95.jpg?resize=700%2C400 2x"},"classes":[]},{"id":76472,"url":"http:\/\/jornalrol.com.br\/?p=76472","url_meta":{"origin":77961,"position":5},"title":"Historia de um foquito","author":"Marta Oliveri","date":"31 de outubro de 2025","format":false,"excerpt":"Seria una inmoralidad de mi parte si me negara a relatar los extraordinarios acontecimientos que he tenido la fortuna de contemplar durante todo este tiempo.","rel":"","context":"Em &quot;Contos&quot;","block_context":{"text":"Contos","link":"http:\/\/jornalrol.com.br\/?cat=9607"},"img":{"alt_text":"Imagem criada por IA do ChatGPT","src":"https:\/\/i0.wp.com\/jornalrol.com.br\/wp-content\/uploads\/2025\/10\/08914ddf-d453-40cc-8afe-480592a30cc9.jpeg?resize=350%2C200","width":350,"height":200,"srcset":"https:\/\/i0.wp.com\/jornalrol.com.br\/wp-content\/uploads\/2025\/10\/08914ddf-d453-40cc-8afe-480592a30cc9.jpeg?resize=350%2C200 1x, https:\/\/i0.wp.com\/jornalrol.com.br\/wp-content\/uploads\/2025\/10\/08914ddf-d453-40cc-8afe-480592a30cc9.jpeg?resize=525%2C300 1.5x, https:\/\/i0.wp.com\/jornalrol.com.br\/wp-content\/uploads\/2025\/10\/08914ddf-d453-40cc-8afe-480592a30cc9.jpeg?resize=700%2C400 2x, https:\/\/i0.wp.com\/jornalrol.com.br\/wp-content\/uploads\/2025\/10\/08914ddf-d453-40cc-8afe-480592a30cc9.jpeg?resize=1050%2C600 3x"},"classes":[]}],"_links":{"self":[{"href":"http:\/\/jornalrol.com.br\/index.php?rest_route=\/wp\/v2\/posts\/77961","targetHints":{"allow":["GET"]}}],"collection":[{"href":"http:\/\/jornalrol.com.br\/index.php?rest_route=\/wp\/v2\/posts"}],"about":[{"href":"http:\/\/jornalrol.com.br\/index.php?rest_route=\/wp\/v2\/types\/post"}],"author":[{"embeddable":true,"href":"http:\/\/jornalrol.com.br\/index.php?rest_route=\/wp\/v2\/users\/6"}],"replies":[{"embeddable":true,"href":"http:\/\/jornalrol.com.br\/index.php?rest_route=%2Fwp%2Fv2%2Fcomments&post=77961"}],"version-history":[{"count":1,"href":"http:\/\/jornalrol.com.br\/index.php?rest_route=\/wp\/v2\/posts\/77961\/revisions"}],"predecessor-version":[{"id":77964,"href":"http:\/\/jornalrol.com.br\/index.php?rest_route=\/wp\/v2\/posts\/77961\/revisions\/77964"}],"wp:featuredmedia":[{"embeddable":true,"href":"http:\/\/jornalrol.com.br\/index.php?rest_route=\/wp\/v2\/media\/77963"}],"wp:attachment":[{"href":"http:\/\/jornalrol.com.br\/index.php?rest_route=%2Fwp%2Fv2%2Fmedia&parent=77961"}],"wp:term":[{"taxonomy":"category","embeddable":true,"href":"http:\/\/jornalrol.com.br\/index.php?rest_route=%2Fwp%2Fv2%2Fcategories&post=77961"},{"taxonomy":"post_tag","embeddable":true,"href":"http:\/\/jornalrol.com.br\/index.php?rest_route=%2Fwp%2Fv2%2Ftags&post=77961"}],"curies":[{"name":"wp","href":"https:\/\/api.w.org\/{rel}","templated":true}]}}