{"id":77966,"date":"2026-01-20T14:36:09","date_gmt":"2026-01-20T17:36:09","guid":{"rendered":"https:\/\/jornalrol.com.br\/?p=77966"},"modified":"2026-01-20T14:36:51","modified_gmt":"2026-01-20T17:36:51","slug":"para-sempre-2","status":"publish","type":"post","link":"http:\/\/jornalrol.com.br\/?p=77966","title":{"rendered":"Para sempre?"},"content":{"rendered":"<div class=\"pdfprnt-buttons pdfprnt-buttons-post pdfprnt-top-right\"><a href=\"http:\/\/jornalrol.com.br\/index.php?rest_route=%2Fwp%2Fv2%2Fposts%2F77966&print=pdf\" class=\"pdfprnt-button pdfprnt-button-pdf\" target=\"_blank\" ><\/a><a href=\"http:\/\/jornalrol.com.br\/index.php?rest_route=%2Fwp%2Fv2%2Fposts%2F77966&print=print\" class=\"pdfprnt-button pdfprnt-button-print\" target=\"_blank\" ><img decoding=\"async\" src=\"https:\/\/jornalrol.com.br\/wp-content\/plugins\/pdf-print\/images\/print.png\" alt=\"image_print\" title=\"Conte\u00fado de impress\u00e3o\" \/><\/a><\/div>\n<h2 class=\"wp-block-heading has-text-align-center\">Evani Rocha: Poema &#8216;Para sempre?&#8217;<br><br><\/h2>\n\n\n<div class=\"wp-block-image is-style-rounded\">\n<figure class=\"aligncenter size-full is-resized\"><img loading=\"lazy\" decoding=\"async\" width=\"820\" height=\"967\" data-attachment-id=\"73143\" data-permalink=\"http:\/\/jornalrol.com.br\/?attachment_id=73143\" data-orig-file=\"http:\/\/jornalrol.com.br\/wp-content\/uploads\/2025\/05\/b9f17e15-94f0-4754-bc1a-9d4c1dcb042f.jpg\" data-orig-size=\"820,967\" data-comments-opened=\"1\" data-image-meta=\"{&quot;aperture&quot;:&quot;0&quot;,&quot;credit&quot;:&quot;&quot;,&quot;camera&quot;:&quot;&quot;,&quot;caption&quot;:&quot;&quot;,&quot;created_timestamp&quot;:&quot;0&quot;,&quot;copyright&quot;:&quot;&quot;,&quot;focal_length&quot;:&quot;0&quot;,&quot;iso&quot;:&quot;0&quot;,&quot;shutter_speed&quot;:&quot;0&quot;,&quot;title&quot;:&quot;&quot;,&quot;orientation&quot;:&quot;0&quot;}\" data-image-title=\"b9f17e15-94f0-4754-bc1a-9d4c1dcb042f\" data-image-description=\"&lt;p&gt;Evani Rocha&lt;\/p&gt;\n\" data-image-caption=\"&lt;p&gt;Evani Rocha&lt;\/p&gt;\n\" data-large-file=\"http:\/\/jornalrol.com.br\/wp-content\/uploads\/2025\/05\/b9f17e15-94f0-4754-bc1a-9d4c1dcb042f.jpg\" src=\"http:\/\/jornalrol.com.br\/wp-content\/uploads\/2025\/05\/b9f17e15-94f0-4754-bc1a-9d4c1dcb042f.jpg\" alt=\"Evani Rocha\" class=\"wp-image-73143\" style=\"aspect-ratio:0.8479971561070985;width:116px;height:auto\" srcset=\"http:\/\/jornalrol.com.br\/wp-content\/uploads\/2025\/05\/b9f17e15-94f0-4754-bc1a-9d4c1dcb042f.jpg 820w, http:\/\/jornalrol.com.br\/wp-content\/uploads\/2025\/05\/b9f17e15-94f0-4754-bc1a-9d4c1dcb042f-768x906.jpg 768w\" sizes=\"auto, (max-width: 820px) 100vw, 820px\" \/><figcaption class=\"wp-element-caption\">Evani Rocha<\/figcaption><\/figure>\n<\/div>\n\n<div class=\"wp-block-image\">\n<figure class=\"aligncenter size-full is-resized\"><img loading=\"lazy\" decoding=\"async\" width=\"1024\" height=\"1024\" data-attachment-id=\"77967\" data-permalink=\"http:\/\/jornalrol.com.br\/?attachment_id=77967\" data-orig-file=\"http:\/\/jornalrol.com.br\/wp-content\/uploads\/2026\/01\/Imagem-gerada-por-IA-do-Gencraft-em-20-de-janeiro-de-2026-as-0850h.png\" data-orig-size=\"1024,1024\" data-comments-opened=\"1\" data-image-meta=\"{&quot;aperture&quot;:&quot;0&quot;,&quot;credit&quot;:&quot;&quot;,&quot;camera&quot;:&quot;&quot;,&quot;caption&quot;:&quot;&quot;,&quot;created_timestamp&quot;:&quot;0&quot;,&quot;copyright&quot;:&quot;&quot;,&quot;focal_length&quot;:&quot;0&quot;,&quot;iso&quot;:&quot;0&quot;,&quot;shutter_speed&quot;:&quot;0&quot;,&quot;title&quot;:&quot;&quot;,&quot;orientation&quot;:&quot;0&quot;}\" data-image-title=\"Imagem gerada por IA do Gencraft em 20 de janeiro de 2026 \u00e0s 0850h\" data-image-description=\"\" data-image-caption=\"\" data-large-file=\"http:\/\/jornalrol.com.br\/wp-content\/uploads\/2026\/01\/Imagem-gerada-por-IA-do-Gencraft-em-20-de-janeiro-de-2026-as-0850h.png\" src=\"https:\/\/jornalrol.com.br\/wp-content\/uploads\/2026\/01\/Imagem-gerada-por-IA-do-Gencraft-em-20-de-janeiro-de-2026-as-0850h.png\" alt=\"\" class=\"wp-image-77967\" style=\"width:376px;height:auto\" srcset=\"http:\/\/jornalrol.com.br\/wp-content\/uploads\/2026\/01\/Imagem-gerada-por-IA-do-Gencraft-em-20-de-janeiro-de-2026-as-0850h.png 1024w, http:\/\/jornalrol.com.br\/wp-content\/uploads\/2026\/01\/Imagem-gerada-por-IA-do-Gencraft-em-20-de-janeiro-de-2026-as-0850h-600x600.png 600w, http:\/\/jornalrol.com.br\/wp-content\/uploads\/2026\/01\/Imagem-gerada-por-IA-do-Gencraft-em-20-de-janeiro-de-2026-as-0850h-768x768.png 768w\" sizes=\"auto, (max-width: 1024px) 100vw, 1024px\" \/><figcaption class=\"wp-element-caption\"><em>Imagem gerada por IA da Gencraft &#8211; 20 de janeiro de 2026, <\/em><br><em>\u00e0s 08:50<\/em><\/figcaption><\/figure>\n<\/div>\n\n\n<p class=\"has-text-align-center\">Para sempre?<\/p>\n\n\n\n<p class=\"has-text-align-center\">\u00c9 essa pergunta presa na garganta,<\/p>\n\n\n\n<p class=\"has-text-align-center\">\u00c9 a falta de palavras para explicar&#8230;<\/p>\n\n\n\n<p class=\"has-text-align-center\">S\u00e3o as borboletas que brotam no est\u00f4mago<\/p>\n\n\n\n<p class=\"has-text-align-center\">Na imin\u00eancia de voar!<\/p>\n\n\n\n<p class=\"has-text-align-center\">Para sempre?<\/p>\n\n\n\n<p class=\"has-text-align-center\">\u00c9 somente at\u00e9 ali na esquina,<\/p>\n\n\n\n<p class=\"has-text-align-center\">S\u00e3o os versos que brotam sem avisar,<\/p>\n\n\n\n<p class=\"has-text-align-center\">Quando a gente pensa que nunca mais&#8230;<\/p>\n\n\n\n<p class=\"has-text-align-center\">Para sempre&#8230;?<\/p>\n\n\n\n<p class=\"has-text-align-center\">E o que fazer com as brasas na alma<\/p>\n\n\n\n<p class=\"has-text-align-center\">Que a qualquer vento, reacendem?<\/p>\n\n\n\n<p class=\"has-text-align-center\">E os olhos que se perdem no horizonte<\/p>\n\n\n\n<p class=\"has-text-align-center\">A procura de algo&#8230;?<\/p>\n\n\n\n<p class=\"has-text-align-center\">\u2018Sempre\u2019 \u00e9 essa procura fora,<\/p>\n\n\n\n<p class=\"has-text-align-center\">Daquilo que se esconde dentro!<\/p>\n\n\n\n<p class=\"has-text-align-center\">\u2018Sempre\u201d \u00e9 essa f\u00e9 gigante,<\/p>\n\n\n\n<p class=\"has-text-align-center\">Que faz das pedras, escadas,<\/p>\n\n\n\n<p class=\"has-text-align-center\">E das \u00e1guas que lavam a face,<\/p>\n\n\n\n<p class=\"has-text-align-center\">Um riacho doce<\/p>\n\n\n\n<p class=\"has-text-align-center\">Cascateando ao encontro do mar!<\/p>\n\n\n\n<h3 class=\"wp-block-heading has-text-align-center\">Evani Rocha<\/h3>\n\n\n\n<div class=\"wp-block-columns is-layout-flex wp-container-core-columns-is-layout-9d6595d7 wp-block-columns-is-layout-flex\">\n<div class=\"wp-block-column is-layout-flow wp-block-column-is-layout-flow\">\n<h3 class=\"wp-block-heading has-text-align-center has-blush-light-purple-gradient-background has-background\"><a href=\"https:\/\/www.facebook.com\/evani.rocha.58?locale=pt_BR\" target=\"_blank\" rel=\"noopener\" title=\"Facebook\">Facebook<\/a><\/h3>\n<\/div>\n\n\n\n<div class=\"wp-block-column is-layout-flow wp-block-column-is-layout-flow\">\n<h3 class=\"wp-block-heading has-text-align-center has-blush-light-purple-gradient-background has-background\"><a href=\"https:\/\/www.instagram.com\/evani_rochaa\/\" title=\"Instagram\">Instagram<\/a><\/h3>\n<\/div>\n<\/div>\n\n\n\n<p><a href=\"https:\/\/jornalrol.com.br\/\" title=\"Voltar\">Voltar<\/a><\/p>\n\n\n\n<p><a href=\"https:\/\/www.facebook.com\/JCulturalrol\/\" title=\"Facebook\">Facebook<\/a><\/p>\n","protected":false},"excerpt":{"rendered":"<p>Para sempre? \u00c9 essa pergunta presa na garganta, \u00e9 a falta de palavras para explicar&#8230;<br \/>\nS\u00e3o as borboletas que brotam no est\u00f4mago na imin\u00eancia de voar!<\/p>\n","protected":false},"author":94,"featured_media":77967,"comment_status":"open","ping_status":"closed","sticky":false,"template":"","format":"standard","meta":{"_jetpack_newsletter_access":"","_jetpack_dont_email_post_to_subs":false,"_jetpack_newsletter_tier_id":0,"_jetpack_memberships_contains_paywalled_content":false,"_jetpack_memberships_contains_paid_content":false,"footnotes":""},"categories":[9285],"tags":[13537,15935,15934,15938],"class_list":["post-77966","post","type-post","status-publish","format-standard","has-post-thumbnail","hentry","category-literatura","tag-esquina","tag-falta-de-palavras","tag-pergunta-presa-na-garganta","tag-versos-que-brotam"],"aioseo_notices":[],"views":545,"jetpack_featured_media_url":"http:\/\/jornalrol.com.br\/wp-content\/uploads\/2026\/01\/Imagem-gerada-por-IA-do-Gencraft-em-20-de-janeiro-de-2026-as-0850h.png","jetpack_sharing_enabled":true,"jetpack_likes_enabled":true,"jetpack-related-posts":[{"id":78717,"url":"http:\/\/jornalrol.com.br\/?p=78717","url_meta":{"origin":77966,"position":0},"title":"Prisioneiro","author":"Evani Ferreira Rocha","date":"25 de fevereiro de 2026","format":false,"excerpt":"Ele \u00e9 prisioneiro do seu pensamento, dos paradigmas que nunca quebrou, das palavras presas na garganta, e tanto \u2018n\u00e3o\u2019 que ignorou! Ele \u00e9 seu pr\u00f3prio algoz...","rel":"","context":"Em &quot;Literatura&quot;","block_context":{"text":"Literatura","link":"http:\/\/jornalrol.com.br\/?cat=9285"},"img":{"alt_text":"Imagem gerada por IA do Copilot - 24 de fevereiro de 2026, \u00e0s 18:08 PM","src":"https:\/\/i0.wp.com\/jornalrol.com.br\/wp-content\/uploads\/2026\/02\/Imagem-gerada-por-IA-do-Copilot-em-24-de-fevereiro-de-2026-as-15h50.jpg?resize=350%2C200","width":350,"height":200,"srcset":"https:\/\/i0.wp.com\/jornalrol.com.br\/wp-content\/uploads\/2026\/02\/Imagem-gerada-por-IA-do-Copilot-em-24-de-fevereiro-de-2026-as-15h50.jpg?resize=350%2C200 1x, https:\/\/i0.wp.com\/jornalrol.com.br\/wp-content\/uploads\/2026\/02\/Imagem-gerada-por-IA-do-Copilot-em-24-de-fevereiro-de-2026-as-15h50.jpg?resize=525%2C300 1.5x, https:\/\/i0.wp.com\/jornalrol.com.br\/wp-content\/uploads\/2026\/02\/Imagem-gerada-por-IA-do-Copilot-em-24-de-fevereiro-de-2026-as-15h50.jpg?resize=700%2C400 2x"},"classes":[]},{"id":69004,"url":"http:\/\/jornalrol.com.br\/?p=69004","url_meta":{"origin":77966,"position":1},"title":"Para sempre","author":"Evani Ferreira Rocha","date":"27 de agosto de 2024","format":false,"excerpt":"De onde vem essa for\u00e7a que a tudo transforma e semeia? Essa luz que transpassa os olhos, expande, transborda E derrama pelo ch\u00e3o?! De onde verte essa emo\u00e7\u00e3o...","rel":"","context":"Em &quot;Literatura&quot;","block_context":{"text":"Literatura","link":"http:\/\/jornalrol.com.br\/?cat=9285"},"img":{"alt_text":"Imagem criada pela IA do Bing","src":"https:\/\/i0.wp.com\/jornalrol.com.br\/wp-content\/uploads\/2024\/08\/32dbba64-aff1-47a3-a49f-cd9c921becba.jpg?resize=350%2C200","width":350,"height":200},"classes":[]},{"id":68092,"url":"http:\/\/jornalrol.com.br\/?p=68092","url_meta":{"origin":77966,"position":2},"title":"As regras da natureza","author":"Evani Ferreira Rocha","date":"16 de julho de 2024","format":false,"excerpt":"Pise devagarinho, fique de olhar atento, tem passarinhos nos ninhos e borboletas dentro da gente. Tem folhas vermelhas brotando e terra \u00famida gestando as...","rel":"","context":"Em &quot;Literatura&quot;","block_context":{"text":"Literatura","link":"http:\/\/jornalrol.com.br\/?cat=9285"},"img":{"alt_text":"Imagem criada pela IA do Gencraft","src":"https:\/\/i0.wp.com\/jornalrol.com.br\/wp-content\/uploads\/2024\/07\/5ee63804-8bf0-4ff9-ac5e-ea4d9dadc63b.jpeg?resize=350%2C200","width":350,"height":200,"srcset":"https:\/\/i0.wp.com\/jornalrol.com.br\/wp-content\/uploads\/2024\/07\/5ee63804-8bf0-4ff9-ac5e-ea4d9dadc63b.jpeg?resize=350%2C200 1x, https:\/\/i0.wp.com\/jornalrol.com.br\/wp-content\/uploads\/2024\/07\/5ee63804-8bf0-4ff9-ac5e-ea4d9dadc63b.jpeg?resize=525%2C300 1.5x, https:\/\/i0.wp.com\/jornalrol.com.br\/wp-content\/uploads\/2024\/07\/5ee63804-8bf0-4ff9-ac5e-ea4d9dadc63b.jpeg?resize=700%2C400 2x"},"classes":[]},{"id":65823,"url":"http:\/\/jornalrol.com.br\/?p=65823","url_meta":{"origin":77966,"position":3},"title":"Desculpas","author":"Evani Ferreira Rocha","date":"22 de abril de 2024","format":false,"excerpt":"Desculpe pelas horas ausentes vasculhando o meu ser\u2026 As perguntas que n\u00e3o respondi, pois talvez n\u00e3o tinha a resposta nem mesmo para mim. Desculpe as...","rel":"","context":"Em &quot;Literatura&quot;","block_context":{"text":"Literatura","link":"http:\/\/jornalrol.com.br\/?cat=9285"},"img":{"alt_text":"Imagem criada pela IA do Canvas","src":"https:\/\/i0.wp.com\/jornalrol.com.br\/wp-content\/uploads\/2024\/04\/df80ebc8-fe23-4364-9df0-4e3d5cf01abb.jpg?resize=350%2C200","width":350,"height":200,"srcset":"https:\/\/i0.wp.com\/jornalrol.com.br\/wp-content\/uploads\/2024\/04\/df80ebc8-fe23-4364-9df0-4e3d5cf01abb.jpg?resize=350%2C200 1x, https:\/\/i0.wp.com\/jornalrol.com.br\/wp-content\/uploads\/2024\/04\/df80ebc8-fe23-4364-9df0-4e3d5cf01abb.jpg?resize=525%2C300 1.5x"},"classes":[]},{"id":78219,"url":"http:\/\/jornalrol.com.br\/?p=78219","url_meta":{"origin":77966,"position":4},"title":"Foi por capricho","author":"Evani Ferreira Rocha","date":"2 de fevereiro de 2026","format":false,"excerpt":"Foi por capricho das palavras que n\u00e3o foram ditas, sas emo\u00e7\u00f5es que n\u00e3o foram vertidas, que a raz\u00e3o perdeu-se nos labirintos das incertezas, das tristezas...","rel":"","context":"Em &quot;Literatura&quot;","block_context":{"text":"Literatura","link":"http:\/\/jornalrol.com.br\/?cat=9285"},"img":{"alt_text":"Imagem gerada por IA do Canva - 02 de fevereiro de 2026, \u00e0s 13?56 PM","src":"https:\/\/i0.wp.com\/jornalrol.com.br\/wp-content\/uploads\/2026\/02\/Imagem-gerada-por-IA-do-Canva-em-02-de-fevereiro-de-2026-as-12h50.jpg?resize=350%2C200","width":350,"height":200,"srcset":"https:\/\/i0.wp.com\/jornalrol.com.br\/wp-content\/uploads\/2026\/02\/Imagem-gerada-por-IA-do-Canva-em-02-de-fevereiro-de-2026-as-12h50.jpg?resize=350%2C200 1x, https:\/\/i0.wp.com\/jornalrol.com.br\/wp-content\/uploads\/2026\/02\/Imagem-gerada-por-IA-do-Canva-em-02-de-fevereiro-de-2026-as-12h50.jpg?resize=525%2C300 1.5x, https:\/\/i0.wp.com\/jornalrol.com.br\/wp-content\/uploads\/2026\/02\/Imagem-gerada-por-IA-do-Canva-em-02-de-fevereiro-de-2026-as-12h50.jpg?resize=700%2C400 2x, https:\/\/i0.wp.com\/jornalrol.com.br\/wp-content\/uploads\/2026\/02\/Imagem-gerada-por-IA-do-Canva-em-02-de-fevereiro-de-2026-as-12h50.jpg?resize=1050%2C600 3x, https:\/\/i0.wp.com\/jornalrol.com.br\/wp-content\/uploads\/2026\/02\/Imagem-gerada-por-IA-do-Canva-em-02-de-fevereiro-de-2026-as-12h50.jpg?resize=1400%2C800 4x"},"classes":[]},{"id":74655,"url":"http:\/\/jornalrol.com.br\/?p=74655","url_meta":{"origin":77966,"position":5},"title":"Indecifr\u00e1vel","author":"Evani Ferreira Rocha","date":"4 de agosto de 2025","format":false,"excerpt":"Releio sua hist\u00f3ria, perco-me nas retic\u00eancias, na ret\u00f3rica me encontro, mergulho na sua ess\u00eancia, respondo suas perguntas, converso com o sil\u00eancio, ando nas...","rel":"","context":"Em &quot;Literatura&quot;","block_context":{"text":"Literatura","link":"http:\/\/jornalrol.com.br\/?cat=9285"},"img":{"alt_text":"Imagem criada por IA Gencraft - 04 e agosto de 2025,\u00e0s 09:10 PM","src":"https:\/\/i0.wp.com\/jornalrol.com.br\/wp-content\/uploads\/2025\/08\/Imagem-gerada-por-IA-do-Gencraft-em-04-de-agosto-de-2025-as-09h10.jpg?resize=350%2C200","width":350,"height":200,"srcset":"https:\/\/i0.wp.com\/jornalrol.com.br\/wp-content\/uploads\/2025\/08\/Imagem-gerada-por-IA-do-Gencraft-em-04-de-agosto-de-2025-as-09h10.jpg?resize=350%2C200 1x, https:\/\/i0.wp.com\/jornalrol.com.br\/wp-content\/uploads\/2025\/08\/Imagem-gerada-por-IA-do-Gencraft-em-04-de-agosto-de-2025-as-09h10.jpg?resize=525%2C300 1.5x, https:\/\/i0.wp.com\/jornalrol.com.br\/wp-content\/uploads\/2025\/08\/Imagem-gerada-por-IA-do-Gencraft-em-04-de-agosto-de-2025-as-09h10.jpg?resize=700%2C400 2x"},"classes":[]}],"_links":{"self":[{"href":"http:\/\/jornalrol.com.br\/index.php?rest_route=\/wp\/v2\/posts\/77966","targetHints":{"allow":["GET"]}}],"collection":[{"href":"http:\/\/jornalrol.com.br\/index.php?rest_route=\/wp\/v2\/posts"}],"about":[{"href":"http:\/\/jornalrol.com.br\/index.php?rest_route=\/wp\/v2\/types\/post"}],"author":[{"embeddable":true,"href":"http:\/\/jornalrol.com.br\/index.php?rest_route=\/wp\/v2\/users\/94"}],"replies":[{"embeddable":true,"href":"http:\/\/jornalrol.com.br\/index.php?rest_route=%2Fwp%2Fv2%2Fcomments&post=77966"}],"version-history":[{"count":2,"href":"http:\/\/jornalrol.com.br\/index.php?rest_route=\/wp\/v2\/posts\/77966\/revisions"}],"predecessor-version":[{"id":77969,"href":"http:\/\/jornalrol.com.br\/index.php?rest_route=\/wp\/v2\/posts\/77966\/revisions\/77969"}],"wp:featuredmedia":[{"embeddable":true,"href":"http:\/\/jornalrol.com.br\/index.php?rest_route=\/wp\/v2\/media\/77967"}],"wp:attachment":[{"href":"http:\/\/jornalrol.com.br\/index.php?rest_route=%2Fwp%2Fv2%2Fmedia&parent=77966"}],"wp:term":[{"taxonomy":"category","embeddable":true,"href":"http:\/\/jornalrol.com.br\/index.php?rest_route=%2Fwp%2Fv2%2Fcategories&post=77966"},{"taxonomy":"post_tag","embeddable":true,"href":"http:\/\/jornalrol.com.br\/index.php?rest_route=%2Fwp%2Fv2%2Ftags&post=77966"}],"curies":[{"name":"wp","href":"https:\/\/api.w.org\/{rel}","templated":true}]}}