{"id":77970,"date":"2026-01-21T12:35:28","date_gmt":"2026-01-21T15:35:28","guid":{"rendered":"https:\/\/jornalrol.com.br\/?p=77970"},"modified":"2026-01-21T12:36:01","modified_gmt":"2026-01-21T15:36:01","slug":"mentes-conscientes-vidas-saudaveis","status":"publish","type":"post","link":"http:\/\/jornalrol.com.br\/?p=77970","title":{"rendered":"Mentes conscientes, vidas saud\u00e1veis"},"content":{"rendered":"<div class=\"pdfprnt-buttons pdfprnt-buttons-post pdfprnt-top-right\"><a href=\"http:\/\/jornalrol.com.br\/index.php?rest_route=%2Fwp%2Fv2%2Fposts%2F77970&print=pdf\" class=\"pdfprnt-button pdfprnt-button-pdf\" target=\"_blank\" ><\/a><a href=\"http:\/\/jornalrol.com.br\/index.php?rest_route=%2Fwp%2Fv2%2Fposts%2F77970&print=print\" class=\"pdfprnt-button pdfprnt-button-print\" target=\"_blank\" ><img decoding=\"async\" src=\"https:\/\/jornalrol.com.br\/wp-content\/plugins\/pdf-print\/images\/print.png\" alt=\"image_print\" title=\"Conte\u00fado de impress\u00e3o\" \/><\/a><\/div>\n<h2 class=\"wp-block-heading has-text-align-center\">M\u00e1rcia N\u00e0scimento<br><br> &#8216;Mentes conscientes, vidas saud\u00e1veis: a neuroeduca\u00e7\u00e3o como caminho para a sa\u00fade mental&#8217;<br><br><\/h2>\n\n\n<div class=\"wp-block-image is-style-rounded\">\n<figure class=\"aligncenter size-full is-resized\"><img loading=\"lazy\" decoding=\"async\" width=\"874\" height=\"825\" data-attachment-id=\"77436\" data-permalink=\"http:\/\/jornalrol.com.br\/?attachment_id=77436\" data-orig-file=\"http:\/\/jornalrol.com.br\/wp-content\/uploads\/2025\/12\/588946678_122106905091116270_8660201062841029182_n-1.jpg\" data-orig-size=\"874,825\" data-comments-opened=\"1\" data-image-meta=\"{&quot;aperture&quot;:&quot;0&quot;,&quot;credit&quot;:&quot;&quot;,&quot;camera&quot;:&quot;&quot;,&quot;caption&quot;:&quot;&quot;,&quot;created_timestamp&quot;:&quot;0&quot;,&quot;copyright&quot;:&quot;&quot;,&quot;focal_length&quot;:&quot;0&quot;,&quot;iso&quot;:&quot;0&quot;,&quot;shutter_speed&quot;:&quot;0&quot;,&quot;title&quot;:&quot;&quot;,&quot;orientation&quot;:&quot;0&quot;}\" data-image-title=\"588946678_122106905091116270_8660201062841029182_n\" data-image-description=\"&lt;p&gt;M\u00e1rcia N\u00e0scimento&lt;\/p&gt;\n\" data-image-caption=\"&lt;p&gt;M\u00e1rcia N\u00e0scimento&lt;\/p&gt;\n\" data-large-file=\"http:\/\/jornalrol.com.br\/wp-content\/uploads\/2025\/12\/588946678_122106905091116270_8660201062841029182_n-1.jpg\" src=\"http:\/\/jornalrol.com.br\/wp-content\/uploads\/2025\/12\/588946678_122106905091116270_8660201062841029182_n-1.jpg\" alt=\"M\u00e1rcia N\u00e0scimento\" class=\"wp-image-77436\" style=\"aspect-ratio:1.0594147206621343;width:200px;height:auto\" srcset=\"http:\/\/jornalrol.com.br\/wp-content\/uploads\/2025\/12\/588946678_122106905091116270_8660201062841029182_n-1.jpg 874w, http:\/\/jornalrol.com.br\/wp-content\/uploads\/2025\/12\/588946678_122106905091116270_8660201062841029182_n-1-768x725.jpg 768w\" sizes=\"auto, (max-width: 874px) 100vw, 874px\" \/><figcaption class=\"wp-element-caption\">M\u00e1rcia N\u00e0scimento<\/figcaption><\/figure>\n<\/div>\n\n<div class=\"wp-block-image\">\n<figure class=\"aligncenter size-full is-resized\"><img loading=\"lazy\" decoding=\"async\" width=\"1024\" height=\"1024\" data-attachment-id=\"77982\" data-permalink=\"http:\/\/jornalrol.com.br\/?attachment_id=77982\" data-orig-file=\"http:\/\/jornalrol.com.br\/wp-content\/uploads\/2026\/01\/unnamed.jpg\" data-orig-size=\"1024,1024\" data-comments-opened=\"1\" data-image-meta=\"{&quot;aperture&quot;:&quot;0&quot;,&quot;credit&quot;:&quot;&quot;,&quot;camera&quot;:&quot;&quot;,&quot;caption&quot;:&quot;&quot;,&quot;created_timestamp&quot;:&quot;0&quot;,&quot;copyright&quot;:&quot;&quot;,&quot;focal_length&quot;:&quot;0&quot;,&quot;iso&quot;:&quot;0&quot;,&quot;shutter_speed&quot;:&quot;0&quot;,&quot;title&quot;:&quot;&quot;,&quot;orientation&quot;:&quot;1&quot;}\" data-image-title=\"unnamed\" data-image-description=\"\" data-image-caption=\"\" data-large-file=\"http:\/\/jornalrol.com.br\/wp-content\/uploads\/2026\/01\/unnamed.jpg\" src=\"https:\/\/jornalrol.com.br\/wp-content\/uploads\/2026\/01\/unnamed.jpg\" alt=\"Imagem crfiada por IA do Gimini - 21 de janeiro de 2026, \u00e0s 12:03 PM\" class=\"wp-image-77982\" style=\"width:436px;height:auto\" srcset=\"http:\/\/jornalrol.com.br\/wp-content\/uploads\/2026\/01\/unnamed.jpg 1024w, http:\/\/jornalrol.com.br\/wp-content\/uploads\/2026\/01\/unnamed-600x600.jpg 600w, http:\/\/jornalrol.com.br\/wp-content\/uploads\/2026\/01\/unnamed-768x768.jpg 768w\" sizes=\"auto, (max-width: 1024px) 100vw, 1024px\" \/><figcaption class=\"wp-element-caption\"><em>Imagem crfiada por IA do Gimini &#8211; 21 de janeiro de 2026, \u00e0s 12:03 PM<\/em><\/figcaption><\/figure>\n<\/div>\n\n\n<p class=\"has-drop-cap\">Na hist\u00f3ria da humanidade, jamais se viveu um per\u00edodo de tamanha desconex\u00e3o. Embora o universo digital conecte seres humanos de um pa\u00eds a outro em quest\u00e3o de segundos, o vazio existencial que assola a humanidade na atualidade revela-se avassalador.<\/p>\n\n\n\n<p>As pessoas buscam freneticamente saciar o \u00e2mago de seus seres por meio de experi\u00eancias ef\u00eameras e, muitas vezes, funestas, que conduzem a mente a um estado profundamente fragilizado no que tange ao equil\u00edbrio dos sentimentos e das emo\u00e7\u00f5es. Torna-se, portanto, imprescind\u00edvel uma tomada de consci\u00eancia para a conquista de uma vida saud\u00e1vel, pois toda e qualquer mudan\u00e7a nasce do princ\u00edpio de escolhas assertivas, iniciadas desde o primeiro pensamento ao despertar e conduzidas, sucessivamente, ao longo do dia.<\/p>\n\n\n\n<p>Infelizmente, diante do excesso de informa\u00e7\u00f5es disponibilizadas em velocidade vertiginosa, a mente humana acaba apenas absorvendo dados, sem transform\u00e1-los em conhecimento e sabedoria. Isso ocorre pela dificuldade de filtrar, analisar e aprofundar-se naquilo que, de fato, conv\u00e9m ser investigado em uma dimens\u00e3o mais ampla de entendimento e de realidade.<\/p>\n\n\n\n<p>A Neuroeduca\u00e7\u00e3o apresenta-se, assim, como um caminho para aqueles que buscam o ponto de equil\u00edbrio entre a sa\u00fade f\u00edsica e mental. Por meio de uma pesquisa derivacional, conduzimos o indiv\u00edduo a compreender os princ\u00edpios causais de sua dor e, a partir desse entendimento, ressignificamos sua hist\u00f3ria de vida. Esse processo o retira de um estado limitador e o conduz a um patamar amplamente possibilitador, permitindo-lhe reconhecer quem verdadeiramente \u00e9 neste planeta.<\/p>\n\n\n\n<p>Compreender a si mesmo, desenvolver a capacidade de enxergar a pr\u00f3pria exist\u00eancia sob a luz de uma consci\u00eancia expandida e alinhada \u00e0 verdade do ser \u00e9 o alicerce de uma vida equilibrada e feliz. Uma vida permeada por sonhos reais, e n\u00e3o por promessas infaustas que levam o indiv\u00edduo a se desconectar de sua pr\u00f3pria realidade e, em seguida, a frustrar-se por tentar viver expectativas idealizadas por outros.<br>Por isso, \u00e9 t\u00e3o essencial conhecer a verdade sobre si mesmo: identificar aquilo que o move com paix\u00e3o genu\u00edna, reconhecer o verdadeiro prop\u00f3sito de sua trajet\u00f3ria existencial e, a partir disso, alcan\u00e7ar a plenitude em todas as dimens\u00f5es que comp\u00f5em a mente, a consci\u00eancia e o corpo f\u00edsico.<\/p>\n\n\n\n<p>Ter uma mente saud\u00e1vel tamb\u00e9m \u00e9 uma decis\u00e3o!<\/p>\n\n\n\n<p>\u00c9 a decis\u00e3o de n\u00e3o aceitar tudo como uma verdade absoluta, de n\u00e3o permitir que regras externas ditem sua realidade sem an\u00e1lise e discernimento. O acesso ao seu reino interior est\u00e1 sob o seu controle. Portanto, n\u00e3o permita que sua sa\u00fade mental seja abalada por n\u00e3o exercer a lideran\u00e7a plena sobre sua mente consciente.<\/p>\n\n\n\n<h3 class=\"wp-block-heading has-text-align-center\">M\u00e1rcia Nascimento<\/h3>\n\n\n\n<div class=\"wp-block-columns is-layout-flex wp-container-core-columns-is-layout-9d6595d7 wp-block-columns-is-layout-flex\">\n<div class=\"wp-block-column is-layout-flow wp-block-column-is-layout-flow\">\n<h3 class=\"wp-block-heading has-text-align-center has-blush-light-purple-gradient-background has-background\"><a href=\"https:\/\/www.facebook.com\/profile.php?id=61583488123055&amp;locale=pt_BR\" target=\"_blank\" rel=\"noopener\" title=\"Facebook\">Facebook<\/a><\/h3>\n<\/div>\n\n\n\n<div class=\"wp-block-column is-layout-flow wp-block-column-is-layout-flow\">\n<h3 class=\"wp-block-heading has-text-align-center has-blush-light-purple-gradient-background has-background\"><a href=\"https:\/\/www.youtube.com\/channel\/UCDRKFCzKztVJgVZvx-_EtYw\" target=\"_blank\" rel=\"noopener\" title=\"YouTube\">YouTube<\/a><\/h3>\n<\/div>\n\n\n\n<div class=\"wp-block-column is-layout-flow wp-block-column-is-layout-flow\">\n<h3 class=\"wp-block-heading has-text-align-center has-blush-light-purple-gradient-background has-background\"><a href=\"https:\/\/www.instagram.com\/marciag.neuroeducadora\/\" title=\"Instagram\">Instagram<\/a><\/h3>\n<\/div>\n<\/div>\n\n\n\n<p><a href=\"http:\/\/jornalrol.com.br\/\" title=\"Voltar\">Voltar<\/a><\/p>\n\n\n\n<p><a href=\"https:\/\/www.facebook.com\/JCulturalrol\/\" title=\"Facebook\">Facebook<\/a><\/p>\n","protected":false},"excerpt":{"rendered":"<p>Na hist\u00f3ria da humanidade, jamais se viveu um per\u00edodo de tamanha desconex\u00e3o. Embora o universo digital conecte seres humanos de um pa\u00eds a outro em quest\u00e3o&#8230; <\/p>\n","protected":false},"author":78,"featured_media":77982,"comment_status":"open","ping_status":"closed","sticky":false,"template":"","format":"standard","meta":{"_jetpack_newsletter_access":"","_jetpack_dont_email_post_to_subs":false,"_jetpack_newsletter_tier_id":0,"_jetpack_memberships_contains_paywalled_content":false,"_jetpack_memberships_contains_paid_content":false,"footnotes":""},"categories":[1],"tags":[],"class_list":["post-77970","post","type-post","status-publish","format-standard","has-post-thumbnail","hentry","category-sem-categoria"],"aioseo_notices":[],"views":489,"jetpack_featured_media_url":"http:\/\/jornalrol.com.br\/wp-content\/uploads\/2026\/01\/unnamed.jpg","jetpack_sharing_enabled":true,"jetpack_likes_enabled":true,"jetpack-related-posts":[{"id":78168,"url":"http:\/\/jornalrol.com.br\/?p=78168","url_meta":{"origin":77970,"position":0},"title":"Metacogni\u00e7\u00e3o","author":"Marcia Nascimento","date":"30 de janeiro de 2026","format":false,"excerpt":"Em tempos onde o avan\u00e7o da tecnologia cresce abruptamente e a intelig\u00eancia artificial passou a substituir o pensamento humano, a Educa\u00e7\u00e3o corre o grande...","rel":"","context":"Em &quot;artigos&quot;","block_context":{"text":"artigos","link":"http:\/\/jornalrol.com.br\/?cat=9398"},"img":{"alt_text":"Imagem criada por IA da Meta - 30 de janeiro de 2026, \u00e0s 16:14 PM - https:\/\/www.meta.ai\/create\/hW4indOGIFt\/?prompt_id=86ceae78-eee1-4f58-a1a7-75d16301fa59","src":"https:\/\/i0.wp.com\/jornalrol.com.br\/wp-content\/uploads\/2026\/01\/AQN1geZ4U4vDLbqBm-3rDWWpxQx8tsacStNCoOq55HEN0JxFIs2Mo3uoTLOMUfvoPquJQsWUnUhNKkg6EHlYMvAqnV_YuRlhJvHG2MofmrayZb-XXwFncCmeX6NOUzbFGlXzz8286RyzrFebh81Cb4aRkCgaTQ.jpeg?resize=350%2C200","width":350,"height":200,"srcset":"https:\/\/i0.wp.com\/jornalrol.com.br\/wp-content\/uploads\/2026\/01\/AQN1geZ4U4vDLbqBm-3rDWWpxQx8tsacStNCoOq55HEN0JxFIs2Mo3uoTLOMUfvoPquJQsWUnUhNKkg6EHlYMvAqnV_YuRlhJvHG2MofmrayZb-XXwFncCmeX6NOUzbFGlXzz8286RyzrFebh81Cb4aRkCgaTQ.jpeg?resize=350%2C200 1x, https:\/\/i0.wp.com\/jornalrol.com.br\/wp-content\/uploads\/2026\/01\/AQN1geZ4U4vDLbqBm-3rDWWpxQx8tsacStNCoOq55HEN0JxFIs2Mo3uoTLOMUfvoPquJQsWUnUhNKkg6EHlYMvAqnV_YuRlhJvHG2MofmrayZb-XXwFncCmeX6NOUzbFGlXzz8286RyzrFebh81Cb4aRkCgaTQ.jpeg?resize=525%2C300 1.5x, https:\/\/i0.wp.com\/jornalrol.com.br\/wp-content\/uploads\/2026\/01\/AQN1geZ4U4vDLbqBm-3rDWWpxQx8tsacStNCoOq55HEN0JxFIs2Mo3uoTLOMUfvoPquJQsWUnUhNKkg6EHlYMvAqnV_YuRlhJvHG2MofmrayZb-XXwFncCmeX6NOUzbFGlXzz8286RyzrFebh81Cb4aRkCgaTQ.jpeg?resize=700%2C400 2x"},"classes":[]},{"id":64928,"url":"http:\/\/jornalrol.com.br\/?p=64928","url_meta":{"origin":77970,"position":1},"title":"O sucesso come\u00e7a na mente","author":"Marcia Nascimento","date":"9 de mar\u00e7o de 2024","format":false,"excerpt":"A realiza\u00e7\u00e3o e o Sucesso s\u00e3o dois fatores almejados por todo ser humano. Quando se est\u00e1 em busca de ambos, \u00e9 preciso ter em mente que para o alcance deles...","rel":"","context":"Em &quot;artigos&quot;","block_context":{"text":"artigos","link":"http:\/\/jornalrol.com.br\/?cat=9398"},"img":{"alt_text":"O sucesso come\u00e7a na mente","src":"https:\/\/i0.wp.com\/jornalrol.com.br\/wp-content\/uploads\/2024\/03\/OIG2-3.jpg?resize=350%2C200","width":350,"height":200},"classes":[]},{"id":79581,"url":"http:\/\/jornalrol.com.br\/?p=79581","url_meta":{"origin":77970,"position":2},"title":"Sa\u00fade mental agora \u00a0\u00e9 prioridade!","author":"Marcia Nascimento","date":"27 de mar\u00e7o de 2026","format":false,"excerpt":"A NR 01 \u00e9 um dos assuntos que ganhou destaque na atualidade, devido \u00e0 import\u00e2ncia de sua atualiza\u00e7\u00e3o que entrou em vigor em 27 de agosto de 2024, por meio...","rel":"","context":"Em &quot;Sem categoria&quot;","block_context":{"text":"Sem categoria","link":"http:\/\/jornalrol.com.br\/?cat=1"},"img":{"alt_text":"Imagem gerada pelo ChatGPT - https:\/\/chatgpt.com\/c\/69c6832c-16e4-83e9-9f56-64afa2ecb944","src":"https:\/\/i0.wp.com\/jornalrol.com.br\/wp-content\/uploads\/2026\/03\/eec6834d-4abf-4b39-83fa-7ed8f624392f.jpg?resize=350%2C200","width":350,"height":200,"srcset":"https:\/\/i0.wp.com\/jornalrol.com.br\/wp-content\/uploads\/2026\/03\/eec6834d-4abf-4b39-83fa-7ed8f624392f.jpg?resize=350%2C200 1x, https:\/\/i0.wp.com\/jornalrol.com.br\/wp-content\/uploads\/2026\/03\/eec6834d-4abf-4b39-83fa-7ed8f624392f.jpg?resize=525%2C300 1.5x, https:\/\/i0.wp.com\/jornalrol.com.br\/wp-content\/uploads\/2026\/03\/eec6834d-4abf-4b39-83fa-7ed8f624392f.jpg?resize=700%2C400 2x"},"classes":[]},{"id":58056,"url":"http:\/\/jornalrol.com.br\/?p=58056","url_meta":{"origin":77970,"position":3},"title":"Autoestima e projetos de vida","author":"Marcia Nascimento","date":"4 de julho de 2023","format":false,"excerpt":"Muito se fala na atualidade sobre prop\u00f3sitos de vida, ou seja, viver uma vida com total sentido e significados. Por\u00e9m, muito mais que ter um prop\u00f3sito de vida,","rel":"","context":"Em &quot;artigos&quot;","block_context":{"text":"artigos","link":"http:\/\/jornalrol.com.br\/?cat=9398"},"img":{"alt_text":"","src":"https:\/\/i0.wp.com\/www.jornalrol.com.br\/wp-content\/uploads\/2023\/05\/Marcia-Nascimento.jpg?resize=350%2C200&ssl=1","width":350,"height":200},"classes":[]},{"id":72480,"url":"http:\/\/jornalrol.com.br\/?p=72480","url_meta":{"origin":77970,"position":4},"title":"O movimento \u00e9 o elo entre o corpo e a mente","author":"Joelson Mora da Silva","date":"17 de mar\u00e7o de 2025","format":false,"excerpt":"Vivemos em uma \u00e9poca em que corpo e mente s\u00e3o frequentemente tratados como entidades separadas, mas a verdade \u00e9 que eles formam uma unidade insepar\u00e1vel.","rel":"","context":"Em &quot;artigos&quot;","block_context":{"text":"artigos","link":"http:\/\/jornalrol.com.br\/?cat=9398"},"img":{"alt_text":"Imagem criada por IA no Bing - 16 de mar\u00e7o de 2025, \u00e0s 11:20 PM","src":"https:\/\/i0.wp.com\/jornalrol.com.br\/wp-content\/uploads\/2025\/03\/file-FnoH5Rf1UbfnqCAd4KocKi-1.webp?resize=350%2C200","width":350,"height":200,"srcset":"https:\/\/i0.wp.com\/jornalrol.com.br\/wp-content\/uploads\/2025\/03\/file-FnoH5Rf1UbfnqCAd4KocKi-1.webp?resize=350%2C200 1x, https:\/\/i0.wp.com\/jornalrol.com.br\/wp-content\/uploads\/2025\/03\/file-FnoH5Rf1UbfnqCAd4KocKi-1.webp?resize=525%2C300 1.5x, https:\/\/i0.wp.com\/jornalrol.com.br\/wp-content\/uploads\/2025\/03\/file-FnoH5Rf1UbfnqCAd4KocKi-1.webp?resize=700%2C400 2x"},"classes":[]},{"id":65708,"url":"http:\/\/jornalrol.com.br\/?p=65708","url_meta":{"origin":77970,"position":5},"title":"Sa\u00fade Integral: O pilar da sa\u00fade financeira","author":"Joelson Mora da Silva","date":"15 de abril de 2024","format":false,"excerpt":"A busca pela sa\u00fade integral vai al\u00e9m do f\u00edsico, abrangendo aspectos emocionais, mentais e financeiros. Venho aqui destacar a correla\u00e7\u00e3o entre sa\u00fade integral...","rel":"","context":"Em &quot;artigos&quot;","block_context":{"text":"artigos","link":"http:\/\/jornalrol.com.br\/?cat=9398"},"img":{"alt_text":"Sa\u00fade Integral: O pilar da sa\u00fade financeira","src":"https:\/\/i0.wp.com\/jornalrol.com.br\/wp-content\/uploads\/2024\/04\/OIG2.YKn_.jpg?resize=350%2C200","width":350,"height":200,"srcset":"https:\/\/i0.wp.com\/jornalrol.com.br\/wp-content\/uploads\/2024\/04\/OIG2.YKn_.jpg?resize=350%2C200 1x, https:\/\/i0.wp.com\/jornalrol.com.br\/wp-content\/uploads\/2024\/04\/OIG2.YKn_.jpg?resize=525%2C300 1.5x, https:\/\/i0.wp.com\/jornalrol.com.br\/wp-content\/uploads\/2024\/04\/OIG2.YKn_.jpg?resize=700%2C400 2x"},"classes":[]}],"_links":{"self":[{"href":"http:\/\/jornalrol.com.br\/index.php?rest_route=\/wp\/v2\/posts\/77970","targetHints":{"allow":["GET"]}}],"collection":[{"href":"http:\/\/jornalrol.com.br\/index.php?rest_route=\/wp\/v2\/posts"}],"about":[{"href":"http:\/\/jornalrol.com.br\/index.php?rest_route=\/wp\/v2\/types\/post"}],"author":[{"embeddable":true,"href":"http:\/\/jornalrol.com.br\/index.php?rest_route=\/wp\/v2\/users\/78"}],"replies":[{"embeddable":true,"href":"http:\/\/jornalrol.com.br\/index.php?rest_route=%2Fwp%2Fv2%2Fcomments&post=77970"}],"version-history":[{"count":3,"href":"http:\/\/jornalrol.com.br\/index.php?rest_route=\/wp\/v2\/posts\/77970\/revisions"}],"predecessor-version":[{"id":77986,"href":"http:\/\/jornalrol.com.br\/index.php?rest_route=\/wp\/v2\/posts\/77970\/revisions\/77986"}],"wp:featuredmedia":[{"embeddable":true,"href":"http:\/\/jornalrol.com.br\/index.php?rest_route=\/wp\/v2\/media\/77982"}],"wp:attachment":[{"href":"http:\/\/jornalrol.com.br\/index.php?rest_route=%2Fwp%2Fv2%2Fmedia&parent=77970"}],"wp:term":[{"taxonomy":"category","embeddable":true,"href":"http:\/\/jornalrol.com.br\/index.php?rest_route=%2Fwp%2Fv2%2Fcategories&post=77970"},{"taxonomy":"post_tag","embeddable":true,"href":"http:\/\/jornalrol.com.br\/index.php?rest_route=%2Fwp%2Fv2%2Ftags&post=77970"}],"curies":[{"name":"wp","href":"https:\/\/api.w.org\/{rel}","templated":true}]}}