{"id":77984,"date":"2026-01-21T12:51:50","date_gmt":"2026-01-21T15:51:50","guid":{"rendered":"https:\/\/jornalrol.com.br\/?p=77984"},"modified":"2026-01-21T12:52:25","modified_gmt":"2026-01-21T15:52:25","slug":"aboboda-celeste","status":"publish","type":"post","link":"http:\/\/jornalrol.com.br\/?p=77984","title":{"rendered":"Ab\u00f3boda celeste"},"content":{"rendered":"<div class=\"pdfprnt-buttons pdfprnt-buttons-post pdfprnt-top-right\"><a href=\"http:\/\/jornalrol.com.br\/index.php?rest_route=%2Fwp%2Fv2%2Fposts%2F77984&print=pdf\" class=\"pdfprnt-button pdfprnt-button-pdf\" target=\"_blank\" ><\/a><a href=\"http:\/\/jornalrol.com.br\/index.php?rest_route=%2Fwp%2Fv2%2Fposts%2F77984&print=print\" class=\"pdfprnt-button pdfprnt-button-print\" target=\"_blank\" ><img decoding=\"async\" src=\"https:\/\/jornalrol.com.br\/wp-content\/plugins\/pdf-print\/images\/print.png\" alt=\"image_print\" title=\"Conte\u00fado de impress\u00e3o\" \/><\/a><\/div>\n<h2 class=\"wp-block-heading has-text-align-center\">Marli Freitas: Poema &#8216;Ab\u00f3boda celeste&#8217;<br><br><\/h2>\n\n\n<div class=\"wp-block-image is-style-rounded\">\n<figure class=\"aligncenter size-full is-resized\"><img loading=\"lazy\" decoding=\"async\" width=\"1080\" height=\"1508\" data-attachment-id=\"77826\" data-permalink=\"http:\/\/jornalrol.com.br\/?attachment_id=77826\" data-orig-file=\"http:\/\/jornalrol.com.br\/wp-content\/uploads\/2026\/01\/52eb81ed-e713-44d4-aab4-f12c4c39cdc6.jpg\" data-orig-size=\"1080,1508\" data-comments-opened=\"1\" data-image-meta=\"{&quot;aperture&quot;:&quot;0&quot;,&quot;credit&quot;:&quot;&quot;,&quot;camera&quot;:&quot;&quot;,&quot;caption&quot;:&quot;&quot;,&quot;created_timestamp&quot;:&quot;0&quot;,&quot;copyright&quot;:&quot;&quot;,&quot;focal_length&quot;:&quot;0&quot;,&quot;iso&quot;:&quot;0&quot;,&quot;shutter_speed&quot;:&quot;0&quot;,&quot;title&quot;:&quot;&quot;,&quot;orientation&quot;:&quot;0&quot;}\" data-image-title=\"52eb81ed-e713-44d4-aab4-f12c4c39cdc6\" data-image-description=\"&lt;p&gt;Marli Freitas&lt;\/p&gt;\n\" data-image-caption=\"&lt;p&gt;Marli Fraitas&lt;\/p&gt;\n\" data-large-file=\"http:\/\/jornalrol.com.br\/wp-content\/uploads\/2026\/01\/52eb81ed-e713-44d4-aab4-f12c4c39cdc6.jpg\" src=\"http:\/\/jornalrol.com.br\/wp-content\/uploads\/2026\/01\/52eb81ed-e713-44d4-aab4-f12c4c39cdc6.jpg\" alt=\"Marli Freitas\" class=\"wp-image-77826\" style=\"aspect-ratio:0.7161888521794735;width:158px;height:auto\" srcset=\"http:\/\/jornalrol.com.br\/wp-content\/uploads\/2026\/01\/52eb81ed-e713-44d4-aab4-f12c4c39cdc6.jpg 1080w, http:\/\/jornalrol.com.br\/wp-content\/uploads\/2026\/01\/52eb81ed-e713-44d4-aab4-f12c4c39cdc6-859x1200.jpg 859w, http:\/\/jornalrol.com.br\/wp-content\/uploads\/2026\/01\/52eb81ed-e713-44d4-aab4-f12c4c39cdc6-768x1072.jpg 768w\" sizes=\"auto, (max-width: 1080px) 100vw, 1080px\" \/><figcaption class=\"wp-element-caption\">Marli Fraitas<\/figcaption><\/figure>\n<\/div>\n\n<div class=\"wp-block-image\">\n<figure class=\"aligncenter size-full is-resized\"><img loading=\"lazy\" decoding=\"async\" width=\"1600\" height=\"1000\" data-attachment-id=\"77987\" data-permalink=\"http:\/\/jornalrol.com.br\/?attachment_id=77987\" data-orig-file=\"http:\/\/jornalrol.com.br\/wp-content\/uploads\/2026\/01\/14b1c4c0-0e0b-4186-a406-4cda095f6866.jpg\" data-orig-size=\"1600,1000\" data-comments-opened=\"1\" data-image-meta=\"{&quot;aperture&quot;:&quot;0&quot;,&quot;credit&quot;:&quot;&quot;,&quot;camera&quot;:&quot;&quot;,&quot;caption&quot;:&quot;&quot;,&quot;created_timestamp&quot;:&quot;0&quot;,&quot;copyright&quot;:&quot;&quot;,&quot;focal_length&quot;:&quot;0&quot;,&quot;iso&quot;:&quot;0&quot;,&quot;shutter_speed&quot;:&quot;0&quot;,&quot;title&quot;:&quot;&quot;,&quot;orientation&quot;:&quot;0&quot;}\" data-image-title=\"14b1c4c0-0e0b-4186-a406-4cda095f6866\" data-image-description=\"\" data-image-caption=\"\" data-large-file=\"http:\/\/jornalrol.com.br\/wp-content\/uploads\/2026\/01\/14b1c4c0-0e0b-4186-a406-4cda095f6866.jpg\" src=\"https:\/\/jornalrol.com.br\/wp-content\/uploads\/2026\/01\/14b1c4c0-0e0b-4186-a406-4cda095f6866.jpg\" alt=\"Imagem de Dom\u00ednio P\u00fablico - 21 de janeiro de 2026, \u00e0s 10h31 - https:\/\/share.google\/images\/DzL1t9eFdoGARIsU6\" class=\"wp-image-77987\" style=\"width:628px;height:auto\" srcset=\"http:\/\/jornalrol.com.br\/wp-content\/uploads\/2026\/01\/14b1c4c0-0e0b-4186-a406-4cda095f6866.jpg 1600w, http:\/\/jornalrol.com.br\/wp-content\/uploads\/2026\/01\/14b1c4c0-0e0b-4186-a406-4cda095f6866-1200x750.jpg 1200w, http:\/\/jornalrol.com.br\/wp-content\/uploads\/2026\/01\/14b1c4c0-0e0b-4186-a406-4cda095f6866-768x480.jpg 768w, http:\/\/jornalrol.com.br\/wp-content\/uploads\/2026\/01\/14b1c4c0-0e0b-4186-a406-4cda095f6866-1536x960.jpg 1536w\" sizes=\"auto, (max-width: 1600px) 100vw, 1600px\" \/><figcaption class=\"wp-element-caption\"><em>Imagem de Dom\u00ednio P\u00fablico &#8211; 21 de janeiro de 2026, \u00e0s 10h31 <\/em>&#8211; <em>https:\/\/share.google\/images\/DzL1t9eFdoGARIsU6<\/em><\/figcaption><\/figure>\n<\/div>\n\n\n<p class=\"has-text-align-center\">D\u00f3cil col\u00f3quio \u2013 \u00e1gora not\u00f3rio.<br>Guardo inviolado o momento<br>Do espanto de possuir o mist\u00e9rio<br>De todas as estrelas do firmamento.<\/p>\n\n\n\n<p class=\"has-text-align-center\">Minha abstra\u00e7\u00e3o n\u00e3o tem limites,<br>Tem a gra\u00e7a de milh\u00f5es de anos.<br>Na ab\u00f3boda celeste \u2013 o deleite;<br>Quer\u00eancia e afeto \u2013 soberanos.<\/p>\n\n\n\n<p class=\"has-text-align-center\">Tudo que fazemos se mistura<br>\u00c0 beleza do mundo e costura<br>Versos que consagram a ventura.<\/p>\n\n\n\n<p class=\"has-text-align-center\">Se somos poeira, tamb\u00e9m a euforia<br>Do destino; se somos epifania,<br>Para o milagre da Terra \u2013 alegria.<\/p>\n\n\n\n<h3 class=\"wp-block-heading has-text-align-center\"><br>Marli Freitas<\/h3>\n\n\n\n<div class=\"wp-block-columns is-layout-flex wp-container-core-columns-is-layout-9d6595d7 wp-block-columns-is-layout-flex\">\n<div class=\"wp-block-column is-layout-flow wp-block-column-is-layout-flow\">\n<h3 class=\"wp-block-heading has-text-align-center has-blush-light-purple-gradient-background has-background\"><a href=\"https:\/\/www.instagram.com\/marlifreitas79\/#\" target=\"_blank\" rel=\"noopener\" title=\"Instagram\">Instagram<\/a><\/h3>\n<\/div>\n\n\n\n<div class=\"wp-block-column is-layout-flow wp-block-column-is-layout-flow\">\n<h3 class=\"wp-block-heading has-text-align-center has-blush-light-purple-gradient-background has-background\"><a href=\"https:\/\/www.facebook.com\/marli.firminadefreitaslima?locale=pt_BR\" title=\"Facebook\">Facebook<\/a><\/h3>\n<\/div>\n<\/div>\n\n\n\n<p><a href=\"http:\/\/jornalrol.com.br\/\" title=\"Voltar\">Voltar<\/a><\/p>\n\n\n\n<p><a href=\"https:\/\/www.facebook.com\/JCulturalrol\/\" title=\"Facebook\">Facebook<\/a><\/p>\n","protected":false},"excerpt":{"rendered":"<p>D\u00f3cil col\u00f3quio \u2013 \u00e1gora not\u00f3rio. Guardo inviolado o momento do espanto de possuir o mist\u00e9rio de todas as estrelas do firmamento. Minha abstra\u00e7\u00e3o n\u00e3o tem limites<\/p>\n","protected":false},"author":132,"featured_media":77987,"comment_status":"open","ping_status":"closed","sticky":false,"template":"","format":"standard","meta":{"_jetpack_newsletter_access":"","_jetpack_dont_email_post_to_subs":false,"_jetpack_newsletter_tier_id":0,"_jetpack_memberships_contains_paywalled_content":false,"_jetpack_memberships_contains_paid_content":false,"footnotes":""},"categories":[9285,58],"tags":[15941,15943,15944,3517,15942,15945,15946],"class_list":["post-77984","post","type-post","status-publish","format-standard","has-post-thumbnail","hentry","category-literatura","category-poesias","tag-aboboda-celeste","tag-abstracao","tag-deleite","tag-estrelas","tag-momento-de-espanto","tag-querencia-e-afeto","tag-ventura"],"aioseo_notices":[],"views":640,"jetpack_featured_media_url":"http:\/\/jornalrol.com.br\/wp-content\/uploads\/2026\/01\/14b1c4c0-0e0b-4186-a406-4cda095f6866.jpg","jetpack_sharing_enabled":true,"jetpack_likes_enabled":true,"jetpack-related-posts":[{"id":69296,"url":"http:\/\/jornalrol.com.br\/?p=69296","url_meta":{"origin":77984,"position":0},"title":"Soneto com cristais de amor","author":"Rute Ella Dominici","date":"8 de setembro de 2024","format":false,"excerpt":"Gruta que abrigou apaixonados fugindo a conven\u00e7\u00f5es e ditos no id\u00edlico de cora\u00e7\u00f5es contritos que afagam mechas l\u00e1bios cachos, fenda em suas calc\u00e1rias paredes...","rel":"","context":"Em &quot;Literatura&quot;","block_context":{"text":"Literatura","link":"http:\/\/jornalrol.com.br\/?cat=9285"},"img":{"alt_text":"Imagem erada com IA do Bing\u00a0\u2219 7 de setembro de 2024 \u00e0s 4:17 PM","src":"https:\/\/i0.wp.com\/jornalrol.com.br\/wp-content\/uploads\/2024\/09\/OIG2-1.jpeg?resize=350%2C200","width":350,"height":200,"srcset":"https:\/\/i0.wp.com\/jornalrol.com.br\/wp-content\/uploads\/2024\/09\/OIG2-1.jpeg?resize=350%2C200 1x, https:\/\/i0.wp.com\/jornalrol.com.br\/wp-content\/uploads\/2024\/09\/OIG2-1.jpeg?resize=525%2C300 1.5x, https:\/\/i0.wp.com\/jornalrol.com.br\/wp-content\/uploads\/2024\/09\/OIG2-1.jpeg?resize=700%2C400 2x"},"classes":[]},{"id":77825,"url":"http:\/\/jornalrol.com.br\/?p=77825","url_meta":{"origin":77984,"position":1},"title":"Das montanhas alterosas de Minas Gerais para o ROL, Marli Freitas!","author":"Sergio Diniz da Costa","date":"13 de janeiro de 2026","format":false,"excerpt":"Not\u00e1vel beleza entre montes! Assim \u00e9 a terra em que nasci. Madrigal de amor e c\u00e9u. Ins\u00edgnia de dul\u00e7or e alegria\u2026 De natureza singular, Horizonte mesclado e...","rel":"","context":"Em &quot;Apresenta\u00e7\u00e3o de colunista&quot;","block_context":{"text":"Apresenta\u00e7\u00e3o de colunista","link":"http:\/\/jornalrol.com.br\/?cat=10981"},"img":{"alt_text":"Marli Freitas","src":"https:\/\/i0.wp.com\/jornalrol.com.br\/wp-content\/uploads\/2026\/01\/52eb81ed-e713-44d4-aab4-f12c4c39cdc6.jpg?resize=350%2C200","width":350,"height":200,"srcset":"https:\/\/i0.wp.com\/jornalrol.com.br\/wp-content\/uploads\/2026\/01\/52eb81ed-e713-44d4-aab4-f12c4c39cdc6.jpg?resize=350%2C200 1x, https:\/\/i0.wp.com\/jornalrol.com.br\/wp-content\/uploads\/2026\/01\/52eb81ed-e713-44d4-aab4-f12c4c39cdc6.jpg?resize=525%2C300 1.5x, https:\/\/i0.wp.com\/jornalrol.com.br\/wp-content\/uploads\/2026\/01\/52eb81ed-e713-44d4-aab4-f12c4c39cdc6.jpg?resize=700%2C400 2x, https:\/\/i0.wp.com\/jornalrol.com.br\/wp-content\/uploads\/2026\/01\/52eb81ed-e713-44d4-aab4-f12c4c39cdc6.jpg?resize=1050%2C600 3x"},"classes":[]},{"id":9270,"url":"http:\/\/jornalrol.com.br\/?p=9270","url_meta":{"origin":77984,"position":2},"title":"Espet\u00e1culo &#039;A ver estrelas&#039; ser\u00e1 exibido nesta sexta-feira no &#039;Ceu das Artes&#039;, em Tatui","author":"Helio Rubens","date":"6 de abril de 2017","format":false,"excerpt":"ESPET\u00c1CULO \u201cA VER ESTRELAS\u201d SER\u00c1 EXIBIDO NESTA SEXTA NO CEU DAS ARTES \u00a0 O Centro de Artes e Esportes Unificados \u201cFot\u00f3grafo Victor Hugo da Costa Pires\u201d - CEU das Artes, equipamento de Cultura da Secretaria de Esporte, Cultura, Turismo, Lazer e Juventude, recebe nesta sexta-feira, dia 7 de abril, \u00e0s\u2026","rel":"","context":"Em &quot;Comunica\u00e7\u00e3o&quot;","block_context":{"text":"Comunica\u00e7\u00e3o","link":"http:\/\/jornalrol.com.br\/?cat=7"},"img":{"alt_text":"","src":"https:\/\/ci3.googleusercontent.com\/proxy\/flony162hdu6koHRjFBOKtc1y9h4laDt0HizAVKZFybcMcr-74_xr8kqxZ0Dtp41scFPAH5qN5MBWErTUCPT-JasbJE6YgcDJNOwT4h8sD1JM3RdPKd0gfkKULTenFXgrpsOjGQkk_Dw99L2jM-XB7fr51cQhdsPk9buX1zSLZHP=s0-d-e1-ft#http:\/\/assets.mktnaweb.com\/accounts\/2013\/06\/13\/17128\/pictures\/61\/original_A%20Ver%20Estrelas.jpg?1491396014","width":350,"height":200},"classes":[]},{"id":79873,"url":"http:\/\/jornalrol.com.br\/?p=79873","url_meta":{"origin":77984,"position":3},"title":"Um par de meias pretas","author":"Marli Firmina Freitas","date":"7 de abril de 2026","format":false,"excerpt":"Hoje acordei sentindo um desassossego. Preciso deixar que as palavras fluam como torrentes que desaguam, lavando um mundo particular. Por\u00e9m, o que se faz\u2026","rel":"","context":"Em &quot;Cr\u00f4nica narrativa&quot;","block_context":{"text":"Cr\u00f4nica narrativa","link":"http:\/\/jornalrol.com.br\/?cat=16625"},"img":{"alt_text":"imagem criada por IA do Gemini","src":"https:\/\/i0.wp.com\/jornalrol.com.br\/wp-content\/uploads\/2026\/04\/0f805112-9956-4a4a-9038-970eec9d9814.jpg?resize=350%2C200","width":350,"height":200,"srcset":"https:\/\/i0.wp.com\/jornalrol.com.br\/wp-content\/uploads\/2026\/04\/0f805112-9956-4a4a-9038-970eec9d9814.jpg?resize=350%2C200 1x, https:\/\/i0.wp.com\/jornalrol.com.br\/wp-content\/uploads\/2026\/04\/0f805112-9956-4a4a-9038-970eec9d9814.jpg?resize=525%2C300 1.5x, https:\/\/i0.wp.com\/jornalrol.com.br\/wp-content\/uploads\/2026\/04\/0f805112-9956-4a4a-9038-970eec9d9814.jpg?resize=700%2C400 2x, https:\/\/i0.wp.com\/jornalrol.com.br\/wp-content\/uploads\/2026\/04\/0f805112-9956-4a4a-9038-970eec9d9814.jpg?resize=1050%2C600 3x"},"classes":[]},{"id":12102,"url":"http:\/\/jornalrol.com.br\/?p=12102","url_meta":{"origin":77984,"position":4},"title":"&#039;A Ver Estrelas&#039; acontece no SESI de Itapetininga na pr\u00f3xima semana","author":"Helio Rubens","date":"5 de agosto de 2017","format":false,"excerpt":"\u00a0 'A Ver Estrelas' no Teatro do Sesi de Itapetininga dias 11 e 12 O que voc\u00ea faria se a sua imagina\u00e7\u00e3o ganhasse vida? Responder essa pergunta \u00e9 a provoca\u00e7\u00e3o feita por 'A Ver Estrelas', pe\u00e7a da Companhia Azul Celeste, que acontece no SESI Itapetininga no pr\u00f3ximo dia 12, s\u00e1bado,\u2026","rel":"","context":"Em &quot;Comunica\u00e7\u00e3o&quot;","block_context":{"text":"Comunica\u00e7\u00e3o","link":"http:\/\/jornalrol.com.br\/?cat=7"},"img":{"alt_text":"a ver estrelas.png","src":"https:\/\/ci5.googleusercontent.com\/proxy\/ea6tCWFNcIn8LAAGz_Em1g0yvNUa0eaJJMq-xcciL-WK1-wCZ-QT7n0enBgRuw-3B5l6hylER-0R0JpzJcEittaZ5zdMeP6e7ThNgcpOjhKXvYWuhHRrbrkJqzQKJ7LxhxYlG3NL4g=s0-d-e1-ft#https:\/\/www2.infrax.com.br\/sesi\/admin\/temp\/newsletters\/681\/a%20ver%20estrelas.png","width":350,"height":200},"classes":[]},{"id":79015,"url":"http:\/\/jornalrol.com.br\/?p=79015","url_meta":{"origin":77984,"position":5},"title":"Desejo timoneiro","author":"Marli Firmina Freitas","date":"10 de mar\u00e7o de 2026","format":false,"excerpt":"J\u00e1 exausta de tanto elucidar, fui ao encontro da liberdade e disse sim ao poder de voar. Minha esperan\u00e7a, equidade. Timoneiro era o meu desejo. Junto ao...","rel":"","context":"Em &quot;Literatura&quot;","block_context":{"text":"Literatura","link":"http:\/\/jornalrol.com.br\/?cat=9285"},"img":{"alt_text":"Imagem gerada pela Meta IA - 10 de mar\u00e7o de 2026, \u00e0s 07:56","src":"https:\/\/i0.wp.com\/jornalrol.com.br\/wp-content\/uploads\/2026\/03\/06c28a37-daf0-412a-801b-a932259e2ee9.jpg?resize=350%2C200","width":350,"height":200,"srcset":"https:\/\/i0.wp.com\/jornalrol.com.br\/wp-content\/uploads\/2026\/03\/06c28a37-daf0-412a-801b-a932259e2ee9.jpg?resize=350%2C200 1x, https:\/\/i0.wp.com\/jornalrol.com.br\/wp-content\/uploads\/2026\/03\/06c28a37-daf0-412a-801b-a932259e2ee9.jpg?resize=525%2C300 1.5x, https:\/\/i0.wp.com\/jornalrol.com.br\/wp-content\/uploads\/2026\/03\/06c28a37-daf0-412a-801b-a932259e2ee9.jpg?resize=700%2C400 2x, https:\/\/i0.wp.com\/jornalrol.com.br\/wp-content\/uploads\/2026\/03\/06c28a37-daf0-412a-801b-a932259e2ee9.jpg?resize=1050%2C600 3x"},"classes":[]}],"_links":{"self":[{"href":"http:\/\/jornalrol.com.br\/index.php?rest_route=\/wp\/v2\/posts\/77984","targetHints":{"allow":["GET"]}}],"collection":[{"href":"http:\/\/jornalrol.com.br\/index.php?rest_route=\/wp\/v2\/posts"}],"about":[{"href":"http:\/\/jornalrol.com.br\/index.php?rest_route=\/wp\/v2\/types\/post"}],"author":[{"embeddable":true,"href":"http:\/\/jornalrol.com.br\/index.php?rest_route=\/wp\/v2\/users\/132"}],"replies":[{"embeddable":true,"href":"http:\/\/jornalrol.com.br\/index.php?rest_route=%2Fwp%2Fv2%2Fcomments&post=77984"}],"version-history":[{"count":1,"href":"http:\/\/jornalrol.com.br\/index.php?rest_route=\/wp\/v2\/posts\/77984\/revisions"}],"predecessor-version":[{"id":77988,"href":"http:\/\/jornalrol.com.br\/index.php?rest_route=\/wp\/v2\/posts\/77984\/revisions\/77988"}],"wp:featuredmedia":[{"embeddable":true,"href":"http:\/\/jornalrol.com.br\/index.php?rest_route=\/wp\/v2\/media\/77987"}],"wp:attachment":[{"href":"http:\/\/jornalrol.com.br\/index.php?rest_route=%2Fwp%2Fv2%2Fmedia&parent=77984"}],"wp:term":[{"taxonomy":"category","embeddable":true,"href":"http:\/\/jornalrol.com.br\/index.php?rest_route=%2Fwp%2Fv2%2Fcategories&post=77984"},{"taxonomy":"post_tag","embeddable":true,"href":"http:\/\/jornalrol.com.br\/index.php?rest_route=%2Fwp%2Fv2%2Ftags&post=77984"}],"curies":[{"name":"wp","href":"https:\/\/api.w.org\/{rel}","templated":true}]}}