{"id":77994,"date":"2026-01-23T10:35:24","date_gmt":"2026-01-23T13:35:24","guid":{"rendered":"https:\/\/jornalrol.com.br\/?p=77994"},"modified":"2026-01-23T10:35:38","modified_gmt":"2026-01-23T13:35:38","slug":"um-liame-entre-taxi-driver-e-o-homem-do-subsolo-de-dostoievski","status":"publish","type":"post","link":"http:\/\/jornalrol.com.br\/?p=77994","title":{"rendered":"Um liame entre T\u00e1xi Driver e o Homem do Subsolo, de Dostoi\u00e9vski"},"content":{"rendered":"<div class=\"pdfprnt-buttons pdfprnt-buttons-post pdfprnt-top-right\"><a href=\"http:\/\/jornalrol.com.br\/index.php?rest_route=%2Fwp%2Fv2%2Fposts%2F77994&print=pdf\" class=\"pdfprnt-button pdfprnt-button-pdf\" target=\"_blank\" ><\/a><a href=\"http:\/\/jornalrol.com.br\/index.php?rest_route=%2Fwp%2Fv2%2Fposts%2F77994&print=print\" class=\"pdfprnt-button pdfprnt-button-print\" target=\"_blank\" ><img decoding=\"async\" src=\"https:\/\/jornalrol.com.br\/wp-content\/plugins\/pdf-print\/images\/print.png\" alt=\"image_print\" title=\"Conte\u00fado de impress\u00e3o\" \/><\/a><\/div>\n<h2 class=\"wp-block-heading has-text-align-center\">CINEMA EM TELA<br><br>Marcus Hemerly<br><br> &#8216;Um liame entre T\u00e1xi Driver e o Homem do Subsolo, de Dostoi\u00e9vski&#8217;<br><br><\/h2>\n\n\n<div class=\"wp-block-image\">\n<figure class=\"aligncenter size-full is-resized\"><img loading=\"lazy\" decoding=\"async\" width=\"800\" height=\"600\" data-attachment-id=\"77995\" data-permalink=\"http:\/\/jornalrol.com.br\/?attachment_id=77995\" data-orig-file=\"http:\/\/jornalrol.com.br\/wp-content\/uploads\/2026\/01\/Jornal-cultural-o-rol.jpg\" data-orig-size=\"800,600\" data-comments-opened=\"1\" data-image-meta=\"{&quot;aperture&quot;:&quot;0&quot;,&quot;credit&quot;:&quot;&quot;,&quot;camera&quot;:&quot;&quot;,&quot;caption&quot;:&quot;&quot;,&quot;created_timestamp&quot;:&quot;0&quot;,&quot;copyright&quot;:&quot;&quot;,&quot;focal_length&quot;:&quot;0&quot;,&quot;iso&quot;:&quot;0&quot;,&quot;shutter_speed&quot;:&quot;0&quot;,&quot;title&quot;:&quot;&quot;,&quot;orientation&quot;:&quot;1&quot;}\" data-image-title=\"Jornal cultural o rol\" data-image-description=\"\" data-image-caption=\"\" data-large-file=\"http:\/\/jornalrol.com.br\/wp-content\/uploads\/2026\/01\/Jornal-cultural-o-rol.jpg\" src=\"https:\/\/jornalrol.com.br\/wp-content\/uploads\/2026\/01\/Jornal-cultural-o-rol.jpg\" alt=\"Card da coluna Cinema em Tela - Um liame entre T\u00e1xi Driver e o Homem do Subsolo, de Dostoi\u00e9vbski\" class=\"wp-image-77995\" style=\"aspect-ratio:1.333393829401089;width:588px;height:auto\" srcset=\"http:\/\/jornalrol.com.br\/wp-content\/uploads\/2026\/01\/Jornal-cultural-o-rol.jpg 800w, http:\/\/jornalrol.com.br\/wp-content\/uploads\/2026\/01\/Jornal-cultural-o-rol-768x576.jpg 768w\" sizes=\"auto, (max-width: 800px) 100vw, 800px\" \/><figcaption class=\"wp-element-caption\"><em>Card da coluna Cinema em Tela &#8211; Um liame entre T\u00e1xi Driver e o Homem do Subsolo, de Dostoi\u00e9vbski<\/em><\/figcaption><\/figure>\n<\/div>\n\n\n<p class=\"has-drop-cap\">O personagem de Robert De Niro em&nbsp;<em>Taxi Driver<\/em>&nbsp;(1976), o atordoado Travis Bickle, em seu estilo de narrativa&nbsp;<em>voice-over<\/em>, gravita como um aut\u00f4mato, e, ao mesmo tempo, completamente integrado \u2014 em seu desintegrar \u2014 em rela\u00e7\u00e3o \u00e0 metr\u00f3pole. Enquanto verte suas concep\u00e7\u00f5es \u2014 at\u00e9 mesmo poder-se-ia dizer, del\u00edrios \u2014 acerca de sociedade, valores morais, ainda que distorcidos, sua fun\u00e7\u00e3o no mundo a partir do plano utilitarista, o motorista tra\u00e7a um ide\u00e1rio sobre si e quanto ao mundo. Inquieta\u00e7\u00f5es catalisadas e concomitantemente dilu\u00eddas entre os pr\u00e9dios da cidade, que figura como personagem de igual modo vivaz em sua in\u00e9rcia. Imperioso tra\u00e7ar um paralelo com a novela <em>Mem\u00f3rias do Subsolo<\/em>, de Fi\u00f3dor Dostoi\u00e9vski (1821-1881), na qual seu protagonista inominado, no introito da obra \u2013 o Subsolo \u2013 assim como Travis dirigindo seu t\u00e1xi em meio a seus rompantes filos\u00f3ficos not\u00edvagos, tece uma s\u00e9rie de teses cr\u00edticas acerca do conceito de constru\u00e7\u00e3o social, do elemento humano e de seu papel nas organiza\u00e7\u00f5es humanas. Um qu\u00ea de reflex\u00e3o sociol\u00f3gica, moral ou imoral, e de igual sorte existencial, \u00e9 notado no discurso do Homem do Subsolo, como se convencionou cham\u00e1-lo.&nbsp;<\/p>\n\n\n\n<p>Nessa primeira parte do livro, de forma similar \u00e0s cenas iniciais do filme, o personagem se apresenta, seja a partir de suas vis\u00f5es sobre a coletividade e sua decad\u00eancia moral, seja a partir de sua atua\u00e7\u00e3o como elemento daquela sociedade. O Homem do Subsolo, de&nbsp;<em>Mem\u00f3rias <\/em>(1864), e Travis Bickle, de&nbsp;<em>Taxi Driver<\/em>&nbsp;(1976), dirigido pelo cineasta Martin Scorsese, compartilham um vi\u00e9s existencial marcado pela hiperconsci\u00eancia, realismo cru sobre a decad\u00eancia humana e cr\u00edtica feroz \u00e0 sociedade, culminando em insurg\u00eancia social e conflito interno autodestrutivo. De forma relevada, a s\u00e1tira ir\u00f4nica \u00e9 moldada de forma sofisticada dentro de uma roupagem filos\u00f3fica d\u00edspar dos demais romances do Russo, a t\u00edtulo de exemplo, citamos o forte Gente Pobre que assente a caracter\u00edstica realista.<\/p>\n\n\n\n<p>No segundo plano da trama, intitulado \u201cA prop\u00f3sito da neve molhada\u201d, o personagem interage com outros elementos do enredo, quase pondo em pr\u00e1tica suas teses, em uma autoan\u00e1lise distorcida que, ao final, se revela cat\u00e1rtica. H\u00e1 um imbricamento entre o &#8220;eu&#8221; e o &#8220;outro&#8221;, o sujeito e sua subjetividade, como um indiv\u00edduo composto de valores e a\u00e7\u00f5es que, n\u00e3o raro, se contradizem. A evolu\u00e7\u00e3o do ex-funcion\u00e1rio p\u00fablico, rob\u00f3tico e frustrado \u2013 imposs\u00edvel n\u00e3o lembrar do escritur\u00e1rio Bartleby, de Herman Melville \u2013 que amargurado, traduz o rebelde com causa, entoando \u201co homem, as vezes, ama terrivelmente o sofrimento, ama-o at\u00e9 a paix\u00e3o, isto \u00e9 um fato\u201d.<\/p>\n\n\n\n<p>Na pel\u00edcula, acompanhamos o deambular do personagem de De Niro pelo submundo nova-iorquino. Entre prostitutas, cafet\u00f5es, cinemas pornogr\u00e1ficos, caf\u00e9s 24 horas e traficantes de armas, levando todo tipo de passageiro em meio ao tr\u00e2nsito sempre ca\u00f3tico, tal como sua mente em perene ebuli\u00e7\u00e3o. Em sua vis\u00e3o enevoada da realidade, ele idealiza, ainda que sem qualquer substrato f\u00e1tico, a pureza retratada na prostituta Iris, interpretada por Jodie Foster em um de seus primeiros pap\u00e9is no cinema, e se v\u00ea como um baluarte heroico que ir\u00e1 salv\u00e1-la de sua ag\u00f4nica realidade. Divaga\u00e7\u00f5es \u2014 (falsas?) percep\u00e7\u00f5es de seus derredores, nuances equivocadas entre significado e significante \u2014 fazem com que o personagem justifique a si pr\u00f3prio o frenesi violento que encerr\u00e1 o iminente embate com os vil\u00f5es, t\u00e3o reais quanto imagin\u00e1rios. Enquanto evolui sua persona rumo ao plano concebido como uma liberta\u00e7\u00e3o de seu cotidiano, Travis tenta um romance frustrado com a personagem de Cybill Shepherd, que trabalha como volunt\u00e1ria na campanha de um candidato \u00e0s prim\u00e1rias presidenciais, Charles Palantine. Inicialmente, louvado pelo taxista solit\u00e1rio, mas que, ap\u00f3s o rompimento de quaisquer chances com a mo\u00e7a \u2014 de igual modo idealizada \u2014, transfigura suas frustra\u00e7\u00f5es na figura do candidato, transformando-o em seu n\u00eamesis n\u00e3o correspondido, por assim dizer. J\u00e1 foi dito que a celebrada obra de Martin Scorsese, escrita pelo brilhante Paul Schrader em um roteiro ent\u00e3o quase autobiogr\u00e1fico, narra o pr\u00f3prio enlouquecimento de um indiv\u00edduo. Mas que tipo de enlouquecimento?<\/p>\n\n\n\n<p>Em meio \u00e0 insanidade, muitas vezes encontra-se a lucidez. Nessa linha de ideia, a personagem central \u2014 que podemos at\u00e9 chamar de anti-her\u00f3i \u2014, tratada em&nbsp;<em>Mem\u00f3rias do Subsolo<\/em>, sempre anseia por sua inser\u00e7\u00e3o social bem-sucedida, em meio ao pr\u00f3prio n\u00facleo de pares a respeito dos quais lan\u00e7a cr\u00edticas. Gravita aos extremos da mal contida subservi\u00eancia instintiva, ao mesmo tempo em que nada em sua pr\u00f3pria torrente de insurg\u00eancia, distribuindo agress\u00f5es, ironias e ataques verborr\u00e1gicos \u00e0queles cuja companhia e igualdade s\u00e3o ideadas\/cobi\u00e7adas.&nbsp;<\/p>\n\n\n\n<p>E, ao fim da novela, o elemento do subsolo, o desajustado \u2014 remetendo ao pr\u00f3prio Travis \u2014, apaixona-se ou se autossugestiona uma atra\u00e7\u00e3o sentimental em rela\u00e7\u00e3o \u00e0 prostituta Liza, uma esp\u00e9cie de S\u00f4nia de Crime e Castigo, talvez nela vendo o reflexo de si pr\u00f3prio, como um elemento d\u00edspar entre o rebanho. Ainda que repudie veementemente aquela pecha. Se as conturba\u00e7\u00f5es interiores servem de mat\u00e9ria-prima \u00e0 arte em todas as suas deriva\u00e7\u00f5es, no contexto das duas obras citadas, filme e livro, \u00e9 percept\u00edvel que tal vetor ganha mais robustez quando paralelizado ao senso de n\u00e3o pertencimento. Travis em sua narrativa sobreposta, descreve-se \u201ca solid\u00e3o me acompanha por toda a vida, em todos os lugares. Em bares, em carros, cal\u00e7adas, lojas, em todo lugar. N\u00e3o h\u00e1 escapat\u00f3ria. Sou o homem solit\u00e1rio de Deus\u201d.<\/p>\n\n\n\n<p>Sua insatisfa\u00e7\u00e3o n\u00e3o diagnosticada deflagra uma odisseia investigativa de aprova\u00e7\u00e3o e desaprova\u00e7\u00e3o quando dirigidas as dem\u00e3os seres, em forma de espelhamento, ainda que a explica\u00e7\u00e3o resida apenas em seu subconsciente. Ambos os personagens habitam um &#8220;subsolo&#8221; psicol\u00f3gico de isolamento existencial, onde a consci\u00eancia, ou sua distor\u00e7\u00e3o hiperb\u00f3lica paralisa a a\u00e7\u00e3o e gera prazer na pr\u00f3pria ru\u00edna. O narrador de Dostoi\u00e9vski reflete sobre o absurdo da exist\u00eancia, rejeitando racionalismos utilitaristas em favor de uma liberdade irracional e autodestrutiva, enquanto Travis vaga pelas ruas de Nova York em uma &#8220;c\u00e1psula existencial&#8221; de t\u00e1xi, acumulando desgosto em di\u00e1rios obsessivos. Essa solid\u00e3o n\u00e3o \u00e9 passiva, mas corrosiva, transformando o mundo em espelho de suas falhas internas.&nbsp;<\/p>\n\n\n\n<p>Os dois tra\u00e7am um retrato realista e impiedoso da degrada\u00e7\u00e3o social, e como tal modus vivendi emoldura e condiciona seu pensar e existir. S\u00e3o Petersburgo \u00famida e sufocada para o Homem do Subsolo, e Nova York decadente, suja e imoral para Travis. Eles criticam a vulgaridade alheia com superioridade ressentida, vendo a sociedade como podre e indigna, mas projetam nela suas pr\u00f3prias ambiguidades recalcadas. Essa vis\u00e3o extremista de julgamentos morais solit\u00e1rios, lastreia a insurg\u00eancia como explos\u00e3o de uma tens\u00e3o interna irresol\u00favel. O Eros, ou seja, o que falta, \u00e9 o desejo de reconhecimento indo de encontro ao \u00f3dio \u00e0 vulnerabilidade, levando a atos violentos ou humilhantes.<\/p>\n\n\n\n<p>Trata-se em verdade, da eterna m\u00e1goa interna que se exterioriza ontra todos, flertando com a vis\u00e3o neur\u00f3tico das cercanias sociais. Travis age como justiceiro autoproclamado, &#8220;purificando&#8221; a cidade, enquanto o narrador falha em conex\u00f5es como com Liza, sabotando-as por crueldade; novamente direcionadas a si a a outrem. Ironicamente, ambos ganham &#8220;recompensa&#8221; ilus\u00f3ria \u2014 o narrador persiste na confiss\u00e3o, Travis \u00e9 her\u00f3iizado \u2014, revelando o ciclo vicioso de ilus\u00e3o como forma, reitere-se, de autoengano e mecanismo de defesa ps\u00edquica. Enquanto que ao \u201csalvar\u201d a jovem Iris, Travis vira o her\u00f3i que pretendia ser, mesmo que de outra forma, o Homem dos rec\u00f4nditos ratifica o que \u00e9 sem querer ser, o anti-her\u00f3i amargurado, sem a catarse que aguardava como se fosse seu direito.<\/p>\n\n\n\n<p>Decerto, os Travis e o Homem Subterr\u00e2neo, igualmente fascinantes, tamb\u00e9m partilham outro ponto comum, a verve turbulenta da irresigna\u00e7\u00e3o e o b\u00e1lsamo ilus\u00f3rio que repousa na fantasia. Percebemos que ambos os homens pertencem de forma indissoci\u00e1vel ao &#8220;subsolo&#8221;, ainda que iluminados pela luz do dia ou da noite; nas estrelas que atravessam a bruma russa ou no retrovisor de um taxi. O que muda \u00e9 o contexto de sua busca, contudo, sem ponto de chegada.<\/p>\n\n\n\n<h3 class=\"wp-block-heading has-text-align-center\"><br>Marcus Hemerly<\/h3>\n\n\n\n<div class=\"wp-block-columns is-layout-flex wp-container-core-columns-is-layout-9d6595d7 wp-block-columns-is-layout-flex\">\n<div class=\"wp-block-column is-layout-flow wp-block-column-is-layout-flow\">\n<h3 class=\"wp-block-heading has-text-align-center has-electric-grass-gradient-background has-background\"><a href=\"https:\/\/www.instagram.com\/marcus_hemerly\/\" title=\"Instagram\">Instagram<\/a><\/h3>\n<\/div>\n\n\n\n<div class=\"wp-block-column is-layout-flow wp-block-column-is-layout-flow\">\n<h3 class=\"wp-block-heading has-text-align-center has-electric-grass-gradient-background has-background\"><a href=\"https:\/\/www.facebook.com\/marcus.hemerly\" title=\"Facebook\">Facebook<\/a><\/h3>\n<\/div>\n<\/div>\n\n\n\n<p><a href=\"http:\/\/www.jornalrol.com.br\/\" title=\"Voltar\">Voltar<\/a><\/p>\n\n\n\n<p><a href=\"https:\/\/www.facebook.com\/JCulturalrol\/\" title=\"Facebook\">Facebook<\/a><\/p>\n","protected":false},"excerpt":{"rendered":"<p>O personagem de Robert De Niro em Taxi Driver (1976), o atordoado Travis Bickle, em seu estilo de narrativa voice-over, gravita como um aut\u00f4mato, e, ao&#8230;<\/p>\n","protected":false},"author":22,"featured_media":77995,"comment_status":"open","ping_status":"closed","sticky":false,"template":"","format":"standard","meta":{"_jetpack_newsletter_access":"","_jetpack_dont_email_post_to_subs":false,"_jetpack_newsletter_tier_id":0,"_jetpack_memberships_contains_paywalled_content":false,"_jetpack_memberships_contains_paid_content":false,"footnotes":""},"categories":[9398,9285],"tags":[1983,2990,4589,15953,15951],"class_list":["post-77994","post","type-post","status-publish","format-standard","has-post-thumbnail","hentry","category-artigos","category-literatura","tag-cinema-em-tela","tag-dostoievski","tag-inquietude","tag-robert-de-niro","tag-taxi-driver"],"aioseo_notices":[],"views":291,"jetpack_featured_media_url":"http:\/\/jornalrol.com.br\/wp-content\/uploads\/2026\/01\/Jornal-cultural-o-rol.jpg","jetpack_sharing_enabled":true,"jetpack_likes_enabled":true,"jetpack-related-posts":[{"id":46628,"url":"http:\/\/jornalrol.com.br\/?p=46628","url_meta":{"origin":77994,"position":0},"title":"Marcus Hemerly: &#039;Martin Scorsese: uma c\u00e2mera, um olhar&#039;","author":"Marcus Hemerly","date":"20 de novembro de 2021","format":false,"excerpt":"Martin Scorsese: uma c\u00e2mera, um olhar No dia 17 de novembro, aniversariou uma ilustre lenda viva do cinema, o diretor nova-iorquino Martin Scorsese, que revolucionou a s\u00e9tima arte, estimulando e inspirando in\u00fameros diretores desde os anos 70. Injustamente, Scorsese foi por muito tempo rotulado como especialista em fazer filmes sobre\u2026","rel":"","context":"Em &quot;Comunica\u00e7\u00e3o&quot;","block_context":{"text":"Comunica\u00e7\u00e3o","link":"http:\/\/jornalrol.com.br\/?cat=7"},"img":{"alt_text":"","src":"https:\/\/i0.wp.com\/www.jornalrol.com.br\/wp-content\/uploads\/2020\/12\/FOTO.-MARCUS-HEMERLY-150x150.jpg?resize=350%2C200","width":350,"height":200},"classes":[]},{"id":39879,"url":"http:\/\/jornalrol.com.br\/?p=39879","url_meta":{"origin":77994,"position":1},"title":"ABISMOS DE DOSTOI\u00c9VSKI &#8211; ciclo de encontros de 21 a 26 de abril no youtube do Centro Cultural S\u00e3o Paulo","author":"Sergio Diniz da Costa","date":"18 de abril de 2021","format":false,"excerpt":"link para download de fotos Atores dirigidos por\u00a0 diferentes diretores e equipes\u00a0criam\u00a0 6 experi\u00eancias audiovisuais inspiradas em 6 diferentes obras do escritor russo \"Pairando sobre o abismo\u201d e mergulhando nos \u201cabismos de Dostoi\u00e9vski\u201d, atores dirigidos por\u00a0 diferentes diretores e equipes \u2013 que de alguma forma j\u00e1 vivenciaram a obra de\u2026","rel":"","context":"Em &quot;Comunica\u00e7\u00e3o&quot;","block_context":{"text":"Comunica\u00e7\u00e3o","link":"http:\/\/jornalrol.com.br\/?cat=7"},"img":{"alt_text":"","src":"https:\/\/i0.wp.com\/jornalrol.com.br\/wp-content\/uploads\/2021\/04\/image1-4.jpg?resize=350%2C200","width":350,"height":200,"srcset":"https:\/\/i0.wp.com\/jornalrol.com.br\/wp-content\/uploads\/2021\/04\/image1-4.jpg?resize=350%2C200 1x, https:\/\/i0.wp.com\/jornalrol.com.br\/wp-content\/uploads\/2021\/04\/image1-4.jpg?resize=525%2C300 1.5x, https:\/\/i0.wp.com\/jornalrol.com.br\/wp-content\/uploads\/2021\/04\/image1-4.jpg?resize=700%2C400 2x, https:\/\/i0.wp.com\/jornalrol.com.br\/wp-content\/uploads\/2021\/04\/image1-4.jpg?resize=1050%2C600 3x"},"classes":[]},{"id":67014,"url":"http:\/\/jornalrol.com.br\/?p=67014","url_meta":{"origin":77994,"position":2},"title":"Jardim dos Desejos","author":"Sergio Diniz da Costa","date":"29 de maio de 2024","format":false,"excerpt":"Em fase revigorada em sua carreira, Schrader ter\u00e1 o seu primeiro filme desde \u201cC\u00e3es Selvagens\u201d a receber passagem comercial pelos cinemas brasileiros.","rel":"","context":"Em &quot;Arte&quot;","block_context":{"text":"Arte","link":"http:\/\/jornalrol.com.br\/?cat=9286"},"img":{"alt_text":"Cena do filme 'Jardim dos Desejos'","src":"https:\/\/i0.wp.com\/jornalrol.com.br\/wp-content\/uploads\/2024\/05\/unnamed-18.jpg?resize=350%2C200","width":350,"height":200,"srcset":"https:\/\/i0.wp.com\/jornalrol.com.br\/wp-content\/uploads\/2024\/05\/unnamed-18.jpg?resize=350%2C200 1x, https:\/\/i0.wp.com\/jornalrol.com.br\/wp-content\/uploads\/2024\/05\/unnamed-18.jpg?resize=525%2C300 1.5x, https:\/\/i0.wp.com\/jornalrol.com.br\/wp-content\/uploads\/2024\/05\/unnamed-18.jpg?resize=700%2C400 2x"},"classes":[]},{"id":49863,"url":"http:\/\/jornalrol.com.br\/?p=49863","url_meta":{"origin":77994,"position":3},"title":"Rafael Mendes: &#039;Antologia ao Bicenten\u00e1rio de Fi\u00f3dor Dostoi\u00e9vsky&#039;","author":"Claudia Lundgren","date":"27 de abril de 2022","format":false,"excerpt":"Antologia Ao Bicenten\u00e1rio de Fi\u00f3dor Dostoi\u00e9vsky Era 2021. Est\u00e1vamos no ano em que se comemorava o bicenten\u00e1rio do nascimento do grande escritor e pensador russo Fi\u00f3dor Dostoi\u00e9vski. Tal circunst\u00e2ncia nos motivou sobremaneira a registrar, por meio de uma obra marcante e original \u2013 como s\u00f3 ser uma Antologia \u2013 t\u00e3o\u2026","rel":"","context":"Em &quot;Comunica\u00e7\u00e3o&quot;","block_context":{"text":"Comunica\u00e7\u00e3o","link":"http:\/\/jornalrol.com.br\/?cat=7"},"img":{"alt_text":"","src":"https:\/\/i0.wp.com\/www.jornalrol.com.br\/wp-content\/uploads\/2021\/07\/pp-150x150.jpg?resize=350%2C200","width":350,"height":200},"classes":[]},{"id":34530,"url":"http:\/\/jornalrol.com.br\/?p=34530","url_meta":{"origin":77994,"position":4},"title":"Cinefest Gato Preto 2020: Festival promove cine drive-in gratuito em Lorena e Guaratinguet\u00e1 nesta semana","author":"Sergio Diniz da Costa","date":"19 de outubro de 2020","format":false,"excerpt":"Em busca de uma atividade segura, o maior festival de curtas-metragens do Vale do Para\u00edba exibe filmes em formato in\u00e9dito Nos pr\u00f3ximos dias 24 e 25 de outubro a organiza\u00e7\u00e3o do Cinefest Gato Preto, maior festival de curtas-metragens da regi\u00e3o, promove sess\u00f5es de cine drive-in gratuitas nas cidades de Lorena\u2026","rel":"","context":"Em &quot;Comunica\u00e7\u00e3o&quot;","block_context":{"text":"Comunica\u00e7\u00e3o","link":"http:\/\/jornalrol.com.br\/?cat=7"},"img":{"alt_text":"","src":"https:\/\/i0.wp.com\/www.jornalrol.com.br\/wp-content\/uploads\/2020\/10\/unnamed-2-300x300.jpg?resize=350%2C200","width":350,"height":200},"classes":[]},{"id":11069,"url":"http:\/\/jornalrol.com.br\/?p=11069","url_meta":{"origin":77994,"position":5},"title":"Cine Clube de Itapetininga vai apresentar dia 18 o filme &#039;Paterson&#039;, de Jim Jarmusch","author":"Helio Rubens","date":"14 de junho de 2017","format":false,"excerpt":"Cine Clube de Itapetininga\u00a0exibe gratuitamente o filme PATERSON, de Jim Jarmusch dia 18 de JUNHO de 2017, DOMINGO Na cidade de Paterson, em Nova Jersey - EUA, Paterson (Adam Driver), um pacato motorista de \u00f4nibus local, vira um personagem conhecido por se destacar em uma arte diferente da condu\u00e7\u00e3o de\u2026","rel":"","context":"Em &quot;Comunica\u00e7\u00e3o&quot;","block_context":{"text":"Comunica\u00e7\u00e3o","link":"http:\/\/jornalrol.com.br\/?cat=7"},"img":{"alt_text":"","src":"https:\/\/i0.wp.com\/www.jornalrol.com.br\/wp-content\/uploads\/2017\/06\/Paterson-300x200.jpg?resize=350%2C200","width":350,"height":200},"classes":[]}],"_links":{"self":[{"href":"http:\/\/jornalrol.com.br\/index.php?rest_route=\/wp\/v2\/posts\/77994","targetHints":{"allow":["GET"]}}],"collection":[{"href":"http:\/\/jornalrol.com.br\/index.php?rest_route=\/wp\/v2\/posts"}],"about":[{"href":"http:\/\/jornalrol.com.br\/index.php?rest_route=\/wp\/v2\/types\/post"}],"author":[{"embeddable":true,"href":"http:\/\/jornalrol.com.br\/index.php?rest_route=\/wp\/v2\/users\/22"}],"replies":[{"embeddable":true,"href":"http:\/\/jornalrol.com.br\/index.php?rest_route=%2Fwp%2Fv2%2Fcomments&post=77994"}],"version-history":[{"count":2,"href":"http:\/\/jornalrol.com.br\/index.php?rest_route=\/wp\/v2\/posts\/77994\/revisions"}],"predecessor-version":[{"id":77997,"href":"http:\/\/jornalrol.com.br\/index.php?rest_route=\/wp\/v2\/posts\/77994\/revisions\/77997"}],"wp:featuredmedia":[{"embeddable":true,"href":"http:\/\/jornalrol.com.br\/index.php?rest_route=\/wp\/v2\/media\/77995"}],"wp:attachment":[{"href":"http:\/\/jornalrol.com.br\/index.php?rest_route=%2Fwp%2Fv2%2Fmedia&parent=77994"}],"wp:term":[{"taxonomy":"category","embeddable":true,"href":"http:\/\/jornalrol.com.br\/index.php?rest_route=%2Fwp%2Fv2%2Fcategories&post=77994"},{"taxonomy":"post_tag","embeddable":true,"href":"http:\/\/jornalrol.com.br\/index.php?rest_route=%2Fwp%2Fv2%2Ftags&post=77994"}],"curies":[{"name":"wp","href":"https:\/\/api.w.org\/{rel}","templated":true}]}}