{"id":77998,"date":"2026-01-23T14:16:38","date_gmt":"2026-01-23T17:16:38","guid":{"rendered":"https:\/\/jornalrol.com.br\/?p=77998"},"modified":"2026-01-23T14:32:46","modified_gmt":"2026-01-23T17:32:46","slug":"o-preco-da-liberdade","status":"publish","type":"post","link":"http:\/\/jornalrol.com.br\/?p=77998","title":{"rendered":"O pre\u00e7o da liberdade"},"content":{"rendered":"<div class=\"pdfprnt-buttons pdfprnt-buttons-post pdfprnt-top-right\"><a href=\"http:\/\/jornalrol.com.br\/index.php?rest_route=%2Fwp%2Fv2%2Fposts%2F77998&print=pdf\" class=\"pdfprnt-button pdfprnt-button-pdf\" target=\"_blank\" ><\/a><a href=\"http:\/\/jornalrol.com.br\/index.php?rest_route=%2Fwp%2Fv2%2Fposts%2F77998&print=print\" class=\"pdfprnt-button pdfprnt-button-print\" target=\"_blank\" ><img decoding=\"async\" src=\"https:\/\/jornalrol.com.br\/wp-content\/plugins\/pdf-print\/images\/print.png\" alt=\"image_print\" title=\"Conte\u00fado de impress\u00e3o\" \/><\/a><\/div>\n<h2 class=\"wp-block-heading has-text-align-center\">Paulo Siuves: Conto &#8216;O Pre\u00e7o da Liberdade&#8217;<br><br><\/h2>\n\n\n<div class=\"wp-block-image\">\n<figure class=\"aligncenter size-full\"><img loading=\"lazy\" decoding=\"async\" width=\"120\" height=\"120\" data-attachment-id=\"55657\" data-permalink=\"http:\/\/jornalrol.com.br\/?attachment_id=55657\" data-orig-file=\"http:\/\/jornalrol.com.br\/wp-content\/uploads\/2023\/05\/Paulo-Siuves.jpg\" data-orig-size=\"120,120\" data-comments-opened=\"1\" data-image-meta=\"{&quot;aperture&quot;:&quot;0&quot;,&quot;credit&quot;:&quot;&quot;,&quot;camera&quot;:&quot;&quot;,&quot;caption&quot;:&quot;&quot;,&quot;created_timestamp&quot;:&quot;0&quot;,&quot;copyright&quot;:&quot;&quot;,&quot;focal_length&quot;:&quot;0&quot;,&quot;iso&quot;:&quot;0&quot;,&quot;shutter_speed&quot;:&quot;0&quot;,&quot;title&quot;:&quot;&quot;,&quot;orientation&quot;:&quot;0&quot;}\" data-image-title=\"Paulo-Siuves\" data-image-description=\"&lt;p&gt;Paulo Siuves&lt;\/p&gt;\n\" data-image-caption=\"&lt;p&gt;Paulo Siuves&lt;\/p&gt;\n\" data-large-file=\"http:\/\/jornalrol.com.br\/wp-content\/uploads\/2023\/05\/Paulo-Siuves.jpg\" src=\"http:\/\/jornalrol.com.br\/wp-content\/uploads\/2023\/05\/Paulo-Siuves.jpg\" alt=\"Paulo Siuves\" class=\"wp-image-55657\"\/><figcaption class=\"wp-element-caption\">Paulo Siuves<\/figcaption><\/figure>\n<\/div>\n\n\n<p><em>Nem toda hist\u00f3ria nasce de uma ideia que insiste enquanto estamos deitados, olhando o teto. Algumas chegam de fora, quase por engano, e ficam. Este conto veio assim. Eu o encontrei j\u00e1 contado, mas malcuidado, atravessado pela pressa. Havia algo ali que me incomodou \u2014 e n\u00e3o era a hist\u00f3ria, era a forma. Ent\u00e3o fiz o que pude: fiquei com o que pulsava e deixei o resto cair. N\u00e3o sei dizer se o reescrevi ou se apenas o acompanhei at\u00e9 um lugar mais silencioso. Sei apenas que, ao final, ele j\u00e1 n\u00e3o me parecia novo \u2014 parecia antigo. E talvez por isso tenha ficado. <\/em><\/p>\n\n\n\n<p><em>Vamos ao conto.<\/em><\/p>\n\n\n\n<p class=\"has-drop-cap\">Um sult\u00e3o ouviu dizer que havia, no mercado, uma escrava cujo pre\u00e7o excedia o de cem outras. Intrigado, mandou chamar o mercador respons\u00e1vel pela venda.<\/p>\n\n\n\n<p>\u2014 Por que pedes tanto por uma s\u00f3 mulher? \u2014 perguntou. \u2014 Que qualidade justificaria tal valor?<\/p>\n\n\n\n<p>O mercador respondeu com cuidado, escolhendo as palavras:<\/p>\n\n\n\n<p>\u2014 Majestade, dizem que essa mulher carrega algo raro. Pensa antes de falar e fala apenas quando \u00e9 necess\u00e1rio. H\u00e1 quem diga que, ao ouvi-la, se aprende mais do que se espera.<\/p>\n\n\n\n<p>O sult\u00e3o permaneceu em sil\u00eancio por um instante.<\/p>\n\n\n\n<p>\u2014 Traga-a \u2014 ordenou.<\/p>\n\n\n\n<p>Quando a escrava entrou no sal\u00e3o, manteve o olhar baixo apenas o suficiente para cumprir o protocolo. Parou diante dele com uma dignidade incomum \u00e0quele lugar. N\u00e3o havia pressa em seus gestos, nem temor vis\u00edvel em seu corpo.<\/p>\n\n\n\n<p>O sult\u00e3o observou-a longamente.<\/p>\n\n\n\n<p>\u2014 Dizem que h\u00e1 em ti algo que n\u00e3o se mede com moedas \u2014 disse. \u2014 Veremos.<\/p>\n\n\n\n<p>Fez ent\u00e3o a proposta:<\/p>\n\n\n\n<p>\u2014 Far-te-ei uma pergunta. Se responderes de modo que me conven\u00e7a, conceder-te-ei a liberdade. Caso contr\u00e1rio, morrer\u00e1s.<\/p>\n\n\n\n<p>Diz-me: qual \u00e9 a roupa mais bonita, o perfume mais agrad\u00e1vel, a comida mais deliciosa, a cama mais macia e o pa\u00eds mais bonito?<\/p>\n\n\n\n<p>Ela permaneceu em sil\u00eancio por um instante. N\u00e3o era hesita\u00e7\u00e3o. Era cuidado.<\/p>\n\n\n\n<p>Depois, respondeu:<\/p>\n\n\n\n<p>\u2014 A roupa mais bonita \u2014 disse \u2014 \u00e9 aquela que preserva a dignidade de quem a veste. \u00c9 como a honestidade: n\u00e3o se rasga, n\u00e3o envelhece e sempre enfeita quem se cobre com ela.<\/p>\n\n\n\n<p>Pausou. Olhou para o sult\u00e3o com firmeza e continuou:<\/p>\n\n\n\n<p>\u2014 O perfume mais agrad\u00e1vel \u00e9 o que n\u00e3o anuncia quem chega, mas permanece depois que a pessoa se vai. \u00c9 como o perd\u00e3o, que espalha suavidade at\u00e9 mesmo entre inimigos.<\/p>\n\n\n\n<p>Ela pousou a m\u00e3o sobre o est\u00f4mago, respirou fundo e prosseguiu:<\/p>\n\n\n\n<p>\u2014 A comida mais deliciosa \u00e9 a que se reparte, porque o sabor cresce quando h\u00e1 outro \u00e0 mesa. Assim \u00e9 a sabedoria: alimenta a alma e jamais se esgota.<\/p>\n\n\n\n<p>Abrandou o tom da voz.<\/p>\n\n\n\n<p>\u2014 A cama mais macia \u00e9 aquela onde se dorme com a consci\u00eancia em paz. Nela, o sono vem sem ser chamado e n\u00e3o h\u00e1 sobressaltos durante a noite.<\/p>\n\n\n\n<p>Por fim, ergueu os ombros e, com o olhar firme, concluiu:<\/p>\n\n\n\n<p>\u2014 E o pa\u00eds mais bonito \u00e9 aquele onde um ser humano n\u00e3o \u00e9 comprado nem vendido, onde ningu\u00e9m teme dizer a verdade.<\/p>\n\n\n\n<p>O sult\u00e3o n\u00e3o respondeu de imediato.<\/p>\n\n\n\n<p>\u2014 Pedi coisas que costumam ser escolhidas \u2014 disse por fim. \u2014 E tu me falaste de estados que n\u00e3o se escolhem com facilidade.<\/p>\n\n\n\n<p>Levantou-se. Caminhou pelo sal\u00e3o. As sedas acompanhavam seus passos, e os an\u00e9is pesavam nos dedos.<\/p>\n\n\n\n<p>\u2014 Tenho roupas raras.<\/p>\n\n\n\n<p>Perfumes trazidos de longe.<\/p>\n\n\n\n<p>Mesas sempre servidas.<\/p>\n\n\n\n<p>Leitos onde o corpo descansa.<\/p>\n\n\n\n<p>Parou diante dela.<\/p>\n\n\n\n<p>\u2014 Ainda assim, n\u00e3o sei onde repousa o que mais me escapa.<\/p>\n\n\n\n<p>Fez um gesto breve. Os guardas soltaram os grilh\u00f5es.<\/p>\n\n\n\n<p>\u2014 Vai.<\/p>\n\n\n\n<p>A escrava inclinou levemente a cabe\u00e7a e partiu. O sult\u00e3o permaneceu ali, cercado de ouro, sedas e poder.<\/p>\n\n\n\n<p>Tudo continuava em seu lugar. Ainda assim, sentiu que algo se deslocara \u2014 n\u00e3o nos mapas, nem nos cofres, mas em um ponto impreciso onde costumava repousar a certeza.<\/p>\n\n\n\n<h3 class=\"wp-block-heading has-text-align-center\"><br>Paulo Siuves<\/h3>\n\n\n\n<div class=\"wp-block-columns is-layout-flex wp-container-core-columns-is-layout-9d6595d7 wp-block-columns-is-layout-flex\">\n<div class=\"wp-block-column is-layout-flow wp-block-column-is-layout-flow\">\n<h4 class=\"wp-block-heading has-text-align-center has-electric-grass-gradient-background has-background\"><a href=\"https:\/\/www.facebook.com\/EscritorPauloSiuves\" target=\"_blank\" rel=\"noopener\" title=\"Facebook\">Facebook<\/a><\/h4>\n<\/div>\n\n\n\n<div class=\"wp-block-column is-layout-flow wp-block-column-is-layout-flow\">\n<h4 class=\"wp-block-heading has-text-align-center has-electric-grass-gradient-background has-background\"><a href=\"https:\/\/www.recantodasletras.com.br\/autores\/paulosiuves\" title=\"Poesias\">Poesias<\/a><\/h4>\n<\/div>\n\n\n\n<div class=\"wp-block-column is-layout-flow wp-block-column-is-layout-flow\">\n<h4 class=\"wp-block-heading has-text-align-center has-electric-grass-gradient-background has-background\"><a href=\"https:\/\/x.com\/PauloSiuves\" title=\"X\">X<\/a><\/h4>\n<\/div>\n\n\n\n<div class=\"wp-block-column is-layout-flow wp-block-column-is-layout-flow\">\n<h4 class=\"wp-block-heading has-electric-grass-gradient-background has-background\"><a href=\"https:\/\/paulosiuves.blogspot.com\/\" title=\"Blog\">Blog<\/a><\/h4>\n<\/div>\n<\/div>\n\n\n\n<p><a href=\"http:\/\/jornalrol.com.br\/\" title=\"Voltar\">Voltar<\/a><\/p>\n\n\n\n<p><a href=\"https:\/www.facebook.com\/JCulturalrol\/\" title=\"Facebook\">Facebook<\/a><\/p>\n","protected":false},"excerpt":{"rendered":"<p>Um sult\u00e3o ouviu dizer que havia, no mercado, uma escrava cujo pre\u00e7o excedia o de cem outras. Intrigado, mandou chamar o mercador respons\u00e1vel pela venda.<\/p>\n","protected":false},"author":38,"featured_media":55657,"comment_status":"open","ping_status":"closed","sticky":false,"template":"","format":"standard","meta":{"_jetpack_newsletter_access":"","_jetpack_dont_email_post_to_subs":false,"_jetpack_newsletter_tier_id":0,"_jetpack_memberships_contains_paywalled_content":false,"_jetpack_memberships_contains_paid_content":false,"footnotes":""},"categories":[9607,9285],"tags":[15955,7660,15954],"class_list":["post-77998","post","type-post","status-publish","format-standard","has-post-thumbnail","hentry","category-contos","category-literatura","tag-escrava","tag-sabedoria","tag-sultao"],"aioseo_notices":[],"views":506,"jetpack_featured_media_url":"http:\/\/jornalrol.com.br\/wp-content\/uploads\/2023\/05\/Paulo-Siuves.jpg","jetpack_sharing_enabled":true,"jetpack_likes_enabled":true,"jetpack-related-posts":[{"id":76729,"url":"http:\/\/jornalrol.com.br\/?p=76729","url_meta":{"origin":77998,"position":0},"title":"O charme da ignor\u00e2ncia volunt\u00e1ria","author":"Paulo Siuves","date":"20 de novembro de 2025","format":false,"excerpt":"Os personagens desta cr\u00f4nica \u2014 o Senhor Dupont e a Senhora Lambert \u2014 s\u00e3o fict\u00edcios. Qualquer semelhan\u00e7a com pessoas reais \u00e9, como se diz, mero sintoma do tempo.","rel":"","context":"Em &quot;Cr\u00f4nicas&quot;","block_context":{"text":"Cr\u00f4nicas","link":"http:\/\/jornalrol.com.br\/?cat=9392"},"img":{"alt_text":"magem criada por IA do Grok","src":"https:\/\/i0.wp.com\/jornalrol.com.br\/wp-content\/uploads\/2025\/11\/download-3.jpg?resize=350%2C200","width":350,"height":200,"srcset":"https:\/\/i0.wp.com\/jornalrol.com.br\/wp-content\/uploads\/2025\/11\/download-3.jpg?resize=350%2C200 1x, https:\/\/i0.wp.com\/jornalrol.com.br\/wp-content\/uploads\/2025\/11\/download-3.jpg?resize=525%2C300 1.5x, https:\/\/i0.wp.com\/jornalrol.com.br\/wp-content\/uploads\/2025\/11\/download-3.jpg?resize=700%2C400 2x"},"classes":[]},{"id":53603,"url":"http:\/\/jornalrol.com.br\/?p=53603","url_meta":{"origin":77998,"position":1},"title":"Paulo Siuves: &#039;Pura poesia&#039;","author":"Paulo Siuves","date":"3 de fevereiro de 2023","format":false,"excerpt":"Pura poesia Os ferom\u00f4nios Jamais deveriam ser poesia, Fazer parte de alguma rima A qu\u00edmica ou a alquimia Os corpos que os conduzem \u00c9 a nudez, algo que reluz, N\u00e3o h\u00e1 explica\u00e7\u00e3o, Apenas nos conduz Quando, no quarto escuro, Envolvidos pela pouca luz O arrepio frio impuro, \u00c9 o que\u2026","rel":"","context":"Em &quot;Comunica\u00e7\u00e3o&quot;","block_context":{"text":"Comunica\u00e7\u00e3o","link":"http:\/\/jornalrol.com.br\/?cat=7"},"img":{"alt_text":"","src":"https:\/\/i0.wp.com\/www.jornalrol.com.br\/wp-content\/uploads\/2021\/05\/IMG-20201015-WA00891-150x150.jpg?resize=350%2C200","width":350,"height":200},"classes":[]},{"id":49390,"url":"http:\/\/jornalrol.com.br\/?p=49390","url_meta":{"origin":77998,"position":2},"title":"Paulo Siuves: &#039;Ordem dos Segregados de Matanc\u00e3&#039;","author":"Paulo Siuves","date":"28 de mar\u00e7o de 2022","format":false,"excerpt":"Ordem dos Segregados de Matanc\u00e3 Na minha desordem mando eu! No meu para\u00edso contenho o meu inferno; Na minha verdade recolho a minha vida; Insignific\u00e2ncia \u00e9 o melhor de mim. N\u00e3o espere a conta chegar, use o check out. Viver sem ter que fazer nada n\u00e3o \u00e9 op\u00e7\u00e3o. Na minha\u2026","rel":"","context":"Em &quot;Comunica\u00e7\u00e3o&quot;","block_context":{"text":"Comunica\u00e7\u00e3o","link":"http:\/\/jornalrol.com.br\/?cat=7"},"img":{"alt_text":"","src":"https:\/\/i0.wp.com\/www.jornalrol.com.br\/wp-content\/uploads\/2021\/05\/IMG-20201015-WA00891-150x150.jpg?resize=350%2C200","width":350,"height":200},"classes":[]},{"id":43716,"url":"http:\/\/jornalrol.com.br\/?p=43716","url_meta":{"origin":77998,"position":3},"title":"Paulo Siuves: &#039;A m\u00fasica&#039;","author":"Paulo Siuves","date":"9 de agosto de 2021","format":false,"excerpt":"A m\u00fasica A m\u00fasica tem um momento m\u00e1gico, n\u00e3o sei se \u00e9 quando eu quase choro, se \u00e9 quando come\u00e7o a dan\u00e7ar sem sentir, basta ouvir. E n\u00e3o tem lugar certo, \u00e0s vezes ela te leva a conhecer o fant\u00e1stico mundo das suas pr\u00f3prias ilus\u00f5es, ilus\u00f5es estas que nem mesmo\u2026","rel":"","context":"Em &quot;Comunica\u00e7\u00e3o&quot;","block_context":{"text":"Comunica\u00e7\u00e3o","link":"http:\/\/jornalrol.com.br\/?cat=7"},"img":{"alt_text":"","src":"https:\/\/i0.wp.com\/www.jornalrol.com.br\/wp-content\/uploads\/2021\/05\/IMG-20201015-WA00891-150x150.jpg?resize=350%2C200","width":350,"height":200},"classes":[]},{"id":44892,"url":"http:\/\/jornalrol.com.br\/?p=44892","url_meta":{"origin":77998,"position":4},"title":"Paulo Siuves: &#039;Uma can\u00e7\u00e3o para voc\u00ea&#039;","author":"Paulo Siuves","date":"18 de setembro de 2021","format":false,"excerpt":"Uma can\u00e7\u00e3o para voc\u00ea Ah! Se eu pudesse dizer Tudo o que penso, Tudo que sinto , Tudo que anseio Em um longo texto, Mas, n\u00e3o posso; Seria um exagero\u2026 \u00a0 E se esse texto fosse uma m\u00fasica? Minha can\u00e7\u00e3o favorita\u2026 Pois, ela tem o poder de inspirar, Enternecer, Emocionar,\u2026","rel":"","context":"Em &quot;Comunica\u00e7\u00e3o&quot;","block_context":{"text":"Comunica\u00e7\u00e3o","link":"http:\/\/jornalrol.com.br\/?cat=7"},"img":{"alt_text":"","src":"https:\/\/i0.wp.com\/www.jornalrol.com.br\/wp-content\/uploads\/2021\/05\/IMG-20201015-WA00891-150x150.jpg?resize=350%2C200","width":350,"height":200},"classes":[]},{"id":76639,"url":"http:\/\/jornalrol.com.br\/?p=76639","url_meta":{"origin":77998,"position":5},"title":"Mais uma can\u00e7\u00e3o para voc\u00ea","author":"Paulo Siuves","date":"10 de novembro de 2025","format":false,"excerpt":"H\u00e1 dias em que acordo com seus passos. Como se o ch\u00e3o, ainda frio, lembrasse o contorno dos seus p\u00e9s. H\u00e1 sempre um acorde ressoando em mim, como um coral...","rel":"","context":"Em &quot;Literatura&quot;","block_context":{"text":"Literatura","link":"http:\/\/jornalrol.com.br\/?cat=9285"},"img":{"alt_text":"Imagem criada por IA do Grok","src":"https:\/\/i0.wp.com\/jornalrol.com.br\/wp-content\/uploads\/2025\/11\/download-4.jpeg?resize=350%2C200","width":350,"height":200,"srcset":"https:\/\/i0.wp.com\/jornalrol.com.br\/wp-content\/uploads\/2025\/11\/download-4.jpeg?resize=350%2C200 1x, https:\/\/i0.wp.com\/jornalrol.com.br\/wp-content\/uploads\/2025\/11\/download-4.jpeg?resize=525%2C300 1.5x, https:\/\/i0.wp.com\/jornalrol.com.br\/wp-content\/uploads\/2025\/11\/download-4.jpeg?resize=700%2C400 2x"},"classes":[]}],"_links":{"self":[{"href":"http:\/\/jornalrol.com.br\/index.php?rest_route=\/wp\/v2\/posts\/77998","targetHints":{"allow":["GET"]}}],"collection":[{"href":"http:\/\/jornalrol.com.br\/index.php?rest_route=\/wp\/v2\/posts"}],"about":[{"href":"http:\/\/jornalrol.com.br\/index.php?rest_route=\/wp\/v2\/types\/post"}],"author":[{"embeddable":true,"href":"http:\/\/jornalrol.com.br\/index.php?rest_route=\/wp\/v2\/users\/38"}],"replies":[{"embeddable":true,"href":"http:\/\/jornalrol.com.br\/index.php?rest_route=%2Fwp%2Fv2%2Fcomments&post=77998"}],"version-history":[{"count":1,"href":"http:\/\/jornalrol.com.br\/index.php?rest_route=\/wp\/v2\/posts\/77998\/revisions"}],"predecessor-version":[{"id":77999,"href":"http:\/\/jornalrol.com.br\/index.php?rest_route=\/wp\/v2\/posts\/77998\/revisions\/77999"}],"wp:featuredmedia":[{"embeddable":true,"href":"http:\/\/jornalrol.com.br\/index.php?rest_route=\/wp\/v2\/media\/55657"}],"wp:attachment":[{"href":"http:\/\/jornalrol.com.br\/index.php?rest_route=%2Fwp%2Fv2%2Fmedia&parent=77998"}],"wp:term":[{"taxonomy":"category","embeddable":true,"href":"http:\/\/jornalrol.com.br\/index.php?rest_route=%2Fwp%2Fv2%2Fcategories&post=77998"},{"taxonomy":"post_tag","embeddable":true,"href":"http:\/\/jornalrol.com.br\/index.php?rest_route=%2Fwp%2Fv2%2Ftags&post=77998"}],"curies":[{"name":"wp","href":"https:\/\/api.w.org\/{rel}","templated":true}]}}