{"id":78001,"date":"2026-01-23T15:33:11","date_gmt":"2026-01-23T18:33:11","guid":{"rendered":"https:\/\/jornalrol.com.br\/?p=78001"},"modified":"2026-01-23T15:41:45","modified_gmt":"2026-01-23T18:41:45","slug":"a-batalha","status":"publish","type":"post","link":"http:\/\/jornalrol.com.br\/?p=78001","title":{"rendered":"A batalha"},"content":{"rendered":"<div class=\"pdfprnt-buttons pdfprnt-buttons-post pdfprnt-top-right\"><a href=\"http:\/\/jornalrol.com.br\/index.php?rest_route=%2Fwp%2Fv2%2Fposts%2F78001&print=pdf\" class=\"pdfprnt-button pdfprnt-button-pdf\" target=\"_blank\" ><\/a><a href=\"http:\/\/jornalrol.com.br\/index.php?rest_route=%2Fwp%2Fv2%2Fposts%2F78001&print=print\" class=\"pdfprnt-button pdfprnt-button-print\" target=\"_blank\" ><img decoding=\"async\" src=\"https:\/\/jornalrol.com.br\/wp-content\/plugins\/pdf-print\/images\/print.png\" alt=\"image_print\" title=\"Conte\u00fado de impress\u00e3o\" \/><\/a><\/div>\n<h2 class=\"wp-block-heading has-text-align-center\">Bruno Marqu\u00eas Areno: Conto &#8216;A batalha&#8217;<br><br><\/h2>\n\n\n<div class=\"wp-block-image\">\n<figure class=\"aligncenter size-full is-resized\"><img loading=\"lazy\" decoding=\"async\" width=\"1995\" height=\"2560\" data-attachment-id=\"77744\" data-permalink=\"http:\/\/jornalrol.com.br\/?attachment_id=77744\" data-orig-file=\"http:\/\/jornalrol.com.br\/wp-content\/uploads\/2026\/01\/IMG_9654-1-scaled.jpg\" data-orig-size=\"1995,2560\" data-comments-opened=\"1\" data-image-meta=\"{&quot;aperture&quot;:&quot;0&quot;,&quot;credit&quot;:&quot;&quot;,&quot;camera&quot;:&quot;&quot;,&quot;caption&quot;:&quot;&quot;,&quot;created_timestamp&quot;:&quot;0&quot;,&quot;copyright&quot;:&quot;&quot;,&quot;focal_length&quot;:&quot;0&quot;,&quot;iso&quot;:&quot;0&quot;,&quot;shutter_speed&quot;:&quot;0&quot;,&quot;title&quot;:&quot;&quot;,&quot;orientation&quot;:&quot;0&quot;}\" data-image-title=\"IMG_9654 (1)\" data-image-description=\"&lt;p&gt;Bruno Marques Areno&lt;\/p&gt;\n\" data-image-caption=\"&lt;p&gt;Bruno Marques Areno&lt;\/p&gt;\n\" data-large-file=\"http:\/\/jornalrol.com.br\/wp-content\/uploads\/2026\/01\/IMG_9654-1-scaled.jpg\" src=\"http:\/\/jornalrol.com.br\/wp-content\/uploads\/2026\/01\/IMG_9654-1-scaled.jpg\" alt=\"Bruno Marques Areno\" class=\"wp-image-77744\" style=\"aspect-ratio:0.7793111446132437;width:166px;height:auto\" srcset=\"http:\/\/jornalrol.com.br\/wp-content\/uploads\/2026\/01\/IMG_9654-1-scaled.jpg 1995w, http:\/\/jornalrol.com.br\/wp-content\/uploads\/2026\/01\/IMG_9654-1-935x1200.jpg 935w, http:\/\/jornalrol.com.br\/wp-content\/uploads\/2026\/01\/IMG_9654-1-768x986.jpg 768w, http:\/\/jornalrol.com.br\/wp-content\/uploads\/2026\/01\/IMG_9654-1-1197x1536.jpg 1197w, http:\/\/jornalrol.com.br\/wp-content\/uploads\/2026\/01\/IMG_9654-1-1596x2048.jpg 1596w\" sizes=\"auto, (max-width: 1995px) 100vw, 1995px\" \/><figcaption class=\"wp-element-caption\">Bruno Marques Areno<\/figcaption><\/figure>\n<\/div>\n\n<div class=\"wp-block-image\">\n<figure class=\"aligncenter size-full is-resized\"><img loading=\"lazy\" decoding=\"async\" width=\"784\" height=\"1168\" data-attachment-id=\"78004\" data-permalink=\"http:\/\/jornalrol.com.br\/?attachment_id=78004\" data-orig-file=\"http:\/\/jornalrol.com.br\/wp-content\/uploads\/2026\/01\/download-1.jpg\" data-orig-size=\"784,1168\" data-comments-opened=\"1\" data-image-meta=\"{&quot;aperture&quot;:&quot;0&quot;,&quot;credit&quot;:&quot;&quot;,&quot;camera&quot;:&quot;&quot;,&quot;caption&quot;:&quot;&quot;,&quot;created_timestamp&quot;:&quot;0&quot;,&quot;copyright&quot;:&quot;&quot;,&quot;focal_length&quot;:&quot;0&quot;,&quot;iso&quot;:&quot;0&quot;,&quot;shutter_speed&quot;:&quot;0&quot;,&quot;title&quot;:&quot;&quot;,&quot;orientation&quot;:&quot;0&quot;}\" data-image-title=\"download\" data-image-description=\"\" data-image-caption=\"\" data-large-file=\"http:\/\/jornalrol.com.br\/wp-content\/uploads\/2026\/01\/download-1.jpg\" src=\"https:\/\/jornalrol.com.br\/wp-content\/uploads\/2026\/01\/download-1.jpg\" alt=\"Imagem criada por IA do Grok - 23 de janeiro de 2026, `s 15:38 PM - https:\/\/grok.com\/imagine\/post\/6bffaf89-3683-4313-bf72-770c9fa4d2c0\" class=\"wp-image-78004\" style=\"aspect-ratio:0.67123745819398;width:316px;height:auto\" srcset=\"http:\/\/jornalrol.com.br\/wp-content\/uploads\/2026\/01\/download-1.jpg 784w, http:\/\/jornalrol.com.br\/wp-content\/uploads\/2026\/01\/download-1-768x1144.jpg 768w\" sizes=\"auto, (max-width: 784px) 100vw, 784px\" \/><figcaption class=\"wp-element-caption\"><em>Imagem criada por IA do Grok &#8211; 23 de janeiro de 2026, `s 15:38 PM &#8211;<a href=\"https:\/\/grok.com\/imagine\/post\/31f3b8d2-16ae-4eb3-a1a7-edd3730cd5f3\"> https:\/\/grok.com\/imagine\/post\/6bffaf89-3683-4313-bf72-770c9fa4d2c0<\/a><\/em><\/figcaption><\/figure>\n<\/div>\n\n\n<p class=\"has-drop-cap\">O cheiro do lixo misturava-se com o da roupa h\u00famida, do peixe podre e da lenha mal queimada, um caldo de mis\u00e9ria que o ar se recusava a dispersar, talvez por pena, talvez por costume, e o bairro inteiro respirava aquilo como quem j\u00e1 n\u00e3o sabe distinguir o que \u00e9 fora e o que \u00e9 dentro, porque h\u00e1 muito o ar das pessoas se parece com o ar das ruas.<\/p>\n\n\n\n<p>As moscas faziam carreira entre os sacos pl\u00e1sticos rasgados, pousavam no tomate esmagado, na xima fria, na pele dos que dormem de barriga vazia, e voltavam a voar, incans\u00e1veis, como se tamb\u00e9m tivessem fome e destino.<\/p>\n\n\n\n<p>O ch\u00e3o, esse, era barro vermelho, cacos, e cada passo nu deixava atr\u00e1s de si um rasto de lama e sobreviv\u00eancia, que \u00e9 o mesmo que dizer: vida teimosa.<\/p>\n\n\n\n<p>Mano Gito, doze anos contados com m\u00e1 vontade do tempo, parecia ter oito, e talvez fosse o tempo, mais do que a fome, quem o ro\u00eda por dentro. Era s\u00f3 osso e olho, o peito seco de quem j\u00e1 chorou tanto que desaprendeu o gesto, e no est\u00f4mago, um batuque fundo, que n\u00e3o era fome, era protesto, era grito que n\u00e3o encontrou boca.<\/p>\n\n\n\n<p>Na m\u00e3o levava um naco de p\u00e3o duro, heran\u00e7a da generosidade involunt\u00e1ria da padaria do tio Balta, onde os mi\u00fados aprendem cedo que a esperan\u00e7a \u00e9 paciente, mas n\u00e3o eterna.<\/p>\n\n\n\n<p>Levou o p\u00e3o \u00e0 boca com olhos de quem rouba o pr\u00f3prio destino, r\u00e1pido, quase pedindo desculpa, como se o mundo o observasse e esperasse o momento certo para lhe tirar o pouco que tem, e tirou.<\/p>\n\n\n\n<p>Um c\u00e3o saltou das sombras, e o que dizer dele, sen\u00e3o que era um c\u00e3o como tantos, sem nome, sem dono, com mais cicatriz do que pelo, com olhos fundos, secos, dois caro\u00e7os de manga deixados ao sol, e o focinho coberto de terra e baba. Agarrou o p\u00e3o com a f\u00faria de quem j\u00e1 n\u00e3o acredita em justi\u00e7a, e o Gito, primeiro espanto, depois raiva, depois l\u00e1grimas, gritou o que gritam os que n\u00e3o t\u00eam mais nada, um simples n\u00e3o, palavra pequena demais para conter tanta mis\u00e9ria.<\/p>\n\n\n\n<p>Atirou-se ao c\u00e3o. Rolaram na lama, o c\u00e3o rosnava, o rapaz empurrava, arranhava, tentava abrir com as m\u00e3os pequenas a boca que o destino fechara. O c\u00e3o lutava, mas n\u00e3o mordeu, e talvez soubesse, nas profundezas da sua fome, que aquele mi\u00fado era mais bicho do que ele.<\/p>\n\n\n\n<p>Ent\u00e3o o Gito fez o que ningu\u00e9m, nem Deus, esperava: mordeu o c\u00e3o. Sim, cravou os dentes no pesco\u00e7o do animal, como quem decide ser fera para n\u00e3o morrer homem. Sentiu o pelo, o sangue, o sal e o amargo, e por um instante quis cuspir, mas n\u00e3o cuspiu, porque o que \u00e9 que se cospe quando o mundo inteiro est\u00e1 dentro da boca? O c\u00e3o uivou, n\u00e3o apenas de dor, mas de espanto, porque at\u00e9 os animais t\u00eam o seu c\u00f3digo, e naquele c\u00f3digo estava escrito que s\u00f3 os homens mordem com vergonha.<\/p>\n\n\n\n<p>O p\u00e3o caiu, ficou entre os dois, sujo de lama, a tremer como se tivesse medo de ser escolhido.<\/p>\n\n\n\n<p>O c\u00e3o recuou, lambeu a ferida e desapareceu, sem \u00f3dio, sem ru\u00eddo, talvez com respeito, talvez com cansa\u00e7o, e o sil\u00eancio que ficou pesava mais do que qualquer fome.<\/p>\n\n\n\n<p>Gito ficou parado, tr\u00e9mulo, os l\u00e1bios vermelhos, as m\u00e3os suspensas, e o p\u00e3o ali, t\u00e3o perto e t\u00e3o distante, porque h\u00e1 coisas que, depois de feitas, j\u00e1 n\u00e3o se tocam. N\u00e3o sabia se o p\u00e3o estava sujo demais ou sagrado demais, e talvez fosse as duas coisas, porque naquele instante aprendeu o que ningu\u00e9m lhe ensinara, que h\u00e1 fomes que nem Deus se atreve a contrariar, e que, \u00e0s vezes, sobreviver \u00e9 o pecado mais puro que um homem pode cometer.<\/p>\n\n\n\n<h3 class=\"wp-block-heading has-text-align-center\">Bruno Marqu\u00eas Areno<\/h3>\n\n\n\n<div class=\"wp-block-columns is-layout-flex wp-container-core-columns-is-layout-9d6595d7 wp-block-columns-is-layout-flex\">\n<div class=\"wp-block-column is-layout-flow wp-block-column-is-layout-flow\">\n<h3 class=\"wp-block-heading has-text-align-center has-electric-grass-gradient-background has-background\"><a href=\"https:\/\/www.facebook.com\/brunomarques.areno.5?locale=pt_BR\" target=\"_blank\" rel=\"noopener\" title=\"Facebook\">Facebook<\/a><\/h3>\n<\/div>\n\n\n\n<div class=\"wp-block-column is-layout-flow wp-block-column-is-layout-flow\">\n<h3 class=\"wp-block-heading has-text-align-center has-electric-grass-gradient-background has-background\"><a href=\"https:\/\/wa.me\/+258844643108\" title=\"WhatsApp\">WhatsApp<\/a><\/h3>\n<\/div>\n<\/div>\n\n\n\n<p><a href=\"http:\/jornalrol.com.br\/\" title=\"Voltar\">Voltar<\/a><\/p>\n\n\n\n<p><a href=\"https:\/\/www.facebook.com\/JCulturalrol\/\" title=\"Facebook\">Facebook<\/a><\/p>\n","protected":false},"excerpt":{"rendered":"<p>O cheiro do lixo misturava-se com o da roupa h\u00famida, do peixe podre e da lenha mal queimada, um caldo de mis\u00e9ria que o ar se recusava a dispersar, talvez por&#8230;<\/p>\n","protected":false},"author":133,"featured_media":78002,"comment_status":"open","ping_status":"closed","sticky":false,"template":"","format":"standard","meta":{"_jetpack_newsletter_access":"","_jetpack_dont_email_post_to_subs":false,"_jetpack_newsletter_tier_id":0,"_jetpack_memberships_contains_paywalled_content":false,"_jetpack_memberships_contains_paid_content":false,"footnotes":""},"categories":[9607,9285],"tags":[15960,2741,4025,15957,15956],"class_list":["post-78001","post","type-post","status-publish","format-standard","has-post-thumbnail","hentry","category-contos","category-literatura","tag-barriga-vazia","tag-destino","tag-fome","tag-peixe-podre","tag-roupa-umida"],"aioseo_notices":[],"views":265,"jetpack_featured_media_url":"http:\/\/jornalrol.com.br\/wp-content\/uploads\/2026\/01\/6bffaf89-3683-4313-bf72-770c9fa4d2c0.jpg","jetpack_sharing_enabled":true,"jetpack_likes_enabled":true,"jetpack-related-posts":[{"id":78490,"url":"http:\/\/jornalrol.com.br\/?p=78490","url_meta":{"origin":78001,"position":0},"title":"Carta ao ministro","author":"Bruno Marques Areno","date":"17 de fevereiro de 2026","format":false,"excerpt":"Senhor Ministro, venho por meio desta n\u00e3o pedir nada. Nem escola, nem p\u00e3o, nem teto. J\u00e1 pedi antes. Agora s\u00f3 queria entender como \u00e9 que se governa um...","rel":"","context":"Em &quot;Literatura&quot;","block_context":{"text":"Literatura","link":"http:\/\/jornalrol.com.br\/?cat=9285"},"img":{"alt_text":"Imagem criada por IA do ChatGPT - https:\/\/chatgpt.com\/c\/6991bb8d-ba80-832f-ab30-1fe461530377","src":"https:\/\/i0.wp.com\/jornalrol.com.br\/wp-content\/uploads\/2026\/02\/755cd746-eb21-47b7-85bb-4595653b5735-1.jpg?resize=350%2C200","width":350,"height":200,"srcset":"https:\/\/i0.wp.com\/jornalrol.com.br\/wp-content\/uploads\/2026\/02\/755cd746-eb21-47b7-85bb-4595653b5735-1.jpg?resize=350%2C200 1x, https:\/\/i0.wp.com\/jornalrol.com.br\/wp-content\/uploads\/2026\/02\/755cd746-eb21-47b7-85bb-4595653b5735-1.jpg?resize=525%2C300 1.5x, https:\/\/i0.wp.com\/jornalrol.com.br\/wp-content\/uploads\/2026\/02\/755cd746-eb21-47b7-85bb-4595653b5735-1.jpg?resize=700%2C400 2x"},"classes":[]},{"id":78562,"url":"http:\/\/jornalrol.com.br\/?p=78562","url_meta":{"origin":78001,"position":1},"title":"Di\u00e1rio de um In\u00fatil","author":"Sergio Diniz da Costa","date":"17 de fevereiro de 2026","format":false,"excerpt":"Di\u00e1rio de um In\u00fatil (2\u00aa edi\u00e7\u00e3o), da Colec\u00e7\u00e3o Ondula\u00e7\u00f5es\/02, do jovem escritor e poeta mo\u00e7ambicano Bruno Marqu\u00eas Areno, lan\u00e7ado pela Editora Cais, est\u00e1 em pr\u00e9-venda.","rel":"","context":"Em &quot;lan\u00e7amentos&quot;","block_context":{"text":"lan\u00e7amentos","link":"http:\/\/jornalrol.com.br\/?cat=9462"},"img":{"alt_text":"Bruno Marques Areno","src":"https:\/\/i0.wp.com\/jornalrol.com.br\/wp-content\/uploads\/2026\/01\/IMG_9654-1-scaled.jpg?resize=350%2C200","width":350,"height":200,"srcset":"https:\/\/i0.wp.com\/jornalrol.com.br\/wp-content\/uploads\/2026\/01\/IMG_9654-1-scaled.jpg?resize=350%2C200 1x, https:\/\/i0.wp.com\/jornalrol.com.br\/wp-content\/uploads\/2026\/01\/IMG_9654-1-scaled.jpg?resize=525%2C300 1.5x, https:\/\/i0.wp.com\/jornalrol.com.br\/wp-content\/uploads\/2026\/01\/IMG_9654-1-scaled.jpg?resize=700%2C400 2x, https:\/\/i0.wp.com\/jornalrol.com.br\/wp-content\/uploads\/2026\/01\/IMG_9654-1-scaled.jpg?resize=1050%2C600 3x, https:\/\/i0.wp.com\/jornalrol.com.br\/wp-content\/uploads\/2026\/01\/IMG_9654-1-scaled.jpg?resize=1400%2C800 4x"},"classes":[]},{"id":78189,"url":"http:\/\/jornalrol.com.br\/?p=78189","url_meta":{"origin":78001,"position":2},"title":"Zekhalifa Successor","author":"Bruno Marques Areno","date":"2 de fevereiro de 2026","format":false,"excerpt":"Zekhalifa Successor \u00e9 um artista moldado cedo pela vida e pela urg\u00eancia de dizer. Profissional desde a inf\u00e2ncia, encontrou na m\u00fasica um espa\u00e7o de resist\u00eancia...","rel":"","context":"Em &quot;Arte&quot;","block_context":{"text":"Arte","link":"http:\/\/jornalrol.com.br\/?cat=9286"},"img":{"alt_text":"Zekhalifa Sucessor","src":"https:\/\/i0.wp.com\/jornalrol.com.br\/wp-content\/uploads\/2026\/02\/943aaef3-f032-496f-9f5b-aff30583b477.jpg?resize=350%2C200","width":350,"height":200,"srcset":"https:\/\/i0.wp.com\/jornalrol.com.br\/wp-content\/uploads\/2026\/02\/943aaef3-f032-496f-9f5b-aff30583b477.jpg?resize=350%2C200 1x, https:\/\/i0.wp.com\/jornalrol.com.br\/wp-content\/uploads\/2026\/02\/943aaef3-f032-496f-9f5b-aff30583b477.jpg?resize=525%2C300 1.5x, https:\/\/i0.wp.com\/jornalrol.com.br\/wp-content\/uploads\/2026\/02\/943aaef3-f032-496f-9f5b-aff30583b477.jpg?resize=700%2C400 2x"},"classes":[]},{"id":77743,"url":"http:\/\/jornalrol.com.br\/?p=77743","url_meta":{"origin":78001,"position":3},"title":"De Nampula, Mo\u00e7ambique, para o ROL, Bruno Marqu\u00eas Areno!","author":"Sergio Diniz da Costa","date":"8 de janeiro de 2026","format":false,"excerpt":"Bruno Marqu\u00eas Areno, 25, nasceu em Nampula, Mo\u00e7ambique, e cresceu entre Namapa e Pemba, experi\u00eancias que moldaram o seu olhar cr\u00edtico sobre a diversidade...","rel":"","context":"Em &quot;Apresenta\u00e7\u00e3o de colunista&quot;","block_context":{"text":"Apresenta\u00e7\u00e3o de colunista","link":"http:\/\/jornalrol.com.br\/?cat=10981"},"img":{"alt_text":"Bruno Marques Areno","src":"https:\/\/i0.wp.com\/jornalrol.com.br\/wp-content\/uploads\/2026\/01\/IMG_9654-1-scaled.jpg?resize=350%2C200","width":350,"height":200,"srcset":"https:\/\/i0.wp.com\/jornalrol.com.br\/wp-content\/uploads\/2026\/01\/IMG_9654-1-scaled.jpg?resize=350%2C200 1x, https:\/\/i0.wp.com\/jornalrol.com.br\/wp-content\/uploads\/2026\/01\/IMG_9654-1-scaled.jpg?resize=525%2C300 1.5x, https:\/\/i0.wp.com\/jornalrol.com.br\/wp-content\/uploads\/2026\/01\/IMG_9654-1-scaled.jpg?resize=700%2C400 2x, https:\/\/i0.wp.com\/jornalrol.com.br\/wp-content\/uploads\/2026\/01\/IMG_9654-1-scaled.jpg?resize=1050%2C600 3x, https:\/\/i0.wp.com\/jornalrol.com.br\/wp-content\/uploads\/2026\/01\/IMG_9654-1-scaled.jpg?resize=1400%2C800 4x"},"classes":[]},{"id":78389,"url":"http:\/\/jornalrol.com.br\/?p=78389","url_meta":{"origin":78001,"position":4},"title":"Dorme, meu filho, dorme","author":"Bruno Marques Areno","date":"10 de fevereiro de 2026","format":false,"excerpt":"Dorme, meu filho, dorme, dizia ela, e as palavras tremiam como os bra\u00e7os com que o segurava, bra\u00e7os que j\u00e1 n\u00e3o sabiam se abra\u00e7avam a vida ou se enterravam nela.","rel":"","context":"Em &quot;Contos&quot;","block_context":{"text":"Contos","link":"http:\/\/jornalrol.com.br\/?cat=9607"},"img":{"alt_text":"Imagem criada por Ia da Meta - 10 de fevereiro de 2026, \u00e0s 15:20 PM - https:\/\/meta.ai\/create\/954720527729661","src":"https:\/\/i0.wp.com\/jornalrol.com.br\/wp-content\/uploads\/2026\/02\/AQOua8RYl4BuA1utAls4JAX0Scc6buf6dUB-HEKQ7jv2P9T9zypZJ1s_-LwCRepQ2I7IJB2CZebgIr7aJ-EsyIk0o68hADPN_HRdAq4SDh24ZV8HUoae4oRvUqB-aFtZN9n0wL5lOw1z3Jz8esucwT0qMpl4.jpeg?resize=350%2C200","width":350,"height":200,"srcset":"https:\/\/i0.wp.com\/jornalrol.com.br\/wp-content\/uploads\/2026\/02\/AQOua8RYl4BuA1utAls4JAX0Scc6buf6dUB-HEKQ7jv2P9T9zypZJ1s_-LwCRepQ2I7IJB2CZebgIr7aJ-EsyIk0o68hADPN_HRdAq4SDh24ZV8HUoae4oRvUqB-aFtZN9n0wL5lOw1z3Jz8esucwT0qMpl4.jpeg?resize=350%2C200 1x, https:\/\/i0.wp.com\/jornalrol.com.br\/wp-content\/uploads\/2026\/02\/AQOua8RYl4BuA1utAls4JAX0Scc6buf6dUB-HEKQ7jv2P9T9zypZJ1s_-LwCRepQ2I7IJB2CZebgIr7aJ-EsyIk0o68hADPN_HRdAq4SDh24ZV8HUoae4oRvUqB-aFtZN9n0wL5lOw1z3Jz8esucwT0qMpl4.jpeg?resize=525%2C300 1.5x, https:\/\/i0.wp.com\/jornalrol.com.br\/wp-content\/uploads\/2026\/02\/AQOua8RYl4BuA1utAls4JAX0Scc6buf6dUB-HEKQ7jv2P9T9zypZJ1s_-LwCRepQ2I7IJB2CZebgIr7aJ-EsyIk0o68hADPN_HRdAq4SDh24ZV8HUoae4oRvUqB-aFtZN9n0wL5lOw1z3Jz8esucwT0qMpl4.jpeg?resize=700%2C400 2x"},"classes":[]},{"id":53347,"url":"http:\/\/jornalrol.com.br\/?p=53347","url_meta":{"origin":78001,"position":5},"title":"Editora Baronesa lan\u00e7a a Colet\u00e2nea Digital Internacional Bil\u00edngue Portugu\u00eas &#8211; Emakhuwa &#039;Mo\u00e7ambique e Eu&#039;","author":"Sergio Diniz da Costa","date":"9 de janeiro de 2023","format":false,"excerpt":"A\u00a0primeira antologia entre autores brasileiros e africanos apresentada em Portugu\u00eas \u00a0e Emakhuwa ser\u00e1 realizada com o apoio cultural e intelectual do artista mo\u00e7ambicano Bruno Areno Editora Baronesa cria projeto \u00fanico para celebrar o in\u00edcio do ano e as festividades do ano da \u00c1frica Lus\u00f3fona e lan\u00e7a a Colet\u00e2nea Digital Internacional\u2026","rel":"","context":"Em &quot;Comunica\u00e7\u00e3o&quot;","block_context":{"text":"Comunica\u00e7\u00e3o","link":"http:\/\/jornalrol.com.br\/?cat=7"},"img":{"alt_text":"","src":"https:\/\/i0.wp.com\/jornalrol.com.br\/wp-content\/uploads\/2023\/01\/324510279_555474479933457_5436205638664841027_n-1-300x300.jpg?resize=350%2C200","width":350,"height":200},"classes":[]}],"_links":{"self":[{"href":"http:\/\/jornalrol.com.br\/index.php?rest_route=\/wp\/v2\/posts\/78001","targetHints":{"allow":["GET"]}}],"collection":[{"href":"http:\/\/jornalrol.com.br\/index.php?rest_route=\/wp\/v2\/posts"}],"about":[{"href":"http:\/\/jornalrol.com.br\/index.php?rest_route=\/wp\/v2\/types\/post"}],"author":[{"embeddable":true,"href":"http:\/\/jornalrol.com.br\/index.php?rest_route=\/wp\/v2\/users\/133"}],"replies":[{"embeddable":true,"href":"http:\/\/jornalrol.com.br\/index.php?rest_route=%2Fwp%2Fv2%2Fcomments&post=78001"}],"version-history":[{"count":2,"href":"http:\/\/jornalrol.com.br\/index.php?rest_route=\/wp\/v2\/posts\/78001\/revisions"}],"predecessor-version":[{"id":78006,"href":"http:\/\/jornalrol.com.br\/index.php?rest_route=\/wp\/v2\/posts\/78001\/revisions\/78006"}],"wp:featuredmedia":[{"embeddable":true,"href":"http:\/\/jornalrol.com.br\/index.php?rest_route=\/wp\/v2\/media\/78002"}],"wp:attachment":[{"href":"http:\/\/jornalrol.com.br\/index.php?rest_route=%2Fwp%2Fv2%2Fmedia&parent=78001"}],"wp:term":[{"taxonomy":"category","embeddable":true,"href":"http:\/\/jornalrol.com.br\/index.php?rest_route=%2Fwp%2Fv2%2Fcategories&post=78001"},{"taxonomy":"post_tag","embeddable":true,"href":"http:\/\/jornalrol.com.br\/index.php?rest_route=%2Fwp%2Fv2%2Ftags&post=78001"}],"curies":[{"name":"wp","href":"https:\/\/api.w.org\/{rel}","templated":true}]}}