{"id":78741,"date":"2026-02-26T13:18:23","date_gmt":"2026-02-26T16:18:23","guid":{"rendered":"https:\/\/jornalrol.com.br\/?p=78741"},"modified":"2026-02-26T13:18:36","modified_gmt":"2026-02-26T16:18:36","slug":"a-forca-que-nao-discute-com-barreiras","status":"publish","type":"post","link":"http:\/\/jornalrol.com.br\/?p=78741","title":{"rendered":"A for\u00e7a que n\u00e3o discute com barreiras"},"content":{"rendered":"<div class=\"pdfprnt-buttons pdfprnt-buttons-post pdfprnt-top-right\"><a href=\"http:\/\/jornalrol.com.br\/index.php?rest_route=%2Fwp%2Fv2%2Fposts%2F78741&print=pdf\" class=\"pdfprnt-button pdfprnt-button-pdf\" target=\"_blank\" ><\/a><a href=\"http:\/\/jornalrol.com.br\/index.php?rest_route=%2Fwp%2Fv2%2Fposts%2F78741&print=print\" class=\"pdfprnt-button pdfprnt-button-print\" target=\"_blank\" ><img decoding=\"async\" src=\"https:\/\/jornalrol.com.br\/wp-content\/plugins\/pdf-print\/images\/print.png\" alt=\"image_print\" title=\"Conte\u00fado de impress\u00e3o\" \/><\/a><\/div>\n<h2 class=\"wp-block-heading has-text-align-center\">SA\u00daDE INTEGRAL <br><br>Joelson Mora: &#8216;A for\u00e7a que n\u00e3o discute com barreiras&#8217;<br><br><\/h2>\n\n\n<div class=\"wp-block-image\">\n<figure class=\"aligncenter size-full is-resized\"><img loading=\"lazy\" decoding=\"async\" width=\"960\" height=\"955\" data-attachment-id=\"65158\" data-permalink=\"http:\/\/jornalrol.com.br\/?attachment_id=65158\" data-orig-file=\"http:\/\/jornalrol.com.br\/wp-content\/uploads\/2024\/03\/78d64274-3f32-49b2-840f-2da823db2060.jpg\" data-orig-size=\"960,955\" data-comments-opened=\"1\" data-image-meta=\"{&quot;aperture&quot;:&quot;0&quot;,&quot;credit&quot;:&quot;&quot;,&quot;camera&quot;:&quot;&quot;,&quot;caption&quot;:&quot;&quot;,&quot;created_timestamp&quot;:&quot;0&quot;,&quot;copyright&quot;:&quot;&quot;,&quot;focal_length&quot;:&quot;0&quot;,&quot;iso&quot;:&quot;0&quot;,&quot;shutter_speed&quot;:&quot;0&quot;,&quot;title&quot;:&quot;&quot;,&quot;orientation&quot;:&quot;0&quot;}\" data-image-title=\"78d64274-3f32-49b2-840f-2da823db2060\" data-image-description=\"&lt;p&gt;Joelson Mora&lt;\/p&gt;\n\" data-image-caption=\"&lt;p&gt;Joelson Mora&lt;\/p&gt;\n\" data-large-file=\"http:\/\/jornalrol.com.br\/wp-content\/uploads\/2024\/03\/78d64274-3f32-49b2-840f-2da823db2060.jpg\" src=\"http:\/\/jornalrol.com.br\/wp-content\/uploads\/2024\/03\/78d64274-3f32-49b2-840f-2da823db2060.jpg\" alt=\"Joelson Mora\" class=\"wp-image-65158\" style=\"aspect-ratio:1.00518769363787;width:170px;height:auto\" srcset=\"http:\/\/jornalrol.com.br\/wp-content\/uploads\/2024\/03\/78d64274-3f32-49b2-840f-2da823db2060.jpg 960w, http:\/\/jornalrol.com.br\/wp-content\/uploads\/2024\/03\/78d64274-3f32-49b2-840f-2da823db2060-768x764.jpg 768w\" sizes=\"auto, (max-width: 960px) 100vw, 960px\" \/><figcaption class=\"wp-element-caption\">Joelson Mora<\/figcaption><\/figure>\n<\/div>\n\n<div class=\"wp-block-image\">\n<figure class=\"aligncenter size-full is-resized\"><img loading=\"lazy\" decoding=\"async\" width=\"1024\" height=\"1536\" data-attachment-id=\"78742\" data-permalink=\"http:\/\/jornalrol.com.br\/?attachment_id=78742\" data-orig-file=\"http:\/\/jornalrol.com.br\/wp-content\/uploads\/2026\/02\/unnamed-2.jpg\" data-orig-size=\"1024,1536\" data-comments-opened=\"1\" data-image-meta=\"{&quot;aperture&quot;:&quot;0&quot;,&quot;credit&quot;:&quot;&quot;,&quot;camera&quot;:&quot;&quot;,&quot;caption&quot;:&quot;&quot;,&quot;created_timestamp&quot;:&quot;0&quot;,&quot;copyright&quot;:&quot;&quot;,&quot;focal_length&quot;:&quot;0&quot;,&quot;iso&quot;:&quot;0&quot;,&quot;shutter_speed&quot;:&quot;0&quot;,&quot;title&quot;:&quot;&quot;,&quot;orientation&quot;:&quot;0&quot;}\" data-image-title=\"unnamed\" data-image-description=\"\" data-image-caption=\"\" data-large-file=\"http:\/\/jornalrol.com.br\/wp-content\/uploads\/2026\/02\/unnamed-2.jpg\" src=\"https:\/\/jornalrol.com.br\/wp-content\/uploads\/2026\/02\/unnamed-2.jpg\" alt=\"Imagem criada por IA do Bing - 26 de fevereiro de 2026, \u00e0s 11h\" class=\"wp-image-78742\" style=\"aspect-ratio:0.6666767609472473;width:320px;height:auto\" srcset=\"http:\/\/jornalrol.com.br\/wp-content\/uploads\/2026\/02\/unnamed-2.jpg 1024w, http:\/\/jornalrol.com.br\/wp-content\/uploads\/2026\/02\/unnamed-2-800x1200.jpg 800w, http:\/\/jornalrol.com.br\/wp-content\/uploads\/2026\/02\/unnamed-2-768x1152.jpg 768w\" sizes=\"auto, (max-width: 1024px) 100vw, 1024px\" \/><figcaption class=\"wp-element-caption\"><em>Imagem criada por IA do Bing &#8211; 26 de fevereiro de 2026, \u00e0s 11h<\/em><\/figcaption><\/figure>\n<\/div>\n\n\n<p class=\"has-drop-cap\">Desde os prim\u00f3rdios da observa\u00e7\u00e3o humana, a \u00e1gua se apresenta como um dos elementos mais eloquentes da natureza, discreta em sua apar\u00eancia, mas absolutamente poderosa em sua atua\u00e7\u00e3o.<\/p>\n\n\n\n<p>Do ponto de vista f\u00edsico-qu\u00edmico, a \u00e1gua (H\u2082O) \u00e9 uma mol\u00e9cula polar formada por dois \u00e1tomos de hidrog\u00eanio ligados a um de oxig\u00eanio, caracter\u00edstica que lhe confere propriedades singulares, como elevada capacidade de dissolu\u00e7\u00e3o, alto calor espec\u00edfico e not\u00e1vel tens\u00e3o superficial. Tais atributos fazem da \u00e1gua o solvente biol\u00f3gico por excel\u00eancia e um dos principais reguladores t\u00e9rmicos do planeta e do organismo humano.<\/p>\n\n\n\n<p><strong>Outra singularidade fundamental da \u00e1gua \u00e9 sua presen\u00e7a nos tr\u00eas estados f\u00edsicos da mat\u00e9ria, fen\u00f4meno essencial para o equil\u00edbrio dos ecossistemas e para a din\u00e2mica da vida:<\/strong><\/p>\n\n\n\n<p>\u2022 Estado s\u00f3lido (gelo): estrutura cristalina organizada, menor densidade que a forma l\u00edquida e papel relevante na regula\u00e7\u00e3o clim\u00e1tica.<\/p>\n\n\n\n<p>\u2022 Estado l\u00edquido: forma mais abundante na superf\u00edcie terrestre, marcada pela fluidez, coes\u00e3o molecular e elevada capacidade de transporte de subst\u00e2ncias.<\/p>\n\n\n\n<p>\u2022 Estado gasoso (vapor d\u2019\u00e1gua): fase de alta dispers\u00e3o molecular, fundamental para os ciclos atmosf\u00e9ricos e para a regula\u00e7\u00e3o t\u00e9rmica do corpo humano.<\/p>\n\n\n\n<p>Essa versatilidade f\u00edsica revela uma verdade profunda: a \u00e1gua muda de forma sem perder sua ess\u00eancia.<\/p>\n\n\n\n<p>Ela n\u00e3o discute com barreiras, ela ultrapassa.<\/p>\n\n\n\n<p>A \u00e1gua contorna, se adapta e persiste.<\/p>\n\n\n\n<p>E, ainda assim, a \u00e1gua transforma montanhas.<\/p>\n\n\n\n<p>Essa \u00e9 uma das mais profundas met\u00e1foras para a nossa personalidade e para a forma como conduzimos a vida.<\/p>\n\n\n\n<p><strong>Quando observamos o comportamento da \u00e1gua na natureza, encontramos princ\u00edpios que a ci\u00eancia comportamental e a neuroci\u00eancia hoje reconhecem como essenciais para o equil\u00edbrio humano:<\/strong><\/p>\n\n\n\n<p>\u2022 flexibilidade cognitiva<\/p>\n\n\n\n<p>\u2022 capacidade de adapta\u00e7\u00e3o<\/p>\n\n\n\n<p>\u2022 regula\u00e7\u00e3o emocional<\/p>\n\n\n\n<p>\u2022 resili\u00eancia diante de obst\u00e1culos<\/p>\n\n\n\n<p>A \u00e1gua n\u00e3o vence pela for\u00e7a bruta, vence pela const\u00e2ncia.<\/p>\n\n\n\n<p>Do ponto de vista da psicologia, indiv\u00edduos com maior flexibilidade psicol\u00f3gica apresentam melhores indicadores de sa\u00fade mental, menor n\u00edvel de estresse cr\u00f4nico e maior longevidade funcional. Essa caracter\u00edstica se aproxima daquilo que a \u00e1gua nos ensina silenciosamente: seguir em frente sem endurecer.<\/p>\n\n\n\n<p>Ser r\u00edgido quebra.<\/p>\n\n\n\n<p>Ser fluido atravessa.<\/p>\n\n\n\n<p>A ci\u00eancia \u00e9 clara: somos, essencialmente, seres aqu\u00e1ticos em terra firme.<\/p>\n\n\n\n<p>\u2022 Aproximadamente 60% do corpo de um adulto \u00e9 composto por \u00e1gua<\/p>\n\n\n\n<p>\u2022 No c\u00e9rebro, esse valor chega a cerca de 73%<\/p>\n\n\n\n<p>\u2022 No sangue, ultrapassa 90%<\/p>\n\n\n\n<p><strong>A \u00e1gua participa diretamente de fun\u00e7\u00f5es vitais:<\/strong><\/p>\n\n\n\n<p><img decoding=\"async\" alt=\"\u2705\" src=\"https:\/\/fonts.gstatic.com\/s\/e\/notoemoji\/17.0\/2705\/72.png\">&nbsp;transporte de nutrientes<\/p>\n\n\n\n<p><img decoding=\"async\" alt=\"\u2705\" src=\"https:\/\/fonts.gstatic.com\/s\/e\/notoemoji\/17.0\/2705\/72.png\">&nbsp;regula\u00e7\u00e3o da temperatura corporal<\/p>\n\n\n\n<p><img decoding=\"async\" alt=\"\u2705\" src=\"https:\/\/fonts.gstatic.com\/s\/e\/notoemoji\/17.0\/2705\/72.png\">&nbsp;lubrifica\u00e7\u00e3o articular<\/p>\n\n\n\n<p><img decoding=\"async\" alt=\"\u2705\" src=\"https:\/\/fonts.gstatic.com\/s\/e\/notoemoji\/17.0\/2705\/72.png\">&nbsp;funcionamento renal<\/p>\n\n\n\n<p><img decoding=\"async\" alt=\"\u2705\" src=\"https:\/\/fonts.gstatic.com\/s\/e\/notoemoji\/17.0\/2705\/72.png\">&nbsp;equil\u00edbrio eletrol\u00edtico<\/p>\n\n\n\n<p><img decoding=\"async\" alt=\"\u2705\" src=\"https:\/\/fonts.gstatic.com\/s\/e\/notoemoji\/17.0\/2705\/72.png\">&nbsp;desempenho cognitivo<\/p>\n\n\n\n<p><strong>Estudos publicados no Journal of Nutrition demonstram que n\u00edveis leves de desidrata\u00e7\u00e3o j\u00e1 s\u00e3o capazes de prejudicar:<\/strong><\/p>\n\n\n\n<p>\u2022 aten\u00e7\u00e3o<\/p>\n\n\n\n<p>\u2022 mem\u00f3ria de curto prazo<\/p>\n\n\n\n<p>\u2022 humor<\/p>\n\n\n\n<p>\u2022 performance f\u00edsica<\/p>\n\n\n\n<p>Ou seja: a qualidade da nossa energia di\u00e1ria passa, inevitavelmente, pela qualidade da nossa hidrata\u00e7\u00e3o.<\/p>\n\n\n\n<p>Ao longo da hist\u00f3ria, civiliza\u00e7\u00f5es inteiras reconheceram o valor terap\u00eautico das \u00e1guas minerais naturais e hoje a hidrologia m\u00e9dica confirma muitos desses benef\u00edcios.<\/p>\n\n\n\n<p>Na est\u00e2ncia hidromineral de S\u00e3o Louren\u00e7o, por exemplo, encontram-se fontes com diferentes composi\u00e7\u00f5es qu\u00edmicas, cada uma com propriedades espec\u00edficas.<\/p>\n\n\n\n<p>Principais tipos de \u00e1guas minerais e seus efeitos<\/p>\n\n\n\n<p><img decoding=\"async\" src=\"https:\/\/fonts.gstatic.com\/s\/e\/notoemoji\/17.0\/1f539\/72.png\" alt=\"\ud83d\udd39\">\u00a0<strong>\u00c1guas bicarbonatadas<\/strong><\/p>\n\n\n\n<p>\u2022 auxiliam na digest\u00e3o<\/p>\n\n\n\n<p>\u2022 ajudam no equil\u00edbrio do pH g\u00e1strico<\/p>\n\n\n\n<p>\u2022 podem contribuir em quadros de dispepsia<\/p>\n\n\n\n<p><img decoding=\"async\" src=\"https:\/\/fonts.gstatic.com\/s\/e\/notoemoji\/17.0\/1f539\/72.png\" alt=\"\ud83d\udd39\">\u00a0<strong>\u00c1guas sulfurosas<\/strong><\/p>\n\n\n\n<p>\u2022 associadas a benef\u00edcios dermatol\u00f3gicos<\/p>\n\n\n\n<p>\u2022 utilizadas em terapias respirat\u00f3rias<\/p>\n\n\n\n<p>\u2022 a\u00e7\u00e3o anti-inflamat\u00f3ria leve<\/p>\n\n\n\n<p><img decoding=\"async\" src=\"https:\/\/fonts.gstatic.com\/s\/e\/notoemoji\/17.0\/1f539\/72.png\" alt=\"\ud83d\udd39\">\u00a0<strong>\u00c1guas ferruginosas<\/strong><\/p>\n\n\n\n<p>\u2022 ricas em ferro biodispon\u00edvel<\/p>\n\n\n\n<p>\u2022 podem auxiliar em estados de baixa ferritina (com orienta\u00e7\u00e3o profissional)<\/p>\n\n\n\n<p><img decoding=\"async\" src=\"https:\/\/fonts.gstatic.com\/s\/e\/notoemoji\/17.0\/1f539\/72.png\" alt=\"\ud83d\udd39\"><strong>\u00a0\u00c1guas magnesianas<\/strong><\/p>\n\n\n\n<p>\u2022 contribuem para o relaxamento muscular<\/p>\n\n\n\n<p>\u2022 participam da fun\u00e7\u00e3o neuromuscular<\/p>\n\n\n\n<p>\u2022 auxiliam no tr\u00e2nsito intestinal<\/p>\n\n\n\n<p>A hidroterapia e o uso terap\u00eautico de \u00e1guas minerais s\u00e3o reconhecidos em diversas diretrizes de medicina integrativa na Europa e no Brasil como pr\u00e1ticas complementares de promo\u00e7\u00e3o de sa\u00fade.<\/p>\n\n\n\n<p>O Brasil abriga uma das maiores reservas de \u00e1gua doce do planeta.<\/p>\n\n\n\n<p>Dados amplamente divulgados por organismos ambientais indicam que o pa\u00eds concentra cerca de 12% da \u00e1gua doce superficial do mundo. Al\u00e9m disso, possui imensos aqu\u00edferos subterr\u00e2neos.<\/p>\n\n\n\n<p>Entre eles, destaca-se o Aqu\u00edfero Guarani, um dos maiores reservat\u00f3rios de \u00e1gua doce transfronteiri\u00e7os do planeta, estendendo-se por Brasil, Argentina, Paraguai e Uruguai.<\/p>\n\n\n\n<p>Essa abund\u00e2ncia, por\u00e9m, traz responsabilidade.<\/p>\n\n\n\n<p><strong>A ci\u00eancia ambiental \u00e9 un\u00e2nime ao afirmar que:<\/strong><\/p>\n\n\n\n<p>\u2022 disponibilidade h\u00eddrica \u2260 acesso universal<\/p>\n\n\n\n<p>\u2022 qualidade da \u00e1gua depende de preserva\u00e7\u00e3o<\/p>\n\n\n\n<p>\u2022 uso consciente \u00e9 determinante para o futuro<\/p>\n\n\n\n<p>Cuidar da \u00e1gua \u00e9, literalmente, cuidar da continuidade da vida.<\/p>\n\n\n\n<p>Existe uma dimens\u00e3o ainda mais profunda.<\/p>\n\n\n\n<p>A \u00e1gua nos ensina sobre:<\/p>\n\n\n\n<p>\u2022 humildade sem fraqueza<\/p>\n\n\n\n<p>\u2022 movimento sem ansiedade<\/p>\n\n\n\n<p>\u2022 persist\u00eancia sem agressividade<\/p>\n\n\n\n<p>\u2022 for\u00e7a sem rigidez<\/p>\n\n\n\n<p>Na pr\u00e1tica cl\u00ednica e no acompanhamento de pessoas em busca de sa\u00fade integral, observa-se que os indiv\u00edduos que desenvolvem maior capacidade de adapta\u00e7\u00e3o emocional apresentam:<\/p>\n\n\n\n<p>\u2022 menor incid\u00eancia de doen\u00e7as relacionadas ao estresse<\/p>\n\n\n\n<p>\u2022 melhor variabilidade da frequ\u00eancia card\u00edaca<\/p>\n\n\n\n<p>\u2022 melhor qualidade do sono<\/p>\n\n\n\n<p>\u2022 maior ader\u00eancia a programas de exerc\u00edcio f\u00edsico<\/p>\n\n\n\n<p>Ser \u00e1gua, portanto, n\u00e3o \u00e9 ser passivo.<\/p>\n\n\n\n<p>\u00c9 ser estrategicamente fluido.<\/p>\n\n\n\n<p><img decoding=\"async\" src=\"https:\/\/fonts.gstatic.com\/s\/e\/notoemoji\/17.0\/0031_fe0f_20e3\/72.png\" alt=\"1\ufe0f\u20e3\">\u00a0<strong>Hidrate-se com consci\u00eancia<\/strong><\/p>\n\n\n\n<p>N\u00e3o espere a sede intensa. A sede j\u00e1 \u00e9 um sinal tardio.<\/p>\n\n\n\n<p><img decoding=\"async\" src=\"https:\/\/fonts.gstatic.com\/s\/e\/notoemoji\/17.0\/0032_fe0f_20e3\/72.png\" alt=\"2\ufe0f\u20e3\"><strong>\u00a0Valorize \u00e1guas de boa proced\u00eancia<\/strong><\/p>\n\n\n\n<p>Sempre que poss\u00edvel, priorize \u00e1guas minerais naturais certificadas.<\/p>\n\n\n\n<p><img decoding=\"async\" src=\"https:\/\/fonts.gstatic.com\/s\/e\/notoemoji\/17.0\/0033_fe0f_20e3\/72.png\" alt=\"3\ufe0f\u20e3\">\u00a0Utilize a \u00e1gua como recurso terap\u00eautico<\/p>\n\n\n\n<p>Banhos mornos, imers\u00f5es, duchas e pr\u00e1ticas aqu\u00e1ticas possuem respaldo cient\u00edfico para:<\/p>\n\n\n\n<p>\u2022 relaxamento do sistema nervoso<\/p>\n\n\n\n<p>\u2022 melhora da circula\u00e7\u00e3o<\/p>\n\n\n\n<p>\u2022 redu\u00e7\u00e3o de tens\u00e3o muscular<\/p>\n\n\n\n<p><img decoding=\"async\" src=\"https:\/\/fonts.gstatic.com\/s\/e\/notoemoji\/17.0\/0034_fe0f_20e3\/72.png\" alt=\"4\ufe0f\u20e3\">\u00a0<strong>Desenvolva a mentalidade da \u00e1gua<\/strong><\/p>\n\n\n\n<p><strong>Diante dos obst\u00e1culos da vida:<\/strong><\/p>\n\n\n\n<p>\u2022 adapte-se<\/p>\n\n\n\n<p>\u2022 contorne<\/p>\n\n\n\n<p>\u2022 persista<\/p>\n\n\n\n<p>\u2022 avance<\/p>\n\n\n\n<p>A \u00e1gua n\u00e3o anuncia sua for\u00e7a, ela a demonstra com o tempo.<\/p>\n\n\n\n<p>Ela esculpe vales.<\/p>\n\n\n\n<p>Move turbinas.<\/p>\n\n\n\n<p>Sustenta organismos.<\/p>\n\n\n\n<p>Cura tecidos.<\/p>\n\n\n\n<p>Equilibra sistemas.<\/p>\n\n\n\n<p>Dentro de cada um de n\u00f3s existe essa mesma ess\u00eancia.<\/p>\n\n\n\n<p>Que possamos aprender com as \u00e1guas:<\/p>\n\n\n\n<p>seguir em frente sem endurecer,<\/p>\n\n\n\n<p>adaptar sem perder a ess\u00eancia,<\/p>\n\n\n\n<p>e transformar o caminho com a const\u00e2ncia silenciosa de quem entende que a verdadeira for\u00e7a\u2026<\/p>\n\n\n\n<p>\u00e9 ser profundamente fluido.<\/p>\n\n\n\n<h3 class=\"wp-block-heading has-text-align-center\"><br>Joelson Mora<\/h3>\n\n\n\n<div class=\"wp-block-columns is-layout-flex wp-container-core-columns-is-layout-9d6595d7 wp-block-columns-is-layout-flex\">\n<div class=\"wp-block-column is-layout-flow wp-block-column-is-layout-flow\">\n<h3 class=\"wp-block-heading has-text-align-center has-electric-grass-gradient-background has-background\"><a href=\"https:\/\/wa.me\/15991629676\" title=\"WhatsApp\">WhatsApp<\/a><\/h3>\n<\/div>\n\n\n\n<div class=\"wp-block-column is-layout-flow wp-block-column-is-layout-flow\">\n<h3 class=\"wp-block-heading has-text-align-center has-electric-grass-gradient-background has-background\"><a href=\"https:\/\/www.facebook.com\/joelson.mora?locale=pt_BR\" title=\"Facebook\">Facebook<\/a><\/h3>\n<\/div>\n<\/div>\n\n\n\n<p><a href=\"https:\/\/jornalrol.com.br\/\" title=\"Voltar\">Voltar<\/a><\/p>\n\n\n\n<p><a href=\"https:\/\/www.facebook.com\/JCulturalrol\/\" title=\"Facebook\">Facebook<\/a><\/p>\n\n\n\n<p><br><\/p>\n","protected":false},"excerpt":{"rendered":"<p>Desde os prim\u00f3rdios da observa\u00e7\u00e3o humana, a \u00e1gua se apresenta como um dos elementos mais eloquentes da natureza, discreta em sua apar\u00eancia, mas absolutamente.. <\/p>\n","protected":false},"author":101,"featured_media":78742,"comment_status":"open","ping_status":"closed","sticky":false,"template":"","format":"standard","meta":{"_jetpack_newsletter_access":"","_jetpack_dont_email_post_to_subs":false,"_jetpack_newsletter_tier_id":0,"_jetpack_memberships_contains_paywalled_content":false,"_jetpack_memberships_contains_paid_content":false,"footnotes":""},"categories":[9398,9285],"tags":[688,16237,5980,16240,16239,16238],"class_list":["post-78741","post","type-post","status-publish","format-standard","has-post-thumbnail","hentry","category-artigos","category-literatura","tag-agua","tag-dissolucao","tag-natureza","tag-regulador-termico-do-planeta","tag-solvente-universal","tag-tensao-superficial"],"aioseo_notices":[],"views":366,"jetpack_featured_media_url":"http:\/\/jornalrol.com.br\/wp-content\/uploads\/2026\/02\/unnamed-2.jpg","jetpack_sharing_enabled":true,"jetpack_likes_enabled":true,"jetpack-related-posts":[{"id":74952,"url":"http:\/\/jornalrol.com.br\/?p=74952","url_meta":{"origin":78741,"position":0},"title":"O Negro d\u2019\u00c1gua","author":"Joelson Mora da Silva","date":"19 de agosto de 2025","format":false,"excerpt":"O Brasil \u00e9 terra de encantos, cren\u00e7as e tradi\u00e7\u00f5es que atravessam gera\u00e7\u00f5es. Agosto, m\u00eas do folclore, nos convida a olhar para nossas ra\u00edzes culturais e...","rel":"","context":"Em &quot;artigos&quot;","block_context":{"text":"artigos","link":"http:\/\/jornalrol.com.br\/?cat=9398"},"img":{"alt_text":"Imagem criada por IA do Bing - 18 de agosto de 2025, \u00e0s 20:30 PM","src":"https:\/\/i0.wp.com\/jornalrol.com.br\/wp-content\/uploads\/2025\/08\/1000688527.jpg?resize=350%2C200","width":350,"height":200,"srcset":"https:\/\/i0.wp.com\/jornalrol.com.br\/wp-content\/uploads\/2025\/08\/1000688527.jpg?resize=350%2C200 1x, https:\/\/i0.wp.com\/jornalrol.com.br\/wp-content\/uploads\/2025\/08\/1000688527.jpg?resize=525%2C300 1.5x, https:\/\/i0.wp.com\/jornalrol.com.br\/wp-content\/uploads\/2025\/08\/1000688527.jpg?resize=700%2C400 2x"},"classes":[]},{"id":67278,"url":"http:\/\/jornalrol.com.br\/?p=67278","url_meta":{"origin":78741,"position":1},"title":"O voo da \u00e1guia &#8211; Renova\u00e7\u00e3o","author":"Joelson Mora da Silva","date":"10 de junho de 2024","format":false,"excerpt":"A sa\u00fade integral busca um equil\u00edbrio harmonioso entre os elementos que constituem o ser humano. Neste contexto, o conceito de renova\u00e7\u00e3o e o s\u00edmbolo da \u00e1guia","rel":"","context":"Em &quot;artigos&quot;","block_context":{"text":"artigos","link":"http:\/\/jornalrol.com.br\/?cat=9398"},"img":{"alt_text":"O voo da \u00e1guia como s\u00edmbolo d renova\u00e7\u00e3o","src":"https:\/\/i0.wp.com\/jornalrol.com.br\/wp-content\/uploads\/2024\/06\/OIG4.jpeg?resize=350%2C200","width":350,"height":200,"srcset":"https:\/\/i0.wp.com\/jornalrol.com.br\/wp-content\/uploads\/2024\/06\/OIG4.jpeg?resize=350%2C200 1x, https:\/\/i0.wp.com\/jornalrol.com.br\/wp-content\/uploads\/2024\/06\/OIG4.jpeg?resize=525%2C300 1.5x, https:\/\/i0.wp.com\/jornalrol.com.br\/wp-content\/uploads\/2024\/06\/OIG4.jpeg?resize=700%2C400 2x"},"classes":[]},{"id":76260,"url":"http:\/\/jornalrol.com.br\/?p=76260","url_meta":{"origin":78741,"position":2},"title":"A ostra e a p\u00e9rola","author":"Joelson Mora da Silva","date":"20 de outubro de 2025","format":false,"excerpt":"Era uma vez uma ostra que vivia tranquila nas profundezas do oceano. Todos os dias, ela se abria suavemente para sentir o movimento das \u00e1guas, filtrando...","rel":"","context":"Em &quot;artigos&quot;","block_context":{"text":"artigos","link":"http:\/\/jornalrol.com.br\/?cat=9398"},"img":{"alt_text":"Imagem criada por IA do Bing, em 20 de outubro de 2025, \u00e0s 7:30 PM","src":"https:\/\/i0.wp.com\/jornalrol.com.br\/wp-content\/uploads\/2025\/10\/1000768304-1.jpg?resize=350%2C200","width":350,"height":200,"srcset":"https:\/\/i0.wp.com\/jornalrol.com.br\/wp-content\/uploads\/2025\/10\/1000768304-1.jpg?resize=350%2C200 1x, https:\/\/i0.wp.com\/jornalrol.com.br\/wp-content\/uploads\/2025\/10\/1000768304-1.jpg?resize=525%2C300 1.5x, https:\/\/i0.wp.com\/jornalrol.com.br\/wp-content\/uploads\/2025\/10\/1000768304-1.jpg?resize=700%2C400 2x"},"classes":[]},{"id":76041,"url":"http:\/\/jornalrol.com.br\/?p=76041","url_meta":{"origin":78741,"position":3},"title":"O poder da regenera\u00e7\u00e3o","author":"Joelson Mora da Silva","date":"6 de outubro de 2025","format":false,"excerpt":"A palavra regenera\u00e7\u00e3o carrega em si um significado poderoso: renascer, refazer, restaurar. Seja no corpo humano, na natureza, na mente ou no esp\u00edrito...","rel":"","context":"Em &quot;artigos&quot;","block_context":{"text":"artigos","link":"http:\/\/jornalrol.com.br\/?cat=9398"},"img":{"alt_text":"Imagem criada por IA do Bing em03 de outubro de 2025, \u00e0s 15:00 PM","src":"https:\/\/i0.wp.com\/jornalrol.com.br\/wp-content\/uploads\/2025\/10\/unnamed.jpg?resize=350%2C200","width":350,"height":200,"srcset":"https:\/\/i0.wp.com\/jornalrol.com.br\/wp-content\/uploads\/2025\/10\/unnamed.jpg?resize=350%2C200 1x, https:\/\/i0.wp.com\/jornalrol.com.br\/wp-content\/uploads\/2025\/10\/unnamed.jpg?resize=525%2C300 1.5x, https:\/\/i0.wp.com\/jornalrol.com.br\/wp-content\/uploads\/2025\/10\/unnamed.jpg?resize=700%2C400 2x"},"classes":[]},{"id":66359,"url":"http:\/\/jornalrol.com.br\/?p=66359","url_meta":{"origin":78741,"position":4},"title":"A energia na promo\u00e7\u00e3o da sa\u00fade integral","author":"Joelson Mora da Silva","date":"9 de maio de 2024","format":false,"excerpt":"A Energia \u00e9 um substantivo feminino que na F\u00edsica podemos definir como a capacidade que um corpo, uma subst\u00e2ncia ou um sistema f\u00edsico tem de realizar trabalho e","rel":"","context":"Em &quot;artigos&quot;","block_context":{"text":"artigos","link":"http:\/\/jornalrol.com.br\/?cat=9398"},"img":{"alt_text":"","src":"https:\/\/i0.wp.com\/jornalrol.com.br\/wp-content\/uploads\/2024\/05\/OIG4.J8X0Wd2AbqFLl7716.jpg?resize=350%2C200","width":350,"height":200},"classes":[]},{"id":75052,"url":"http:\/\/jornalrol.com.br\/?p=75052","url_meta":{"origin":78741,"position":5},"title":"A lenda da vit\u00f3ria-r\u00e9gia","author":"Joelson Mora da Silva","date":"25 de agosto de 2025","format":false,"excerpt":"Entre as margens silenciosas dos rios amaz\u00f4nicos, vivia a jovem ind\u00edgena Nai\u00e1, de beleza singular e cora\u00e7\u00e3o cheio de sonhos. Sua tribo acreditava que a deusa...","rel":"","context":"Em &quot;artigos&quot;","block_context":{"text":"artigos","link":"http:\/\/jornalrol.com.br\/?cat=9398"},"img":{"alt_text":"Imagem criada por IAdo Bing - 25 de agosto de 2025, \u00e0s 9:30 PM\u00a0","src":"https:\/\/i0.wp.com\/jornalrol.com.br\/wp-content\/uploads\/2025\/08\/1000697150.jpg?resize=350%2C200","width":350,"height":200,"srcset":"https:\/\/i0.wp.com\/jornalrol.com.br\/wp-content\/uploads\/2025\/08\/1000697150.jpg?resize=350%2C200 1x, https:\/\/i0.wp.com\/jornalrol.com.br\/wp-content\/uploads\/2025\/08\/1000697150.jpg?resize=525%2C300 1.5x, https:\/\/i0.wp.com\/jornalrol.com.br\/wp-content\/uploads\/2025\/08\/1000697150.jpg?resize=700%2C400 2x"},"classes":[]}],"_links":{"self":[{"href":"http:\/\/jornalrol.com.br\/index.php?rest_route=\/wp\/v2\/posts\/78741","targetHints":{"allow":["GET"]}}],"collection":[{"href":"http:\/\/jornalrol.com.br\/index.php?rest_route=\/wp\/v2\/posts"}],"about":[{"href":"http:\/\/jornalrol.com.br\/index.php?rest_route=\/wp\/v2\/types\/post"}],"author":[{"embeddable":true,"href":"http:\/\/jornalrol.com.br\/index.php?rest_route=\/wp\/v2\/users\/101"}],"replies":[{"embeddable":true,"href":"http:\/\/jornalrol.com.br\/index.php?rest_route=%2Fwp%2Fv2%2Fcomments&post=78741"}],"version-history":[{"count":3,"href":"http:\/\/jornalrol.com.br\/index.php?rest_route=\/wp\/v2\/posts\/78741\/revisions"}],"predecessor-version":[{"id":78746,"href":"http:\/\/jornalrol.com.br\/index.php?rest_route=\/wp\/v2\/posts\/78741\/revisions\/78746"}],"wp:featuredmedia":[{"embeddable":true,"href":"http:\/\/jornalrol.com.br\/index.php?rest_route=\/wp\/v2\/media\/78742"}],"wp:attachment":[{"href":"http:\/\/jornalrol.com.br\/index.php?rest_route=%2Fwp%2Fv2%2Fmedia&parent=78741"}],"wp:term":[{"taxonomy":"category","embeddable":true,"href":"http:\/\/jornalrol.com.br\/index.php?rest_route=%2Fwp%2Fv2%2Fcategories&post=78741"},{"taxonomy":"post_tag","embeddable":true,"href":"http:\/\/jornalrol.com.br\/index.php?rest_route=%2Fwp%2Fv2%2Ftags&post=78741"}],"curies":[{"name":"wp","href":"https:\/\/api.w.org\/{rel}","templated":true}]}}