{"id":78947,"date":"2026-03-09T07:30:00","date_gmt":"2026-03-09T10:30:00","guid":{"rendered":"https:\/\/jornalrol.com.br\/?p=78947"},"modified":"2026-03-08T07:37:38","modified_gmt":"2026-03-08T10:37:38","slug":"depois-da-quinta","status":"publish","type":"post","link":"http:\/\/jornalrol.com.br\/?p=78947","title":{"rendered":"Depois da quinta"},"content":{"rendered":"<div class=\"pdfprnt-buttons pdfprnt-buttons-post pdfprnt-top-right\"><a href=\"http:\/\/jornalrol.com.br\/index.php?rest_route=%2Fwp%2Fv2%2Fposts%2F78947&print=pdf\" class=\"pdfprnt-button pdfprnt-button-pdf\" target=\"_blank\" ><\/a><a href=\"http:\/\/jornalrol.com.br\/index.php?rest_route=%2Fwp%2Fv2%2Fposts%2F78947&print=print\" class=\"pdfprnt-button pdfprnt-button-print\" target=\"_blank\" ><img decoding=\"async\" src=\"https:\/\/jornalrol.com.br\/wp-content\/plugins\/pdf-print\/images\/print.png\" alt=\"image_print\" title=\"Conte\u00fado de impress\u00e3o\" \/><\/a><\/div>\n<h2 class=\"wp-block-heading has-text-align-center\">Ramos Ant\u00f3nio Amine: Cr\u00f4nica &#8216;Depois da quinta&#8217;<br><br><\/h2>\n\n\n<div class=\"wp-block-image\">\n<figure class=\"aligncenter size-full is-resized\"><img loading=\"lazy\" decoding=\"async\" width=\"225\" height=\"241\" data-attachment-id=\"77836\" data-permalink=\"http:\/\/jornalrol.com.br\/?attachment_id=77836\" data-orig-file=\"http:\/\/jornalrol.com.br\/wp-content\/uploads\/2026\/01\/71f39624-0de9-49c7-a5f6-962d54ad62ec-1.jpg\" data-orig-size=\"225,241\" data-comments-opened=\"1\" data-image-meta=\"{&quot;aperture&quot;:&quot;0&quot;,&quot;credit&quot;:&quot;&quot;,&quot;camera&quot;:&quot;&quot;,&quot;caption&quot;:&quot;&quot;,&quot;created_timestamp&quot;:&quot;0&quot;,&quot;copyright&quot;:&quot;&quot;,&quot;focal_length&quot;:&quot;0&quot;,&quot;iso&quot;:&quot;0&quot;,&quot;shutter_speed&quot;:&quot;0&quot;,&quot;title&quot;:&quot;&quot;,&quot;orientation&quot;:&quot;0&quot;}\" data-image-title=\"71f39624-0de9-49c7-a5f6-962d54ad62ec\" data-image-description=\"&lt;p&gt;Ramos Ant\u00f3nio Amine&lt;\/p&gt;\n\" data-image-caption=\"&lt;p&gt;Ramos Ant\u00f3nio Amine&lt;\/p&gt;\n\" data-large-file=\"http:\/\/jornalrol.com.br\/wp-content\/uploads\/2026\/01\/71f39624-0de9-49c7-a5f6-962d54ad62ec-1.jpg\" src=\"http:\/\/jornalrol.com.br\/wp-content\/uploads\/2026\/01\/71f39624-0de9-49c7-a5f6-962d54ad62ec-1.jpg\" alt=\"Ramos Ant\u00f3nio Amine\" class=\"wp-image-77836\" style=\"aspect-ratio:0.9336704921221552;width:171px;height:auto\"\/><figcaption class=\"wp-element-caption\">Ramos Ant\u00f3nio Amine<\/figcaption><\/figure>\n<\/div>\n\n<div class=\"wp-block-image\">\n<figure class=\"aligncenter size-full\"><img loading=\"lazy\" decoding=\"async\" width=\"1536\" height=\"1024\" data-attachment-id=\"78949\" data-permalink=\"http:\/\/jornalrol.com.br\/?attachment_id=78949\" data-orig-file=\"http:\/\/jornalrol.com.br\/wp-content\/uploads\/2026\/03\/2c717941-b181-45b4-865d-81f4aa945c0a.jpg\" data-orig-size=\"1536,1024\" data-comments-opened=\"1\" data-image-meta=\"{&quot;aperture&quot;:&quot;0&quot;,&quot;credit&quot;:&quot;&quot;,&quot;camera&quot;:&quot;&quot;,&quot;caption&quot;:&quot;&quot;,&quot;created_timestamp&quot;:&quot;0&quot;,&quot;copyright&quot;:&quot;&quot;,&quot;focal_length&quot;:&quot;0&quot;,&quot;iso&quot;:&quot;0&quot;,&quot;shutter_speed&quot;:&quot;0&quot;,&quot;title&quot;:&quot;&quot;,&quot;orientation&quot;:&quot;0&quot;}\" data-image-title=\"2c717941-b181-45b4-865d-81f4aa945c0a\" data-image-description=\"\" data-image-caption=\"\" data-large-file=\"http:\/\/jornalrol.com.br\/wp-content\/uploads\/2026\/03\/2c717941-b181-45b4-865d-81f4aa945c0a.jpg\" src=\"https:\/\/jornalrol.com.br\/wp-content\/uploads\/2026\/03\/2c717941-b181-45b4-865d-81f4aa945c0a.jpg\" alt=\"\" class=\"wp-image-78949\" srcset=\"http:\/\/jornalrol.com.br\/wp-content\/uploads\/2026\/03\/2c717941-b181-45b4-865d-81f4aa945c0a.jpg 1536w, http:\/\/jornalrol.com.br\/wp-content\/uploads\/2026\/03\/2c717941-b181-45b4-865d-81f4aa945c0a-1200x800.jpg 1200w, http:\/\/jornalrol.com.br\/wp-content\/uploads\/2026\/03\/2c717941-b181-45b4-865d-81f4aa945c0a-768x512.jpg 768w\" sizes=\"auto, (max-width: 1536px) 100vw, 1536px\" \/><figcaption class=\"wp-element-caption\"><em>Imagem gerada pela IA do ChatGPT &#8211; https:\/\/chatgpt.com\/c\/69ac27f7-bb78-8330-b474-e619921290a5<\/em><\/figcaption><\/figure>\n<\/div>\n\n\n<p class=\"has-drop-cap\">Depois da quinta, as desculpas tornam-se in\u00fateis. A culpa deixa de ser abstrata: tem culpados, e a responsabilidade pesa, inteira, sobre os \u00edmpios. Descobre-se ent\u00e3o que a vergonha que nos cobre os rostos n\u00e3o nasceu de n\u00f3s, mas foi cuidadosamente constru\u00edda por aqueles que, ao longo do tempo, sobreviveram do sil\u00eancio c\u00famplice. O sil\u00eancio, afinal, sempre falou mais alto do que a voz dos \u00edmpios.<\/p>\n\n\n\n<p>Os neutros, que se diziam isentos, sem perceber que todos sabiam que sempre estiveram ao lado das for\u00e7as invis\u00edveis,&nbsp; farejam agora o mesmo odor da injusti\u00e7a que durante anos defenderam ou toleraram.<\/p>\n\n\n\n<p>Os indiferentes apressar\u00e3o por dizer que sempre souberam que a quinta iria ruir. S\u00e3o esses os verdadeiros hip\u00f3critas: n\u00e3o os que erraram, mas os que assistiram em sil\u00eancio e deixaram que outros errassem. Durante anos acomodaram-se na confort\u00e1vel ilus\u00e3o da neutralidade, como se a dist\u00e2ncia moral os absolvesse daquilo que viam acontecer diante dos seus olhos.<\/p>\n\n\n\n<p>Diferentes foram aqueles que sentiram o ch\u00e3o tremer quando ainda havia muros, os que ousaram questionar o calor infernal do poder instalado na quinta. A esses cabe agora uma tarefa mais dif\u00edcil: desfazer-se da chave que manteve a porta da quinta fechada. Porque, depois da quinta, existe sempre o risco de se construir outra: com novos nomes e os mesmos gestos.<\/p>\n\n\n\n<p>Depois da quinta, o sil\u00eancio j\u00e1 n\u00e3o \u00e9 aus\u00eancia de voz, mas o peso da verdade que resta quando tudo o mais cai. N\u00e3o h\u00e1 muros a derrubar nem portas a arrombar, porque a quinta nunca foi apenas um lugar. Sempre existiu dentro de cada gesto c\u00famplice, de cada escolha de n\u00e3o ver, de cada conveni\u00eancia moral que sustentou o sistema sem precisar de ordens expl\u00edcitas.&nbsp;<\/p>\n\n\n\n<p>Quem ousou confront\u00e1-la cedo percebeu que a sua queda n\u00e3o seria f\u00e1cil, nem f\u00edsica. N\u00e3o se tratava de destruir paredes, mas de romper consci\u00eancias. A verdadeira derrubada come\u00e7aria na recusa de dirigir-se de joelhos ao altar da hipocrisia; na coragem de acolher aquilo que o sistema julga em voz alta enquanto, em surdina, contempla os seus seios; na vigil\u00e2ncia \u00e9tica de quem permaneceu desperto quando era mais compensador dormir. Cada ato de honestidade tornou-se uma ren\u00fancia silenciosa \u00e0 comunh\u00e3o dos \u00edmpios. Cada sil\u00eancio recusado abriu uma racha no c\u00e1lice que sustentava a prostituta.<\/p>\n\n\n\n<p>Depois da quinta, os muros desabam&nbsp; e com eles desaparecem as l\u00ednguas ensalivadas dos bajuladores. A mis\u00e9ria deixa de pagar IVA. Resta apenas o espa\u00e7o nu da consci\u00eancia: esse territ\u00f3rio sem m\u00e1culas onde cada um \u00e9 obrigado a decidir se reconstruir\u00e1 a quinta com outros materiais ou se permitir\u00e1 que a \u00e9tica cres\u00e7a livre sem altar, sem c\u00e1lice e sem \u00eddolos de teatro.<\/p>\n\n\n\n<p>Depois da quinta n\u00e3o nasce o sagrado. Nasce o peso da escolha. Nasce a intimidade inc\u00f4moda de olhar para si mesmo sem disfarces, sem r\u00f3tulos, sem a prote\u00e7\u00e3o do corvo que se alimentava dos pintainhos das galinhas dos sem-teto. \u00c9 a\u00ed&nbsp; e apenas a\u00ed que a verdadeira derrubada acontece.<\/p>\n\n\n\n<p>Os \u00edmpios, incapazes de aceitar o que ocorreu, procurar\u00e3o consolo em salmos 151, inventando escrituras tardias para justificar o que jamais foi justific\u00e1vel. Os seus bens ser\u00e3o repartidos entre os pobres empobrecidos pelos ricos, ricos que n\u00e3o passam de simples endinheirados e os seus descendentes carregar\u00e3o a vergonha dos nomes que herdaram.<\/p>\n\n\n\n<p>Depois da antiga quinta, a \u00e1rvore frondosa ao redor da quinta ousar\u00e1 finalmente florir. As suas ra\u00edzes alargar-se-\u00e3o de tanta felicidade contida. O ar, antes polu\u00eddo, far\u00e1 falta \u00e0queles que o contaminaram. Os arames farpados que mantiveram intacto o per\u00edmetro da exclus\u00e3o servir\u00e3o agora para fabricar carros de arame para as crian\u00e7as de p\u00e9s descal\u00e7os.<\/p>\n\n\n\n<p>Os c\u00e3es fardados reconhecer\u00e3o os \u00edmpios, mas n\u00e3o lhes obedecer\u00e3o. Declarar\u00e3o ca\u00e7a n\u00e3o aos executores menores, mas aos emissores das ordens superiores. Os contratos assinados sob a l\u00f3gica da explora\u00e7\u00e3o eterna dos recursos naturais ser\u00e3o desfeitos. Os seus assinantes ser\u00e3o obrigados a engoli-los, tal como foram engolidos os sapos sob o pretexto da paz. Haver\u00e1 quem queira v\u00ea-los incinerados, como foram incinerados, em outros tempos, os cr\u00edticos que ousaram falar quando ainda havia muros.<\/p>\n\n\n\n<p>Depois da quinta, tamb\u00e9m aqueles que ru\u00edram a velha quinta ser\u00e3o vigiados, para que n\u00e3o se convertam nos \u00edmpios de amanh\u00e3. Porque aquele que diz \u201ceu vos libertei\u201d \u00e9 mais perigoso do que aquele que explorou. Mesmo mortos, os seus corpos ser\u00e3o vitrificados para que, ao reanimarem, n\u00e3o possam revelar o caminho por onde foi enterrada a chave da velha quinta.<\/p>\n\n\n\n<p>Depois da quinta, nada garante justi\u00e7a plena. Mas j\u00e1 n\u00e3o h\u00e1 inoc\u00eancia poss\u00edvel. Cada um ser\u00e1 obrigado a sujar as m\u00e3os para que o jardim prometido em <em>Candide<\/em>, de Voltaire, seja finalmente cultivado com vida para que cada um se torne digno das flores desse jardim.<\/p>\n\n\n\n<p>Depois da quinta, ningu\u00e9m pode assegurar que n\u00e3o surgir\u00e3o novos traidores. Mas estes ser\u00e3o vigiados e, quando descobertos, ser\u00e3o vilipendiados na pra\u00e7a p\u00fablica. As est\u00e1tuas erguidas no interior da quinta ser\u00e3o vaiadas, la\u00e7adas pelo pesco\u00e7o e arrastadas para vitaliza\u00e7\u00e3o nas redes sociais. As que resistirem \u00e0 humilha\u00e7\u00e3o ser\u00e3o queimadas, enquanto os \u00edmpios, j\u00e1 impotentes, assistir\u00e3o \u00e0 cena sem poder fazer nada. Pedir\u00e3o que se paute pelo respeito \u00e0 vida, \u00e0 liberdade e \u00e0 propriedade, mas se esquecer\u00e3o de que jamais permitiram que os catadores de rua tivessem vida, liberdade ou propriedade.<\/p>\n\n\n\n<p>Nesse tempo, este texto n\u00e3o ter\u00e1 circula\u00e7\u00e3o clandestina. A sua leitura ser\u00e1 obrigat\u00f3ria nas escolas, nos comboios, nos transportes semicoletivos e nas igrejas, e o seu autor j\u00e1 n\u00e3o pensar\u00e1 em continuar o seu livro sobre &#8216;O Pa\u00eds de Quest\u00f5es Silenciadas&#8217;. Tudo isso para lhes recordar que est\u00e3o sozinhos neste buraco chamado mundo. Por isso, nada de desculpas.<\/p>\n\n\n\n<h3 class=\"wp-block-heading has-text-align-center\"><br>Ramos Ant\u00f3nio Amine<\/h3>\n\n\n\n<div class=\"wp-block-columns is-layout-flex wp-container-core-columns-is-layout-9d6595d7 wp-block-columns-is-layout-flex\">\n<div class=\"wp-block-column is-layout-flow wp-block-column-is-layout-flow\">\n<h3 class=\"wp-block-heading has-text-align-center has-electric-grass-gradient-background has-background\"><a href=\"https:\/\/www.instagram.com\/p\/DEYUTkBNmj8\/\" target=\"_blank\" rel=\"noopener\" title=\"Instagram\">Instagram<\/a><\/h3>\n<\/div>\n\n\n\n<div class=\"wp-block-column is-layout-flow wp-block-column-is-layout-flow\">\n<h3 class=\"wp-block-heading has-text-align-center has-electric-grass-gradient-background has-background\"><a href=\"https:\/\/www.youtube.com\/@ramosantonioamine\" target=\"_blank\" rel=\"noopener\" title=\"YouTube\">YouTube<\/a><\/h3>\n<\/div>\n\n\n\n<div class=\"wp-block-column is-layout-flow wp-block-column-is-layout-flow\">\n<h3 class=\"wp-block-heading has-text-align-center has-electric-grass-gradient-background has-background\"><a href=\"https:\/\/www.facebook.com\/profile.php?id=61586084024398\" title=\"Facebook\">Facebook<\/a><\/h3>\n<\/div>\n<\/div>\n\n\n\n<p><a href=\"http:\/\/jornalrol.com.br\/\" title=\"Voltar\">Voltar<\/a><\/p>\n\n\n\n<p><a href=\"https:\/\/www.facebook.com\/JCulturalrol\/\" title=\"Facebook\">Facebook<\/a><\/p>\n","protected":false},"excerpt":{"rendered":"<p>Depois da quinta, as desculpas tornam-se in\u00fateis. A culpa deixa de ser abstrata: tem culpados, e a responsabilidade pesa, inteira, sobre os \u00edmpios. <\/p>\n","protected":false},"author":134,"featured_media":78949,"comment_status":"open","ping_status":"closed","sticky":false,"template":"","format":"standard","meta":{"_jetpack_newsletter_access":"","_jetpack_dont_email_post_to_subs":false,"_jetpack_newsletter_tier_id":0,"_jetpack_memberships_contains_paywalled_content":false,"_jetpack_memberships_contains_paid_content":false,"footnotes":""},"categories":[9392,9285],"tags":[16330,16331,13673,16332,15123,16329],"class_list":["post-78947","post","type-post","status-publish","format-standard","has-post-thumbnail","hentry","category-cronicas","category-literatura","tag-atitudes-humanas","tag-critica-aos-costumes","tag-cumplicidade","tag-hipocriisia","tag-imoralidade","tag-neutralidade"],"aioseo_notices":[],"views":717,"jetpack_featured_media_url":"http:\/\/jornalrol.com.br\/wp-content\/uploads\/2026\/03\/2c717941-b181-45b4-865d-81f4aa945c0a.jpg","jetpack_sharing_enabled":true,"jetpack_likes_enabled":true,"jetpack-related-posts":[{"id":78728,"url":"http:\/\/jornalrol.com.br\/?p=78728","url_meta":{"origin":78947,"position":0},"title":"A quinta dos \u00edmpios","author":"Ramos Antonio Amine","date":"26 de fevereiro de 2026","format":false,"excerpt":"Na Quinta dos \u00cdmpios, respira-se apenas porque o ar ainda n\u00e3o foi cooptado. Ainda assim, \u00e9 polu\u00eddo, n\u00e3o absoluto, mas condicionado. O sol aquece os sem...","rel":"","context":"Em &quot;Literatura&quot;","block_context":{"text":"Literatura","link":"http:\/\/jornalrol.com.br\/?cat=9285"},"img":{"alt_text":"https:\/\/chatgpt.com\/c\/699fc88b-daf8-832a-8df0-20e8a7b4ee0a","src":"https:\/\/i0.wp.com\/jornalrol.com.br\/wp-content\/uploads\/2026\/02\/7d83b596-e63b-4f49-94a1-44325199b7dd.jpg?resize=350%2C200","width":350,"height":200,"srcset":"https:\/\/i0.wp.com\/jornalrol.com.br\/wp-content\/uploads\/2026\/02\/7d83b596-e63b-4f49-94a1-44325199b7dd.jpg?resize=350%2C200 1x, https:\/\/i0.wp.com\/jornalrol.com.br\/wp-content\/uploads\/2026\/02\/7d83b596-e63b-4f49-94a1-44325199b7dd.jpg?resize=525%2C300 1.5x, https:\/\/i0.wp.com\/jornalrol.com.br\/wp-content\/uploads\/2026\/02\/7d83b596-e63b-4f49-94a1-44325199b7dd.jpg?resize=700%2C400 2x, https:\/\/i0.wp.com\/jornalrol.com.br\/wp-content\/uploads\/2026\/02\/7d83b596-e63b-4f49-94a1-44325199b7dd.jpg?resize=1050%2C600 3x, https:\/\/i0.wp.com\/jornalrol.com.br\/wp-content\/uploads\/2026\/02\/7d83b596-e63b-4f49-94a1-44325199b7dd.jpg?resize=1400%2C800 4x"},"classes":[]},{"id":77917,"url":"http:\/\/jornalrol.com.br\/?p=77917","url_meta":{"origin":78947,"position":1},"title":"A prostituta ressuscitada","author":"Ramos Antonio Amine","date":"21 de janeiro de 2026","format":false,"excerpt":"A sociedade foi programada para dar respostas r\u00e1pidas a problemas complexos. Rotular algu\u00e9m de prostituta tornou-se, ao longo do tempo, uma dessas respostas...","rel":"","context":"Em &quot;Cr\u00f4nicas&quot;","block_context":{"text":"Cr\u00f4nicas","link":"http:\/\/jornalrol.com.br\/?cat=9392"},"img":{"alt_text":"Imagem criada por IA do Grok - 21 de janeiro de 2021, \u00e0s 07:45 PM - https:\/\/grok.com\/imagine\/post\/80c83328-2e66-4bc9-8a23-f5c0d2bef7ab","src":"https:\/\/i0.wp.com\/jornalrol.com.br\/wp-content\/uploads\/2026\/01\/80c83328-2e66-4bc9-8a23-f5c0d2bef7ab.jpg?resize=350%2C200","width":350,"height":200,"srcset":"https:\/\/i0.wp.com\/jornalrol.com.br\/wp-content\/uploads\/2026\/01\/80c83328-2e66-4bc9-8a23-f5c0d2bef7ab.jpg?resize=350%2C200 1x, https:\/\/i0.wp.com\/jornalrol.com.br\/wp-content\/uploads\/2026\/01\/80c83328-2e66-4bc9-8a23-f5c0d2bef7ab.jpg?resize=525%2C300 1.5x, https:\/\/i0.wp.com\/jornalrol.com.br\/wp-content\/uploads\/2026\/01\/80c83328-2e66-4bc9-8a23-f5c0d2bef7ab.jpg?resize=700%2C400 2x"},"classes":[]},{"id":78182,"url":"http:\/\/jornalrol.com.br\/?p=78182","url_meta":{"origin":78947,"position":2},"title":"O Altar da hipocrisia","author":"Ramos Antonio Amine","date":"2 de fevereiro de 2026","format":false,"excerpt":"Toda sociedade forja os seus altares. Alguns s\u00e3o vis\u00edveis, feitos de pedra ou madeira, de p\u00falpito e discurso moral. Outros s\u00e3o invis\u00edveis, mas mais eficazes...","rel":"","context":"Em &quot;Cr\u00f4nicas&quot;","block_context":{"text":"Cr\u00f4nicas","link":"http:\/\/jornalrol.com.br\/?cat=9392"},"img":{"alt_text":"Imagem criada por IA do Grok - 02 defevereiro de 2026, \u00e0s 09:45 PM - https:\/\/grok.com\/imagine\/post\/8d3dced0-331a-49f0-9408-43a9deb2f69a","src":"https:\/\/i0.wp.com\/jornalrol.com.br\/wp-content\/uploads\/2026\/02\/8d3dced0-331a-49f0-9408-43a9deb2f69a-1.jpg?resize=350%2C200","width":350,"height":200,"srcset":"https:\/\/i0.wp.com\/jornalrol.com.br\/wp-content\/uploads\/2026\/02\/8d3dced0-331a-49f0-9408-43a9deb2f69a-1.jpg?resize=350%2C200 1x, https:\/\/i0.wp.com\/jornalrol.com.br\/wp-content\/uploads\/2026\/02\/8d3dced0-331a-49f0-9408-43a9deb2f69a-1.jpg?resize=525%2C300 1.5x, https:\/\/i0.wp.com\/jornalrol.com.br\/wp-content\/uploads\/2026\/02\/8d3dced0-331a-49f0-9408-43a9deb2f69a-1.jpg?resize=700%2C400 2x"},"classes":[]},{"id":79342,"url":"http:\/\/jornalrol.com.br\/?p=79342","url_meta":{"origin":78947,"position":3},"title":"Os filhos da quinta","author":"Ramos Antonio Amine","date":"18 de mar\u00e7o de 2026","format":false,"excerpt":"Durante muito tempo, fingiu-se que a quinta era apenas um lugar, um espa\u00e7o cercado por arames farpados, guardado por c\u00e3es fardados e saturado pelo cheiro...","rel":"","context":"Em &quot;Contos&quot;","block_context":{"text":"Contos","link":"http:\/\/jornalrol.com.br\/?cat=9607"},"img":{"alt_text":"Imagem criada pelo ChatGPT - https:\/\/chatgpt.com\/c\/69badd6e-9af8-83e9-bba5-abb87a20baba","src":"https:\/\/i0.wp.com\/jornalrol.com.br\/wp-content\/uploads\/2026\/03\/016cff79-0f09-4482-8698-e6b765ad932e.jpg?resize=350%2C200","width":350,"height":200,"srcset":"https:\/\/i0.wp.com\/jornalrol.com.br\/wp-content\/uploads\/2026\/03\/016cff79-0f09-4482-8698-e6b765ad932e.jpg?resize=350%2C200 1x, https:\/\/i0.wp.com\/jornalrol.com.br\/wp-content\/uploads\/2026\/03\/016cff79-0f09-4482-8698-e6b765ad932e.jpg?resize=525%2C300 1.5x, https:\/\/i0.wp.com\/jornalrol.com.br\/wp-content\/uploads\/2026\/03\/016cff79-0f09-4482-8698-e6b765ad932e.jpg?resize=700%2C400 2x, https:\/\/i0.wp.com\/jornalrol.com.br\/wp-content\/uploads\/2026\/03\/016cff79-0f09-4482-8698-e6b765ad932e.jpg?resize=1050%2C600 3x, https:\/\/i0.wp.com\/jornalrol.com.br\/wp-content\/uploads\/2026\/03\/016cff79-0f09-4482-8698-e6b765ad932e.jpg?resize=1400%2C800 4x"},"classes":[]},{"id":80038,"url":"http:\/\/jornalrol.com.br\/?p=80038","url_meta":{"origin":78947,"position":4},"title":"O terceiro sinal","author":"Ramos Antonio Amine","date":"13 de abril de 2026","format":false,"excerpt":"Decidida, sem retorno poss\u00edvel, a fuga da quinta, a m\u00e3e do mi\u00fado guardou o plano em sil\u00eancio, como faz a guardi\u00e3 dos avisos ignorados quando decide...","rel":"","context":"Em &quot;Contos&quot;","block_context":{"text":"Contos","link":"http:\/\/jornalrol.com.br\/?cat=9607"},"img":{"alt_text":"Imagem gerada pelo ChatGPT - https:\/\/chatgpt.com\/c\/69dd279c-d650-83e9-b917-3ceda5737047","src":"https:\/\/i0.wp.com\/jornalrol.com.br\/wp-content\/uploads\/2026\/04\/53b19d0d-47be-4982-bf9c-3081253fd057-1.jpg?resize=350%2C200","width":350,"height":200,"srcset":"https:\/\/i0.wp.com\/jornalrol.com.br\/wp-content\/uploads\/2026\/04\/53b19d0d-47be-4982-bf9c-3081253fd057-1.jpg?resize=350%2C200 1x, https:\/\/i0.wp.com\/jornalrol.com.br\/wp-content\/uploads\/2026\/04\/53b19d0d-47be-4982-bf9c-3081253fd057-1.jpg?resize=525%2C300 1.5x, https:\/\/i0.wp.com\/jornalrol.com.br\/wp-content\/uploads\/2026\/04\/53b19d0d-47be-4982-bf9c-3081253fd057-1.jpg?resize=700%2C400 2x"},"classes":[]},{"id":78071,"url":"http:\/\/jornalrol.com.br\/?p=78071","url_meta":{"origin":78947,"position":5},"title":"O c\u00e1lice da prostituta","author":"Ramos Antonio Amine","date":"28 de janeiro de 2026","format":false,"excerpt":"A sociedade oferece \u00e0 prostituta um c\u00e1lice amargo e exige que ela o beba em surdina. N\u00e3o se interessa em saber se ela tem sede, nem se \u00e9 o vinho que ela prefere","rel":"","context":"Em &quot;Contos&quot;","block_context":{"text":"Contos","link":"http:\/\/jornalrol.com.br\/?cat=9607"},"img":{"alt_text":"Imagen criada por IA da Meta","src":"https:\/\/i0.wp.com\/jornalrol.com.br\/wp-content\/uploads\/2026\/01\/AQOXJly0esAv190rOfVPPg1uZDB3cwYw4rs1wDBcftNtzJw5MZ2IXQBY1z64f2dpWbH0L-VxQxedSXMEEgSVQVUfrV316PGr1-iDUysf9kclgr6fDBebpvnvE1kvEcyM3O5-BmrDMVzf0Q2f58WemBTB8eSY2A.jpeg?resize=350%2C200","width":350,"height":200,"srcset":"https:\/\/i0.wp.com\/jornalrol.com.br\/wp-content\/uploads\/2026\/01\/AQOXJly0esAv190rOfVPPg1uZDB3cwYw4rs1wDBcftNtzJw5MZ2IXQBY1z64f2dpWbH0L-VxQxedSXMEEgSVQVUfrV316PGr1-iDUysf9kclgr6fDBebpvnvE1kvEcyM3O5-BmrDMVzf0Q2f58WemBTB8eSY2A.jpeg?resize=350%2C200 1x, https:\/\/i0.wp.com\/jornalrol.com.br\/wp-content\/uploads\/2026\/01\/AQOXJly0esAv190rOfVPPg1uZDB3cwYw4rs1wDBcftNtzJw5MZ2IXQBY1z64f2dpWbH0L-VxQxedSXMEEgSVQVUfrV316PGr1-iDUysf9kclgr6fDBebpvnvE1kvEcyM3O5-BmrDMVzf0Q2f58WemBTB8eSY2A.jpeg?resize=525%2C300 1.5x, https:\/\/i0.wp.com\/jornalrol.com.br\/wp-content\/uploads\/2026\/01\/AQOXJly0esAv190rOfVPPg1uZDB3cwYw4rs1wDBcftNtzJw5MZ2IXQBY1z64f2dpWbH0L-VxQxedSXMEEgSVQVUfrV316PGr1-iDUysf9kclgr6fDBebpvnvE1kvEcyM3O5-BmrDMVzf0Q2f58WemBTB8eSY2A.jpeg?resize=700%2C400 2x"},"classes":[]}],"_links":{"self":[{"href":"http:\/\/jornalrol.com.br\/index.php?rest_route=\/wp\/v2\/posts\/78947","targetHints":{"allow":["GET"]}}],"collection":[{"href":"http:\/\/jornalrol.com.br\/index.php?rest_route=\/wp\/v2\/posts"}],"about":[{"href":"http:\/\/jornalrol.com.br\/index.php?rest_route=\/wp\/v2\/types\/post"}],"author":[{"embeddable":true,"href":"http:\/\/jornalrol.com.br\/index.php?rest_route=\/wp\/v2\/users\/134"}],"replies":[{"embeddable":true,"href":"http:\/\/jornalrol.com.br\/index.php?rest_route=%2Fwp%2Fv2%2Fcomments&post=78947"}],"version-history":[{"count":2,"href":"http:\/\/jornalrol.com.br\/index.php?rest_route=\/wp\/v2\/posts\/78947\/revisions"}],"predecessor-version":[{"id":78950,"href":"http:\/\/jornalrol.com.br\/index.php?rest_route=\/wp\/v2\/posts\/78947\/revisions\/78950"}],"wp:featuredmedia":[{"embeddable":true,"href":"http:\/\/jornalrol.com.br\/index.php?rest_route=\/wp\/v2\/media\/78949"}],"wp:attachment":[{"href":"http:\/\/jornalrol.com.br\/index.php?rest_route=%2Fwp%2Fv2%2Fmedia&parent=78947"}],"wp:term":[{"taxonomy":"category","embeddable":true,"href":"http:\/\/jornalrol.com.br\/index.php?rest_route=%2Fwp%2Fv2%2Fcategories&post=78947"},{"taxonomy":"post_tag","embeddable":true,"href":"http:\/\/jornalrol.com.br\/index.php?rest_route=%2Fwp%2Fv2%2Ftags&post=78947"}],"curies":[{"name":"wp","href":"https:\/\/api.w.org\/{rel}","templated":true}]}}