{"id":78959,"date":"2026-03-08T10:48:51","date_gmt":"2026-03-08T13:48:51","guid":{"rendered":"https:\/\/jornalrol.com.br\/?p=78959"},"modified":"2026-03-22T10:25:30","modified_gmt":"2026-03-22T13:25:30","slug":"ate-quando","status":"publish","type":"post","link":"http:\/\/jornalrol.com.br\/?p=78959","title":{"rendered":"At\u00e9 quando?"},"content":{"rendered":"<div class=\"pdfprnt-buttons pdfprnt-buttons-post pdfprnt-top-right\"><a href=\"http:\/\/jornalrol.com.br\/index.php?rest_route=%2Fwp%2Fv2%2Fposts%2F78959&print=pdf\" class=\"pdfprnt-button pdfprnt-button-pdf\" target=\"_blank\" ><\/a><a href=\"http:\/\/jornalrol.com.br\/index.php?rest_route=%2Fwp%2Fv2%2Fposts%2F78959&print=print\" class=\"pdfprnt-button pdfprnt-button-print\" target=\"_blank\" ><img decoding=\"async\" src=\"https:\/\/jornalrol.com.br\/wp-content\/plugins\/pdf-print\/images\/print.png\" alt=\"image_print\" title=\"Conte\u00fado de impress\u00e3o\" \/><\/a><\/div>\n<h2 class=\"wp-block-heading has-text-align-center\">Karla Dornelas: Poema &#8216;At\u00e9 quando?&#8217;<br><br><\/h2>\n\n\n<div class=\"wp-block-image\">\n<figure class=\"aligncenter size-full is-resized\"><img loading=\"lazy\" decoding=\"async\" width=\"1536\" height=\"1027\" data-attachment-id=\"78960\" data-permalink=\"http:\/\/jornalrol.com.br\/?attachment_id=78960\" data-orig-file=\"http:\/\/jornalrol.com.br\/wp-content\/uploads\/2026\/03\/IMG-20240131-WA0060-1-1536x1027-2.jpg\" data-orig-size=\"1536,1027\" data-comments-opened=\"1\" data-image-meta=\"{&quot;aperture&quot;:&quot;0&quot;,&quot;credit&quot;:&quot;&quot;,&quot;camera&quot;:&quot;&quot;,&quot;caption&quot;:&quot;&quot;,&quot;created_timestamp&quot;:&quot;0&quot;,&quot;copyright&quot;:&quot;&quot;,&quot;focal_length&quot;:&quot;0&quot;,&quot;iso&quot;:&quot;0&quot;,&quot;shutter_speed&quot;:&quot;0&quot;,&quot;title&quot;:&quot;&quot;,&quot;orientation&quot;:&quot;0&quot;}\" data-image-title=\"IMG-20240131-WA0060-1-1536&amp;#215;1027\" data-image-description=\"\" data-image-caption=\"\" data-large-file=\"http:\/\/jornalrol.com.br\/wp-content\/uploads\/2026\/03\/IMG-20240131-WA0060-1-1536x1027-2.jpg\" src=\"https:\/\/jornalrol.com.br\/wp-content\/uploads\/2026\/03\/IMG-20240131-WA0060-1-1536x1027-2.jpg\" alt=\"Logo da se\u00e7\u00e3o O Leitor Participa\" class=\"wp-image-78960\" style=\"aspect-ratio:1.495659915423993;width:379px;height:auto\" srcset=\"http:\/\/jornalrol.com.br\/wp-content\/uploads\/2026\/03\/IMG-20240131-WA0060-1-1536x1027-2.jpg 1536w, http:\/\/jornalrol.com.br\/wp-content\/uploads\/2026\/03\/IMG-20240131-WA0060-1-1536x1027-2-1200x802.jpg 1200w, http:\/\/jornalrol.com.br\/wp-content\/uploads\/2026\/03\/IMG-20240131-WA0060-1-1536x1027-2-768x514.jpg 768w\" sizes=\"auto, (max-width: 1536px) 100vw, 1536px\" \/><figcaption class=\"wp-element-caption\"><em>Logo da se\u00e7\u00e3o Logo da se\u00e7\u00e3o O Leitor Participa<\/em><\/figcaption><\/figure>\n<\/div>\n\n<div class=\"wp-block-image\">\n<figure class=\"aligncenter size-full is-resized\"><img loading=\"lazy\" decoding=\"async\" width=\"1024\" height=\"1536\" data-attachment-id=\"78961\" data-permalink=\"http:\/\/jornalrol.com.br\/?attachment_id=78961\" data-orig-file=\"http:\/\/jornalrol.com.br\/wp-content\/uploads\/2026\/03\/6b31000f-4eb7-4504-97d0-f1c36951782b.jpg\" data-orig-size=\"1024,1536\" data-comments-opened=\"1\" data-image-meta=\"{&quot;aperture&quot;:&quot;0&quot;,&quot;credit&quot;:&quot;&quot;,&quot;camera&quot;:&quot;&quot;,&quot;caption&quot;:&quot;&quot;,&quot;created_timestamp&quot;:&quot;0&quot;,&quot;copyright&quot;:&quot;&quot;,&quot;focal_length&quot;:&quot;0&quot;,&quot;iso&quot;:&quot;0&quot;,&quot;shutter_speed&quot;:&quot;0&quot;,&quot;title&quot;:&quot;&quot;,&quot;orientation&quot;:&quot;0&quot;}\" data-image-title=\"6b31000f-4eb7-4504-97d0-f1c36951782b\" data-image-description=\"\" data-image-caption=\"\" data-large-file=\"http:\/\/jornalrol.com.br\/wp-content\/uploads\/2026\/03\/6b31000f-4eb7-4504-97d0-f1c36951782b.jpg\" src=\"https:\/\/jornalrol.com.br\/wp-content\/uploads\/2026\/03\/6b31000f-4eb7-4504-97d0-f1c36951782b.jpg\" alt=\"\" class=\"wp-image-78961\" style=\"width:334px;height:auto\" srcset=\"http:\/\/jornalrol.com.br\/wp-content\/uploads\/2026\/03\/6b31000f-4eb7-4504-97d0-f1c36951782b.jpg 1024w, http:\/\/jornalrol.com.br\/wp-content\/uploads\/2026\/03\/6b31000f-4eb7-4504-97d0-f1c36951782b-800x1200.jpg 800w, http:\/\/jornalrol.com.br\/wp-content\/uploads\/2026\/03\/6b31000f-4eb7-4504-97d0-f1c36951782b-768x1152.jpg 768w\" sizes=\"auto, (max-width: 1024px) 100vw, 1024px\" \/><figcaption class=\"wp-element-caption\"><em>Imagem gerada por IA do ChatGPT &#8211; 08 de mar\u00e7o de 2026, \u00e0s 10:15<\/em><\/figcaption><\/figure>\n<\/div>\n\n\n<p class=\"has-text-align-center\">Somos atacadas<br>porque somos mulheres?<br>A senten\u00e7a<br>j\u00e1 nasce no ventre?<\/p>\n\n\n\n<p class=\"has-text-align-center\">Por sermos mulheres<br>pagamos antes mesmo<br>de existir?<\/p>\n\n\n\n<p class=\"has-text-align-center\">Pela roupa.<br>Pelo corpo.<br>Pela liberdade<br>que insistem em dizer<br>que n\u00e3o podemos ter.<\/p>\n\n\n\n<p class=\"has-text-align-center\">Dizem que foi a roupa.<br>Dizem que foi o hor\u00e1rio.<br>Dizem que foi o comportamento.<br>Mas nunca dizem<br>que foi a viol\u00eancia.<\/p>\n\n\n\n<p class=\"has-text-align-center\">Ent\u00e3o responda \u2014<br>com coragem e sinceridade:<\/p>\n\n\n\n<p class=\"has-text-align-center\">Qual das mulheres que voc\u00ea ama<br>voc\u00ea entregaria<br>\u00e0 dor,<br>ao medo,<br>ao sangue?<\/p>\n\n\n\n<p class=\"has-text-align-center\">Qual delas aceitaria ver<br>espancada,<br>violentada,<br>assassinada\u2026<br>e ainda assim<br>procuraria uma justificativa<br>para torn\u00e1-la culpada?<\/p>\n\n\n\n<p class=\"has-text-align-center\">Porque toda vez<br>que se culpa uma mulher<br>apenas por ser mulher \u2014<br>por viver,<br>errar,<br>existir<br>como qualquer ser humano \u2014<br>a viol\u00eancia encontra abrigo.<\/p>\n\n\n\n<p class=\"has-text-align-center\">Justificar agress\u00f5es<br>\u00e9 participar do sil\u00eancio.<br>\u00c9 normalizar o horror.<\/p>\n\n\n\n<p class=\"has-text-align-center\">\u00c9 permitir<br>que matem uma mulher<br>antes mesmo<br>de tirarem sua vida.<\/p>\n\n\n\n<p class=\"has-text-align-center\">Porque a viol\u00eancia contra uma mulher<br>come\u00e7a no julgamento.<\/p>\n\n\n\n<p class=\"has-text-align-center\">Culpada<br>porque \u00e9 mulher.<br>Culpada<br>porque terminou.<br>Culpada<br>pela roupa curta.<br>Culpada<br>porque falou.<br>Culpada<br>porque existiu.<\/p>\n\n\n\n<p class=\"has-text-align-center\">Culpada.<br>Culpada.<br>Culpada.<\/p>\n\n\n\n<p class=\"has-text-align-center\">E o veredito final:<br>apagar quem somos,<br>silenciar o que amamos.<\/p>\n\n\n\n<p class=\"has-text-align-center\">At\u00e9 quando?<\/p>\n\n\n\n<h3 class=\"wp-block-heading has-text-align-center\"><br>Karla Dornelas<\/h3>\n\n\n<div class=\"wp-block-image\">\n<figure class=\"alignright size-full is-resized\"><img loading=\"lazy\" decoding=\"async\" width=\"1024\" height=\"1536\" data-attachment-id=\"79194\" data-permalink=\"http:\/\/jornalrol.com.br\/?attachment_id=79194\" data-orig-file=\"http:\/\/jornalrol.com.br\/wp-content\/uploads\/2026\/03\/Foto-Karla.png\" data-orig-size=\"1024,1536\" data-comments-opened=\"1\" data-image-meta=\"{&quot;aperture&quot;:&quot;0&quot;,&quot;credit&quot;:&quot;&quot;,&quot;camera&quot;:&quot;&quot;,&quot;caption&quot;:&quot;&quot;,&quot;created_timestamp&quot;:&quot;0&quot;,&quot;copyright&quot;:&quot;&quot;,&quot;focal_length&quot;:&quot;0&quot;,&quot;iso&quot;:&quot;0&quot;,&quot;shutter_speed&quot;:&quot;0&quot;,&quot;title&quot;:&quot;&quot;,&quot;orientation&quot;:&quot;0&quot;}\" data-image-title=\"Foto &amp;#8211; Karla\" data-image-description=\"\" data-image-caption=\"\" data-large-file=\"http:\/\/jornalrol.com.br\/wp-content\/uploads\/2026\/03\/Foto-Karla.png\" src=\"http:\/\/jornalrol.com.br\/wp-content\/uploads\/2026\/03\/Foto-Karla.png\" alt=\"Karla Dornelas\" class=\"wp-image-79194\" style=\"aspect-ratio:0.666675115002978;width:155px;height:auto\" srcset=\"http:\/\/jornalrol.com.br\/wp-content\/uploads\/2026\/03\/Foto-Karla.png 1024w, http:\/\/jornalrol.com.br\/wp-content\/uploads\/2026\/03\/Foto-Karla-800x1200.png 800w, http:\/\/jornalrol.com.br\/wp-content\/uploads\/2026\/03\/Foto-Karla-768x1152.png 768w\" sizes=\"auto, (max-width: 1024px) 100vw, 1024px\" \/><figcaption class=\"wp-element-caption\"><em>Karla Dornelas<\/em><\/figcaption><\/figure>\n<\/div>\n\n\n<p><strong>Karla Dornelas<\/strong>, natural de Caratinga (MG), \u00e9 escritora e poetisa. Membro da Federa\u00e7\u00e3o Brasileira dos Acad\u00eamicos das Ci\u00eancias, Letras e Artes &#8211; FEBACLA e da Academia Brasileira de Hist\u00f3ria e Literatura -ABHL, com projetos liter\u00e1rios em desenvolvimento, incluindo a reedi\u00e7\u00e3o de seu primeiro livro de poesias, &#8216;Simplesmente Voc\u00ea&#8217;.<\/p>\n\n\n\n<p>Ao longo de sua trajet\u00f3ria, foi contemplada com men\u00e7\u00f5es honrosas por sua dedica\u00e7\u00e3o \u00e0 arte e \u00e0 literatura. <\/p>\n\n\n\n<p>Sua escrita nasce do olhar sens\u00edvel sobre o cotidiano, transformando o mundo em experi\u00eancias po\u00e9ticas e afetivas. <\/p>\n\n\n\n<p>Com linguagem marcada pela delicadeza, musicalidade e cria\u00e7\u00e3o de vocabul\u00e1rio pr\u00f3prio, busca dar voz ao invis\u00edvel e valorizar o que \u00e9 essencialmente humano, dedicando-se \u00e0 constru\u00e7\u00e3o de uma trajet\u00f3ria liter\u00e1ria voltada \u00e0 arte de tocar e transformar o leitor por meio da palavra.<\/p>\n\n\n\n<div class=\"wp-block-columns is-layout-flex wp-container-core-columns-is-layout-9d6595d7 wp-block-columns-is-layout-flex\">\n<div class=\"wp-block-column is-layout-flow wp-block-column-is-layout-flow\">\n<h3 class=\"wp-block-heading has-text-align-center has-luminous-vivid-amber-to-luminous-vivid-orange-gradient-background has-background\"><a href=\"https:\/\/www.instagram.com\/karlacdornelas\/\" target=\"_blank\" rel=\"noopener\" title=\"Instagram\">Instagram<\/a><\/h3>\n<\/div>\n\n\n\n<div class=\"wp-block-column is-layout-flow wp-block-column-is-layout-flow\">\n<h3 class=\"wp-block-heading has-text-align-center has-luminous-vivid-amber-to-luminous-vivid-orange-gradient-background has-background\"><a href=\"https:\/\/wa.me\/3391298223\" title=\"WhatsApp\">WhatsApp<\/a><\/h3>\n<\/div>\n<\/div>\n\n\n\n<p><a href=\"https:\/\/jornalrol.com.br\/\" title=\"Voltar\">Voltar<\/a><\/p>\n\n\n\n<p><a href=\"https:\/\/www.facebook.com\/JCulturalrol\/\" title=\"Facebook\">Facebook<\/a><\/p>\n","protected":false},"excerpt":{"rendered":"<p>Somos atacadas porque somos mulheres? A senten\u00e7a j\u00e1 nasce no ventre? Por sermos mulheres pagamos antes mesmo de existir? Pela roupa. Pelo corpo. Pela liberdade.<\/p>\n","protected":false},"author":6,"featured_media":78961,"comment_status":"open","ping_status":"closed","sticky":false,"template":"","format":"standard","meta":{"_jetpack_newsletter_access":"","_jetpack_dont_email_post_to_subs":false,"_jetpack_newsletter_tier_id":0,"_jetpack_memberships_contains_paywalled_content":false,"_jetpack_memberships_contains_paid_content":false,"footnotes":""},"categories":[9285,58],"tags":[2982,5084,5831,16345,11904,8798],"class_list":["post-78959","post","type-post","status-publish","format-standard","has-post-thumbnail","hentry","category-literatura","category-poesias","tag-dor","tag-liberdade","tag-mulher","tag-sentenca","tag-ventre","tag-violencia"],"aioseo_notices":[],"views":347,"jetpack_featured_media_url":"http:\/\/jornalrol.com.br\/wp-content\/uploads\/2026\/03\/6b31000f-4eb7-4504-97d0-f1c36951782b.jpg","jetpack_sharing_enabled":true,"jetpack_likes_enabled":true,"jetpack-related-posts":[{"id":39936,"url":"http:\/\/jornalrol.com.br\/?p=39936","url_meta":{"origin":78959,"position":0},"title":"Marcus Hemerly: &#039;N\u00e1ufrago&#039;","author":"Marcus Hemerly","date":"20 de abril de 2021","format":false,"excerpt":"N\u00e1ufrago No ventre amargo da reclus\u00e3o imposta, Renova o conhecido sentimento de aposta, O jogar xadrez numa escura e revelha arena, Com a face da ins\u00e2nia em quarentena. \u00a0 Mais parece um ex\u00edlio ou um naufr\u00e1gio, O recolher volunt\u00e1rio na ilha do Eu, Donde se escuta o interior ad\u00e1gio, Que\u2026","rel":"","context":"Em &quot;Comunica\u00e7\u00e3o&quot;","block_context":{"text":"Comunica\u00e7\u00e3o","link":"http:\/\/jornalrol.com.br\/?cat=7"},"img":{"alt_text":"","src":"https:\/\/i0.wp.com\/www.jornalrol.com.br\/wp-content\/uploads\/2020\/12\/FOTO.-MARCUS-HEMERLY-150x150.jpg?resize=350%2C200","width":350,"height":200},"classes":[]},{"id":76949,"url":"http:\/\/jornalrol.com.br\/?p=76949","url_meta":{"origin":78959,"position":1},"title":"A mulher n\u00e3o precisa dar conta de tudo","author":"Leticia Mariana","date":"27 de novembro de 2025","format":false,"excerpt":"Acordar cedo. Fazer o caf\u00e9. Lavar a roupa. Passar a roupa. Cuidar da casa. Estudar. Trabalhar. Ser paciente com o marido. Se calar - e ainda escrever um...","rel":"","context":"Em &quot;Cr\u00f4nicas&quot;","block_context":{"text":"Cr\u00f4nicas","link":"http:\/\/jornalrol.com.br\/?cat=9392"},"img":{"alt_text":"Let\u00edcia Mariana","src":"https:\/\/i0.wp.com\/jornalrol.com.br\/wp-content\/uploads\/2025\/11\/8713625c-8753-4521-9b3e-adc83144892a.jpg?resize=350%2C200","width":350,"height":200,"srcset":"https:\/\/i0.wp.com\/jornalrol.com.br\/wp-content\/uploads\/2025\/11\/8713625c-8753-4521-9b3e-adc83144892a.jpg?resize=350%2C200 1x, https:\/\/i0.wp.com\/jornalrol.com.br\/wp-content\/uploads\/2025\/11\/8713625c-8753-4521-9b3e-adc83144892a.jpg?resize=525%2C300 1.5x, https:\/\/i0.wp.com\/jornalrol.com.br\/wp-content\/uploads\/2025\/11\/8713625c-8753-4521-9b3e-adc83144892a.jpg?resize=700%2C400 2x"},"classes":[]},{"id":53401,"url":"http:\/\/jornalrol.com.br\/?p=53401","url_meta":{"origin":78959,"position":2},"title":"Claudia Lundgren: &#039;Senten\u00e7a irrevog\u00e1vel&#039;","author":"Claudia Lundgren","date":"13 de janeiro de 2023","format":false,"excerpt":"Todos um dia a experimentar\u00e3o: fracos ou fortes, an\u00f4nimos, famosos, ricos ou pobres. Ela n\u00e3o tem preconceito; n\u00e3o faz distin\u00e7\u00e3o. \u00a0 Senhora implac\u00e1vel; n\u00e3o poupa homens, mulheres crian\u00e7as, nem idosos; plantas e animais dela n\u00e3o escapam. Pesadelo dos seres viventes; senten\u00e7a irrevog\u00e1vel; \u00a0 Rainha das necr\u00f3poles, dos f\u00e9retros, das l\u00e1pides,\u2026","rel":"","context":"Em &quot;Poesia&quot;","block_context":{"text":"Poesia","link":"http:\/\/jornalrol.com.br\/?cat=58"},"img":{"alt_text":"","src":"https:\/\/i0.wp.com\/jornalrol.com.br\/wp-content\/uploads\/2023\/01\/Picsart_23-01-13_17-44-15-140.jpg?resize=350%2C200","width":350,"height":200,"srcset":"https:\/\/i0.wp.com\/jornalrol.com.br\/wp-content\/uploads\/2023\/01\/Picsart_23-01-13_17-44-15-140.jpg?resize=350%2C200 1x, https:\/\/i0.wp.com\/jornalrol.com.br\/wp-content\/uploads\/2023\/01\/Picsart_23-01-13_17-44-15-140.jpg?resize=525%2C300 1.5x, https:\/\/i0.wp.com\/jornalrol.com.br\/wp-content\/uploads\/2023\/01\/Picsart_23-01-13_17-44-15-140.jpg?resize=700%2C400 2x, https:\/\/i0.wp.com\/jornalrol.com.br\/wp-content\/uploads\/2023\/01\/Picsart_23-01-13_17-44-15-140.jpg?resize=1050%2C600 3x, https:\/\/i0.wp.com\/jornalrol.com.br\/wp-content\/uploads\/2023\/01\/Picsart_23-01-13_17-44-15-140.jpg?resize=1400%2C800 4x"},"classes":[]},{"id":78805,"url":"http:\/\/jornalrol.com.br\/?p=78805","url_meta":{"origin":78959,"position":3},"title":"Educa\u00e7\u00e3o falhada","author":"Sergio Diniz da Costa","date":"2 de mar\u00e7o de 2026","format":false,"excerpt":"A escola seria um lugar de facilidade e publicidade. Infelizmente se tornou um lugar de dificuldade, onde o estudante n\u00e3o tem liberdade de expor as suas ideias.","rel":"","context":"Em &quot;Literatura&quot;","block_context":{"text":"Literatura","link":"http:\/\/jornalrol.com.br\/?cat=9285"},"img":{"alt_text":"Imagem gerada por IA do Grok - https:\/\/grok.com\/imagine\/post\/9326fe89-234e-4a33-b518-a5954f00f5d6","src":"https:\/\/i0.wp.com\/jornalrol.com.br\/wp-content\/uploads\/2026\/03\/download.jpg?resize=350%2C200","width":350,"height":200,"srcset":"https:\/\/i0.wp.com\/jornalrol.com.br\/wp-content\/uploads\/2026\/03\/download.jpg?resize=350%2C200 1x, https:\/\/i0.wp.com\/jornalrol.com.br\/wp-content\/uploads\/2026\/03\/download.jpg?resize=525%2C300 1.5x, https:\/\/i0.wp.com\/jornalrol.com.br\/wp-content\/uploads\/2026\/03\/download.jpg?resize=700%2C400 2x"},"classes":[]},{"id":3104,"url":"http:\/\/jornalrol.com.br\/?p=3104","url_meta":{"origin":78959,"position":4},"title":"Vereador condenado deveria deixar o cargo, afirma presidente da OAB","author":"Helio Rubens","date":"28 de agosto de 2015","format":false,"excerpt":"\u2018Mesmo que o caso n\u00e3o tenha tr\u00e2nsito em julgado, ele \u00e9 considerado ficha suja\u2019, avalia o presidente da OAB, Luiz Lisbo Gonzaga Rolim Publicado pelo jornal Correio de Itapetininga por Orestes Carossi Filho Jornal Correio de Itapetininga Presidente da OAB de Itapetininga, Luiz Gonzaga, diz que a senten\u00e7a tornou o\u2026","rel":"","context":"Em &quot;Comunica\u00e7\u00e3o&quot;","block_context":{"text":"Comunica\u00e7\u00e3o","link":"http:\/\/jornalrol.com.br\/?cat=7"},"img":{"alt_text":"","src":"","width":0,"height":0},"classes":[]},{"id":66403,"url":"http:\/\/jornalrol.com.br\/?p=66403","url_meta":{"origin":78959,"position":5},"title":"M\u00e3e","author":"Virginia Assuncao","date":"12 de maio de 2024","format":false,"excerpt":"O teu ventre \u00e9 uma terra f\u00e9rtil e forte. L\u00e1, desabrocha o seu maior la\u00e7o de amor, Abrigo onde sua semente se desenvolve, protegida, alimentada, cresce como...","rel":"","context":"Em &quot;Literatura&quot;","block_context":{"text":"Literatura","link":"http:\/\/jornalrol.com.br\/?cat=9285"},"img":{"alt_text":"O teu ventre \u00e9 uma terra f\u00e9rtil e forte L\u00e1, desabrocha o seu maior la\u00e7o de amor","src":"https:\/\/i0.wp.com\/jornalrol.com.br\/wp-content\/uploads\/2024\/05\/OIG4-1.jpg?resize=350%2C200","width":350,"height":200,"srcset":"https:\/\/i0.wp.com\/jornalrol.com.br\/wp-content\/uploads\/2024\/05\/OIG4-1.jpg?resize=350%2C200 1x, https:\/\/i0.wp.com\/jornalrol.com.br\/wp-content\/uploads\/2024\/05\/OIG4-1.jpg?resize=525%2C300 1.5x"},"classes":[]}],"_links":{"self":[{"href":"http:\/\/jornalrol.com.br\/index.php?rest_route=\/wp\/v2\/posts\/78959","targetHints":{"allow":["GET"]}}],"collection":[{"href":"http:\/\/jornalrol.com.br\/index.php?rest_route=\/wp\/v2\/posts"}],"about":[{"href":"http:\/\/jornalrol.com.br\/index.php?rest_route=\/wp\/v2\/types\/post"}],"author":[{"embeddable":true,"href":"http:\/\/jornalrol.com.br\/index.php?rest_route=\/wp\/v2\/users\/6"}],"replies":[{"embeddable":true,"href":"http:\/\/jornalrol.com.br\/index.php?rest_route=%2Fwp%2Fv2%2Fcomments&post=78959"}],"version-history":[{"count":7,"href":"http:\/\/jornalrol.com.br\/index.php?rest_route=\/wp\/v2\/posts\/78959\/revisions"}],"predecessor-version":[{"id":79423,"href":"http:\/\/jornalrol.com.br\/index.php?rest_route=\/wp\/v2\/posts\/78959\/revisions\/79423"}],"wp:featuredmedia":[{"embeddable":true,"href":"http:\/\/jornalrol.com.br\/index.php?rest_route=\/wp\/v2\/media\/78961"}],"wp:attachment":[{"href":"http:\/\/jornalrol.com.br\/index.php?rest_route=%2Fwp%2Fv2%2Fmedia&parent=78959"}],"wp:term":[{"taxonomy":"category","embeddable":true,"href":"http:\/\/jornalrol.com.br\/index.php?rest_route=%2Fwp%2Fv2%2Fcategories&post=78959"},{"taxonomy":"post_tag","embeddable":true,"href":"http:\/\/jornalrol.com.br\/index.php?rest_route=%2Fwp%2Fv2%2Ftags&post=78959"}],"curies":[{"name":"wp","href":"https:\/\/api.w.org\/{rel}","templated":true}]}}