{"id":78988,"date":"2026-03-09T09:57:40","date_gmt":"2026-03-09T12:57:40","guid":{"rendered":"http:\/\/jornalrol.com.br\/?p=78988"},"modified":"2026-03-16T18:40:15","modified_gmt":"2026-03-16T21:40:15","slug":"ze-dada-o-invencivel","status":"publish","type":"post","link":"http:\/\/jornalrol.com.br\/?p=78988","title":{"rendered":"Z\u00e9 Dad\u00e1, o invenc\u00edvel"},"content":{"rendered":"<div class=\"pdfprnt-buttons pdfprnt-buttons-post pdfprnt-top-right\"><a href=\"http:\/\/jornalrol.com.br\/index.php?rest_route=%2Fwp%2Fv2%2Fposts%2F78988&print=pdf\" class=\"pdfprnt-button pdfprnt-button-pdf\" target=\"_blank\" ><\/a><a href=\"http:\/\/jornalrol.com.br\/index.php?rest_route=%2Fwp%2Fv2%2Fposts%2F78988&print=print\" class=\"pdfprnt-button pdfprnt-button-print\" target=\"_blank\" ><img decoding=\"async\" src=\"https:\/\/jornalrol.com.br\/wp-content\/plugins\/pdf-print\/images\/print.png\" alt=\"image_print\" title=\"Conte\u00fado de impress\u00e3o\" \/><\/a><\/div>\n<h2 class=\"wp-block-heading has-text-align-center\">Eduardo Cesario-Mart\u00ednez: Conto &#8216;Z\u00e9 Dad\u00e1, o invenc\u00edvel&#8217;<br><br><\/h2>\n\n\n<div class=\"wp-block-image\">\n<figure class=\"aligncenter size-full is-resized\"><img loading=\"lazy\" decoding=\"async\" width=\"1441\" height=\"2560\" data-attachment-id=\"77180\" data-permalink=\"http:\/\/jornalrol.com.br\/?attachment_id=77180\" data-orig-file=\"http:\/\/jornalrol.com.br\/wp-content\/uploads\/2025\/12\/7EB822FD-90B1-44D4-A567-7E7490FD3E6E-1-2-scaled-1.jpg\" data-orig-size=\"1441,2560\" data-comments-opened=\"1\" data-image-meta=\"{&quot;aperture&quot;:&quot;0&quot;,&quot;credit&quot;:&quot;&quot;,&quot;camera&quot;:&quot;&quot;,&quot;caption&quot;:&quot;&quot;,&quot;created_timestamp&quot;:&quot;0&quot;,&quot;copyright&quot;:&quot;&quot;,&quot;focal_length&quot;:&quot;0&quot;,&quot;iso&quot;:&quot;0&quot;,&quot;shutter_speed&quot;:&quot;0&quot;,&quot;title&quot;:&quot;&quot;,&quot;orientation&quot;:&quot;0&quot;}\" data-image-title=\"7EB822FD-90B1-44D4-A567-7E7490FD3E6E-1-2-scaled\" data-image-description=\"&lt;p&gt;Eduardo Mart\u00ednez &amp;#8211; Foto por Irene Oliveira&lt;\/p&gt;\n\" data-image-caption=\"&lt;p&gt;Eduardo Mart\u00ednez &amp;#8211; Foto por Irene Oliveira&lt;\/p&gt;\n\" data-large-file=\"http:\/\/jornalrol.com.br\/wp-content\/uploads\/2025\/12\/7EB822FD-90B1-44D4-A567-7E7490FD3E6E-1-2-scaled-1.jpg\" src=\"http:\/\/jornalrol.com.br\/wp-content\/uploads\/2025\/12\/7EB822FD-90B1-44D4-A567-7E7490FD3E6E-1-2-scaled-1.jpg\" alt=\"Eduardo Cesario-Mart\u00ednez. Foto por Irene Oliveira\" class=\"wp-image-77180\" style=\"aspect-ratio:0.562896571943124;width:194px;height:auto\" srcset=\"http:\/\/jornalrol.com.br\/wp-content\/uploads\/2025\/12\/7EB822FD-90B1-44D4-A567-7E7490FD3E6E-1-2-scaled-1.jpg 1441w, http:\/\/jornalrol.com.br\/wp-content\/uploads\/2025\/12\/7EB822FD-90B1-44D4-A567-7E7490FD3E6E-1-2-scaled-1-675x1200.jpg 675w, http:\/\/jornalrol.com.br\/wp-content\/uploads\/2025\/12\/7EB822FD-90B1-44D4-A567-7E7490FD3E6E-1-2-scaled-1-768x1364.jpg 768w, http:\/\/jornalrol.com.br\/wp-content\/uploads\/2025\/12\/7EB822FD-90B1-44D4-A567-7E7490FD3E6E-1-2-scaled-1-865x1536.jpg 865w, http:\/\/jornalrol.com.br\/wp-content\/uploads\/2025\/12\/7EB822FD-90B1-44D4-A567-7E7490FD3E6E-1-2-scaled-1-1153x2048.jpg 1153w\" sizes=\"auto, (max-width: 1441px) 100vw, 1441px\" \/><figcaption class=\"wp-element-caption\">Eduardo Cesario-Mart\u00ednez &#8211; <br>Foto por Irene Oliveira<\/figcaption><\/figure>\n<\/div>\n\n<div class=\"wp-block-image\">\n<figure class=\"aligncenter size-full is-resized\"><img loading=\"lazy\" decoding=\"async\" width=\"813\" height=\"497\" data-attachment-id=\"78989\" data-permalink=\"http:\/\/jornalrol.com.br\/?attachment_id=78989\" data-orig-file=\"http:\/\/jornalrol.com.br\/wp-content\/uploads\/2026\/03\/WhatsApp-Image-2026-03-04-at-23.39.32.jpeg\" data-orig-size=\"813,497\" data-comments-opened=\"1\" data-image-meta=\"{&quot;aperture&quot;:&quot;0&quot;,&quot;credit&quot;:&quot;&quot;,&quot;camera&quot;:&quot;&quot;,&quot;caption&quot;:&quot;&quot;,&quot;created_timestamp&quot;:&quot;0&quot;,&quot;copyright&quot;:&quot;&quot;,&quot;focal_length&quot;:&quot;0&quot;,&quot;iso&quot;:&quot;0&quot;,&quot;shutter_speed&quot;:&quot;0&quot;,&quot;title&quot;:&quot;&quot;,&quot;orientation&quot;:&quot;0&quot;}\" data-image-title=\"WhatsApp Image 2026-03-04 at 23.39.32\" data-image-description=\"\" data-image-caption=\"\" data-large-file=\"http:\/\/jornalrol.com.br\/wp-content\/uploads\/2026\/03\/WhatsApp-Image-2026-03-04-at-23.39.32.jpeg\" src=\"http:\/\/jornalrol.com.br\/wp-content\/uploads\/2026\/03\/WhatsApp-Image-2026-03-04-at-23.39.32.jpeg\" alt=\"Imagem gerada pela IA do Gemini - 08 de mar\u00e7o de 2026, \u00e0s 11:26\" class=\"wp-image-78989\" style=\"aspect-ratio:1.6358348791146602;width:711px;height:auto\" srcset=\"http:\/\/jornalrol.com.br\/wp-content\/uploads\/2026\/03\/WhatsApp-Image-2026-03-04-at-23.39.32.jpeg 813w, http:\/\/jornalrol.com.br\/wp-content\/uploads\/2026\/03\/WhatsApp-Image-2026-03-04-at-23.39.32-768x469.jpeg 768w\" sizes=\"auto, (max-width: 813px) 100vw, 813px\" \/><figcaption class=\"wp-element-caption\"><em>Imagem gerada pela IA do Gemini<\/em> &#8211;<em> 08 de mar\u00e7o de 2026, \u00e0s 11:26<\/em><\/figcaption><\/figure>\n<\/div>\n\n\n<p class=\"has-drop-cap\">O homem, da sacada da casa de dois andares, ali no Menino Deus, observava o neto, n\u00e3o mais de 10 anos, entretido com joguinhos no aparelho celular. Do nada, quase sem querer, come\u00e7ou a resmungar com seus bot\u00f5es, at\u00e9 que o moleque desviou os olhos da telinha e os manteve firmes aos do av\u00f4. Apesar de menino, sabia que daquela boca sa\u00edam hist\u00f3rias interessantes. Na verdade, quase sempre. Por isso, tratou logo de aprumar as orelhas para n\u00e3o perder uma palavra que fosse.&nbsp;<\/p>\n\n\n\n<p>&nbsp;&nbsp; &nbsp; Z\u00e9 Dad\u00e1 era afamado em briga. N\u00e3o perdia uma. Era murro daqui, chute dali, cabe\u00e7ada acol\u00e1, sobrava rabo de arraia pra todo lado. Pobre advers\u00e1rio, se fosse esperto, ca\u00eda logo para n\u00e3o apanhar mais. Um olho roxo, um dente quebrado, uma costela partida, tudo era trof\u00e9u de guerra, mesmo que perdida. Afinal, com Z\u00e9 Dad\u00e1, ningu\u00e9m podia.<\/p>\n\n\n\n<p>&nbsp; &nbsp; De boca em boca, os feitos do brig\u00e3o logo chegaram aos ouvidos de toda a Caxias, terra de Gon\u00e7alves Dias. N\u00e3o demorou, at\u00e9 a pol\u00edcia evitava cruzar o caminho do Z\u00e9 Dad\u00e1. Isso porque o povo n\u00e3o respeita policial que toma tapa na cara.<\/p>\n\n\n\n<p>&nbsp;&nbsp; &nbsp;&nbsp; A despeito de tamanho temor, havia um rapazola franzino chamado Raimundo, que dizia n\u00e3o tremer que nem vara verde como tantos ali. Ele levantou o bra\u00e7o e, com a voz mais apagada do que a pr\u00f3pria covardia, disse: &#8220;Se ningu\u00e9m tem coragem de enfrentar o Z\u00e9 Dad\u00e1, eu enfrento!&#8221; Pra qu\u00ea? Isso foi cair justamente nos ouvidos do Z\u00e9 Dad\u00e1, que logo quis saber quem era o tal atrevido.&nbsp;&nbsp;<\/p>\n\n\n\n<p>&nbsp; &nbsp; A not\u00edcia correu toda a cidade, especialmente entre os alunos do Col\u00e9gio Caxiense, onde o Raimundo penava para passar em matem\u00e1tica. Diante de tantas contas complicadas, chegou a desejar que a luta contra o brig\u00e3o se desse o mais r\u00e1pido poss\u00edvel. Antes a cabe\u00e7a rachada que quebrar a cuca com tantos n\u00fameros.&nbsp;<\/p>\n\n\n\n<p>&nbsp; &nbsp; A luta foi marcada. Dali a tr\u00eas dias, l\u00e1 no Largo de Santa Luzia, que ficava atr\u00e1s do Caxiense. Em vez de futebol, o lugar seria palco da batalha mais esperada desde que Lampi\u00e3o passou pelo munic\u00edpio, fato este que jamais aconteceu. Entre lendas e verdades, o tempo voou, especialmente para o pequeno Raimundo, que j\u00e1 pensava em se escafeder pelo mato, tamanho seu arrependimento por sua irracional impulsividade. Por que diacho ele havia erguido o bra\u00e7o, quando ningu\u00e9m mais esperava por nada al\u00e9m de um ato de contida covardia?<\/p>\n\n\n\n<p>&nbsp; &nbsp; O local estava abarrotado, saindo gente pelo ladr\u00e3o. At\u00e9 o padre, dizem, teria feito sua fezinha. Obviamente que apostara toda a oferenda do m\u00eas no Z\u00e9 Dad\u00e1. Afinal, n\u00e3o d\u00e1 para brincar com o dinheiro divino sem ter certeza do resultado.&nbsp;<\/p>\n\n\n\n<p>&nbsp; &nbsp; De um lado, surgiu o grande Z\u00e9 Dad\u00e1. Perto de 1,80 m, quase 80 kg de puro m\u00fasculo. J\u00e1 sem camisa, desfilou no c\u00edrculo de entusiasmada plateia. Ficou ali por quase cinco minutos \u00e0 espera do desafiante, que ainda pensava em fugir. No entanto, acabou sendo empurrado para o meio da arena.&nbsp;<\/p>\n\n\n\n<p>&nbsp; &nbsp; Raimundo suava frio, apesar dos quase 40 graus. As m\u00e3os tremiam, enquanto os dedos tentavam desabotoar a camisa branquinha. Ele n\u00e3o queria suj\u00e1-la. Se chegasse em casa com a roupa encardida, teria que enfrentar a f\u00faria de sua m\u00e3e. Tomou coragem, apanharia do Z\u00e9 Dad\u00e1, mas manteria o couro livre do a\u00e7oite certeiro da genitora.<\/p>\n\n\n\n<p>&nbsp; &nbsp; Apesar de franco favorito, Z\u00e9 Dad\u00e1 n\u00e3o estava acostumado a enfrentar um advers\u00e1rio t\u00e3o atrevido. Como \u00e9 que aquele magricela teve coragem de desafi\u00e1-lo? Seria ele um lutador experiente? Saberia dar golpes ainda desconhecidos pelo campe\u00e3o dos campe\u00f5es de Caxias? Ou seria apenas mais um pobre coitado morto de fome? Olha essas costelas finas que nem gravetos secos. Seja como for, tais d\u00favidas pairavam pela mente ligeira de Z\u00e9 Dad\u00e1.<\/p>\n\n\n\n<p>&nbsp; &nbsp; O p\u00fablico gritava. Todos queriam ver o sangue jorrar longe. Os oponentes se estudavam, a cautela tomava cada atitude daqueles dois, at\u00e9 que, num gesto ligeiro como bote de louva-deus, Z\u00e9 Dad\u00e1 acertou em cheio a fu\u00e7a do pobre Raimundo. Caiu de bunda! Pensou em revidar, mas a prud\u00eancia falou mais alto. Z\u00e9 Dad\u00e1 partiu para cima com o intuito de dar cabo do advers\u00e1rio, mas logo surgiu a turma do deixa-disso, que apartou a contenda. Foi a deixa para que Raimundo abrisse uma brecha no meio da multid\u00e3o e se evadisse do local.&nbsp;<\/p>\n\n\n\n<p>&nbsp; &nbsp; O derrotado ficou tr\u00eas dias com o nariz inchado. Temendo que sua m\u00e3e descobrisse a surra que havia levado, o rapaz passou todo esse tempo evitando encar\u00e1-la. N\u00e3o queria apanhar outra vez. Conseguiu, n\u00e3o se sabe como. Talvez a m\u00e3e j\u00e1 soubesse de tudo e, piedosa como ela s\u00f3, n\u00e3o quis causar mais sofrimento ao filho. Nenhuma palavra sobre o acontecido.&nbsp;<\/p>\n\n\n\n<p>&nbsp; &nbsp; Ap\u00f3s quase uma semana da surra em pra\u00e7a p\u00fablica, Raimundo desejou ser amigo do seu algoz. Encontrou o grandalh\u00e3o, que repousava debaixo de uma mangueira. Trocaram poucas palavras, o suficiente para que as coisas se acertassem. Satisfeito com a aud\u00e1cia do advers\u00e1rio, o campe\u00e3o aceitou quase que de pronto tal proposta. Tornaram-se amigos ou, ao menos, mantiveram uma diplom\u00e1tica rela\u00e7\u00e3o de respeito m\u00fatuo pelos anos seguintes.&nbsp;<\/p>\n\n\n\n<p>&nbsp; &nbsp; O av\u00f4, assim que terminou a hist\u00f3ria, percebeu que o neto, totalmente encantado, o encarava. Os dois sorriram, enquanto o aparelho celular parecia ter sido esquecido no canto.&nbsp;<\/p>\n\n\n\n<p>&nbsp; &nbsp; \u2014 V\u00f4, que coincid\u00eancia!<\/p>\n\n\n\n<p>&nbsp; &nbsp; \u2014 O qu\u00ea?&nbsp; &nbsp; <\/p>\n\n\n\n<p>\u2014 O Raimundo tem o mesmo nome do senhor.<\/p>\n\n\n\n<h3 class=\"wp-block-heading has-text-align-center\"><br>Eduardo Cesario-Mart\u00ednez<\/h3>\n\n\n\n<div class=\"wp-block-columns is-layout-flex wp-container-core-columns-is-layout-9d6595d7 wp-block-columns-is-layout-flex\">\n<div class=\"wp-block-column is-layout-flow wp-block-column-is-layout-flow\">\n<h3 class=\"wp-block-heading has-text-align-center has-electric-grass-gradient-background has-background\"><a href=\"https:\/\/www.instagram.com\/escritoreduardomartinez\/\" target=\"_blank\" rel=\"noopener\" title=\"Instagram\">Instagram<\/a><\/h3>\n<\/div>\n\n\n\n<div class=\"wp-block-column is-layout-flow wp-block-column-is-layout-flow\">\n<h3 class=\"wp-block-heading has-text-align-center has-electric-grass-gradient-background has-background\"><a href=\"https:\/\/www.facebook.com\/eduardo.martinez.100302?locale=pt_BR\" title=\"Facebook\">Facebook<\/a><\/h3>\n<\/div>\n<\/div>\n\n\n\n<p><a href=\"https:\/\/jornalrol.com.br\/\" title=\"Voltar\">Voltar<\/a><\/p>\n\n\n\n<p><a href=\"https:\/\/www.facebook.com\/JCulturalrol\/\" title=\"Facebook\">Facebook<\/a><\/p>\n\n\n\n<p class=\"has-text-align-center\"><br><\/p>\n","protected":false},"excerpt":{"rendered":"<p>O homem, da sacada da casa de dois andares, ali no Menino Deus, observava o neto, n\u00e3o mais de 10 anos, entretido com joguinhos no aparelho celular. Do nada&#8230;<\/p>\n","protected":false},"author":130,"featured_media":78989,"comment_status":"open","ping_status":"closed","sticky":false,"template":"","format":"standard","meta":{"_jetpack_newsletter_access":"","_jetpack_dont_email_post_to_subs":false,"_jetpack_newsletter_tier_id":0,"_jetpack_memberships_contains_paywalled_content":false,"_jetpack_memberships_contains_paid_content":false,"footnotes":""},"categories":[9607,9285],"tags":[4392,16349],"class_list":["post-78988","post","type-post","status-publish","format-standard","has-post-thumbnail","hentry","category-contos","category-literatura","tag-historias","tag-relacao-avo-com-neto"],"aioseo_notices":[],"views":362,"jetpack_featured_media_url":"http:\/\/jornalrol.com.br\/wp-content\/uploads\/2026\/03\/WhatsApp-Image-2026-03-04-at-23.39.32.jpeg","jetpack_sharing_enabled":true,"jetpack_likes_enabled":true,"jetpack-related-posts":[{"id":79539,"url":"http:\/\/jornalrol.com.br\/?p=79539","url_meta":{"origin":78988,"position":0},"title":"Caio Fernando Abreu e o Van Gogh da minha mulher","author":"Eduardo Mart\u00ednez","date":"25 de mar\u00e7o de 2026","format":false,"excerpt":"Eis que estava aqui no aconchego da sala admirando a r\u00e9plica quase original de 'Os L\u00edrios', famoso quadro de Van Gogh, quando a minha esposa, a Dona Irene...","rel":"","context":"Em &quot;Cr\u00f4nicas&quot;","block_context":{"text":"Cr\u00f4nicas","link":"http:\/\/jornalrol.com.br\/?cat=9392"},"img":{"alt_text":"Eduardo Cesario-Mart\u00ednez. Foto por Irene Oliveira","src":"https:\/\/i0.wp.com\/jornalrol.com.br\/wp-content\/uploads\/2025\/12\/7EB822FD-90B1-44D4-A567-7E7490FD3E6E-1-2-scaled-1.jpg?resize=350%2C200","width":350,"height":200,"srcset":"https:\/\/i0.wp.com\/jornalrol.com.br\/wp-content\/uploads\/2025\/12\/7EB822FD-90B1-44D4-A567-7E7490FD3E6E-1-2-scaled-1.jpg?resize=350%2C200 1x, https:\/\/i0.wp.com\/jornalrol.com.br\/wp-content\/uploads\/2025\/12\/7EB822FD-90B1-44D4-A567-7E7490FD3E6E-1-2-scaled-1.jpg?resize=525%2C300 1.5x, https:\/\/i0.wp.com\/jornalrol.com.br\/wp-content\/uploads\/2025\/12\/7EB822FD-90B1-44D4-A567-7E7490FD3E6E-1-2-scaled-1.jpg?resize=700%2C400 2x, https:\/\/i0.wp.com\/jornalrol.com.br\/wp-content\/uploads\/2025\/12\/7EB822FD-90B1-44D4-A567-7E7490FD3E6E-1-2-scaled-1.jpg?resize=1050%2C600 3x, https:\/\/i0.wp.com\/jornalrol.com.br\/wp-content\/uploads\/2025\/12\/7EB822FD-90B1-44D4-A567-7E7490FD3E6E-1-2-scaled-1.jpg?resize=1400%2C800 4x"},"classes":[]},{"id":77844,"url":"http:\/\/jornalrol.com.br\/?p=77844","url_meta":{"origin":78988,"position":1},"title":"II Pr\u00eamio Personalidades Liter\u00e1rias e Culturais 2025","author":"Sergio Diniz da Costa","date":"14 de janeiro de 2026","format":false,"excerpt":"O escritor e colunista carioca Eduardo Mart\u00ednez foi anunciado como um dos vencedores do II Pr\u00eamio Personalidades Liter\u00e1rias e Culturais 2025. A premia\u00e7\u00e3o...","rel":"","context":"Em &quot;Literatura&quot;","block_context":{"text":"Literatura","link":"http:\/\/jornalrol.com.br\/?cat=9285"},"img":{"alt_text":"II Pr\u00eamio Personalidades Liter\u00e1rias e Culturais 2025","src":"https:\/\/i0.wp.com\/jornalrol.com.br\/wp-content\/uploads\/2026\/01\/5f7a8a19-7f53-4b7f-b4a3-735eaaa93751.jpg?resize=350%2C200","width":350,"height":200,"srcset":"https:\/\/i0.wp.com\/jornalrol.com.br\/wp-content\/uploads\/2026\/01\/5f7a8a19-7f53-4b7f-b4a3-735eaaa93751.jpg?resize=350%2C200 1x, https:\/\/i0.wp.com\/jornalrol.com.br\/wp-content\/uploads\/2026\/01\/5f7a8a19-7f53-4b7f-b4a3-735eaaa93751.jpg?resize=525%2C300 1.5x, https:\/\/i0.wp.com\/jornalrol.com.br\/wp-content\/uploads\/2026\/01\/5f7a8a19-7f53-4b7f-b4a3-735eaaa93751.jpg?resize=700%2C400 2x"},"classes":[]},{"id":77179,"url":"http:\/\/jornalrol.com.br\/?p=77179","url_meta":{"origin":78988,"position":2},"title":"No Quadro do Jornal ROL, Eduardo Cesario-Mart\u00ednez!","author":"Sergio Diniz da Costa","date":"8 de dezembro de 2025","format":false,"excerpt":"Eduardo Mart\u00ednez, \u201ccom um sorriso permanente nos l\u00e1bios\u201d, \u00e9 um premiado escritor carioca, atualmente radicado em Porto alegre, cidade pela qual \u00e9 apaixonado","rel":"","context":"Em &quot;Apresenta\u00e7\u00e3o de colunista&quot;","block_context":{"text":"Apresenta\u00e7\u00e3o de colunista","link":"http:\/\/jornalrol.com.br\/?cat=10981"},"img":{"alt_text":"Eduardo Cesario-Mart\u00ednez. Foto por Irene Oliveira","src":"https:\/\/i0.wp.com\/jornalrol.com.br\/wp-content\/uploads\/2025\/12\/7EB822FD-90B1-44D4-A567-7E7490FD3E6E-1-2-scaled-1.jpg?resize=350%2C200","width":350,"height":200,"srcset":"https:\/\/i0.wp.com\/jornalrol.com.br\/wp-content\/uploads\/2025\/12\/7EB822FD-90B1-44D4-A567-7E7490FD3E6E-1-2-scaled-1.jpg?resize=350%2C200 1x, https:\/\/i0.wp.com\/jornalrol.com.br\/wp-content\/uploads\/2025\/12\/7EB822FD-90B1-44D4-A567-7E7490FD3E6E-1-2-scaled-1.jpg?resize=525%2C300 1.5x, https:\/\/i0.wp.com\/jornalrol.com.br\/wp-content\/uploads\/2025\/12\/7EB822FD-90B1-44D4-A567-7E7490FD3E6E-1-2-scaled-1.jpg?resize=700%2C400 2x, https:\/\/i0.wp.com\/jornalrol.com.br\/wp-content\/uploads\/2025\/12\/7EB822FD-90B1-44D4-A567-7E7490FD3E6E-1-2-scaled-1.jpg?resize=1050%2C600 3x, https:\/\/i0.wp.com\/jornalrol.com.br\/wp-content\/uploads\/2025\/12\/7EB822FD-90B1-44D4-A567-7E7490FD3E6E-1-2-scaled-1.jpg?resize=1400%2C800 4x"},"classes":[]},{"id":79905,"url":"http:\/\/jornalrol.com.br\/?p=79905","url_meta":{"origin":78988,"position":3},"title":"Almerinda, a empregada dom\u00e9stica","author":"Eduardo Mart\u00ednez","date":"7 de abril de 2026","format":false,"excerpt":"Eduardo Cesario-Mart\u00ednez Conto 'Almerinda, a empregada dom\u00e9stica' Eduardo Cesario-Mart\u00ednez Foto por Irene Oliveira Imagem gerada pela IA do Gemini Almerinda foi enxotada da cama pela pr\u00f3pria culpa por dormir demais naquele dia. N\u00e3o que fossem tantas horas de sono, pois mal havia chegado do trabalho na noite anterior, ap\u00f3s mais\u2026","rel":"","context":"Em &quot;Contos&quot;","block_context":{"text":"Contos","link":"http:\/\/jornalrol.com.br\/?cat=9607"},"img":{"alt_text":"Imagem gerada pela IA do Gemini","src":"https:\/\/i0.wp.com\/jornalrol.com.br\/wp-content\/uploads\/2026\/04\/ed1bcce1-0925-48a0-8f72-5842d44170e7.jpg?resize=350%2C200","width":350,"height":200,"srcset":"https:\/\/i0.wp.com\/jornalrol.com.br\/wp-content\/uploads\/2026\/04\/ed1bcce1-0925-48a0-8f72-5842d44170e7.jpg?resize=350%2C200 1x, https:\/\/i0.wp.com\/jornalrol.com.br\/wp-content\/uploads\/2026\/04\/ed1bcce1-0925-48a0-8f72-5842d44170e7.jpg?resize=525%2C300 1.5x, https:\/\/i0.wp.com\/jornalrol.com.br\/wp-content\/uploads\/2026\/04\/ed1bcce1-0925-48a0-8f72-5842d44170e7.jpg?resize=700%2C400 2x, https:\/\/i0.wp.com\/jornalrol.com.br\/wp-content\/uploads\/2026\/04\/ed1bcce1-0925-48a0-8f72-5842d44170e7.jpg?resize=1050%2C600 3x"},"classes":[]},{"id":71236,"url":"http:\/\/jornalrol.com.br\/?p=71236","url_meta":{"origin":78988,"position":4},"title":"Um certo Joaquim Maria","author":"Sergio Diniz da Costa","date":"12 de dezembro de 2024","format":false,"excerpt":"N\u00e3o descarto a possibilidade de j\u00e1 ter esbarrado com aquele homem, que, em idade, provavelmente regulava com a do meu falecido pai. Talvez me deixei ser...","rel":"","context":"Em &quot;Contos&quot;","block_context":{"text":"Contos","link":"http:\/\/jornalrol.com.br\/?cat=9607"},"img":{"alt_text":"Logo da se\u00e7\u00e3o 'O Leitor Participa'","src":"https:\/\/i0.wp.com\/jornalrol.com.br\/wp-content\/uploads\/2024\/12\/IMG-20240131-WA0060-1.jpg?resize=350%2C200","width":350,"height":200,"srcset":"https:\/\/i0.wp.com\/jornalrol.com.br\/wp-content\/uploads\/2024\/12\/IMG-20240131-WA0060-1.jpg?resize=350%2C200 1x, https:\/\/i0.wp.com\/jornalrol.com.br\/wp-content\/uploads\/2024\/12\/IMG-20240131-WA0060-1.jpg?resize=525%2C300 1.5x, https:\/\/i0.wp.com\/jornalrol.com.br\/wp-content\/uploads\/2024\/12\/IMG-20240131-WA0060-1.jpg?resize=700%2C400 2x, https:\/\/i0.wp.com\/jornalrol.com.br\/wp-content\/uploads\/2024\/12\/IMG-20240131-WA0060-1.jpg?resize=1050%2C600 3x, https:\/\/i0.wp.com\/jornalrol.com.br\/wp-content\/uploads\/2024\/12\/IMG-20240131-WA0060-1.jpg?resize=1400%2C800 4x"},"classes":[]},{"id":79662,"url":"http:\/\/jornalrol.com.br\/?p=79662","url_meta":{"origin":78988,"position":5},"title":"O velho e o devaneio","author":"Eduardo Mart\u00ednez","date":"30 de mar\u00e7o de 2026","format":false,"excerpt":"Acabei de voltar da rua. Fui comprar meio quilo de cebola, um de tomate, al\u00e9m de algumas batatas. Demorei mais do que de costume, mas Arlete, minha esposa...","rel":"","context":"Em &quot;Contos&quot;","block_context":{"text":"Contos","link":"http:\/\/jornalrol.com.br\/?cat=9607"},"img":{"alt_text":"Imagem gerada pelo ChatGPT - https:\/\/chatgpt.com\/c\/69ca692f-f6b0-83e9-a096-54d7d9bdf73a","src":"https:\/\/i0.wp.com\/jornalrol.com.br\/wp-content\/uploads\/2026\/03\/a3c97d1e-66cf-4d7a-a6e9-9c2538d68ca4-1.jpg?resize=350%2C200","width":350,"height":200,"srcset":"https:\/\/i0.wp.com\/jornalrol.com.br\/wp-content\/uploads\/2026\/03\/a3c97d1e-66cf-4d7a-a6e9-9c2538d68ca4-1.jpg?resize=350%2C200 1x, https:\/\/i0.wp.com\/jornalrol.com.br\/wp-content\/uploads\/2026\/03\/a3c97d1e-66cf-4d7a-a6e9-9c2538d68ca4-1.jpg?resize=525%2C300 1.5x, https:\/\/i0.wp.com\/jornalrol.com.br\/wp-content\/uploads\/2026\/03\/a3c97d1e-66cf-4d7a-a6e9-9c2538d68ca4-1.jpg?resize=700%2C400 2x"},"classes":[]}],"_links":{"self":[{"href":"http:\/\/jornalrol.com.br\/index.php?rest_route=\/wp\/v2\/posts\/78988","targetHints":{"allow":["GET"]}}],"collection":[{"href":"http:\/\/jornalrol.com.br\/index.php?rest_route=\/wp\/v2\/posts"}],"about":[{"href":"http:\/\/jornalrol.com.br\/index.php?rest_route=\/wp\/v2\/types\/post"}],"author":[{"embeddable":true,"href":"http:\/\/jornalrol.com.br\/index.php?rest_route=\/wp\/v2\/users\/130"}],"replies":[{"embeddable":true,"href":"http:\/\/jornalrol.com.br\/index.php?rest_route=%2Fwp%2Fv2%2Fcomments&post=78988"}],"version-history":[{"count":3,"href":"http:\/\/jornalrol.com.br\/index.php?rest_route=\/wp\/v2\/posts\/78988\/revisions"}],"predecessor-version":[{"id":79285,"href":"http:\/\/jornalrol.com.br\/index.php?rest_route=\/wp\/v2\/posts\/78988\/revisions\/79285"}],"wp:featuredmedia":[{"embeddable":true,"href":"http:\/\/jornalrol.com.br\/index.php?rest_route=\/wp\/v2\/media\/78989"}],"wp:attachment":[{"href":"http:\/\/jornalrol.com.br\/index.php?rest_route=%2Fwp%2Fv2%2Fmedia&parent=78988"}],"wp:term":[{"taxonomy":"category","embeddable":true,"href":"http:\/\/jornalrol.com.br\/index.php?rest_route=%2Fwp%2Fv2%2Fcategories&post=78988"},{"taxonomy":"post_tag","embeddable":true,"href":"http:\/\/jornalrol.com.br\/index.php?rest_route=%2Fwp%2Fv2%2Ftags&post=78988"}],"curies":[{"name":"wp","href":"https:\/\/api.w.org\/{rel}","templated":true}]}}