{"id":79001,"date":"2026-03-10T08:14:00","date_gmt":"2026-03-10T11:14:00","guid":{"rendered":"https:\/\/jornalrol.com.br\/?p=79001"},"modified":"2026-03-09T22:21:15","modified_gmt":"2026-03-10T01:21:15","slug":"homenagem-a-mulher","status":"publish","type":"post","link":"http:\/\/jornalrol.com.br\/?p=79001","title":{"rendered":"Homenagem \u00e0 mulher"},"content":{"rendered":"<div class=\"pdfprnt-buttons pdfprnt-buttons-post pdfprnt-top-right\"><a href=\"http:\/\/jornalrol.com.br\/index.php?rest_route=%2Fwp%2Fv2%2Fposts%2F79001&print=pdf\" class=\"pdfprnt-button pdfprnt-button-pdf\" target=\"_blank\" ><\/a><a href=\"http:\/\/jornalrol.com.br\/index.php?rest_route=%2Fwp%2Fv2%2Fposts%2F79001&print=print\" class=\"pdfprnt-button pdfprnt-button-print\" target=\"_blank\" ><img decoding=\"async\" src=\"https:\/\/jornalrol.com.br\/wp-content\/plugins\/pdf-print\/images\/print.png\" alt=\"image_print\" title=\"Conte\u00fado de impress\u00e3o\" \/><\/a><\/div>\n<h2 class=\"wp-block-heading has-text-align-center\">Augusto Damas: Cr\u00f4nica &#8216;Homenagem \u00e0 mulher&#8217; <br><br><\/h2>\n\n\n<div class=\"wp-block-image\">\n<figure class=\"aligncenter size-full is-resized\"><img loading=\"lazy\" decoding=\"async\" width=\"1352\" height=\"1352\" data-attachment-id=\"69896\" data-permalink=\"http:\/\/jornalrol.com.br\/?attachment_id=69896\" data-orig-file=\"http:\/\/jornalrol.com.br\/wp-content\/uploads\/2024\/10\/76bc85dc-9cb1-49fd-a063-42e017579aa6-edited.jpeg\" data-orig-size=\"1352,1352\" data-comments-opened=\"1\" data-image-meta=\"{&quot;aperture&quot;:&quot;0&quot;,&quot;credit&quot;:&quot;&quot;,&quot;camera&quot;:&quot;&quot;,&quot;caption&quot;:&quot;&quot;,&quot;created_timestamp&quot;:&quot;0&quot;,&quot;copyright&quot;:&quot;&quot;,&quot;focal_length&quot;:&quot;0&quot;,&quot;iso&quot;:&quot;0&quot;,&quot;shutter_speed&quot;:&quot;0&quot;,&quot;title&quot;:&quot;&quot;,&quot;orientation&quot;:&quot;0&quot;}\" data-image-title=\"76bc85dc-9cb1-49fd-a063-42e017579aa6\" data-image-description=\"&lt;p&gt;Augusto Damas&lt;\/p&gt;\n\" data-image-caption=\"&lt;p&gt;Augusto Damas&lt;\/p&gt;\n\" data-large-file=\"http:\/\/jornalrol.com.br\/wp-content\/uploads\/2024\/10\/76bc85dc-9cb1-49fd-a063-42e017579aa6-edited.jpeg\" src=\"http:\/\/jornalrol.com.br\/wp-content\/uploads\/2024\/10\/76bc85dc-9cb1-49fd-a063-42e017579aa6-edited.jpeg\" alt=\"Augusto Damas\" class=\"wp-image-69896\" style=\"width:186px;height:auto\" srcset=\"http:\/\/jornalrol.com.br\/wp-content\/uploads\/2024\/10\/76bc85dc-9cb1-49fd-a063-42e017579aa6-edited.jpeg 1352w, http:\/\/jornalrol.com.br\/wp-content\/uploads\/2024\/10\/76bc85dc-9cb1-49fd-a063-42e017579aa6-edited-1200x1200.jpeg 1200w, http:\/\/jornalrol.com.br\/wp-content\/uploads\/2024\/10\/76bc85dc-9cb1-49fd-a063-42e017579aa6-edited-600x600.jpeg 600w, http:\/\/jornalrol.com.br\/wp-content\/uploads\/2024\/10\/76bc85dc-9cb1-49fd-a063-42e017579aa6-edited-768x768.jpeg 768w\" sizes=\"auto, (max-width: 1352px) 100vw, 1352px\" \/><figcaption class=\"wp-element-caption\">Augusto Damas<\/figcaption><\/figure>\n<\/div>\n\n<div class=\"wp-block-image\">\n<figure class=\"aligncenter size-full is-resized\"><img loading=\"lazy\" decoding=\"async\" width=\"784\" height=\"1168\" data-attachment-id=\"79002\" data-permalink=\"http:\/\/jornalrol.com.br\/?attachment_id=79002\" data-orig-file=\"http:\/\/jornalrol.com.br\/wp-content\/uploads\/2026\/03\/download-3.jpg\" data-orig-size=\"784,1168\" data-comments-opened=\"1\" data-image-meta=\"{&quot;aperture&quot;:&quot;0&quot;,&quot;credit&quot;:&quot;&quot;,&quot;camera&quot;:&quot;&quot;,&quot;caption&quot;:&quot;&quot;,&quot;created_timestamp&quot;:&quot;0&quot;,&quot;copyright&quot;:&quot;&quot;,&quot;focal_length&quot;:&quot;0&quot;,&quot;iso&quot;:&quot;0&quot;,&quot;shutter_speed&quot;:&quot;0&quot;,&quot;title&quot;:&quot;&quot;,&quot;orientation&quot;:&quot;0&quot;}\" data-image-title=\"download\" data-image-description=\"\" data-image-caption=\"\" data-large-file=\"http:\/\/jornalrol.com.br\/wp-content\/uploads\/2026\/03\/download-3.jpg\" src=\"https:\/\/jornalrol.com.br\/wp-content\/uploads\/2026\/03\/download-3.jpg\" alt=\"\" class=\"wp-image-79002\" style=\"aspect-ratio:0.67123745819398;width:348px;height:auto\" srcset=\"http:\/\/jornalrol.com.br\/wp-content\/uploads\/2026\/03\/download-3.jpg 784w, http:\/\/jornalrol.com.br\/wp-content\/uploads\/2026\/03\/download-3-768x1144.jpg 768w\" sizes=\"auto, (max-width: 784px) 100vw, 784px\" \/><figcaption class=\"wp-element-caption\"><em>Imagem gerada por IA do Grok &#8211; https:\/\/grok.com\/imagine\/post\/2bea912f-e263-4d3f-ab65-f6bcf02ffd94<\/em><\/figcaption><\/figure>\n<\/div>\n\n\n<p class=\"has-drop-cap\">N\u00e3o h\u00e1 raz\u00e3o para que o dia de hoje passe sem que se exalte a grandeza da mulher. Celebrar sua presen\u00e7a no mundo \u00e9, antes de tudo, um gesto de coer\u00eancia e de reconhecimento. A mulher n\u00e3o \u00e9 apenas parte da hist\u00f3ria humana \u2014 ela \u00e9, em muitos aspectos, o pr\u00f3prio caminho pelo qual a hist\u00f3ria se torna poss\u00edvel.<\/p>\n\n\n\n<p>Na tradi\u00e7\u00e3o crist\u00e3, acredita-se que, no princ\u00edpio da humanidade, ecoou uma ordem divina: \u201cmultiplicai-vos e enchei a Terra.\u201d Nessa miss\u00e3o sagrada de continuidade da vida, a mulher ocupa um lugar essencial, como guardi\u00e3 do mist\u00e9rio da exist\u00eancia e da renova\u00e7\u00e3o das gera\u00e7\u00f5es.<\/p>\n\n\n\n<p>Reconhecer as virtudes da mulher \u00e9 tamb\u00e9m reconhecer a nossa pr\u00f3pria origem. Cada ser humano que caminha sobre a Terra traz em sua hist\u00f3ria o primeiro abrigo do amor: o ventre de uma mulher. Assim se revela uma verdade simples e profunda \u2014 somos todos filhos de uma mulher.<\/p>\n\n\n\n<p>Mesmo aquela que, por circunst\u00e2ncias da vida, n\u00e3o venha a experimentar a maternidade, jamais deixa de carregar consigo esse elo primordial, pois tamb\u00e9m ela nasceu do cuidado e da esperan\u00e7a de outra mulher. Nesse la\u00e7o silencioso e eterno repousa um dos fundamentos mais belos da condi\u00e7\u00e3o humana.<\/p>\n\n\n\n<p>Quando olhamos para o mundo sob as lentes da antropologia, da cultura, da ci\u00eancia, da pol\u00edtica e das artes, percebemos que a presen\u00e7a feminina n\u00e3o \u00e9 apenas participa\u00e7\u00e3o: \u00e9 inspira\u00e7\u00e3o, \u00e9 sensibilidade, \u00e9 intelig\u00eancia que molda caminhos e constr\u00f3i futuros.<\/p>\n\n\n\n<p>Pode haver vozes dissonantes ou ideias inflamadas que tentem diminuir esse papel. Contudo, tais discursos dificilmente resistem a uma reflex\u00e3o honesta. A pr\u00f3pria din\u00e2mica da vida e da sociedade testemunha a interdepend\u00eancia entre homens e mulheres na constru\u00e7\u00e3o da civiliza\u00e7\u00e3o.<\/p>\n\n\n\n<p>A voz da demografia, silenciosa e firme, lembra-nos de que a continuidade da humanidade depende desse equil\u00edbrio sagrado entre as for\u00e7as da cria\u00e7\u00e3o. A mulher, nesse contexto, permanece como s\u00edmbolo de origem, de esperan\u00e7a e de perman\u00eancia.<\/p>\n\n\n\n<p>Por isso, em 8 de mar\u00e7o, n\u00e3o celebramos apenas uma data do calend\u00e1rio. Celebramos um princ\u00edpio da pr\u00f3pria vida. Renovamos nossas felicita\u00e7\u00f5es a todas as mulheres do mundo \u2014 pela ternura que inspira, pela coragem que sustenta e pela beleza de sua exist\u00eancia na hist\u00f3ria humana. Porque, em \u00faltima an\u00e1lise, celebrar a mulher \u00e9 celebrar a pr\u00f3pria vida.<\/p>\n\n\n\n<h3 class=\"wp-block-heading has-text-align-center\"><br>Augusto Damas<\/h3>\n\n\n\n<div class=\"wp-block-columns is-layout-flex wp-container-core-columns-is-layout-9d6595d7 wp-block-columns-is-layout-flex\">\n<div class=\"wp-block-column is-layout-flow wp-block-column-is-layout-flow\">\n<h3 class=\"wp-block-heading has-text-align-center has-electric-grass-gradient-background has-background\"><a href=\"https:\/\/www.facebook.com\/augusto.damas?locale=pt_BR\" target=\"_blank\" rel=\"noopener\" title=\"Facebook\">Facebook<\/a><\/h3>\n<\/div>\n\n\n\n<div class=\"wp-block-column is-layout-flow wp-block-column-is-layout-flow\">\n<h3 class=\"wp-block-heading has-text-align-center has-electric-grass-gradient-background has-background\"><a href=\"https:\/\/www.instagram.com\/augustodamaslo\/\" title=\"Instagram\">Instagram<\/a><\/h3>\n<\/div>\n<\/div>\n\n\n\n<p><a href=\"https:\/\/jornalrol.com.br\/\" title=\"Voltar\">Voltar<\/a><\/p>\n\n\n\n<p><a href=\"https:\/\/www.facebook.com\/JCulturalrol\/\" title=\"Facebook\">Facebook<\/a><\/p>\n","protected":false},"excerpt":{"rendered":"<p>N\u00e3o h\u00e1 raz\u00e3o para que o dia de hoje passe sem que se exalte a grandeza da mulher. Celebrar sua presen\u00e7a no mundo \u00e9, antes de tudo, um gesto de coer\u00eancia e&#8230; <\/p>\n","protected":false},"author":122,"featured_media":79002,"comment_status":"open","ping_status":"closed","sticky":false,"template":"","format":"standard","meta":{"_jetpack_newsletter_access":"","_jetpack_dont_email_post_to_subs":false,"_jetpack_newsletter_tier_id":0,"_jetpack_memberships_contains_paywalled_content":false,"_jetpack_memberships_contains_paid_content":false,"footnotes":""},"categories":[9392,9285],"tags":[2768,4412],"class_list":["post-79001","post","type-post","status-publish","format-standard","has-post-thumbnail","hentry","category-cronicas","category-literatura","tag-dia-da-mulher","tag-homenagem"],"aioseo_notices":[],"views":343,"jetpack_featured_media_url":"http:\/\/jornalrol.com.br\/wp-content\/uploads\/2026\/03\/download-3.jpg","jetpack_sharing_enabled":true,"jetpack_likes_enabled":true,"jetpack-related-posts":[{"id":64868,"url":"http:\/\/jornalrol.com.br\/?p=64868","url_meta":{"origin":79001,"position":0},"title":"Mulher","author":"Denise Canova","date":"7 de mar\u00e7o de 2024","format":false,"excerpt":"Mulher forte, de f\u00e9. Mulher guerreira, vencedora. Denise Canova (Dama da Poesia), poesia minimalista \u2018Mulher\u2019. Poema em homenagem ao Dia Internacional da Mulher","rel":"","context":"Em &quot;Literatura&quot;","block_context":{"text":"Literatura","link":"http:\/\/jornalrol.com.br\/?cat=9285"},"img":{"alt_text":"\"Mulher forte, de f\u00e9. Mulher guerreira, vencedora","src":"https:\/\/i0.wp.com\/jornalrol.com.br\/wp-content\/uploads\/2024\/03\/OIG3.T.jpg?resize=350%2C200","width":350,"height":200,"srcset":"https:\/\/i0.wp.com\/jornalrol.com.br\/wp-content\/uploads\/2024\/03\/OIG3.T.jpg?resize=350%2C200 1x, https:\/\/i0.wp.com\/jornalrol.com.br\/wp-content\/uploads\/2024\/03\/OIG3.T.jpg?resize=525%2C300 1.5x, https:\/\/i0.wp.com\/jornalrol.com.br\/wp-content\/uploads\/2024\/03\/OIG3.T.jpg?resize=700%2C400 2x"},"classes":[]},{"id":72123,"url":"http:\/\/jornalrol.com.br\/?p=72123","url_meta":{"origin":79001,"position":1},"title":"Mulher formosa","author":"Augusto Antonio Carvalho Barreiro Damas","date":"19 de fevereiro de 2025","format":false,"excerpt":"Augusto Damas: Poema 'Mulher formosa' Augusto Damas Imagem criada por IA do Bing - 19 de fevereiro de 2025,\u00e0s 14:57 PM Mulher formosa bela e cheirosaSua pele delicada qual p\u00e9talas de rosasOs seu olhos t\u00eam um brilho reluzente Calor ameno, tal qual o Sol nascente \u00c1 noite sonhei incr\u00edvel amorEu\u2026","rel":"","context":"Em &quot;Literatura&quot;","block_context":{"text":"Literatura","link":"http:\/\/jornalrol.com.br\/?cat=9285"},"img":{"alt_text":"Imagem criada por IA do Bing - 19 de fevereiro de 2025, \u00e0s 14:57 PM","src":"https:\/\/i0.wp.com\/jornalrol.com.br\/wp-content\/uploads\/2025\/02\/OIG1.nGRR_.jpg?resize=350%2C200","width":350,"height":200,"srcset":"https:\/\/i0.wp.com\/jornalrol.com.br\/wp-content\/uploads\/2025\/02\/OIG1.nGRR_.jpg?resize=350%2C200 1x, https:\/\/i0.wp.com\/jornalrol.com.br\/wp-content\/uploads\/2025\/02\/OIG1.nGRR_.jpg?resize=525%2C300 1.5x, https:\/\/i0.wp.com\/jornalrol.com.br\/wp-content\/uploads\/2025\/02\/OIG1.nGRR_.jpg?resize=700%2C400 2x"},"classes":[]},{"id":74440,"url":"http:\/\/jornalrol.com.br\/?p=74440","url_meta":{"origin":79001,"position":2},"title":"Elas est\u00e3o sendo premiadas","author":"Augusto Antonio Carvalho Barreiro Damas","date":"18 de julho de 2025","format":false,"excerpt":"H\u00e1 in\u00fameras edi\u00e7\u00f5es de mat\u00e9rias jornal\u00edsticas, revistas, livros e palestras e debates correlatos publicados na Internet tratando de temas sobre...","rel":"","context":"Em &quot;Sem categoria&quot;","block_context":{"text":"Sem categoria","link":"http:\/\/jornalrol.com.br\/?cat=1"},"img":{"alt_text":"Trof\u00e9u Mulher de Pedra - Empreendedora Teresopolitana","src":"https:\/\/i0.wp.com\/jornalrol.com.br\/wp-content\/uploads\/2025\/07\/135e10a3-2de9-48f4-a488-d0c4ab232f0d.jpg?resize=350%2C200","width":350,"height":200},"classes":[]},{"id":71164,"url":"http:\/\/jornalrol.com.br\/?p=71164","url_meta":{"origin":79001,"position":3},"title":"As rosas","author":"Augusto Antonio Carvalho Barreiro Damas","date":"6 de dezembro de 2024","format":false,"excerpt":"Rosa por rosas, flores em jardins s\u00e3o vidas amorosas\u2026 S\u00e3o encantos no canto das emo\u00e7\u00f5es, dos que a cantam em prosas e versos, dos que amam os espinhos que...","rel":"","context":"Em &quot;Literatura&quot;","block_context":{"text":"Literatura","link":"http:\/\/jornalrol.com.br\/?cat=9285"},"img":{"alt_text":"","src":"https:\/\/i0.wp.com\/jornalrol.com.br\/wp-content\/uploads\/2024\/12\/OIG1.LLp8B4sM.jpeg?resize=350%2C200","width":350,"height":200,"srcset":"https:\/\/i0.wp.com\/jornalrol.com.br\/wp-content\/uploads\/2024\/12\/OIG1.LLp8B4sM.jpeg?resize=350%2C200 1x, https:\/\/i0.wp.com\/jornalrol.com.br\/wp-content\/uploads\/2024\/12\/OIG1.LLp8B4sM.jpeg?resize=525%2C300 1.5x, https:\/\/i0.wp.com\/jornalrol.com.br\/wp-content\/uploads\/2024\/12\/OIG1.LLp8B4sM.jpeg?resize=700%2C400 2x"},"classes":[]},{"id":77143,"url":"http:\/\/jornalrol.com.br\/?p=77143","url_meta":{"origin":79001,"position":4},"title":"Trof\u00e9u Mulher de Pedra 2025","author":"Sergio Diniz da Costa","date":"6 de dezembro de 2025","format":false,"excerpt":"No dia 27 de novembro, no concorrido Espa\u00e7o Cultural Higino, deu-se a 3\u00aa edi\u00e7\u00e3o do trof\u00e9u, mais uma vez tendo \u00e0 frente o Comendador Augusto Damas, com o...","rel":"","context":"Em &quot;Sem categoria&quot;","block_context":{"text":"Sem categoria","link":"http:\/\/jornalrol.com.br\/?cat=1"},"img":{"alt_text":"Mesa Plen\u00e1ria: da esquerda para a direita, Evelyn Ma\u00e7ulo, Margareth Rech, Augusto Damas, Pr\u00edncipe Dom Alexandre Rurikovich Carvalho, Duquesa Cl\u00e1udia Lundgren e Rita Mello - Foto por Eduardo Rivera","src":"https:\/\/i0.wp.com\/jornalrol.com.br\/wp-content\/uploads\/2025\/12\/3e7628a3-1106-4f59-ad81-16030148427d.jpg?resize=350%2C200","width":350,"height":200,"srcset":"https:\/\/i0.wp.com\/jornalrol.com.br\/wp-content\/uploads\/2025\/12\/3e7628a3-1106-4f59-ad81-16030148427d.jpg?resize=350%2C200 1x, https:\/\/i0.wp.com\/jornalrol.com.br\/wp-content\/uploads\/2025\/12\/3e7628a3-1106-4f59-ad81-16030148427d.jpg?resize=525%2C300 1.5x, https:\/\/i0.wp.com\/jornalrol.com.br\/wp-content\/uploads\/2025\/12\/3e7628a3-1106-4f59-ad81-16030148427d.jpg?resize=700%2C400 2x, https:\/\/i0.wp.com\/jornalrol.com.br\/wp-content\/uploads\/2025\/12\/3e7628a3-1106-4f59-ad81-16030148427d.jpg?resize=1050%2C600 3x"},"classes":[]},{"id":73124,"url":"http:\/\/jornalrol.com.br\/?p=73124","url_meta":{"origin":79001,"position":5},"title":"Dia do Jornalista","author":"Sergio Diniz da Costa","date":"8 de maio de 2025","format":false,"excerpt":"Comit\u00ea de Imprensa de Teres\u00f3polis - CIT homenageia jornalistas com o Trof\u00e9u Mulher de Pedra, Jubileu de Ouro, na vers\u00e3o Pr\u00eamio Jornalista Destaque 2025","rel":"","context":"Em &quot;Homenagem&quot;","block_context":{"text":"Homenagem","link":"http:\/\/jornalrol.com.br\/?cat=9938"},"img":{"alt_text":"Os agraciados com o Diploma Personalidade Relevante e os jornalistas que receberam o trof\u00e9u Mulher de Pedra na vers\u00e3o Pr\u00eamio Jornalistas 2025","src":"https:\/\/i0.wp.com\/jornalrol.com.br\/wp-content\/uploads\/2025\/05\/3220f168-2630-4c89-88e4-b1ea44abae2d.jpg?resize=350%2C200","width":350,"height":200,"srcset":"https:\/\/i0.wp.com\/jornalrol.com.br\/wp-content\/uploads\/2025\/05\/3220f168-2630-4c89-88e4-b1ea44abae2d.jpg?resize=350%2C200 1x, https:\/\/i0.wp.com\/jornalrol.com.br\/wp-content\/uploads\/2025\/05\/3220f168-2630-4c89-88e4-b1ea44abae2d.jpg?resize=525%2C300 1.5x, https:\/\/i0.wp.com\/jornalrol.com.br\/wp-content\/uploads\/2025\/05\/3220f168-2630-4c89-88e4-b1ea44abae2d.jpg?resize=700%2C400 2x, https:\/\/i0.wp.com\/jornalrol.com.br\/wp-content\/uploads\/2025\/05\/3220f168-2630-4c89-88e4-b1ea44abae2d.jpg?resize=1050%2C600 3x, https:\/\/i0.wp.com\/jornalrol.com.br\/wp-content\/uploads\/2025\/05\/3220f168-2630-4c89-88e4-b1ea44abae2d.jpg?resize=1400%2C800 4x"},"classes":[]}],"_links":{"self":[{"href":"http:\/\/jornalrol.com.br\/index.php?rest_route=\/wp\/v2\/posts\/79001","targetHints":{"allow":["GET"]}}],"collection":[{"href":"http:\/\/jornalrol.com.br\/index.php?rest_route=\/wp\/v2\/posts"}],"about":[{"href":"http:\/\/jornalrol.com.br\/index.php?rest_route=\/wp\/v2\/types\/post"}],"author":[{"embeddable":true,"href":"http:\/\/jornalrol.com.br\/index.php?rest_route=\/wp\/v2\/users\/122"}],"replies":[{"embeddable":true,"href":"http:\/\/jornalrol.com.br\/index.php?rest_route=%2Fwp%2Fv2%2Fcomments&post=79001"}],"version-history":[{"count":2,"href":"http:\/\/jornalrol.com.br\/index.php?rest_route=\/wp\/v2\/posts\/79001\/revisions"}],"predecessor-version":[{"id":79005,"href":"http:\/\/jornalrol.com.br\/index.php?rest_route=\/wp\/v2\/posts\/79001\/revisions\/79005"}],"wp:featuredmedia":[{"embeddable":true,"href":"http:\/\/jornalrol.com.br\/index.php?rest_route=\/wp\/v2\/media\/79002"}],"wp:attachment":[{"href":"http:\/\/jornalrol.com.br\/index.php?rest_route=%2Fwp%2Fv2%2Fmedia&parent=79001"}],"wp:term":[{"taxonomy":"category","embeddable":true,"href":"http:\/\/jornalrol.com.br\/index.php?rest_route=%2Fwp%2Fv2%2Fcategories&post=79001"},{"taxonomy":"post_tag","embeddable":true,"href":"http:\/\/jornalrol.com.br\/index.php?rest_route=%2Fwp%2Fv2%2Ftags&post=79001"}],"curies":[{"name":"wp","href":"https:\/\/api.w.org\/{rel}","templated":true}]}}