{"id":79006,"date":"2026-03-12T12:28:50","date_gmt":"2026-03-12T15:28:50","guid":{"rendered":"https:\/\/jornalrol.com.br\/?p=79006"},"modified":"2026-03-12T12:29:02","modified_gmt":"2026-03-12T15:29:02","slug":"alveolos-da-alma","status":"publish","type":"post","link":"http:\/\/jornalrol.com.br\/?p=79006","title":{"rendered":"Alv\u00e9olos da Alma"},"content":{"rendered":"<div class=\"pdfprnt-buttons pdfprnt-buttons-post pdfprnt-top-right\"><a href=\"http:\/\/jornalrol.com.br\/index.php?rest_route=%2Fwp%2Fv2%2Fposts%2F79006&print=pdf\" class=\"pdfprnt-button pdfprnt-button-pdf\" target=\"_blank\" ><\/a><a href=\"http:\/\/jornalrol.com.br\/index.php?rest_route=%2Fwp%2Fv2%2Fposts%2F79006&print=print\" class=\"pdfprnt-button pdfprnt-button-print\" target=\"_blank\" ><img decoding=\"async\" src=\"https:\/\/jornalrol.com.br\/wp-content\/plugins\/pdf-print\/images\/print.png\" alt=\"image_print\" title=\"Conte\u00fado de impress\u00e3o\" \/><\/a><\/div>\n<h2 class=\"wp-block-heading has-text-align-center\">Alv\u00e9olos da Alma \u00e9 uma pequena colet\u00e2nea de poemas majoritariamente in\u00e9ditos, intercalados com a reimpress\u00e3o de alguns escritos particularmente caros a seu autor<br><br><\/h2>\n\n\n<div class=\"wp-block-image\">\n<figure class=\"aligncenter size-full is-resized\"><img loading=\"lazy\" decoding=\"async\" width=\"659\" height=\"653\" data-attachment-id=\"79007\" data-permalink=\"http:\/\/jornalrol.com.br\/?attachment_id=79007\" data-orig-file=\"http:\/\/jornalrol.com.br\/wp-content\/uploads\/2026\/03\/1000788422.jpg\" data-orig-size=\"659,653\" data-comments-opened=\"1\" data-image-meta=\"{&quot;aperture&quot;:&quot;0&quot;,&quot;credit&quot;:&quot;&quot;,&quot;camera&quot;:&quot;&quot;,&quot;caption&quot;:&quot;&quot;,&quot;created_timestamp&quot;:&quot;0&quot;,&quot;copyright&quot;:&quot;&quot;,&quot;focal_length&quot;:&quot;0&quot;,&quot;iso&quot;:&quot;0&quot;,&quot;shutter_speed&quot;:&quot;0&quot;,&quot;title&quot;:&quot;&quot;,&quot;orientation&quot;:&quot;0&quot;}\" data-image-title=\"1000788422\" data-image-description=\"\" data-image-caption=\"\" data-large-file=\"http:\/\/jornalrol.com.br\/wp-content\/uploads\/2026\/03\/1000788422.jpg\" src=\"http:\/\/jornalrol.com.br\/wp-content\/uploads\/2026\/03\/1000788422.jpg\" alt=\"Capa do livro Alv\u00e9olos da Alma, de Marcus Hemerly\" class=\"wp-image-79007\" style=\"aspect-ratio:1.0092127303182579;width:403px;height:auto\"\/><figcaption class=\"wp-element-caption\"><em>Capa do livro Alv\u00e9olos da Alma, de Marcus Hemerly<\/em><\/figcaption><\/figure>\n<\/div>\n\n\n<p class=\"has-drop-cap\">Numa multitude caleidosc\u00f3pica de impress\u00f5es, reuniu-se uma pequena colet\u00e2nea de poemas majoritariamente in\u00e9ditos, intercalados com a reimpress\u00e3o de alguns escritos particularmente caros a seu autor.<\/p>\n\n\n\n<p>N\u00e3o se prende esta singela obra a uma antologia em harmonia de estilo; desdobram-se versos soltos, rimados, metrificados ou livres, poemas rom\u00e2nticos, de morte, existenciais ou ao estilo beatnik, no intuito de amealhar um retrato fiel da &#8216;metamorfose ambulante&#8217; afeita ao ser racional\/sentimental. <\/p>\n\n\n\n<p>Inclusive, Pessoa e seus heter\u00f4nimos, cada qual amoldando seus pr\u00f3prios estilos e peculiaridades est\u00e9ticas comprovou, na melhor forma, o que, finalisticamente se pretende: poesia. Como, de igual sorte, poderia dizer o festejado g\u00eanio lusitano, assim como Vin\u00edcius e Agusto dos Anjos, se o poeta \u201cfinge ser dor, a dor que deveras sente\u201d, tamb\u00e9m pretende que \u201cseja eterno enquanto dure\u201d, pois na contrariedade aparente \u201ca m\u00e3o que afaga \u00e9 a mesma que apedreja\u201d.<\/p>\n\n\n\n<p><strong>Alv\u00e9olos da Alma<\/strong>, com 64 p\u00e1ginas, pode ser adquirido pela <strong><a href=\"https:\/\/a.co\/d\/0gtqyp2E\" title=\"Amazon\">Amazon<\/a><\/strong>, no formato e-book Kindle, ao pre\u00e7o de R$ 5,00.<\/p>\n\n\n\n<h2 class=\"wp-block-heading has-text-align-center\">Sobre o autor<\/h2>\n\n\n<div class=\"wp-block-image\">\n<figure class=\"alignright size-full is-resized\"><img loading=\"lazy\" decoding=\"async\" width=\"332\" height=\"425\" data-attachment-id=\"79095\" data-permalink=\"http:\/\/jornalrol.com.br\/?attachment_id=79095\" data-orig-file=\"http:\/\/jornalrol.com.br\/wp-content\/uploads\/2026\/03\/616a0536-d55d-4345-b48e-67f3865489ea.jpg\" data-orig-size=\"332,425\" data-comments-opened=\"1\" data-image-meta=\"{&quot;aperture&quot;:&quot;0&quot;,&quot;credit&quot;:&quot;&quot;,&quot;camera&quot;:&quot;&quot;,&quot;caption&quot;:&quot;&quot;,&quot;created_timestamp&quot;:&quot;0&quot;,&quot;copyright&quot;:&quot;&quot;,&quot;focal_length&quot;:&quot;0&quot;,&quot;iso&quot;:&quot;0&quot;,&quot;shutter_speed&quot;:&quot;0&quot;,&quot;title&quot;:&quot;&quot;,&quot;orientation&quot;:&quot;0&quot;}\" data-image-title=\"616a0536-d55d-4345-b48e-67f3865489ea\" data-image-description=\"\" data-image-caption=\"\" data-large-file=\"http:\/\/jornalrol.com.br\/wp-content\/uploads\/2026\/03\/616a0536-d55d-4345-b48e-67f3865489ea.jpg\" src=\"https:\/\/jornalrol.com.br\/wp-content\/uploads\/2026\/03\/616a0536-d55d-4345-b48e-67f3865489ea.jpg\" alt=\"\" class=\"wp-image-79095\" style=\"aspect-ratio:0.7812239915663319;width:261px;height:auto\"\/><figcaption class=\"wp-element-caption\"><em>Marcus Hemerly<\/em><\/figcaption><\/figure>\n<\/div>\n\n\n<p><strong>Marcus Hemerly<\/strong>, natural de Cacheiro de Itapemirim (ES), \u00e9 servidor do Poder Judici\u00e1rio do Estado do Esp\u00edrito Santo.<\/p>\n\n\n\n<p>Autor da obra &#8216;Verso e Prosa: Excertos de Acertos&#8217;, originalmente publicada em formato f\u00edsico.<\/p>\n\n\n\n<p>Membro de Academias Liter\u00e1rias e coautor em antologias po\u00e9ticas e de contos. <\/p>\n\n\n\n<p>Recebeu, da Federa\u00e7\u00e3o Brasileira dos Acad\u00eamicos das Ci\u00eancias, Letras e Artes &#8211; FEBACLA, dentre outros t\u00edtulos: Pr\u00eamio Monteiro Lobato; Grande Pr\u00eamio Internacional de Literatura Machado de Assis; Comenda Olavo Bilac Pr\u00edncipe dos Poetas; Medalha Dom Pedro II -Patrono das Letras e das Ci\u00eancias; Medalha Not\u00f3rio Saber Cultural; pelo Centro Sarmathiano de Altos Estudos Hist\u00f3ricos e Filos\u00f3ficoso T\u00edtulo de Doutor Honoris Causa em Literatura e, pela Soberana Casa Real e Imperial dos Godos de Oriente, Cavaleiro Comendador da Ordem de Gotland. <\/p>\n\n\n\n<p>E foi um dos vencedores do concurso internacional de poesias Covid Times Poetry,  promovido pela ONG WHD &#8211; World Humanitarian Drive. <\/p>\n\n\n\n<p>\u00c9 colunista de cinema e literatura, contribuindo para saites e jornais eletr\u00f4nicos<\/p>\n\n\n\n<h3 class=\"wp-block-heading has-text-align-left\">Redes sociais<\/h3>\n\n\n\n<div class=\"wp-block-columns is-layout-flex wp-container-core-columns-is-layout-9d6595d7 wp-block-columns-is-layout-flex\">\n<div class=\"wp-block-column is-layout-flow wp-block-column-is-layout-flow\">\n<h3 class=\"wp-block-heading has-text-align-center has-electric-grass-gradient-background has-background\"><a href=\"https:\/\/www.instagram.com\/marcus_hemerly\/\" target=\"_blank\" rel=\"noopener\" title=\"Instagram\">Instagram<\/a><\/h3>\n<\/div>\n\n\n\n<div class=\"wp-block-column is-layout-flow wp-block-column-is-layout-flow\">\n<h3 class=\"wp-block-heading has-text-align-center has-electric-grass-gradient-background has-background\"><a href=\"https:\/\/www.facebook.com\/marcus.hemerly\" title=\"Facebook\">Facebook<\/a><\/h3>\n<\/div>\n<\/div>\n\n\n\n<p><a href=\"https:\/\/jornalrol.com.br\/\" title=\"Voltar\">Voltar<\/a><\/p>\n\n\n\n<p><a href=\"https:\/\/www.facebook.com\/JCulturalrol\/\" title=\"Facebook\">Facebook<\/a><\/p>\n\n\n\n<h2 class=\"wp-block-heading has-text-align-center\"><\/h2>\n","protected":false},"excerpt":{"rendered":"<p>Numa multitude caleidosc\u00f3pica de impress\u00f5es, reuniu-se uma pequena colet\u00e2nea de poemas majoritariamente in\u00e9ditos, intercalados com a reimpress\u00e3o de alguns&#8230;<\/p>\n","protected":false},"author":6,"featured_media":79007,"comment_status":"open","ping_status":"closed","sticky":false,"template":"","format":"standard","meta":{"_jetpack_newsletter_access":"","_jetpack_dont_email_post_to_subs":false,"_jetpack_newsletter_tier_id":0,"_jetpack_memberships_contains_paywalled_content":false,"_jetpack_memberships_contains_paid_content":false,"footnotes":""},"categories":[9462,9285,12355],"tags":[16383,5388],"class_list":["post-79006","post","type-post","status-publish","format-standard","has-post-thumbnail","hentry","category-lancamentos","category-literatura","category-livro","tag-alveolos-da-alma","tag-marcus-hemerly"],"aioseo_notices":[],"views":382,"jetpack_featured_media_url":"http:\/\/jornalrol.com.br\/wp-content\/uploads\/2026\/03\/1000788422.jpg","jetpack_sharing_enabled":true,"jetpack_likes_enabled":true,"jetpack-related-posts":[{"id":38654,"url":"http:\/\/jornalrol.com.br\/?p=38654","url_meta":{"origin":79006,"position":0},"title":"Marcus Hemerly: &#039;Alento mar\u00edtimo&#039;","author":"Marcus Hemerly","date":"17 de mar\u00e7o de 2021","format":false,"excerpt":"Alento mar\u00edtimo Uma mirada sobre o mar, Somente um singelo momento, Desperta singular sentimento, A consciente vontade de sonhar. \u00c1gua quente,\u00a0 \u00e1gua gelada, Me faz esquecer a dor famigerada, \u00c1gua gelada, \u00e1gua quente, Apaga essa saudade t\u00e3o latente. Lan\u00e7a tua espuma \u00e0 beira da costa, Apaga os escritos impressos na\u2026","rel":"","context":"Em &quot;Comunica\u00e7\u00e3o&quot;","block_context":{"text":"Comunica\u00e7\u00e3o","link":"http:\/\/jornalrol.com.br\/?cat=7"},"img":{"alt_text":"","src":"https:\/\/i0.wp.com\/www.jornalrol.com.br\/wp-content\/uploads\/2020\/12\/FOTO.-MARCUS-HEMERLY-150x150.jpg?resize=350%2C200","width":350,"height":200},"classes":[]},{"id":39270,"url":"http:\/\/jornalrol.com.br\/?p=39270","url_meta":{"origin":79006,"position":1},"title":"Marcus Hemerly: &#039;O palha\u00e7o&#039;","author":"Marcus Hemerly","date":"5 de abril de 2021","format":false,"excerpt":"O palha\u00e7o Sempre sonhou desde menino, Ser palha\u00e7o, pois tinha tino, De fazer rir, esconder a dor, Por um momento, ilidir o temor. Consagrada arte de fazer gra\u00e7a, Debaixo da lona, em meio \u00e0 pra\u00e7a, Riso solto irrompe do palha\u00e7o af\u00e1vel, Que incendeia o p\u00fablico respeit\u00e1vel. Profiss\u00e3o por destino desde\u2026","rel":"","context":"Em &quot;Comunica\u00e7\u00e3o&quot;","block_context":{"text":"Comunica\u00e7\u00e3o","link":"http:\/\/jornalrol.com.br\/?cat=7"},"img":{"alt_text":"","src":"https:\/\/i0.wp.com\/www.jornalrol.com.br\/wp-content\/uploads\/2020\/12\/FOTO.-MARCUS-HEMERLY-150x150.jpg?resize=350%2C200","width":350,"height":200},"classes":[]},{"id":40409,"url":"http:\/\/jornalrol.com.br\/?p=40409","url_meta":{"origin":79006,"position":2},"title":"Marcus Hemerly: &#039;Encantador de g\u00eanios&#039;","author":"Marcus Hemerly","date":"8 de maio de 2021","format":false,"excerpt":"Encantador de g\u00eanios Pela poesia hasteei Bandeira, Ouvinte dedicado, ode faceira; J\u00e1 fui desassossego em Pessoa, Poema reto em interl\u00fadio ressoa. Apaixonei-me infante por Cecilia, Admirava afoito em literata vig\u00edlia, Lancei enc\u00f4mios instigado\u00a0por Drummond, Ao mestre, le plus talentueux du monde. \u00a0 Marcus Hemerly marcushemerly@gmail.com","rel":"","context":"Em &quot;Comunica\u00e7\u00e3o&quot;","block_context":{"text":"Comunica\u00e7\u00e3o","link":"http:\/\/jornalrol.com.br\/?cat=7"},"img":{"alt_text":"","src":"https:\/\/i0.wp.com\/www.jornalrol.com.br\/wp-content\/uploads\/2020\/12\/FOTO.-MARCUS-HEMERLY-150x150.jpg?resize=350%2C200","width":350,"height":200},"classes":[]},{"id":42368,"url":"http:\/\/jornalrol.com.br\/?p=42368","url_meta":{"origin":79006,"position":3},"title":"Marcus Hemerly: &#039;O corvo da noite&#039;","author":"Marcus Hemerly","date":"28 de junho de 2021","format":false,"excerpt":"O corvo da noite Escrever poemas ao \u00e1lcool regados, Fuma\u00e7a de cigarros, lumes enevoados, Estranha ant\u00edtese, oh! inquieta placidez, Vem aos poucos embriagar a timidez. \u00a0 Se inovo em tolo m\u00e9todo, \"minimalista!\" Por vieses aduncos, talvez, individualista. Para escrever o que de dentro salta, Reproduzo feroz sentimento que assalta. \u00a0\u2026","rel":"","context":"Em &quot;Comunica\u00e7\u00e3o&quot;","block_context":{"text":"Comunica\u00e7\u00e3o","link":"http:\/\/jornalrol.com.br\/?cat=7"},"img":{"alt_text":"","src":"https:\/\/i0.wp.com\/www.jornalrol.com.br\/wp-content\/uploads\/2020\/12\/FOTO.-MARCUS-HEMERLY-150x150.jpg?resize=350%2C200","width":350,"height":200},"classes":[]},{"id":69240,"url":"http:\/\/jornalrol.com.br\/?p=69240","url_meta":{"origin":79006,"position":4},"title":"A arte de escrever e transmitir emo\u00e7\u00f5es","author":"Marcus Hemerly","date":"5 de setembro de 2024","format":false,"excerpt":"Neste final de semana, come\u00e7a a Bienal do Livro de S\u00e3o Paulo, festividade importante para o mercado editorial e para o fomento da cultura, que acontecer\u00e1 at\u00e9...","rel":"","context":"Em &quot;Entrevistas ROLianas&quot;","block_context":{"text":"Entrevistas ROLianas","link":"http:\/\/jornalrol.com.br\/?cat=10024"},"img":{"alt_text":"Card do lan\u00e7amento oficial do livro 'Investiga\u00e7\u00e3o em Dallas'","src":"https:\/\/i0.wp.com\/jornalrol.com.br\/wp-content\/uploads\/2024\/09\/lANCAMENTO-OFICIAL-DO-LIVRO-INVESTIGACAO-EM-DALLAS-07092024-15H.jpg?resize=350%2C200","width":350,"height":200,"srcset":"https:\/\/i0.wp.com\/jornalrol.com.br\/wp-content\/uploads\/2024\/09\/lANCAMENTO-OFICIAL-DO-LIVRO-INVESTIGACAO-EM-DALLAS-07092024-15H.jpg?resize=350%2C200 1x, https:\/\/i0.wp.com\/jornalrol.com.br\/wp-content\/uploads\/2024\/09\/lANCAMENTO-OFICIAL-DO-LIVRO-INVESTIGACAO-EM-DALLAS-07092024-15H.jpg?resize=525%2C300 1.5x, https:\/\/i0.wp.com\/jornalrol.com.br\/wp-content\/uploads\/2024\/09\/lANCAMENTO-OFICIAL-DO-LIVRO-INVESTIGACAO-EM-DALLAS-07092024-15H.jpg?resize=700%2C400 2x, https:\/\/i0.wp.com\/jornalrol.com.br\/wp-content\/uploads\/2024\/09\/lANCAMENTO-OFICIAL-DO-LIVRO-INVESTIGACAO-EM-DALLAS-07092024-15H.jpg?resize=1050%2C600 3x"},"classes":[]},{"id":37780,"url":"http:\/\/jornalrol.com.br\/?p=37780","url_meta":{"origin":79006,"position":5},"title":"Marcus Hemerly! &#039;Provoca\u00e7\u00f5es, um ep\u00edlogo: Fernando Pessoa, o poeta fil\u00f3sofo ou fil\u00f3sofo poeta?&#039;","author":"Marcus Hemerly","date":"15 de fevereiro de 2021","format":false,"excerpt":"Provoca\u00e7\u00f5es, um ep\u00edlogo: Fernando Pessoa, o poeta fil\u00f3sofo ou fil\u00f3sofo poeta? \u201cQue trag\u00e9dia n\u00e3o acreditar na perfectibilidade humana! ... \u2013 E que trag\u00e9dia acreditar nela!\u201d Livro do Desassossego. Ap\u00f3s uma sequ\u00eancia de reflex\u00f5es acerca da vida e os aspectos a ela inerentes; tal como o amor, amizade, tristeza, ou sua\u2026","rel":"","context":"Em &quot;Comunica\u00e7\u00e3o&quot;","block_context":{"text":"Comunica\u00e7\u00e3o","link":"http:\/\/jornalrol.com.br\/?cat=7"},"img":{"alt_text":"","src":"https:\/\/i0.wp.com\/jornalrol.com.br\/wp-content\/uploads\/2021\/02\/60c2c1ce-cda7-4140-8a90-1656f09721f9.jpg?resize=350%2C200","width":350,"height":200,"srcset":"https:\/\/i0.wp.com\/jornalrol.com.br\/wp-content\/uploads\/2021\/02\/60c2c1ce-cda7-4140-8a90-1656f09721f9.jpg?resize=350%2C200 1x, https:\/\/i0.wp.com\/jornalrol.com.br\/wp-content\/uploads\/2021\/02\/60c2c1ce-cda7-4140-8a90-1656f09721f9.jpg?resize=525%2C300 1.5x, https:\/\/i0.wp.com\/jornalrol.com.br\/wp-content\/uploads\/2021\/02\/60c2c1ce-cda7-4140-8a90-1656f09721f9.jpg?resize=700%2C400 2x, https:\/\/i0.wp.com\/jornalrol.com.br\/wp-content\/uploads\/2021\/02\/60c2c1ce-cda7-4140-8a90-1656f09721f9.jpg?resize=1050%2C600 3x"},"classes":[]}],"_links":{"self":[{"href":"http:\/\/jornalrol.com.br\/index.php?rest_route=\/wp\/v2\/posts\/79006","targetHints":{"allow":["GET"]}}],"collection":[{"href":"http:\/\/jornalrol.com.br\/index.php?rest_route=\/wp\/v2\/posts"}],"about":[{"href":"http:\/\/jornalrol.com.br\/index.php?rest_route=\/wp\/v2\/types\/post"}],"author":[{"embeddable":true,"href":"http:\/\/jornalrol.com.br\/index.php?rest_route=\/wp\/v2\/users\/6"}],"replies":[{"embeddable":true,"href":"http:\/\/jornalrol.com.br\/index.php?rest_route=%2Fwp%2Fv2%2Fcomments&post=79006"}],"version-history":[{"count":7,"href":"http:\/\/jornalrol.com.br\/index.php?rest_route=\/wp\/v2\/posts\/79006\/revisions"}],"predecessor-version":[{"id":79099,"href":"http:\/\/jornalrol.com.br\/index.php?rest_route=\/wp\/v2\/posts\/79006\/revisions\/79099"}],"wp:featuredmedia":[{"embeddable":true,"href":"http:\/\/jornalrol.com.br\/index.php?rest_route=\/wp\/v2\/media\/79007"}],"wp:attachment":[{"href":"http:\/\/jornalrol.com.br\/index.php?rest_route=%2Fwp%2Fv2%2Fmedia&parent=79006"}],"wp:term":[{"taxonomy":"category","embeddable":true,"href":"http:\/\/jornalrol.com.br\/index.php?rest_route=%2Fwp%2Fv2%2Fcategories&post=79006"},{"taxonomy":"post_tag","embeddable":true,"href":"http:\/\/jornalrol.com.br\/index.php?rest_route=%2Fwp%2Fv2%2Ftags&post=79006"}],"curies":[{"name":"wp","href":"https:\/\/api.w.org\/{rel}","templated":true}]}}