{"id":79012,"date":"2026-03-10T08:10:00","date_gmt":"2026-03-10T11:10:00","guid":{"rendered":"https:\/\/jornalrol.com.br\/?p=79012"},"modified":"2026-03-10T08:02:20","modified_gmt":"2026-03-10T11:02:20","slug":"professor-carlos-cavalheiro-publica-artigo-em-e-book-da-uerj","status":"publish","type":"post","link":"http:\/\/jornalrol.com.br\/?p=79012","title":{"rendered":"Professor Carlos Cavalheiro publica artigo em e-book da UERJ"},"content":{"rendered":"<div class=\"pdfprnt-buttons pdfprnt-buttons-post pdfprnt-top-right\"><a href=\"http:\/\/jornalrol.com.br\/index.php?rest_route=%2Fwp%2Fv2%2Fposts%2F79012&print=pdf\" class=\"pdfprnt-button pdfprnt-button-pdf\" target=\"_blank\" ><\/a><a href=\"http:\/\/jornalrol.com.br\/index.php?rest_route=%2Fwp%2Fv2%2Fposts%2F79012&print=print\" class=\"pdfprnt-button pdfprnt-button-print\" target=\"_blank\" ><img decoding=\"async\" src=\"https:\/\/jornalrol.com.br\/wp-content\/plugins\/pdf-print\/images\/print.png\" alt=\"image_print\" title=\"Conte\u00fado de impress\u00e3o\" \/><\/a><\/div>\n<h2 class=\"wp-block-heading has-text-align-center\">O artigo escrito e apresentado pelo professor Carlos Carvalho Cavalheiro \u00e9 parte de uma pesquisa de Doutorado em Comunica\u00e7\u00e3o e Cultura<br><br><\/h2>\n\n\n<div class=\"wp-block-image\">\n<figure class=\"aligncenter size-full is-resized\"><img loading=\"lazy\" decoding=\"async\" width=\"1080\" height=\"1080\" data-attachment-id=\"79013\" data-permalink=\"http:\/\/jornalrol.com.br\/?attachment_id=79013\" data-orig-file=\"http:\/\/jornalrol.com.br\/wp-content\/uploads\/2026\/03\/637185705_17936831007166591_1158001618262371951_n.jpg\" data-orig-size=\"1080,1080\" data-comments-opened=\"1\" data-image-meta=\"{&quot;aperture&quot;:&quot;0&quot;,&quot;credit&quot;:&quot;&quot;,&quot;camera&quot;:&quot;&quot;,&quot;caption&quot;:&quot;&quot;,&quot;created_timestamp&quot;:&quot;0&quot;,&quot;copyright&quot;:&quot;&quot;,&quot;focal_length&quot;:&quot;0&quot;,&quot;iso&quot;:&quot;0&quot;,&quot;shutter_speed&quot;:&quot;0&quot;,&quot;title&quot;:&quot;&quot;,&quot;orientation&quot;:&quot;0&quot;}\" data-image-title=\"637185705_17936831007166591_1158001618262371951_n\" data-image-description=\"\" data-image-caption=\"\" data-large-file=\"http:\/\/jornalrol.com.br\/wp-content\/uploads\/2026\/03\/637185705_17936831007166591_1158001618262371951_n.jpg\" src=\"https:\/\/jornalrol.com.br\/wp-content\/uploads\/2026\/03\/637185705_17936831007166591_1158001618262371951_n.jpg\" alt=\"Foto do arquivo pessoal de Carlos Carvalho Cavalheiro\" class=\"wp-image-79013\" style=\"width:410px;height:auto\" srcset=\"http:\/\/jornalrol.com.br\/wp-content\/uploads\/2026\/03\/637185705_17936831007166591_1158001618262371951_n.jpg 1080w, http:\/\/jornalrol.com.br\/wp-content\/uploads\/2026\/03\/637185705_17936831007166591_1158001618262371951_n-600x600.jpg 600w, http:\/\/jornalrol.com.br\/wp-content\/uploads\/2026\/03\/637185705_17936831007166591_1158001618262371951_n-768x768.jpg 768w\" sizes=\"auto, (max-width: 1080px) 100vw, 1080px\" \/><figcaption class=\"wp-element-caption\"><em>Foto do arquivo pessoal de Carlos Carvalho Cavalheiro<\/em><\/figcaption><\/figure>\n<\/div>\n\n\n<p class=\"has-drop-cap\">&#8220;<strong>Um rio de possibilidades: a comunica\u00e7\u00e3o rebelde dos pescadores da \u00e1rea urbana de Sorocaba<\/strong>&#8221; \u00e9 o t\u00edtulo do artigo do professor Carlos Carvalho Cavalheiro, publicado nesta semana (dia 09 de mar\u00e7o) no e-book Comunicar o tempo &#8211; Mem\u00f3rias, viv\u00eancias e vis\u00f5es, publicado pela Universidade do Estado do Rio de Janeiro, Faculdade de Comunica\u00e7\u00e3o Social.<br><\/p>\n\n\n\n<p>Organizado pelos professores Ana Carla Longo, Guilherme Alves, Julia Barroso, Lu\u00eds Fellipe dos Santos e Rafael Malhado, o livro \u00e9 resultado das apresenta\u00e7\u00f5es realizadas em 2024 durante a ocorr\u00eancia do Simp\u00f3sio Territ\u00f3rios, Tecnologias e Culturas (Tetecul).<br><\/p>\n\n\n\n<p>O artigo escrito e apresentado pelo professor Carlos Carvalho Cavalheiro \u00e9 parte de uma pesquisa de Doutorado em Comunica\u00e7\u00e3o e Cultura, e tem como tema a cidade compreendida como um sistema comunicacional em intera\u00e7\u00e3o com seus habitantes. Desse modo, se debru\u00e7a sobre a seguinte quest\u00e3o: a pr\u00e1tica da pesca no rio Sorocaba, em \u00e1rea urbana, pode ser considerada como uma forma de comunica\u00e7\u00e3o rebelde? O objetivo \u00e9 compreender de que maneira as pr\u00e1ticas de pesca nessa \u00e1rea se configuram como formas cr\u00edticas de intera\u00e7\u00e3o com a cidade.<br><\/p>\n\n\n\n<p>Cavalheiro \u00e9 doutorando em Comunica\u00e7\u00e3o e Cultura pela Universidade de Sorocaba (UNISO), sendo Bolsista CNPq pelo Observat\u00f3rio de Desenvolvimento da Regi\u00e3o Metropolitana de Sorocaba, o qual, por sua vez, tem se debru\u00e7ado sobre os m\u00faltiplos aspectos que envolvem o rio Sorocaba. O professor Carlos Carvalho Cavalheiro resolveu pesquisar a a\u00e7\u00e3o da pesca como uma forma de comunica\u00e7\u00e3o, a qual denominou de &#8216;comunica\u00e7\u00e3o rebelde&#8217;, uma &#8216;rebeldia de persist\u00eancia&#8217;, em que o corpo e o territ\u00f3rio tornam-se os principais dispositivos de contranarrativa frente ao apagamento hist\u00f3rico e ao racismo estrutural.<br><\/p>\n\n\n\n<p>Carlos Carvalho Cavalheiro utiliza os pescadores do Rio Sorocaba no IV TETECUL (2024) para exemplificar a &#8216;comunica\u00e7\u00e3o rebelde&#8217; como um ato de resist\u00eancia que contesta o planejamento urbano focado no capital. A pesquisa demonstra que a presen\u00e7a desses pescadores nas margens polu\u00eddas atua como uma &#8220;rasura&#8221; na paisagem moderna, exercendo o &#8216;direito \u00e0 cidade&#8217; atrav\u00e9s do fazer cotidiano, e n\u00e3o por meios digitais. A pr\u00e1tica da pesca, com seu sil\u00eancio e presen\u00e7a, transforma-se em um emissor da mensagem rebelde, segundo o trabalho apresentado no evento.<br><\/p>\n\n\n\n<p>O conceito de comunica\u00e7\u00e3o rebelde tem sido desenvolvido e aprimorado pelo professor Carlos Carvalho Cavalheiro e por seu orientador no Doutorado, o professor Dr. Paulo Celso da Silva.<br>Cavalheiro e Silva t\u00eam se valido de diversos te\u00f3ricos nessa constru\u00e7\u00e3o, como Joice Berth, Paulo Freire, Michel de Certeau, David Harvey entre outros.<br><\/p>\n\n\n\n<p>O livro &#8216;Comunicar o tempo &#8211; Mem\u00f3rias, viv\u00eancias e vis\u00f5es&#8217; pode ser acessado gratuitamente pelo link: <a href=\"https:\/\/drive.google.com\/file\/d\/1S4-DN2zVrinSOFoPmWx8F-myAlufaV0Y\/view\">https:\/\/drive.google.com\/file\/d\/1S4-DN2zVrinSOFoPmWx8F-myAlufaV0Y\/view<\/a><br>Carlos Carvalho Cavalheiro \u00e9 professor da rede p\u00fablica municipal de Porto Feliz, onde leciona Hist\u00f3ria desde 2006. \u00c9 historiador, tendo se destacado na produ\u00e7\u00e3o historiogr\u00e1fica regional, abarcando cidades como Sorocaba, Porto Feliz, Itu, Capivari dentre outras. Paulo Celso da Silva \u00e9 Doutor e Mestre em Geografia pela USP e desenvolve projetos de pesquisa que abordam as pol\u00edticas p\u00fablicas de alcance tecnocomunicacional na smartcity: principalmente no projeto 22@barcelona no campo das Geografias da comunica\u00e7\u00e3o. Atualmente, \u00e9 coordenador do Programa de P\u00f3s-Gradua\u00e7\u00e3o em Comunica\u00e7\u00e3o e Cultura pela UNISO.<\/p>\n\n\n\n<p><a href=\"http:\/\/jornalrol.com.br\/\" title=\"Voltar\">Voltar<\/a><\/p>\n\n\n\n<p><a href=\"https:\/www.facebook.com\/JCulturalrol\/\" title=\"Facebook\">Facebook<\/a><\/p>\n","protected":false},"excerpt":{"rendered":"<p>O artigo escrito e apresentado pelo professor Carlos Carvalho Cavalheiro \u00e9 parte de uma pesquisa de Doutorado em Comunica\u00e7\u00e3o e Cultura, e tem como tema&#8230; <\/p>\n","protected":false},"author":6,"featured_media":79013,"comment_status":"open","ping_status":"closed","sticky":false,"template":"","format":"standard","meta":{"_jetpack_newsletter_access":"","_jetpack_dont_email_post_to_subs":false,"_jetpack_newsletter_tier_id":0,"_jetpack_memberships_contains_paywalled_content":false,"_jetpack_memberships_contains_paid_content":false,"footnotes":""},"categories":[9285,16361],"tags":[1094,1651,16363,16362,7994,16364],"class_list":["post-79012","post","type-post","status-publish","format-standard","has-post-thumbnail","hentry","category-literatura","category-relise","tag-artigo","tag-carlos-carvalho-cavalheiro","tag-comunicacao-rebelde","tag-pesquisa-em-doutorado","tag-simposio","tag-tetecul"],"aioseo_notices":[],"views":1433,"jetpack_featured_media_url":"http:\/\/jornalrol.com.br\/wp-content\/uploads\/2026\/03\/637185705_17936831007166591_1158001618262371951_n.jpg","jetpack_sharing_enabled":true,"jetpack_likes_enabled":true,"jetpack-related-posts":[{"id":71449,"url":"http:\/\/jornalrol.com.br\/?p=71449","url_meta":{"origin":79012,"position":0},"title":"Carlos Carvalho Cavalheiro publica resenha em revista cient\u00edfica","author":"Sergio Diniz da Costa","date":"6 de janeiro de 2025","format":false,"excerpt":"A revista 'Tr\u00edade: Comunica\u00e7\u00e3o, Cultura e M\u00eddia' tem como objetivo a publica\u00e7\u00e3o de trabalhos in\u00e9ditos de pesquisadores vinculados a Programas de P\u00f3s-Gradua\u00e7\u00e3o","rel":"","context":"Em &quot;Literatura&quot;","block_context":{"text":"Literatura","link":"http:\/\/jornalrol.com.br\/?cat=9285"},"img":{"alt_text":"Capa do livro 'M\u00eddia, viol\u00eancia e alteridade'","src":"https:\/\/i0.wp.com\/jornalrol.com.br\/wp-content\/uploads\/2025\/01\/6dfd285c-8cd1-4072-8c75-3ded1b80d785.jpeg?resize=350%2C200&ssl=1","width":350,"height":200},"classes":[]},{"id":72986,"url":"http:\/\/jornalrol.com.br\/?p=72986","url_meta":{"origin":79012,"position":1},"title":"Encontro sobre a Regi\u00e3o Metropolitana de Sorocaba","author":"Sergio Diniz da Costa","date":"24 de abril de 2025","format":false,"excerpt":"O professor Carlos Carvalho Cavalheiro participou no \u00faltimo dia 23 de abril do 1\u00ba Encontro de Pesquisadores do Observat\u00f3rio da Regi\u00e3o Metropolitana de Sorocaba.","rel":"","context":"Em &quot;Comunica\u00e7\u00e3o&quot;","block_context":{"text":"Comunica\u00e7\u00e3o","link":"http:\/\/jornalrol.com.br\/?cat=7"},"img":{"alt_text":"Encontro sobre a Regi\u00e3o Metropolitana de Sorocaba - Imagem enviada por Carlos Carvalho Cavalheiro","src":"https:\/\/i0.wp.com\/jornalrol.com.br\/wp-content\/uploads\/2025\/04\/0aee2508-7bad-4718-8592-0e71a21d6f23.jpg?resize=350%2C200","width":350,"height":200,"srcset":"https:\/\/i0.wp.com\/jornalrol.com.br\/wp-content\/uploads\/2025\/04\/0aee2508-7bad-4718-8592-0e71a21d6f23.jpg?resize=350%2C200 1x, https:\/\/i0.wp.com\/jornalrol.com.br\/wp-content\/uploads\/2025\/04\/0aee2508-7bad-4718-8592-0e71a21d6f23.jpg?resize=525%2C300 1.5x, https:\/\/i0.wp.com\/jornalrol.com.br\/wp-content\/uploads\/2025\/04\/0aee2508-7bad-4718-8592-0e71a21d6f23.jpg?resize=700%2C400 2x"},"classes":[]},{"id":74075,"url":"http:\/\/jornalrol.com.br\/?p=74075","url_meta":{"origin":79012,"position":2},"title":"Pesquisa sobre a regi\u00e3o \u00e9 apresentada na Universidade de Coimbra","author":"Sergio Diniz da Costa","date":"3 de julho de 2025","format":false,"excerpt":"Carlos Carvalho Cavalheiro e Paulo Celso da Silva apresentaram a comunica\u00e7\u00e3o de pesquisa intitulada 'Nh\u00e1 Quit\u00e9ria \u2013 Comunica\u00e7\u00e3o rebelde e mem\u00f3ria' na V...","rel":"","context":"Em &quot;Educa\u00e7\u00e3o&quot;","block_context":{"text":"Educa\u00e7\u00e3o","link":"http:\/\/jornalrol.com.br\/?cat=12858"},"img":{"alt_text":"Placa indicativa da Rua Nh\u00e1 Quit\u00e9ria. Foto por Carlos Carvalho Cavalheiro","src":"https:\/\/i0.wp.com\/jornalrol.com.br\/wp-content\/uploads\/2025\/07\/2ba348d5-daa1-4f42-8be7-84a9a0ee48e0.jpg?resize=350%2C200","width":350,"height":200,"srcset":"https:\/\/i0.wp.com\/jornalrol.com.br\/wp-content\/uploads\/2025\/07\/2ba348d5-daa1-4f42-8be7-84a9a0ee48e0.jpg?resize=350%2C200 1x, https:\/\/i0.wp.com\/jornalrol.com.br\/wp-content\/uploads\/2025\/07\/2ba348d5-daa1-4f42-8be7-84a9a0ee48e0.jpg?resize=525%2C300 1.5x, https:\/\/i0.wp.com\/jornalrol.com.br\/wp-content\/uploads\/2025\/07\/2ba348d5-daa1-4f42-8be7-84a9a0ee48e0.jpg?resize=700%2C400 2x, https:\/\/i0.wp.com\/jornalrol.com.br\/wp-content\/uploads\/2025\/07\/2ba348d5-daa1-4f42-8be7-84a9a0ee48e0.jpg?resize=1050%2C600 3x, https:\/\/i0.wp.com\/jornalrol.com.br\/wp-content\/uploads\/2025\/07\/2ba348d5-daa1-4f42-8be7-84a9a0ee48e0.jpg?resize=1400%2C800 4x"},"classes":[]},{"id":59309,"url":"http:\/\/jornalrol.com.br\/?p=59309","url_meta":{"origin":79012,"position":3},"title":"Artigo de Carlos Cavalheiro sobre Patrim\u00f4nio \u00e9 publicado em revista da UNESP","author":"Sergio Diniz da Costa","date":"26 de julho de 2023","format":false,"excerpt":"O professor Carlos Carvalho Cavalheiro teve seu artigo publicado este m\u00eas em revista cient\u00edfica da Universidade Estadual Paulista \u201cJ\u00falio de Mesquita Filho\u201d","rel":"","context":"Em &quot;artigos&quot;","block_context":{"text":"artigos","link":"http:\/\/jornalrol.com.br\/?cat=9398"},"img":{"alt_text":"","src":"https:\/\/i0.wp.com\/jornalrol.com.br\/wp-content\/uploads\/2023\/07\/b15b4a8c-c2b5-4348-9872-de6cc00f386d.jpg?resize=350%2C200","width":350,"height":200,"srcset":"https:\/\/i0.wp.com\/jornalrol.com.br\/wp-content\/uploads\/2023\/07\/b15b4a8c-c2b5-4348-9872-de6cc00f386d.jpg?resize=350%2C200 1x, https:\/\/i0.wp.com\/jornalrol.com.br\/wp-content\/uploads\/2023\/07\/b15b4a8c-c2b5-4348-9872-de6cc00f386d.jpg?resize=525%2C300 1.5x"},"classes":[]},{"id":76502,"url":"http:\/\/jornalrol.com.br\/?p=76502","url_meta":{"origin":79012,"position":4},"title":"Dicion\u00e1rio de narrativas midi\u00e1ticas","author":"Sergio Diniz da Costa","date":"31 de outubro de 2025","format":false,"excerpt":"O Dicion\u00e1rio Brasileiro de Narrativas Midi\u00e1ticas \u00e9 uma compila\u00e7\u00e3o de 96 verbetes com car\u00e1ter enciclop\u00e9dico, produzidos por 79 pesquisadores em narrativas de...","rel":"","context":"Em &quot;Literatura&quot;","block_context":{"text":"Literatura","link":"http:\/\/jornalrol.com.br\/?cat=9285"},"img":{"alt_text":"Card do Dicion\u00e1rio Brasileiro de Narrativas Midi\u00e1ticas","src":"https:\/\/i0.wp.com\/jornalrol.com.br\/wp-content\/uploads\/2025\/10\/2727b8b8-708d-43f2-b585-fd3eacb1795f.jpeg?resize=350%2C200","width":350,"height":200,"srcset":"https:\/\/i0.wp.com\/jornalrol.com.br\/wp-content\/uploads\/2025\/10\/2727b8b8-708d-43f2-b585-fd3eacb1795f.jpeg?resize=350%2C200 1x, https:\/\/i0.wp.com\/jornalrol.com.br\/wp-content\/uploads\/2025\/10\/2727b8b8-708d-43f2-b585-fd3eacb1795f.jpeg?resize=525%2C300 1.5x"},"classes":[]},{"id":74988,"url":"http:\/\/jornalrol.com.br\/?p=74988","url_meta":{"origin":79012,"position":5},"title":"Intercom","author":"Sergio Diniz da Costa","date":"21 de agosto de 2025","format":false,"excerpt":"Professor Carlos Cavalheiro, doutorando em Comunica\u00e7\u00e3o e Cultura, apresentou a sua pesquisa intitulada \u2018Recebeu a nossa bandeira: Folia de Reis, comunica\u00e7\u00e3o...","rel":"","context":"Em &quot;Educa\u00e7\u00e3o&quot;","block_context":{"text":"Educa\u00e7\u00e3o","link":"http:\/\/jornalrol.com.br\/?cat=12858"},"img":{"alt_text":"Apresenta\u00e7\u00e3o da pesquisa 'Recebeu a nossa bandeira: Folia de Reis, comunica\u00e7\u00e3o e jornada do her\u00f3i'","src":"https:\/\/i0.wp.com\/jornalrol.com.br\/wp-content\/uploads\/2025\/08\/da3cb985-1402-4d17-bd6b-2fcdaa896d2d.jpeg?resize=350%2C200","width":350,"height":200,"srcset":"https:\/\/i0.wp.com\/jornalrol.com.br\/wp-content\/uploads\/2025\/08\/da3cb985-1402-4d17-bd6b-2fcdaa896d2d.jpeg?resize=350%2C200 1x, https:\/\/i0.wp.com\/jornalrol.com.br\/wp-content\/uploads\/2025\/08\/da3cb985-1402-4d17-bd6b-2fcdaa896d2d.jpeg?resize=525%2C300 1.5x, https:\/\/i0.wp.com\/jornalrol.com.br\/wp-content\/uploads\/2025\/08\/da3cb985-1402-4d17-bd6b-2fcdaa896d2d.jpeg?resize=700%2C400 2x, https:\/\/i0.wp.com\/jornalrol.com.br\/wp-content\/uploads\/2025\/08\/da3cb985-1402-4d17-bd6b-2fcdaa896d2d.jpeg?resize=1050%2C600 3x"},"classes":[]}],"_links":{"self":[{"href":"http:\/\/jornalrol.com.br\/index.php?rest_route=\/wp\/v2\/posts\/79012","targetHints":{"allow":["GET"]}}],"collection":[{"href":"http:\/\/jornalrol.com.br\/index.php?rest_route=\/wp\/v2\/posts"}],"about":[{"href":"http:\/\/jornalrol.com.br\/index.php?rest_route=\/wp\/v2\/types\/post"}],"author":[{"embeddable":true,"href":"http:\/\/jornalrol.com.br\/index.php?rest_route=\/wp\/v2\/users\/6"}],"replies":[{"embeddable":true,"href":"http:\/\/jornalrol.com.br\/index.php?rest_route=%2Fwp%2Fv2%2Fcomments&post=79012"}],"version-history":[{"count":1,"href":"http:\/\/jornalrol.com.br\/index.php?rest_route=\/wp\/v2\/posts\/79012\/revisions"}],"predecessor-version":[{"id":79014,"href":"http:\/\/jornalrol.com.br\/index.php?rest_route=\/wp\/v2\/posts\/79012\/revisions\/79014"}],"wp:featuredmedia":[{"embeddable":true,"href":"http:\/\/jornalrol.com.br\/index.php?rest_route=\/wp\/v2\/media\/79013"}],"wp:attachment":[{"href":"http:\/\/jornalrol.com.br\/index.php?rest_route=%2Fwp%2Fv2%2Fmedia&parent=79012"}],"wp:term":[{"taxonomy":"category","embeddable":true,"href":"http:\/\/jornalrol.com.br\/index.php?rest_route=%2Fwp%2Fv2%2Fcategories&post=79012"},{"taxonomy":"post_tag","embeddable":true,"href":"http:\/\/jornalrol.com.br\/index.php?rest_route=%2Fwp%2Fv2%2Ftags&post=79012"}],"curies":[{"name":"wp","href":"https:\/\/api.w.org\/{rel}","templated":true}]}}