{"id":79027,"date":"2026-03-10T16:24:32","date_gmt":"2026-03-10T19:24:32","guid":{"rendered":"https:\/\/jornalrol.com.br\/?p=79027"},"modified":"2026-03-10T16:24:45","modified_gmt":"2026-03-10T19:24:45","slug":"hoje-eu-sonhei-com-voce","status":"publish","type":"post","link":"http:\/\/jornalrol.com.br\/?p=79027","title":{"rendered":"Hoje eu sonhei com voc\u00ea"},"content":{"rendered":"<div class=\"pdfprnt-buttons pdfprnt-buttons-post pdfprnt-top-right\"><a href=\"http:\/\/jornalrol.com.br\/index.php?rest_route=%2Fwp%2Fv2%2Fposts%2F79027&print=pdf\" class=\"pdfprnt-button pdfprnt-button-pdf\" target=\"_blank\" ><\/a><a href=\"http:\/\/jornalrol.com.br\/index.php?rest_route=%2Fwp%2Fv2%2Fposts%2F79027&print=print\" class=\"pdfprnt-button pdfprnt-button-print\" target=\"_blank\" ><img decoding=\"async\" src=\"https:\/\/jornalrol.com.br\/wp-content\/plugins\/pdf-print\/images\/print.png\" alt=\"image_print\" title=\"Conte\u00fado de impress\u00e3o\" \/><\/a><\/div>\n<h2 class=\"wp-block-heading has-text-align-center\">Paulo Siuves: Poema &#8216;Hoje eu sonhei com voc\u00ea&#8217;<br><br><\/h2>\n\n\n<div class=\"wp-block-image\">\n<figure class=\"aligncenter size-full is-resized\"><img loading=\"lazy\" decoding=\"async\" width=\"120\" height=\"120\" data-attachment-id=\"55657\" data-permalink=\"http:\/\/jornalrol.com.br\/?attachment_id=55657\" data-orig-file=\"http:\/\/jornalrol.com.br\/wp-content\/uploads\/2023\/05\/Paulo-Siuves.jpg\" data-orig-size=\"120,120\" data-comments-opened=\"1\" data-image-meta=\"{&quot;aperture&quot;:&quot;0&quot;,&quot;credit&quot;:&quot;&quot;,&quot;camera&quot;:&quot;&quot;,&quot;caption&quot;:&quot;&quot;,&quot;created_timestamp&quot;:&quot;0&quot;,&quot;copyright&quot;:&quot;&quot;,&quot;focal_length&quot;:&quot;0&quot;,&quot;iso&quot;:&quot;0&quot;,&quot;shutter_speed&quot;:&quot;0&quot;,&quot;title&quot;:&quot;&quot;,&quot;orientation&quot;:&quot;0&quot;}\" data-image-title=\"Paulo-Siuves\" data-image-description=\"&lt;p&gt;Paulo Siuves&lt;\/p&gt;\n\" data-image-caption=\"&lt;p&gt;Paulo Siuves&lt;\/p&gt;\n\" data-large-file=\"http:\/\/jornalrol.com.br\/wp-content\/uploads\/2023\/05\/Paulo-Siuves.jpg\" src=\"http:\/\/jornalrol.com.br\/wp-content\/uploads\/2023\/05\/Paulo-Siuves.jpg\" alt=\"Paulo Siuves\" class=\"wp-image-55657\" style=\"width:180px;height:auto\"\/><figcaption class=\"wp-element-caption\">Paulo Siuves<\/figcaption><\/figure>\n<\/div>\n\n<div class=\"wp-block-image\">\n<figure class=\"aligncenter size-full is-resized\"><img loading=\"lazy\" decoding=\"async\" width=\"1536\" height=\"1024\" data-attachment-id=\"79053\" data-permalink=\"http:\/\/jornalrol.com.br\/?attachment_id=79053\" data-orig-file=\"http:\/\/jornalrol.com.br\/wp-content\/uploads\/2026\/03\/Imagem-realista-de-u.jpg\" data-orig-size=\"1536,1024\" data-comments-opened=\"1\" data-image-meta=\"{&quot;aperture&quot;:&quot;0&quot;,&quot;credit&quot;:&quot;&quot;,&quot;camera&quot;:&quot;&quot;,&quot;caption&quot;:&quot;&quot;,&quot;created_timestamp&quot;:&quot;0&quot;,&quot;copyright&quot;:&quot;&quot;,&quot;focal_length&quot;:&quot;0&quot;,&quot;iso&quot;:&quot;0&quot;,&quot;shutter_speed&quot;:&quot;0&quot;,&quot;title&quot;:&quot;&quot;,&quot;orientation&quot;:&quot;0&quot;}\" data-image-title=\"Imagem realista de u\" data-image-description=\"\" data-image-caption=\"\" data-large-file=\"http:\/\/jornalrol.com.br\/wp-content\/uploads\/2026\/03\/Imagem-realista-de-u.jpg\" src=\"https:\/\/jornalrol.com.br\/wp-content\/uploads\/2026\/03\/Imagem-realista-de-u.jpg\" alt=\"\" class=\"wp-image-79053\" style=\"aspect-ratio:1.4999848983660031;width:548px;height:auto\" srcset=\"http:\/\/jornalrol.com.br\/wp-content\/uploads\/2026\/03\/Imagem-realista-de-u.jpg 1536w, http:\/\/jornalrol.com.br\/wp-content\/uploads\/2026\/03\/Imagem-realista-de-u-1200x800.jpg 1200w, http:\/\/jornalrol.com.br\/wp-content\/uploads\/2026\/03\/Imagem-realista-de-u-768x512.jpg 768w\" sizes=\"auto, (max-width: 1536px) 100vw, 1536px\" \/><figcaption class=\"wp-element-caption\"><em>Imagem gerada pela IA do Bing &#8211; 10 de mar\u00e7o de 2026, \u00e0s 12:34<\/em><\/figcaption><\/figure>\n<\/div>\n\n\n<p class=\"has-text-align-center\">Hoje eu sonhei com voc\u00ea.<\/p>\n\n\n\n<p class=\"has-text-align-center\">E voc\u00ea jamais saber\u00e1 disso,<\/p>\n\n\n\n<p class=\"has-text-align-center\">a menos que tropece neste poema.<\/p>\n\n\n\n<p class=\"has-text-align-center\"><\/p>\n\n\n\n<p class=\"has-text-align-center\">Sonhei \u2014 e foi bom \u2014 de um jeito simples,<br>como quem encontra abrigo numa varanda<\/p>\n\n\n\n<p class=\"has-text-align-center\">enquanto a tarde desmancha.<\/p>\n\n\n\n<p class=\"has-text-align-center\">Acordei sorrindo, sem pressa,<\/p>\n\n\n\n<p class=\"has-text-align-center\">com a sensa\u00e7\u00e3o de que o mundo, por um instante,<\/p>\n\n\n\n<p class=\"has-text-align-center\">tinha se alinhado ao que eu queria sentir.<\/p>\n\n\n\n<p class=\"has-text-align-center\"><\/p>\n\n\n\n<p class=\"has-text-align-center\">N\u00e3o importa o que fizemos.<br>Nem o que dissemos.<br>Amor, n\u00f3s n\u00e3o fizemos.<\/p>\n\n\n\n<p class=\"has-text-align-center\">Ficamos vestidos, inteiros, leves,<br>como duas brasas que preferem o calor contido <br>ao inc\u00eandio. <br>Rimos. Flertamos. <br>E havia ali algo maior <br>do que o cotidiano comporta, <br>um brilho que n\u00e3o cabe <br>na claridade comum dos dias. <br>Foi bonito. T\u00e3o bonito <br>que quase doeu ao despertar.<\/p>\n\n\n\n<p class=\"has-text-align-center\">Mas eu n\u00e3o vou te contar. <br>N\u00e3o direi que sonhei,<br>que gostei,<br>que por segundos desejei<br>que tudo tivesse sido real.<\/p>\n\n\n\n<p class=\"has-text-align-center\"><\/p>\n\n\n\n<p class=\"has-text-align-center\">Guardo o sonho comigo,<br>como se fosse uma garrafa de \u00e1gua fresca<br>que n\u00e3o se divide,<br>porque minha sede<br>n\u00e3o acabou no sonho.<\/p>\n\n\n\n<h3 class=\"wp-block-heading has-text-align-center\"><br>Paulo Siuves<\/h3>\n\n\n\n<div class=\"wp-block-columns is-layout-flex wp-container-core-columns-is-layout-9d6595d7 wp-block-columns-is-layout-flex\">\n<div class=\"wp-block-column is-layout-flow wp-block-column-is-layout-flow\">\n<h4 class=\"wp-block-heading has-text-align-center has-electric-grass-gradient-background has-background\"><a href=\"https:\/\/www.facebook.com\/EscritorPauloSiuves\" target=\"_blank\" rel=\"noopener\" title=\"Facebook\">Facebook<\/a><\/h4>\n<\/div>\n\n\n\n<div class=\"wp-block-column is-layout-flow wp-block-column-is-layout-flow\">\n<h4 class=\"wp-block-heading has-text-align-center has-electric-grass-gradient-background has-background\"><a href=\"https:\/\/www.recantodasletras.com.br\/autores\/paulosiuves\" title=\"Poesias\">Poesias<\/a><\/h4>\n<\/div>\n\n\n\n<div class=\"wp-block-column is-layout-flow wp-block-column-is-layout-flow\">\n<h4 class=\"wp-block-heading has-text-align-center has-electric-grass-gradient-background has-background\"><a href=\"https:\/\/x.com\/PauloSiuves\" target=\"_blank\" rel=\"noopener\" title=\"X\">X<\/a><\/h4>\n<\/div>\n\n\n\n<div class=\"wp-block-column is-layout-flow wp-block-column-is-layout-flow\">\n<h4 class=\"wp-block-heading has-text-align-center has-electric-grass-gradient-background has-background\"><a href=\"https:\/\/paulosiuves.blogspot.com\/\" title=\"Blog\">Blog<\/a><\/h4>\n<\/div>\n<\/div>\n\n\n\n<p><a href=\"https:\/\/jornalrol.com.br\/\" title=\"Voltar\">Voltar<\/a><\/p>\n\n\n\n<p><a href=\"https:\/\/www.facebook.com\/JCulturalrol\/\" title=\"Facebook\">Facebook<\/a><\/p>\n","protected":false},"excerpt":{"rendered":"<p>Hoje eu sonhei com voc\u00ea. E voc\u00ea jamais saber\u00e1 disso, a menos que tropece neste poema. Sonhei \u2014 e foi bom \u2014 de um jeito simples, como quem encontra abrigo&#8230;<\/p>\n","protected":false},"author":38,"featured_media":79053,"comment_status":"open","ping_status":"closed","sticky":false,"template":"","format":"standard","meta":{"_jetpack_newsletter_access":"","_jetpack_dont_email_post_to_subs":false,"_jetpack_newsletter_tier_id":0,"_jetpack_memberships_contains_paywalled_content":false,"_jetpack_memberships_contains_paid_content":false,"footnotes":""},"categories":[9285,58],"tags":[11444,2389,8081,8114,12473],"class_list":["post-79027","post","type-post","status-publish","format-standard","has-post-thumbnail","hentry","category-literatura","category-poesias","tag-abrigo","tag-cotidiano","tag-sonho","tag-sorriso","tag-varanda"],"aioseo_notices":[],"views":247,"jetpack_featured_media_url":"http:\/\/jornalrol.com.br\/wp-content\/uploads\/2026\/03\/Imagem-realista-de-u.jpg","jetpack_sharing_enabled":true,"jetpack_likes_enabled":true,"jetpack-related-posts":[{"id":64418,"url":"http:\/\/jornalrol.com.br\/?p=64418","url_meta":{"origin":79027,"position":0},"title":"Contraste entre os len\u00e7\u00f3is","author":"Paulo Siuves","date":"22 de janeiro de 2024","format":false,"excerpt":"Sonhei com voc\u00ea, e acordei estranho; metade era saudade, metade era desejo. Sonhei com seu beijo, entre len\u00e7\u00f3is de sonho, na penumbra do meu pensar.","rel":"","context":"Em &quot;Literatura&quot;","block_context":{"text":"Literatura","link":"http:\/\/jornalrol.com.br\/?cat=9285"},"img":{"alt_text":"\"Nesse sonho, \u00e9ramos nost\u00e1lgica melancolia, sem medo do tempo.\"","src":"https:\/\/i0.wp.com\/jornalrol.com.br\/wp-content\/uploads\/2024\/01\/OIG-6-1.jpg?resize=350%2C200","width":350,"height":200,"srcset":"https:\/\/i0.wp.com\/jornalrol.com.br\/wp-content\/uploads\/2024\/01\/OIG-6-1.jpg?resize=350%2C200 1x, https:\/\/i0.wp.com\/jornalrol.com.br\/wp-content\/uploads\/2024\/01\/OIG-6-1.jpg?resize=525%2C300 1.5x, https:\/\/i0.wp.com\/jornalrol.com.br\/wp-content\/uploads\/2024\/01\/OIG-6-1.jpg?resize=700%2C400 2x"},"classes":[]},{"id":63060,"url":"http:\/\/jornalrol.com.br\/?p=63060","url_meta":{"origin":79027,"position":1},"title":"Uma can\u00e7\u00e3o para voc\u00ea","author":"Paulo Siuves","date":"14 de novembro de 2023","format":false,"excerpt":"Ah, se as estrelas pudessem revelar os segredos do meu cora\u00e7\u00e3o. Cada suspiro, cada sonho sutil, em versos de uma can\u00e7\u00e3o... Nas linhas deste poema meu desejo...","rel":"","context":"Em &quot;Literatura&quot;","block_context":{"text":"Literatura","link":"http:\/\/jornalrol.com.br\/?cat=9285"},"img":{"alt_text":"Ah, se as estrelas pudessem revelar os segredos do meu cora\u00e7\u00e3o","src":"https:\/\/i0.wp.com\/jornalrol.com.br\/wp-content\/uploads\/2023\/11\/OIG.2zphmXLYmqqcgBR.jpg?resize=350%2C200","width":350,"height":200,"srcset":"https:\/\/i0.wp.com\/jornalrol.com.br\/wp-content\/uploads\/2023\/11\/OIG.2zphmXLYmqqcgBR.jpg?resize=350%2C200 1x, https:\/\/i0.wp.com\/jornalrol.com.br\/wp-content\/uploads\/2023\/11\/OIG.2zphmXLYmqqcgBR.jpg?resize=525%2C300 1.5x, https:\/\/i0.wp.com\/jornalrol.com.br\/wp-content\/uploads\/2023\/11\/OIG.2zphmXLYmqqcgBR.jpg?resize=700%2C400 2x"},"classes":[]},{"id":51052,"url":"http:\/\/jornalrol.com.br\/?p=51052","url_meta":{"origin":79027,"position":2},"title":"Paulo Siuves: &#039;Continuar sonhando&#039;","author":"Paulo Siuves","date":"10 de julho de 2022","format":false,"excerpt":"Continuar sonhando Acordei. Lembro-me do sonho; aquele olhar meigo, desajeitado, quando me recebeu nos bra\u00e7os. \u00a0 Cabelos exalando perfume de sedu\u00e7\u00e3o; andando manhosa em minha dire\u00e7\u00e3o... e um sorriso ing\u00eanuo completava o quadro. \u00a0 Voc\u00ea recebeu-me assim, aconchegou-se ao meu peito e sussurrou qualquer coisa ao me envolver, abra\u00e7ando-me. \u00a0\u2026","rel":"","context":"Em &quot;Comunica\u00e7\u00e3o&quot;","block_context":{"text":"Comunica\u00e7\u00e3o","link":"http:\/\/jornalrol.com.br\/?cat=7"},"img":{"alt_text":"","src":"https:\/\/i0.wp.com\/www.jornalrol.com.br\/wp-content\/uploads\/2021\/05\/IMG-20201015-WA00891-128x300.jpg?resize=350%2C200","width":350,"height":200},"classes":[]},{"id":50452,"url":"http:\/\/jornalrol.com.br\/?p=50452","url_meta":{"origin":79027,"position":3},"title":"Paulo Siuves: &#039;Outra can\u00e7\u00e3o&#039;","author":"Paulo Siuves","date":"4 de junho de 2022","format":false,"excerpt":"Outra can\u00e7\u00e3o J\u00e1 te fiz poesia, dediquei cantigas, curti a solid\u00e3o... sofri desolado. Aprendi que o vinho \u00e9 excelsa companhia e que dormir bem \u00e9 melhor que sonhar acordado. Cantei alto para voc\u00ea ouvir Distante quil\u00f4metros de mim... Desejei nossos l\u00e1bios Colados aos sussurros. Agora parei com a bobeira! S\u00e9rio.\u2026","rel":"","context":"Em &quot;Comunica\u00e7\u00e3o&quot;","block_context":{"text":"Comunica\u00e7\u00e3o","link":"http:\/\/jornalrol.com.br\/?cat=7"},"img":{"alt_text":"","src":"https:\/\/i0.wp.com\/jornalrol.com.br\/wp-content\/uploads\/2022\/06\/Picsart_22-06-04_10-20-52-785.png?resize=350%2C200","width":350,"height":200},"classes":[]},{"id":69111,"url":"http:\/\/jornalrol.com.br\/?p=69111","url_meta":{"origin":79027,"position":4},"title":"A dan\u00e7a dos sonhos","author":"Paulo Siuves","date":"31 de agosto de 2024","format":false,"excerpt":"No sal\u00e3o vazio dos meus desejos eu dan\u00e7o sozinho em passos lentos, aos ecos de uma m\u00fasica que s\u00f3 eu ou\u00e7o. Uma melodia feita de sil\u00eancios e de suspiros.","rel":"","context":"Em &quot;Literatura&quot;","block_context":{"text":"Literatura","link":"http:\/\/jornalrol.com.br\/?cat=9285"},"img":{"alt_text":"Imagem gerada pela IA do Bing - 31 de agosto de 2024 \u00e0s 10:00 AM","src":"https:\/\/i0.wp.com\/jornalrol.com.br\/wp-content\/uploads\/2024\/08\/OIG2-6.jpeg?resize=350%2C200","width":350,"height":200,"srcset":"https:\/\/i0.wp.com\/jornalrol.com.br\/wp-content\/uploads\/2024\/08\/OIG2-6.jpeg?resize=350%2C200 1x, https:\/\/i0.wp.com\/jornalrol.com.br\/wp-content\/uploads\/2024\/08\/OIG2-6.jpeg?resize=525%2C300 1.5x, https:\/\/i0.wp.com\/jornalrol.com.br\/wp-content\/uploads\/2024\/08\/OIG2-6.jpeg?resize=700%2C400 2x"},"classes":[]},{"id":78799,"url":"http:\/\/jornalrol.com.br\/?p=78799","url_meta":{"origin":79027,"position":5},"title":"Pipa vadia","author":"Paulo Siuves","date":"2 de mar\u00e7o de 2026","format":false,"excerpt":"O sol no meio dessa imensid\u00e3o azul, a aus\u00eancia de nuvens, uma pipa; liga\u00e7\u00e3o de um pivete \u00e0 imensid\u00e3o azul. Uma linha, um menino, um sonho, sonho de estar no...","rel":"","context":"Em &quot;Literatura&quot;","block_context":{"text":"Literatura","link":"http:\/\/jornalrol.com.br\/?cat=9285"},"img":{"alt_text":"IA criada com aux\u00edlio do ChatGPT - 1\u00ba de mar\u00e7o de 2026, \u00e0s 23:07","src":"https:\/\/i0.wp.com\/jornalrol.com.br\/wp-content\/uploads\/2026\/03\/ChatGPT-Image-1-de-mar.-de-2026-23_02_10.jpg?resize=350%2C200","width":350,"height":200,"srcset":"https:\/\/i0.wp.com\/jornalrol.com.br\/wp-content\/uploads\/2026\/03\/ChatGPT-Image-1-de-mar.-de-2026-23_02_10.jpg?resize=350%2C200 1x, https:\/\/i0.wp.com\/jornalrol.com.br\/wp-content\/uploads\/2026\/03\/ChatGPT-Image-1-de-mar.-de-2026-23_02_10.jpg?resize=525%2C300 1.5x, https:\/\/i0.wp.com\/jornalrol.com.br\/wp-content\/uploads\/2026\/03\/ChatGPT-Image-1-de-mar.-de-2026-23_02_10.jpg?resize=700%2C400 2x"},"classes":[]}],"_links":{"self":[{"href":"http:\/\/jornalrol.com.br\/index.php?rest_route=\/wp\/v2\/posts\/79027","targetHints":{"allow":["GET"]}}],"collection":[{"href":"http:\/\/jornalrol.com.br\/index.php?rest_route=\/wp\/v2\/posts"}],"about":[{"href":"http:\/\/jornalrol.com.br\/index.php?rest_route=\/wp\/v2\/types\/post"}],"author":[{"embeddable":true,"href":"http:\/\/jornalrol.com.br\/index.php?rest_route=\/wp\/v2\/users\/38"}],"replies":[{"embeddable":true,"href":"http:\/\/jornalrol.com.br\/index.php?rest_route=%2Fwp%2Fv2%2Fcomments&post=79027"}],"version-history":[{"count":1,"href":"http:\/\/jornalrol.com.br\/index.php?rest_route=\/wp\/v2\/posts\/79027\/revisions"}],"predecessor-version":[{"id":79054,"href":"http:\/\/jornalrol.com.br\/index.php?rest_route=\/wp\/v2\/posts\/79027\/revisions\/79054"}],"wp:featuredmedia":[{"embeddable":true,"href":"http:\/\/jornalrol.com.br\/index.php?rest_route=\/wp\/v2\/media\/79053"}],"wp:attachment":[{"href":"http:\/\/jornalrol.com.br\/index.php?rest_route=%2Fwp%2Fv2%2Fmedia&parent=79027"}],"wp:term":[{"taxonomy":"category","embeddable":true,"href":"http:\/\/jornalrol.com.br\/index.php?rest_route=%2Fwp%2Fv2%2Fcategories&post=79027"},{"taxonomy":"post_tag","embeddable":true,"href":"http:\/\/jornalrol.com.br\/index.php?rest_route=%2Fwp%2Fv2%2Ftags&post=79027"}],"curies":[{"name":"wp","href":"https:\/\/api.w.org\/{rel}","templated":true}]}}