{"id":79055,"date":"2026-03-10T18:55:38","date_gmt":"2026-03-10T21:55:38","guid":{"rendered":"https:\/\/jornalrol.com.br\/?p=79055"},"modified":"2026-03-12T10:13:11","modified_gmt":"2026-03-12T13:13:11","slug":"j-h-martins-lanca-dois-livros-em-indaiatuba","status":"publish","type":"post","link":"http:\/\/jornalrol.com.br\/?p=79055","title":{"rendered":"J.H. Martins lan\u00e7a dois livros em Indaiatuba"},"content":{"rendered":"<div class=\"pdfprnt-buttons pdfprnt-buttons-post pdfprnt-top-right\"><a href=\"http:\/\/jornalrol.com.br\/index.php?rest_route=%2Fwp%2Fv2%2Fposts%2F79055&print=pdf\" class=\"pdfprnt-button pdfprnt-button-pdf\" target=\"_blank\" ><\/a><a href=\"http:\/\/jornalrol.com.br\/index.php?rest_route=%2Fwp%2Fv2%2Fposts%2F79055&print=print\" class=\"pdfprnt-button pdfprnt-button-print\" target=\"_blank\" ><img decoding=\"async\" src=\"https:\/\/jornalrol.com.br\/wp-content\/plugins\/pdf-print\/images\/print.png\" alt=\"image_print\" title=\"Conte\u00fado de impress\u00e3o\" \/><\/a><\/div>\n<h2 class=\"wp-block-heading has-text-align-center\">O evento reuniu leitores, membros da academia, amigos e admiradores do autor em um encontro marcado por conversa, aut\u00f3grafos e celebra\u00e7\u00e3o da palavra escrita<br><br><\/h2>\n\n\n<div class=\"wp-block-image is-style-rounded\">\n<figure class=\"aligncenter size-full is-resized\"><img loading=\"lazy\" decoding=\"async\" width=\"1024\" height=\"768\" data-attachment-id=\"79056\" data-permalink=\"http:\/\/jornalrol.com.br\/?attachment_id=79056\" data-orig-file=\"http:\/\/jornalrol.com.br\/wp-content\/uploads\/2026\/03\/mini_biblioteca1.jpg\" data-orig-size=\"1024,768\" data-comments-opened=\"1\" data-image-meta=\"{&quot;aperture&quot;:&quot;0&quot;,&quot;credit&quot;:&quot;&quot;,&quot;camera&quot;:&quot;&quot;,&quot;caption&quot;:&quot;&quot;,&quot;created_timestamp&quot;:&quot;0&quot;,&quot;copyright&quot;:&quot;&quot;,&quot;focal_length&quot;:&quot;0&quot;,&quot;iso&quot;:&quot;0&quot;,&quot;shutter_speed&quot;:&quot;0&quot;,&quot;title&quot;:&quot;&quot;,&quot;orientation&quot;:&quot;0&quot;}\" data-image-title=\"mini_biblioteca1\" data-image-description=\"\" data-image-caption=\"\" data-large-file=\"http:\/\/jornalrol.com.br\/wp-content\/uploads\/2026\/03\/mini_biblioteca1.jpg\" src=\"https:\/\/jornalrol.com.br\/wp-content\/uploads\/2026\/03\/mini_biblioteca1.jpg\" alt=\"Imagem da biblioteca municipal de Indaiatuba\" class=\"wp-image-79056\" style=\"aspect-ratio:1.3333420032772387;width:531px;height:auto\" srcset=\"http:\/\/jornalrol.com.br\/wp-content\/uploads\/2026\/03\/mini_biblioteca1.jpg 1024w, http:\/\/jornalrol.com.br\/wp-content\/uploads\/2026\/03\/mini_biblioteca1-768x576.jpg 768w\" sizes=\"auto, (max-width: 1024px) 100vw, 1024px\" \/><\/figure>\n<\/div>\n\n\n<h2 class=\"wp-block-heading has-text-align-center\"><strong><strong>Autor e colunista J. H. Martins lan\u00e7a dois livros e prepara participa\u00e7\u00e3o na Bienal do Livro de S\u00e3o Paulo<\/strong><\/strong><\/h2>\n\n\n\n<p class=\"has-drop-cap\">A literatura ganhou novos contornos no \u00faltimo s\u00e1bado, <strong>7 de mar\u00e7o de 2026<\/strong>, com o lan\u00e7amento de duas obras do escritor e colunista <strong>J.H. Martins<\/strong>, realizado na <strong>Academia de Letras de Indaiatuba<\/strong>. <\/p>\n\n\n\n<p>O evento reuniu leitores, membros da academia, amigos e admiradores do autor em um encontro marcado por conversa, aut\u00f3grafos e celebra\u00e7\u00e3o da palavra escrita.<\/p>\n\n\n\n<p>Na ocasi\u00e3o, J.H. apresentou ao p\u00fablico <strong>&#8216;Lib\u00e9lula da Esperan\u00e7a&#8217;<\/strong>, uma colet\u00e2nea de haicais de sua autoria, e &#8216;<strong>N\u00e9voa Fatal&#8217;<\/strong>, um thriller psicol\u00f3gico que conduz o leitor por uma narrativa de mist\u00e9rio, tens\u00e3o e investiga\u00e7\u00e3o emocional.<\/p>\n\n\n\n<p>Em <strong>&#8216;Lib\u00e9lula da Esperan\u00e7a&#8217;<\/strong>, o autor explora a delicadeza do haikai, forma po\u00e9tica de origem japonesa caracterizada pela s\u00edntese e pela contempla\u00e7\u00e3o.<\/p>\n\n\n\n<p>Os poemas capturam instantes da vida, da natureza e das emo\u00e7\u00f5es humanas, revelando uma escrita sens\u00edvel que convida o leitor \u00e0 pausa e \u00e0 reflex\u00e3o.<\/p>\n\n\n<div class=\"wp-block-image\">\n<figure class=\"alignleft size-full is-resized\"><img loading=\"lazy\" decoding=\"async\" width=\"1031\" height=\"1600\" data-attachment-id=\"79057\" data-permalink=\"http:\/\/jornalrol.com.br\/?attachment_id=79057\" data-orig-file=\"http:\/\/jornalrol.com.br\/wp-content\/uploads\/2026\/03\/lancamento-do-livro-2026-03-07.jpeg\" data-orig-size=\"1031,1600\" data-comments-opened=\"1\" data-image-meta=\"{&quot;aperture&quot;:&quot;0&quot;,&quot;credit&quot;:&quot;&quot;,&quot;camera&quot;:&quot;&quot;,&quot;caption&quot;:&quot;&quot;,&quot;created_timestamp&quot;:&quot;0&quot;,&quot;copyright&quot;:&quot;&quot;,&quot;focal_length&quot;:&quot;0&quot;,&quot;iso&quot;:&quot;0&quot;,&quot;shutter_speed&quot;:&quot;0&quot;,&quot;title&quot;:&quot;&quot;,&quot;orientation&quot;:&quot;0&quot;}\" data-image-title=\"lan\u00e7amento do livro 2026-03-07\" data-image-description=\"\" data-image-caption=\"\" data-large-file=\"http:\/\/jornalrol.com.br\/wp-content\/uploads\/2026\/03\/lancamento-do-livro-2026-03-07.jpeg\" src=\"https:\/\/jornalrol.com.br\/wp-content\/uploads\/2026\/03\/lancamento-do-livro-2026-03-07.jpeg\" alt=\"J.H. apresentando os dois livros que est\u00e1 lan\u00e7ando.\" class=\"wp-image-79057\" style=\"aspect-ratio:0.644380251471311;width:329px;height:auto\" srcset=\"http:\/\/jornalrol.com.br\/wp-content\/uploads\/2026\/03\/lancamento-do-livro-2026-03-07.jpeg 1031w, http:\/\/jornalrol.com.br\/wp-content\/uploads\/2026\/03\/lancamento-do-livro-2026-03-07-773x1200.jpeg 773w, http:\/\/jornalrol.com.br\/wp-content\/uploads\/2026\/03\/lancamento-do-livro-2026-03-07-768x1192.jpeg 768w, http:\/\/jornalrol.com.br\/wp-content\/uploads\/2026\/03\/lancamento-do-livro-2026-03-07-990x1536.jpeg 990w\" sizes=\"auto, (max-width: 1031px) 100vw, 1031px\" \/><figcaption class=\"wp-element-caption\"><em>J. H. Martins<\/em><\/figcaption><\/figure>\n<\/div>\n\n\n<p>J\u00e1 <strong>&#8216;N\u00e9voa Fatal&#8217;<\/strong> apresenta uma atmosfera completamente diferente. A obra mergulha no universo do suspense psicol\u00f3gico, em uma narrativa envolta em segredos, mem\u00f3rias e inquieta\u00e7\u00f5es que se revelam pouco a pouco.<\/p>\n\n\n\n<p>O romance conduz o leitor por uma trama densa, na qual o sil\u00eancio e as sombras da cidade parecem esconder muito mais do que aparentam.<\/p>\n\n\n\n<p>Segundo o autor, publicar obras t\u00e3o distintas faz parte de sua pr\u00f3pria rela\u00e7\u00e3o com a literatura. <\/p>\n\n\n\n<p>\u201cCada livro nasce de um estado diferente da alma. H\u00e1 momentos de contempla\u00e7\u00e3o e sil\u00eancio, que se transformam em poesia, e h\u00e1 momentos de inquieta\u00e7\u00e3o, que pedem hist\u00f3rias mais intensas\u201d, comenta.<\/p>\n\n\n\n<p>O lan\u00e7amento na Academia de Letras de Indaiatuba marcou n\u00e3o apenas a chegada das duas obras ao p\u00fablico, mas tamb\u00e9m um momento simb\u00f3lico na trajet\u00f3ria liter\u00e1ria de J.H., que tem se destacado tanto como escritor quanto como colunista.<\/p>\n\n\n\n<h3 class=\"wp-block-heading\">BIENAL SP 2026<\/h3>\n\n\n\n<p>A jornada dos livros, no entanto, n\u00e3o termina em Indaiatuba. <\/p>\n\n\n\n<p>O autor j\u00e1 confirmou que apresentar\u00e1 suas obras na <strong>Bienal Internacional do Livro de S\u00e3o Paulo de 2026<\/strong>, no estande da editora <strong>UICLAP<\/strong>, ampliando o alcance de seus trabalhos para leitores de todo o pa\u00eds.<\/p>\n\n\n\n<p>Entre a delicadeza dos haicais e a tens\u00e3o de um thriller psicol\u00f3gico, J. H. Martins mostra que a literatura pode assumir muitas formas e que todas elas t\u00eam algo em comum: a capacidade de tocar o leitor e permanecer na mem\u00f3ria.<\/p>\n\n\n\n<p><a href=\"https:\/\/jhmartins-oficial.com.br\" target=\"_blank\" rel=\"noopener\" title=\"\">Mais informa\u00e7\u00f5es no site do autor clicando aqui<\/a><\/p>\n\n\n\n<p><br><\/p>\n\n\n\n<h3 class=\"wp-block-heading has-text-align-center\">Livros Lan\u00e7ados do Autor<\/h3>\n\n\n\n<p><\/p>\n\n\n\n<div class=\"wp-block-columns is-layout-flex wp-container-core-columns-is-layout-9d6595d7 wp-block-columns-is-layout-flex\">\n<div class=\"wp-block-column is-layout-flow wp-block-column-is-layout-flow\"><div class=\"wp-block-image\">\n<figure class=\"aligncenter size-full is-resized\"><img loading=\"lazy\" decoding=\"async\" width=\"490\" height=\"742\" data-attachment-id=\"79058\" data-permalink=\"http:\/\/jornalrol.com.br\/?attachment_id=79058\" data-orig-file=\"http:\/\/jornalrol.com.br\/wp-content\/uploads\/2026\/03\/capa-Libelula-frontal.jpg.png\" data-orig-size=\"490,742\" data-comments-opened=\"1\" data-image-meta=\"{&quot;aperture&quot;:&quot;0&quot;,&quot;credit&quot;:&quot;&quot;,&quot;camera&quot;:&quot;&quot;,&quot;caption&quot;:&quot;&quot;,&quot;created_timestamp&quot;:&quot;0&quot;,&quot;copyright&quot;:&quot;&quot;,&quot;focal_length&quot;:&quot;0&quot;,&quot;iso&quot;:&quot;0&quot;,&quot;shutter_speed&quot;:&quot;0&quot;,&quot;title&quot;:&quot;&quot;,&quot;orientation&quot;:&quot;0&quot;}\" data-image-title=\"capa-Lib\u00e9lula-frontal.jpg\" data-image-description=\"\" data-image-caption=\"\" data-large-file=\"http:\/\/jornalrol.com.br\/wp-content\/uploads\/2026\/03\/capa-Libelula-frontal.jpg.png\" src=\"https:\/\/jornalrol.com.br\/wp-content\/uploads\/2026\/03\/capa-Libelula-frontal.jpg.png\" alt=\"Capa Lib\u00e9lula da Esperan\u00e7a\" class=\"wp-image-79058\" style=\"aspect-ratio:0.6603918841731443;width:189px;height:auto\"\/><figcaption class=\"wp-element-caption\"><strong>Lib\u00e9lula da Esperan\u00e7a<br>60 p\u00e1ginas<br>Poesia: Haikai<\/strong><br><a href=\"https:\/\/loja.uiclap.com\/titulo\/ua149133\/\" target=\"_blank\" rel=\"noopener\" title=\"\">Clique aqui<\/a><\/figcaption><\/figure>\n<\/div><\/div>\n\n\n\n<div class=\"wp-block-column is-layout-flow wp-block-column-is-layout-flow\"><div class=\"wp-block-image\">\n<figure class=\"aligncenter size-full is-resized\"><img loading=\"lazy\" decoding=\"async\" width=\"493\" height=\"747\" data-attachment-id=\"79059\" data-permalink=\"http:\/\/jornalrol.com.br\/?attachment_id=79059\" data-orig-file=\"http:\/\/jornalrol.com.br\/wp-content\/uploads\/2026\/03\/capa-nevoa-fatal-frontal.png\" data-orig-size=\"493,747\" data-comments-opened=\"1\" data-image-meta=\"{&quot;aperture&quot;:&quot;0&quot;,&quot;credit&quot;:&quot;&quot;,&quot;camera&quot;:&quot;&quot;,&quot;caption&quot;:&quot;&quot;,&quot;created_timestamp&quot;:&quot;0&quot;,&quot;copyright&quot;:&quot;&quot;,&quot;focal_length&quot;:&quot;0&quot;,&quot;iso&quot;:&quot;0&quot;,&quot;shutter_speed&quot;:&quot;0&quot;,&quot;title&quot;:&quot;&quot;,&quot;orientation&quot;:&quot;0&quot;}\" data-image-title=\"capa-n\u00e9voa-fatal-frontal\" data-image-description=\"\" data-image-caption=\"\" data-large-file=\"http:\/\/jornalrol.com.br\/wp-content\/uploads\/2026\/03\/capa-nevoa-fatal-frontal.png\" src=\"https:\/\/jornalrol.com.br\/wp-content\/uploads\/2026\/03\/capa-nevoa-fatal-frontal.png\" alt=\"Capa do livro N\u00e9voa Fatal\" class=\"wp-image-79059\" style=\"aspect-ratio:0.6599821304477316;width:186px;height:auto\"\/><figcaption class=\"wp-element-caption\"><strong>N\u00e9voa Fatal<br>386 p\u00e1ginas<br>Suspense e Thriller psicol\u00f3gico<\/strong><br><a href=\"https:\/\/loja.uiclap.com\/titulo\/ua153929\/\" target=\"_blank\" rel=\"noopener\" title=\"\">Clique aqui<\/a><\/figcaption><\/figure>\n<\/div>\n\n\n<p><\/p>\n<\/div>\n<\/div>\n\n\n\n<p><a href=\"http:\/\/jornalrol.com.br\" title=\"\">Voltar<\/a><\/p>\n","protected":false},"excerpt":{"rendered":"<p>J.H. Martins lan\u00e7ou os livros \u201cLib\u00e9lula da Esperan\u00e7a\u201d e \u201cN\u00e9voa Fatal\u201d na Academia de Letras de Indaiatuba e levar\u00e1 as obras \u00e0 Bienal do Livro de S\u00e3o Paulo.<\/p>\n","protected":false},"author":73,"featured_media":79059,"comment_status":"open","ping_status":"closed","sticky":false,"template":"","format":"standard","meta":{"_jetpack_newsletter_access":"","_jetpack_dont_email_post_to_subs":false,"_jetpack_newsletter_tier_id":0,"_jetpack_memberships_contains_paywalled_content":false,"_jetpack_memberships_contains_paid_content":false,"footnotes":""},"categories":[9462,9285,12355,58,10955],"tags":[16373,16372],"class_list":["post-79055","post","type-post","status-publish","format-standard","has-post-thumbnail","hentry","category-lancamentos","category-literatura","category-livro","category-poesias","category-suspense","tag-libelula-da-esperanca","tag-nevoa-fatal"],"aioseo_notices":[],"views":505,"jetpack_featured_media_url":"http:\/\/jornalrol.com.br\/wp-content\/uploads\/2026\/03\/capa-nevoa-fatal-frontal.png","jetpack_sharing_enabled":true,"jetpack_likes_enabled":true,"jetpack-related-posts":[{"id":56226,"url":"http:\/\/jornalrol.com.br\/?p=56226","url_meta":{"origin":79055,"position":0},"title":"J. H. Martins Lan\u00e7a o livro de poesias &#039;Fragmentos Peda\u00e7os de Mim&#039;","author":"Veronica Moreira","date":"30 de mar\u00e7o de 2023","format":false,"excerpt":"O lan\u00e7amento\u00a0 aconteceu no dia 18 de mar\u00e7o, no espa\u00e7o\u00a0 GRAND CRU, em Indaiatuba-SP O escritor e poeta Jos\u00e9 Henriques Martins (J. H. Martins), no dia 18 de mar\u00e7o, no espa\u00e7o\u00a0GRANDE CRU, em Indaiatuba-SP,\u00a0lan\u00e7ou o livro de poesias\u00a0Fragmentos - Peda\u00e7os de Mim, pela Editora UICLAP.\u00a0No mesmo espa\u00e7o e hor\u00e1rio lan\u00e7ou,\u2026","rel":"","context":"Em &quot;Poesia&quot;","block_context":{"text":"Poesia","link":"http:\/\/jornalrol.com.br\/?cat=58"},"img":{"alt_text":"","src":"https:\/\/i0.wp.com\/jornalrol.com.br\/wp-content\/uploads\/2023\/03\/jhmartins.jpg?resize=350%2C200","width":350,"height":200,"srcset":"https:\/\/i0.wp.com\/jornalrol.com.br\/wp-content\/uploads\/2023\/03\/jhmartins.jpg?resize=350%2C200 1x, https:\/\/i0.wp.com\/jornalrol.com.br\/wp-content\/uploads\/2023\/03\/jhmartins.jpg?resize=525%2C300 1.5x, https:\/\/i0.wp.com\/jornalrol.com.br\/wp-content\/uploads\/2023\/03\/jhmartins.jpg?resize=700%2C400 2x"},"classes":[]},{"id":66827,"url":"http:\/\/jornalrol.com.br\/?p=66827","url_meta":{"origin":79055,"position":1},"title":"Pr\u00eamio Inspira\u00e7\u00f5es 2024","author":"Jose Henriques Martins","date":"24 de maio de 2024","format":false,"excerpt":"Os colunistas Lee Oliveira e J.H. Martins, do Jornal Cultural Rol, vencem o Pr\u00eamio Inspira\u00e7\u00f5es 2024, celebrando talentos liter\u00e1rios em Pedras de Fogo, Para\u00edba.","rel":"","context":"Em &quot;Homenagem&quot;","block_context":{"text":"Homenagem","link":"http:\/\/jornalrol.com.br\/?cat=9938"},"img":{"alt_text":"premio inspira\u00e7\u00f5es","src":"https:\/\/i0.wp.com\/jornalrol.com.br\/wp-content\/uploads\/2024\/05\/premio-inspiracoes.jpg?resize=350%2C200","width":350,"height":200},"classes":[]},{"id":71354,"url":"http:\/\/jornalrol.com.br\/?p=71354","url_meta":{"origin":79055,"position":2},"title":"Lee Oliveira Inspira Leitores em \u201cO Que Li Este Ano\u201d","author":"Jose Henriques Martins","date":"19 de dezembro de 2024","format":false,"excerpt":"\ud83d\udcda \u201cO Que Li Este Ano\u201d, de Lee Oliveira e J.H. Martins, \u00e9 um di\u00e1rio liter\u00e1rio que celebra suas leituras e incentiva a paix\u00e3o pelos livros. Inspire-se! \u2728","rel":"","context":"Em &quot;lan\u00e7amentos&quot;","block_context":{"text":"lan\u00e7amentos","link":"http:\/\/jornalrol.com.br\/?cat=9462"},"img":{"alt_text":"Capa do Livro O que li este ano","src":"https:\/\/i0.wp.com\/jornalrol.com.br\/wp-content\/uploads\/2024\/12\/Capa-frente-1.jpg?resize=350%2C200","width":350,"height":200,"srcset":"https:\/\/i0.wp.com\/jornalrol.com.br\/wp-content\/uploads\/2024\/12\/Capa-frente-1.jpg?resize=350%2C200 1x, https:\/\/i0.wp.com\/jornalrol.com.br\/wp-content\/uploads\/2024\/12\/Capa-frente-1.jpg?resize=525%2C300 1.5x"},"classes":[]},{"id":76330,"url":"http:\/\/jornalrol.com.br\/?p=76330","url_meta":{"origin":79055,"position":3},"title":"Academia de Letras marca nova era cultural em Indaiatuba","author":"Sergio Diniz da Costa","date":"22 de outubro de 2025","format":false,"excerpt":"Solenidade marca a posse dos membros da Academia de Letras de Indaiatuba, celebrando a cultura e o fortalecimento da literatura na cidade. Leia e saiba mais...","rel":"","context":"Em &quot;Academias e Federa\u00e7\u00f5es de Artes&quot;","block_context":{"text":"Academias e Federa\u00e7\u00f5es de Artes","link":"http:\/\/jornalrol.com.br\/?cat=9391"},"img":{"alt_text":"","src":"https:\/\/i0.wp.com\/jornalrol.com.br\/wp-content\/uploads\/2025\/10\/Logo-ALI.png?resize=350%2C200","width":350,"height":200,"srcset":"https:\/\/i0.wp.com\/jornalrol.com.br\/wp-content\/uploads\/2025\/10\/Logo-ALI.png?resize=350%2C200 1x, https:\/\/i0.wp.com\/jornalrol.com.br\/wp-content\/uploads\/2025\/10\/Logo-ALI.png?resize=525%2C300 1.5x, https:\/\/i0.wp.com\/jornalrol.com.br\/wp-content\/uploads\/2025\/10\/Logo-ALI.png?resize=700%2C400 2x"},"classes":[]},{"id":59308,"url":"http:\/\/jornalrol.com.br\/?p=59308","url_meta":{"origin":79055,"position":4},"title":"Fragmentos, peda\u00e7os de mim","author":"Lee Oliveira","date":"4 de agosto de 2023","format":false,"excerpt":"Fragmentos, peda\u00e7os de mim de J.H.Martins \u00e9 uma obra po\u00e9tica dividida em tr\u00eas partes distintas e que se completam, sendo aldravias, poemas e poetrix.","rel":"","context":"Em &quot;Literatura&quot;","block_context":{"text":"Literatura","link":"http:\/\/jornalrol.com.br\/?cat=9285"},"img":{"alt_text":"","src":"https:\/\/i0.wp.com\/jornalrol.com.br\/wp-content\/uploads\/2023\/07\/20230608_103035_Easy-Resize.com_-1.jpg?resize=350%2C200","width":350,"height":200,"srcset":"https:\/\/i0.wp.com\/jornalrol.com.br\/wp-content\/uploads\/2023\/07\/20230608_103035_Easy-Resize.com_-1.jpg?resize=350%2C200 1x, https:\/\/i0.wp.com\/jornalrol.com.br\/wp-content\/uploads\/2023\/07\/20230608_103035_Easy-Resize.com_-1.jpg?resize=525%2C300 1.5x, https:\/\/i0.wp.com\/jornalrol.com.br\/wp-content\/uploads\/2023\/07\/20230608_103035_Easy-Resize.com_-1.jpg?resize=700%2C400 2x"},"classes":[]},{"id":20199,"url":"http:\/\/jornalrol.com.br\/?p=20199","url_meta":{"origin":79055,"position":5},"title":"\u00c9lcio M\u00e1rio Pinto lan\u00e7a em S\u00e3o Paulo, na 25\u00aa Bienal Internacional do Livro, sua 34\u00aa publica\u00e7\u00e3o: &#039;Bilo, a salvadora de livros&#039;","author":"Sergio Diniz da Costa","date":"11 de agosto de 2018","format":false,"excerpt":"O autor presenteou com aut\u00f3grafos, fotos e conversas todos aqueles que passaram pelo estande. Crian\u00e7as, jovens e adultos faziam quest\u00e3o de parar para falar e ouvir a respeito da obra lan\u00e7ada \u00a0 Em 07 de agosto de 2018, ter\u00e7a-feira, \u00e0s 15h00, na 25\u00aa Bienal Internacional do Livro, em S\u00e3o Paulo,\u2026","rel":"","context":"Em &quot;Comunica\u00e7\u00e3o&quot;","block_context":{"text":"Comunica\u00e7\u00e3o","link":"http:\/\/jornalrol.com.br\/?cat=7"},"img":{"alt_text":"","src":"https:\/\/i0.wp.com\/www.jornalrol.com.br\/wp-content\/uploads\/2018\/08\/13301-1-194x300.jpg?resize=350%2C200","width":350,"height":200},"classes":[]}],"_links":{"self":[{"href":"http:\/\/jornalrol.com.br\/index.php?rest_route=\/wp\/v2\/posts\/79055","targetHints":{"allow":["GET"]}}],"collection":[{"href":"http:\/\/jornalrol.com.br\/index.php?rest_route=\/wp\/v2\/posts"}],"about":[{"href":"http:\/\/jornalrol.com.br\/index.php?rest_route=\/wp\/v2\/types\/post"}],"author":[{"embeddable":true,"href":"http:\/\/jornalrol.com.br\/index.php?rest_route=\/wp\/v2\/users\/73"}],"replies":[{"embeddable":true,"href":"http:\/\/jornalrol.com.br\/index.php?rest_route=%2Fwp%2Fv2%2Fcomments&post=79055"}],"version-history":[{"count":3,"href":"http:\/\/jornalrol.com.br\/index.php?rest_route=\/wp\/v2\/posts\/79055\/revisions"}],"predecessor-version":[{"id":79093,"href":"http:\/\/jornalrol.com.br\/index.php?rest_route=\/wp\/v2\/posts\/79055\/revisions\/79093"}],"wp:featuredmedia":[{"embeddable":true,"href":"http:\/\/jornalrol.com.br\/index.php?rest_route=\/wp\/v2\/media\/79059"}],"wp:attachment":[{"href":"http:\/\/jornalrol.com.br\/index.php?rest_route=%2Fwp%2Fv2%2Fmedia&parent=79055"}],"wp:term":[{"taxonomy":"category","embeddable":true,"href":"http:\/\/jornalrol.com.br\/index.php?rest_route=%2Fwp%2Fv2%2Fcategories&post=79055"},{"taxonomy":"post_tag","embeddable":true,"href":"http:\/\/jornalrol.com.br\/index.php?rest_route=%2Fwp%2Fv2%2Ftags&post=79055"}],"curies":[{"name":"wp","href":"https:\/\/api.w.org\/{rel}","templated":true}]}}