{"id":79077,"date":"2026-03-11T16:35:26","date_gmt":"2026-03-11T19:35:26","guid":{"rendered":"https:\/\/jornalrol.com.br\/?p=79077"},"modified":"2026-03-11T16:35:56","modified_gmt":"2026-03-11T19:35:56","slug":"superando-pensamentos-negativos","status":"publish","type":"post","link":"http:\/\/jornalrol.com.br\/?p=79077","title":{"rendered":"Superando pensamentos negativos"},"content":{"rendered":"<div class=\"pdfprnt-buttons pdfprnt-buttons-post pdfprnt-top-right\"><a href=\"http:\/\/jornalrol.com.br\/index.php?rest_route=%2Fwp%2Fv2%2Fposts%2F79077&print=pdf\" class=\"pdfprnt-button pdfprnt-button-pdf\" target=\"_blank\" ><\/a><a href=\"http:\/\/jornalrol.com.br\/index.php?rest_route=%2Fwp%2Fv2%2Fposts%2F79077&print=print\" class=\"pdfprnt-button pdfprnt-button-print\" target=\"_blank\" ><img decoding=\"async\" src=\"https:\/\/jornalrol.com.br\/wp-content\/plugins\/pdf-print\/images\/print.png\" alt=\"image_print\" title=\"Conte\u00fado de impress\u00e3o\" \/><\/a><\/div>\n<h2 class=\"wp-block-heading has-text-align-center\">Lina Veira: Cr\u00f4nica &#8216;Superando pensamentos negativos&#8217;<br><br><\/h2>\n\n\n<div class=\"wp-block-image is-style-default\">\n<figure class=\"aligncenter size-full is-resized\"><img loading=\"lazy\" decoding=\"async\" width=\"1077\" height=\"1288\" data-attachment-id=\"68378\" data-permalink=\"http:\/\/jornalrol.com.br\/?attachment_id=68378\" data-orig-file=\"http:\/\/jornalrol.com.br\/wp-content\/uploads\/2024\/07\/86e1c88f-c57d-4885-b08b-a74037aad483.jpeg\" data-orig-size=\"1077,1288\" data-comments-opened=\"1\" data-image-meta=\"{&quot;aperture&quot;:&quot;0&quot;,&quot;credit&quot;:&quot;&quot;,&quot;camera&quot;:&quot;&quot;,&quot;caption&quot;:&quot;&quot;,&quot;created_timestamp&quot;:&quot;0&quot;,&quot;copyright&quot;:&quot;&quot;,&quot;focal_length&quot;:&quot;0&quot;,&quot;iso&quot;:&quot;0&quot;,&quot;shutter_speed&quot;:&quot;0&quot;,&quot;title&quot;:&quot;&quot;,&quot;orientation&quot;:&quot;0&quot;}\" data-image-title=\"86e1c88f-c57d-4885-b08b-a74037aad483\" data-image-description=\"&lt;p&gt;Lina Veira&lt;\/p&gt;\n\" data-image-caption=\"&lt;p&gt;Lina Veira&lt;\/p&gt;\n\" data-large-file=\"http:\/\/jornalrol.com.br\/wp-content\/uploads\/2024\/07\/86e1c88f-c57d-4885-b08b-a74037aad483.jpeg\" src=\"http:\/\/jornalrol.com.br\/wp-content\/uploads\/2024\/07\/86e1c88f-c57d-4885-b08b-a74037aad483.jpeg\" alt=\"Lina Veira\" class=\"wp-image-68378\" style=\"aspect-ratio:0.8361979126160738;width:205px;height:auto\" srcset=\"http:\/\/jornalrol.com.br\/wp-content\/uploads\/2024\/07\/86e1c88f-c57d-4885-b08b-a74037aad483.jpeg 1077w, http:\/\/jornalrol.com.br\/wp-content\/uploads\/2024\/07\/86e1c88f-c57d-4885-b08b-a74037aad483-1003x1200.jpeg 1003w, http:\/\/jornalrol.com.br\/wp-content\/uploads\/2024\/07\/86e1c88f-c57d-4885-b08b-a74037aad483-768x918.jpeg 768w\" sizes=\"auto, (max-width: 1077px) 100vw, 1077px\" \/><figcaption class=\"wp-element-caption\">Lina Veira<\/figcaption><\/figure>\n<\/div>\n\n<div class=\"wp-block-image\">\n<figure class=\"aligncenter size-full is-resized\"><img loading=\"lazy\" decoding=\"async\" width=\"880\" height=\"1280\" data-attachment-id=\"79078\" data-permalink=\"http:\/\/jornalrol.com.br\/?attachment_id=79078\" data-orig-file=\"http:\/\/jornalrol.com.br\/wp-content\/uploads\/2026\/03\/880436d6-8a5f-420e-bcc1-4548218a959e.jpg\" data-orig-size=\"880,1280\" data-comments-opened=\"1\" data-image-meta=\"{&quot;aperture&quot;:&quot;0&quot;,&quot;credit&quot;:&quot;&quot;,&quot;camera&quot;:&quot;&quot;,&quot;caption&quot;:&quot;&quot;,&quot;created_timestamp&quot;:&quot;0&quot;,&quot;copyright&quot;:&quot;&quot;,&quot;focal_length&quot;:&quot;0&quot;,&quot;iso&quot;:&quot;0&quot;,&quot;shutter_speed&quot;:&quot;0&quot;,&quot;title&quot;:&quot;&quot;,&quot;orientation&quot;:&quot;0&quot;}\" data-image-title=\"880436d6-8a5f-420e-bcc1-4548218a959e\" data-image-description=\"\" data-image-caption=\"\" data-large-file=\"http:\/\/jornalrol.com.br\/wp-content\/uploads\/2026\/03\/880436d6-8a5f-420e-bcc1-4548218a959e.jpg\" src=\"https:\/\/jornalrol.com.br\/wp-content\/uploads\/2026\/03\/880436d6-8a5f-420e-bcc1-4548218a959e.jpg\" alt=\"\" class=\"wp-image-79078\" style=\"aspect-ratio:0.6875031970944805;width:332px;height:auto\" srcset=\"http:\/\/jornalrol.com.br\/wp-content\/uploads\/2026\/03\/880436d6-8a5f-420e-bcc1-4548218a959e.jpg 880w, http:\/\/jornalrol.com.br\/wp-content\/uploads\/2026\/03\/880436d6-8a5f-420e-bcc1-4548218a959e-825x1200.jpg 825w, http:\/\/jornalrol.com.br\/wp-content\/uploads\/2026\/03\/880436d6-8a5f-420e-bcc1-4548218a959e-768x1117.jpg 768w\" sizes=\"auto, (max-width: 880px) 100vw, 880px\" \/><figcaption class=\"wp-element-caption\"><em>Imagem gerada pela IA do Canva, com prompt de<\/em><br><em> Lina Veira<\/em><\/figcaption><\/figure>\n<\/div>\n\n\n<p class=\"has-drop-cap\">Estamos diante de uma sociedade onde, na maioria das vezes, responder e concordar \u00e9 positivo, mas reagir ou mostrar o contr\u00e1rio \u00e9 negativo. Onde, no geral, damos mais aten\u00e7\u00e3o \u00e0s coisas negativas que nos acontecem do que \u00e0s positivas.<\/p>\n\n\n\n<p><br>Mas venho lembrar: a vida \u00e9 um conjunto de experi\u00eancias positivas e negativas. E os pensamentos s\u00e3o nossa maneira de registrar e processar tudo nela.<\/p>\n\n\n\n<p><br>Quantas vezes reclamamos de algo negativo que aconteceu no dia? Um atraso no encontro marcado, o tr\u00e2nsito parado, o mal atendimento de um funcion\u00e1rio, o que esquecemos de realizar\u2026<\/p>\n\n\n\n<p><br>Sem perceber, nossa mente se acostuma com a negativa de palavras e predomin\u00e2ncia de pensamentos negativos todos os dias. E \u00e9 claro que pensamentos e falas negativas levam a acontecimentos negativos. Ent\u00e3o, por que n\u00e3o pensamos e falamos positivamente? Por que estamos sempre interferindo na nossa alegria de viver?<\/p>\n\n\n\n<p><br>E eu repondo: Porque nos educaram com ideias negativas que se acomodam dentro de n\u00f3s, e que nem sempre s\u00e3o nossas, mas despejadas em n\u00f3s pelas pessoas com as quais convivemos.<\/p>\n\n\n\n<p><br>Vamos pensar juntos! Se a vida \u00e9 um reflexo do que pensamos, \u00e9 preciso educar o pensamento, criar novas ideias, escolher saud\u00e1veis atitudes e imaginar o melhor sempre, porque tudo passa e a gente precisa estar mais forte e confiante com o momento presente e futuro que vir\u00e1.<\/p>\n\n\n\n<p><br>Que se torne simples gerar pensamentos positivos e ser sinal de alegria no mundo.<\/p>\n\n\n\n<h3 class=\"wp-block-heading has-text-align-center\"><br>Lina Veira<\/h3>\n\n\n\n<div class=\"wp-block-columns is-layout-flex wp-container-core-columns-is-layout-9d6595d7 wp-block-columns-is-layout-flex\">\n<div class=\"wp-block-column is-layout-flow wp-block-column-is-layout-flow\"><\/div>\n\n\n\n<div class=\"wp-block-column is-layout-flow wp-block-column-is-layout-flow\"><\/div>\n<\/div>\n\n\n\n<div class=\"wp-block-columns is-layout-flex wp-container-core-columns-is-layout-9d6595d7 wp-block-columns-is-layout-flex\">\n<div class=\"wp-block-column is-layout-flow wp-block-column-is-layout-flow\">\n<h3 class=\"wp-block-heading has-text-align-center has-luminous-vivid-amber-to-luminous-vivid-orange-gradient-background has-background\"><a href=\"https:\/\/www.facebook.com\/linaveira09\" target=\"_blank\" rel=\"noopener\" title=\"Facebook\">Facebook<\/a><\/h3>\n<\/div>\n\n\n\n<div class=\"wp-block-column is-layout-flow wp-block-column-is-layout-flow\">\n<h3 class=\"wp-block-heading has-text-align-center has-luminous-vivid-amber-to-luminous-vivid-orange-gradient-background has-background\"><a href=\"https:\/\/www.instagram.com\/linaveira\/\" title=\"Instagram\">Instagram<\/a><\/h3>\n<\/div>\n<\/div>\n\n\n\n<p><a href=\"https:\/\/jornalrol.com.br\/\" title=\"Voltar\">Voltar<\/a><\/p>\n\n\n\n<p><a href=\"https:\/\/www.facebook.com\/JCulturalrol\/\" title=\"Facebook\">Facebook<\/a><\/p>\n\n\n\n<h3 class=\"wp-block-heading has-text-align-center\"><br><\/h3>\n\n\n\n<p class=\"has-text-align-center\"><br><\/p>\n","protected":false},"excerpt":{"rendered":"<p>Estamos diante de uma sociedade onde, na maioria das vezes, responder e concordar \u00e9 positivo, mas reagir ou mostrar o contr\u00e1rio \u00e9 negativo. Onde, no geral&#8230;<\/p>\n","protected":false},"author":112,"featured_media":79078,"comment_status":"open","ping_status":"closed","sticky":false,"template":"","format":"standard","meta":{"_jetpack_newsletter_access":"","_jetpack_dont_email_post_to_subs":false,"_jetpack_newsletter_tier_id":0,"_jetpack_memberships_contains_paywalled_content":false,"_jetpack_memberships_contains_paid_content":false,"footnotes":""},"categories":[9392,9285],"tags":[3598,16378,8047,8760],"class_list":["post-79077","post","type-post","status-publish","format-standard","has-post-thumbnail","hentry","category-cronicas","category-literatura","tag-experiencias","tag-pensamentos-positivos","tag-sociedade","tag-vida"],"aioseo_notices":[],"views":425,"jetpack_featured_media_url":"http:\/\/jornalrol.com.br\/wp-content\/uploads\/2026\/03\/880436d6-8a5f-420e-bcc1-4548218a959e.jpg","jetpack_sharing_enabled":true,"jetpack_likes_enabled":true,"jetpack-related-posts":[{"id":76469,"url":"http:\/\/jornalrol.com.br\/?p=76469","url_meta":{"origin":79077,"position":0},"title":"Sess\u00f5es de terapia nos dias da semana","author":"Lina Veira","date":"31 de outubro de 2025","format":false,"excerpt":"Outro dia constatei que nossa aventura existencial \u00e9 incrivelmente desumana. Silenciosamente tudo come\u00e7a no \u00fatero de nossa m\u00e3e; l\u00e1 passamos a ter muitas...","rel":"","context":"Em &quot;Cr\u00f4nicas&quot;","block_context":{"text":"Cr\u00f4nicas","link":"http:\/\/jornalrol.com.br\/?cat=9392"},"img":{"alt_text":"Imagem do Canva, com texto de Lina Veira","src":"https:\/\/i0.wp.com\/jornalrol.com.br\/wp-content\/uploads\/2025\/10\/138569b2-a067-4c3d-baf5-ffd50e134152.jpeg?resize=350%2C200","width":350,"height":200,"srcset":"https:\/\/i0.wp.com\/jornalrol.com.br\/wp-content\/uploads\/2025\/10\/138569b2-a067-4c3d-baf5-ffd50e134152.jpeg?resize=350%2C200 1x, https:\/\/i0.wp.com\/jornalrol.com.br\/wp-content\/uploads\/2025\/10\/138569b2-a067-4c3d-baf5-ffd50e134152.jpeg?resize=525%2C300 1.5x, https:\/\/i0.wp.com\/jornalrol.com.br\/wp-content\/uploads\/2025\/10\/138569b2-a067-4c3d-baf5-ffd50e134152.jpeg?resize=700%2C400 2x"},"classes":[]},{"id":79928,"url":"http:\/\/jornalrol.com.br\/?p=79928","url_meta":{"origin":79077,"position":1},"title":"A mulher e o ambiente familiar\u00a0 sem respeito","author":"Lina Veira","date":"8 de abril de 2026","format":false,"excerpt":"\u00c9 absurdo no atual mundo contempor\u00e2neo, em uma sociedade que busca o equil\u00edbrio entre o desenvolvimento e a sustentabilidade, a mulher que n\u00e3o trabalha fora...","rel":"","context":"Em &quot;artigos&quot;","block_context":{"text":"artigos","link":"http:\/\/jornalrol.com.br\/?cat=9398"},"img":{"alt_text":"Foto por Lina Veira","src":"https:\/\/i0.wp.com\/jornalrol.com.br\/wp-content\/uploads\/2026\/04\/227505b3-6a01-4494-9215-9a3121e454e6.jpg?resize=350%2C200","width":350,"height":200,"srcset":"https:\/\/i0.wp.com\/jornalrol.com.br\/wp-content\/uploads\/2026\/04\/227505b3-6a01-4494-9215-9a3121e454e6.jpg?resize=350%2C200 1x, https:\/\/i0.wp.com\/jornalrol.com.br\/wp-content\/uploads\/2026\/04\/227505b3-6a01-4494-9215-9a3121e454e6.jpg?resize=525%2C300 1.5x, https:\/\/i0.wp.com\/jornalrol.com.br\/wp-content\/uploads\/2026\/04\/227505b3-6a01-4494-9215-9a3121e454e6.jpg?resize=700%2C400 2x"},"classes":[]},{"id":68377,"url":"http:\/\/jornalrol.com.br\/?p=68377","url_meta":{"origin":79077,"position":2},"title":"No Quadro do ROL, as letras cearenses de Lina Veira!","author":"Sergio Diniz da Costa","date":"31 de julho de 2024","format":false,"excerpt":"Lina Veira, natural de Fortaleza (CE), \u00e9 formada em Engenharia Sanit\u00e1ria e Ambiental, escritora, cronista, contista e romancista. Autora de projetos...","rel":"","context":"Em &quot;Apresenta\u00e7\u00e3o de colunista&quot;","block_context":{"text":"Apresenta\u00e7\u00e3o de colunista","link":"http:\/\/jornalrol.com.br\/?cat=10981"},"img":{"alt_text":"Lina Veira","src":"https:\/\/i0.wp.com\/jornalrol.com.br\/wp-content\/uploads\/2024\/07\/86e1c88f-c57d-4885-b08b-a74037aad483.jpeg?resize=350%2C200","width":350,"height":200,"srcset":"https:\/\/i0.wp.com\/jornalrol.com.br\/wp-content\/uploads\/2024\/07\/86e1c88f-c57d-4885-b08b-a74037aad483.jpeg?resize=350%2C200 1x, https:\/\/i0.wp.com\/jornalrol.com.br\/wp-content\/uploads\/2024\/07\/86e1c88f-c57d-4885-b08b-a74037aad483.jpeg?resize=525%2C300 1.5x, https:\/\/i0.wp.com\/jornalrol.com.br\/wp-content\/uploads\/2024\/07\/86e1c88f-c57d-4885-b08b-a74037aad483.jpeg?resize=700%2C400 2x, https:\/\/i0.wp.com\/jornalrol.com.br\/wp-content\/uploads\/2024\/07\/86e1c88f-c57d-4885-b08b-a74037aad483.jpeg?resize=1050%2C600 3x"},"classes":[]},{"id":78540,"url":"http:\/\/jornalrol.com.br\/?p=78540","url_meta":{"origin":79077,"position":3},"title":"Sala de estar","author":"Lina Veira","date":"17 de fevereiro de 2026","format":false,"excerpt":"Lembro quando meus filhos eram crian\u00e7as, eu costumava lev\u00e1-los para brincar na praia e ver o mar. L\u00e1 sempre foi uma extens\u00e3o da nossa sala de estar","rel":"","context":"Em &quot;Cr\u00f4nicas&quot;","block_context":{"text":"Cr\u00f4nicas","link":"http:\/\/jornalrol.com.br\/?cat=9392"},"img":{"alt_text":"Imagem gerada por IA do Canvas","src":"https:\/\/i0.wp.com\/jornalrol.com.br\/wp-content\/uploads\/2026\/02\/43240d32-0a5a-4510-98aa-6b6bf082ee4b.jpg?resize=350%2C200","width":350,"height":200,"srcset":"https:\/\/i0.wp.com\/jornalrol.com.br\/wp-content\/uploads\/2026\/02\/43240d32-0a5a-4510-98aa-6b6bf082ee4b.jpg?resize=350%2C200 1x, https:\/\/i0.wp.com\/jornalrol.com.br\/wp-content\/uploads\/2026\/02\/43240d32-0a5a-4510-98aa-6b6bf082ee4b.jpg?resize=525%2C300 1.5x, https:\/\/i0.wp.com\/jornalrol.com.br\/wp-content\/uploads\/2026\/02\/43240d32-0a5a-4510-98aa-6b6bf082ee4b.jpg?resize=700%2C400 2x, https:\/\/i0.wp.com\/jornalrol.com.br\/wp-content\/uploads\/2026\/02\/43240d32-0a5a-4510-98aa-6b6bf082ee4b.jpg?resize=1050%2C600 3x"},"classes":[]},{"id":76692,"url":"http:\/\/jornalrol.com.br\/?p=76692","url_meta":{"origin":79077,"position":4},"title":"Retratos, imagens, fotografias","author":"Lina Veira","date":"13 de novembro de 2025","format":false,"excerpt":"Os s\u00e9culos XIX e XX foram marcantes ao campo art\u00edstico, especialmente em rela\u00e7\u00e3o ao desenvolvimento de equipamentos utilizados para a captura de imagens.","rel":"","context":"Em &quot;artigos&quot;","block_context":{"text":"artigos","link":"http:\/\/jornalrol.com.br\/?cat=9398"},"img":{"alt_text":"Imagem criada por Lina Veira","src":"https:\/\/i0.wp.com\/jornalrol.com.br\/wp-content\/uploads\/2025\/11\/404678ec-72a0-4046-99f8-0747f9641602.jpeg?resize=350%2C200","width":350,"height":200,"srcset":"https:\/\/i0.wp.com\/jornalrol.com.br\/wp-content\/uploads\/2025\/11\/404678ec-72a0-4046-99f8-0747f9641602.jpeg?resize=350%2C200 1x, https:\/\/i0.wp.com\/jornalrol.com.br\/wp-content\/uploads\/2025\/11\/404678ec-72a0-4046-99f8-0747f9641602.jpeg?resize=525%2C300 1.5x, https:\/\/i0.wp.com\/jornalrol.com.br\/wp-content\/uploads\/2025\/11\/404678ec-72a0-4046-99f8-0747f9641602.jpeg?resize=700%2C400 2x"},"classes":[]},{"id":74489,"url":"http:\/\/jornalrol.com.br\/?p=74489","url_meta":{"origin":79077,"position":5},"title":"Tempo x vida","author":"Lina Veira","date":"22 de julho de 2025","format":false,"excerpt":"O tempo devora nosso corpo e nossa vida a cada dia, nos desgastando como se fossemos uma m\u00e1quina, e a m\u00e1quina parece ser nosso modelo ideal de vida como um...","rel":"","context":"Em &quot;Cr\u00f4nicas&quot;","block_context":{"text":"Cr\u00f4nicas","link":"http:\/\/jornalrol.com.br\/?cat=9392"},"img":{"alt_text":"Imagem do saite Canva. Texto por Lina Veira","src":"https:\/\/i0.wp.com\/jornalrol.com.br\/wp-content\/uploads\/2025\/07\/977448af-89ab-4665-838e-495c334fa5b0.jpg?resize=350%2C200","width":350,"height":200,"srcset":"https:\/\/i0.wp.com\/jornalrol.com.br\/wp-content\/uploads\/2025\/07\/977448af-89ab-4665-838e-495c334fa5b0.jpg?resize=350%2C200 1x, https:\/\/i0.wp.com\/jornalrol.com.br\/wp-content\/uploads\/2025\/07\/977448af-89ab-4665-838e-495c334fa5b0.jpg?resize=525%2C300 1.5x, https:\/\/i0.wp.com\/jornalrol.com.br\/wp-content\/uploads\/2025\/07\/977448af-89ab-4665-838e-495c334fa5b0.jpg?resize=700%2C400 2x, https:\/\/i0.wp.com\/jornalrol.com.br\/wp-content\/uploads\/2025\/07\/977448af-89ab-4665-838e-495c334fa5b0.jpg?resize=1050%2C600 3x"},"classes":[]}],"_links":{"self":[{"href":"http:\/\/jornalrol.com.br\/index.php?rest_route=\/wp\/v2\/posts\/79077","targetHints":{"allow":["GET"]}}],"collection":[{"href":"http:\/\/jornalrol.com.br\/index.php?rest_route=\/wp\/v2\/posts"}],"about":[{"href":"http:\/\/jornalrol.com.br\/index.php?rest_route=\/wp\/v2\/types\/post"}],"author":[{"embeddable":true,"href":"http:\/\/jornalrol.com.br\/index.php?rest_route=\/wp\/v2\/users\/112"}],"replies":[{"embeddable":true,"href":"http:\/\/jornalrol.com.br\/index.php?rest_route=%2Fwp%2Fv2%2Fcomments&post=79077"}],"version-history":[{"count":2,"href":"http:\/\/jornalrol.com.br\/index.php?rest_route=\/wp\/v2\/posts\/79077\/revisions"}],"predecessor-version":[{"id":79081,"href":"http:\/\/jornalrol.com.br\/index.php?rest_route=\/wp\/v2\/posts\/79077\/revisions\/79081"}],"wp:featuredmedia":[{"embeddable":true,"href":"http:\/\/jornalrol.com.br\/index.php?rest_route=\/wp\/v2\/media\/79078"}],"wp:attachment":[{"href":"http:\/\/jornalrol.com.br\/index.php?rest_route=%2Fwp%2Fv2%2Fmedia&parent=79077"}],"wp:term":[{"taxonomy":"category","embeddable":true,"href":"http:\/\/jornalrol.com.br\/index.php?rest_route=%2Fwp%2Fv2%2Fcategories&post=79077"},{"taxonomy":"post_tag","embeddable":true,"href":"http:\/\/jornalrol.com.br\/index.php?rest_route=%2Fwp%2Fv2%2Ftags&post=79077"}],"curies":[{"name":"wp","href":"https:\/\/api.w.org\/{rel}","templated":true}]}}