{"id":79179,"date":"2026-03-14T13:42:49","date_gmt":"2026-03-14T16:42:49","guid":{"rendered":"https:\/\/jornalrol.com.br\/?p=79179"},"modified":"2026-03-14T13:44:52","modified_gmt":"2026-03-14T16:44:52","slug":"momentos-oasis","status":"publish","type":"post","link":"http:\/\/jornalrol.com.br\/?p=79179","title":{"rendered":"Momentos-o\u00e1sis"},"content":{"rendered":"<div class=\"pdfprnt-buttons pdfprnt-buttons-post pdfprnt-top-right\"><a href=\"http:\/\/jornalrol.com.br\/index.php?rest_route=%2Fwp%2Fv2%2Fposts%2F79179&print=pdf\" class=\"pdfprnt-button pdfprnt-button-pdf\" target=\"_blank\" ><\/a><a href=\"http:\/\/jornalrol.com.br\/index.php?rest_route=%2Fwp%2Fv2%2Fposts%2F79179&print=print\" class=\"pdfprnt-button pdfprnt-button-print\" target=\"_blank\" ><img decoding=\"async\" src=\"https:\/\/jornalrol.com.br\/wp-content\/plugins\/pdf-print\/images\/print.png\" alt=\"image_print\" title=\"Conte\u00fado de impress\u00e3o\" \/><\/a><\/div>\n<h2 class=\"wp-block-heading has-text-align-center\">Sergio Diniz da Costa: cr\u00f4nica &#8216;Momentos-o\u00e1sis&#8217;<br><br><\/h2>\n\n\n<div class=\"wp-block-image\">\n<figure class=\"aligncenter size-full is-resized\"><img loading=\"lazy\" decoding=\"async\" width=\"1194\" height=\"858\" data-attachment-id=\"66950\" data-permalink=\"http:\/\/jornalrol.com.br\/?attachment_id=66950\" data-orig-file=\"http:\/\/jornalrol.com.br\/wp-content\/uploads\/2024\/05\/20240301_1126302-1.jpg\" data-orig-size=\"1194,858\" data-comments-opened=\"1\" data-image-meta=\"{&quot;aperture&quot;:&quot;1.8&quot;,&quot;credit&quot;:&quot;&quot;,&quot;camera&quot;:&quot;SM-A135M&quot;,&quot;caption&quot;:&quot;&quot;,&quot;created_timestamp&quot;:&quot;1709292390&quot;,&quot;copyright&quot;:&quot;&quot;,&quot;focal_length&quot;:&quot;4&quot;,&quot;iso&quot;:&quot;250&quot;,&quot;shutter_speed&quot;:&quot;0.016666666666667&quot;,&quot;title&quot;:&quot;&quot;,&quot;orientation&quot;:&quot;1&quot;}\" data-image-title=\"20240301_112630~2\" data-image-description=\"&lt;p&gt;Sergio Diniz&lt;\/p&gt;\n\" data-image-caption=\"&lt;p&gt;Sergio Diniz&lt;\/p&gt;\n\" data-large-file=\"http:\/\/jornalrol.com.br\/wp-content\/uploads\/2024\/05\/20240301_1126302-1.jpg\" src=\"http:\/\/jornalrol.com.br\/wp-content\/uploads\/2024\/05\/20240301_1126302-1.jpg\" alt=\"Sergio Diniz\" class=\"wp-image-66950\" style=\"aspect-ratio:1.391664509448615;width:238px;height:auto\" srcset=\"http:\/\/jornalrol.com.br\/wp-content\/uploads\/2024\/05\/20240301_1126302-1.jpg 1194w, http:\/\/jornalrol.com.br\/wp-content\/uploads\/2024\/05\/20240301_1126302-1-768x552.jpg 768w\" sizes=\"auto, (max-width: 1194px) 100vw, 1194px\" \/><figcaption class=\"wp-element-caption\">Sergio Diniz<\/figcaption><\/figure>\n<\/div>\n\n<div class=\"wp-block-image\">\n<figure class=\"aligncenter size-full is-resized\"><img loading=\"lazy\" decoding=\"async\" width=\"1024\" height=\"1536\" data-attachment-id=\"79181\" data-permalink=\"http:\/\/jornalrol.com.br\/?attachment_id=79181\" data-orig-file=\"http:\/\/jornalrol.com.br\/wp-content\/uploads\/2026\/03\/9c6ab2ed-d75e-4376-9dfe-d6e136b98982.jpg\" data-orig-size=\"1024,1536\" data-comments-opened=\"1\" data-image-meta=\"{&quot;aperture&quot;:&quot;0&quot;,&quot;credit&quot;:&quot;&quot;,&quot;camera&quot;:&quot;&quot;,&quot;caption&quot;:&quot;&quot;,&quot;created_timestamp&quot;:&quot;0&quot;,&quot;copyright&quot;:&quot;&quot;,&quot;focal_length&quot;:&quot;0&quot;,&quot;iso&quot;:&quot;0&quot;,&quot;shutter_speed&quot;:&quot;0&quot;,&quot;title&quot;:&quot;&quot;,&quot;orientation&quot;:&quot;0&quot;}\" data-image-title=\"9c6ab2ed-d75e-4376-9dfe-d6e136b98982\" data-image-description=\"\" data-image-caption=\"\" data-large-file=\"http:\/\/jornalrol.com.br\/wp-content\/uploads\/2026\/03\/9c6ab2ed-d75e-4376-9dfe-d6e136b98982.jpg\" src=\"https:\/\/jornalrol.com.br\/wp-content\/uploads\/2026\/03\/9c6ab2ed-d75e-4376-9dfe-d6e136b98982.jpg\" alt=\"\" class=\"wp-image-79181\" style=\"width:364px;height:auto\" srcset=\"http:\/\/jornalrol.com.br\/wp-content\/uploads\/2026\/03\/9c6ab2ed-d75e-4376-9dfe-d6e136b98982.jpg 1024w, http:\/\/jornalrol.com.br\/wp-content\/uploads\/2026\/03\/9c6ab2ed-d75e-4376-9dfe-d6e136b98982-800x1200.jpg 800w, http:\/\/jornalrol.com.br\/wp-content\/uploads\/2026\/03\/9c6ab2ed-d75e-4376-9dfe-d6e136b98982-768x1152.jpg 768w\" sizes=\"auto, (max-width: 1024px) 100vw, 1024px\" \/><figcaption class=\"wp-element-caption\"><em>Imagem gerada por IA do ChatGPT &#8211; https:\/\/chatgpt.com\/c\/69b58e10-951c-83e9-bc1e-ced6bea14dc2<\/em><\/figcaption><\/figure>\n<\/div>\n\n\n<p class=\"has-drop-cap\">Meio-dia. Sol causticante! Somente nesse momento pude ir ao supermercado, pr\u00f3ximo de casa, dando para ir a p\u00e9 e demandando, no m\u00e1ximo, 10 minutos.<\/p>\n\n\n\n<p>Na volta, contudo, com sacolas em ambas as m\u00e3os, o trajeto demandaria mais tempo e, com o Sol parecendo um deus ol\u00edmpico furioso, o trajeto se afigurava o Deserto de Lut, no Ir\u00e3, considerado o local mais quente da Terra.<\/p>\n\n\n\n<p>Respirei profundamente e dei os primeiros passos, que, gradativamente, ganhavam pouco terreno. \u201c\u00d3, c\u00e9us! Por que n\u00e3o sai mais cedo?\u201d \u2500 A autoacusa\u00e7\u00e3o me era um a\u00e7oite, do mais cruel dos algozes.<\/p>\n\n\n\n<p>Entretanto, pouco mais \u00e0 frente, algumas \u00e1rvores, em espa\u00e7os intermitentes, derramavam sombra, onde at\u00e9 um cord\u00e3o de formigas parecia se refrescar. Uma diferen\u00e7a de temperatura recebida pelo meu corpo, feita a absolvi\u00e7\u00e3o de um pecado capital.<\/p>\n\n\n\n<p>E de trechos em trechos, refrescado pelas \u00e1rvores amigas, continuei meu caminho, a refletir sobre a vida. A vida, com seus altos e baixos, num carrossel de emo\u00e7\u00f5es antag\u00f4nicas, ora nos empurrando aos abismos do desespero, ora nos al\u00e7ando ao cume da celebra\u00e7\u00e3o pelos tempos amenos.<\/p>\n\n\n\n<p>O Sol, do alto de sua inalcan\u00e7\u00e1vel dist\u00e2ncia, mas presente na pele, ainda continuava de cara fechada, parecendo at\u00e9 mesmo mais abrasador. Todavia, um pensamento come\u00e7ou a ganhar forma, trazido pela brisa da inspira\u00e7\u00e3o: a vida, de tempos em tempos, se nos apresenta como um inclemente deserto; nos fustiga o corpo e deixa cicatrizes na alma, mas tamb\u00e9m, ap\u00f3s o transe do momento, nos apresenta o o\u00e1sis de uma inspira\u00e7\u00e3o divina, de um ombro amigo, da esperan\u00e7a de dias plenos de alegria.<\/p>\n\n\n\n<p>A vida, desta forma, nos p\u00f5e a duras provas, visando o despertar de consci\u00eancia, mas, sabendo de nossa falibilidade, nos oferece momentos de tr\u00e9gua, reparadora dos embates di\u00e1rios.<\/p>\n\n\n\n<p>S\u00e3o os momentos-o\u00e1sis, nos quais o viajante, perdido e sedento nas estradas terrenas, encontra a paz de esp\u00edrito, com o lenitivo da compreens\u00e3o de que, no final de todas as batalhas, o verdadeiro e perene o\u00e1sis sempre esteve dentro de si!<\/p>\n\n\n\n<h3 class=\"wp-block-heading has-text-align-center\">Sergio Diniz da Costa<\/h3>\n\n\n\n<div class=\"wp-block-columns is-layout-flex wp-container-core-columns-is-layout-9d6595d7 wp-block-columns-is-layout-flex\">\n<div class=\"wp-block-column is-layout-flow wp-block-column-is-layout-flow\">\n<h3 class=\"wp-block-heading has-text-align-center has-electric-grass-gradient-background has-background\"><a href=\"https:\/\/www.facebook.com\/sergio.dinizdacosta.79\" target=\"_blank\" rel=\"noopener\" title=\"Facebook\">Facebook<\/a><\/h3>\n<\/div>\n\n\n\n<div class=\"wp-block-column is-layout-flow wp-block-column-is-layout-flow\">\n<h3 class=\"wp-block-heading has-text-align-center has-electric-grass-gradient-background has-background\"><a href=\"https:\/\/www.recantodasletras.com.br\/autor.php?id=173342\" target=\"_blank\" rel=\"noopener\" title=\"Recanto das Letras\">Recanto das Letras<\/a><\/h3>\n<\/div>\n\n\n\n<div class=\"wp-block-column is-layout-flow wp-block-column-is-layout-flow\">\n<h3 class=\"wp-block-heading has-text-align-center has-electric-grass-gradient-background has-background\"><a href=\"https:\/\/www.pensador.com\/autor\/sergio_diniz_da_costa\/\" title=\"Pensador\">Pensador<\/a><\/h3>\n<\/div>\n<\/div>\n\n\n\n<p><a href=\"http:\/\/jornalrol.com.br\/\" title=\"Voltar\">Voltar<\/a><\/p>\n\n\n\n<p><a href=\"https:\/\/www.facebook.com\/JCulturalrol\/\" title=\"Facebook\">Facebook<\/a><\/p>\n","protected":false},"excerpt":{"rendered":"<p>Meio-dia. Sol causticante! Somente nesse momento pude ir ao supermercado, pr\u00f3ximo de casa, dando para ir a p\u00e9 e demandando, no m\u00e1ximo, 10 minutos. Na volta&#8230;<\/p>\n","protected":false},"author":6,"featured_media":79181,"comment_status":"open","ping_status":"closed","sticky":false,"template":"","format":"standard","meta":{"_jetpack_newsletter_access":"","_jetpack_dont_email_post_to_subs":false,"_jetpack_newsletter_tier_id":0,"_jetpack_memberships_contains_paywalled_content":false,"_jetpack_memberships_contains_paid_content":false,"footnotes":""},"categories":[9392,9285],"tags":[16410,16411],"class_list":["post-79179","post","type-post","status-publish","format-standard","has-post-thumbnail","hentry","category-cronicas","category-literatura","tag-momentos-oasis","tag-reflexao-sobre-a-vida"],"aioseo_notices":[],"views":286,"jetpack_featured_media_url":"http:\/\/jornalrol.com.br\/wp-content\/uploads\/2026\/03\/9c6ab2ed-d75e-4376-9dfe-d6e136b98982.jpg","jetpack_sharing_enabled":true,"jetpack_likes_enabled":true,"jetpack-related-posts":[{"id":61707,"url":"http:\/\/jornalrol.com.br\/?p=61707","url_meta":{"origin":79179,"position":0},"title":"O Criador de mundos","author":"Sergio Diniz da Costa","date":"2 de outubro de 2023","format":false,"excerpt":"O em\u00e9rito maestro do desconcerto. Canto os teus pendores vision\u00e1rios, refrig\u00e9rio da alma, o\u00e1sis do pensar. Imerso nas letras, tu crias cen\u00e1rios, abrandas a dor","rel":"","context":"Em &quot;Literatura&quot;","block_context":{"text":"Literatura","link":"http:\/\/jornalrol.com.br\/?cat=9285"},"img":{"alt_text":"Pietro Costa","src":"https:\/\/i0.wp.com\/jornalrol.com.br\/wp-content\/uploads\/2023\/09\/PIETRO-COSTA-Picture-119-1.jpg?resize=350%2C200","width":350,"height":200},"classes":[]},{"id":50066,"url":"http:\/\/jornalrol.com.br\/?p=50066","url_meta":{"origin":79179,"position":1},"title":"Ant\u00f4nio Fernandes do R\u00eago: &#039;M\u00e3e&#039;","author":"Sergio Diniz da Costa","date":"6 de maio de 2022","format":false,"excerpt":"M\u00e3e Saiba, mam\u00e3e que teu dia \u00c9 todo dia que existe, Quero louvar-te em poesia, Desde o dia que partiste. \u00a0 Mas pra uma m\u00e3e se louvar Todas palavras do mundo Nunca chegam a igualar A todo o seu amor profundo. \u00a0 M\u00e3e \u00e9 o leme e \u00e9 o fanal\u2026","rel":"","context":"Em &quot;Comunica\u00e7\u00e3o&quot;","block_context":{"text":"Comunica\u00e7\u00e3o","link":"http:\/\/jornalrol.com.br\/?cat=7"},"img":{"alt_text":"","src":"https:\/\/i0.wp.com\/www.jornalrol.com.br\/wp-content\/uploads\/2020\/06\/f0aa036a-2e8d-4b00-a684-549f5fe27949-150x150.jpg?resize=350%2C200","width":350,"height":200},"classes":[]},{"id":53884,"url":"http:\/\/jornalrol.com.br\/?p=53884","url_meta":{"origin":79179,"position":2},"title":"Carlos Carvalho Cavalheiro: &#039;Dom Alexandre e a FEBACLA: o\u00e1sis num deserto cultural","author":"Carlos Carvalho Cavalheiro","date":"23 de fevereiro de 2023","format":false,"excerpt":"Dom Alexandre e a FEBACLA: o\u00e1sis num deserto cultural\u00a0 Quem navega pelos mares da internet, especialmente em busca de not\u00edcias ligadas \u00e0 cultura e a arte das Letras, j\u00e1 se deparou com o nome da FEBACLA (Federa\u00e7\u00e3o Brasileira dos Acad\u00eamicos das Ci\u00eancias, Letras e Artes) e, tamb\u00e9m, com o do\u2026","rel":"","context":"Em &quot;Comunica\u00e7\u00e3o&quot;","block_context":{"text":"Comunica\u00e7\u00e3o","link":"http:\/\/jornalrol.com.br\/?cat=7"},"img":{"alt_text":"","src":"https:\/\/i0.wp.com\/www.jornalrol.com.br\/wp-content\/uploads\/2019\/04\/Carlos-Foto-Andre-Pinto-2018-1-2-194x300.jpg?resize=350%2C200&ssl=1","width":350,"height":200},"classes":[]},{"id":79411,"url":"http:\/\/jornalrol.com.br\/?p=79411","url_meta":{"origin":79179,"position":3},"title":"Dom Alexandre e a FEBACLA","author":"Carlos Carvalho Cavalheiro","date":"22 de mar\u00e7o de 2026","format":false,"excerpt":"Dom Alexandre e a FEBACLA: 'O\u00e1sis num deserto cultural' Carlos Carvalho Cavalheiro Quem navega pelos mares da internet, especialmente em busca de not\u00edcias ligadas \u00e0 cultura e a arte das Letras, j\u00e1 se deparou com o nome da FEBACLA (Federa\u00e7\u00e3o Brasileira dos Acad\u00eamicos das Ci\u00eancias, Letras e Artes) e, tamb\u00e9m,\u2026","rel":"","context":"Em &quot;artigos&quot;","block_context":{"text":"artigos","link":"http:\/\/jornalrol.com.br\/?cat=9398"},"img":{"alt_text":"Dom Alexandre, S\u00e9rgio Diniz e Carlos Carvalho Cavalheiro","src":"https:\/\/i0.wp.com\/jornalrol.com.br\/wp-content\/uploads\/2026\/03\/52590295_957933134414086_1572089550824538112_n.jpg?resize=350%2C200","width":350,"height":200,"srcset":"https:\/\/i0.wp.com\/jornalrol.com.br\/wp-content\/uploads\/2026\/03\/52590295_957933134414086_1572089550824538112_n.jpg?resize=350%2C200 1x, https:\/\/i0.wp.com\/jornalrol.com.br\/wp-content\/uploads\/2026\/03\/52590295_957933134414086_1572089550824538112_n.jpg?resize=525%2C300 1.5x, https:\/\/i0.wp.com\/jornalrol.com.br\/wp-content\/uploads\/2026\/03\/52590295_957933134414086_1572089550824538112_n.jpg?resize=700%2C400 2x, https:\/\/i0.wp.com\/jornalrol.com.br\/wp-content\/uploads\/2026\/03\/52590295_957933134414086_1572089550824538112_n.jpg?resize=1050%2C600 3x, https:\/\/i0.wp.com\/jornalrol.com.br\/wp-content\/uploads\/2026\/03\/52590295_957933134414086_1572089550824538112_n.jpg?resize=1400%2C800 4x"},"classes":[]},{"id":70296,"url":"http:\/\/jornalrol.com.br\/?p=70296","url_meta":{"origin":79179,"position":4},"title":"Sou poeta","author":"Ceica Rocha Cruz","date":"23 de outubro de 2024","format":false,"excerpt":"Bela a tarde de um Sol que finge n\u00e3o querer se p\u00f4r. Canto o tempo que existe, a vida que se vai, a arte de amar e de poeta ser. De ser um poeta.","rel":"","context":"Em &quot;Literatura&quot;","block_context":{"text":"Literatura","link":"http:\/\/jornalrol.com.br\/?cat=9285"},"img":{"alt_text":"\"Meu deserto, meu o\u00e1sis. E neste deserto o olhar de todas as saudades\". Imagem gerada por IA do Bing - 23 de outubro de 2024, \u00e0s 4:41 PM","src":"https:\/\/i0.wp.com\/jornalrol.com.br\/wp-content\/uploads\/2024\/10\/OIG2-3.jpeg?resize=350%2C200","width":350,"height":200,"srcset":"https:\/\/i0.wp.com\/jornalrol.com.br\/wp-content\/uploads\/2024\/10\/OIG2-3.jpeg?resize=350%2C200 1x, https:\/\/i0.wp.com\/jornalrol.com.br\/wp-content\/uploads\/2024\/10\/OIG2-3.jpeg?resize=525%2C300 1.5x, https:\/\/i0.wp.com\/jornalrol.com.br\/wp-content\/uploads\/2024\/10\/OIG2-3.jpeg?resize=700%2C400 2x"},"classes":[]},{"id":69099,"url":"http:\/\/jornalrol.com.br\/?p=69099","url_meta":{"origin":79179,"position":5},"title":"Esculpindo um texto","author":"Sergio Diniz da Costa","date":"30 de agosto de 2024","format":false,"excerpt":"Estou diante do meu computador, instigado, mais uma vez, por um lampejo de criatividade. \u00c9 o momento de dar \u00e0 luz mais uma cr\u00f4nica. Dou o primeiro e...","rel":"","context":"Em &quot;Cr\u00f4nicas&quot;","block_context":{"text":"Cr\u00f4nicas","link":"http:\/\/jornalrol.com.br\/?cat=9392"},"img":{"alt_text":"Imagem gerada pela IA do Bing - 30 de agosto de 2024 \u00e0s 11:01 AM","src":"https:\/\/i0.wp.com\/jornalrol.com.br\/wp-content\/uploads\/2024\/08\/OIG4.TRX7NsbhHefc2vWW.jpg?resize=350%2C200","width":350,"height":200},"classes":[]}],"_links":{"self":[{"href":"http:\/\/jornalrol.com.br\/index.php?rest_route=\/wp\/v2\/posts\/79179","targetHints":{"allow":["GET"]}}],"collection":[{"href":"http:\/\/jornalrol.com.br\/index.php?rest_route=\/wp\/v2\/posts"}],"about":[{"href":"http:\/\/jornalrol.com.br\/index.php?rest_route=\/wp\/v2\/types\/post"}],"author":[{"embeddable":true,"href":"http:\/\/jornalrol.com.br\/index.php?rest_route=\/wp\/v2\/users\/6"}],"replies":[{"embeddable":true,"href":"http:\/\/jornalrol.com.br\/index.php?rest_route=%2Fwp%2Fv2%2Fcomments&post=79179"}],"version-history":[{"count":2,"href":"http:\/\/jornalrol.com.br\/index.php?rest_route=\/wp\/v2\/posts\/79179\/revisions"}],"predecessor-version":[{"id":79182,"href":"http:\/\/jornalrol.com.br\/index.php?rest_route=\/wp\/v2\/posts\/79179\/revisions\/79182"}],"wp:featuredmedia":[{"embeddable":true,"href":"http:\/\/jornalrol.com.br\/index.php?rest_route=\/wp\/v2\/media\/79181"}],"wp:attachment":[{"href":"http:\/\/jornalrol.com.br\/index.php?rest_route=%2Fwp%2Fv2%2Fmedia&parent=79179"}],"wp:term":[{"taxonomy":"category","embeddable":true,"href":"http:\/\/jornalrol.com.br\/index.php?rest_route=%2Fwp%2Fv2%2Fcategories&post=79179"},{"taxonomy":"post_tag","embeddable":true,"href":"http:\/\/jornalrol.com.br\/index.php?rest_route=%2Fwp%2Fv2%2Ftags&post=79179"}],"curies":[{"name":"wp","href":"https:\/\/api.w.org\/{rel}","templated":true}]}}