{"id":79183,"date":"2026-03-14T19:29:55","date_gmt":"2026-03-14T22:29:55","guid":{"rendered":"https:\/\/jornalrol.com.br\/?p=79183"},"modified":"2026-03-14T19:30:19","modified_gmt":"2026-03-14T22:30:19","slug":"dia-mundial-da-poesia","status":"publish","type":"post","link":"http:\/\/jornalrol.com.br\/?p=79183","title":{"rendered":"Dia Mundial da Poesia"},"content":{"rendered":"<div class=\"pdfprnt-buttons pdfprnt-buttons-post pdfprnt-top-right\"><a href=\"http:\/\/jornalrol.com.br\/index.php?rest_route=%2Fwp%2Fv2%2Fposts%2F79183&print=pdf\" class=\"pdfprnt-button pdfprnt-button-pdf\" target=\"_blank\" ><\/a><a href=\"http:\/\/jornalrol.com.br\/index.php?rest_route=%2Fwp%2Fv2%2Fposts%2F79183&print=print\" class=\"pdfprnt-button pdfprnt-button-print\" target=\"_blank\" ><img decoding=\"async\" src=\"https:\/\/jornalrol.com.br\/wp-content\/plugins\/pdf-print\/images\/print.png\" alt=\"image_print\" title=\"Conte\u00fado de impress\u00e3o\" \/><\/a><\/div>\n<h2 class=\"wp-block-heading has-text-align-center\">Sorocaba inaugura mural acess\u00edvel no Dia Mundial da Poesia<br><br><\/h2>\n\n\n<div class=\"wp-block-image\">\n<figure class=\"aligncenter size-full is-resized\"><img loading=\"lazy\" decoding=\"async\" width=\"1064\" height=\"1074\" data-attachment-id=\"79184\" data-permalink=\"http:\/\/jornalrol.com.br\/?attachment_id=79184\" data-orig-file=\"http:\/\/jornalrol.com.br\/wp-content\/uploads\/2026\/03\/1cae862a-5947-4bff-9a01-6d05cae5c37c.jpg\" data-orig-size=\"1064,1074\" data-comments-opened=\"1\" data-image-meta=\"{&quot;aperture&quot;:&quot;0&quot;,&quot;credit&quot;:&quot;&quot;,&quot;camera&quot;:&quot;&quot;,&quot;caption&quot;:&quot;&quot;,&quot;created_timestamp&quot;:&quot;0&quot;,&quot;copyright&quot;:&quot;&quot;,&quot;focal_length&quot;:&quot;0&quot;,&quot;iso&quot;:&quot;0&quot;,&quot;shutter_speed&quot;:&quot;0&quot;,&quot;title&quot;:&quot;&quot;,&quot;orientation&quot;:&quot;0&quot;}\" data-image-title=\"1cae862a-5947-4bff-9a01-6d05cae5c37c\" data-image-description=\"\" data-image-caption=\"\" data-large-file=\"http:\/\/jornalrol.com.br\/wp-content\/uploads\/2026\/03\/1cae862a-5947-4bff-9a01-6d05cae5c37c.jpg\" src=\"https:\/\/jornalrol.com.br\/wp-content\/uploads\/2026\/03\/1cae862a-5947-4bff-9a01-6d05cae5c37c.jpg\" alt=\"Card do chamamento do Livro de Rua para cego ler\" class=\"wp-image-79184\" style=\"aspect-ratio:0.9907120743034056;width:392px;height:auto\" srcset=\"http:\/\/jornalrol.com.br\/wp-content\/uploads\/2026\/03\/1cae862a-5947-4bff-9a01-6d05cae5c37c.jpg 1064w, http:\/\/jornalrol.com.br\/wp-content\/uploads\/2026\/03\/1cae862a-5947-4bff-9a01-6d05cae5c37c-768x775.jpg 768w\" sizes=\"auto, (max-width: 1064px) 100vw, 1064px\" \/><figcaption class=\"wp-element-caption\"><em>Card do chamamento do Livro de Rua para cego ler<\/em><\/figcaption><\/figure>\n<\/div>\n\n\n<p class=\"has-drop-cap\">No dia <strong>21 de mar\u00e7o de 2026<\/strong>, data em que se celebra o <strong>Dia Mundial da Poesia<\/strong>, a escritora, poeta e artista visual<strong> Cristina Siqueira<\/strong> realiza, no <strong>Parque Campolim<\/strong>, em Sorocaba, o descerramento do mural &#8216;<strong>Livro de Rua para Cego Ler<\/strong>&#8216;, obra liter\u00e1ria urbana concebida com recursos de acessibilidade para pessoas com defici\u00eancia visual.<\/p>\n\n\n\n<p>Instalado em \u00e1rea de grande circula\u00e7\u00e3o do parque, o mural \u2014 uma instala\u00e7\u00e3o po\u00e9tica liter\u00e1ria em azulejaria impressa \u2014 integra o Projeto Livro de Rua, criado por Cristina Siqueira em 1997, que prop\u00f5e a inser\u00e7\u00e3o da poesia no espa\u00e7o urbano por meio de murais liter\u00e1rios.<\/p>\n\n\n\n<p>Nesta edi\u00e7\u00e3o, a obra incorpora leitura em braille, relevo t\u00e1til e audiodescri\u00e7\u00e3o, permitindo que a experi\u00eancia po\u00e9tica seja acessada tamb\u00e9m pelo toque e pela escuta, ampliando o acesso \u00e0 literatura e \u00e0 arte para pessoas com defici\u00eancia visual.<\/p>\n\n\n\n<p>O projeto foi contemplado pela Lei Aldir Blanc de Incentivo \u00e0 Cultura e conta com o apoio da Prefeitura Municipal de Sorocaba, reafirmando o compromisso das pol\u00edticas p\u00fablicas com a democratiza\u00e7\u00e3o do acesso \u00e0 cultura e com a promo\u00e7\u00e3o da inclus\u00e3o.<\/p>\n\n\n\n<p>Com a instala\u00e7\u00e3o da obra, Sorocaba passa a integrar um movimento contempor\u00e2neo de arte p\u00fablica acess\u00edvel, em que literatura, espa\u00e7o urbano e cidadania se encontram para ampliar o alcance da poesia na vida cotidiana.<\/p>\n\n\n\n<h2 class=\"wp-block-heading has-text-align-center\">PROGRAMA\u00c7\u00c3O<\/h2>\n\n\n\n<p>\ud83d\udd5a <strong>11h \u2013 Abertura oficial<\/strong><br><br>Parque Campolim \u2013 Palco de Eventos da Av. Carlos Comitre (espa\u00e7o onde se celebra o Saint Patrick\u2019s Day, dinamizado por Cris Lobo).<\/p>\n\n\n\n<p>O evento contar\u00e1 com a presen\u00e7a de autoridades, representantes do setor cultural e educacional, al\u00e9m de institui\u00e7\u00f5es voltadas \u00e0 pessoa com defici\u00eancia visual.<\/p>\n\n\n\n<h3 class=\"wp-block-heading\">Servi\u00e7o<\/h3>\n\n\n\n<p>\ud83d\udcc5 21 de mar\u00e7o de 2026<br><br>\ud83d\udd5a 11h<br><br>\ud83d\udccd Parque Campolim \u2013 Palco de Eventos da Av. Carlos Comitre &#8211; Sorocaba\/SP.<\/p>\n\n\n\n<p><\/p>\n\n\n\n<p>\ud83d\udccd <strong>Localiza\u00e7\u00e3o<\/strong>: <a href=\"https:\/\/maps.google.com\/?q=-23.522739,-47.464924\">https:\/\/maps.google.com\/?q=-23.522739,-47.464924<\/a><\/p>\n\n\n\n<p>Evento gratuito e aberto ao p\u00fablico<\/p>\n\n\n\n<h3 class=\"wp-block-heading\">Encerramento<\/h3>\n\n\n\n<p>No <strong>Dia Mundial da Poesia<\/strong>, Sorocaba inaugura uma obra que amplia o sentido da leitura: um mural onde a poesia pode ser vista, tocada e compartilhada por todos.<\/p>\n\n\n\n<h2 class=\"wp-block-heading has-text-align-center\">Sobre a autora<\/h2>\n\n\n<div class=\"wp-block-image\">\n<figure class=\"alignright size-full is-resized\"><img loading=\"lazy\" decoding=\"async\" width=\"960\" height=\"1280\" data-attachment-id=\"79185\" data-permalink=\"http:\/\/jornalrol.com.br\/?attachment_id=79185\" data-orig-file=\"http:\/\/jornalrol.com.br\/wp-content\/uploads\/2026\/03\/abbfe8f6-2fee-4e55-a290-ac488a4f3000.jpg\" data-orig-size=\"960,1280\" data-comments-opened=\"1\" data-image-meta=\"{&quot;aperture&quot;:&quot;0&quot;,&quot;credit&quot;:&quot;&quot;,&quot;camera&quot;:&quot;&quot;,&quot;caption&quot;:&quot;&quot;,&quot;created_timestamp&quot;:&quot;0&quot;,&quot;copyright&quot;:&quot;&quot;,&quot;focal_length&quot;:&quot;0&quot;,&quot;iso&quot;:&quot;0&quot;,&quot;shutter_speed&quot;:&quot;0&quot;,&quot;title&quot;:&quot;&quot;,&quot;orientation&quot;:&quot;0&quot;}\" data-image-title=\"abbfe8f6-2fee-4e55-a290-ac488a4f3000\" data-image-description=\"\" data-image-caption=\"\" data-large-file=\"http:\/\/jornalrol.com.br\/wp-content\/uploads\/2026\/03\/abbfe8f6-2fee-4e55-a290-ac488a4f3000.jpg\" src=\"https:\/\/jornalrol.com.br\/wp-content\/uploads\/2026\/03\/abbfe8f6-2fee-4e55-a290-ac488a4f3000.jpg\" alt=\"Cristina Siqueira\" class=\"wp-image-79185\" style=\"aspect-ratio:0.7500106924425816;width:223px;height:auto\" srcset=\"http:\/\/jornalrol.com.br\/wp-content\/uploads\/2026\/03\/abbfe8f6-2fee-4e55-a290-ac488a4f3000.jpg 960w, http:\/\/jornalrol.com.br\/wp-content\/uploads\/2026\/03\/abbfe8f6-2fee-4e55-a290-ac488a4f3000-900x1200.jpg 900w, http:\/\/jornalrol.com.br\/wp-content\/uploads\/2026\/03\/abbfe8f6-2fee-4e55-a290-ac488a4f3000-768x1024.jpg 768w\" sizes=\"auto, (max-width: 960px) 100vw, 960px\" \/><figcaption class=\"wp-element-caption\"><em>Cristina Siqueira<\/em><\/figcaption><\/figure>\n<\/div>\n\n\n<p><strong>Cristina Siqueira<\/strong> \u00e9 escritora, poeta e artista visual com trajet\u00f3ria consolidada na literatura e nas artes urbanas. <\/p>\n\n\n\n<p>Autora de oito livros publicados, desenvolve h\u00e1 tr\u00eas d\u00e9cadas o <strong>Projeto Livro de Rua,<\/strong> respons\u00e1vel pela cria\u00e7\u00e3o de murais po\u00e9ticos instalados em espa\u00e7os p\u00fablicos. <\/p>\n\n\n\n<p>Sua obra articula literatura, artes visuais e interven\u00e7\u00e3o urbana, aproximando poesia e cidade e estimulando novas formas de frui\u00e7\u00e3o da palavra po\u00e9tica no cotidiano. <\/p>\n\n\n\n<p>Cristina \u00e9 Membro Correspondente da Academia Sorocabana de Letras e tem atua\u00e7\u00e3o reconhecida em projetos culturais voltados \u00e0 forma\u00e7\u00e3o de leitores, difus\u00e3o da poesia e valoriza\u00e7\u00e3o do patrim\u00f4nio liter\u00e1rio.<\/p>\n\n\n\n<p><strong>Contato com a autora: 15 99726-5527<\/strong><\/p>\n\n\n\n<p><a href=\"http:\/\/jornalrol.com.br\/\" title=\"Voltar\">Voltar<\/a><\/p>\n\n\n\n<p><a href=\"https:\/www.facebook.com\/JCulturalrol\/\" title=\"Facebook\">Facebook<\/a><\/p>\n","protected":false},"excerpt":{"rendered":"<p>No dia 21 de mar\u00e7o de 2026, data em que se celebra o Dia Mundial da Poesia, a escritora, poeta e artista visual Cristina Siqueira realiza, no Parque Campolim&#8230;<\/p>\n","protected":false},"author":6,"featured_media":79184,"comment_status":"open","ping_status":"closed","sticky":false,"template":"","format":"standard","meta":{"_jetpack_newsletter_access":"","_jetpack_dont_email_post_to_subs":false,"_jetpack_newsletter_tier_id":0,"_jetpack_memberships_contains_paywalled_content":false,"_jetpack_memberships_contains_paid_content":false,"footnotes":""},"categories":[15461,9285],"tags":[2449,16412,16413],"class_list":["post-79183","post","type-post","status-publish","format-standard","has-post-thumbnail","hentry","category-exposicao-literatura","category-literatura","tag-cristina-siqueira","tag-dia-mundial-da-poesia","tag-livro-de-rua-para-cego-ler"],"aioseo_notices":[],"views":565,"jetpack_featured_media_url":"http:\/\/jornalrol.com.br\/wp-content\/uploads\/2026\/03\/1cae862a-5947-4bff-9a01-6d05cae5c37c.jpg","jetpack_sharing_enabled":true,"jetpack_likes_enabled":true,"jetpack-related-posts":[{"id":37653,"url":"http:\/\/jornalrol.com.br\/?p=37653","url_meta":{"origin":79183,"position":0},"title":"Projeto Cultural do Ateli\u00ea Cristina Siqueira promove encontros para quem ama poesia","author":"Sergio Diniz da Costa","date":"11 de fevereiro de 2021","format":false,"excerpt":"O 'Ateli\u00ea Cristina Siqueira' convida poetas, professores, estudantes e artistas a participar dos encontros po\u00e9ticos que acontecer\u00e3o nos dias 9, 11, 20 e 27 de fevereiro pelas plataformas Google Meet e Facebook Por meio do projeto cultural 'A poesia \u00e9 o espelho da alma', aprovado pela Lei Aldir Blanc, o\u00a0'Ateli\u00ea\u2026","rel":"","context":"Em &quot;Comunica\u00e7\u00e3o&quot;","block_context":{"text":"Comunica\u00e7\u00e3o","link":"http:\/\/jornalrol.com.br\/?cat=7"},"img":{"alt_text":"","src":"https:\/\/i0.wp.com\/jornalrol.com.br\/wp-content\/uploads\/2021\/02\/d8f0a514-a1fd-4696-b1c5-4a63531262d4.jpg?resize=350%2C200","width":350,"height":200,"srcset":"https:\/\/i0.wp.com\/jornalrol.com.br\/wp-content\/uploads\/2021\/02\/d8f0a514-a1fd-4696-b1c5-4a63531262d4.jpg?resize=350%2C200 1x, https:\/\/i0.wp.com\/jornalrol.com.br\/wp-content\/uploads\/2021\/02\/d8f0a514-a1fd-4696-b1c5-4a63531262d4.jpg?resize=525%2C300 1.5x, https:\/\/i0.wp.com\/jornalrol.com.br\/wp-content\/uploads\/2021\/02\/d8f0a514-a1fd-4696-b1c5-4a63531262d4.jpg?resize=700%2C400 2x, https:\/\/i0.wp.com\/jornalrol.com.br\/wp-content\/uploads\/2021\/02\/d8f0a514-a1fd-4696-b1c5-4a63531262d4.jpg?resize=1050%2C600 3x"},"classes":[]},{"id":35179,"url":"http:\/\/jornalrol.com.br\/?p=35179","url_meta":{"origin":79183,"position":1},"title":"Hermandad Literaria Rosa Branca promove o 1\u00ba Encontro Liter\u00e1rio &#8211; Internacional &#039;Dia Mundial da Palavra 2020&#039;","author":"Sergio Diniz da Costa","date":"26 de novembro de 2020","format":false,"excerpt":"O objetivo do encontro \u00e9 destacar a palavra, sem se importar com o idioma, como v\u00ednculo de humanidade, agente da paz, unidade, coopera\u00e7\u00e3o etc. Objetivando destacar a palavra sem se importar com o idioma, como v\u00ednculo de humanidade, agente da paz, unidade, coopera\u00e7\u00e3o etc., a Hermandad Literaria Rosa Branca est\u00e1\u2026","rel":"","context":"Em &quot;Comunica\u00e7\u00e3o&quot;","block_context":{"text":"Comunica\u00e7\u00e3o","link":"http:\/\/jornalrol.com.br\/?cat=7"},"img":{"alt_text":"","src":"https:\/\/i0.wp.com\/www.jornalrol.com.br\/wp-content\/uploads\/2020\/11\/125055361_105375424722867_8165292257416007348_n-268x300.png?resize=350%2C200","width":350,"height":200},"classes":[]},{"id":79608,"url":"http:\/\/jornalrol.com.br\/?p=79608","url_meta":{"origin":79183,"position":2},"title":"Jardim Secreto dos Sonhos","author":"Sergio Diniz da Costa","date":"27 de mar\u00e7o de 2026","format":false,"excerpt":"Coletivo Caf\u00e9 & Arte em Movimento apresenta mostra po\u00e9tica in\u00e9dita baseada em pesquisa biogr\u00e1fica e liter\u00e1ria do autor dinamarqu\u00eas durante todo o m\u00eas de abril.","rel":"","context":"Em &quot;Arte&quot;","block_context":{"text":"Arte","link":"http:\/\/jornalrol.com.br\/?cat=9286"},"img":{"alt_text":"Card da exposi\u00e7\u00e3o Jardim Secreto dos Sonhos, no Tatuap\u00e9","src":"https:\/\/i0.wp.com\/jornalrol.com.br\/wp-content\/uploads\/2026\/03\/db826574-b6bb-4da7-bfe6-353494e58fa5.jpg?resize=350%2C200","width":350,"height":200,"srcset":"https:\/\/i0.wp.com\/jornalrol.com.br\/wp-content\/uploads\/2026\/03\/db826574-b6bb-4da7-bfe6-353494e58fa5.jpg?resize=350%2C200 1x, https:\/\/i0.wp.com\/jornalrol.com.br\/wp-content\/uploads\/2026\/03\/db826574-b6bb-4da7-bfe6-353494e58fa5.jpg?resize=525%2C300 1.5x, https:\/\/i0.wp.com\/jornalrol.com.br\/wp-content\/uploads\/2026\/03\/db826574-b6bb-4da7-bfe6-353494e58fa5.jpg?resize=700%2C400 2x, https:\/\/i0.wp.com\/jornalrol.com.br\/wp-content\/uploads\/2026\/03\/db826574-b6bb-4da7-bfe6-353494e58fa5.jpg?resize=1050%2C600 3x"},"classes":[]},{"id":32347,"url":"http:\/\/jornalrol.com.br\/?p=32347","url_meta":{"origin":79183,"position":3},"title":"Sarau Virtual Po\u00e9tico Musical  homenageia Vin\u00edcius de Moraes","author":"Sergio Diniz da Costa","date":"3 de julho de 2020","format":false,"excerpt":"Baseado na vida e obra de Vin\u00edcius de Moraes, encontro virtual\u00a0convida o p\u00fablico a conhecer a obra do poeta e m\u00fasico que\u00a0 ousou viver sob o signo da paix\u00e3o A cantora, pesquisadora e regente Dani Mattos\u00a0 acompanhada do seu grupo vocal Poucas & Boas realiza no pr\u00f3ximo dia 8 de\u2026","rel":"","context":"Em &quot;Comunica\u00e7\u00e3o&quot;","block_context":{"text":"Comunica\u00e7\u00e3o","link":"http:\/\/jornalrol.com.br\/?cat=7"},"img":{"alt_text":"","src":"https:\/\/i0.wp.com\/www.jornalrol.com.br\/wp-content\/uploads\/2020\/07\/download-1.jpg?resize=350%2C200","width":350,"height":200},"classes":[]},{"id":48815,"url":"http:\/\/jornalrol.com.br\/?p=48815","url_meta":{"origin":79183,"position":4},"title":"O leitor participa: Cristina Siqueira: &#039;Poema sem nome&#039;","author":"Sergio Diniz da Costa","date":"26 de fevereiro de 2022","format":false,"excerpt":"Poema sem nome Espio pela fresta Da janela sem horizonte E mesmo que a escancare Por ela n\u00e3o verei Onde os fatos tramam espanto Onde se perdeu o encanto da poesia Vejo a \u00e1rvore da minha rua Que est\u00e1 ali todos os dias Agora espera o outono Para desfolhar-se Cumprindo\u2026","rel":"","context":"Em &quot;Comunica\u00e7\u00e3o&quot;","block_context":{"text":"Comunica\u00e7\u00e3o","link":"http:\/\/jornalrol.com.br\/?cat=7"},"img":{"alt_text":"","src":"https:\/\/i0.wp.com\/jornalrol.com.br\/wp-content\/uploads\/2022\/02\/34d12261-7a38-4944-ac77-d1dd3a830b8a-300x300.jpg?resize=350%2C200","width":350,"height":200},"classes":[]},{"id":74184,"url":"http:\/\/jornalrol.com.br\/?p=74184","url_meta":{"origin":79183,"position":5},"title":"Dia Mundial do Chocolate","author":"Denise Canova","date":"8 de julho de 2025","format":false,"excerpt":"Dia mundial do chocolate, Rem\u00e9dio gostoso. Chocolate. Amo. Cura as dores. Meu companheiro. Dama da Poesia","rel":"","context":"Em &quot;Literatura&quot;","block_context":{"text":"Literatura","link":"http:\/\/jornalrol.com.br\/?cat=9285"},"img":{"alt_text":"","src":"https:\/\/i0.wp.com\/jornalrol.com.br\/wp-content\/uploads\/2025\/07\/OIG2-1.jpg?resize=350%2C200","width":350,"height":200,"srcset":"https:\/\/i0.wp.com\/jornalrol.com.br\/wp-content\/uploads\/2025\/07\/OIG2-1.jpg?resize=350%2C200 1x, https:\/\/i0.wp.com\/jornalrol.com.br\/wp-content\/uploads\/2025\/07\/OIG2-1.jpg?resize=525%2C300 1.5x, https:\/\/i0.wp.com\/jornalrol.com.br\/wp-content\/uploads\/2025\/07\/OIG2-1.jpg?resize=700%2C400 2x"},"classes":[]}],"_links":{"self":[{"href":"http:\/\/jornalrol.com.br\/index.php?rest_route=\/wp\/v2\/posts\/79183","targetHints":{"allow":["GET"]}}],"collection":[{"href":"http:\/\/jornalrol.com.br\/index.php?rest_route=\/wp\/v2\/posts"}],"about":[{"href":"http:\/\/jornalrol.com.br\/index.php?rest_route=\/wp\/v2\/types\/post"}],"author":[{"embeddable":true,"href":"http:\/\/jornalrol.com.br\/index.php?rest_route=\/wp\/v2\/users\/6"}],"replies":[{"embeddable":true,"href":"http:\/\/jornalrol.com.br\/index.php?rest_route=%2Fwp%2Fv2%2Fcomments&post=79183"}],"version-history":[{"count":6,"href":"http:\/\/jornalrol.com.br\/index.php?rest_route=\/wp\/v2\/posts\/79183\/revisions"}],"predecessor-version":[{"id":79191,"href":"http:\/\/jornalrol.com.br\/index.php?rest_route=\/wp\/v2\/posts\/79183\/revisions\/79191"}],"wp:featuredmedia":[{"embeddable":true,"href":"http:\/\/jornalrol.com.br\/index.php?rest_route=\/wp\/v2\/media\/79184"}],"wp:attachment":[{"href":"http:\/\/jornalrol.com.br\/index.php?rest_route=%2Fwp%2Fv2%2Fmedia&parent=79183"}],"wp:term":[{"taxonomy":"category","embeddable":true,"href":"http:\/\/jornalrol.com.br\/index.php?rest_route=%2Fwp%2Fv2%2Fcategories&post=79183"},{"taxonomy":"post_tag","embeddable":true,"href":"http:\/\/jornalrol.com.br\/index.php?rest_route=%2Fwp%2Fv2%2Ftags&post=79183"}],"curies":[{"name":"wp","href":"https:\/\/api.w.org\/{rel}","templated":true}]}}