{"id":79268,"date":"2026-03-17T11:36:27","date_gmt":"2026-03-17T14:36:27","guid":{"rendered":"https:\/\/jornalrol.com.br\/?p=79268"},"modified":"2026-03-17T11:37:09","modified_gmt":"2026-03-17T14:37:09","slug":"sensacao-de-impotencia","status":"publish","type":"post","link":"http:\/\/jornalrol.com.br\/?p=79268","title":{"rendered":"Sensa\u00e7\u00e3o de impot\u00eancia"},"content":{"rendered":"<div class=\"pdfprnt-buttons pdfprnt-buttons-post pdfprnt-top-right\"><a href=\"http:\/\/jornalrol.com.br\/index.php?rest_route=%2Fwp%2Fv2%2Fposts%2F79268&print=pdf\" class=\"pdfprnt-button pdfprnt-button-pdf\" target=\"_blank\" ><\/a><a href=\"http:\/\/jornalrol.com.br\/index.php?rest_route=%2Fwp%2Fv2%2Fposts%2F79268&print=print\" class=\"pdfprnt-button pdfprnt-button-print\" target=\"_blank\" ><img decoding=\"async\" src=\"https:\/\/jornalrol.com.br\/wp-content\/plugins\/pdf-print\/images\/print.png\" alt=\"image_print\" title=\"Conte\u00fado de impress\u00e3o\" \/><\/a><\/div>\n<h2 class=\"wp-block-heading has-text-align-center\">Jos\u00e9 Antonio Torres: Cr\u00f4nica &#8216;Sensa\u00e7\u00e3o de impot\u00eancia&#8217; <br><br><\/h2>\n\n\n<div class=\"wp-block-image\">\n<figure class=\"aligncenter size-full is-resized\"><img loading=\"lazy\" decoding=\"async\" width=\"1080\" height=\"1306\" data-attachment-id=\"75635\" data-permalink=\"http:\/\/jornalrol.com.br\/?attachment_id=75635\" data-orig-file=\"http:\/\/jornalrol.com.br\/wp-content\/uploads\/2025\/09\/ccae34d0-7631-434d-b6b4-38dd9970ce56.jpeg\" data-orig-size=\"1080,1306\" data-comments-opened=\"1\" data-image-meta=\"{&quot;aperture&quot;:&quot;0&quot;,&quot;credit&quot;:&quot;&quot;,&quot;camera&quot;:&quot;&quot;,&quot;caption&quot;:&quot;&quot;,&quot;created_timestamp&quot;:&quot;0&quot;,&quot;copyright&quot;:&quot;&quot;,&quot;focal_length&quot;:&quot;0&quot;,&quot;iso&quot;:&quot;0&quot;,&quot;shutter_speed&quot;:&quot;0&quot;,&quot;title&quot;:&quot;&quot;,&quot;orientation&quot;:&quot;0&quot;}\" data-image-title=\"ccae34d0-7631-434d-b6b4-38dd9970ce56\" data-image-description=\"&lt;p&gt;Jos\u00e9 Antonio Torres&lt;\/p&gt;\n\" data-image-caption=\"&lt;p&gt;Jos\u00e9 Antonio Torres&lt;\/p&gt;\n\" data-large-file=\"http:\/\/jornalrol.com.br\/wp-content\/uploads\/2025\/09\/ccae34d0-7631-434d-b6b4-38dd9970ce56.jpeg\" src=\"http:\/\/jornalrol.com.br\/wp-content\/uploads\/2025\/09\/ccae34d0-7631-434d-b6b4-38dd9970ce56.jpeg\" alt=\"Jos\u00e9 Antonio Torres\" class=\"wp-image-75635\" style=\"aspect-ratio:0.8269624205879186;width:146px;height:auto\" srcset=\"http:\/\/jornalrol.com.br\/wp-content\/uploads\/2025\/09\/ccae34d0-7631-434d-b6b4-38dd9970ce56.jpeg 1080w, http:\/\/jornalrol.com.br\/wp-content\/uploads\/2025\/09\/ccae34d0-7631-434d-b6b4-38dd9970ce56-992x1200.jpeg 992w, http:\/\/jornalrol.com.br\/wp-content\/uploads\/2025\/09\/ccae34d0-7631-434d-b6b4-38dd9970ce56-768x929.jpeg 768w\" sizes=\"auto, (max-width: 1080px) 100vw, 1080px\" \/><figcaption class=\"wp-element-caption\">Jos\u00e9 Antonio Torres<\/figcaption><\/figure>\n<\/div>\n\n<div class=\"wp-block-image\">\n<figure class=\"aligncenter size-full is-resized\"><img loading=\"lazy\" decoding=\"async\" width=\"270\" height=\"270\" data-attachment-id=\"79267\" data-permalink=\"http:\/\/jornalrol.com.br\/?attachment_id=79267\" data-orig-file=\"http:\/\/jornalrol.com.br\/wp-content\/uploads\/2026\/03\/Em-um-instante.jpeg\" data-orig-size=\"270,270\" data-comments-opened=\"1\" data-image-meta=\"{&quot;aperture&quot;:&quot;0&quot;,&quot;credit&quot;:&quot;&quot;,&quot;camera&quot;:&quot;&quot;,&quot;caption&quot;:&quot;&quot;,&quot;created_timestamp&quot;:&quot;0&quot;,&quot;copyright&quot;:&quot;&quot;,&quot;focal_length&quot;:&quot;0&quot;,&quot;iso&quot;:&quot;0&quot;,&quot;shutter_speed&quot;:&quot;0&quot;,&quot;title&quot;:&quot;&quot;,&quot;orientation&quot;:&quot;0&quot;}\" data-image-title=\"Em um instante&amp;#8230;\" data-image-description=\"\" data-image-caption=\"\" data-large-file=\"http:\/\/jornalrol.com.br\/wp-content\/uploads\/2026\/03\/Em-um-instante.jpeg\" src=\"http:\/\/jornalrol.com.br\/wp-content\/uploads\/2026\/03\/Em-um-instante.jpeg\" alt=\"Imagem criada por IA do bing.com\/create, em 16 de mar\u00e7o de 2026.\" class=\"wp-image-79267\" style=\"width:418px;height:auto\"\/><figcaption class=\"wp-element-caption\"><em>Imagem criada por IA do bing.com\/create, em 16 de mar\u00e7o de 2026.<\/em><\/figcaption><\/figure>\n<\/div>\n\n\n<p class=\"has-drop-cap has-text-align-left\">Caminhando pela praia, sentindo a areia fina como a sutileza do amor. A sensa\u00e7\u00e3o de que algo desliza e se esvai impressiona pela percep\u00e7\u00e3o de impot\u00eancia. A mesma de quando te perdi. T\u00e3o perto, tang\u00edvel e, ao mesmo tempo, se esvaindo, te perdendo.<br><br>Dor e ang\u00fastia por assistir ao teu sofrimento e nada poder fazer para minor\u00e1-lo. Tudo fazendo, como um ator, representando para n\u00e3o demonstrar a minha dor e n\u00e3o te preocupar. Sim, eu sabia. Mesmo voc\u00ea sofrendo e partindo um pouco a cada dia, ainda se preocupava para que eu ficasse bem. <\/p>\n\n\n\n<p class=\"has-text-align-left\">Assistir \u00e0 vida se esvaindo de algu\u00e9m sem poder cont\u00ea-la \u00e9 um sofrimento atroz. N\u00e3o temos como reter a vida em um corpo quando \u00e9 chegada a hora. Como um vaso que se quebra e perde o seu conte\u00fado, assim a vida se esvai quando o corpo est\u00e1 consumido e alquebrado pela terr\u00edvel doen\u00e7a.<br><br>N\u00e3o sofre apenas quem sente as dores f\u00edsicas, a fraqueza e as limita\u00e7\u00f5es do corpo, mas tamb\u00e9m os que convivem com o ser amado e que, em pouco tempo, n\u00e3o o ter\u00e3o mais em seus bra\u00e7os&#8230;<br><br>Conscientemente sabemos que \u00e9 inevit\u00e1vel, mas, ainda assim, a percep\u00e7\u00e3o da perda definitiva machuca, consome e dilacera nossa alma. <strong>N\u00e3o mais a presen\u00e7a, a voz, o riso, o abra\u00e7o, o beijo&#8230;. nada!<\/strong><br>Tudo em um \u00fanico instante ficou no passado e na lembran\u00e7a.<br><br>Uns partem em tenra idade, outros jovens, outros ainda, maduros e outros mais, idosos. S\u00e3o ciclos mais ou menos longos que serviram para cumprir uma etapa que havia ficado pendente.<br><br>O tempo vai passando, a dor se acalmando e a compreens\u00e3o se faz. As lembran\u00e7as dos momentos de alegria vividos juntos se sobrep\u00f5em aos momentos ruins. O entendimento de que o ser amado partiu para a verdadeira morada, livre do sofrimento terreno e onde vai se recuperar para alcan\u00e7ar novas conquistas, nos conforta.<br><br>A mensagem que fica \u00e9 a de que precisamos amar, valorizar e desfrutar de cada momento junto de quem se ama. Agindo assim, n\u00e3o haver\u00e1 espa\u00e7o para culpas e arrependimentos, que s\u00e3o fardos extremamente pesados para se carregar ao longo da vida.<\/p>\n\n\n\n<h3 class=\"wp-block-heading has-text-align-center\">Jos\u00e9 Antonio Torres<\/h3>\n\n\n\n<div class=\"wp-block-columns is-layout-flex wp-container-core-columns-is-layout-9d6595d7 wp-block-columns-is-layout-flex\">\n<div class=\"wp-block-column is-layout-flow wp-block-column-is-layout-flow\">\n<h3 class=\"wp-block-heading has-text-align-center has-electric-grass-gradient-background has-background\"><a href=\"https:\/\/www.facebook.com\/jose.antonio.torres.92380\" title=\"Facebook\">Facebook<\/a><\/h3>\n\n\n\n<p><a href=\"https:\/\/jornalrol.com.br\/\" title=\"Voltar\">Voltar<\/a><\/p>\n\n\n\n<p><a href=\"https:\/\/www.facebook.com\/JCulturalrol\/\" title=\"Facebook\">Facebook<\/a><\/p>\n<\/div>\n\n\n\n<div class=\"wp-block-column is-layout-flow wp-block-column-is-layout-flow\">\n<h3 class=\"wp-block-heading has-electric-grass-gradient-background has-background\"><a href=\"https:\/\/www.instagram.com\/comendador_jose_antonio_torres\" title=\"Instagram\">Instagram<\/a><\/h3>\n\n\n\n<p><\/p>\n<\/div>\n<\/div>\n\n\n\n<h2 class=\"wp-block-heading has-text-align-center\"><\/h2>\n\n\n\n<p class=\"has-text-align-center\"><\/p>\n\n\n\n<h2 class=\"wp-block-heading\"><\/h2>\n","protected":false},"excerpt":{"rendered":"<p>Caminhando pela praia, sentindo a areia fina como a sutileza do amor. A sensa\u00e7\u00e3o de que algo desliza e se esvai impressiona pela percep\u00e7\u00e3o de impot\u00eancia<\/p>\n","protected":false},"author":104,"featured_media":79267,"comment_status":"open","ping_status":"closed","sticky":false,"template":"","format":"standard","meta":{"_jetpack_newsletter_access":"","_jetpack_dont_email_post_to_subs":false,"_jetpack_newsletter_tier_id":0,"_jetpack_memberships_contains_paywalled_content":false,"_jetpack_memberships_contains_paid_content":false,"footnotes":""},"categories":[9392,9285],"tags":[16429,16430,6960,14642,16428,16431,16427],"class_list":["post-79268","post","type-post","status-publish","format-standard","has-post-thumbnail","hentry","category-cronicas","category-literatura","tag-areia-fina","tag-dor-e-angustia","tag-praia","tag-preocupacao","tag-sensacao-de-impotencia","tag-sofrimento-atroz","tag-sutileza-do-amor"],"aioseo_notices":[],"views":465,"jetpack_featured_media_url":"http:\/\/jornalrol.com.br\/wp-content\/uploads\/2026\/03\/Em-um-instante.jpeg","jetpack_sharing_enabled":true,"jetpack_likes_enabled":true,"jetpack-related-posts":[{"id":67155,"url":"http:\/\/jornalrol.com.br\/?p=67155","url_meta":{"origin":79268,"position":0},"title":"A presa","author":"Jose Antonio Torres","date":"4 de junho de 2024","format":false,"excerpt":"Me sinto observado\u2026 Uma sensa\u00e7\u00e3o inquietante e indefin\u00edvel se abate sobre mim\u2026 Fa\u00e7o uma varredura do ambiente com o olhar\u2026 A sensa\u00e7\u00e3o est\u00e1 cada vez mais\u2026","rel":"","context":"Em &quot;Literatura&quot;","block_context":{"text":"Literatura","link":"http:\/\/jornalrol.com.br\/?cat=9285"},"img":{"alt_text":"Seus l\u00e1bios colam-se aos meus...","src":"https:\/\/i0.wp.com\/jornalrol.com.br\/wp-content\/uploads\/2024\/06\/OIG3-1.jpeg?resize=350%2C200","width":350,"height":200,"srcset":"https:\/\/i0.wp.com\/jornalrol.com.br\/wp-content\/uploads\/2024\/06\/OIG3-1.jpeg?resize=350%2C200 1x, https:\/\/i0.wp.com\/jornalrol.com.br\/wp-content\/uploads\/2024\/06\/OIG3-1.jpeg?resize=525%2C300 1.5x, https:\/\/i0.wp.com\/jornalrol.com.br\/wp-content\/uploads\/2024\/06\/OIG3-1.jpeg?resize=700%2C400 2x"},"classes":[]},{"id":69511,"url":"http:\/\/jornalrol.com.br\/?p=69511","url_meta":{"origin":79268,"position":1},"title":"Palavras sufocadas","author":"Jose Antonio Torres","date":"20 de setembro de 2024","format":false,"excerpt":"Quantas vezes o peito parece sufocar a mente confusa em profundo torvelinho; A ang\u00fastia tomar conta da alma; nada fazer sentido; sensa\u00e7\u00e3o de afastamento de...","rel":"","context":"Em &quot;Literatura&quot;","block_context":{"text":"Literatura","link":"http:\/\/jornalrol.com.br\/?cat=9285"},"img":{"alt_text":"\"\u00c9 imperioso quebrar essa corrente que nos oprime\"","src":"https:\/\/i0.wp.com\/jornalrol.com.br\/wp-content\/uploads\/2024\/09\/OIG2-3-1.jpeg?resize=350%2C200","width":350,"height":200,"srcset":"https:\/\/i0.wp.com\/jornalrol.com.br\/wp-content\/uploads\/2024\/09\/OIG2-3-1.jpeg?resize=350%2C200 1x, https:\/\/i0.wp.com\/jornalrol.com.br\/wp-content\/uploads\/2024\/09\/OIG2-3-1.jpeg?resize=525%2C300 1.5x, https:\/\/i0.wp.com\/jornalrol.com.br\/wp-content\/uploads\/2024\/09\/OIG2-3-1.jpeg?resize=700%2C400 2x"},"classes":[]},{"id":72554,"url":"http:\/\/jornalrol.com.br\/?p=72554","url_meta":{"origin":79268,"position":2},"title":"Sentimento","author":"Jose Antonio Torres","date":"24 de mar\u00e7o de 2025","format":false,"excerpt":"O sentimento n\u00e3o se explica, sente-se. Quanto mais nos doamos, mais o sentimos. \u00c9 uma sensa\u00e7\u00e3o de intensa felicidade, inigual\u00e1vel sob todos os aspectos.","rel":"","context":"Em &quot;Literatura&quot;","block_context":{"text":"Literatura","link":"http:\/\/jornalrol.com.br\/?cat=9285"},"img":{"alt_text":"Imagem criada por IA do Bing - 24 de mar\u00e7o de 2025, \u00e0s 07:42 PM","src":"https:\/\/i0.wp.com\/jornalrol.com.br\/wp-content\/uploads\/2025\/03\/OIG2-2.jpg?resize=350%2C200","width":350,"height":200,"srcset":"https:\/\/i0.wp.com\/jornalrol.com.br\/wp-content\/uploads\/2025\/03\/OIG2-2.jpg?resize=350%2C200 1x, https:\/\/i0.wp.com\/jornalrol.com.br\/wp-content\/uploads\/2025\/03\/OIG2-2.jpg?resize=525%2C300 1.5x, https:\/\/i0.wp.com\/jornalrol.com.br\/wp-content\/uploads\/2025\/03\/OIG2-2.jpg?resize=700%2C400 2x"},"classes":[]},{"id":77681,"url":"http:\/\/jornalrol.com.br\/?p=77681","url_meta":{"origin":79268,"position":3},"title":"Para onde?","author":"Jose Antonio Torres","date":"6 de janeiro de 2026","format":false,"excerpt":"Jos\u00e9 Antonio Torres: Poema 'Para onde?' Jos\u00e9 Antonio Torres Imagem criada pela IA da Meta - 6 de janeiro de 2026, \u00e0s 8:24 PM Ou\u00e7o sussurrarem meu nome\u2026Intrigado, indago: Quem \u00e9s?O que ou a quem procuras?Por que sussurras o meu nome?N\u00e3o te conhe\u00e7o!Sinto o teu perfume adocicado e suave.N\u00e3o te\u2026","rel":"","context":"Em &quot;Literatura&quot;","block_context":{"text":"Literatura","link":"http:\/\/jornalrol.com.br\/?cat=9285"},"img":{"alt_text":"Imagem criada pela IA da Meta - 6 de janeiro de 2026, \u00e0s 8:24 PM","src":"https:\/\/i0.wp.com\/jornalrol.com.br\/wp-content\/uploads\/2026\/01\/0fae6292-357a-4d8b-a125-9f4fe28455a5.jpg?resize=350%2C200","width":350,"height":200,"srcset":"https:\/\/i0.wp.com\/jornalrol.com.br\/wp-content\/uploads\/2026\/01\/0fae6292-357a-4d8b-a125-9f4fe28455a5.jpg?resize=350%2C200 1x, https:\/\/i0.wp.com\/jornalrol.com.br\/wp-content\/uploads\/2026\/01\/0fae6292-357a-4d8b-a125-9f4fe28455a5.jpg?resize=525%2C300 1.5x, https:\/\/i0.wp.com\/jornalrol.com.br\/wp-content\/uploads\/2026\/01\/0fae6292-357a-4d8b-a125-9f4fe28455a5.jpg?resize=700%2C400 2x"},"classes":[]},{"id":70396,"url":"http:\/\/jornalrol.com.br\/?p=70396","url_meta":{"origin":79268,"position":4},"title":"Voc\u00ea","author":"Jose Antonio Torres","date":"29 de outubro de 2024","format":false,"excerpt":"Sempre fui um otimista\u2026 Nos momentos cr\u00edticos, mantive a calma; afinal, o desespero s\u00f3 atrapalha o racioc\u00ednio e as decis\u00f5es a tomar; apreciava a paisagem e...","rel":"","context":"Em &quot;Literatura&quot;","block_context":{"text":"Literatura","link":"http:\/\/jornalrol.com.br\/?cat=9285"},"img":{"alt_text":"\"Apreciava a paisagem e as belezas naturais com admira\u00e7\u00e3o...\" Imagem gerada com IA do Bing - 28 de outubro de 2024, \u00e0s 4:17 PM","src":"https:\/\/i0.wp.com\/jornalrol.com.br\/wp-content\/uploads\/2024\/10\/ac12cabe-57e1-4dba-a9b0-013b6ec5c7a1.jpeg?resize=350%2C200","width":350,"height":200,"srcset":"https:\/\/i0.wp.com\/jornalrol.com.br\/wp-content\/uploads\/2024\/10\/ac12cabe-57e1-4dba-a9b0-013b6ec5c7a1.jpeg?resize=350%2C200 1x, https:\/\/i0.wp.com\/jornalrol.com.br\/wp-content\/uploads\/2024\/10\/ac12cabe-57e1-4dba-a9b0-013b6ec5c7a1.jpeg?resize=525%2C300 1.5x, https:\/\/i0.wp.com\/jornalrol.com.br\/wp-content\/uploads\/2024\/10\/ac12cabe-57e1-4dba-a9b0-013b6ec5c7a1.jpeg?resize=700%2C400 2x"},"classes":[]},{"id":72362,"url":"http:\/\/jornalrol.com.br\/?p=72362","url_meta":{"origin":79268,"position":5},"title":"N\u00f3 na garganta","author":"Jose Antonio Torres","date":"10 de mar\u00e7o de 2025","format":false,"excerpt":"Quantas vezes pensamos em explodir e nos contemos. Detesto conflitos. Eles s\u00f3 pioram a situa\u00e7\u00e3o que os causou. Quem nunca sofreu uma injusti\u00e7a ou maledic\u00eancia?","rel":"","context":"Em &quot;Literatura&quot;","block_context":{"text":"Literatura","link":"http:\/\/jornalrol.com.br\/?cat=9285"},"img":{"alt_text":"Imagem criada por IA do Bing - 10 de mar\u00e7o de 2025, \u00e0s 09:00 PM","src":"https:\/\/i0.wp.com\/jornalrol.com.br\/wp-content\/uploads\/2025\/03\/OIG1.jpg?resize=350%2C200","width":350,"height":200,"srcset":"https:\/\/i0.wp.com\/jornalrol.com.br\/wp-content\/uploads\/2025\/03\/OIG1.jpg?resize=350%2C200 1x, https:\/\/i0.wp.com\/jornalrol.com.br\/wp-content\/uploads\/2025\/03\/OIG1.jpg?resize=525%2C300 1.5x, https:\/\/i0.wp.com\/jornalrol.com.br\/wp-content\/uploads\/2025\/03\/OIG1.jpg?resize=700%2C400 2x"},"classes":[]}],"_links":{"self":[{"href":"http:\/\/jornalrol.com.br\/index.php?rest_route=\/wp\/v2\/posts\/79268","targetHints":{"allow":["GET"]}}],"collection":[{"href":"http:\/\/jornalrol.com.br\/index.php?rest_route=\/wp\/v2\/posts"}],"about":[{"href":"http:\/\/jornalrol.com.br\/index.php?rest_route=\/wp\/v2\/types\/post"}],"author":[{"embeddable":true,"href":"http:\/\/jornalrol.com.br\/index.php?rest_route=\/wp\/v2\/users\/104"}],"replies":[{"embeddable":true,"href":"http:\/\/jornalrol.com.br\/index.php?rest_route=%2Fwp%2Fv2%2Fcomments&post=79268"}],"version-history":[{"count":5,"href":"http:\/\/jornalrol.com.br\/index.php?rest_route=\/wp\/v2\/posts\/79268\/revisions"}],"predecessor-version":[{"id":79307,"href":"http:\/\/jornalrol.com.br\/index.php?rest_route=\/wp\/v2\/posts\/79268\/revisions\/79307"}],"wp:featuredmedia":[{"embeddable":true,"href":"http:\/\/jornalrol.com.br\/index.php?rest_route=\/wp\/v2\/media\/79267"}],"wp:attachment":[{"href":"http:\/\/jornalrol.com.br\/index.php?rest_route=%2Fwp%2Fv2%2Fmedia&parent=79268"}],"wp:term":[{"taxonomy":"category","embeddable":true,"href":"http:\/\/jornalrol.com.br\/index.php?rest_route=%2Fwp%2Fv2%2Fcategories&post=79268"},{"taxonomy":"post_tag","embeddable":true,"href":"http:\/\/jornalrol.com.br\/index.php?rest_route=%2Fwp%2Fv2%2Ftags&post=79268"}],"curies":[{"name":"wp","href":"https:\/\/api.w.org\/{rel}","templated":true}]}}