{"id":79273,"date":"2026-03-18T13:37:06","date_gmt":"2026-03-18T16:37:06","guid":{"rendered":"https:\/\/jornalrol.com.br\/?p=79273"},"modified":"2026-03-18T13:39:18","modified_gmt":"2026-03-18T16:39:18","slug":"chassi-de-grilo","status":"publish","type":"post","link":"http:\/\/jornalrol.com.br\/?p=79273","title":{"rendered":"Chassi de grilo"},"content":{"rendered":"<div class=\"pdfprnt-buttons pdfprnt-buttons-post pdfprnt-top-right\"><a href=\"http:\/\/jornalrol.com.br\/index.php?rest_route=%2Fwp%2Fv2%2Fposts%2F79273&print=pdf\" class=\"pdfprnt-button pdfprnt-button-pdf\" target=\"_blank\" ><\/a><a href=\"http:\/\/jornalrol.com.br\/index.php?rest_route=%2Fwp%2Fv2%2Fposts%2F79273&print=print\" class=\"pdfprnt-button pdfprnt-button-print\" target=\"_blank\" ><img decoding=\"async\" src=\"https:\/\/jornalrol.com.br\/wp-content\/plugins\/pdf-print\/images\/print.png\" alt=\"image_print\" title=\"Conte\u00fado de impress\u00e3o\" \/><\/a><\/div>\n<h2 class=\"wp-block-heading has-text-align-center\">Eduardo Cesario-Mart\u00ednez: Conto &#8216;Chassi de grilo&#8217;<br><br><\/h2>\n\n\n<div class=\"wp-block-image\">\n<figure class=\"aligncenter size-full is-resized\"><img loading=\"lazy\" decoding=\"async\" width=\"1441\" height=\"2560\" data-attachment-id=\"77180\" data-permalink=\"http:\/\/jornalrol.com.br\/?attachment_id=77180\" data-orig-file=\"http:\/\/jornalrol.com.br\/wp-content\/uploads\/2025\/12\/7EB822FD-90B1-44D4-A567-7E7490FD3E6E-1-2-scaled-1.jpg\" data-orig-size=\"1441,2560\" data-comments-opened=\"1\" data-image-meta=\"{&quot;aperture&quot;:&quot;0&quot;,&quot;credit&quot;:&quot;&quot;,&quot;camera&quot;:&quot;&quot;,&quot;caption&quot;:&quot;&quot;,&quot;created_timestamp&quot;:&quot;0&quot;,&quot;copyright&quot;:&quot;&quot;,&quot;focal_length&quot;:&quot;0&quot;,&quot;iso&quot;:&quot;0&quot;,&quot;shutter_speed&quot;:&quot;0&quot;,&quot;title&quot;:&quot;&quot;,&quot;orientation&quot;:&quot;0&quot;}\" data-image-title=\"7EB822FD-90B1-44D4-A567-7E7490FD3E6E-1-2-scaled\" data-image-description=\"&lt;p&gt;Eduardo Mart\u00ednez &amp;#8211; Foto por Irene Oliveira&lt;\/p&gt;\n\" data-image-caption=\"&lt;p&gt;Eduardo Mart\u00ednez &amp;#8211; Foto por Irene Oliveira&lt;\/p&gt;\n\" data-large-file=\"http:\/\/jornalrol.com.br\/wp-content\/uploads\/2025\/12\/7EB822FD-90B1-44D4-A567-7E7490FD3E6E-1-2-scaled-1.jpg\" src=\"http:\/\/jornalrol.com.br\/wp-content\/uploads\/2025\/12\/7EB822FD-90B1-44D4-A567-7E7490FD3E6E-1-2-scaled-1.jpg\" alt=\"Eduardo Cesario-Mart\u00ednez. Foto por Irene Oliveira\" class=\"wp-image-77180\" style=\"aspect-ratio:0.562896571943124;width:174px;height:auto\" srcset=\"http:\/\/jornalrol.com.br\/wp-content\/uploads\/2025\/12\/7EB822FD-90B1-44D4-A567-7E7490FD3E6E-1-2-scaled-1.jpg 1441w, http:\/\/jornalrol.com.br\/wp-content\/uploads\/2025\/12\/7EB822FD-90B1-44D4-A567-7E7490FD3E6E-1-2-scaled-1-675x1200.jpg 675w, http:\/\/jornalrol.com.br\/wp-content\/uploads\/2025\/12\/7EB822FD-90B1-44D4-A567-7E7490FD3E6E-1-2-scaled-1-768x1364.jpg 768w, http:\/\/jornalrol.com.br\/wp-content\/uploads\/2025\/12\/7EB822FD-90B1-44D4-A567-7E7490FD3E6E-1-2-scaled-1-865x1536.jpg 865w, http:\/\/jornalrol.com.br\/wp-content\/uploads\/2025\/12\/7EB822FD-90B1-44D4-A567-7E7490FD3E6E-1-2-scaled-1-1153x2048.jpg 1153w\" sizes=\"auto, (max-width: 1441px) 100vw, 1441px\" \/><figcaption class=\"wp-element-caption\"><em>Eduardo Cesario-Mart\u00ednez &#8211; Foto por Irene Oliveira<\/em><\/figcaption><\/figure>\n<\/div>\n\n\n<p class=\"has-text-align-center\"><\/p>\n\n\n\n<figure class=\"wp-block-image size-full\"><img loading=\"lazy\" decoding=\"async\" width=\"965\" height=\"559\" data-attachment-id=\"79231\" data-permalink=\"http:\/\/jornalrol.com.br\/?attachment_id=79231\" data-orig-file=\"http:\/\/jornalrol.com.br\/wp-content\/uploads\/2026\/03\/WhatsApp-Image-2026-03-12-at-11.38.08-1.jpeg\" data-orig-size=\"965,559\" data-comments-opened=\"1\" data-image-meta=\"{&quot;aperture&quot;:&quot;0&quot;,&quot;credit&quot;:&quot;&quot;,&quot;camera&quot;:&quot;&quot;,&quot;caption&quot;:&quot;&quot;,&quot;created_timestamp&quot;:&quot;0&quot;,&quot;copyright&quot;:&quot;&quot;,&quot;focal_length&quot;:&quot;0&quot;,&quot;iso&quot;:&quot;0&quot;,&quot;shutter_speed&quot;:&quot;0&quot;,&quot;title&quot;:&quot;&quot;,&quot;orientation&quot;:&quot;0&quot;}\" data-image-title=\"WhatsApp Image 2026-03-12 at 11.38.08 (1)\" data-image-description=\"\" data-image-caption=\"\" data-large-file=\"http:\/\/jornalrol.com.br\/wp-content\/uploads\/2026\/03\/WhatsApp-Image-2026-03-12-at-11.38.08-1.jpeg\" src=\"http:\/\/jornalrol.com.br\/wp-content\/uploads\/2026\/03\/WhatsApp-Image-2026-03-12-at-11.38.08-1.jpeg\" alt=\"Imagem criada pela IA do Gemini\" class=\"wp-image-79231\" srcset=\"http:\/\/jornalrol.com.br\/wp-content\/uploads\/2026\/03\/WhatsApp-Image-2026-03-12-at-11.38.08-1.jpeg 965w, http:\/\/jornalrol.com.br\/wp-content\/uploads\/2026\/03\/WhatsApp-Image-2026-03-12-at-11.38.08-1-768x445.jpeg 768w\" sizes=\"auto, (max-width: 965px) 100vw, 965px\" \/><figcaption class=\"wp-element-caption\">I<em>magem criada pela IA do Gemini<\/em><\/figcaption><\/figure>\n\n\n\n<p class=\"has-drop-cap\">           Nasceu Oswaldo Agripino das Chagas, abaixo de dois quilos, parto dif\u00edcil, peito praticamente sem leite, desacreditado pela parteira, nenhum choro, apenas um quase inaud\u00edvel silvo, que cismava sair dos pulm\u00f5es ligeiramente sem vida. Sobreviveu \u00e0 custa de muitas rezas da benzedeira do povoado. Do nome pomposo, passou toda a inf\u00e2ncia apenas acompanhado das chagas, que ora quase o desacreditaram, ora o castigavam naquele mais um eterno dia de sofrimento perene.&nbsp;<\/p>\n\n\n\n<p>Aos 12, parecia que mal chegara aos 6, tamanha a falta de carnes naqueles ossos t\u00e3o fr\u00e1geis. Da\u00ed surgiu o primeiro apelido, que ficou:&nbsp;Chassi de Grilo. At\u00e9 a m\u00e3e, de tanto ouvir o povo chamar seu rebento assim, acabou por se acostumar e, sem qualquer cerim\u00f4nia, arrebatava o menino da cama logo cedo para ajud\u00e1-la nos afazeres: &#8220;Chassi, vem me ajudar a cuidar das galinhas&#8221;.&nbsp;Oswaldo caiu no esquecimento, at\u00e9 que chegou a \u00e9poca de se alistar.&nbsp;<\/p>\n\n\n\n<p>&nbsp; &nbsp; &nbsp;&nbsp;&nbsp;&nbsp;&nbsp;&nbsp;&nbsp; L\u00e1 estava aquele rapaz, mais mirrado que todos, no meio de tantos outros. Um a um eram chamados pelo nome, at\u00e9 que o sargento, prancheta na m\u00e3o, gritou:<\/p>\n\n\n\n<p>&nbsp; &nbsp; &nbsp;&nbsp;&nbsp;&nbsp;&nbsp;&nbsp;&nbsp; \u2014 Oswaldo Agripino das Chagas!<\/p>\n\n\n\n<p>&nbsp; &nbsp; &nbsp;&nbsp;&nbsp;&nbsp;&nbsp;&nbsp;&nbsp; Ningu\u00e9m moveu uma palha, o que fez com que o militar voltasse a gritar, agora mais alto.<\/p>\n\n\n\n<p>&nbsp; &nbsp; &nbsp;&nbsp;&nbsp;&nbsp;&nbsp;&nbsp;&nbsp; \u2014 Oswaldo Agripino das Chagas!!!<\/p>\n\n\n\n<p>&nbsp; &nbsp; &nbsp;&nbsp;&nbsp;&nbsp;&nbsp;&nbsp;&nbsp; Nada! At\u00e9 que o Juvenildo, vizinho do Chassi de Grilo, deu uma cutucada nele e falou baixinho.<\/p>\n\n\n\n<p>&nbsp; &nbsp; &nbsp;&nbsp;&nbsp;&nbsp;&nbsp;&nbsp;&nbsp; \u2014 Chassi, o homem t\u00e1 te chamando.<\/p>\n\n\n\n<p>&nbsp; &nbsp; &nbsp;&nbsp;&nbsp;&nbsp;&nbsp;&nbsp;&nbsp; Chassi de Grilo, como se acordado de um sono profundo, acabou se lembrando do pr\u00f3prio nome e, finalmente, levantou o bra\u00e7o esquerdo que, de t\u00e3o fino, parecia mais um galho seco. Ao perceber aquele que era apenas pele e osso, o sargento olhou com desd\u00e9m e,&nbsp;com a boca retorcida de puro sarcasmo, disse:<\/p>\n\n\n\n<p>&nbsp; &nbsp; &nbsp;&nbsp;&nbsp;&nbsp;&nbsp;&nbsp;&nbsp; \u2014 Voc\u00ea \u00e9 t\u00e3o ruim, que n\u00e3o serve nem pra descascar batata!<\/p>\n\n\n\n<p>&nbsp; &nbsp;&nbsp;&nbsp;&nbsp;&nbsp;&nbsp;&nbsp;&nbsp;&nbsp; Dispensado de servir a p\u00e1tria, l\u00e1 foi o Chassi de Grilo voltar para o lar. Cabisbaixo, n\u00e3o sabia se aquilo era bom ou ruim. Todavia, aquelas palavras do homem de farda o incomodaram por um per\u00edodo. Ele repetiu para si pr\u00f3prio, talvez em voz alta, que sabia descascar batata, sim. Sabia at\u00e9 descascar cana, macaxeira, o que viesse.&nbsp;<\/p>\n\n\n\n<p>&nbsp; &nbsp;&nbsp;&nbsp;&nbsp;&nbsp;&nbsp;&nbsp;&nbsp;&nbsp; O tempo passou, a vida do Chassi n\u00e3o mudou muito, a n\u00e3o ser pelo fato da sofrida m\u00e3e, cora\u00e7\u00e3o maior que o pr\u00f3prio peito, ter morrido de chagas. Nem teve tempo de chorar, tamanha a secura da ro\u00e7a. Aos 25 foi tentar a vida na cidade. De bico em bico, acabou sobrevivendo dos restos jogados no lixo.&nbsp;<\/p>\n\n\n\n<p>&nbsp; &nbsp;&nbsp;&nbsp;&nbsp;&nbsp;&nbsp;&nbsp;&nbsp;&nbsp; Chassi de Grilo teve que aprender a vencer a ligeireza dos ratos para n\u00e3o passar fome. \u00c0s vezes chegava a entrar em vias de fato com um mais atrevido ou, em comum acordo, dividia um naco de p\u00e3o com os companheiros de esgoto. E foi justamente num desses banquetes no beco que aconteceu algo que, definitivamente, transformou a vida daquele homem que mal chegara a um metro e meio.&nbsp;<\/p>\n\n\n\n<p>&nbsp; &nbsp; &nbsp;&nbsp;&nbsp;&nbsp;&nbsp;&nbsp;&nbsp; Tr\u00eas homens entraram nos dom\u00ednios do Chassi de Grilo, que, antes de ser percebido, se embrenhou atr\u00e1s do enorme container de lixo. O maior deles parecia ser for\u00e7ado a seguir na frente, enquanto os outros dois, olhando para todos lados, sussurravam algo praticamente inaud\u00edvel aos ouvidos do assustado Chassi. O grand\u00e3o foi empurrado de encontro ao enorme muro e, ent\u00e3o, o Chassi pode notar um rev\u00f3lver prateado nas m\u00e3os de um dos outros homens.&nbsp;<\/p>\n\n\n\n<p>&nbsp; &nbsp; &nbsp;&nbsp;&nbsp;&nbsp;&nbsp;&nbsp;&nbsp; \u2014 Vai morrer, desgra\u00e7ado!&nbsp;<\/p>\n\n\n\n<p>&nbsp; &nbsp;&nbsp;&nbsp;&nbsp;&nbsp;&nbsp;&nbsp;&nbsp;&nbsp; Sem tempo para raciocinar, Chassi de Grilo, com um peda\u00e7o de pau na m\u00e3o, acertou a cabe\u00e7a do homem armado. O outro foi dominado pelo grand\u00e3o, que lhe desferiu um forte murro nas fu\u00e7as. Tombou j\u00e1 desacordado, a cabe\u00e7a explodiu no duro asfalto. O sangue escorreu, o corpo j\u00e1 sem vida.&nbsp;<\/p>\n\n\n\n<p>&nbsp; &nbsp; &nbsp;&nbsp;&nbsp;&nbsp;&nbsp;&nbsp;&nbsp; O grand\u00e3o tomou o peda\u00e7o de pau das m\u00e3os do Chassi e, em seguida, desferiu v\u00e1rios golpes na cabe\u00e7a dos dois homens. Encarou os olhos enegrecidos da franzina criatura diante de si e teve \u00e2nsia de fazer o mesmo com ele. Todavia, talvez por gratid\u00e3o, puxou-o pelo bra\u00e7o e disse.<\/p>\n\n\n\n<p>&nbsp; &nbsp; &nbsp;&nbsp;&nbsp;&nbsp;&nbsp;&nbsp;&nbsp; \u2014 Vamos sair logo daqui.<\/p>\n\n\n\n<p>&nbsp; &nbsp; &nbsp;&nbsp;&nbsp;&nbsp;&nbsp;&nbsp;&nbsp; O grand\u00e3o se chamava Ant\u00f4nio Carneiro, filho de dona Ant\u00f4nia, pai n\u00e3o declarado, mas que todos sabiam ser o pastor Ezequiel, que passou por aquelas bandas h\u00e1 pouco mais de 30 anos. Ant\u00f4nio Carneiro era nome de registro, todos o conheciam por Tamandu\u00e1. O motivo? Bem, n\u00e3o se sabe se essa hist\u00f3ria era verdadeira ou n\u00e3o, mas se falava que era por conta de uma disputa \u00e0 m\u00e3o nos tempos de adolesc\u00eancia, quando ele teria esmagado o t\u00f3rax de um homem feito apenas com a press\u00e3o dos bra\u00e7os. Seja verdade ou n\u00e3o, Tamandu\u00e1 era o cabe\u00e7a da bandidagem daquela regi\u00e3o.<\/p>\n\n\n\n<p>&nbsp; &nbsp; &nbsp;&nbsp;&nbsp;&nbsp;&nbsp;&nbsp;&nbsp; Chassi de Grilo, de mero protegido, subiu rapidamente na hierarquia. Agora era o bra\u00e7o direito do Tamandu\u00e1, que a tudo lhe confiava. Isso, ali\u00e1s, trouxe autoestima para o mirrado, agora cultivando at\u00e9 um fino bigode debaixo da fu\u00e7a. Rev\u00f3lver na virilha, mandava e desmandava, j\u00e1 que Tamandu\u00e1 n\u00e3o queria se preocupar com esses pequenos aborrecimentos.&nbsp;<\/p>\n\n\n\n<p>&nbsp; &nbsp; &nbsp;&nbsp;&nbsp;&nbsp;&nbsp;&nbsp;&nbsp; Depois de quase dez anos, Tamandu\u00e1 viu a organiza\u00e7\u00e3o crescer de maneira vertiginosa. At\u00e9 o juiz do local sabia quem mandava e desmandava, a pol\u00edcia n\u00e3o se atrevia a enfrentar o chefe mor do crime. Todos o tinham na mais alta conta, seja por respeito, seja por puro medo. Por isso, n\u00e3o era raro algu\u00e9m ir lhe pedir um favor. E foi justamente num desses dias que aconteceu algo que encheu o cora\u00e7\u00e3o do Chassi de Grilo de regozijo.&nbsp;<\/p>\n\n\n\n<p>&nbsp; &nbsp; &nbsp;&nbsp;&nbsp;&nbsp;&nbsp;&nbsp;&nbsp; Aquele mesmo sargento, que havia humilhado o bra\u00e7o direito do Tamandu\u00e1, foi at\u00e9 o escrit\u00f3rio do crime pedir um favor. Agora reformado, o homem foi reclamar que sua filha adolescente havia sido molestada por um vizinho. Tamandu\u00e1 n\u00e3o quis saber dessa conversa e logo falou para o Chassi de Grilo resolver aquela pendenga. E, assim que viu aquele homem suplicando por ajuda, Chassi o observou minuciosamente.&nbsp;<\/p>\n\n\n\n<p>&nbsp; &nbsp; &nbsp;&nbsp;&nbsp;&nbsp;&nbsp;&nbsp;&nbsp; \u2014 Pode ficar tranquilo, vou dar um jeito nesse homem que fez mal pra sua filha.<\/p>\n\n\n\n<p>&nbsp; &nbsp; &nbsp;&nbsp;&nbsp;&nbsp;&nbsp;&nbsp;&nbsp; \u2014 Muito obrigado, senhor! N\u00e3o sei nem como agradecer o senhor.<\/p>\n\n\n\n<p>&nbsp; &nbsp; &nbsp;&nbsp;&nbsp;&nbsp;&nbsp;&nbsp;&nbsp; \u2014 Pois eu sei como.<\/p>\n\n\n\n<p>&nbsp; &nbsp; &nbsp;&nbsp;&nbsp;&nbsp;&nbsp;&nbsp;&nbsp; O homem arregalou os olhos e, passivamente, apenas aguardou que o Chassi de Grilo lhe falasse o que ele deveria fazer. O bra\u00e7o direito do Tamandu\u00e1, por sua vez, dedilhou suavemente a ponta do fino bigode e, com um sorriso de vingan\u00e7a, disse.<\/p>\n\n\n\n<p class=\"has-text-align-left\">&nbsp; &nbsp; &nbsp;&nbsp;&nbsp;&nbsp;&nbsp;&nbsp;&nbsp; \u2014 T\u00e1 vendo aquelas batatas ali no canto? Quero elas bem descascadinhas. Hoje t\u00f4 com vontade de comer umas fritas.<\/p>\n\n\n\n<h3 class=\"wp-block-heading has-text-align-center\">Eduardo Cesario-Mart\u00ednez<\/h3>\n\n\n\n<div class=\"wp-block-columns is-layout-flex wp-container-core-columns-is-layout-9d6595d7 wp-block-columns-is-layout-flex\">\n<div class=\"wp-block-column is-layout-flow wp-block-column-is-layout-flow\">\n<h3 class=\"wp-block-heading has-text-align-center has-electric-grass-gradient-background has-background\"><a href=\"https:\/\/www.instagram.com\/escritoreduardomartinez\/\" target=\"_blank\" rel=\"noopener\" title=\"Instagram\">Instagram<\/a><\/h3>\n<\/div>\n\n\n\n<div class=\"wp-block-column is-layout-flow wp-block-column-is-layout-flow\">\n<h3 class=\"wp-block-heading has-text-align-center has-electric-grass-gradient-background has-background\"><a href=\"https:\/\/www.facebook.com\/eduardo.martinez.100302?locale=pt_BR\" title=\"Facebook\">Facebook<\/a><\/h3>\n<\/div>\n<\/div>\n\n\n\n<p><a href=\"https:\/\/jornalrol.com.br\/\" title=\"&nbsp; &nbsp; Voltar&nbsp;&nbsp;&nbsp;\">&nbsp; &nbsp; Voltar&nbsp;&nbsp;&nbsp;<\/a>&nbsp;<\/p>\n\n\n\n<p><a href=\"https:\/\/www.facebook.com\/JCulturalrol\/\" title=\"Facebook&nbsp;&nbsp;&nbsp;\">Facebook&nbsp;&nbsp;&nbsp;<\/a> <\/p>\n","protected":false},"excerpt":{"rendered":"<p>Nasceu Oswaldo Agripino das Chagas, abaixo de dois quilos, parto dif\u00edcil, peito praticamente sem leite, desacreditado pela parteira, nenhum choro, apenas um&#8230; <\/p>\n","protected":false},"author":130,"featured_media":79339,"comment_status":"open","ping_status":"closed","sticky":false,"template":"","format":"standard","meta":{"_jetpack_newsletter_access":"","_jetpack_dont_email_post_to_subs":false,"_jetpack_newsletter_tier_id":0,"_jetpack_memberships_contains_paywalled_content":false,"_jetpack_memberships_contains_paid_content":false,"footnotes":""},"categories":[9607,9285],"tags":[16447,16446],"class_list":["post-79273","post","type-post","status-publish","format-standard","has-post-thumbnail","hentry","category-contos","category-literatura","tag-apelido","tag-grilo"],"aioseo_notices":[],"views":361,"jetpack_featured_media_url":"http:\/\/jornalrol.com.br\/wp-content\/uploads\/2026\/03\/WhatsApp-Image-2026-03-12-at-11.38.08.jpeg","jetpack_sharing_enabled":true,"jetpack_likes_enabled":true,"jetpack-related-posts":[{"id":79539,"url":"http:\/\/jornalrol.com.br\/?p=79539","url_meta":{"origin":79273,"position":0},"title":"Caio Fernando Abreu e o Van Gogh da minha mulher","author":"Eduardo Mart\u00ednez","date":"25 de mar\u00e7o de 2026","format":false,"excerpt":"Eis que estava aqui no aconchego da sala admirando a r\u00e9plica quase original de 'Os L\u00edrios', famoso quadro de Van Gogh, quando a minha esposa, a Dona Irene...","rel":"","context":"Em &quot;Cr\u00f4nicas&quot;","block_context":{"text":"Cr\u00f4nicas","link":"http:\/\/jornalrol.com.br\/?cat=9392"},"img":{"alt_text":"Eduardo Cesario-Mart\u00ednez. Foto por Irene Oliveira","src":"https:\/\/i0.wp.com\/jornalrol.com.br\/wp-content\/uploads\/2025\/12\/7EB822FD-90B1-44D4-A567-7E7490FD3E6E-1-2-scaled-1.jpg?resize=350%2C200","width":350,"height":200,"srcset":"https:\/\/i0.wp.com\/jornalrol.com.br\/wp-content\/uploads\/2025\/12\/7EB822FD-90B1-44D4-A567-7E7490FD3E6E-1-2-scaled-1.jpg?resize=350%2C200 1x, https:\/\/i0.wp.com\/jornalrol.com.br\/wp-content\/uploads\/2025\/12\/7EB822FD-90B1-44D4-A567-7E7490FD3E6E-1-2-scaled-1.jpg?resize=525%2C300 1.5x, https:\/\/i0.wp.com\/jornalrol.com.br\/wp-content\/uploads\/2025\/12\/7EB822FD-90B1-44D4-A567-7E7490FD3E6E-1-2-scaled-1.jpg?resize=700%2C400 2x, https:\/\/i0.wp.com\/jornalrol.com.br\/wp-content\/uploads\/2025\/12\/7EB822FD-90B1-44D4-A567-7E7490FD3E6E-1-2-scaled-1.jpg?resize=1050%2C600 3x, https:\/\/i0.wp.com\/jornalrol.com.br\/wp-content\/uploads\/2025\/12\/7EB822FD-90B1-44D4-A567-7E7490FD3E6E-1-2-scaled-1.jpg?resize=1400%2C800 4x"},"classes":[]},{"id":77844,"url":"http:\/\/jornalrol.com.br\/?p=77844","url_meta":{"origin":79273,"position":1},"title":"II Pr\u00eamio Personalidades Liter\u00e1rias e Culturais 2025","author":"Sergio Diniz da Costa","date":"14 de janeiro de 2026","format":false,"excerpt":"O escritor e colunista carioca Eduardo Mart\u00ednez foi anunciado como um dos vencedores do II Pr\u00eamio Personalidades Liter\u00e1rias e Culturais 2025. A premia\u00e7\u00e3o...","rel":"","context":"Em &quot;Literatura&quot;","block_context":{"text":"Literatura","link":"http:\/\/jornalrol.com.br\/?cat=9285"},"img":{"alt_text":"II Pr\u00eamio Personalidades Liter\u00e1rias e Culturais 2025","src":"https:\/\/i0.wp.com\/jornalrol.com.br\/wp-content\/uploads\/2026\/01\/5f7a8a19-7f53-4b7f-b4a3-735eaaa93751.jpg?resize=350%2C200","width":350,"height":200,"srcset":"https:\/\/i0.wp.com\/jornalrol.com.br\/wp-content\/uploads\/2026\/01\/5f7a8a19-7f53-4b7f-b4a3-735eaaa93751.jpg?resize=350%2C200 1x, https:\/\/i0.wp.com\/jornalrol.com.br\/wp-content\/uploads\/2026\/01\/5f7a8a19-7f53-4b7f-b4a3-735eaaa93751.jpg?resize=525%2C300 1.5x, https:\/\/i0.wp.com\/jornalrol.com.br\/wp-content\/uploads\/2026\/01\/5f7a8a19-7f53-4b7f-b4a3-735eaaa93751.jpg?resize=700%2C400 2x"},"classes":[]},{"id":77179,"url":"http:\/\/jornalrol.com.br\/?p=77179","url_meta":{"origin":79273,"position":2},"title":"No Quadro do Jornal ROL, Eduardo Cesario-Mart\u00ednez!","author":"Sergio Diniz da Costa","date":"8 de dezembro de 2025","format":false,"excerpt":"Eduardo Mart\u00ednez, \u201ccom um sorriso permanente nos l\u00e1bios\u201d, \u00e9 um premiado escritor carioca, atualmente radicado em Porto alegre, cidade pela qual \u00e9 apaixonado","rel":"","context":"Em &quot;Apresenta\u00e7\u00e3o de colunista&quot;","block_context":{"text":"Apresenta\u00e7\u00e3o de colunista","link":"http:\/\/jornalrol.com.br\/?cat=10981"},"img":{"alt_text":"Eduardo Cesario-Mart\u00ednez. Foto por Irene Oliveira","src":"https:\/\/i0.wp.com\/jornalrol.com.br\/wp-content\/uploads\/2025\/12\/7EB822FD-90B1-44D4-A567-7E7490FD3E6E-1-2-scaled-1.jpg?resize=350%2C200","width":350,"height":200,"srcset":"https:\/\/i0.wp.com\/jornalrol.com.br\/wp-content\/uploads\/2025\/12\/7EB822FD-90B1-44D4-A567-7E7490FD3E6E-1-2-scaled-1.jpg?resize=350%2C200 1x, https:\/\/i0.wp.com\/jornalrol.com.br\/wp-content\/uploads\/2025\/12\/7EB822FD-90B1-44D4-A567-7E7490FD3E6E-1-2-scaled-1.jpg?resize=525%2C300 1.5x, https:\/\/i0.wp.com\/jornalrol.com.br\/wp-content\/uploads\/2025\/12\/7EB822FD-90B1-44D4-A567-7E7490FD3E6E-1-2-scaled-1.jpg?resize=700%2C400 2x, https:\/\/i0.wp.com\/jornalrol.com.br\/wp-content\/uploads\/2025\/12\/7EB822FD-90B1-44D4-A567-7E7490FD3E6E-1-2-scaled-1.jpg?resize=1050%2C600 3x, https:\/\/i0.wp.com\/jornalrol.com.br\/wp-content\/uploads\/2025\/12\/7EB822FD-90B1-44D4-A567-7E7490FD3E6E-1-2-scaled-1.jpg?resize=1400%2C800 4x"},"classes":[]},{"id":79905,"url":"http:\/\/jornalrol.com.br\/?p=79905","url_meta":{"origin":79273,"position":3},"title":"Almerinda, a empregada dom\u00e9stica","author":"Eduardo Mart\u00ednez","date":"7 de abril de 2026","format":false,"excerpt":"Eduardo Cesario-Mart\u00ednez Conto 'Almerinda, a empregada dom\u00e9stica' Eduardo Cesario-Mart\u00ednez Foto por Irene Oliveira Imagem gerada pela IA do Gemini Almerinda foi enxotada da cama pela pr\u00f3pria culpa por dormir demais naquele dia. N\u00e3o que fossem tantas horas de sono, pois mal havia chegado do trabalho na noite anterior, ap\u00f3s mais\u2026","rel":"","context":"Em &quot;Contos&quot;","block_context":{"text":"Contos","link":"http:\/\/jornalrol.com.br\/?cat=9607"},"img":{"alt_text":"Imagem gerada pela IA do Gemini","src":"https:\/\/i0.wp.com\/jornalrol.com.br\/wp-content\/uploads\/2026\/04\/ed1bcce1-0925-48a0-8f72-5842d44170e7.jpg?resize=350%2C200","width":350,"height":200,"srcset":"https:\/\/i0.wp.com\/jornalrol.com.br\/wp-content\/uploads\/2026\/04\/ed1bcce1-0925-48a0-8f72-5842d44170e7.jpg?resize=350%2C200 1x, https:\/\/i0.wp.com\/jornalrol.com.br\/wp-content\/uploads\/2026\/04\/ed1bcce1-0925-48a0-8f72-5842d44170e7.jpg?resize=525%2C300 1.5x, https:\/\/i0.wp.com\/jornalrol.com.br\/wp-content\/uploads\/2026\/04\/ed1bcce1-0925-48a0-8f72-5842d44170e7.jpg?resize=700%2C400 2x, https:\/\/i0.wp.com\/jornalrol.com.br\/wp-content\/uploads\/2026\/04\/ed1bcce1-0925-48a0-8f72-5842d44170e7.jpg?resize=1050%2C600 3x"},"classes":[]},{"id":79662,"url":"http:\/\/jornalrol.com.br\/?p=79662","url_meta":{"origin":79273,"position":4},"title":"O velho e o devaneio","author":"Eduardo Mart\u00ednez","date":"30 de mar\u00e7o de 2026","format":false,"excerpt":"Acabei de voltar da rua. Fui comprar meio quilo de cebola, um de tomate, al\u00e9m de algumas batatas. Demorei mais do que de costume, mas Arlete, minha esposa...","rel":"","context":"Em &quot;Contos&quot;","block_context":{"text":"Contos","link":"http:\/\/jornalrol.com.br\/?cat=9607"},"img":{"alt_text":"Imagem gerada pelo ChatGPT - https:\/\/chatgpt.com\/c\/69ca692f-f6b0-83e9-a096-54d7d9bdf73a","src":"https:\/\/i0.wp.com\/jornalrol.com.br\/wp-content\/uploads\/2026\/03\/a3c97d1e-66cf-4d7a-a6e9-9c2538d68ca4-1.jpg?resize=350%2C200","width":350,"height":200,"srcset":"https:\/\/i0.wp.com\/jornalrol.com.br\/wp-content\/uploads\/2026\/03\/a3c97d1e-66cf-4d7a-a6e9-9c2538d68ca4-1.jpg?resize=350%2C200 1x, https:\/\/i0.wp.com\/jornalrol.com.br\/wp-content\/uploads\/2026\/03\/a3c97d1e-66cf-4d7a-a6e9-9c2538d68ca4-1.jpg?resize=525%2C300 1.5x, https:\/\/i0.wp.com\/jornalrol.com.br\/wp-content\/uploads\/2026\/03\/a3c97d1e-66cf-4d7a-a6e9-9c2538d68ca4-1.jpg?resize=700%2C400 2x"},"classes":[]},{"id":78316,"url":"http:\/\/jornalrol.com.br\/?p=78316","url_meta":{"origin":79273,"position":5},"title":"Tertuliano e as bergamotas","author":"Eduardo Mart\u00ednez","date":"7 de fevereiro de 2026","format":false,"excerpt":"Tertuliano tinha compuls\u00e3o por tangerina, que conhecia por bergamota, mas preferia chamar de berga. De tantas que devorava, a m\u00e3e profetizou: \"Daqui a pouco...","rel":"","context":"Em &quot;Contos&quot;","block_context":{"text":"Contos","link":"http:\/\/jornalrol.com.br\/?cat=9607"},"img":{"alt_text":"Imagem criada por IA da Gemini - 07 de fevereiro de 2026, `s 1:38 AM","src":"https:\/\/i0.wp.com\/jornalrol.com.br\/wp-content\/uploads\/2026\/02\/IMG_0963.jpg?resize=350%2C200","width":350,"height":200,"srcset":"https:\/\/i0.wp.com\/jornalrol.com.br\/wp-content\/uploads\/2026\/02\/IMG_0963.jpg?resize=350%2C200 1x, https:\/\/i0.wp.com\/jornalrol.com.br\/wp-content\/uploads\/2026\/02\/IMG_0963.jpg?resize=525%2C300 1.5x, https:\/\/i0.wp.com\/jornalrol.com.br\/wp-content\/uploads\/2026\/02\/IMG_0963.jpg?resize=700%2C400 2x"},"classes":[]}],"_links":{"self":[{"href":"http:\/\/jornalrol.com.br\/index.php?rest_route=\/wp\/v2\/posts\/79273","targetHints":{"allow":["GET"]}}],"collection":[{"href":"http:\/\/jornalrol.com.br\/index.php?rest_route=\/wp\/v2\/posts"}],"about":[{"href":"http:\/\/jornalrol.com.br\/index.php?rest_route=\/wp\/v2\/types\/post"}],"author":[{"embeddable":true,"href":"http:\/\/jornalrol.com.br\/index.php?rest_route=\/wp\/v2\/users\/130"}],"replies":[{"embeddable":true,"href":"http:\/\/jornalrol.com.br\/index.php?rest_route=%2Fwp%2Fv2%2Fcomments&post=79273"}],"version-history":[{"count":3,"href":"http:\/\/jornalrol.com.br\/index.php?rest_route=\/wp\/v2\/posts\/79273\/revisions"}],"predecessor-version":[{"id":79340,"href":"http:\/\/jornalrol.com.br\/index.php?rest_route=\/wp\/v2\/posts\/79273\/revisions\/79340"}],"wp:featuredmedia":[{"embeddable":true,"href":"http:\/\/jornalrol.com.br\/index.php?rest_route=\/wp\/v2\/media\/79339"}],"wp:attachment":[{"href":"http:\/\/jornalrol.com.br\/index.php?rest_route=%2Fwp%2Fv2%2Fmedia&parent=79273"}],"wp:term":[{"taxonomy":"category","embeddable":true,"href":"http:\/\/jornalrol.com.br\/index.php?rest_route=%2Fwp%2Fv2%2Fcategories&post=79273"},{"taxonomy":"post_tag","embeddable":true,"href":"http:\/\/jornalrol.com.br\/index.php?rest_route=%2Fwp%2Fv2%2Ftags&post=79273"}],"curies":[{"name":"wp","href":"https:\/\/api.w.org\/{rel}","templated":true}]}}